{"id":42297,"date":"2024-09-19T11:00:00","date_gmt":"2024-09-19T10:00:00","guid":{"rendered":"https:\/\/algarve7.pt\/?p=42297"},"modified":"2024-09-18T20:15:09","modified_gmt":"2024-09-18T19:15:09","slug":"documentario-n2-a-estrada-que-nos-une-conquista-6-galardoes-internacionais","status":"publish","type":"post","link":"https:\/\/algarve7.pt\/index.php\/2024\/09\/documentario-n2-a-estrada-que-nos-une-conquista-6-galardoes-internacionais\/cultura\/11\/00\/","title":{"rendered":"Document\u00e1rio \u201cN2: A Estrada Que Nos Une\u201d conquista 6 galard\u00f5es Internacionais"},"content":{"rendered":"\n<p><strong>Foram seis os pr\u00e9mios conquistados pelo document\u00e1rio \u201cN2: A Estrada Que Nos Une\u201d, que tem como personagem principal a mais longa via de Portugal&nbsp; e da Europa. Os pr\u00e9mios foram atribu\u00eddos durante a 3\u00aa edi\u00e7\u00e3o do Finisterra Brasil Film Art &amp; Tourism Festival 2024, que decorreu no inicio deste m\u00eas, em Porto Seguro, no Brasil.<\/strong><\/p>\n\n\n\n<p>O Festival contou com a participa\u00e7\u00e3o de 97 filmes, oriundos de 20 pa\u00edses, que se candidataram aos 50 trof\u00e9us distribu\u00eddos por 20 categorias. O document\u00e1rio portugu\u00eas, realizado por Fernando Centeio e produzido pela Zulfilmes, arrecadou um total de 6 galard\u00f5es, nomeadamente: o 1\u00ba lugar nas categorias \u201cMontain\u201d, \u201cTravel\u201d, \u201cPlaces in History\u201d e \u201cHuman Life\u201d; o 2\u00ba lugar na categoria \u201cTouristic Cities\u201d e o 3\u00ba lugar na categoria \u201cDestination.<\/p>\n\n\n\n<p>A Estrada Nacional 2, em torno da qual nasceu o grande projeto intermunicipal Rota da EN2 \u00e9 o elemento que serve de fio condutor de toda a narrativa, viajando pelo passado, presente e futuro desta rodovia cheia de hist\u00f3ria e memorias com gente dentro, que leva o espetador por serras e plan\u00edcies, rios e espelhos de \u00e1gua, lugarejos&nbsp;perdidos e cidades ricas em patrim\u00f3nio, numa jornada que atravessa o pa\u00eds por uma das mais antigas estradas de Portugal em busca das gentes e dos saberes ancestrais.<\/p>\n\n\n\n<p>A &nbsp;<strong>Casa Mem\u00f3ria da EN 2<\/strong>, em S\u00e3o Br\u00e1s de Alportel, foi um dos locais visitados no decorrer deste document\u00e1rio. Localizada junto ao Largo de S\u00e3o Sebasti\u00e3o, justamente no cruzamento entre maior estrada do pa\u00eds e a maior estrada da regi\u00e3o \u2013 Estrada Nacional 2 e Estrada Regional 270, a antiga Casa de Cantoneiros \u2013 8.\u00aa Sec\u00e7\u00e3o de Conserva\u00e7\u00e3o das estradas do distrito de Faro, a Casa de Sec\u00e7\u00e3o, ap\u00f3s obras de requalifica\u00e7\u00e3o realizadas pelo Munic\u00edpio de S\u00e3o Br\u00e1s de Alportel, \u00e9 hoje um espa\u00e7o museol\u00f3gico que recebe anualmente milhares de visitantes que aqui viajam pela Hist\u00f3ria desta Via e pelas suas mem\u00f3rias, prestando o justo tributo aos cantoneiros, Homens da Estrada.<\/p>\n\n\n\n<p>O document\u00e1rio \u201cN2: A Estrada Que Nos Une\u201d resultou de um projeto da Associa\u00e7\u00e3o de Munic\u00edpios da Rota da Estrada Nacional 2, apoiado pelo Turismo de Portugal, no \u00e2mbito da promo\u00e7\u00e3o dos territ\u00f3rios trespassados pela m\u00edtica estrada N2, e est\u00e1 dispon\u00edvel na RTP Play em <a href=\"https:\/\/www.rtp.pt\/play\/p13662\/n2-a-estrada-que-nos-une\" target=\"_blank\" rel=\"noreferrer noopener\">https:\/\/www.rtp.pt\/play\/p13662\/n2-a-estrada-que-nos-une<\/a>.<\/p>\n","protected":false},"excerpt":{"rendered":"<p>Foram seis os pr\u00e9mios conquistados pelo document\u00e1rio \u201cN2: A Estrada Que Nos Une\u201d, que tem como personagem principal a mais<\/p>\n","protected":false},"author":1,"featured_media":42298,"comment_status":"open","ping_status":"open","sticky":false,"template":"","format":"standard","meta":{"colormag_page_container_layout":"default_layout","colormag_page_sidebar_layout":"default_layout","_monsterinsights_skip_tracking":false,"_monsterinsights_sitenote_active":false,"_monsterinsights_sitenote_note":"","_monsterinsights_sitenote_category":0,"jetpack_post_was_ever_published":false,"_jetpack_newsletter_access":"","_jetpack_dont_email_post_to_subs":false,"_jetpack_newsletter_tier_id":0,"_jetpack_memberships_contains_paywalled_content":false,"_jetpack_memberships_contains_paid_content":false,"footnotes":"","jetpack_publicize_message":"","jetpack_publicize_feature_enabled":true,"jetpack_social_post_already_shared":false,"jetpack_social_options":{"image_generator_settings":{"template":"highway","default_image_id":0,"font":"","enabled":false},"version":2}},"categories":[14],"tags":[36,35,63],"class_list":["post-42297","post","type-post","status-publish","format-standard","has-post-thumbnail","hentry","category-cultura","tag-algarve","tag-cultura","tag-sao-bras-de-alportel"],"yoast_head":"<!-- This site is optimized with the Yoast SEO plugin v27.4 - https:\/\/yoast.com\/product\/yoast-seo-wordpress\/ -->\n<title>Document\u00e1rio \u201cN2: A Estrada Que Nos Une\u201d conquista 6 galard\u00f5es Internacionais - Algarve 7<\/title>\n<meta name=\"description\" content=\"Document\u00e1rio \u201cN2: A Estrada Que Nos Une\u201d conquista 6 galard\u00f5es Internacionais Cultura\" \/>\n<meta name=\"robots\" content=\"index, follow, max-snippet:-1, max-image-preview:large, max-video-preview:-1\" \/>\n<link rel=\"canonical\" href=\"https:\/\/algarve7.pt\/index.php\/2024\/09\/documentario-n2-a-estrada-que-nos-une-conquista-6-galardoes-internacionais\/cultura\/11\/00\/\" \/>\n<meta property=\"og:locale\" content=\"pt_PT\" \/>\n<meta property=\"og:type\" content=\"article\" \/>\n<meta property=\"og:title\" content=\"Document\u00e1rio \u201cN2: A Estrada Que Nos Une\u201d conquista 6 galard\u00f5es Internacionais - Algarve 7\" \/>\n<meta property=\"og:description\" content=\"Document\u00e1rio \u201cN2: A Estrada Que Nos Une\u201d conquista 6 galard\u00f5es Internacionais Cultura\" \/>\n<meta property=\"og:url\" content=\"https:\/\/algarve7.pt\/index.php\/2024\/09\/documentario-n2-a-estrada-que-nos-une-conquista-6-galardoes-internacionais\/cultura\/11\/00\/\" \/>\n<meta property=\"og:site_name\" content=\"Algarve 7\" \/>\n<meta property=\"article:publisher\" content=\"https:\/\/www.facebook.com\/algarve7\" \/>\n<meta property=\"article:author\" content=\"https:\/\/www.facebook.com\/algarve7\" \/>\n<meta property=\"article:published_time\" content=\"2024-09-19T10:00:00+00:00\" \/>\n<meta property=\"og:image\" content=\"https:\/\/algarve7.pt\/wp-content\/uploads\/2024\/09\/Finisterra.jpg\" \/>\n\t<meta property=\"og:image:width\" content=\"800\" \/>\n\t<meta property=\"og:image:height\" content=\"470\" \/>\n\t<meta property=\"og:image:type\" content=\"image\/jpeg\" \/>\n<meta name=\"author\" content=\"Algarve 7\" \/>\n<meta name=\"twitter:card\" content=\"summary_large_image\" \/>\n<meta name=\"twitter:creator\" content=\"@Algarvesete\" \/>\n<meta name=\"twitter:site\" content=\"@Algarvesete\" \/>\n<meta name=\"twitter:label1\" content=\"Escrito por\" \/>\n\t<meta name=\"twitter:data1\" content=\"Algarve 7\" \/>\n\t<meta name=\"twitter:label2\" content=\"Tempo estimado de leitura\" \/>\n\t<meta name=\"twitter:data2\" content=\"3 minutos\" \/>\n<script type=\"application\/ld+json\" class=\"yoast-schema-graph\">{\"@context\":\"https:\\\/\\\/schema.org\",\"@graph\":[{\"@type\":\"Article\",\"@id\":\"https:\\\/\\\/algarve7.pt\\\/index.php\\\/2024\\\/09\\\/documentario-n2-a-estrada-que-nos-une-conquista-6-galardoes-internacionais\\\/cultura\\\/11\\\/00\\\/#article\",\"isPartOf\":{\"@id\":\"https:\\\/\\\/algarve7.pt\\\/index.php\\\/2024\\\/09\\\/documentario-n2-a-estrada-que-nos-une-conquista-6-galardoes-internacionais\\\/cultura\\\/11\\\/00\\\/\"},\"author\":{\"name\":\"Algarve 7\",\"@id\":\"https:\\\/\\\/algarve7.pt\\\/#\\\/schema\\\/person\\\/23fa70681308e7b319a3204bcea45e0c\"},\"headline\":\"Document\u00e1rio \u201cN2: A Estrada Que Nos Une\u201d conquista 6 galard\u00f5es Internacionais\",\"datePublished\":\"2024-09-19T10:00:00+00:00\",\"mainEntityOfPage\":{\"@id\":\"https:\\\/\\\/algarve7.pt\\\/index.php\\\/2024\\\/09\\\/documentario-n2-a-estrada-que-nos-une-conquista-6-galardoes-internacionais\\\/cultura\\\/11\\\/00\\\/\"},\"wordCount\":413,\"commentCount\":0,\"publisher\":{\"@id\":\"https:\\\/\\\/algarve7.pt\\\/#organization\"},\"image\":{\"@id\":\"https:\\\/\\\/algarve7.pt\\\/index.php\\\/2024\\\/09\\\/documentario-n2-a-estrada-que-nos-une-conquista-6-galardoes-internacionais\\\/cultura\\\/11\\\/00\\\/#primaryimage\"},\"thumbnailUrl\":\"https:\\\/\\\/algarve7.pt\\\/wp-content\\\/uploads\\\/2024\\\/09\\\/Finisterra.jpg\",\"keywords\":[\"Algarve\",\"Cultura\",\"S\u00e3o Br\u00e1s de Alportel\"],\"articleSection\":[\"Cultura\"],\"inLanguage\":\"pt-PT\",\"potentialAction\":[{\"@type\":\"CommentAction\",\"name\":\"Comment\",\"target\":[\"https:\\\/\\\/algarve7.pt\\\/index.php\\\/2024\\\/09\\\/documentario-n2-a-estrada-que-nos-une-conquista-6-galardoes-internacionais\\\/cultura\\\/11\\\/00\\\/#respond\"]}]},{\"@type\":\"WebPage\",\"@id\":\"https:\\\/\\\/algarve7.pt\\\/index.php\\\/2024\\\/09\\\/documentario-n2-a-estrada-que-nos-une-conquista-6-galardoes-internacionais\\\/cultura\\\/11\\\/00\\\/\",\"url\":\"https:\\\/\\\/algarve7.pt\\\/index.php\\\/2024\\\/09\\\/documentario-n2-a-estrada-que-nos-une-conquista-6-galardoes-internacionais\\\/cultura\\\/11\\\/00\\\/\",\"name\":\"Document\u00e1rio \u201cN2: A Estrada Que Nos Une\u201d conquista 6 galard\u00f5es Internacionais - Algarve 7\",\"isPartOf\":{\"@id\":\"https:\\\/\\\/algarve7.pt\\\/#website\"},\"primaryImageOfPage\":{\"@id\":\"https:\\\/\\\/algarve7.pt\\\/index.php\\\/2024\\\/09\\\/documentario-n2-a-estrada-que-nos-une-conquista-6-galardoes-internacionais\\\/cultura\\\/11\\\/00\\\/#primaryimage\"},\"image\":{\"@id\":\"https:\\\/\\\/algarve7.pt\\\/index.php\\\/2024\\\/09\\\/documentario-n2-a-estrada-que-nos-une-conquista-6-galardoes-internacionais\\\/cultura\\\/11\\\/00\\\/#primaryimage\"},\"thumbnailUrl\":\"https:\\\/\\\/algarve7.pt\\\/wp-content\\\/uploads\\\/2024\\\/09\\\/Finisterra.jpg\",\"datePublished\":\"2024-09-19T10:00:00+00:00\",\"description\":\"Document\u00e1rio \u201cN2: A Estrada Que Nos Une\u201d conquista 6 galard\u00f5es Internacionais Cultura\",\"breadcrumb\":{\"@id\":\"https:\\\/\\\/algarve7.pt\\\/index.php\\\/2024\\\/09\\\/documentario-n2-a-estrada-que-nos-une-conquista-6-galardoes-internacionais\\\/cultura\\\/11\\\/00\\\/#breadcrumb\"},\"inLanguage\":\"pt-PT\",\"potentialAction\":[{\"@type\":\"ReadAction\",\"target\":[\"https:\\\/\\\/algarve7.pt\\\/index.php\\\/2024\\\/09\\\/documentario-n2-a-estrada-que-nos-une-conquista-6-galardoes-internacionais\\\/cultura\\\/11\\\/00\\\/\"]}]},{\"@type\":\"ImageObject\",\"inLanguage\":\"pt-PT\",\"@id\":\"https:\\\/\\\/algarve7.pt\\\/index.php\\\/2024\\\/09\\\/documentario-n2-a-estrada-que-nos-une-conquista-6-galardoes-internacionais\\\/cultura\\\/11\\\/00\\\/#primaryimage\",\"url\":\"https:\\\/\\\/algarve7.pt\\\/wp-content\\\/uploads\\\/2024\\\/09\\\/Finisterra.jpg\",\"contentUrl\":\"https:\\\/\\\/algarve7.pt\\\/wp-content\\\/uploads\\\/2024\\\/09\\\/Finisterra.jpg\",\"width\":800,\"height\":470},{\"@type\":\"BreadcrumbList\",\"@id\":\"https:\\\/\\\/algarve7.pt\\\/index.php\\\/2024\\\/09\\\/documentario-n2-a-estrada-que-nos-une-conquista-6-galardoes-internacionais\\\/cultura\\\/11\\\/00\\\/#breadcrumb\",\"itemListElement\":[{\"@type\":\"ListItem\",\"position\":1,\"name\":\"In\u00edcio\",\"item\":\"https:\\\/\\\/algarve7.pt\\\/\"},{\"@type\":\"ListItem\",\"position\":2,\"name\":\"Document\u00e1rio \u201cN2: A Estrada Que Nos Une\u201d conquista 6 galard\u00f5es Internacionais\"}]},{\"@type\":\"WebSite\",\"@id\":\"https:\\\/\\\/algarve7.pt\\\/#website\",\"url\":\"https:\\\/\\\/algarve7.pt\\\/\",\"name\":\"Algarve 7\",\"description\":\"Informa\u00e7\u00e3o sobre o Algarve\",\"publisher\":{\"@id\":\"https:\\\/\\\/algarve7.pt\\\/#organization\"},\"potentialAction\":[{\"@type\":\"SearchAction\",\"target\":{\"@type\":\"EntryPoint\",\"urlTemplate\":\"https:\\\/\\\/algarve7.pt\\\/?s={search_term_string}\"},\"query-input\":{\"@type\":\"PropertyValueSpecification\",\"valueRequired\":true,\"valueName\":\"search_term_string\"}}],\"inLanguage\":\"pt-PT\"},{\"@type\":\"Organization\",\"@id\":\"https:\\\/\\\/algarve7.pt\\\/#organization\",\"name\":\"Algarve 7\",\"url\":\"https:\\\/\\\/algarve7.pt\\\/\",\"logo\":{\"@type\":\"ImageObject\",\"inLanguage\":\"pt-PT\",\"@id\":\"https:\\\/\\\/algarve7.pt\\\/#\\\/schema\\\/logo\\\/image\\\/\",\"url\":\"https:\\\/\\\/algarve7.pt\\\/wp-content\\\/uploads\\\/2020\\\/10\\\/Logo-8.jpg\",\"contentUrl\":\"https:\\\/\\\/algarve7.pt\\\/wp-content\\\/uploads\\\/2020\\\/10\\\/Logo-8.jpg\",\"width\":1680,\"height\":1186,\"caption\":\"Algarve 7\"},\"image\":{\"@id\":\"https:\\\/\\\/algarve7.pt\\\/#\\\/schema\\\/logo\\\/image\\\/\"},\"sameAs\":[\"https:\\\/\\\/www.facebook.com\\\/algarve7\",\"https:\\\/\\\/x.com\\\/Algarvesete\",\"https:\\\/\\\/www.instagram.com\\\/jornalalgarve7\\\/\",\"https:\\\/\\\/www.linkedin.com\\\/company\\\/algarve7\",\"https:\\\/\\\/www.pinterest.pt\\\/geral0939\\\/_created\\\/\"]},{\"@type\":\"Person\",\"@id\":\"https:\\\/\\\/algarve7.pt\\\/#\\\/schema\\\/person\\\/23fa70681308e7b319a3204bcea45e0c\",\"name\":\"Algarve 7\",\"sameAs\":[\"https:\\\/\\\/algarve7.pt\",\"https:\\\/\\\/www.facebook.com\\\/algarve7\"],\"url\":\"https:\\\/\\\/algarve7.pt\\\/index.php\\\/author\\\/geralalgarve7-pt\\\/\"}]}<\/script>\n<!-- \/ Yoast SEO plugin. -->","yoast_head_json":{"title":"Document\u00e1rio \u201cN2: A Estrada Que Nos Une\u201d conquista 6 galard\u00f5es Internacionais - Algarve 7","description":"Document\u00e1rio \u201cN2: A Estrada Que Nos Une\u201d conquista 6 galard\u00f5es Internacionais Cultura","robots":{"index":"index","follow":"follow","max-snippet":"max-snippet:-1","max-image-preview":"max-image-preview:large","max-video-preview":"max-video-preview:-1"},"canonical":"https:\/\/algarve7.pt\/index.php\/2024\/09\/documentario-n2-a-estrada-que-nos-une-conquista-6-galardoes-internacionais\/cultura\/11\/00\/","og_locale":"pt_PT","og_type":"article","og_title":"Document\u00e1rio \u201cN2: A Estrada Que Nos Une\u201d conquista 6 galard\u00f5es Internacionais - Algarve 7","og_description":"Document\u00e1rio \u201cN2: A Estrada Que Nos Une\u201d conquista 6 galard\u00f5es Internacionais Cultura","og_url":"https:\/\/algarve7.pt\/index.php\/2024\/09\/documentario-n2-a-estrada-que-nos-une-conquista-6-galardoes-internacionais\/cultura\/11\/00\/","og_site_name":"Algarve 7","article_publisher":"https:\/\/www.facebook.com\/algarve7","article_author":"https:\/\/www.facebook.com\/algarve7","article_published_time":"2024-09-19T10:00:00+00:00","og_image":[{"width":800,"height":470,"url":"https:\/\/algarve7.pt\/wp-content\/uploads\/2024\/09\/Finisterra.jpg","type":"image\/jpeg"}],"author":"Algarve 7","twitter_card":"summary_large_image","twitter_creator":"@Algarvesete","twitter_site":"@Algarvesete","twitter_misc":{"Escrito por":"Algarve 7","Tempo estimado de leitura":"3 minutos"},"schema":{"@context":"https:\/\/schema.org","@graph":[{"@type":"Article","@id":"https:\/\/algarve7.pt\/index.php\/2024\/09\/documentario-n2-a-estrada-que-nos-une-conquista-6-galardoes-internacionais\/cultura\/11\/00\/#article","isPartOf":{"@id":"https:\/\/algarve7.pt\/index.php\/2024\/09\/documentario-n2-a-estrada-que-nos-une-conquista-6-galardoes-internacionais\/cultura\/11\/00\/"},"author":{"name":"Algarve 7","@id":"https:\/\/algarve7.pt\/#\/schema\/person\/23fa70681308e7b319a3204bcea45e0c"},"headline":"Document\u00e1rio \u201cN2: A Estrada Que Nos Une\u201d conquista 6 galard\u00f5es Internacionais","datePublished":"2024-09-19T10:00:00+00:00","mainEntityOfPage":{"@id":"https:\/\/algarve7.pt\/index.php\/2024\/09\/documentario-n2-a-estrada-que-nos-une-conquista-6-galardoes-internacionais\/cultura\/11\/00\/"},"wordCount":413,"commentCount":0,"publisher":{"@id":"https:\/\/algarve7.pt\/#organization"},"image":{"@id":"https:\/\/algarve7.pt\/index.php\/2024\/09\/documentario-n2-a-estrada-que-nos-une-conquista-6-galardoes-internacionais\/cultura\/11\/00\/#primaryimage"},"thumbnailUrl":"https:\/\/algarve7.pt\/wp-content\/uploads\/2024\/09\/Finisterra.jpg","keywords":["Algarve","Cultura","S\u00e3o Br\u00e1s de Alportel"],"articleSection":["Cultura"],"inLanguage":"pt-PT","potentialAction":[{"@type":"CommentAction","name":"Comment","target":["https:\/\/algarve7.pt\/index.php\/2024\/09\/documentario-n2-a-estrada-que-nos-une-conquista-6-galardoes-internacionais\/cultura\/11\/00\/#respond"]}]},{"@type":"WebPage","@id":"https:\/\/algarve7.pt\/index.php\/2024\/09\/documentario-n2-a-estrada-que-nos-une-conquista-6-galardoes-internacionais\/cultura\/11\/00\/","url":"https:\/\/algarve7.pt\/index.php\/2024\/09\/documentario-n2-a-estrada-que-nos-une-conquista-6-galardoes-internacionais\/cultura\/11\/00\/","name":"Document\u00e1rio \u201cN2: A Estrada Que Nos Une\u201d conquista 6 galard\u00f5es Internacionais - Algarve 7","isPartOf":{"@id":"https:\/\/algarve7.pt\/#website"},"primaryImageOfPage":{"@id":"https:\/\/algarve7.pt\/index.php\/2024\/09\/documentario-n2-a-estrada-que-nos-une-conquista-6-galardoes-internacionais\/cultura\/11\/00\/#primaryimage"},"image":{"@id":"https:\/\/algarve7.pt\/index.php\/2024\/09\/documentario-n2-a-estrada-que-nos-une-conquista-6-galardoes-internacionais\/cultura\/11\/00\/#primaryimage"},"thumbnailUrl":"https:\/\/algarve7.pt\/wp-content\/uploads\/2024\/09\/Finisterra.jpg","datePublished":"2024-09-19T10:00:00+00:00","description":"Document\u00e1rio \u201cN2: A Estrada Que Nos Une\u201d conquista 6 galard\u00f5es Internacionais Cultura","breadcrumb":{"@id":"https:\/\/algarve7.pt\/index.php\/2024\/09\/documentario-n2-a-estrada-que-nos-une-conquista-6-galardoes-internacionais\/cultura\/11\/00\/#breadcrumb"},"inLanguage":"pt-PT","potentialAction":[{"@type":"ReadAction","target":["https:\/\/algarve7.pt\/index.php\/2024\/09\/documentario-n2-a-estrada-que-nos-une-conquista-6-galardoes-internacionais\/cultura\/11\/00\/"]}]},{"@type":"ImageObject","inLanguage":"pt-PT","@id":"https:\/\/algarve7.pt\/index.php\/2024\/09\/documentario-n2-a-estrada-que-nos-une-conquista-6-galardoes-internacionais\/cultura\/11\/00\/#primaryimage","url":"https:\/\/algarve7.pt\/wp-content\/uploads\/2024\/09\/Finisterra.jpg","contentUrl":"https:\/\/algarve7.pt\/wp-content\/uploads\/2024\/09\/Finisterra.jpg","width":800,"height":470},{"@type":"BreadcrumbList","@id":"https:\/\/algarve7.pt\/index.php\/2024\/09\/documentario-n2-a-estrada-que-nos-une-conquista-6-galardoes-internacionais\/cultura\/11\/00\/#breadcrumb","itemListElement":[{"@type":"ListItem","position":1,"name":"In\u00edcio","item":"https:\/\/algarve7.pt\/"},{"@type":"ListItem","position":2,"name":"Document\u00e1rio \u201cN2: A Estrada Que Nos Une\u201d conquista 6 galard\u00f5es Internacionais"}]},{"@type":"WebSite","@id":"https:\/\/algarve7.pt\/#website","url":"https:\/\/algarve7.pt\/","name":"Algarve 7","description":"Informa\u00e7\u00e3o sobre o Algarve","publisher":{"@id":"https:\/\/algarve7.pt\/#organization"},"potentialAction":[{"@type":"SearchAction","target":{"@type":"EntryPoint","urlTemplate":"https:\/\/algarve7.pt\/?s={search_term_string}"},"query-input":{"@type":"PropertyValueSpecification","valueRequired":true,"valueName":"search_term_string"}}],"inLanguage":"pt-PT"},{"@type":"Organization","@id":"https:\/\/algarve7.pt\/#organization","name":"Algarve 7","url":"https:\/\/algarve7.pt\/","logo":{"@type":"ImageObject","inLanguage":"pt-PT","@id":"https:\/\/algarve7.pt\/#\/schema\/logo\/image\/","url":"https:\/\/algarve7.pt\/wp-content\/uploads\/2020\/10\/Logo-8.jpg","contentUrl":"https:\/\/algarve7.pt\/wp-content\/uploads\/2020\/10\/Logo-8.jpg","width":1680,"height":1186,"caption":"Algarve 7"},"image":{"@id":"https:\/\/algarve7.pt\/#\/schema\/logo\/image\/"},"sameAs":["https:\/\/www.facebook.com\/algarve7","https:\/\/x.com\/Algarvesete","https:\/\/www.instagram.com\/jornalalgarve7\/","https:\/\/www.linkedin.com\/company\/algarve7","https:\/\/www.pinterest.pt\/geral0939\/_created\/"]},{"@type":"Person","@id":"https:\/\/algarve7.pt\/#\/schema\/person\/23fa70681308e7b319a3204bcea45e0c","name":"Algarve 7","sameAs":["https:\/\/algarve7.pt","https:\/\/www.facebook.com\/algarve7"],"url":"https:\/\/algarve7.pt\/index.php\/author\/geralalgarve7-pt\/"}]}},"jetpack_publicize_connections":[],"jetpack_featured_media_url":"https:\/\/algarve7.pt\/wp-content\/uploads\/2024\/09\/Finisterra.jpg","jetpack_shortlink":"https:\/\/wp.me\/pcezmW-b0d","jetpack_sharing_enabled":true,"_links":{"self":[{"href":"https:\/\/algarve7.pt\/index.php\/wp-json\/wp\/v2\/posts\/42297","targetHints":{"allow":["GET"]}}],"collection":[{"href":"https:\/\/algarve7.pt\/index.php\/wp-json\/wp\/v2\/posts"}],"about":[{"href":"https:\/\/algarve7.pt\/index.php\/wp-json\/wp\/v2\/types\/post"}],"author":[{"embeddable":true,"href":"https:\/\/algarve7.pt\/index.php\/wp-json\/wp\/v2\/users\/1"}],"replies":[{"embeddable":true,"href":"https:\/\/algarve7.pt\/index.php\/wp-json\/wp\/v2\/comments?post=42297"}],"version-history":[{"count":0,"href":"https:\/\/algarve7.pt\/index.php\/wp-json\/wp\/v2\/posts\/42297\/revisions"}],"wp:featuredmedia":[{"embeddable":true,"href":"https:\/\/algarve7.pt\/index.php\/wp-json\/wp\/v2\/media\/42298"}],"wp:attachment":[{"href":"https:\/\/algarve7.pt\/index.php\/wp-json\/wp\/v2\/media?parent=42297"}],"wp:term":[{"taxonomy":"category","embeddable":true,"href":"https:\/\/algarve7.pt\/index.php\/wp-json\/wp\/v2\/categories?post=42297"},{"taxonomy":"post_tag","embeddable":true,"href":"https:\/\/algarve7.pt\/index.php\/wp-json\/wp\/v2\/tags?post=42297"}],"curies":[{"name":"wp","href":"https:\/\/api.w.org\/{rel}","templated":true}]}}