{"id":42277,"date":"2024-09-18T15:42:43","date_gmt":"2024-09-18T14:42:43","guid":{"rendered":"https:\/\/algarve7.pt\/?p=42277"},"modified":"2024-09-18T15:42:45","modified_gmt":"2024-09-18T14:42:45","slug":"almancil-pavilhao-multiusos-25-de-abril-vai-ser-inaugurado-com-presenca-de-ministro-dos-assuntos-parlamentares","status":"publish","type":"post","link":"https:\/\/algarve7.pt\/index.php\/2024\/09\/almancil-pavilhao-multiusos-25-de-abril-vai-ser-inaugurado-com-presenca-de-ministro-dos-assuntos-parlamentares\/atualidade\/15\/42\/","title":{"rendered":"Almancil: Pavilh\u00e3o multiusos 25 de abril vai ser inaugurado com presen\u00e7a de ministro dos assuntos parlamentares"},"content":{"rendered":"\n<p>Almancil recebe, no pr\u00f3ximo dia 6 de outubro, a cerim\u00f3nia inaugural do Pavilh\u00e3o Multiusos 25 de Abril, que ser\u00e1 presidida pelo ministro dos Assuntos Parlamentares, Pedro Duarte. Mas para assinalar o momento, o Munic\u00edpio de Loul\u00e9 promove durante uma semana um programa de atividades desportivas e culturais dirigidas \u00e0 comunidade.<\/p>\n\n\n\n<p>Para as 15h00 do dia 6, est\u00e1 previsto o descerramento da placa de inaugura\u00e7\u00e3o do edif\u00edcio, assim como a atribui\u00e7\u00e3o do nome Pavilh\u00e3o Multiusos 25 de Abril \u2013 em homenagem aos 50 anos da Revolu\u00e7\u00e3o dos Cravos, seguindo-se um momento musical com a Banda Filarm\u00f3nica Artistas de Minerva.&nbsp;<\/p>\n\n\n\n<p>Depois \u00e9 inaugurado o polo da Biblioteca Municipal em Almancil, que faz parte deste Pavilh\u00e3o, \u00e0 qual foi atribu\u00eddo como patrono o nome do poeta louletano Casimiro de Brito.<\/p>\n\n\n\n<p>Ap\u00f3s visita ao espa\u00e7o, ter\u00e3o lugar as interven\u00e7\u00f5es protocolares.<\/p>\n\n\n\n<p>At\u00e9 ao dia 13 de outubro, o Pavilh\u00e3o Multiusos 25 de Abril acolher\u00e1 um conjunto de iniciativas de car\u00e1cter desportivo e cultural que permitir\u00e3o \u00e0 popula\u00e7\u00e3o descobrir a versatilidade deste espa\u00e7o. Desporto escolar, gin\u00e1stica, dan\u00e7a, t\u00e9nis de mesa, andebol, futsal, voleibol, basquetebol, padel, e, por outro lado, um recital de poesia, proje\u00e7\u00e3o de filmes infantis ou atividades l\u00fadicas para beb\u00e9s e crian\u00e7as s\u00e3o algumas das propostas.<\/p>\n\n\n\n<p>De referir ainda que, no dia 12 de outubro, pelas 11h00, ser\u00e1 inaugurado um mural no exterior do Pavilh\u00e3o, da autoria de Ad\u00e9rita Silva, Sem e Sniz.<\/p>\n\n\n\n<p>Recorde-se que este equipamento constitui um dos mais avultados investimentos realizados no concelho de Loul\u00e9 nos \u00faltimos anos, com um valor a rondar os 13 milh\u00f5es de euros.&nbsp;<\/p>\n\n\n\n<p>A freguesia de Almancil e a sua comunidade escolar passam agora a dispor de um espa\u00e7o de excel\u00eancia para realizar uma s\u00e9rie de projetos e atividades que, de outra forma, n\u00e3o seriam poss\u00edveis. Prev\u00ea-se que esta obra estruturante traga uma nova din\u00e2mica \u00e0 vila, alavancando as atividades desportivas, culturais e sociais.<\/p>\n\n\n\n<p>Trata-se de um equipamento moderno, que aglutina Desporto e Cultura num s\u00f3 espa\u00e7o, j\u00e1 que a cria\u00e7\u00e3o de um polo da Biblioteca Municipal \u00e9 outra das val\u00eancias do equipamento.<\/p>\n\n\n\n<p>O espa\u00e7o tem capacidade para 1160 espetadores nos espet\u00e1culos desportivos, 392 utilizadores na parte desportiva, para al\u00e9m dos utentes da Biblioteca, elemento que ter\u00e1 uma gest\u00e3o e funcionamentos aut\u00f3nomos.<\/p>\n\n\n\n<p>No dom\u00ednio da articula\u00e7\u00e3o dos espa\u00e7os, a instala\u00e7\u00e3o ir\u00e1 comportar, entre outras, a nave principal, nave complementar, est\u00fadios de&nbsp;<em>fitness<\/em>, gin\u00e1sio de muscula\u00e7\u00e3o, sala c\u00e1rdio, campo de padel e gabinete de fisioterapia e tratamento.<\/p>\n\n\n\n<p>J\u00e1 o polo da Biblioteca conta com uma \u00e1rea de exposi\u00e7\u00e3o, espa\u00e7o infantil, espa\u00e7o para adultos e uma&nbsp;<em>black box<\/em>.<\/p>\n","protected":false},"excerpt":{"rendered":"<p>Almancil recebe, no pr\u00f3ximo dia 6 de outubro, a cerim\u00f3nia inaugural do Pavilh\u00e3o Multiusos 25 de Abril, que ser\u00e1 presidida<\/p>\n","protected":false},"author":1,"featured_media":42278,"comment_status":"open","ping_status":"open","sticky":false,"template":"","format":"standard","meta":{"colormag_page_container_layout":"default_layout","colormag_page_sidebar_layout":"default_layout","_monsterinsights_skip_tracking":false,"_monsterinsights_sitenote_active":false,"_monsterinsights_sitenote_note":"","_monsterinsights_sitenote_category":0,"jetpack_post_was_ever_published":false,"_jetpack_newsletter_access":"","_jetpack_dont_email_post_to_subs":false,"_jetpack_newsletter_tier_id":0,"_jetpack_memberships_contains_paywalled_content":false,"_jetpack_memberships_contains_paid_content":false,"footnotes":"","jetpack_publicize_message":"","jetpack_publicize_feature_enabled":true,"jetpack_social_post_already_shared":false,"jetpack_social_options":{"image_generator_settings":{"template":"highway","default_image_id":0,"font":"","enabled":false},"version":2}},"categories":[11],"tags":[36,86,62,31],"class_list":["post-42277","post","type-post","status-publish","format-standard","has-post-thumbnail","hentry","category-atualidade","tag-algarve","tag-almancil","tag-atualidade","tag-loule"],"yoast_head":"<!-- This site is optimized with the Yoast SEO plugin v27.5 - https:\/\/yoast.com\/product\/yoast-seo-wordpress\/ -->\n<title>Almancil: Pavilh\u00e3o multiusos 25 de abril vai ser inaugurado com presen\u00e7a de ministro dos assuntos parlamentares - Algarve 7<\/title>\n<meta name=\"description\" content=\"Almancil: Pavilh\u00e3o multiusos 25 de abril vai ser inaugurado com presen\u00e7a de ministro dos assuntos parlamentares Atualidade\" \/>\n<meta name=\"robots\" content=\"index, follow, max-snippet:-1, max-image-preview:large, max-video-preview:-1\" \/>\n<link rel=\"canonical\" href=\"https:\/\/algarve7.pt\/index.php\/2024\/09\/almancil-pavilhao-multiusos-25-de-abril-vai-ser-inaugurado-com-presenca-de-ministro-dos-assuntos-parlamentares\/atualidade\/15\/42\/\" \/>\n<meta property=\"og:locale\" content=\"pt_PT\" \/>\n<meta property=\"og:type\" content=\"article\" \/>\n<meta property=\"og:title\" content=\"Almancil: Pavilh\u00e3o multiusos 25 de abril vai ser inaugurado com presen\u00e7a de ministro dos assuntos parlamentares - Algarve 7\" \/>\n<meta property=\"og:description\" content=\"Almancil: Pavilh\u00e3o multiusos 25 de abril vai ser inaugurado com presen\u00e7a de ministro dos assuntos parlamentares Atualidade\" \/>\n<meta property=\"og:url\" content=\"https:\/\/algarve7.pt\/index.php\/2024\/09\/almancil-pavilhao-multiusos-25-de-abril-vai-ser-inaugurado-com-presenca-de-ministro-dos-assuntos-parlamentares\/atualidade\/15\/42\/\" \/>\n<meta property=\"og:site_name\" content=\"Algarve 7\" \/>\n<meta property=\"article:publisher\" content=\"https:\/\/www.facebook.com\/algarve7\" \/>\n<meta property=\"article:author\" content=\"https:\/\/www.facebook.com\/algarve7\" \/>\n<meta property=\"article:published_time\" content=\"2024-09-18T14:42:43+00:00\" \/>\n<meta property=\"article:modified_time\" content=\"2024-09-18T14:42:45+00:00\" \/>\n<meta property=\"og:image\" content=\"https:\/\/algarve7.pt\/wp-content\/uploads\/2024\/09\/Pavilhao-Almancil.jpg\" \/>\n\t<meta property=\"og:image:width\" content=\"800\" \/>\n\t<meta property=\"og:image:height\" content=\"470\" \/>\n\t<meta property=\"og:image:type\" content=\"image\/jpeg\" \/>\n<meta name=\"author\" content=\"Algarve 7\" \/>\n<meta name=\"twitter:card\" content=\"summary_large_image\" \/>\n<meta name=\"twitter:creator\" content=\"@Algarvesete\" \/>\n<meta name=\"twitter:site\" content=\"@Algarvesete\" \/>\n<meta name=\"twitter:label1\" content=\"Escrito por\" \/>\n\t<meta name=\"twitter:data1\" content=\"Algarve 7\" \/>\n\t<meta name=\"twitter:label2\" content=\"Tempo estimado de leitura\" \/>\n\t<meta name=\"twitter:data2\" content=\"3 minutos\" \/>\n<script type=\"application\/ld+json\" class=\"yoast-schema-graph\">{\"@context\":\"https:\\\/\\\/schema.org\",\"@graph\":[{\"@type\":\"Article\",\"@id\":\"https:\\\/\\\/algarve7.pt\\\/index.php\\\/2024\\\/09\\\/almancil-pavilhao-multiusos-25-de-abril-vai-ser-inaugurado-com-presenca-de-ministro-dos-assuntos-parlamentares\\\/atualidade\\\/15\\\/42\\\/#article\",\"isPartOf\":{\"@id\":\"https:\\\/\\\/algarve7.pt\\\/index.php\\\/2024\\\/09\\\/almancil-pavilhao-multiusos-25-de-abril-vai-ser-inaugurado-com-presenca-de-ministro-dos-assuntos-parlamentares\\\/atualidade\\\/15\\\/42\\\/\"},\"author\":{\"name\":\"Algarve 7\",\"@id\":\"https:\\\/\\\/algarve7.pt\\\/#\\\/schema\\\/person\\\/23fa70681308e7b319a3204bcea45e0c\"},\"headline\":\"Almancil: Pavilh\u00e3o multiusos 25 de abril vai ser inaugurado com presen\u00e7a de ministro dos assuntos parlamentares\",\"datePublished\":\"2024-09-18T14:42:43+00:00\",\"dateModified\":\"2024-09-18T14:42:45+00:00\",\"mainEntityOfPage\":{\"@id\":\"https:\\\/\\\/algarve7.pt\\\/index.php\\\/2024\\\/09\\\/almancil-pavilhao-multiusos-25-de-abril-vai-ser-inaugurado-com-presenca-de-ministro-dos-assuntos-parlamentares\\\/atualidade\\\/15\\\/42\\\/\"},\"wordCount\":481,\"commentCount\":0,\"publisher\":{\"@id\":\"https:\\\/\\\/algarve7.pt\\\/#organization\"},\"image\":{\"@id\":\"https:\\\/\\\/algarve7.pt\\\/index.php\\\/2024\\\/09\\\/almancil-pavilhao-multiusos-25-de-abril-vai-ser-inaugurado-com-presenca-de-ministro-dos-assuntos-parlamentares\\\/atualidade\\\/15\\\/42\\\/#primaryimage\"},\"thumbnailUrl\":\"https:\\\/\\\/algarve7.pt\\\/wp-content\\\/uploads\\\/2024\\\/09\\\/Pavilhao-Almancil.jpg\",\"keywords\":[\"Algarve\",\"Almancil\",\"Atualidade\",\"Loul\u00e9\"],\"articleSection\":[\"Atualidade\"],\"inLanguage\":\"pt-PT\",\"potentialAction\":[{\"@type\":\"CommentAction\",\"name\":\"Comment\",\"target\":[\"https:\\\/\\\/algarve7.pt\\\/index.php\\\/2024\\\/09\\\/almancil-pavilhao-multiusos-25-de-abril-vai-ser-inaugurado-com-presenca-de-ministro-dos-assuntos-parlamentares\\\/atualidade\\\/15\\\/42\\\/#respond\"]}]},{\"@type\":\"WebPage\",\"@id\":\"https:\\\/\\\/algarve7.pt\\\/index.php\\\/2024\\\/09\\\/almancil-pavilhao-multiusos-25-de-abril-vai-ser-inaugurado-com-presenca-de-ministro-dos-assuntos-parlamentares\\\/atualidade\\\/15\\\/42\\\/\",\"url\":\"https:\\\/\\\/algarve7.pt\\\/index.php\\\/2024\\\/09\\\/almancil-pavilhao-multiusos-25-de-abril-vai-ser-inaugurado-com-presenca-de-ministro-dos-assuntos-parlamentares\\\/atualidade\\\/15\\\/42\\\/\",\"name\":\"Almancil: Pavilh\u00e3o multiusos 25 de abril vai ser inaugurado com presen\u00e7a de ministro dos assuntos parlamentares - Algarve 7\",\"isPartOf\":{\"@id\":\"https:\\\/\\\/algarve7.pt\\\/#website\"},\"primaryImageOfPage\":{\"@id\":\"https:\\\/\\\/algarve7.pt\\\/index.php\\\/2024\\\/09\\\/almancil-pavilhao-multiusos-25-de-abril-vai-ser-inaugurado-com-presenca-de-ministro-dos-assuntos-parlamentares\\\/atualidade\\\/15\\\/42\\\/#primaryimage\"},\"image\":{\"@id\":\"https:\\\/\\\/algarve7.pt\\\/index.php\\\/2024\\\/09\\\/almancil-pavilhao-multiusos-25-de-abril-vai-ser-inaugurado-com-presenca-de-ministro-dos-assuntos-parlamentares\\\/atualidade\\\/15\\\/42\\\/#primaryimage\"},\"thumbnailUrl\":\"https:\\\/\\\/algarve7.pt\\\/wp-content\\\/uploads\\\/2024\\\/09\\\/Pavilhao-Almancil.jpg\",\"datePublished\":\"2024-09-18T14:42:43+00:00\",\"dateModified\":\"2024-09-18T14:42:45+00:00\",\"description\":\"Almancil: Pavilh\u00e3o multiusos 25 de abril vai ser inaugurado com presen\u00e7a de ministro dos assuntos parlamentares Atualidade\",\"breadcrumb\":{\"@id\":\"https:\\\/\\\/algarve7.pt\\\/index.php\\\/2024\\\/09\\\/almancil-pavilhao-multiusos-25-de-abril-vai-ser-inaugurado-com-presenca-de-ministro-dos-assuntos-parlamentares\\\/atualidade\\\/15\\\/42\\\/#breadcrumb\"},\"inLanguage\":\"pt-PT\",\"potentialAction\":[{\"@type\":\"ReadAction\",\"target\":[\"https:\\\/\\\/algarve7.pt\\\/index.php\\\/2024\\\/09\\\/almancil-pavilhao-multiusos-25-de-abril-vai-ser-inaugurado-com-presenca-de-ministro-dos-assuntos-parlamentares\\\/atualidade\\\/15\\\/42\\\/\"]}]},{\"@type\":\"ImageObject\",\"inLanguage\":\"pt-PT\",\"@id\":\"https:\\\/\\\/algarve7.pt\\\/index.php\\\/2024\\\/09\\\/almancil-pavilhao-multiusos-25-de-abril-vai-ser-inaugurado-com-presenca-de-ministro-dos-assuntos-parlamentares\\\/atualidade\\\/15\\\/42\\\/#primaryimage\",\"url\":\"https:\\\/\\\/algarve7.pt\\\/wp-content\\\/uploads\\\/2024\\\/09\\\/Pavilhao-Almancil.jpg\",\"contentUrl\":\"https:\\\/\\\/algarve7.pt\\\/wp-content\\\/uploads\\\/2024\\\/09\\\/Pavilhao-Almancil.jpg\",\"width\":800,\"height\":470},{\"@type\":\"BreadcrumbList\",\"@id\":\"https:\\\/\\\/algarve7.pt\\\/index.php\\\/2024\\\/09\\\/almancil-pavilhao-multiusos-25-de-abril-vai-ser-inaugurado-com-presenca-de-ministro-dos-assuntos-parlamentares\\\/atualidade\\\/15\\\/42\\\/#breadcrumb\",\"itemListElement\":[{\"@type\":\"ListItem\",\"position\":1,\"name\":\"In\u00edcio\",\"item\":\"https:\\\/\\\/algarve7.pt\\\/\"},{\"@type\":\"ListItem\",\"position\":2,\"name\":\"Almancil: Pavilh\u00e3o multiusos 25 de abril vai ser inaugurado com presen\u00e7a de ministro dos assuntos parlamentares\"}]},{\"@type\":\"WebSite\",\"@id\":\"https:\\\/\\\/algarve7.pt\\\/#website\",\"url\":\"https:\\\/\\\/algarve7.pt\\\/\",\"name\":\"Algarve 7\",\"description\":\"Informa\u00e7\u00e3o sobre o Algarve\",\"publisher\":{\"@id\":\"https:\\\/\\\/algarve7.pt\\\/#organization\"},\"potentialAction\":[{\"@type\":\"SearchAction\",\"target\":{\"@type\":\"EntryPoint\",\"urlTemplate\":\"https:\\\/\\\/algarve7.pt\\\/?s={search_term_string}\"},\"query-input\":{\"@type\":\"PropertyValueSpecification\",\"valueRequired\":true,\"valueName\":\"search_term_string\"}}],\"inLanguage\":\"pt-PT\"},{\"@type\":\"Organization\",\"@id\":\"https:\\\/\\\/algarve7.pt\\\/#organization\",\"name\":\"Algarve 7\",\"url\":\"https:\\\/\\\/algarve7.pt\\\/\",\"logo\":{\"@type\":\"ImageObject\",\"inLanguage\":\"pt-PT\",\"@id\":\"https:\\\/\\\/algarve7.pt\\\/#\\\/schema\\\/logo\\\/image\\\/\",\"url\":\"https:\\\/\\\/algarve7.pt\\\/wp-content\\\/uploads\\\/2020\\\/10\\\/Logo-8.jpg\",\"contentUrl\":\"https:\\\/\\\/algarve7.pt\\\/wp-content\\\/uploads\\\/2020\\\/10\\\/Logo-8.jpg\",\"width\":1680,\"height\":1186,\"caption\":\"Algarve 7\"},\"image\":{\"@id\":\"https:\\\/\\\/algarve7.pt\\\/#\\\/schema\\\/logo\\\/image\\\/\"},\"sameAs\":[\"https:\\\/\\\/www.facebook.com\\\/algarve7\",\"https:\\\/\\\/x.com\\\/Algarvesete\",\"https:\\\/\\\/www.instagram.com\\\/jornalalgarve7\\\/\",\"https:\\\/\\\/www.linkedin.com\\\/company\\\/algarve7\",\"https:\\\/\\\/www.pinterest.pt\\\/geral0939\\\/_created\\\/\"]},{\"@type\":\"Person\",\"@id\":\"https:\\\/\\\/algarve7.pt\\\/#\\\/schema\\\/person\\\/23fa70681308e7b319a3204bcea45e0c\",\"name\":\"Algarve 7\",\"sameAs\":[\"https:\\\/\\\/algarve7.pt\",\"https:\\\/\\\/www.facebook.com\\\/algarve7\"],\"url\":\"https:\\\/\\\/algarve7.pt\\\/index.php\\\/author\\\/geralalgarve7-pt\\\/\"}]}<\/script>\n<!-- \/ Yoast SEO plugin. -->","yoast_head_json":{"title":"Almancil: Pavilh\u00e3o multiusos 25 de abril vai ser inaugurado com presen\u00e7a de ministro dos assuntos parlamentares - Algarve 7","description":"Almancil: Pavilh\u00e3o multiusos 25 de abril vai ser inaugurado com presen\u00e7a de ministro dos assuntos parlamentares Atualidade","robots":{"index":"index","follow":"follow","max-snippet":"max-snippet:-1","max-image-preview":"max-image-preview:large","max-video-preview":"max-video-preview:-1"},"canonical":"https:\/\/algarve7.pt\/index.php\/2024\/09\/almancil-pavilhao-multiusos-25-de-abril-vai-ser-inaugurado-com-presenca-de-ministro-dos-assuntos-parlamentares\/atualidade\/15\/42\/","og_locale":"pt_PT","og_type":"article","og_title":"Almancil: Pavilh\u00e3o multiusos 25 de abril vai ser inaugurado com presen\u00e7a de ministro dos assuntos parlamentares - Algarve 7","og_description":"Almancil: Pavilh\u00e3o multiusos 25 de abril vai ser inaugurado com presen\u00e7a de ministro dos assuntos parlamentares Atualidade","og_url":"https:\/\/algarve7.pt\/index.php\/2024\/09\/almancil-pavilhao-multiusos-25-de-abril-vai-ser-inaugurado-com-presenca-de-ministro-dos-assuntos-parlamentares\/atualidade\/15\/42\/","og_site_name":"Algarve 7","article_publisher":"https:\/\/www.facebook.com\/algarve7","article_author":"https:\/\/www.facebook.com\/algarve7","article_published_time":"2024-09-18T14:42:43+00:00","article_modified_time":"2024-09-18T14:42:45+00:00","og_image":[{"width":800,"height":470,"url":"https:\/\/algarve7.pt\/wp-content\/uploads\/2024\/09\/Pavilhao-Almancil.jpg","type":"image\/jpeg"}],"author":"Algarve 7","twitter_card":"summary_large_image","twitter_creator":"@Algarvesete","twitter_site":"@Algarvesete","twitter_misc":{"Escrito por":"Algarve 7","Tempo estimado de leitura":"3 minutos"},"schema":{"@context":"https:\/\/schema.org","@graph":[{"@type":"Article","@id":"https:\/\/algarve7.pt\/index.php\/2024\/09\/almancil-pavilhao-multiusos-25-de-abril-vai-ser-inaugurado-com-presenca-de-ministro-dos-assuntos-parlamentares\/atualidade\/15\/42\/#article","isPartOf":{"@id":"https:\/\/algarve7.pt\/index.php\/2024\/09\/almancil-pavilhao-multiusos-25-de-abril-vai-ser-inaugurado-com-presenca-de-ministro-dos-assuntos-parlamentares\/atualidade\/15\/42\/"},"author":{"name":"Algarve 7","@id":"https:\/\/algarve7.pt\/#\/schema\/person\/23fa70681308e7b319a3204bcea45e0c"},"headline":"Almancil: Pavilh\u00e3o multiusos 25 de abril vai ser inaugurado com presen\u00e7a de ministro dos assuntos parlamentares","datePublished":"2024-09-18T14:42:43+00:00","dateModified":"2024-09-18T14:42:45+00:00","mainEntityOfPage":{"@id":"https:\/\/algarve7.pt\/index.php\/2024\/09\/almancil-pavilhao-multiusos-25-de-abril-vai-ser-inaugurado-com-presenca-de-ministro-dos-assuntos-parlamentares\/atualidade\/15\/42\/"},"wordCount":481,"commentCount":0,"publisher":{"@id":"https:\/\/algarve7.pt\/#organization"},"image":{"@id":"https:\/\/algarve7.pt\/index.php\/2024\/09\/almancil-pavilhao-multiusos-25-de-abril-vai-ser-inaugurado-com-presenca-de-ministro-dos-assuntos-parlamentares\/atualidade\/15\/42\/#primaryimage"},"thumbnailUrl":"https:\/\/algarve7.pt\/wp-content\/uploads\/2024\/09\/Pavilhao-Almancil.jpg","keywords":["Algarve","Almancil","Atualidade","Loul\u00e9"],"articleSection":["Atualidade"],"inLanguage":"pt-PT","potentialAction":[{"@type":"CommentAction","name":"Comment","target":["https:\/\/algarve7.pt\/index.php\/2024\/09\/almancil-pavilhao-multiusos-25-de-abril-vai-ser-inaugurado-com-presenca-de-ministro-dos-assuntos-parlamentares\/atualidade\/15\/42\/#respond"]}]},{"@type":"WebPage","@id":"https:\/\/algarve7.pt\/index.php\/2024\/09\/almancil-pavilhao-multiusos-25-de-abril-vai-ser-inaugurado-com-presenca-de-ministro-dos-assuntos-parlamentares\/atualidade\/15\/42\/","url":"https:\/\/algarve7.pt\/index.php\/2024\/09\/almancil-pavilhao-multiusos-25-de-abril-vai-ser-inaugurado-com-presenca-de-ministro-dos-assuntos-parlamentares\/atualidade\/15\/42\/","name":"Almancil: Pavilh\u00e3o multiusos 25 de abril vai ser inaugurado com presen\u00e7a de ministro dos assuntos parlamentares - Algarve 7","isPartOf":{"@id":"https:\/\/algarve7.pt\/#website"},"primaryImageOfPage":{"@id":"https:\/\/algarve7.pt\/index.php\/2024\/09\/almancil-pavilhao-multiusos-25-de-abril-vai-ser-inaugurado-com-presenca-de-ministro-dos-assuntos-parlamentares\/atualidade\/15\/42\/#primaryimage"},"image":{"@id":"https:\/\/algarve7.pt\/index.php\/2024\/09\/almancil-pavilhao-multiusos-25-de-abril-vai-ser-inaugurado-com-presenca-de-ministro-dos-assuntos-parlamentares\/atualidade\/15\/42\/#primaryimage"},"thumbnailUrl":"https:\/\/algarve7.pt\/wp-content\/uploads\/2024\/09\/Pavilhao-Almancil.jpg","datePublished":"2024-09-18T14:42:43+00:00","dateModified":"2024-09-18T14:42:45+00:00","description":"Almancil: Pavilh\u00e3o multiusos 25 de abril vai ser inaugurado com presen\u00e7a de ministro dos assuntos parlamentares Atualidade","breadcrumb":{"@id":"https:\/\/algarve7.pt\/index.php\/2024\/09\/almancil-pavilhao-multiusos-25-de-abril-vai-ser-inaugurado-com-presenca-de-ministro-dos-assuntos-parlamentares\/atualidade\/15\/42\/#breadcrumb"},"inLanguage":"pt-PT","potentialAction":[{"@type":"ReadAction","target":["https:\/\/algarve7.pt\/index.php\/2024\/09\/almancil-pavilhao-multiusos-25-de-abril-vai-ser-inaugurado-com-presenca-de-ministro-dos-assuntos-parlamentares\/atualidade\/15\/42\/"]}]},{"@type":"ImageObject","inLanguage":"pt-PT","@id":"https:\/\/algarve7.pt\/index.php\/2024\/09\/almancil-pavilhao-multiusos-25-de-abril-vai-ser-inaugurado-com-presenca-de-ministro-dos-assuntos-parlamentares\/atualidade\/15\/42\/#primaryimage","url":"https:\/\/algarve7.pt\/wp-content\/uploads\/2024\/09\/Pavilhao-Almancil.jpg","contentUrl":"https:\/\/algarve7.pt\/wp-content\/uploads\/2024\/09\/Pavilhao-Almancil.jpg","width":800,"height":470},{"@type":"BreadcrumbList","@id":"https:\/\/algarve7.pt\/index.php\/2024\/09\/almancil-pavilhao-multiusos-25-de-abril-vai-ser-inaugurado-com-presenca-de-ministro-dos-assuntos-parlamentares\/atualidade\/15\/42\/#breadcrumb","itemListElement":[{"@type":"ListItem","position":1,"name":"In\u00edcio","item":"https:\/\/algarve7.pt\/"},{"@type":"ListItem","position":2,"name":"Almancil: Pavilh\u00e3o multiusos 25 de abril vai ser inaugurado com presen\u00e7a de ministro dos assuntos parlamentares"}]},{"@type":"WebSite","@id":"https:\/\/algarve7.pt\/#website","url":"https:\/\/algarve7.pt\/","name":"Algarve 7","description":"Informa\u00e7\u00e3o sobre o Algarve","publisher":{"@id":"https:\/\/algarve7.pt\/#organization"},"potentialAction":[{"@type":"SearchAction","target":{"@type":"EntryPoint","urlTemplate":"https:\/\/algarve7.pt\/?s={search_term_string}"},"query-input":{"@type":"PropertyValueSpecification","valueRequired":true,"valueName":"search_term_string"}}],"inLanguage":"pt-PT"},{"@type":"Organization","@id":"https:\/\/algarve7.pt\/#organization","name":"Algarve 7","url":"https:\/\/algarve7.pt\/","logo":{"@type":"ImageObject","inLanguage":"pt-PT","@id":"https:\/\/algarve7.pt\/#\/schema\/logo\/image\/","url":"https:\/\/algarve7.pt\/wp-content\/uploads\/2020\/10\/Logo-8.jpg","contentUrl":"https:\/\/algarve7.pt\/wp-content\/uploads\/2020\/10\/Logo-8.jpg","width":1680,"height":1186,"caption":"Algarve 7"},"image":{"@id":"https:\/\/algarve7.pt\/#\/schema\/logo\/image\/"},"sameAs":["https:\/\/www.facebook.com\/algarve7","https:\/\/x.com\/Algarvesete","https:\/\/www.instagram.com\/jornalalgarve7\/","https:\/\/www.linkedin.com\/company\/algarve7","https:\/\/www.pinterest.pt\/geral0939\/_created\/"]},{"@type":"Person","@id":"https:\/\/algarve7.pt\/#\/schema\/person\/23fa70681308e7b319a3204bcea45e0c","name":"Algarve 7","sameAs":["https:\/\/algarve7.pt","https:\/\/www.facebook.com\/algarve7"],"url":"https:\/\/algarve7.pt\/index.php\/author\/geralalgarve7-pt\/"}]}},"jetpack_publicize_connections":[],"jetpack_featured_media_url":"https:\/\/algarve7.pt\/wp-content\/uploads\/2024\/09\/Pavilhao-Almancil.jpg","jetpack_shortlink":"https:\/\/wp.me\/pcezmW-aZT","jetpack_sharing_enabled":true,"_links":{"self":[{"href":"https:\/\/algarve7.pt\/index.php\/wp-json\/wp\/v2\/posts\/42277","targetHints":{"allow":["GET"]}}],"collection":[{"href":"https:\/\/algarve7.pt\/index.php\/wp-json\/wp\/v2\/posts"}],"about":[{"href":"https:\/\/algarve7.pt\/index.php\/wp-json\/wp\/v2\/types\/post"}],"author":[{"embeddable":true,"href":"https:\/\/algarve7.pt\/index.php\/wp-json\/wp\/v2\/users\/1"}],"replies":[{"embeddable":true,"href":"https:\/\/algarve7.pt\/index.php\/wp-json\/wp\/v2\/comments?post=42277"}],"version-history":[{"count":0,"href":"https:\/\/algarve7.pt\/index.php\/wp-json\/wp\/v2\/posts\/42277\/revisions"}],"wp:featuredmedia":[{"embeddable":true,"href":"https:\/\/algarve7.pt\/index.php\/wp-json\/wp\/v2\/media\/42278"}],"wp:attachment":[{"href":"https:\/\/algarve7.pt\/index.php\/wp-json\/wp\/v2\/media?parent=42277"}],"wp:term":[{"taxonomy":"category","embeddable":true,"href":"https:\/\/algarve7.pt\/index.php\/wp-json\/wp\/v2\/categories?post=42277"},{"taxonomy":"post_tag","embeddable":true,"href":"https:\/\/algarve7.pt\/index.php\/wp-json\/wp\/v2\/tags?post=42277"}],"curies":[{"name":"wp","href":"https:\/\/api.w.org\/{rel}","templated":true}]}}