{"id":42271,"date":"2024-09-18T14:29:44","date_gmt":"2024-09-18T13:29:44","guid":{"rendered":"https:\/\/algarve7.pt\/?p=42271"},"modified":"2024-09-18T14:29:45","modified_gmt":"2024-09-18T13:29:45","slug":"quarteira-recebe-o-1o-encontro-de-teatro-comunitario","status":"publish","type":"post","link":"https:\/\/algarve7.pt\/index.php\/2024\/09\/quarteira-recebe-o-1o-encontro-de-teatro-comunitario\/cultura\/14\/29\/","title":{"rendered":"Quarteira recebe o 1\u00ba Encontro de teatro comunit\u00e1rio\u00a0"},"content":{"rendered":"\n<p>Idealizado, produzido e coordenado pelo&nbsp;JAT \u2013 JANELA ABERTA TEATRO, a iniciativa conta com o apoio e parceria da&nbsp;Junta de Freguesia de Quarteira&nbsp;e da&nbsp;C\u00e2mara Municipal de Loul\u00e9&nbsp;e&nbsp;CCDR Algarve.<\/p>\n\n\n\n<p>O grande pressuposto deste evento \u00e9 mostrar ao p\u00fablico a dimens\u00e3o po\u00e9tica do sentido de comunidade e o&nbsp;poder do teatro como pr\u00e1tica art\u00edstica e cultural colectiva, universal, transgressora e agregadora.&nbsp;<\/p>\n\n\n\n<p>Este objectivo de valoriza\u00e7\u00e3o da dimens\u00e3o comunit\u00e1ria e art\u00edstica far-se-\u00e1 em distintos momentos de interc\u00e2mbio cultural e criativo, por interm\u00e9dio de espect\u00e1culos, conversas e conv\u00edvios que ir\u00e3o gerar conhecimento, confronta\u00e7\u00e3o de ideias e ideais, identidade, coopera\u00e7\u00e3o e humanismo.<\/p>\n\n\n\n<p>Nesta sua edi\u00e7\u00e3o inaugural, com a dura\u00e7\u00e3o de dois dias, um fim-de-semana, o&nbsp;Grupo de Teatro Comunit\u00e1rio de Quarteira&nbsp;ser\u00e1 o anfitri\u00e3o, e o&nbsp;programa incluir\u00e1:<\/p>\n\n\n\n<p>&#8211;&nbsp;4 grupos<\/p>\n\n\n\n<p>&#8211;&nbsp;4 espect\u00e1culos<\/p>\n\n\n\n<p>&#8211;&nbsp;1 exposi\u00e7\u00e3o<\/p>\n\n\n\n<p>&#8211;&nbsp;outras actividades&nbsp;(conversas, conv\u00edvios, surpresas)<\/p>\n\n\n\n<p>Esta proposta dar\u00e1 a conhecer o trabalho realizado por&nbsp;quatro grupos de teatro comunit\u00e1rio que existem em perman\u00eancia na regi\u00e3o do Algarve.<\/p>\n\n\n\n<p>O Encontro apresenta-se como uma janela aberta para&nbsp;criar di\u00e1logos intercomunit\u00e1rios, interculturais e intergeracionais atrav\u00e9s da arte, numa narrativa em que a&nbsp;arte de todos e para todos&nbsp;\u00e9 dominante, n\u00e3o excluindo nem marginalizando ningu\u00e9m,&nbsp;dando palco \u00e0 cidadania activa e consciente.<\/p>\n\n\n\n<p>Numa perspectiva n\u00e3o hegem\u00f3nica, mas harmoniosa, o encontro vai reunir comunidades de proximidade, que habitam um (pressuposto) mesmo territ\u00f3rio geogr\u00e1fico, com distintas identidades culturais, e que atrav\u00e9s das cria\u00e7\u00f5es originais narram as hist\u00f3rias das suas comunidades, dando a conhecer os seus pontos de liga\u00e7\u00e3o e as suas diferen\u00e7as e singularidades, as suas preocupa\u00e7\u00f5es e as suas for\u00e7as, com uma matriz de partilha para a consciencializa\u00e7\u00e3o e para ac\u00e7\u00e3o.<\/p>\n\n\n\n<p>Miguel Martins Pessoa&nbsp;e&nbsp;Diana Bernedo&nbsp;s\u00e3o a dupla art\u00edstica que h\u00e1 muito idealizou este encontro que agora ter\u00e1 lugar, segundo pensam, \u201cNum momento local e global onde a viol\u00eancia e o extremismo, a segrega\u00e7\u00e3o e a discrimina\u00e7\u00e3o s\u00e3o uma realidade di\u00e1ria, onde os directos humanos e os valores sociais democr\u00e1ticos s\u00e3o diariamente questionados e deturpados, em que os cidad\u00e3os s\u00e3o apartados e se apartam dos seus direitos e deveres, urge mostrar novas formas criativas e activas de efectivar a cidadania e a participa\u00e7\u00e3o em sociedade, provocando reflex\u00e3o e ac\u00e7\u00e3o.\u201d.<\/p>\n\n\n\n<p>O local escolhido, Quarteira, \u00e9 a cidade de onde \u00e9 origin\u00e1rio Miguel Martins Pessoa, um dos directores art\u00edsticos, coordenadores e encenadores do JAT \u2013 JANELA ABERTA TEATRO, numa liga\u00e7\u00e3o umbilical com as suas ra\u00edzes comunit\u00e1rias, humanas e socias, sendo igualmente o lugar geogr\u00e1fico da funda\u00e7\u00e3o hist\u00f3rica dos dois primeiros grupos de teatro comunit\u00e1rio no Algarve central com direc\u00e7\u00e3o e coordena\u00e7\u00e3o art\u00edstica do JAT \u2013 o Grupo de Teatro Comunit\u00e1rio de Quarteira e o Grupo de Teatro S\u00e9nior de Quarteira.<\/p>\n\n\n\n<p>Actor e encenador, Miguel Martins Pessoa \u00e9 tamb\u00e9m licenciado em Direito, e especializado em Direitos Humanos e Ci\u00eancias Internacionais, esta simbiose com a forma\u00e7\u00e3o Teatral, levou-o a desenvolver projectos de educa\u00e7\u00e3o e para os Direitos Humanos atrav\u00e9s da arte na Turquia, Gr\u00e9cia, Fran\u00e7a, Alemanha, Espanha e Su\u00e9cia. Realizou tamb\u00e9m um document\u00e1rio\/investiga\u00e7\u00e3o na Am\u00e9rica do Sul, sobre o teatro como arte de transforma\u00e7\u00e3o social, intitulado &#8220;Nadie sin teatro&#8221; que deu origem \u00e0s bases de cria\u00e7\u00e3o no Algarve de uma rede de grupos de Teatro Comunit\u00e1rio, juntamente com Diana Bernedo, actriz e encenadora basca, com longa traject\u00f3ria de Teatro em Espanha e a n\u00edvel internacional, permeando o florescer de um espa\u00e7o ideol\u00f3gico de resist\u00eancia, para a mudan\u00e7a e melhoria social e humana.<\/p>\n\n\n\n<p>Nas&nbsp;futuras edi\u00e7\u00f5es&nbsp;o evento, que se vai realizar num horizonte temporal&nbsp;bienal, procurar\u00e1 abrir janelas com vista para o territorial nacional e internacional, permitindo estabelecer&nbsp;pontes de liga\u00e7\u00e3o entre distintas comunidades&nbsp;atrav\u00e9s da arte do teatro, convidando grupos, encenadores e equipas art\u00edsticas de&nbsp;teatro comunit\u00e1rio de outras regi\u00f5es de Portugal e do mundo<\/p>\n","protected":false},"excerpt":{"rendered":"<p>Idealizado, produzido e coordenado pelo&nbsp;JAT \u2013 JANELA ABERTA TEATRO, a iniciativa conta com o apoio e parceria da&nbsp;Junta de Freguesia<\/p>\n","protected":false},"author":1,"featured_media":42272,"comment_status":"open","ping_status":"open","sticky":false,"template":"","format":"standard","meta":{"colormag_page_container_layout":"default_layout","colormag_page_sidebar_layout":"default_layout","_monsterinsights_skip_tracking":false,"_monsterinsights_sitenote_active":false,"_monsterinsights_sitenote_note":"","_monsterinsights_sitenote_category":0,"jetpack_post_was_ever_published":false,"_jetpack_newsletter_access":"","_jetpack_dont_email_post_to_subs":false,"_jetpack_newsletter_tier_id":0,"_jetpack_memberships_contains_paywalled_content":false,"_jetpack_memberships_contains_paid_content":false,"footnotes":"","jetpack_publicize_message":"","jetpack_publicize_feature_enabled":true,"jetpack_social_post_already_shared":false,"jetpack_social_options":{"image_generator_settings":{"template":"highway","default_image_id":0,"font":"","enabled":false},"version":2}},"categories":[14],"tags":[36,35,112,101],"class_list":["post-42271","post","type-post","status-publish","format-standard","has-post-thumbnail","hentry","category-cultura","tag-algarve","tag-cultura","tag-quarteira","tag-teatro"],"yoast_head":"<!-- This site is optimized with the Yoast SEO plugin v27.5 - https:\/\/yoast.com\/product\/yoast-seo-wordpress\/ -->\n<title>Quarteira recebe o 1\u00ba Encontro de teatro comunit\u00e1rio\u00a0 - Algarve 7<\/title>\n<meta name=\"description\" content=\"Quarteira recebe o 1\u00ba Encontro de teatro comunit\u00e1rio\u00a0 Cultura\" \/>\n<meta name=\"robots\" content=\"index, follow, max-snippet:-1, max-image-preview:large, max-video-preview:-1\" \/>\n<link rel=\"canonical\" href=\"https:\/\/algarve7.pt\/index.php\/2024\/09\/quarteira-recebe-o-1o-encontro-de-teatro-comunitario\/cultura\/14\/29\/\" \/>\n<meta property=\"og:locale\" content=\"pt_PT\" \/>\n<meta property=\"og:type\" content=\"article\" \/>\n<meta property=\"og:title\" content=\"Quarteira recebe o 1\u00ba Encontro de teatro comunit\u00e1rio\u00a0 - Algarve 7\" \/>\n<meta property=\"og:description\" content=\"Quarteira recebe o 1\u00ba Encontro de teatro comunit\u00e1rio\u00a0 Cultura\" \/>\n<meta property=\"og:url\" content=\"https:\/\/algarve7.pt\/index.php\/2024\/09\/quarteira-recebe-o-1o-encontro-de-teatro-comunitario\/cultura\/14\/29\/\" \/>\n<meta property=\"og:site_name\" content=\"Algarve 7\" \/>\n<meta property=\"article:publisher\" content=\"https:\/\/www.facebook.com\/algarve7\" \/>\n<meta property=\"article:author\" content=\"https:\/\/www.facebook.com\/algarve7\" \/>\n<meta property=\"article:published_time\" content=\"2024-09-18T13:29:44+00:00\" \/>\n<meta property=\"article:modified_time\" content=\"2024-09-18T13:29:45+00:00\" \/>\n<meta property=\"og:image\" content=\"https:\/\/algarve7.pt\/wp-content\/uploads\/2024\/09\/Captura-de-ecra-2024-09-18-as-14.23.00.png\" \/>\n\t<meta property=\"og:image:width\" content=\"800\" \/>\n\t<meta property=\"og:image:height\" content=\"470\" \/>\n\t<meta property=\"og:image:type\" content=\"image\/png\" \/>\n<meta name=\"author\" content=\"Algarve 7\" \/>\n<meta name=\"twitter:card\" content=\"summary_large_image\" \/>\n<meta name=\"twitter:creator\" content=\"@Algarvesete\" \/>\n<meta name=\"twitter:site\" content=\"@Algarvesete\" \/>\n<meta name=\"twitter:label1\" content=\"Escrito por\" \/>\n\t<meta name=\"twitter:data1\" content=\"Algarve 7\" \/>\n\t<meta name=\"twitter:label2\" content=\"Tempo estimado de leitura\" \/>\n\t<meta name=\"twitter:data2\" content=\"4 minutos\" \/>\n<script type=\"application\/ld+json\" class=\"yoast-schema-graph\">{\"@context\":\"https:\\\/\\\/schema.org\",\"@graph\":[{\"@type\":\"Article\",\"@id\":\"https:\\\/\\\/algarve7.pt\\\/index.php\\\/2024\\\/09\\\/quarteira-recebe-o-1o-encontro-de-teatro-comunitario\\\/cultura\\\/14\\\/29\\\/#article\",\"isPartOf\":{\"@id\":\"https:\\\/\\\/algarve7.pt\\\/index.php\\\/2024\\\/09\\\/quarteira-recebe-o-1o-encontro-de-teatro-comunitario\\\/cultura\\\/14\\\/29\\\/\"},\"author\":{\"name\":\"Algarve 7\",\"@id\":\"https:\\\/\\\/algarve7.pt\\\/#\\\/schema\\\/person\\\/23fa70681308e7b319a3204bcea45e0c\"},\"headline\":\"Quarteira recebe o 1\u00ba Encontro de teatro comunit\u00e1rio\u00a0\",\"datePublished\":\"2024-09-18T13:29:44+00:00\",\"dateModified\":\"2024-09-18T13:29:45+00:00\",\"mainEntityOfPage\":{\"@id\":\"https:\\\/\\\/algarve7.pt\\\/index.php\\\/2024\\\/09\\\/quarteira-recebe-o-1o-encontro-de-teatro-comunitario\\\/cultura\\\/14\\\/29\\\/\"},\"wordCount\":745,\"commentCount\":0,\"publisher\":{\"@id\":\"https:\\\/\\\/algarve7.pt\\\/#organization\"},\"image\":{\"@id\":\"https:\\\/\\\/algarve7.pt\\\/index.php\\\/2024\\\/09\\\/quarteira-recebe-o-1o-encontro-de-teatro-comunitario\\\/cultura\\\/14\\\/29\\\/#primaryimage\"},\"thumbnailUrl\":\"https:\\\/\\\/algarve7.pt\\\/wp-content\\\/uploads\\\/2024\\\/09\\\/Captura-de-ecra-2024-09-18-as-14.23.00.png\",\"keywords\":[\"Algarve\",\"Cultura\",\"Quarteira\",\"Teatro\"],\"articleSection\":[\"Cultura\"],\"inLanguage\":\"pt-PT\",\"potentialAction\":[{\"@type\":\"CommentAction\",\"name\":\"Comment\",\"target\":[\"https:\\\/\\\/algarve7.pt\\\/index.php\\\/2024\\\/09\\\/quarteira-recebe-o-1o-encontro-de-teatro-comunitario\\\/cultura\\\/14\\\/29\\\/#respond\"]}]},{\"@type\":\"WebPage\",\"@id\":\"https:\\\/\\\/algarve7.pt\\\/index.php\\\/2024\\\/09\\\/quarteira-recebe-o-1o-encontro-de-teatro-comunitario\\\/cultura\\\/14\\\/29\\\/\",\"url\":\"https:\\\/\\\/algarve7.pt\\\/index.php\\\/2024\\\/09\\\/quarteira-recebe-o-1o-encontro-de-teatro-comunitario\\\/cultura\\\/14\\\/29\\\/\",\"name\":\"Quarteira recebe o 1\u00ba Encontro de teatro comunit\u00e1rio\u00a0 - Algarve 7\",\"isPartOf\":{\"@id\":\"https:\\\/\\\/algarve7.pt\\\/#website\"},\"primaryImageOfPage\":{\"@id\":\"https:\\\/\\\/algarve7.pt\\\/index.php\\\/2024\\\/09\\\/quarteira-recebe-o-1o-encontro-de-teatro-comunitario\\\/cultura\\\/14\\\/29\\\/#primaryimage\"},\"image\":{\"@id\":\"https:\\\/\\\/algarve7.pt\\\/index.php\\\/2024\\\/09\\\/quarteira-recebe-o-1o-encontro-de-teatro-comunitario\\\/cultura\\\/14\\\/29\\\/#primaryimage\"},\"thumbnailUrl\":\"https:\\\/\\\/algarve7.pt\\\/wp-content\\\/uploads\\\/2024\\\/09\\\/Captura-de-ecra-2024-09-18-as-14.23.00.png\",\"datePublished\":\"2024-09-18T13:29:44+00:00\",\"dateModified\":\"2024-09-18T13:29:45+00:00\",\"description\":\"Quarteira recebe o 1\u00ba Encontro de teatro comunit\u00e1rio\u00a0 Cultura\",\"breadcrumb\":{\"@id\":\"https:\\\/\\\/algarve7.pt\\\/index.php\\\/2024\\\/09\\\/quarteira-recebe-o-1o-encontro-de-teatro-comunitario\\\/cultura\\\/14\\\/29\\\/#breadcrumb\"},\"inLanguage\":\"pt-PT\",\"potentialAction\":[{\"@type\":\"ReadAction\",\"target\":[\"https:\\\/\\\/algarve7.pt\\\/index.php\\\/2024\\\/09\\\/quarteira-recebe-o-1o-encontro-de-teatro-comunitario\\\/cultura\\\/14\\\/29\\\/\"]}]},{\"@type\":\"ImageObject\",\"inLanguage\":\"pt-PT\",\"@id\":\"https:\\\/\\\/algarve7.pt\\\/index.php\\\/2024\\\/09\\\/quarteira-recebe-o-1o-encontro-de-teatro-comunitario\\\/cultura\\\/14\\\/29\\\/#primaryimage\",\"url\":\"https:\\\/\\\/algarve7.pt\\\/wp-content\\\/uploads\\\/2024\\\/09\\\/Captura-de-ecra-2024-09-18-as-14.23.00.png\",\"contentUrl\":\"https:\\\/\\\/algarve7.pt\\\/wp-content\\\/uploads\\\/2024\\\/09\\\/Captura-de-ecra-2024-09-18-as-14.23.00.png\",\"width\":800,\"height\":470},{\"@type\":\"BreadcrumbList\",\"@id\":\"https:\\\/\\\/algarve7.pt\\\/index.php\\\/2024\\\/09\\\/quarteira-recebe-o-1o-encontro-de-teatro-comunitario\\\/cultura\\\/14\\\/29\\\/#breadcrumb\",\"itemListElement\":[{\"@type\":\"ListItem\",\"position\":1,\"name\":\"In\u00edcio\",\"item\":\"https:\\\/\\\/algarve7.pt\\\/\"},{\"@type\":\"ListItem\",\"position\":2,\"name\":\"Quarteira recebe o 1\u00ba Encontro de teatro comunit\u00e1rio\u00a0\"}]},{\"@type\":\"WebSite\",\"@id\":\"https:\\\/\\\/algarve7.pt\\\/#website\",\"url\":\"https:\\\/\\\/algarve7.pt\\\/\",\"name\":\"Algarve 7\",\"description\":\"Informa\u00e7\u00e3o sobre o Algarve\",\"publisher\":{\"@id\":\"https:\\\/\\\/algarve7.pt\\\/#organization\"},\"potentialAction\":[{\"@type\":\"SearchAction\",\"target\":{\"@type\":\"EntryPoint\",\"urlTemplate\":\"https:\\\/\\\/algarve7.pt\\\/?s={search_term_string}\"},\"query-input\":{\"@type\":\"PropertyValueSpecification\",\"valueRequired\":true,\"valueName\":\"search_term_string\"}}],\"inLanguage\":\"pt-PT\"},{\"@type\":\"Organization\",\"@id\":\"https:\\\/\\\/algarve7.pt\\\/#organization\",\"name\":\"Algarve 7\",\"url\":\"https:\\\/\\\/algarve7.pt\\\/\",\"logo\":{\"@type\":\"ImageObject\",\"inLanguage\":\"pt-PT\",\"@id\":\"https:\\\/\\\/algarve7.pt\\\/#\\\/schema\\\/logo\\\/image\\\/\",\"url\":\"https:\\\/\\\/algarve7.pt\\\/wp-content\\\/uploads\\\/2020\\\/10\\\/Logo-8.jpg\",\"contentUrl\":\"https:\\\/\\\/algarve7.pt\\\/wp-content\\\/uploads\\\/2020\\\/10\\\/Logo-8.jpg\",\"width\":1680,\"height\":1186,\"caption\":\"Algarve 7\"},\"image\":{\"@id\":\"https:\\\/\\\/algarve7.pt\\\/#\\\/schema\\\/logo\\\/image\\\/\"},\"sameAs\":[\"https:\\\/\\\/www.facebook.com\\\/algarve7\",\"https:\\\/\\\/x.com\\\/Algarvesete\",\"https:\\\/\\\/www.instagram.com\\\/jornalalgarve7\\\/\",\"https:\\\/\\\/www.linkedin.com\\\/company\\\/algarve7\",\"https:\\\/\\\/www.pinterest.pt\\\/geral0939\\\/_created\\\/\"]},{\"@type\":\"Person\",\"@id\":\"https:\\\/\\\/algarve7.pt\\\/#\\\/schema\\\/person\\\/23fa70681308e7b319a3204bcea45e0c\",\"name\":\"Algarve 7\",\"sameAs\":[\"https:\\\/\\\/algarve7.pt\",\"https:\\\/\\\/www.facebook.com\\\/algarve7\"],\"url\":\"https:\\\/\\\/algarve7.pt\\\/index.php\\\/author\\\/geralalgarve7-pt\\\/\"}]}<\/script>\n<!-- \/ Yoast SEO plugin. -->","yoast_head_json":{"title":"Quarteira recebe o 1\u00ba Encontro de teatro comunit\u00e1rio\u00a0 - Algarve 7","description":"Quarteira recebe o 1\u00ba Encontro de teatro comunit\u00e1rio\u00a0 Cultura","robots":{"index":"index","follow":"follow","max-snippet":"max-snippet:-1","max-image-preview":"max-image-preview:large","max-video-preview":"max-video-preview:-1"},"canonical":"https:\/\/algarve7.pt\/index.php\/2024\/09\/quarteira-recebe-o-1o-encontro-de-teatro-comunitario\/cultura\/14\/29\/","og_locale":"pt_PT","og_type":"article","og_title":"Quarteira recebe o 1\u00ba Encontro de teatro comunit\u00e1rio\u00a0 - Algarve 7","og_description":"Quarteira recebe o 1\u00ba Encontro de teatro comunit\u00e1rio\u00a0 Cultura","og_url":"https:\/\/algarve7.pt\/index.php\/2024\/09\/quarteira-recebe-o-1o-encontro-de-teatro-comunitario\/cultura\/14\/29\/","og_site_name":"Algarve 7","article_publisher":"https:\/\/www.facebook.com\/algarve7","article_author":"https:\/\/www.facebook.com\/algarve7","article_published_time":"2024-09-18T13:29:44+00:00","article_modified_time":"2024-09-18T13:29:45+00:00","og_image":[{"width":800,"height":470,"url":"https:\/\/algarve7.pt\/wp-content\/uploads\/2024\/09\/Captura-de-ecra-2024-09-18-as-14.23.00.png","type":"image\/png"}],"author":"Algarve 7","twitter_card":"summary_large_image","twitter_creator":"@Algarvesete","twitter_site":"@Algarvesete","twitter_misc":{"Escrito por":"Algarve 7","Tempo estimado de leitura":"4 minutos"},"schema":{"@context":"https:\/\/schema.org","@graph":[{"@type":"Article","@id":"https:\/\/algarve7.pt\/index.php\/2024\/09\/quarteira-recebe-o-1o-encontro-de-teatro-comunitario\/cultura\/14\/29\/#article","isPartOf":{"@id":"https:\/\/algarve7.pt\/index.php\/2024\/09\/quarteira-recebe-o-1o-encontro-de-teatro-comunitario\/cultura\/14\/29\/"},"author":{"name":"Algarve 7","@id":"https:\/\/algarve7.pt\/#\/schema\/person\/23fa70681308e7b319a3204bcea45e0c"},"headline":"Quarteira recebe o 1\u00ba Encontro de teatro comunit\u00e1rio\u00a0","datePublished":"2024-09-18T13:29:44+00:00","dateModified":"2024-09-18T13:29:45+00:00","mainEntityOfPage":{"@id":"https:\/\/algarve7.pt\/index.php\/2024\/09\/quarteira-recebe-o-1o-encontro-de-teatro-comunitario\/cultura\/14\/29\/"},"wordCount":745,"commentCount":0,"publisher":{"@id":"https:\/\/algarve7.pt\/#organization"},"image":{"@id":"https:\/\/algarve7.pt\/index.php\/2024\/09\/quarteira-recebe-o-1o-encontro-de-teatro-comunitario\/cultura\/14\/29\/#primaryimage"},"thumbnailUrl":"https:\/\/algarve7.pt\/wp-content\/uploads\/2024\/09\/Captura-de-ecra-2024-09-18-as-14.23.00.png","keywords":["Algarve","Cultura","Quarteira","Teatro"],"articleSection":["Cultura"],"inLanguage":"pt-PT","potentialAction":[{"@type":"CommentAction","name":"Comment","target":["https:\/\/algarve7.pt\/index.php\/2024\/09\/quarteira-recebe-o-1o-encontro-de-teatro-comunitario\/cultura\/14\/29\/#respond"]}]},{"@type":"WebPage","@id":"https:\/\/algarve7.pt\/index.php\/2024\/09\/quarteira-recebe-o-1o-encontro-de-teatro-comunitario\/cultura\/14\/29\/","url":"https:\/\/algarve7.pt\/index.php\/2024\/09\/quarteira-recebe-o-1o-encontro-de-teatro-comunitario\/cultura\/14\/29\/","name":"Quarteira recebe o 1\u00ba Encontro de teatro comunit\u00e1rio\u00a0 - Algarve 7","isPartOf":{"@id":"https:\/\/algarve7.pt\/#website"},"primaryImageOfPage":{"@id":"https:\/\/algarve7.pt\/index.php\/2024\/09\/quarteira-recebe-o-1o-encontro-de-teatro-comunitario\/cultura\/14\/29\/#primaryimage"},"image":{"@id":"https:\/\/algarve7.pt\/index.php\/2024\/09\/quarteira-recebe-o-1o-encontro-de-teatro-comunitario\/cultura\/14\/29\/#primaryimage"},"thumbnailUrl":"https:\/\/algarve7.pt\/wp-content\/uploads\/2024\/09\/Captura-de-ecra-2024-09-18-as-14.23.00.png","datePublished":"2024-09-18T13:29:44+00:00","dateModified":"2024-09-18T13:29:45+00:00","description":"Quarteira recebe o 1\u00ba Encontro de teatro comunit\u00e1rio\u00a0 Cultura","breadcrumb":{"@id":"https:\/\/algarve7.pt\/index.php\/2024\/09\/quarteira-recebe-o-1o-encontro-de-teatro-comunitario\/cultura\/14\/29\/#breadcrumb"},"inLanguage":"pt-PT","potentialAction":[{"@type":"ReadAction","target":["https:\/\/algarve7.pt\/index.php\/2024\/09\/quarteira-recebe-o-1o-encontro-de-teatro-comunitario\/cultura\/14\/29\/"]}]},{"@type":"ImageObject","inLanguage":"pt-PT","@id":"https:\/\/algarve7.pt\/index.php\/2024\/09\/quarteira-recebe-o-1o-encontro-de-teatro-comunitario\/cultura\/14\/29\/#primaryimage","url":"https:\/\/algarve7.pt\/wp-content\/uploads\/2024\/09\/Captura-de-ecra-2024-09-18-as-14.23.00.png","contentUrl":"https:\/\/algarve7.pt\/wp-content\/uploads\/2024\/09\/Captura-de-ecra-2024-09-18-as-14.23.00.png","width":800,"height":470},{"@type":"BreadcrumbList","@id":"https:\/\/algarve7.pt\/index.php\/2024\/09\/quarteira-recebe-o-1o-encontro-de-teatro-comunitario\/cultura\/14\/29\/#breadcrumb","itemListElement":[{"@type":"ListItem","position":1,"name":"In\u00edcio","item":"https:\/\/algarve7.pt\/"},{"@type":"ListItem","position":2,"name":"Quarteira recebe o 1\u00ba Encontro de teatro comunit\u00e1rio\u00a0"}]},{"@type":"WebSite","@id":"https:\/\/algarve7.pt\/#website","url":"https:\/\/algarve7.pt\/","name":"Algarve 7","description":"Informa\u00e7\u00e3o sobre o Algarve","publisher":{"@id":"https:\/\/algarve7.pt\/#organization"},"potentialAction":[{"@type":"SearchAction","target":{"@type":"EntryPoint","urlTemplate":"https:\/\/algarve7.pt\/?s={search_term_string}"},"query-input":{"@type":"PropertyValueSpecification","valueRequired":true,"valueName":"search_term_string"}}],"inLanguage":"pt-PT"},{"@type":"Organization","@id":"https:\/\/algarve7.pt\/#organization","name":"Algarve 7","url":"https:\/\/algarve7.pt\/","logo":{"@type":"ImageObject","inLanguage":"pt-PT","@id":"https:\/\/algarve7.pt\/#\/schema\/logo\/image\/","url":"https:\/\/algarve7.pt\/wp-content\/uploads\/2020\/10\/Logo-8.jpg","contentUrl":"https:\/\/algarve7.pt\/wp-content\/uploads\/2020\/10\/Logo-8.jpg","width":1680,"height":1186,"caption":"Algarve 7"},"image":{"@id":"https:\/\/algarve7.pt\/#\/schema\/logo\/image\/"},"sameAs":["https:\/\/www.facebook.com\/algarve7","https:\/\/x.com\/Algarvesete","https:\/\/www.instagram.com\/jornalalgarve7\/","https:\/\/www.linkedin.com\/company\/algarve7","https:\/\/www.pinterest.pt\/geral0939\/_created\/"]},{"@type":"Person","@id":"https:\/\/algarve7.pt\/#\/schema\/person\/23fa70681308e7b319a3204bcea45e0c","name":"Algarve 7","sameAs":["https:\/\/algarve7.pt","https:\/\/www.facebook.com\/algarve7"],"url":"https:\/\/algarve7.pt\/index.php\/author\/geralalgarve7-pt\/"}]}},"jetpack_publicize_connections":[],"jetpack_featured_media_url":"https:\/\/algarve7.pt\/wp-content\/uploads\/2024\/09\/Captura-de-ecra-2024-09-18-as-14.23.00.png","jetpack_shortlink":"https:\/\/wp.me\/pcezmW-aZN","jetpack_sharing_enabled":true,"_links":{"self":[{"href":"https:\/\/algarve7.pt\/index.php\/wp-json\/wp\/v2\/posts\/42271","targetHints":{"allow":["GET"]}}],"collection":[{"href":"https:\/\/algarve7.pt\/index.php\/wp-json\/wp\/v2\/posts"}],"about":[{"href":"https:\/\/algarve7.pt\/index.php\/wp-json\/wp\/v2\/types\/post"}],"author":[{"embeddable":true,"href":"https:\/\/algarve7.pt\/index.php\/wp-json\/wp\/v2\/users\/1"}],"replies":[{"embeddable":true,"href":"https:\/\/algarve7.pt\/index.php\/wp-json\/wp\/v2\/comments?post=42271"}],"version-history":[{"count":0,"href":"https:\/\/algarve7.pt\/index.php\/wp-json\/wp\/v2\/posts\/42271\/revisions"}],"wp:featuredmedia":[{"embeddable":true,"href":"https:\/\/algarve7.pt\/index.php\/wp-json\/wp\/v2\/media\/42272"}],"wp:attachment":[{"href":"https:\/\/algarve7.pt\/index.php\/wp-json\/wp\/v2\/media?parent=42271"}],"wp:term":[{"taxonomy":"category","embeddable":true,"href":"https:\/\/algarve7.pt\/index.php\/wp-json\/wp\/v2\/categories?post=42271"},{"taxonomy":"post_tag","embeddable":true,"href":"https:\/\/algarve7.pt\/index.php\/wp-json\/wp\/v2\/tags?post=42271"}],"curies":[{"name":"wp","href":"https:\/\/api.w.org\/{rel}","templated":true}]}}