{"id":42139,"date":"2024-09-15T10:15:00","date_gmt":"2024-09-15T09:15:00","guid":{"rendered":"https:\/\/algarve7.pt\/?p=42139"},"modified":"2024-09-14T00:09:12","modified_gmt":"2024-09-13T23:09:12","slug":"alcantarilha-tem-escola-do-ensino-basico-ampliada-e-renovada-com-apoio-dos-fundos-europeus","status":"publish","type":"post","link":"https:\/\/algarve7.pt\/index.php\/2024\/09\/alcantarilha-tem-escola-do-ensino-basico-ampliada-e-renovada-com-apoio-dos-fundos-europeus\/educacao\/10\/15\/","title":{"rendered":"Alcantarilha tem escola do ensino b\u00e1sico ampliada e renovada com apoio dos fundos europeus"},"content":{"rendered":"\n<p><strong>Foi inaugurada a Escola B\u00e1sica do 1.\u00ba Ciclo de Alcantarilha remodelada e ampliada, na sequ\u00eancia de um investimento global de 1,912 Milh\u00f5es de Euros do Munic\u00edpio de Silves, comparticipados a 80% pelos Fundos Europeus geridos na Regi\u00e3o, no \u00e2mbito dos programas regionais CRESC ALGARVE 2020 (1.\u00aa fase) e ALGARVE 2030 (2.\u00aa fase).<\/strong><\/p>\n\n\n\n<p>A convite da Presidente do Munic\u00edpio de Silves, Rosa Palma, esteve presente na inaugura\u00e7\u00e3o, o Vice-Presidente da Comiss\u00e3o de Coordena\u00e7\u00e3o e Desenvolvimento Regional (CCDR) do Algarve, I.P. Jos\u00e9 Ant\u00f3nio Pacheco, que sublinhou a import\u00e2ncia dos investimentos promovidos pelos Munic\u00edpios, e que t\u00eam contribu\u00eddo de forma relevante para uma boa utiliza\u00e7\u00e3o dos Fundos Europeus no Algarve, referindo que \u00ab<strong>temos conseguido juntar esfor\u00e7os no sentido de termos hoje um dos melhores parque escolares de Portugal<\/strong>\u00bb<\/p>\n\n\n\n<p>Na <strong>Escola B\u00e1sica do 1.\u00ba Ciclo de Alcantarilha<\/strong>, a interven\u00e7\u00e3o traduziu-se na moderniza\u00e7\u00e3o e amplia\u00e7\u00e3o das salas de aula, melhoria das condi\u00e7\u00f5es dos espa\u00e7os, em termos funcionais, ambientais, de conforto t\u00e9rmico\/ac\u00fastico, bem como das instala\u00e7\u00f5es sanit\u00e1rias para alunos com mobilidade reduzida, dos espa\u00e7os exteriores (cria\u00e7\u00e3o de espa\u00e7o coberto) e da amplia\u00e7\u00e3o de novos espa\u00e7os &#8211; refeit\u00f3rio, biblioteca, sala de professores, sendo para tal ampliados os dois pisos da escola.<\/p>\n\n\n\n<p>No piso t\u00e9rreo foi criada uma \u00e1rea destinada a refeit\u00f3rio, devolvendo a sala polivalente \u00e0 sua fun\u00e7\u00e3o original e remodeladas as \u00e1reas da cozinha e dos servi\u00e7os; Tamb\u00e9m foram remodeladas as instala\u00e7\u00f5es sanit\u00e1rias, com inclus\u00e3o de uma instala\u00e7\u00e3o para utentes com mobilidade reduzida.<\/p>\n\n\n\n<p>No piso superior foram criadas \u00e1reas para a biblioteca, a sala de professores e a sala de reuni\u00f5es e ampliadas duas salas de apoio para atividades de express\u00e3o pl\u00e1stica ou como salas laboratoriais.<\/p>\n\n\n\n<p>Tamb\u00e9m foram reordenadas as \u00e1reas exteriores com a cria\u00e7\u00e3o de um anfiteatro ao ar livre, uma arrecada\u00e7\u00e3o e uma zona exterior coberta de liga\u00e7\u00e3o entre a escola e a entrada do recinto escolar. Ap\u00f3s esta interven\u00e7\u00e3o, o equipamento escolar ter\u00e1 capacidade para 100 alunos e melhores condi\u00e7\u00f5es para a comunidade educativa.<\/p>\n\n\n\n<p><strong>A opera\u00e7\u00e3o de financiamento foi iniciada ainda no \u00e2mbito do PORTUGAL 2020<\/strong>, mas n\u00e3o foi conclu\u00edda dentro do per\u00edodo de elegibilidade (31 de dezembro de 2023).<\/p>\n\n\n\n<p>Reunindo as condi\u00e7\u00f5es aplic\u00e1veis \u00e0s opera\u00e7\u00f5es sujeitas a execu\u00e7\u00e3o faseada, tal permitiu a sua concretiza\u00e7\u00e3o em duas fases, sendo a primeira apoiada pelo Programa Operacional Regional <strong>CRESC ALGARVE 2020<\/strong> em 518.919,22 Euros, ou seja 80% do investimento eleg\u00edvel &#8211; 648.649,03 Euros, atrav\u00e9s do Fundo Europeu de Desenvolvimento Regional (FEDER).<\/p>\n\n\n\n<p>Entretanto, a Comiss\u00e3o Diretiva do <strong>Programa Regional ALGARVE 2030<\/strong> j\u00e1 aprovou o financiamento da segunda fase, nos mesmos termos: 905.065,99 Euros do Investimento Eleg\u00edvel &#8211; 1.131.332,49 Euros.<\/p>\n","protected":false},"excerpt":{"rendered":"<p>Foi inaugurada a Escola B\u00e1sica do 1.\u00ba Ciclo de Alcantarilha remodelada e ampliada, na sequ\u00eancia de um investimento global de<\/p>\n","protected":false},"author":1,"featured_media":42140,"comment_status":"open","ping_status":"open","sticky":false,"template":"","format":"standard","meta":{"colormag_page_container_layout":"default_layout","colormag_page_sidebar_layout":"default_layout","_monsterinsights_skip_tracking":false,"_monsterinsights_sitenote_active":false,"_monsterinsights_sitenote_note":"","_monsterinsights_sitenote_category":0,"jetpack_post_was_ever_published":false,"_jetpack_newsletter_access":"","_jetpack_dont_email_post_to_subs":false,"_jetpack_newsletter_tier_id":0,"_jetpack_memberships_contains_paywalled_content":false,"_jetpack_memberships_contains_paid_content":false,"footnotes":"","jetpack_publicize_message":"","jetpack_publicize_feature_enabled":true,"jetpack_social_post_already_shared":false,"jetpack_social_options":{"image_generator_settings":{"template":"highway","default_image_id":0,"font":"","enabled":false},"version":2}},"categories":[93],"tags":[141,36,74,42],"class_list":["post-42139","post","type-post","status-publish","format-standard","has-post-thumbnail","hentry","category-educacao","tag-alcantarilha","tag-algarve","tag-educacao","tag-silves"],"yoast_head":"<!-- This site is optimized with the Yoast SEO plugin v27.5 - https:\/\/yoast.com\/product\/yoast-seo-wordpress\/ -->\n<title>Alcantarilha tem escola do ensino b\u00e1sico ampliada e renovada com apoio dos fundos europeus - Algarve 7<\/title>\n<meta name=\"description\" content=\"Alcantarilha tem escola do ensino b\u00e1sico ampliada e renovada com apoio dos fundos europeus Educa\u00e7\u00e3o\" \/>\n<meta name=\"robots\" content=\"index, follow, max-snippet:-1, max-image-preview:large, max-video-preview:-1\" \/>\n<link rel=\"canonical\" href=\"https:\/\/algarve7.pt\/index.php\/2024\/09\/alcantarilha-tem-escola-do-ensino-basico-ampliada-e-renovada-com-apoio-dos-fundos-europeus\/educacao\/10\/15\/\" \/>\n<meta property=\"og:locale\" content=\"pt_PT\" \/>\n<meta property=\"og:type\" content=\"article\" \/>\n<meta property=\"og:title\" content=\"Alcantarilha tem escola do ensino b\u00e1sico ampliada e renovada com apoio dos fundos europeus - Algarve 7\" \/>\n<meta property=\"og:description\" content=\"Alcantarilha tem escola do ensino b\u00e1sico ampliada e renovada com apoio dos fundos europeus Educa\u00e7\u00e3o\" \/>\n<meta property=\"og:url\" content=\"https:\/\/algarve7.pt\/index.php\/2024\/09\/alcantarilha-tem-escola-do-ensino-basico-ampliada-e-renovada-com-apoio-dos-fundos-europeus\/educacao\/10\/15\/\" \/>\n<meta property=\"og:site_name\" content=\"Algarve 7\" \/>\n<meta property=\"article:publisher\" content=\"https:\/\/www.facebook.com\/algarve7\" \/>\n<meta property=\"article:author\" content=\"https:\/\/www.facebook.com\/algarve7\" \/>\n<meta property=\"article:published_time\" content=\"2024-09-15T09:15:00+00:00\" \/>\n<meta property=\"og:image\" content=\"https:\/\/algarve7.pt\/wp-content\/uploads\/2024\/09\/Inauguracao-Escola-EB1-de-A-lcantarilha-10-09-2024-46.jpg\" \/>\n\t<meta property=\"og:image:width\" content=\"800\" \/>\n\t<meta property=\"og:image:height\" content=\"470\" \/>\n\t<meta property=\"og:image:type\" content=\"image\/jpeg\" \/>\n<meta name=\"author\" content=\"Algarve 7\" \/>\n<meta name=\"twitter:card\" content=\"summary_large_image\" \/>\n<meta name=\"twitter:creator\" content=\"@Algarvesete\" \/>\n<meta name=\"twitter:site\" content=\"@Algarvesete\" \/>\n<meta name=\"twitter:label1\" content=\"Escrito por\" \/>\n\t<meta name=\"twitter:data1\" content=\"Algarve 7\" \/>\n\t<meta name=\"twitter:label2\" content=\"Tempo estimado de leitura\" \/>\n\t<meta name=\"twitter:data2\" content=\"3 minutos\" \/>\n<script type=\"application\/ld+json\" class=\"yoast-schema-graph\">{\"@context\":\"https:\\\/\\\/schema.org\",\"@graph\":[{\"@type\":\"Article\",\"@id\":\"https:\\\/\\\/algarve7.pt\\\/index.php\\\/2024\\\/09\\\/alcantarilha-tem-escola-do-ensino-basico-ampliada-e-renovada-com-apoio-dos-fundos-europeus\\\/educacao\\\/10\\\/15\\\/#article\",\"isPartOf\":{\"@id\":\"https:\\\/\\\/algarve7.pt\\\/index.php\\\/2024\\\/09\\\/alcantarilha-tem-escola-do-ensino-basico-ampliada-e-renovada-com-apoio-dos-fundos-europeus\\\/educacao\\\/10\\\/15\\\/\"},\"author\":{\"name\":\"Algarve 7\",\"@id\":\"https:\\\/\\\/algarve7.pt\\\/#\\\/schema\\\/person\\\/23fa70681308e7b319a3204bcea45e0c\"},\"headline\":\"Alcantarilha tem escola do ensino b\u00e1sico ampliada e renovada com apoio dos fundos europeus\",\"datePublished\":\"2024-09-15T09:15:00+00:00\",\"mainEntityOfPage\":{\"@id\":\"https:\\\/\\\/algarve7.pt\\\/index.php\\\/2024\\\/09\\\/alcantarilha-tem-escola-do-ensino-basico-ampliada-e-renovada-com-apoio-dos-fundos-europeus\\\/educacao\\\/10\\\/15\\\/\"},\"wordCount\":484,\"commentCount\":0,\"publisher\":{\"@id\":\"https:\\\/\\\/algarve7.pt\\\/#organization\"},\"image\":{\"@id\":\"https:\\\/\\\/algarve7.pt\\\/index.php\\\/2024\\\/09\\\/alcantarilha-tem-escola-do-ensino-basico-ampliada-e-renovada-com-apoio-dos-fundos-europeus\\\/educacao\\\/10\\\/15\\\/#primaryimage\"},\"thumbnailUrl\":\"https:\\\/\\\/algarve7.pt\\\/wp-content\\\/uploads\\\/2024\\\/09\\\/Inauguracao-Escola-EB1-de-A-lcantarilha-10-09-2024-46.jpg\",\"keywords\":[\"Alcantarilha\",\"Algarve\",\"Educa\u00e7\u00e3o\",\"Silves\"],\"articleSection\":[\"Educa\u00e7\u00e3o\"],\"inLanguage\":\"pt-PT\",\"potentialAction\":[{\"@type\":\"CommentAction\",\"name\":\"Comment\",\"target\":[\"https:\\\/\\\/algarve7.pt\\\/index.php\\\/2024\\\/09\\\/alcantarilha-tem-escola-do-ensino-basico-ampliada-e-renovada-com-apoio-dos-fundos-europeus\\\/educacao\\\/10\\\/15\\\/#respond\"]}]},{\"@type\":\"WebPage\",\"@id\":\"https:\\\/\\\/algarve7.pt\\\/index.php\\\/2024\\\/09\\\/alcantarilha-tem-escola-do-ensino-basico-ampliada-e-renovada-com-apoio-dos-fundos-europeus\\\/educacao\\\/10\\\/15\\\/\",\"url\":\"https:\\\/\\\/algarve7.pt\\\/index.php\\\/2024\\\/09\\\/alcantarilha-tem-escola-do-ensino-basico-ampliada-e-renovada-com-apoio-dos-fundos-europeus\\\/educacao\\\/10\\\/15\\\/\",\"name\":\"Alcantarilha tem escola do ensino b\u00e1sico ampliada e renovada com apoio dos fundos europeus - Algarve 7\",\"isPartOf\":{\"@id\":\"https:\\\/\\\/algarve7.pt\\\/#website\"},\"primaryImageOfPage\":{\"@id\":\"https:\\\/\\\/algarve7.pt\\\/index.php\\\/2024\\\/09\\\/alcantarilha-tem-escola-do-ensino-basico-ampliada-e-renovada-com-apoio-dos-fundos-europeus\\\/educacao\\\/10\\\/15\\\/#primaryimage\"},\"image\":{\"@id\":\"https:\\\/\\\/algarve7.pt\\\/index.php\\\/2024\\\/09\\\/alcantarilha-tem-escola-do-ensino-basico-ampliada-e-renovada-com-apoio-dos-fundos-europeus\\\/educacao\\\/10\\\/15\\\/#primaryimage\"},\"thumbnailUrl\":\"https:\\\/\\\/algarve7.pt\\\/wp-content\\\/uploads\\\/2024\\\/09\\\/Inauguracao-Escola-EB1-de-A-lcantarilha-10-09-2024-46.jpg\",\"datePublished\":\"2024-09-15T09:15:00+00:00\",\"description\":\"Alcantarilha tem escola do ensino b\u00e1sico ampliada e renovada com apoio dos fundos europeus Educa\u00e7\u00e3o\",\"breadcrumb\":{\"@id\":\"https:\\\/\\\/algarve7.pt\\\/index.php\\\/2024\\\/09\\\/alcantarilha-tem-escola-do-ensino-basico-ampliada-e-renovada-com-apoio-dos-fundos-europeus\\\/educacao\\\/10\\\/15\\\/#breadcrumb\"},\"inLanguage\":\"pt-PT\",\"potentialAction\":[{\"@type\":\"ReadAction\",\"target\":[\"https:\\\/\\\/algarve7.pt\\\/index.php\\\/2024\\\/09\\\/alcantarilha-tem-escola-do-ensino-basico-ampliada-e-renovada-com-apoio-dos-fundos-europeus\\\/educacao\\\/10\\\/15\\\/\"]}]},{\"@type\":\"ImageObject\",\"inLanguage\":\"pt-PT\",\"@id\":\"https:\\\/\\\/algarve7.pt\\\/index.php\\\/2024\\\/09\\\/alcantarilha-tem-escola-do-ensino-basico-ampliada-e-renovada-com-apoio-dos-fundos-europeus\\\/educacao\\\/10\\\/15\\\/#primaryimage\",\"url\":\"https:\\\/\\\/algarve7.pt\\\/wp-content\\\/uploads\\\/2024\\\/09\\\/Inauguracao-Escola-EB1-de-A-lcantarilha-10-09-2024-46.jpg\",\"contentUrl\":\"https:\\\/\\\/algarve7.pt\\\/wp-content\\\/uploads\\\/2024\\\/09\\\/Inauguracao-Escola-EB1-de-A-lcantarilha-10-09-2024-46.jpg\",\"width\":800,\"height\":470},{\"@type\":\"BreadcrumbList\",\"@id\":\"https:\\\/\\\/algarve7.pt\\\/index.php\\\/2024\\\/09\\\/alcantarilha-tem-escola-do-ensino-basico-ampliada-e-renovada-com-apoio-dos-fundos-europeus\\\/educacao\\\/10\\\/15\\\/#breadcrumb\",\"itemListElement\":[{\"@type\":\"ListItem\",\"position\":1,\"name\":\"In\u00edcio\",\"item\":\"https:\\\/\\\/algarve7.pt\\\/\"},{\"@type\":\"ListItem\",\"position\":2,\"name\":\"Alcantarilha tem escola do ensino b\u00e1sico ampliada e renovada com apoio dos fundos europeus\"}]},{\"@type\":\"WebSite\",\"@id\":\"https:\\\/\\\/algarve7.pt\\\/#website\",\"url\":\"https:\\\/\\\/algarve7.pt\\\/\",\"name\":\"Algarve 7\",\"description\":\"Informa\u00e7\u00e3o sobre o Algarve\",\"publisher\":{\"@id\":\"https:\\\/\\\/algarve7.pt\\\/#organization\"},\"potentialAction\":[{\"@type\":\"SearchAction\",\"target\":{\"@type\":\"EntryPoint\",\"urlTemplate\":\"https:\\\/\\\/algarve7.pt\\\/?s={search_term_string}\"},\"query-input\":{\"@type\":\"PropertyValueSpecification\",\"valueRequired\":true,\"valueName\":\"search_term_string\"}}],\"inLanguage\":\"pt-PT\"},{\"@type\":\"Organization\",\"@id\":\"https:\\\/\\\/algarve7.pt\\\/#organization\",\"name\":\"Algarve 7\",\"url\":\"https:\\\/\\\/algarve7.pt\\\/\",\"logo\":{\"@type\":\"ImageObject\",\"inLanguage\":\"pt-PT\",\"@id\":\"https:\\\/\\\/algarve7.pt\\\/#\\\/schema\\\/logo\\\/image\\\/\",\"url\":\"https:\\\/\\\/algarve7.pt\\\/wp-content\\\/uploads\\\/2020\\\/10\\\/Logo-8.jpg\",\"contentUrl\":\"https:\\\/\\\/algarve7.pt\\\/wp-content\\\/uploads\\\/2020\\\/10\\\/Logo-8.jpg\",\"width\":1680,\"height\":1186,\"caption\":\"Algarve 7\"},\"image\":{\"@id\":\"https:\\\/\\\/algarve7.pt\\\/#\\\/schema\\\/logo\\\/image\\\/\"},\"sameAs\":[\"https:\\\/\\\/www.facebook.com\\\/algarve7\",\"https:\\\/\\\/x.com\\\/Algarvesete\",\"https:\\\/\\\/www.instagram.com\\\/jornalalgarve7\\\/\",\"https:\\\/\\\/www.linkedin.com\\\/company\\\/algarve7\",\"https:\\\/\\\/www.pinterest.pt\\\/geral0939\\\/_created\\\/\"]},{\"@type\":\"Person\",\"@id\":\"https:\\\/\\\/algarve7.pt\\\/#\\\/schema\\\/person\\\/23fa70681308e7b319a3204bcea45e0c\",\"name\":\"Algarve 7\",\"sameAs\":[\"https:\\\/\\\/algarve7.pt\",\"https:\\\/\\\/www.facebook.com\\\/algarve7\"],\"url\":\"https:\\\/\\\/algarve7.pt\\\/index.php\\\/author\\\/geralalgarve7-pt\\\/\"}]}<\/script>\n<!-- \/ Yoast SEO plugin. -->","yoast_head_json":{"title":"Alcantarilha tem escola do ensino b\u00e1sico ampliada e renovada com apoio dos fundos europeus - Algarve 7","description":"Alcantarilha tem escola do ensino b\u00e1sico ampliada e renovada com apoio dos fundos europeus Educa\u00e7\u00e3o","robots":{"index":"index","follow":"follow","max-snippet":"max-snippet:-1","max-image-preview":"max-image-preview:large","max-video-preview":"max-video-preview:-1"},"canonical":"https:\/\/algarve7.pt\/index.php\/2024\/09\/alcantarilha-tem-escola-do-ensino-basico-ampliada-e-renovada-com-apoio-dos-fundos-europeus\/educacao\/10\/15\/","og_locale":"pt_PT","og_type":"article","og_title":"Alcantarilha tem escola do ensino b\u00e1sico ampliada e renovada com apoio dos fundos europeus - Algarve 7","og_description":"Alcantarilha tem escola do ensino b\u00e1sico ampliada e renovada com apoio dos fundos europeus Educa\u00e7\u00e3o","og_url":"https:\/\/algarve7.pt\/index.php\/2024\/09\/alcantarilha-tem-escola-do-ensino-basico-ampliada-e-renovada-com-apoio-dos-fundos-europeus\/educacao\/10\/15\/","og_site_name":"Algarve 7","article_publisher":"https:\/\/www.facebook.com\/algarve7","article_author":"https:\/\/www.facebook.com\/algarve7","article_published_time":"2024-09-15T09:15:00+00:00","og_image":[{"width":800,"height":470,"url":"https:\/\/algarve7.pt\/wp-content\/uploads\/2024\/09\/Inauguracao-Escola-EB1-de-A-lcantarilha-10-09-2024-46.jpg","type":"image\/jpeg"}],"author":"Algarve 7","twitter_card":"summary_large_image","twitter_creator":"@Algarvesete","twitter_site":"@Algarvesete","twitter_misc":{"Escrito por":"Algarve 7","Tempo estimado de leitura":"3 minutos"},"schema":{"@context":"https:\/\/schema.org","@graph":[{"@type":"Article","@id":"https:\/\/algarve7.pt\/index.php\/2024\/09\/alcantarilha-tem-escola-do-ensino-basico-ampliada-e-renovada-com-apoio-dos-fundos-europeus\/educacao\/10\/15\/#article","isPartOf":{"@id":"https:\/\/algarve7.pt\/index.php\/2024\/09\/alcantarilha-tem-escola-do-ensino-basico-ampliada-e-renovada-com-apoio-dos-fundos-europeus\/educacao\/10\/15\/"},"author":{"name":"Algarve 7","@id":"https:\/\/algarve7.pt\/#\/schema\/person\/23fa70681308e7b319a3204bcea45e0c"},"headline":"Alcantarilha tem escola do ensino b\u00e1sico ampliada e renovada com apoio dos fundos europeus","datePublished":"2024-09-15T09:15:00+00:00","mainEntityOfPage":{"@id":"https:\/\/algarve7.pt\/index.php\/2024\/09\/alcantarilha-tem-escola-do-ensino-basico-ampliada-e-renovada-com-apoio-dos-fundos-europeus\/educacao\/10\/15\/"},"wordCount":484,"commentCount":0,"publisher":{"@id":"https:\/\/algarve7.pt\/#organization"},"image":{"@id":"https:\/\/algarve7.pt\/index.php\/2024\/09\/alcantarilha-tem-escola-do-ensino-basico-ampliada-e-renovada-com-apoio-dos-fundos-europeus\/educacao\/10\/15\/#primaryimage"},"thumbnailUrl":"https:\/\/algarve7.pt\/wp-content\/uploads\/2024\/09\/Inauguracao-Escola-EB1-de-A-lcantarilha-10-09-2024-46.jpg","keywords":["Alcantarilha","Algarve","Educa\u00e7\u00e3o","Silves"],"articleSection":["Educa\u00e7\u00e3o"],"inLanguage":"pt-PT","potentialAction":[{"@type":"CommentAction","name":"Comment","target":["https:\/\/algarve7.pt\/index.php\/2024\/09\/alcantarilha-tem-escola-do-ensino-basico-ampliada-e-renovada-com-apoio-dos-fundos-europeus\/educacao\/10\/15\/#respond"]}]},{"@type":"WebPage","@id":"https:\/\/algarve7.pt\/index.php\/2024\/09\/alcantarilha-tem-escola-do-ensino-basico-ampliada-e-renovada-com-apoio-dos-fundos-europeus\/educacao\/10\/15\/","url":"https:\/\/algarve7.pt\/index.php\/2024\/09\/alcantarilha-tem-escola-do-ensino-basico-ampliada-e-renovada-com-apoio-dos-fundos-europeus\/educacao\/10\/15\/","name":"Alcantarilha tem escola do ensino b\u00e1sico ampliada e renovada com apoio dos fundos europeus - Algarve 7","isPartOf":{"@id":"https:\/\/algarve7.pt\/#website"},"primaryImageOfPage":{"@id":"https:\/\/algarve7.pt\/index.php\/2024\/09\/alcantarilha-tem-escola-do-ensino-basico-ampliada-e-renovada-com-apoio-dos-fundos-europeus\/educacao\/10\/15\/#primaryimage"},"image":{"@id":"https:\/\/algarve7.pt\/index.php\/2024\/09\/alcantarilha-tem-escola-do-ensino-basico-ampliada-e-renovada-com-apoio-dos-fundos-europeus\/educacao\/10\/15\/#primaryimage"},"thumbnailUrl":"https:\/\/algarve7.pt\/wp-content\/uploads\/2024\/09\/Inauguracao-Escola-EB1-de-A-lcantarilha-10-09-2024-46.jpg","datePublished":"2024-09-15T09:15:00+00:00","description":"Alcantarilha tem escola do ensino b\u00e1sico ampliada e renovada com apoio dos fundos europeus Educa\u00e7\u00e3o","breadcrumb":{"@id":"https:\/\/algarve7.pt\/index.php\/2024\/09\/alcantarilha-tem-escola-do-ensino-basico-ampliada-e-renovada-com-apoio-dos-fundos-europeus\/educacao\/10\/15\/#breadcrumb"},"inLanguage":"pt-PT","potentialAction":[{"@type":"ReadAction","target":["https:\/\/algarve7.pt\/index.php\/2024\/09\/alcantarilha-tem-escola-do-ensino-basico-ampliada-e-renovada-com-apoio-dos-fundos-europeus\/educacao\/10\/15\/"]}]},{"@type":"ImageObject","inLanguage":"pt-PT","@id":"https:\/\/algarve7.pt\/index.php\/2024\/09\/alcantarilha-tem-escola-do-ensino-basico-ampliada-e-renovada-com-apoio-dos-fundos-europeus\/educacao\/10\/15\/#primaryimage","url":"https:\/\/algarve7.pt\/wp-content\/uploads\/2024\/09\/Inauguracao-Escola-EB1-de-A-lcantarilha-10-09-2024-46.jpg","contentUrl":"https:\/\/algarve7.pt\/wp-content\/uploads\/2024\/09\/Inauguracao-Escola-EB1-de-A-lcantarilha-10-09-2024-46.jpg","width":800,"height":470},{"@type":"BreadcrumbList","@id":"https:\/\/algarve7.pt\/index.php\/2024\/09\/alcantarilha-tem-escola-do-ensino-basico-ampliada-e-renovada-com-apoio-dos-fundos-europeus\/educacao\/10\/15\/#breadcrumb","itemListElement":[{"@type":"ListItem","position":1,"name":"In\u00edcio","item":"https:\/\/algarve7.pt\/"},{"@type":"ListItem","position":2,"name":"Alcantarilha tem escola do ensino b\u00e1sico ampliada e renovada com apoio dos fundos europeus"}]},{"@type":"WebSite","@id":"https:\/\/algarve7.pt\/#website","url":"https:\/\/algarve7.pt\/","name":"Algarve 7","description":"Informa\u00e7\u00e3o sobre o Algarve","publisher":{"@id":"https:\/\/algarve7.pt\/#organization"},"potentialAction":[{"@type":"SearchAction","target":{"@type":"EntryPoint","urlTemplate":"https:\/\/algarve7.pt\/?s={search_term_string}"},"query-input":{"@type":"PropertyValueSpecification","valueRequired":true,"valueName":"search_term_string"}}],"inLanguage":"pt-PT"},{"@type":"Organization","@id":"https:\/\/algarve7.pt\/#organization","name":"Algarve 7","url":"https:\/\/algarve7.pt\/","logo":{"@type":"ImageObject","inLanguage":"pt-PT","@id":"https:\/\/algarve7.pt\/#\/schema\/logo\/image\/","url":"https:\/\/algarve7.pt\/wp-content\/uploads\/2020\/10\/Logo-8.jpg","contentUrl":"https:\/\/algarve7.pt\/wp-content\/uploads\/2020\/10\/Logo-8.jpg","width":1680,"height":1186,"caption":"Algarve 7"},"image":{"@id":"https:\/\/algarve7.pt\/#\/schema\/logo\/image\/"},"sameAs":["https:\/\/www.facebook.com\/algarve7","https:\/\/x.com\/Algarvesete","https:\/\/www.instagram.com\/jornalalgarve7\/","https:\/\/www.linkedin.com\/company\/algarve7","https:\/\/www.pinterest.pt\/geral0939\/_created\/"]},{"@type":"Person","@id":"https:\/\/algarve7.pt\/#\/schema\/person\/23fa70681308e7b319a3204bcea45e0c","name":"Algarve 7","sameAs":["https:\/\/algarve7.pt","https:\/\/www.facebook.com\/algarve7"],"url":"https:\/\/algarve7.pt\/index.php\/author\/geralalgarve7-pt\/"}]}},"jetpack_publicize_connections":[],"jetpack_featured_media_url":"https:\/\/algarve7.pt\/wp-content\/uploads\/2024\/09\/Inauguracao-Escola-EB1-de-A-lcantarilha-10-09-2024-46.jpg","jetpack_shortlink":"https:\/\/wp.me\/pcezmW-aXF","jetpack_sharing_enabled":true,"_links":{"self":[{"href":"https:\/\/algarve7.pt\/index.php\/wp-json\/wp\/v2\/posts\/42139","targetHints":{"allow":["GET"]}}],"collection":[{"href":"https:\/\/algarve7.pt\/index.php\/wp-json\/wp\/v2\/posts"}],"about":[{"href":"https:\/\/algarve7.pt\/index.php\/wp-json\/wp\/v2\/types\/post"}],"author":[{"embeddable":true,"href":"https:\/\/algarve7.pt\/index.php\/wp-json\/wp\/v2\/users\/1"}],"replies":[{"embeddable":true,"href":"https:\/\/algarve7.pt\/index.php\/wp-json\/wp\/v2\/comments?post=42139"}],"version-history":[{"count":0,"href":"https:\/\/algarve7.pt\/index.php\/wp-json\/wp\/v2\/posts\/42139\/revisions"}],"wp:featuredmedia":[{"embeddable":true,"href":"https:\/\/algarve7.pt\/index.php\/wp-json\/wp\/v2\/media\/42140"}],"wp:attachment":[{"href":"https:\/\/algarve7.pt\/index.php\/wp-json\/wp\/v2\/media?parent=42139"}],"wp:term":[{"taxonomy":"category","embeddable":true,"href":"https:\/\/algarve7.pt\/index.php\/wp-json\/wp\/v2\/categories?post=42139"},{"taxonomy":"post_tag","embeddable":true,"href":"https:\/\/algarve7.pt\/index.php\/wp-json\/wp\/v2\/tags?post=42139"}],"curies":[{"name":"wp","href":"https:\/\/api.w.org\/{rel}","templated":true}]}}