{"id":42091,"date":"2024-09-14T10:30:00","date_gmt":"2024-09-14T09:30:00","guid":{"rendered":"https:\/\/algarve7.pt\/?p=42091"},"modified":"2024-09-12T09:08:52","modified_gmt":"2024-09-12T08:08:52","slug":"estao-abertas-as-inscricoes-para-a-8a-edicao-dos-cursos-anuais-de-teatro-fisico-e-formacao-de-actores-do-jat","status":"publish","type":"post","link":"https:\/\/algarve7.pt\/index.php\/2024\/09\/estao-abertas-as-inscricoes-para-a-8a-edicao-dos-cursos-anuais-de-teatro-fisico-e-formacao-de-actores-do-jat\/cultura\/10\/30\/","title":{"rendered":"Est\u00e3o abertas as inscri\u00e7\u00f5es para a 8\u00aa edi\u00e7\u00e3o dos cursos anuais de Teatro F\u00edsico e Forma\u00e7\u00e3o de Actores do JAT"},"content":{"rendered":"\n<p>As aulas do curso de&nbsp;Forma\u00e7\u00e3o de Actores&nbsp;ser\u00e3o \u00e0s segundas-feiras e as do &nbsp;curso de&nbsp;Teatro F\u00edsico&nbsp;\u00e0s quartas-feiras, e realizam-se em Faro, de Novembro de 2024 a Junho de 2025, com um processo de selec\u00e7\u00e3o (entrevista e aula\/audi\u00e7\u00e3o) em Outubro de 2024 e um espect\u00e1culo final de curso em Junho de 2025.&nbsp;<\/p>\n\n\n\n<p>As inscri\u00e7\u00f5es para o novo curso de&nbsp;MIMO, iniciar-se-\u00e3o no final de 2024, e o curso ser\u00e1 leccionado entre o primeiro e segundo semestre de 2025. Esta novidade destina-se a um p\u00fablico dos 8 aos 13 anos, e vem dar resposta aos recorrentes pedidos desta particular audi\u00eancia.<\/p>\n\n\n\n<p>Diana Bernedo&nbsp;e&nbsp;Miguel Martins Pessoa&nbsp;directores do JAT s\u00e3o os&nbsp;coordenadores e directores art\u00edsticos de todos os cursos, com um s\u00f3lido percurso na \u00e1rea da doc\u00eancia em espa\u00e7os nacionais e internacionais, desde 2009. J\u00e1 ministraram oficinas na ESTC &#8211; Escola Superior de Teatro e Cinema de Lisboa e em organismos internacionais como o Centro Andaluz de Formaci\u00f3n Esc\u00e9nica de Andaluc\u00eda e a Escuela Int. de Mimo y Teatro F\u00edsico Nouveau Colombier (ES), o MonoBox e o Physical Fest (UK), o festival M.I.M. (FR), assim como em espa\u00e7os da Gr\u00e9cia, Chile e It\u00e1lia. Em 2025 ministrar\u00e3o novamente um curso de M\u00e9todo Suzuki no prestigioso Centro Andaluz de Formaci\u00f3n Esc\u00e9nica de Andaluc\u00eda.<\/p>\n\n\n\n<p>Segundo a dupla \u201cNum territ\u00f3rio como o Algarve onde a oferta formativa \u00e9 escassa, a nossa \u2018Escola\u2019, proporciona uma forma\u00e7\u00e3o consistente e continuada sendo a \u00fanica estrutura de forma\u00e7\u00e3o permanente para adultos da regi\u00e3o.<\/p>\n\n\n\n<p>Proporcionamos ininterruptamente, desde 2017, dois cursos regulares e tantos outros pontuais, em diversas disciplinas do teatro, e temos pedidos de informa\u00e7\u00e3o para ingressar nos mesmos ao longo de todo o ano, o que faz antever que esta edi\u00e7\u00e3o 8\u00aa dos cursos regulares, tenha lota\u00e7\u00e3o completa, \u00e0 semelhan\u00e7a dos anos anteriores.\u201d.<\/p>\n\n\n\n<p>Nesta geografia, onde h\u00e1 escassa oferta neste \u00e2mbito, o JAT proporciona forma\u00e7\u00e3o continuada, conhecimento e experi\u00eancia, vinda de fontes internacionais, utilizando duas das metodologias mais revolucion\u00e1rias do s\u00e9culo XX nas artes c\u00e9nicas: o Mimo Corporal Dram\u00e1tico e o M\u00e9todo Suzuki.&nbsp;<\/p>\n\n\n\n<p>Pr\u00e1cticas e linguagens que Diana Bernedo e Miguel Martins Pessoa, formadores deste projecto, absorveram directamente dos grandes Marcel Marceau, Jos\u00e9 Piris (disc\u00edpulo directo de M. Marceau) e Tadashi Suzuki, em Espanha e Jap\u00e3o, respectivamente.<\/p>\n\n\n\n<p>Para al\u00e9m destas metodologias as oficinas incluem outras disciplinas como a Pantomima, M\u00e1scara Neutra, Viewpoints, M\u00e1scara Expressiva, Commedia dell&#8217;Arte, Interpreta\u00e7\u00e3o, Voz, Improvisa\u00e7\u00e3o, Dramaturgia e Cria\u00e7\u00e3o, com uma filosofia pr\u00f3pria inspirados por grandes renovadores como \u00c9tienne Decroux, Marcel Marceau ou Jacques Lecoq. Em cada ano lectivo, s\u00e3o convidados outros professores com s\u00f3lida experi\u00eancia na doc\u00eancia, em disciplinas tais como a dan\u00e7a, o canto ou a constru\u00e7\u00e3o de m\u00e1scaras.<\/p>\n\n\n\n<p>No final dos cursos, \u00e9 realizado um&nbsp;espect\u00e1culo\/mostra&nbsp;no emblem\u00e1tico&nbsp;Teatro Lethes, com sala cheia nas anteriores edi\u00e7\u00f5es.<\/p>\n\n\n\n<p>Este projecto \u00e9 um ponto de refer\u00eancia na regi\u00e3o com grande impacto no tecido humano e cultural com repercuss\u00e3o a n\u00edvel nacional e internacional.<\/p>\n\n\n\n<p>Mais de 500 alunos, de todas as idades, j\u00e1 passaram pelos cursos do JAT. Muitos destes continuam a estudar e\/ou trabalham em diferentes produ\u00e7\u00f5es, do JAT ou de outras companhias.&nbsp;<\/p>\n\n\n\n<p>Como \u00e9 o caso de Vasco Seromenho, actor surdo de 24 anos, formado no Curso de Teatro F\u00edsico do JAT desde os seus 17 anos, que actualmente integra espect\u00e1culos em digress\u00e3o do Teatro Nacional Dona Maria II e do Centro Dram\u00e1tico Nacional, em Espanha. Este foi recentemente admitido no curso de teatro da ESTC, para o ano lectivo de 2024\/205, tornando-se o 1\u00ba aluno com condi\u00e7\u00e3o de surdez a integrar o referido curso superior.&nbsp;<\/p>\n\n\n\n<p>Com esta nova edi\u00e7\u00e3o com tr\u00eas cursos regulares, d\u00e1-se continuidade \u00e0 actividade pedag\u00f3gica do JAT, com o objectivo de&nbsp;formar e profissionalizar novos artistas, criar novos e melhores espectadores e melhores seres humanos.<\/p>\n","protected":false},"excerpt":{"rendered":"<p>As aulas do curso de&nbsp;Forma\u00e7\u00e3o de Actores&nbsp;ser\u00e3o \u00e0s segundas-feiras e as do &nbsp;curso de&nbsp;Teatro F\u00edsico&nbsp;\u00e0s quartas-feiras, e realizam-se em Faro,<\/p>\n","protected":false},"author":1,"featured_media":42092,"comment_status":"open","ping_status":"open","sticky":false,"template":"","format":"standard","meta":{"colormag_page_container_layout":"default_layout","colormag_page_sidebar_layout":"default_layout","_monsterinsights_skip_tracking":false,"_monsterinsights_sitenote_active":false,"_monsterinsights_sitenote_note":"","_monsterinsights_sitenote_category":0,"jetpack_post_was_ever_published":false,"_jetpack_newsletter_access":"","_jetpack_dont_email_post_to_subs":false,"_jetpack_newsletter_tier_id":0,"_jetpack_memberships_contains_paywalled_content":false,"_jetpack_memberships_contains_paid_content":false,"footnotes":"","jetpack_publicize_message":"","jetpack_publicize_feature_enabled":true,"jetpack_social_post_already_shared":false,"jetpack_social_options":{"image_generator_settings":{"template":"highway","default_image_id":0,"font":"","enabled":false},"version":2}},"categories":[14],"tags":[36,35,602],"class_list":["post-42091","post","type-post","status-publish","format-standard","has-post-thumbnail","hentry","category-cultura","tag-algarve","tag-cultura","tag-jat-janela-aberta-teatro"],"yoast_head":"<!-- This site is optimized with the Yoast SEO plugin v27.5 - https:\/\/yoast.com\/product\/yoast-seo-wordpress\/ -->\n<title>Est\u00e3o abertas as inscri\u00e7\u00f5es para a 8\u00aa edi\u00e7\u00e3o dos cursos anuais de Teatro F\u00edsico e Forma\u00e7\u00e3o de Actores do JAT - Algarve 7<\/title>\n<meta name=\"description\" content=\"Est\u00e3o abertas as inscri\u00e7\u00f5es para a 8\u00aa edi\u00e7\u00e3o dos cursos anuais de Teatro F\u00edsico e Forma\u00e7\u00e3o de Actores do JAT Cultura\" \/>\n<meta name=\"robots\" content=\"index, follow, max-snippet:-1, max-image-preview:large, max-video-preview:-1\" \/>\n<link rel=\"canonical\" href=\"https:\/\/algarve7.pt\/index.php\/2024\/09\/estao-abertas-as-inscricoes-para-a-8a-edicao-dos-cursos-anuais-de-teatro-fisico-e-formacao-de-actores-do-jat\/cultura\/10\/30\/\" \/>\n<meta property=\"og:locale\" content=\"pt_PT\" \/>\n<meta property=\"og:type\" content=\"article\" \/>\n<meta property=\"og:title\" content=\"Est\u00e3o abertas as inscri\u00e7\u00f5es para a 8\u00aa edi\u00e7\u00e3o dos cursos anuais de Teatro F\u00edsico e Forma\u00e7\u00e3o de Actores do JAT - Algarve 7\" \/>\n<meta property=\"og:description\" content=\"Est\u00e3o abertas as inscri\u00e7\u00f5es para a 8\u00aa edi\u00e7\u00e3o dos cursos anuais de Teatro F\u00edsico e Forma\u00e7\u00e3o de Actores do JAT Cultura\" \/>\n<meta property=\"og:url\" content=\"https:\/\/algarve7.pt\/index.php\/2024\/09\/estao-abertas-as-inscricoes-para-a-8a-edicao-dos-cursos-anuais-de-teatro-fisico-e-formacao-de-actores-do-jat\/cultura\/10\/30\/\" \/>\n<meta property=\"og:site_name\" content=\"Algarve 7\" \/>\n<meta property=\"article:publisher\" content=\"https:\/\/www.facebook.com\/algarve7\" \/>\n<meta property=\"article:author\" content=\"https:\/\/www.facebook.com\/algarve7\" \/>\n<meta property=\"article:published_time\" content=\"2024-09-14T09:30:00+00:00\" \/>\n<meta property=\"og:image\" content=\"https:\/\/algarve7.pt\/wp-content\/uploads\/2024\/09\/Captura-de-ecra-2024-09-12-as-09.07.37.png\" \/>\n\t<meta property=\"og:image:width\" content=\"800\" \/>\n\t<meta property=\"og:image:height\" content=\"470\" \/>\n\t<meta property=\"og:image:type\" content=\"image\/png\" \/>\n<meta name=\"author\" content=\"Algarve 7\" \/>\n<meta name=\"twitter:card\" content=\"summary_large_image\" \/>\n<meta name=\"twitter:creator\" content=\"@Algarvesete\" \/>\n<meta name=\"twitter:site\" content=\"@Algarvesete\" \/>\n<meta name=\"twitter:label1\" content=\"Escrito por\" \/>\n\t<meta name=\"twitter:data1\" content=\"Algarve 7\" \/>\n\t<meta name=\"twitter:label2\" content=\"Tempo estimado de leitura\" \/>\n\t<meta name=\"twitter:data2\" content=\"4 minutos\" \/>\n<script type=\"application\/ld+json\" class=\"yoast-schema-graph\">{\"@context\":\"https:\\\/\\\/schema.org\",\"@graph\":[{\"@type\":\"Article\",\"@id\":\"https:\\\/\\\/algarve7.pt\\\/index.php\\\/2024\\\/09\\\/estao-abertas-as-inscricoes-para-a-8a-edicao-dos-cursos-anuais-de-teatro-fisico-e-formacao-de-actores-do-jat\\\/cultura\\\/10\\\/30\\\/#article\",\"isPartOf\":{\"@id\":\"https:\\\/\\\/algarve7.pt\\\/index.php\\\/2024\\\/09\\\/estao-abertas-as-inscricoes-para-a-8a-edicao-dos-cursos-anuais-de-teatro-fisico-e-formacao-de-actores-do-jat\\\/cultura\\\/10\\\/30\\\/\"},\"author\":{\"name\":\"Algarve 7\",\"@id\":\"https:\\\/\\\/algarve7.pt\\\/#\\\/schema\\\/person\\\/23fa70681308e7b319a3204bcea45e0c\"},\"headline\":\"Est\u00e3o abertas as inscri\u00e7\u00f5es para a 8\u00aa edi\u00e7\u00e3o dos cursos anuais de Teatro F\u00edsico e Forma\u00e7\u00e3o de Actores do JAT\",\"datePublished\":\"2024-09-14T09:30:00+00:00\",\"mainEntityOfPage\":{\"@id\":\"https:\\\/\\\/algarve7.pt\\\/index.php\\\/2024\\\/09\\\/estao-abertas-as-inscricoes-para-a-8a-edicao-dos-cursos-anuais-de-teatro-fisico-e-formacao-de-actores-do-jat\\\/cultura\\\/10\\\/30\\\/\"},\"wordCount\":717,\"commentCount\":2,\"publisher\":{\"@id\":\"https:\\\/\\\/algarve7.pt\\\/#organization\"},\"image\":{\"@id\":\"https:\\\/\\\/algarve7.pt\\\/index.php\\\/2024\\\/09\\\/estao-abertas-as-inscricoes-para-a-8a-edicao-dos-cursos-anuais-de-teatro-fisico-e-formacao-de-actores-do-jat\\\/cultura\\\/10\\\/30\\\/#primaryimage\"},\"thumbnailUrl\":\"https:\\\/\\\/algarve7.pt\\\/wp-content\\\/uploads\\\/2024\\\/09\\\/Captura-de-ecra-2024-09-12-as-09.07.37.png\",\"keywords\":[\"Algarve\",\"Cultura\",\"JAT- Janela Aberta Teatro\"],\"articleSection\":[\"Cultura\"],\"inLanguage\":\"pt-PT\",\"potentialAction\":[{\"@type\":\"CommentAction\",\"name\":\"Comment\",\"target\":[\"https:\\\/\\\/algarve7.pt\\\/index.php\\\/2024\\\/09\\\/estao-abertas-as-inscricoes-para-a-8a-edicao-dos-cursos-anuais-de-teatro-fisico-e-formacao-de-actores-do-jat\\\/cultura\\\/10\\\/30\\\/#respond\"]}]},{\"@type\":\"WebPage\",\"@id\":\"https:\\\/\\\/algarve7.pt\\\/index.php\\\/2024\\\/09\\\/estao-abertas-as-inscricoes-para-a-8a-edicao-dos-cursos-anuais-de-teatro-fisico-e-formacao-de-actores-do-jat\\\/cultura\\\/10\\\/30\\\/\",\"url\":\"https:\\\/\\\/algarve7.pt\\\/index.php\\\/2024\\\/09\\\/estao-abertas-as-inscricoes-para-a-8a-edicao-dos-cursos-anuais-de-teatro-fisico-e-formacao-de-actores-do-jat\\\/cultura\\\/10\\\/30\\\/\",\"name\":\"Est\u00e3o abertas as inscri\u00e7\u00f5es para a 8\u00aa edi\u00e7\u00e3o dos cursos anuais de Teatro F\u00edsico e Forma\u00e7\u00e3o de Actores do JAT - Algarve 7\",\"isPartOf\":{\"@id\":\"https:\\\/\\\/algarve7.pt\\\/#website\"},\"primaryImageOfPage\":{\"@id\":\"https:\\\/\\\/algarve7.pt\\\/index.php\\\/2024\\\/09\\\/estao-abertas-as-inscricoes-para-a-8a-edicao-dos-cursos-anuais-de-teatro-fisico-e-formacao-de-actores-do-jat\\\/cultura\\\/10\\\/30\\\/#primaryimage\"},\"image\":{\"@id\":\"https:\\\/\\\/algarve7.pt\\\/index.php\\\/2024\\\/09\\\/estao-abertas-as-inscricoes-para-a-8a-edicao-dos-cursos-anuais-de-teatro-fisico-e-formacao-de-actores-do-jat\\\/cultura\\\/10\\\/30\\\/#primaryimage\"},\"thumbnailUrl\":\"https:\\\/\\\/algarve7.pt\\\/wp-content\\\/uploads\\\/2024\\\/09\\\/Captura-de-ecra-2024-09-12-as-09.07.37.png\",\"datePublished\":\"2024-09-14T09:30:00+00:00\",\"description\":\"Est\u00e3o abertas as inscri\u00e7\u00f5es para a 8\u00aa edi\u00e7\u00e3o dos cursos anuais de Teatro F\u00edsico e Forma\u00e7\u00e3o de Actores do JAT Cultura\",\"breadcrumb\":{\"@id\":\"https:\\\/\\\/algarve7.pt\\\/index.php\\\/2024\\\/09\\\/estao-abertas-as-inscricoes-para-a-8a-edicao-dos-cursos-anuais-de-teatro-fisico-e-formacao-de-actores-do-jat\\\/cultura\\\/10\\\/30\\\/#breadcrumb\"},\"inLanguage\":\"pt-PT\",\"potentialAction\":[{\"@type\":\"ReadAction\",\"target\":[\"https:\\\/\\\/algarve7.pt\\\/index.php\\\/2024\\\/09\\\/estao-abertas-as-inscricoes-para-a-8a-edicao-dos-cursos-anuais-de-teatro-fisico-e-formacao-de-actores-do-jat\\\/cultura\\\/10\\\/30\\\/\"]}]},{\"@type\":\"ImageObject\",\"inLanguage\":\"pt-PT\",\"@id\":\"https:\\\/\\\/algarve7.pt\\\/index.php\\\/2024\\\/09\\\/estao-abertas-as-inscricoes-para-a-8a-edicao-dos-cursos-anuais-de-teatro-fisico-e-formacao-de-actores-do-jat\\\/cultura\\\/10\\\/30\\\/#primaryimage\",\"url\":\"https:\\\/\\\/algarve7.pt\\\/wp-content\\\/uploads\\\/2024\\\/09\\\/Captura-de-ecra-2024-09-12-as-09.07.37.png\",\"contentUrl\":\"https:\\\/\\\/algarve7.pt\\\/wp-content\\\/uploads\\\/2024\\\/09\\\/Captura-de-ecra-2024-09-12-as-09.07.37.png\",\"width\":800,\"height\":470},{\"@type\":\"BreadcrumbList\",\"@id\":\"https:\\\/\\\/algarve7.pt\\\/index.php\\\/2024\\\/09\\\/estao-abertas-as-inscricoes-para-a-8a-edicao-dos-cursos-anuais-de-teatro-fisico-e-formacao-de-actores-do-jat\\\/cultura\\\/10\\\/30\\\/#breadcrumb\",\"itemListElement\":[{\"@type\":\"ListItem\",\"position\":1,\"name\":\"In\u00edcio\",\"item\":\"https:\\\/\\\/algarve7.pt\\\/\"},{\"@type\":\"ListItem\",\"position\":2,\"name\":\"Est\u00e3o abertas as inscri\u00e7\u00f5es para a 8\u00aa edi\u00e7\u00e3o dos cursos anuais de Teatro F\u00edsico e Forma\u00e7\u00e3o de Actores do JAT\"}]},{\"@type\":\"WebSite\",\"@id\":\"https:\\\/\\\/algarve7.pt\\\/#website\",\"url\":\"https:\\\/\\\/algarve7.pt\\\/\",\"name\":\"Algarve 7\",\"description\":\"Informa\u00e7\u00e3o sobre o Algarve\",\"publisher\":{\"@id\":\"https:\\\/\\\/algarve7.pt\\\/#organization\"},\"potentialAction\":[{\"@type\":\"SearchAction\",\"target\":{\"@type\":\"EntryPoint\",\"urlTemplate\":\"https:\\\/\\\/algarve7.pt\\\/?s={search_term_string}\"},\"query-input\":{\"@type\":\"PropertyValueSpecification\",\"valueRequired\":true,\"valueName\":\"search_term_string\"}}],\"inLanguage\":\"pt-PT\"},{\"@type\":\"Organization\",\"@id\":\"https:\\\/\\\/algarve7.pt\\\/#organization\",\"name\":\"Algarve 7\",\"url\":\"https:\\\/\\\/algarve7.pt\\\/\",\"logo\":{\"@type\":\"ImageObject\",\"inLanguage\":\"pt-PT\",\"@id\":\"https:\\\/\\\/algarve7.pt\\\/#\\\/schema\\\/logo\\\/image\\\/\",\"url\":\"https:\\\/\\\/algarve7.pt\\\/wp-content\\\/uploads\\\/2020\\\/10\\\/Logo-8.jpg\",\"contentUrl\":\"https:\\\/\\\/algarve7.pt\\\/wp-content\\\/uploads\\\/2020\\\/10\\\/Logo-8.jpg\",\"width\":1680,\"height\":1186,\"caption\":\"Algarve 7\"},\"image\":{\"@id\":\"https:\\\/\\\/algarve7.pt\\\/#\\\/schema\\\/logo\\\/image\\\/\"},\"sameAs\":[\"https:\\\/\\\/www.facebook.com\\\/algarve7\",\"https:\\\/\\\/x.com\\\/Algarvesete\",\"https:\\\/\\\/www.instagram.com\\\/jornalalgarve7\\\/\",\"https:\\\/\\\/www.linkedin.com\\\/company\\\/algarve7\",\"https:\\\/\\\/www.pinterest.pt\\\/geral0939\\\/_created\\\/\"]},{\"@type\":\"Person\",\"@id\":\"https:\\\/\\\/algarve7.pt\\\/#\\\/schema\\\/person\\\/23fa70681308e7b319a3204bcea45e0c\",\"name\":\"Algarve 7\",\"sameAs\":[\"https:\\\/\\\/algarve7.pt\",\"https:\\\/\\\/www.facebook.com\\\/algarve7\"],\"url\":\"https:\\\/\\\/algarve7.pt\\\/index.php\\\/author\\\/geralalgarve7-pt\\\/\"}]}<\/script>\n<!-- \/ Yoast SEO plugin. -->","yoast_head_json":{"title":"Est\u00e3o abertas as inscri\u00e7\u00f5es para a 8\u00aa edi\u00e7\u00e3o dos cursos anuais de Teatro F\u00edsico e Forma\u00e7\u00e3o de Actores do JAT - Algarve 7","description":"Est\u00e3o abertas as inscri\u00e7\u00f5es para a 8\u00aa edi\u00e7\u00e3o dos cursos anuais de Teatro F\u00edsico e Forma\u00e7\u00e3o de Actores do JAT Cultura","robots":{"index":"index","follow":"follow","max-snippet":"max-snippet:-1","max-image-preview":"max-image-preview:large","max-video-preview":"max-video-preview:-1"},"canonical":"https:\/\/algarve7.pt\/index.php\/2024\/09\/estao-abertas-as-inscricoes-para-a-8a-edicao-dos-cursos-anuais-de-teatro-fisico-e-formacao-de-actores-do-jat\/cultura\/10\/30\/","og_locale":"pt_PT","og_type":"article","og_title":"Est\u00e3o abertas as inscri\u00e7\u00f5es para a 8\u00aa edi\u00e7\u00e3o dos cursos anuais de Teatro F\u00edsico e Forma\u00e7\u00e3o de Actores do JAT - Algarve 7","og_description":"Est\u00e3o abertas as inscri\u00e7\u00f5es para a 8\u00aa edi\u00e7\u00e3o dos cursos anuais de Teatro F\u00edsico e Forma\u00e7\u00e3o de Actores do JAT Cultura","og_url":"https:\/\/algarve7.pt\/index.php\/2024\/09\/estao-abertas-as-inscricoes-para-a-8a-edicao-dos-cursos-anuais-de-teatro-fisico-e-formacao-de-actores-do-jat\/cultura\/10\/30\/","og_site_name":"Algarve 7","article_publisher":"https:\/\/www.facebook.com\/algarve7","article_author":"https:\/\/www.facebook.com\/algarve7","article_published_time":"2024-09-14T09:30:00+00:00","og_image":[{"width":800,"height":470,"url":"https:\/\/algarve7.pt\/wp-content\/uploads\/2024\/09\/Captura-de-ecra-2024-09-12-as-09.07.37.png","type":"image\/png"}],"author":"Algarve 7","twitter_card":"summary_large_image","twitter_creator":"@Algarvesete","twitter_site":"@Algarvesete","twitter_misc":{"Escrito por":"Algarve 7","Tempo estimado de leitura":"4 minutos"},"schema":{"@context":"https:\/\/schema.org","@graph":[{"@type":"Article","@id":"https:\/\/algarve7.pt\/index.php\/2024\/09\/estao-abertas-as-inscricoes-para-a-8a-edicao-dos-cursos-anuais-de-teatro-fisico-e-formacao-de-actores-do-jat\/cultura\/10\/30\/#article","isPartOf":{"@id":"https:\/\/algarve7.pt\/index.php\/2024\/09\/estao-abertas-as-inscricoes-para-a-8a-edicao-dos-cursos-anuais-de-teatro-fisico-e-formacao-de-actores-do-jat\/cultura\/10\/30\/"},"author":{"name":"Algarve 7","@id":"https:\/\/algarve7.pt\/#\/schema\/person\/23fa70681308e7b319a3204bcea45e0c"},"headline":"Est\u00e3o abertas as inscri\u00e7\u00f5es para a 8\u00aa edi\u00e7\u00e3o dos cursos anuais de Teatro F\u00edsico e Forma\u00e7\u00e3o de Actores do JAT","datePublished":"2024-09-14T09:30:00+00:00","mainEntityOfPage":{"@id":"https:\/\/algarve7.pt\/index.php\/2024\/09\/estao-abertas-as-inscricoes-para-a-8a-edicao-dos-cursos-anuais-de-teatro-fisico-e-formacao-de-actores-do-jat\/cultura\/10\/30\/"},"wordCount":717,"commentCount":2,"publisher":{"@id":"https:\/\/algarve7.pt\/#organization"},"image":{"@id":"https:\/\/algarve7.pt\/index.php\/2024\/09\/estao-abertas-as-inscricoes-para-a-8a-edicao-dos-cursos-anuais-de-teatro-fisico-e-formacao-de-actores-do-jat\/cultura\/10\/30\/#primaryimage"},"thumbnailUrl":"https:\/\/algarve7.pt\/wp-content\/uploads\/2024\/09\/Captura-de-ecra-2024-09-12-as-09.07.37.png","keywords":["Algarve","Cultura","JAT- Janela Aberta Teatro"],"articleSection":["Cultura"],"inLanguage":"pt-PT","potentialAction":[{"@type":"CommentAction","name":"Comment","target":["https:\/\/algarve7.pt\/index.php\/2024\/09\/estao-abertas-as-inscricoes-para-a-8a-edicao-dos-cursos-anuais-de-teatro-fisico-e-formacao-de-actores-do-jat\/cultura\/10\/30\/#respond"]}]},{"@type":"WebPage","@id":"https:\/\/algarve7.pt\/index.php\/2024\/09\/estao-abertas-as-inscricoes-para-a-8a-edicao-dos-cursos-anuais-de-teatro-fisico-e-formacao-de-actores-do-jat\/cultura\/10\/30\/","url":"https:\/\/algarve7.pt\/index.php\/2024\/09\/estao-abertas-as-inscricoes-para-a-8a-edicao-dos-cursos-anuais-de-teatro-fisico-e-formacao-de-actores-do-jat\/cultura\/10\/30\/","name":"Est\u00e3o abertas as inscri\u00e7\u00f5es para a 8\u00aa edi\u00e7\u00e3o dos cursos anuais de Teatro F\u00edsico e Forma\u00e7\u00e3o de Actores do JAT - Algarve 7","isPartOf":{"@id":"https:\/\/algarve7.pt\/#website"},"primaryImageOfPage":{"@id":"https:\/\/algarve7.pt\/index.php\/2024\/09\/estao-abertas-as-inscricoes-para-a-8a-edicao-dos-cursos-anuais-de-teatro-fisico-e-formacao-de-actores-do-jat\/cultura\/10\/30\/#primaryimage"},"image":{"@id":"https:\/\/algarve7.pt\/index.php\/2024\/09\/estao-abertas-as-inscricoes-para-a-8a-edicao-dos-cursos-anuais-de-teatro-fisico-e-formacao-de-actores-do-jat\/cultura\/10\/30\/#primaryimage"},"thumbnailUrl":"https:\/\/algarve7.pt\/wp-content\/uploads\/2024\/09\/Captura-de-ecra-2024-09-12-as-09.07.37.png","datePublished":"2024-09-14T09:30:00+00:00","description":"Est\u00e3o abertas as inscri\u00e7\u00f5es para a 8\u00aa edi\u00e7\u00e3o dos cursos anuais de Teatro F\u00edsico e Forma\u00e7\u00e3o de Actores do JAT Cultura","breadcrumb":{"@id":"https:\/\/algarve7.pt\/index.php\/2024\/09\/estao-abertas-as-inscricoes-para-a-8a-edicao-dos-cursos-anuais-de-teatro-fisico-e-formacao-de-actores-do-jat\/cultura\/10\/30\/#breadcrumb"},"inLanguage":"pt-PT","potentialAction":[{"@type":"ReadAction","target":["https:\/\/algarve7.pt\/index.php\/2024\/09\/estao-abertas-as-inscricoes-para-a-8a-edicao-dos-cursos-anuais-de-teatro-fisico-e-formacao-de-actores-do-jat\/cultura\/10\/30\/"]}]},{"@type":"ImageObject","inLanguage":"pt-PT","@id":"https:\/\/algarve7.pt\/index.php\/2024\/09\/estao-abertas-as-inscricoes-para-a-8a-edicao-dos-cursos-anuais-de-teatro-fisico-e-formacao-de-actores-do-jat\/cultura\/10\/30\/#primaryimage","url":"https:\/\/algarve7.pt\/wp-content\/uploads\/2024\/09\/Captura-de-ecra-2024-09-12-as-09.07.37.png","contentUrl":"https:\/\/algarve7.pt\/wp-content\/uploads\/2024\/09\/Captura-de-ecra-2024-09-12-as-09.07.37.png","width":800,"height":470},{"@type":"BreadcrumbList","@id":"https:\/\/algarve7.pt\/index.php\/2024\/09\/estao-abertas-as-inscricoes-para-a-8a-edicao-dos-cursos-anuais-de-teatro-fisico-e-formacao-de-actores-do-jat\/cultura\/10\/30\/#breadcrumb","itemListElement":[{"@type":"ListItem","position":1,"name":"In\u00edcio","item":"https:\/\/algarve7.pt\/"},{"@type":"ListItem","position":2,"name":"Est\u00e3o abertas as inscri\u00e7\u00f5es para a 8\u00aa edi\u00e7\u00e3o dos cursos anuais de Teatro F\u00edsico e Forma\u00e7\u00e3o de Actores do JAT"}]},{"@type":"WebSite","@id":"https:\/\/algarve7.pt\/#website","url":"https:\/\/algarve7.pt\/","name":"Algarve 7","description":"Informa\u00e7\u00e3o sobre o Algarve","publisher":{"@id":"https:\/\/algarve7.pt\/#organization"},"potentialAction":[{"@type":"SearchAction","target":{"@type":"EntryPoint","urlTemplate":"https:\/\/algarve7.pt\/?s={search_term_string}"},"query-input":{"@type":"PropertyValueSpecification","valueRequired":true,"valueName":"search_term_string"}}],"inLanguage":"pt-PT"},{"@type":"Organization","@id":"https:\/\/algarve7.pt\/#organization","name":"Algarve 7","url":"https:\/\/algarve7.pt\/","logo":{"@type":"ImageObject","inLanguage":"pt-PT","@id":"https:\/\/algarve7.pt\/#\/schema\/logo\/image\/","url":"https:\/\/algarve7.pt\/wp-content\/uploads\/2020\/10\/Logo-8.jpg","contentUrl":"https:\/\/algarve7.pt\/wp-content\/uploads\/2020\/10\/Logo-8.jpg","width":1680,"height":1186,"caption":"Algarve 7"},"image":{"@id":"https:\/\/algarve7.pt\/#\/schema\/logo\/image\/"},"sameAs":["https:\/\/www.facebook.com\/algarve7","https:\/\/x.com\/Algarvesete","https:\/\/www.instagram.com\/jornalalgarve7\/","https:\/\/www.linkedin.com\/company\/algarve7","https:\/\/www.pinterest.pt\/geral0939\/_created\/"]},{"@type":"Person","@id":"https:\/\/algarve7.pt\/#\/schema\/person\/23fa70681308e7b319a3204bcea45e0c","name":"Algarve 7","sameAs":["https:\/\/algarve7.pt","https:\/\/www.facebook.com\/algarve7"],"url":"https:\/\/algarve7.pt\/index.php\/author\/geralalgarve7-pt\/"}]}},"jetpack_publicize_connections":[],"jetpack_featured_media_url":"https:\/\/algarve7.pt\/wp-content\/uploads\/2024\/09\/Captura-de-ecra-2024-09-12-as-09.07.37.png","jetpack_shortlink":"https:\/\/wp.me\/pcezmW-aWT","jetpack_sharing_enabled":true,"_links":{"self":[{"href":"https:\/\/algarve7.pt\/index.php\/wp-json\/wp\/v2\/posts\/42091","targetHints":{"allow":["GET"]}}],"collection":[{"href":"https:\/\/algarve7.pt\/index.php\/wp-json\/wp\/v2\/posts"}],"about":[{"href":"https:\/\/algarve7.pt\/index.php\/wp-json\/wp\/v2\/types\/post"}],"author":[{"embeddable":true,"href":"https:\/\/algarve7.pt\/index.php\/wp-json\/wp\/v2\/users\/1"}],"replies":[{"embeddable":true,"href":"https:\/\/algarve7.pt\/index.php\/wp-json\/wp\/v2\/comments?post=42091"}],"version-history":[{"count":0,"href":"https:\/\/algarve7.pt\/index.php\/wp-json\/wp\/v2\/posts\/42091\/revisions"}],"wp:featuredmedia":[{"embeddable":true,"href":"https:\/\/algarve7.pt\/index.php\/wp-json\/wp\/v2\/media\/42092"}],"wp:attachment":[{"href":"https:\/\/algarve7.pt\/index.php\/wp-json\/wp\/v2\/media?parent=42091"}],"wp:term":[{"taxonomy":"category","embeddable":true,"href":"https:\/\/algarve7.pt\/index.php\/wp-json\/wp\/v2\/categories?post=42091"},{"taxonomy":"post_tag","embeddable":true,"href":"https:\/\/algarve7.pt\/index.php\/wp-json\/wp\/v2\/tags?post=42091"}],"curies":[{"name":"wp","href":"https:\/\/api.w.org\/{rel}","templated":true}]}}