{"id":42088,"date":"2024-09-12T08:52:45","date_gmt":"2024-09-12T07:52:45","guid":{"rendered":"https:\/\/algarve7.pt\/?p=42088"},"modified":"2024-09-12T08:52:48","modified_gmt":"2024-09-12T07:52:48","slug":"operacao-da-gnr-regresso-as-aulas-2024","status":"publish","type":"post","link":"https:\/\/algarve7.pt\/index.php\/2024\/09\/operacao-da-gnr-regresso-as-aulas-2024\/nacional\/08\/52\/","title":{"rendered":"Opera\u00e7\u00e3o da GNR\u00a0\u201cRegresso \u00e0s aulas 2024\u201d"},"content":{"rendered":"\n<p>A Guarda Nacional Republicana (GNR),&nbsp;para assinalar o regresso \u00e0s aulas, entre os dias 12 e 16 de Setembro, inicia com um conjunto de a\u00e7\u00f5es&nbsp;de sensibiliza\u00e7\u00e3o dirigidas aos alunos, professores e encarregados de educa\u00e7\u00e3o, ao longo dos cerca de 5 mil estabelecimentos escolares na sua \u00e1rea de responsabilidade, com o objetivo de sensibilizar&nbsp;para a necessidade de ado\u00e7\u00e3o de comportamentos de autoprote\u00e7\u00e3o, ao n\u00edvel da seguran\u00e7a em geral, de comportamentos inclusivos no seio da comunidade e prevenindo comportamentos desviantes da ordena\u00e7\u00e3o social.<\/p>\n\n\n\n<p>O&nbsp;<strong>Programa Escola Segura (PES),&nbsp;<\/strong>que celebra 32 anos de exist\u00eancia, \u00e9 uma pe\u00e7a fundamental que visa garantir a seguran\u00e7a no meio escolar e no meio envolvente, atrav\u00e9s da preven\u00e7\u00e3o de comportamentos de risco e da redu\u00e7\u00e3o de atos geradores de inseguran\u00e7a em meio escolar.&nbsp;Durante esta campanha, a GNR dar\u00e1 a conhecer os militares respons\u00e1veis pelo programa na respetiva escola, com a distribui\u00e7\u00e3o do n\u00famero de contacto destes, contribuindo desse modo para uma maior proximidade e consequente maior consciencializa\u00e7\u00e3o dos diversos intervenientes da comunidade escolar para a import\u00e2ncia da seguran\u00e7a escolar das crian\u00e7as e jovens, para os desafios que ir\u00e3o encontrar no regresso \u00e0s aulas.&nbsp;<\/p>\n\n\n\n<p>As escolas s\u00e3o um espa\u00e7o privilegiado de liberdade, conv\u00edvio e seguran\u00e7a onde se reproduzem os valores fundamentais de uma sociedade democr\u00e1tica, sendo primordial mobilizar toda a comunidade escolar para este prop\u00f3sito.&nbsp;Deste modo, alertamos para os perigos do bullying e do ciberbullying, causando um grande sofrimento emocional e, em casos mais graves,&nbsp;causandoimpacto na sa\u00fade mental e f\u00edsica das&nbsp;crian\u00e7as e jovens. \u00c9 necess\u00e1rio&nbsp;que a comunidade escolar esteja alerta&nbsp;para os sinais&nbsp;mais comuns&nbsp;de bullying e que&nbsp;saibam reagir e&nbsp;prevenir&nbsp;este tipo de crime. Todos t\u00eam um papel na promo\u00e7\u00e3o de um ambiente escolar seguro, saud\u00e1vel e&nbsp;inclusivo, onde a empatia e o respeito&nbsp;pelo pr\u00f3ximo devem&nbsp;prevalecer.<\/p>\n\n\n\n<p>As Sec\u00e7\u00f5es de Preven\u00e7\u00e3o Criminal e Policiamento Comunit\u00e1rio&nbsp;(SPC), que incluem cerca de 400 militares, ir\u00e3o promover em exclusividade a\u00e7\u00f5es de sensibiliza\u00e7\u00e3o no \u00e2mbito da seguran\u00e7a na rua, em casa e ainda&nbsp;no \u00e2mbito da&nbsp;seguran\u00e7a rodovi\u00e1ria.&nbsp;<\/p>\n\n\n\n<p>Com o aumento esperado no fluxo de tr\u00e2nsito, ser\u00e1 dado&nbsp;especial \u00eanfase \u00e0 seguran\u00e7a no transporte dos alunos&nbsp;para a escola, sendo importante alertar os condutores para a utiliza\u00e7\u00e3o dos cintos de seguran\u00e7a e dos sistemas de reten\u00e7\u00e3o para crian\u00e7as, pelo que partilhamos alguns conselhos de seguran\u00e7a, nomeadamente:<\/p>\n\n\n\n<p>\u00b7&nbsp;&nbsp;&nbsp;&nbsp;&nbsp;&nbsp;&nbsp;&nbsp;&nbsp;<strong>Aos jovens estudantes:<\/strong><\/p>\n\n\n\n<p>\u00b7&nbsp;&nbsp;&nbsp;&nbsp;&nbsp;&nbsp;&nbsp;&nbsp;&nbsp;No deslocamento de e para a escola circula sempre que poss\u00edvel acompanhado ou em grupo e evita passar em locais isolados ou com pouca luz;<\/p>\n\n\n\n<p>\u00b7&nbsp;&nbsp;&nbsp;&nbsp;&nbsp;&nbsp;&nbsp;&nbsp;&nbsp;Memoriza no telem\u00f3vel o n\u00famero do Posto da GNR local, num dos n\u00fameros de marca\u00e7\u00e3o r\u00e1pida;<\/p>\n\n\n\n<p>\u00b7&nbsp;&nbsp;&nbsp;&nbsp;&nbsp;&nbsp;&nbsp;&nbsp;&nbsp;Espera&nbsp;pelos teus pais, por algum familiar ou amigo, dentro da escola.<\/p>\n\n\n\n<p>\u00b7&nbsp;&nbsp;&nbsp;&nbsp;&nbsp;&nbsp;&nbsp;&nbsp;&nbsp;<strong>Em casos de Bullying e Ciberbullying:<\/strong><\/p>\n\n\n\n<p>\u00b7&nbsp;&nbsp;&nbsp;&nbsp;&nbsp;&nbsp;&nbsp;&nbsp;&nbsp;Guarda as provas, no caso de ciberbullying, mant\u00e9m os registos das mensagens ou dos conte\u00fados ofensivos;<\/p>\n\n\n\n<p>\u00b7&nbsp;&nbsp;&nbsp;&nbsp;&nbsp;&nbsp;&nbsp;&nbsp;&nbsp;N\u00e3o sejas c\u00famplice, denuncia! Se presenciares ou souberes de atos de bullying, informa um adulto;<\/p>\n\n\n\n<p>\u00b7&nbsp;&nbsp;&nbsp;&nbsp;&nbsp;&nbsp;&nbsp;&nbsp;&nbsp;Educa os que est\u00e3o ao teu redor, promove o respeito e a inclus\u00e3o entre os teus colegas.<\/p>\n\n\n\n<p>\u00b7&nbsp;&nbsp;&nbsp;&nbsp;&nbsp;&nbsp;&nbsp;&nbsp;&nbsp;<strong>Para os<\/strong><strong>&nbsp;encarregados de educa\u00e7\u00e3o:<\/strong><\/p>\n\n\n\n<p>\u00b7&nbsp;&nbsp;&nbsp;&nbsp;&nbsp;&nbsp;&nbsp;&nbsp;&nbsp;Mantenha-se envolvido na rotina escolar dos seus filhos;<\/p>\n\n\n\n<p>\u00b7&nbsp;&nbsp;&nbsp;&nbsp;&nbsp;&nbsp;&nbsp;&nbsp;&nbsp;Em caso de suspeita de situa\u00e7\u00f5es de bullying, amea\u00e7as ou outros comportamentos de risco, informe de imediato a GNR;<\/p>\n\n\n\n<p>\u00b7&nbsp;&nbsp;&nbsp;&nbsp;&nbsp;&nbsp;&nbsp;&nbsp;&nbsp;A seguran\u00e7a come\u00e7a em casa.&nbsp;<\/p>\n\n\n\n<p>\u00b7&nbsp;&nbsp;&nbsp;&nbsp;&nbsp;&nbsp;&nbsp;&nbsp;&nbsp;<strong>Seguran\u00e7a Online:<\/strong><\/p>\n\n\n\n<p>\u00b7&nbsp;&nbsp;&nbsp;&nbsp;&nbsp;&nbsp;&nbsp;&nbsp;&nbsp;Escolhe cuidadosamente o que compartilhas nas redes sociais;<\/p>\n\n\n\n<p>\u00b7&nbsp;&nbsp;&nbsp;&nbsp;&nbsp;&nbsp;&nbsp;&nbsp;&nbsp;Protege as tuas palavras-passe e n\u00e3o as partilhes com ningu\u00e9m;<\/p>\n\n\n\n<p>\u00b7&nbsp;&nbsp;&nbsp;&nbsp;&nbsp;&nbsp;&nbsp;&nbsp;&nbsp;Qualquer pessoa pode estar online. N\u00e3o acredites em tudo o que te dizem ou mostram;<\/p>\n","protected":false},"excerpt":{"rendered":"<p>A Guarda Nacional Republicana (GNR),&nbsp;para assinalar o regresso \u00e0s aulas, entre os dias 12 e 16 de Setembro, inicia com<\/p>\n","protected":false},"author":1,"featured_media":42089,"comment_status":"open","ping_status":"open","sticky":false,"template":"","format":"standard","meta":{"colormag_page_container_layout":"default_layout","colormag_page_sidebar_layout":"default_layout","_monsterinsights_skip_tracking":false,"_monsterinsights_sitenote_active":false,"_monsterinsights_sitenote_note":"","_monsterinsights_sitenote_category":0,"jetpack_post_was_ever_published":false,"_jetpack_newsletter_access":"","_jetpack_dont_email_post_to_subs":false,"_jetpack_newsletter_tier_id":0,"_jetpack_memberships_contains_paywalled_content":false,"_jetpack_memberships_contains_paid_content":false,"footnotes":"","jetpack_publicize_message":"","jetpack_publicize_feature_enabled":true,"jetpack_social_post_already_shared":false,"jetpack_social_options":{"image_generator_settings":{"template":"highway","default_image_id":0,"font":"","enabled":false},"version":2}},"categories":[189],"tags":[62,140,98],"class_list":["post-42088","post","type-post","status-publish","format-standard","has-post-thumbnail","hentry","category-nacional","tag-atualidade","tag-gnr","tag-nacional"],"yoast_head":"<!-- This site is optimized with the Yoast SEO plugin v27.5 - https:\/\/yoast.com\/product\/yoast-seo-wordpress\/ -->\n<title>Opera\u00e7\u00e3o da GNR\u00a0\u201cRegresso \u00e0s aulas 2024\u201d - Algarve 7<\/title>\n<meta name=\"description\" content=\"Opera\u00e7\u00e3o da GNR\u00a0\u201cRegresso \u00e0s aulas 2024\u201d Nacional\" \/>\n<meta name=\"robots\" content=\"index, follow, max-snippet:-1, max-image-preview:large, max-video-preview:-1\" \/>\n<link rel=\"canonical\" href=\"https:\/\/algarve7.pt\/index.php\/2024\/09\/operacao-da-gnr-regresso-as-aulas-2024\/nacional\/08\/52\/\" \/>\n<meta property=\"og:locale\" content=\"pt_PT\" \/>\n<meta property=\"og:type\" content=\"article\" \/>\n<meta property=\"og:title\" content=\"Opera\u00e7\u00e3o da GNR\u00a0\u201cRegresso \u00e0s aulas 2024\u201d - Algarve 7\" \/>\n<meta property=\"og:description\" content=\"Opera\u00e7\u00e3o da GNR\u00a0\u201cRegresso \u00e0s aulas 2024\u201d Nacional\" \/>\n<meta property=\"og:url\" content=\"https:\/\/algarve7.pt\/index.php\/2024\/09\/operacao-da-gnr-regresso-as-aulas-2024\/nacional\/08\/52\/\" \/>\n<meta property=\"og:site_name\" content=\"Algarve 7\" \/>\n<meta property=\"article:publisher\" content=\"https:\/\/www.facebook.com\/algarve7\" \/>\n<meta property=\"article:author\" content=\"https:\/\/www.facebook.com\/algarve7\" \/>\n<meta property=\"article:published_time\" content=\"2024-09-12T07:52:45+00:00\" \/>\n<meta property=\"article:modified_time\" content=\"2024-09-12T07:52:48+00:00\" \/>\n<meta property=\"og:image\" content=\"https:\/\/algarve7.pt\/wp-content\/uploads\/2024\/09\/Comunicado-GNR-Operacao-Regresso-as-aulas-2024-.png\" \/>\n\t<meta property=\"og:image:width\" content=\"800\" \/>\n\t<meta property=\"og:image:height\" content=\"470\" \/>\n\t<meta property=\"og:image:type\" content=\"image\/png\" \/>\n<meta name=\"author\" content=\"Algarve 7\" \/>\n<meta name=\"twitter:card\" content=\"summary_large_image\" \/>\n<meta name=\"twitter:creator\" content=\"@Algarvesete\" \/>\n<meta name=\"twitter:site\" content=\"@Algarvesete\" \/>\n<meta name=\"twitter:label1\" content=\"Escrito por\" \/>\n\t<meta name=\"twitter:data1\" content=\"Algarve 7\" \/>\n\t<meta name=\"twitter:label2\" content=\"Tempo estimado de leitura\" \/>\n\t<meta name=\"twitter:data2\" content=\"4 minutos\" \/>\n<script type=\"application\/ld+json\" class=\"yoast-schema-graph\">{\"@context\":\"https:\\\/\\\/schema.org\",\"@graph\":[{\"@type\":\"Article\",\"@id\":\"https:\\\/\\\/algarve7.pt\\\/index.php\\\/2024\\\/09\\\/operacao-da-gnr-regresso-as-aulas-2024\\\/nacional\\\/08\\\/52\\\/#article\",\"isPartOf\":{\"@id\":\"https:\\\/\\\/algarve7.pt\\\/index.php\\\/2024\\\/09\\\/operacao-da-gnr-regresso-as-aulas-2024\\\/nacional\\\/08\\\/52\\\/\"},\"author\":{\"name\":\"Algarve 7\",\"@id\":\"https:\\\/\\\/algarve7.pt\\\/#\\\/schema\\\/person\\\/23fa70681308e7b319a3204bcea45e0c\"},\"headline\":\"Opera\u00e7\u00e3o da GNR\u00a0\u201cRegresso \u00e0s aulas 2024\u201d\",\"datePublished\":\"2024-09-12T07:52:45+00:00\",\"dateModified\":\"2024-09-12T07:52:48+00:00\",\"mainEntityOfPage\":{\"@id\":\"https:\\\/\\\/algarve7.pt\\\/index.php\\\/2024\\\/09\\\/operacao-da-gnr-regresso-as-aulas-2024\\\/nacional\\\/08\\\/52\\\/\"},\"wordCount\":813,\"commentCount\":0,\"publisher\":{\"@id\":\"https:\\\/\\\/algarve7.pt\\\/#organization\"},\"image\":{\"@id\":\"https:\\\/\\\/algarve7.pt\\\/index.php\\\/2024\\\/09\\\/operacao-da-gnr-regresso-as-aulas-2024\\\/nacional\\\/08\\\/52\\\/#primaryimage\"},\"thumbnailUrl\":\"https:\\\/\\\/algarve7.pt\\\/wp-content\\\/uploads\\\/2024\\\/09\\\/Comunicado-GNR-Operacao-Regresso-as-aulas-2024-.png\",\"keywords\":[\"Atualidade\",\"GNR\",\"Nacional\"],\"articleSection\":[\"Nacional\"],\"inLanguage\":\"pt-PT\",\"potentialAction\":[{\"@type\":\"CommentAction\",\"name\":\"Comment\",\"target\":[\"https:\\\/\\\/algarve7.pt\\\/index.php\\\/2024\\\/09\\\/operacao-da-gnr-regresso-as-aulas-2024\\\/nacional\\\/08\\\/52\\\/#respond\"]}]},{\"@type\":\"WebPage\",\"@id\":\"https:\\\/\\\/algarve7.pt\\\/index.php\\\/2024\\\/09\\\/operacao-da-gnr-regresso-as-aulas-2024\\\/nacional\\\/08\\\/52\\\/\",\"url\":\"https:\\\/\\\/algarve7.pt\\\/index.php\\\/2024\\\/09\\\/operacao-da-gnr-regresso-as-aulas-2024\\\/nacional\\\/08\\\/52\\\/\",\"name\":\"Opera\u00e7\u00e3o da GNR\u00a0\u201cRegresso \u00e0s aulas 2024\u201d - Algarve 7\",\"isPartOf\":{\"@id\":\"https:\\\/\\\/algarve7.pt\\\/#website\"},\"primaryImageOfPage\":{\"@id\":\"https:\\\/\\\/algarve7.pt\\\/index.php\\\/2024\\\/09\\\/operacao-da-gnr-regresso-as-aulas-2024\\\/nacional\\\/08\\\/52\\\/#primaryimage\"},\"image\":{\"@id\":\"https:\\\/\\\/algarve7.pt\\\/index.php\\\/2024\\\/09\\\/operacao-da-gnr-regresso-as-aulas-2024\\\/nacional\\\/08\\\/52\\\/#primaryimage\"},\"thumbnailUrl\":\"https:\\\/\\\/algarve7.pt\\\/wp-content\\\/uploads\\\/2024\\\/09\\\/Comunicado-GNR-Operacao-Regresso-as-aulas-2024-.png\",\"datePublished\":\"2024-09-12T07:52:45+00:00\",\"dateModified\":\"2024-09-12T07:52:48+00:00\",\"description\":\"Opera\u00e7\u00e3o da GNR\u00a0\u201cRegresso \u00e0s aulas 2024\u201d Nacional\",\"breadcrumb\":{\"@id\":\"https:\\\/\\\/algarve7.pt\\\/index.php\\\/2024\\\/09\\\/operacao-da-gnr-regresso-as-aulas-2024\\\/nacional\\\/08\\\/52\\\/#breadcrumb\"},\"inLanguage\":\"pt-PT\",\"potentialAction\":[{\"@type\":\"ReadAction\",\"target\":[\"https:\\\/\\\/algarve7.pt\\\/index.php\\\/2024\\\/09\\\/operacao-da-gnr-regresso-as-aulas-2024\\\/nacional\\\/08\\\/52\\\/\"]}]},{\"@type\":\"ImageObject\",\"inLanguage\":\"pt-PT\",\"@id\":\"https:\\\/\\\/algarve7.pt\\\/index.php\\\/2024\\\/09\\\/operacao-da-gnr-regresso-as-aulas-2024\\\/nacional\\\/08\\\/52\\\/#primaryimage\",\"url\":\"https:\\\/\\\/algarve7.pt\\\/wp-content\\\/uploads\\\/2024\\\/09\\\/Comunicado-GNR-Operacao-Regresso-as-aulas-2024-.png\",\"contentUrl\":\"https:\\\/\\\/algarve7.pt\\\/wp-content\\\/uploads\\\/2024\\\/09\\\/Comunicado-GNR-Operacao-Regresso-as-aulas-2024-.png\",\"width\":800,\"height\":470},{\"@type\":\"BreadcrumbList\",\"@id\":\"https:\\\/\\\/algarve7.pt\\\/index.php\\\/2024\\\/09\\\/operacao-da-gnr-regresso-as-aulas-2024\\\/nacional\\\/08\\\/52\\\/#breadcrumb\",\"itemListElement\":[{\"@type\":\"ListItem\",\"position\":1,\"name\":\"In\u00edcio\",\"item\":\"https:\\\/\\\/algarve7.pt\\\/\"},{\"@type\":\"ListItem\",\"position\":2,\"name\":\"Opera\u00e7\u00e3o da GNR\u00a0\u201cRegresso \u00e0s aulas 2024\u201d\"}]},{\"@type\":\"WebSite\",\"@id\":\"https:\\\/\\\/algarve7.pt\\\/#website\",\"url\":\"https:\\\/\\\/algarve7.pt\\\/\",\"name\":\"Algarve 7\",\"description\":\"Informa\u00e7\u00e3o sobre o Algarve\",\"publisher\":{\"@id\":\"https:\\\/\\\/algarve7.pt\\\/#organization\"},\"potentialAction\":[{\"@type\":\"SearchAction\",\"target\":{\"@type\":\"EntryPoint\",\"urlTemplate\":\"https:\\\/\\\/algarve7.pt\\\/?s={search_term_string}\"},\"query-input\":{\"@type\":\"PropertyValueSpecification\",\"valueRequired\":true,\"valueName\":\"search_term_string\"}}],\"inLanguage\":\"pt-PT\"},{\"@type\":\"Organization\",\"@id\":\"https:\\\/\\\/algarve7.pt\\\/#organization\",\"name\":\"Algarve 7\",\"url\":\"https:\\\/\\\/algarve7.pt\\\/\",\"logo\":{\"@type\":\"ImageObject\",\"inLanguage\":\"pt-PT\",\"@id\":\"https:\\\/\\\/algarve7.pt\\\/#\\\/schema\\\/logo\\\/image\\\/\",\"url\":\"https:\\\/\\\/algarve7.pt\\\/wp-content\\\/uploads\\\/2020\\\/10\\\/Logo-8.jpg\",\"contentUrl\":\"https:\\\/\\\/algarve7.pt\\\/wp-content\\\/uploads\\\/2020\\\/10\\\/Logo-8.jpg\",\"width\":1680,\"height\":1186,\"caption\":\"Algarve 7\"},\"image\":{\"@id\":\"https:\\\/\\\/algarve7.pt\\\/#\\\/schema\\\/logo\\\/image\\\/\"},\"sameAs\":[\"https:\\\/\\\/www.facebook.com\\\/algarve7\",\"https:\\\/\\\/x.com\\\/Algarvesete\",\"https:\\\/\\\/www.instagram.com\\\/jornalalgarve7\\\/\",\"https:\\\/\\\/www.linkedin.com\\\/company\\\/algarve7\",\"https:\\\/\\\/www.pinterest.pt\\\/geral0939\\\/_created\\\/\"]},{\"@type\":\"Person\",\"@id\":\"https:\\\/\\\/algarve7.pt\\\/#\\\/schema\\\/person\\\/23fa70681308e7b319a3204bcea45e0c\",\"name\":\"Algarve 7\",\"sameAs\":[\"https:\\\/\\\/algarve7.pt\",\"https:\\\/\\\/www.facebook.com\\\/algarve7\"],\"url\":\"https:\\\/\\\/algarve7.pt\\\/index.php\\\/author\\\/geralalgarve7-pt\\\/\"}]}<\/script>\n<!-- \/ Yoast SEO plugin. -->","yoast_head_json":{"title":"Opera\u00e7\u00e3o da GNR\u00a0\u201cRegresso \u00e0s aulas 2024\u201d - Algarve 7","description":"Opera\u00e7\u00e3o da GNR\u00a0\u201cRegresso \u00e0s aulas 2024\u201d Nacional","robots":{"index":"index","follow":"follow","max-snippet":"max-snippet:-1","max-image-preview":"max-image-preview:large","max-video-preview":"max-video-preview:-1"},"canonical":"https:\/\/algarve7.pt\/index.php\/2024\/09\/operacao-da-gnr-regresso-as-aulas-2024\/nacional\/08\/52\/","og_locale":"pt_PT","og_type":"article","og_title":"Opera\u00e7\u00e3o da GNR\u00a0\u201cRegresso \u00e0s aulas 2024\u201d - Algarve 7","og_description":"Opera\u00e7\u00e3o da GNR\u00a0\u201cRegresso \u00e0s aulas 2024\u201d Nacional","og_url":"https:\/\/algarve7.pt\/index.php\/2024\/09\/operacao-da-gnr-regresso-as-aulas-2024\/nacional\/08\/52\/","og_site_name":"Algarve 7","article_publisher":"https:\/\/www.facebook.com\/algarve7","article_author":"https:\/\/www.facebook.com\/algarve7","article_published_time":"2024-09-12T07:52:45+00:00","article_modified_time":"2024-09-12T07:52:48+00:00","og_image":[{"width":800,"height":470,"url":"https:\/\/algarve7.pt\/wp-content\/uploads\/2024\/09\/Comunicado-GNR-Operacao-Regresso-as-aulas-2024-.png","type":"image\/png"}],"author":"Algarve 7","twitter_card":"summary_large_image","twitter_creator":"@Algarvesete","twitter_site":"@Algarvesete","twitter_misc":{"Escrito por":"Algarve 7","Tempo estimado de leitura":"4 minutos"},"schema":{"@context":"https:\/\/schema.org","@graph":[{"@type":"Article","@id":"https:\/\/algarve7.pt\/index.php\/2024\/09\/operacao-da-gnr-regresso-as-aulas-2024\/nacional\/08\/52\/#article","isPartOf":{"@id":"https:\/\/algarve7.pt\/index.php\/2024\/09\/operacao-da-gnr-regresso-as-aulas-2024\/nacional\/08\/52\/"},"author":{"name":"Algarve 7","@id":"https:\/\/algarve7.pt\/#\/schema\/person\/23fa70681308e7b319a3204bcea45e0c"},"headline":"Opera\u00e7\u00e3o da GNR\u00a0\u201cRegresso \u00e0s aulas 2024\u201d","datePublished":"2024-09-12T07:52:45+00:00","dateModified":"2024-09-12T07:52:48+00:00","mainEntityOfPage":{"@id":"https:\/\/algarve7.pt\/index.php\/2024\/09\/operacao-da-gnr-regresso-as-aulas-2024\/nacional\/08\/52\/"},"wordCount":813,"commentCount":0,"publisher":{"@id":"https:\/\/algarve7.pt\/#organization"},"image":{"@id":"https:\/\/algarve7.pt\/index.php\/2024\/09\/operacao-da-gnr-regresso-as-aulas-2024\/nacional\/08\/52\/#primaryimage"},"thumbnailUrl":"https:\/\/algarve7.pt\/wp-content\/uploads\/2024\/09\/Comunicado-GNR-Operacao-Regresso-as-aulas-2024-.png","keywords":["Atualidade","GNR","Nacional"],"articleSection":["Nacional"],"inLanguage":"pt-PT","potentialAction":[{"@type":"CommentAction","name":"Comment","target":["https:\/\/algarve7.pt\/index.php\/2024\/09\/operacao-da-gnr-regresso-as-aulas-2024\/nacional\/08\/52\/#respond"]}]},{"@type":"WebPage","@id":"https:\/\/algarve7.pt\/index.php\/2024\/09\/operacao-da-gnr-regresso-as-aulas-2024\/nacional\/08\/52\/","url":"https:\/\/algarve7.pt\/index.php\/2024\/09\/operacao-da-gnr-regresso-as-aulas-2024\/nacional\/08\/52\/","name":"Opera\u00e7\u00e3o da GNR\u00a0\u201cRegresso \u00e0s aulas 2024\u201d - Algarve 7","isPartOf":{"@id":"https:\/\/algarve7.pt\/#website"},"primaryImageOfPage":{"@id":"https:\/\/algarve7.pt\/index.php\/2024\/09\/operacao-da-gnr-regresso-as-aulas-2024\/nacional\/08\/52\/#primaryimage"},"image":{"@id":"https:\/\/algarve7.pt\/index.php\/2024\/09\/operacao-da-gnr-regresso-as-aulas-2024\/nacional\/08\/52\/#primaryimage"},"thumbnailUrl":"https:\/\/algarve7.pt\/wp-content\/uploads\/2024\/09\/Comunicado-GNR-Operacao-Regresso-as-aulas-2024-.png","datePublished":"2024-09-12T07:52:45+00:00","dateModified":"2024-09-12T07:52:48+00:00","description":"Opera\u00e7\u00e3o da GNR\u00a0\u201cRegresso \u00e0s aulas 2024\u201d Nacional","breadcrumb":{"@id":"https:\/\/algarve7.pt\/index.php\/2024\/09\/operacao-da-gnr-regresso-as-aulas-2024\/nacional\/08\/52\/#breadcrumb"},"inLanguage":"pt-PT","potentialAction":[{"@type":"ReadAction","target":["https:\/\/algarve7.pt\/index.php\/2024\/09\/operacao-da-gnr-regresso-as-aulas-2024\/nacional\/08\/52\/"]}]},{"@type":"ImageObject","inLanguage":"pt-PT","@id":"https:\/\/algarve7.pt\/index.php\/2024\/09\/operacao-da-gnr-regresso-as-aulas-2024\/nacional\/08\/52\/#primaryimage","url":"https:\/\/algarve7.pt\/wp-content\/uploads\/2024\/09\/Comunicado-GNR-Operacao-Regresso-as-aulas-2024-.png","contentUrl":"https:\/\/algarve7.pt\/wp-content\/uploads\/2024\/09\/Comunicado-GNR-Operacao-Regresso-as-aulas-2024-.png","width":800,"height":470},{"@type":"BreadcrumbList","@id":"https:\/\/algarve7.pt\/index.php\/2024\/09\/operacao-da-gnr-regresso-as-aulas-2024\/nacional\/08\/52\/#breadcrumb","itemListElement":[{"@type":"ListItem","position":1,"name":"In\u00edcio","item":"https:\/\/algarve7.pt\/"},{"@type":"ListItem","position":2,"name":"Opera\u00e7\u00e3o da GNR\u00a0\u201cRegresso \u00e0s aulas 2024\u201d"}]},{"@type":"WebSite","@id":"https:\/\/algarve7.pt\/#website","url":"https:\/\/algarve7.pt\/","name":"Algarve 7","description":"Informa\u00e7\u00e3o sobre o Algarve","publisher":{"@id":"https:\/\/algarve7.pt\/#organization"},"potentialAction":[{"@type":"SearchAction","target":{"@type":"EntryPoint","urlTemplate":"https:\/\/algarve7.pt\/?s={search_term_string}"},"query-input":{"@type":"PropertyValueSpecification","valueRequired":true,"valueName":"search_term_string"}}],"inLanguage":"pt-PT"},{"@type":"Organization","@id":"https:\/\/algarve7.pt\/#organization","name":"Algarve 7","url":"https:\/\/algarve7.pt\/","logo":{"@type":"ImageObject","inLanguage":"pt-PT","@id":"https:\/\/algarve7.pt\/#\/schema\/logo\/image\/","url":"https:\/\/algarve7.pt\/wp-content\/uploads\/2020\/10\/Logo-8.jpg","contentUrl":"https:\/\/algarve7.pt\/wp-content\/uploads\/2020\/10\/Logo-8.jpg","width":1680,"height":1186,"caption":"Algarve 7"},"image":{"@id":"https:\/\/algarve7.pt\/#\/schema\/logo\/image\/"},"sameAs":["https:\/\/www.facebook.com\/algarve7","https:\/\/x.com\/Algarvesete","https:\/\/www.instagram.com\/jornalalgarve7\/","https:\/\/www.linkedin.com\/company\/algarve7","https:\/\/www.pinterest.pt\/geral0939\/_created\/"]},{"@type":"Person","@id":"https:\/\/algarve7.pt\/#\/schema\/person\/23fa70681308e7b319a3204bcea45e0c","name":"Algarve 7","sameAs":["https:\/\/algarve7.pt","https:\/\/www.facebook.com\/algarve7"],"url":"https:\/\/algarve7.pt\/index.php\/author\/geralalgarve7-pt\/"}]}},"jetpack_publicize_connections":[],"jetpack_featured_media_url":"https:\/\/algarve7.pt\/wp-content\/uploads\/2024\/09\/Comunicado-GNR-Operacao-Regresso-as-aulas-2024-.png","jetpack_shortlink":"https:\/\/wp.me\/pcezmW-aWQ","jetpack_sharing_enabled":true,"_links":{"self":[{"href":"https:\/\/algarve7.pt\/index.php\/wp-json\/wp\/v2\/posts\/42088","targetHints":{"allow":["GET"]}}],"collection":[{"href":"https:\/\/algarve7.pt\/index.php\/wp-json\/wp\/v2\/posts"}],"about":[{"href":"https:\/\/algarve7.pt\/index.php\/wp-json\/wp\/v2\/types\/post"}],"author":[{"embeddable":true,"href":"https:\/\/algarve7.pt\/index.php\/wp-json\/wp\/v2\/users\/1"}],"replies":[{"embeddable":true,"href":"https:\/\/algarve7.pt\/index.php\/wp-json\/wp\/v2\/comments?post=42088"}],"version-history":[{"count":0,"href":"https:\/\/algarve7.pt\/index.php\/wp-json\/wp\/v2\/posts\/42088\/revisions"}],"wp:featuredmedia":[{"embeddable":true,"href":"https:\/\/algarve7.pt\/index.php\/wp-json\/wp\/v2\/media\/42089"}],"wp:attachment":[{"href":"https:\/\/algarve7.pt\/index.php\/wp-json\/wp\/v2\/media?parent=42088"}],"wp:term":[{"taxonomy":"category","embeddable":true,"href":"https:\/\/algarve7.pt\/index.php\/wp-json\/wp\/v2\/categories?post=42088"},{"taxonomy":"post_tag","embeddable":true,"href":"https:\/\/algarve7.pt\/index.php\/wp-json\/wp\/v2\/tags?post=42088"}],"curies":[{"name":"wp","href":"https:\/\/api.w.org\/{rel}","templated":true}]}}