{"id":41853,"date":"2024-09-05T09:40:00","date_gmt":"2024-09-05T08:40:00","guid":{"rendered":"https:\/\/algarve7.pt\/?p=41853"},"modified":"2024-09-04T18:37:35","modified_gmt":"2024-09-04T17:37:35","slug":"odeleite-celebrou-as-festas-em-honra-de-nossa-senhora-da-visitacao","status":"publish","type":"post","link":"https:\/\/algarve7.pt\/index.php\/2024\/09\/odeleite-celebrou-as-festas-em-honra-de-nossa-senhora-da-visitacao\/cultura\/09\/40\/","title":{"rendered":"Odeleite celebrou as Festas em Honra de Nossa Senhora da Visita\u00e7\u00e3o"},"content":{"rendered":"\n<p>A aldeia de Odeleite celebrou no passado fim de semana as Festas em Honra de Nossa Senhora da Visita\u00e7\u00e3o, com um programa recheado de atividades de cariz religioso, m\u00fasica e uma feira com produtos regionais.<\/p>\n\n\n\n<p>O seu ponto alto decorreu a 1 de setembro com uma missa na Igreja Matriz de Odeleite, presidida pelo Bispo do Algarve, D. Manuel Quintas, que na sua homilia fez refer\u00eancia \u00e0 import\u00e2ncia dos valores da fam\u00edlia, seguida da prociss\u00e3o.<\/p>\n\n\n\n<p>A prociss\u00e3o em Honra de Nossa Senhora da Visita\u00e7\u00e3o percorreu as art\u00e9rias da aldeia do concelho de Castro Marim e foi tamb\u00e9m dirigida pelo Bispo do Algarve, que se encontra a fazer um p\u00e9riplo pela regi\u00e3o.<\/p>\n\n\n\n<p>No mesmo dia houve baile com Hugo Madeira, Sons do Sul, Acordeanima e Sandrine e, para encerrar as celebra\u00e7\u00f5es, \u00e0 noite subiu ao palco a artista portuguesa Quina Barreiros.<\/p>\n\n\n\n<p>O evento come\u00e7ou no dia anterior, a 31 de agosto, com a abertura da feira, seguido de um baile com Filipe Rom\u00e3o e um concerto dos artistas Leo &amp; Leandro.<\/p>\n\n\n\n<p>As Festas em Honra de Nossa Senhora da Visita\u00e7\u00e3o contaram com a organiza\u00e7\u00e3o da Junta de Freguesia local, do Munic\u00edpio de Castro Marim, da Par\u00f3quia de Odeleite e da Associa\u00e7\u00e3o Social da Freguesia de Odeleite.<\/p>\n","protected":false},"excerpt":{"rendered":"<p>A aldeia de Odeleite celebrou no passado fim de semana as Festas em Honra de Nossa Senhora da Visita\u00e7\u00e3o, com<\/p>\n","protected":false},"author":1,"featured_media":41854,"comment_status":"open","ping_status":"open","sticky":false,"template":"","format":"standard","meta":{"colormag_page_container_layout":"default_layout","colormag_page_sidebar_layout":"default_layout","_monsterinsights_skip_tracking":false,"_monsterinsights_sitenote_active":false,"_monsterinsights_sitenote_note":"","_monsterinsights_sitenote_category":0,"jetpack_post_was_ever_published":false,"_jetpack_newsletter_access":"","_jetpack_dont_email_post_to_subs":false,"_jetpack_newsletter_tier_id":0,"_jetpack_memberships_contains_paywalled_content":false,"_jetpack_memberships_contains_paid_content":false,"footnotes":"","jetpack_publicize_message":"","jetpack_publicize_feature_enabled":true,"jetpack_social_post_already_shared":false,"jetpack_social_options":{"image_generator_settings":{"template":"highway","default_image_id":0,"font":"","enabled":false},"version":2}},"categories":[14],"tags":[36,136,35],"class_list":["post-41853","post","type-post","status-publish","format-standard","has-post-thumbnail","hentry","category-cultura","tag-algarve","tag-castro-marim","tag-cultura"],"yoast_head":"<!-- This site is optimized with the Yoast SEO plugin v27.5 - https:\/\/yoast.com\/product\/yoast-seo-wordpress\/ -->\n<title>Odeleite celebrou as Festas em Honra de Nossa Senhora da Visita\u00e7\u00e3o - Algarve 7<\/title>\n<meta name=\"description\" content=\"Odeleite celebrou as Festas em Honra de Nossa Senhora da Visita\u00e7\u00e3o Cultura\" \/>\n<meta name=\"robots\" content=\"index, follow, max-snippet:-1, max-image-preview:large, max-video-preview:-1\" \/>\n<link rel=\"canonical\" href=\"https:\/\/algarve7.pt\/index.php\/2024\/09\/odeleite-celebrou-as-festas-em-honra-de-nossa-senhora-da-visitacao\/cultura\/09\/40\/\" \/>\n<meta property=\"og:locale\" content=\"pt_PT\" \/>\n<meta property=\"og:type\" content=\"article\" \/>\n<meta property=\"og:title\" content=\"Odeleite celebrou as Festas em Honra de Nossa Senhora da Visita\u00e7\u00e3o - Algarve 7\" \/>\n<meta property=\"og:description\" content=\"Odeleite celebrou as Festas em Honra de Nossa Senhora da Visita\u00e7\u00e3o Cultura\" \/>\n<meta property=\"og:url\" content=\"https:\/\/algarve7.pt\/index.php\/2024\/09\/odeleite-celebrou-as-festas-em-honra-de-nossa-senhora-da-visitacao\/cultura\/09\/40\/\" \/>\n<meta property=\"og:site_name\" content=\"Algarve 7\" \/>\n<meta property=\"article:publisher\" content=\"https:\/\/www.facebook.com\/algarve7\" \/>\n<meta property=\"article:author\" content=\"https:\/\/www.facebook.com\/algarve7\" \/>\n<meta property=\"article:published_time\" content=\"2024-09-05T08:40:00+00:00\" \/>\n<meta property=\"og:image\" content=\"https:\/\/algarve7.pt\/wp-content\/uploads\/2024\/09\/Concerto-de-Quina-Barreiros.jpg\" \/>\n\t<meta property=\"og:image:width\" content=\"800\" \/>\n\t<meta property=\"og:image:height\" content=\"470\" \/>\n\t<meta property=\"og:image:type\" content=\"image\/jpeg\" \/>\n<meta name=\"author\" content=\"Algarve 7\" \/>\n<meta name=\"twitter:card\" content=\"summary_large_image\" \/>\n<meta name=\"twitter:creator\" content=\"@Algarvesete\" \/>\n<meta name=\"twitter:site\" content=\"@Algarvesete\" \/>\n<meta name=\"twitter:label1\" content=\"Escrito por\" \/>\n\t<meta name=\"twitter:data1\" content=\"Algarve 7\" \/>\n\t<meta name=\"twitter:label2\" content=\"Tempo estimado de leitura\" \/>\n\t<meta name=\"twitter:data2\" content=\"2 minutos\" \/>\n<script type=\"application\/ld+json\" class=\"yoast-schema-graph\">{\"@context\":\"https:\\\/\\\/schema.org\",\"@graph\":[{\"@type\":\"Article\",\"@id\":\"https:\\\/\\\/algarve7.pt\\\/index.php\\\/2024\\\/09\\\/odeleite-celebrou-as-festas-em-honra-de-nossa-senhora-da-visitacao\\\/cultura\\\/09\\\/40\\\/#article\",\"isPartOf\":{\"@id\":\"https:\\\/\\\/algarve7.pt\\\/index.php\\\/2024\\\/09\\\/odeleite-celebrou-as-festas-em-honra-de-nossa-senhora-da-visitacao\\\/cultura\\\/09\\\/40\\\/\"},\"author\":{\"name\":\"Algarve 7\",\"@id\":\"https:\\\/\\\/algarve7.pt\\\/#\\\/schema\\\/person\\\/23fa70681308e7b319a3204bcea45e0c\"},\"headline\":\"Odeleite celebrou as Festas em Honra de Nossa Senhora da Visita\u00e7\u00e3o\",\"datePublished\":\"2024-09-05T08:40:00+00:00\",\"mainEntityOfPage\":{\"@id\":\"https:\\\/\\\/algarve7.pt\\\/index.php\\\/2024\\\/09\\\/odeleite-celebrou-as-festas-em-honra-de-nossa-senhora-da-visitacao\\\/cultura\\\/09\\\/40\\\/\"},\"wordCount\":233,\"commentCount\":0,\"publisher\":{\"@id\":\"https:\\\/\\\/algarve7.pt\\\/#organization\"},\"image\":{\"@id\":\"https:\\\/\\\/algarve7.pt\\\/index.php\\\/2024\\\/09\\\/odeleite-celebrou-as-festas-em-honra-de-nossa-senhora-da-visitacao\\\/cultura\\\/09\\\/40\\\/#primaryimage\"},\"thumbnailUrl\":\"https:\\\/\\\/algarve7.pt\\\/wp-content\\\/uploads\\\/2024\\\/09\\\/Concerto-de-Quina-Barreiros.jpg\",\"keywords\":[\"Algarve\",\"Castro Marim\",\"Cultura\"],\"articleSection\":[\"Cultura\"],\"inLanguage\":\"pt-PT\",\"potentialAction\":[{\"@type\":\"CommentAction\",\"name\":\"Comment\",\"target\":[\"https:\\\/\\\/algarve7.pt\\\/index.php\\\/2024\\\/09\\\/odeleite-celebrou-as-festas-em-honra-de-nossa-senhora-da-visitacao\\\/cultura\\\/09\\\/40\\\/#respond\"]}]},{\"@type\":\"WebPage\",\"@id\":\"https:\\\/\\\/algarve7.pt\\\/index.php\\\/2024\\\/09\\\/odeleite-celebrou-as-festas-em-honra-de-nossa-senhora-da-visitacao\\\/cultura\\\/09\\\/40\\\/\",\"url\":\"https:\\\/\\\/algarve7.pt\\\/index.php\\\/2024\\\/09\\\/odeleite-celebrou-as-festas-em-honra-de-nossa-senhora-da-visitacao\\\/cultura\\\/09\\\/40\\\/\",\"name\":\"Odeleite celebrou as Festas em Honra de Nossa Senhora da Visita\u00e7\u00e3o - Algarve 7\",\"isPartOf\":{\"@id\":\"https:\\\/\\\/algarve7.pt\\\/#website\"},\"primaryImageOfPage\":{\"@id\":\"https:\\\/\\\/algarve7.pt\\\/index.php\\\/2024\\\/09\\\/odeleite-celebrou-as-festas-em-honra-de-nossa-senhora-da-visitacao\\\/cultura\\\/09\\\/40\\\/#primaryimage\"},\"image\":{\"@id\":\"https:\\\/\\\/algarve7.pt\\\/index.php\\\/2024\\\/09\\\/odeleite-celebrou-as-festas-em-honra-de-nossa-senhora-da-visitacao\\\/cultura\\\/09\\\/40\\\/#primaryimage\"},\"thumbnailUrl\":\"https:\\\/\\\/algarve7.pt\\\/wp-content\\\/uploads\\\/2024\\\/09\\\/Concerto-de-Quina-Barreiros.jpg\",\"datePublished\":\"2024-09-05T08:40:00+00:00\",\"description\":\"Odeleite celebrou as Festas em Honra de Nossa Senhora da Visita\u00e7\u00e3o Cultura\",\"breadcrumb\":{\"@id\":\"https:\\\/\\\/algarve7.pt\\\/index.php\\\/2024\\\/09\\\/odeleite-celebrou-as-festas-em-honra-de-nossa-senhora-da-visitacao\\\/cultura\\\/09\\\/40\\\/#breadcrumb\"},\"inLanguage\":\"pt-PT\",\"potentialAction\":[{\"@type\":\"ReadAction\",\"target\":[\"https:\\\/\\\/algarve7.pt\\\/index.php\\\/2024\\\/09\\\/odeleite-celebrou-as-festas-em-honra-de-nossa-senhora-da-visitacao\\\/cultura\\\/09\\\/40\\\/\"]}]},{\"@type\":\"ImageObject\",\"inLanguage\":\"pt-PT\",\"@id\":\"https:\\\/\\\/algarve7.pt\\\/index.php\\\/2024\\\/09\\\/odeleite-celebrou-as-festas-em-honra-de-nossa-senhora-da-visitacao\\\/cultura\\\/09\\\/40\\\/#primaryimage\",\"url\":\"https:\\\/\\\/algarve7.pt\\\/wp-content\\\/uploads\\\/2024\\\/09\\\/Concerto-de-Quina-Barreiros.jpg\",\"contentUrl\":\"https:\\\/\\\/algarve7.pt\\\/wp-content\\\/uploads\\\/2024\\\/09\\\/Concerto-de-Quina-Barreiros.jpg\",\"width\":800,\"height\":470},{\"@type\":\"BreadcrumbList\",\"@id\":\"https:\\\/\\\/algarve7.pt\\\/index.php\\\/2024\\\/09\\\/odeleite-celebrou-as-festas-em-honra-de-nossa-senhora-da-visitacao\\\/cultura\\\/09\\\/40\\\/#breadcrumb\",\"itemListElement\":[{\"@type\":\"ListItem\",\"position\":1,\"name\":\"In\u00edcio\",\"item\":\"https:\\\/\\\/algarve7.pt\\\/\"},{\"@type\":\"ListItem\",\"position\":2,\"name\":\"Odeleite celebrou as Festas em Honra de Nossa Senhora da Visita\u00e7\u00e3o\"}]},{\"@type\":\"WebSite\",\"@id\":\"https:\\\/\\\/algarve7.pt\\\/#website\",\"url\":\"https:\\\/\\\/algarve7.pt\\\/\",\"name\":\"Algarve 7\",\"description\":\"Informa\u00e7\u00e3o sobre o Algarve\",\"publisher\":{\"@id\":\"https:\\\/\\\/algarve7.pt\\\/#organization\"},\"potentialAction\":[{\"@type\":\"SearchAction\",\"target\":{\"@type\":\"EntryPoint\",\"urlTemplate\":\"https:\\\/\\\/algarve7.pt\\\/?s={search_term_string}\"},\"query-input\":{\"@type\":\"PropertyValueSpecification\",\"valueRequired\":true,\"valueName\":\"search_term_string\"}}],\"inLanguage\":\"pt-PT\"},{\"@type\":\"Organization\",\"@id\":\"https:\\\/\\\/algarve7.pt\\\/#organization\",\"name\":\"Algarve 7\",\"url\":\"https:\\\/\\\/algarve7.pt\\\/\",\"logo\":{\"@type\":\"ImageObject\",\"inLanguage\":\"pt-PT\",\"@id\":\"https:\\\/\\\/algarve7.pt\\\/#\\\/schema\\\/logo\\\/image\\\/\",\"url\":\"https:\\\/\\\/algarve7.pt\\\/wp-content\\\/uploads\\\/2020\\\/10\\\/Logo-8.jpg\",\"contentUrl\":\"https:\\\/\\\/algarve7.pt\\\/wp-content\\\/uploads\\\/2020\\\/10\\\/Logo-8.jpg\",\"width\":1680,\"height\":1186,\"caption\":\"Algarve 7\"},\"image\":{\"@id\":\"https:\\\/\\\/algarve7.pt\\\/#\\\/schema\\\/logo\\\/image\\\/\"},\"sameAs\":[\"https:\\\/\\\/www.facebook.com\\\/algarve7\",\"https:\\\/\\\/x.com\\\/Algarvesete\",\"https:\\\/\\\/www.instagram.com\\\/jornalalgarve7\\\/\",\"https:\\\/\\\/www.linkedin.com\\\/company\\\/algarve7\",\"https:\\\/\\\/www.pinterest.pt\\\/geral0939\\\/_created\\\/\"]},{\"@type\":\"Person\",\"@id\":\"https:\\\/\\\/algarve7.pt\\\/#\\\/schema\\\/person\\\/23fa70681308e7b319a3204bcea45e0c\",\"name\":\"Algarve 7\",\"sameAs\":[\"https:\\\/\\\/algarve7.pt\",\"https:\\\/\\\/www.facebook.com\\\/algarve7\"],\"url\":\"https:\\\/\\\/algarve7.pt\\\/index.php\\\/author\\\/geralalgarve7-pt\\\/\"}]}<\/script>\n<!-- \/ Yoast SEO plugin. -->","yoast_head_json":{"title":"Odeleite celebrou as Festas em Honra de Nossa Senhora da Visita\u00e7\u00e3o - Algarve 7","description":"Odeleite celebrou as Festas em Honra de Nossa Senhora da Visita\u00e7\u00e3o Cultura","robots":{"index":"index","follow":"follow","max-snippet":"max-snippet:-1","max-image-preview":"max-image-preview:large","max-video-preview":"max-video-preview:-1"},"canonical":"https:\/\/algarve7.pt\/index.php\/2024\/09\/odeleite-celebrou-as-festas-em-honra-de-nossa-senhora-da-visitacao\/cultura\/09\/40\/","og_locale":"pt_PT","og_type":"article","og_title":"Odeleite celebrou as Festas em Honra de Nossa Senhora da Visita\u00e7\u00e3o - Algarve 7","og_description":"Odeleite celebrou as Festas em Honra de Nossa Senhora da Visita\u00e7\u00e3o Cultura","og_url":"https:\/\/algarve7.pt\/index.php\/2024\/09\/odeleite-celebrou-as-festas-em-honra-de-nossa-senhora-da-visitacao\/cultura\/09\/40\/","og_site_name":"Algarve 7","article_publisher":"https:\/\/www.facebook.com\/algarve7","article_author":"https:\/\/www.facebook.com\/algarve7","article_published_time":"2024-09-05T08:40:00+00:00","og_image":[{"width":800,"height":470,"url":"https:\/\/algarve7.pt\/wp-content\/uploads\/2024\/09\/Concerto-de-Quina-Barreiros.jpg","type":"image\/jpeg"}],"author":"Algarve 7","twitter_card":"summary_large_image","twitter_creator":"@Algarvesete","twitter_site":"@Algarvesete","twitter_misc":{"Escrito por":"Algarve 7","Tempo estimado de leitura":"2 minutos"},"schema":{"@context":"https:\/\/schema.org","@graph":[{"@type":"Article","@id":"https:\/\/algarve7.pt\/index.php\/2024\/09\/odeleite-celebrou-as-festas-em-honra-de-nossa-senhora-da-visitacao\/cultura\/09\/40\/#article","isPartOf":{"@id":"https:\/\/algarve7.pt\/index.php\/2024\/09\/odeleite-celebrou-as-festas-em-honra-de-nossa-senhora-da-visitacao\/cultura\/09\/40\/"},"author":{"name":"Algarve 7","@id":"https:\/\/algarve7.pt\/#\/schema\/person\/23fa70681308e7b319a3204bcea45e0c"},"headline":"Odeleite celebrou as Festas em Honra de Nossa Senhora da Visita\u00e7\u00e3o","datePublished":"2024-09-05T08:40:00+00:00","mainEntityOfPage":{"@id":"https:\/\/algarve7.pt\/index.php\/2024\/09\/odeleite-celebrou-as-festas-em-honra-de-nossa-senhora-da-visitacao\/cultura\/09\/40\/"},"wordCount":233,"commentCount":0,"publisher":{"@id":"https:\/\/algarve7.pt\/#organization"},"image":{"@id":"https:\/\/algarve7.pt\/index.php\/2024\/09\/odeleite-celebrou-as-festas-em-honra-de-nossa-senhora-da-visitacao\/cultura\/09\/40\/#primaryimage"},"thumbnailUrl":"https:\/\/algarve7.pt\/wp-content\/uploads\/2024\/09\/Concerto-de-Quina-Barreiros.jpg","keywords":["Algarve","Castro Marim","Cultura"],"articleSection":["Cultura"],"inLanguage":"pt-PT","potentialAction":[{"@type":"CommentAction","name":"Comment","target":["https:\/\/algarve7.pt\/index.php\/2024\/09\/odeleite-celebrou-as-festas-em-honra-de-nossa-senhora-da-visitacao\/cultura\/09\/40\/#respond"]}]},{"@type":"WebPage","@id":"https:\/\/algarve7.pt\/index.php\/2024\/09\/odeleite-celebrou-as-festas-em-honra-de-nossa-senhora-da-visitacao\/cultura\/09\/40\/","url":"https:\/\/algarve7.pt\/index.php\/2024\/09\/odeleite-celebrou-as-festas-em-honra-de-nossa-senhora-da-visitacao\/cultura\/09\/40\/","name":"Odeleite celebrou as Festas em Honra de Nossa Senhora da Visita\u00e7\u00e3o - Algarve 7","isPartOf":{"@id":"https:\/\/algarve7.pt\/#website"},"primaryImageOfPage":{"@id":"https:\/\/algarve7.pt\/index.php\/2024\/09\/odeleite-celebrou-as-festas-em-honra-de-nossa-senhora-da-visitacao\/cultura\/09\/40\/#primaryimage"},"image":{"@id":"https:\/\/algarve7.pt\/index.php\/2024\/09\/odeleite-celebrou-as-festas-em-honra-de-nossa-senhora-da-visitacao\/cultura\/09\/40\/#primaryimage"},"thumbnailUrl":"https:\/\/algarve7.pt\/wp-content\/uploads\/2024\/09\/Concerto-de-Quina-Barreiros.jpg","datePublished":"2024-09-05T08:40:00+00:00","description":"Odeleite celebrou as Festas em Honra de Nossa Senhora da Visita\u00e7\u00e3o Cultura","breadcrumb":{"@id":"https:\/\/algarve7.pt\/index.php\/2024\/09\/odeleite-celebrou-as-festas-em-honra-de-nossa-senhora-da-visitacao\/cultura\/09\/40\/#breadcrumb"},"inLanguage":"pt-PT","potentialAction":[{"@type":"ReadAction","target":["https:\/\/algarve7.pt\/index.php\/2024\/09\/odeleite-celebrou-as-festas-em-honra-de-nossa-senhora-da-visitacao\/cultura\/09\/40\/"]}]},{"@type":"ImageObject","inLanguage":"pt-PT","@id":"https:\/\/algarve7.pt\/index.php\/2024\/09\/odeleite-celebrou-as-festas-em-honra-de-nossa-senhora-da-visitacao\/cultura\/09\/40\/#primaryimage","url":"https:\/\/algarve7.pt\/wp-content\/uploads\/2024\/09\/Concerto-de-Quina-Barreiros.jpg","contentUrl":"https:\/\/algarve7.pt\/wp-content\/uploads\/2024\/09\/Concerto-de-Quina-Barreiros.jpg","width":800,"height":470},{"@type":"BreadcrumbList","@id":"https:\/\/algarve7.pt\/index.php\/2024\/09\/odeleite-celebrou-as-festas-em-honra-de-nossa-senhora-da-visitacao\/cultura\/09\/40\/#breadcrumb","itemListElement":[{"@type":"ListItem","position":1,"name":"In\u00edcio","item":"https:\/\/algarve7.pt\/"},{"@type":"ListItem","position":2,"name":"Odeleite celebrou as Festas em Honra de Nossa Senhora da Visita\u00e7\u00e3o"}]},{"@type":"WebSite","@id":"https:\/\/algarve7.pt\/#website","url":"https:\/\/algarve7.pt\/","name":"Algarve 7","description":"Informa\u00e7\u00e3o sobre o Algarve","publisher":{"@id":"https:\/\/algarve7.pt\/#organization"},"potentialAction":[{"@type":"SearchAction","target":{"@type":"EntryPoint","urlTemplate":"https:\/\/algarve7.pt\/?s={search_term_string}"},"query-input":{"@type":"PropertyValueSpecification","valueRequired":true,"valueName":"search_term_string"}}],"inLanguage":"pt-PT"},{"@type":"Organization","@id":"https:\/\/algarve7.pt\/#organization","name":"Algarve 7","url":"https:\/\/algarve7.pt\/","logo":{"@type":"ImageObject","inLanguage":"pt-PT","@id":"https:\/\/algarve7.pt\/#\/schema\/logo\/image\/","url":"https:\/\/algarve7.pt\/wp-content\/uploads\/2020\/10\/Logo-8.jpg","contentUrl":"https:\/\/algarve7.pt\/wp-content\/uploads\/2020\/10\/Logo-8.jpg","width":1680,"height":1186,"caption":"Algarve 7"},"image":{"@id":"https:\/\/algarve7.pt\/#\/schema\/logo\/image\/"},"sameAs":["https:\/\/www.facebook.com\/algarve7","https:\/\/x.com\/Algarvesete","https:\/\/www.instagram.com\/jornalalgarve7\/","https:\/\/www.linkedin.com\/company\/algarve7","https:\/\/www.pinterest.pt\/geral0939\/_created\/"]},{"@type":"Person","@id":"https:\/\/algarve7.pt\/#\/schema\/person\/23fa70681308e7b319a3204bcea45e0c","name":"Algarve 7","sameAs":["https:\/\/algarve7.pt","https:\/\/www.facebook.com\/algarve7"],"url":"https:\/\/algarve7.pt\/index.php\/author\/geralalgarve7-pt\/"}]}},"jetpack_publicize_connections":[],"jetpack_featured_media_url":"https:\/\/algarve7.pt\/wp-content\/uploads\/2024\/09\/Concerto-de-Quina-Barreiros.jpg","jetpack_shortlink":"https:\/\/wp.me\/pcezmW-aT3","jetpack_sharing_enabled":true,"_links":{"self":[{"href":"https:\/\/algarve7.pt\/index.php\/wp-json\/wp\/v2\/posts\/41853","targetHints":{"allow":["GET"]}}],"collection":[{"href":"https:\/\/algarve7.pt\/index.php\/wp-json\/wp\/v2\/posts"}],"about":[{"href":"https:\/\/algarve7.pt\/index.php\/wp-json\/wp\/v2\/types\/post"}],"author":[{"embeddable":true,"href":"https:\/\/algarve7.pt\/index.php\/wp-json\/wp\/v2\/users\/1"}],"replies":[{"embeddable":true,"href":"https:\/\/algarve7.pt\/index.php\/wp-json\/wp\/v2\/comments?post=41853"}],"version-history":[{"count":0,"href":"https:\/\/algarve7.pt\/index.php\/wp-json\/wp\/v2\/posts\/41853\/revisions"}],"wp:featuredmedia":[{"embeddable":true,"href":"https:\/\/algarve7.pt\/index.php\/wp-json\/wp\/v2\/media\/41854"}],"wp:attachment":[{"href":"https:\/\/algarve7.pt\/index.php\/wp-json\/wp\/v2\/media?parent=41853"}],"wp:term":[{"taxonomy":"category","embeddable":true,"href":"https:\/\/algarve7.pt\/index.php\/wp-json\/wp\/v2\/categories?post=41853"},{"taxonomy":"post_tag","embeddable":true,"href":"https:\/\/algarve7.pt\/index.php\/wp-json\/wp\/v2\/tags?post=41853"}],"curies":[{"name":"wp","href":"https:\/\/api.w.org\/{rel}","templated":true}]}}