{"id":41850,"date":"2024-09-05T09:15:00","date_gmt":"2024-09-05T08:15:00","guid":{"rendered":"https:\/\/algarve7.pt\/?p=41850"},"modified":"2024-09-04T18:22:25","modified_gmt":"2024-09-04T17:22:25","slug":"corridas-para-todos-os-gostos-no-algarve-em-outubro","status":"publish","type":"post","link":"https:\/\/algarve7.pt\/index.php\/2024\/09\/corridas-para-todos-os-gostos-no-algarve-em-outubro\/desporto\/09\/15\/","title":{"rendered":"Corridas para todos os gostos no Algarve em\u00a0Outubro"},"content":{"rendered":"\n<p><strong>Outubro<\/strong>&nbsp;promete e tem tudo para ser um m\u00eas recheado de hist\u00f3ria e anima\u00e7\u00e3o no asfalto do&nbsp;<strong>Aut\u00f3dromo Internacional do Algarve<\/strong>. Com provas em todos os fins-de-semana o circuito junto \u00e0 cidade de&nbsp;<strong>Portim\u00e3o<\/strong>&nbsp;ir\u00e1 acolher ve\u00edculos que fizeram hist\u00f3ria e ajudaram \u00e0 gl\u00f3ria de pilotos no \u00faltimo s\u00e9culo bem como as mais recentes gera\u00e7\u00f5es de m\u00e1quina criadas para alcan\u00e7ar patamares superiores de performance. Um m\u00eas de pista cheia e muitos motivos para os fans das corridas se deslocarem ao&nbsp;<strong>Aut\u00f3dromo Internacional do Algarve<\/strong>.<\/p>\n\n\n\n<p>O preenchido programa de&nbsp;<strong>Outubro<\/strong>&nbsp;come\u00e7ara com uma viagem ao passado quando f\u00f4r dada ordem de partida para uma corrida \u00fanica em todo o planeta e onde estar\u00e3o em pista&nbsp;<strong>24 Bentley&#8217;s<\/strong>&nbsp;que durante&nbsp;<strong>24<\/strong>&nbsp;horas ser\u00e3o guiados por&nbsp;<strong>72<\/strong>&nbsp;membros do&nbsp;<strong>Benjafields Racing Club<\/strong>. O motivo desta &#8216;reuni\u00e3o&#8217; \u00fanica \u00e9 a celebra\u00e7\u00e3o do centen\u00e1rio da primeira vit\u00f3ria da marca brit\u00e2nica nas&nbsp;<strong>24 Horas de Le Mans<\/strong>&nbsp;e todo o ambiente de&nbsp;<strong>1924<\/strong>&nbsp;ser\u00e1 recreado no pit-lane do&nbsp;<strong>Aut\u00f3dromo Internacional do Algarve<\/strong>&nbsp;tal como em&nbsp;<strong>2014<\/strong>&nbsp;quando o mesmo clube celebrou no&nbsp;<strong>Algarve<\/strong>&nbsp;os noventa anos da hist\u00f3rica vit\u00f3ria conseguida por&nbsp;<strong>John Duff<\/strong>&nbsp;e&nbsp;<strong>Frank Clement<\/strong>.<\/p>\n\n\n\n<p>Uma semana depois (<strong>12 e 13 de Outubro<\/strong>) entrar\u00e1 em pista o pelot\u00e3o da&nbsp;<strong>Fun Cup Fran\u00e7a<\/strong>, competi\u00e7\u00e3o \u00fanica e sempre espectacular com os irrequietos&nbsp;<strong>Evo 3<\/strong>&nbsp;com silhueta&nbsp;<strong>Volkswagen Carocha<\/strong>&nbsp;a serem sempre sin\u00f3nimo de corridas bem discutidas fruto do seu baixo peso e&nbsp;<strong>170 cavalos<\/strong>&nbsp;de pot\u00eancia num chassis pensado para a competi\u00e7\u00e3o e muita divers\u00e3o na condu\u00e7\u00e3o.<\/p>\n\n\n\n<p>No arranque da segunda quinzena do m\u00eas (<strong>18 e 19 de Outubro<\/strong>) ser\u00e1 o imenso pelot\u00e3o do&nbsp;<strong>European Le Mans Series<\/strong>&nbsp;entrar em pista para aquela que ser\u00e1 certamente a ronda decisiva da competi\u00e7\u00e3o. O troar dos motores ser\u00e1 novamente ouvido bem alto nos c\u00e9us do&nbsp;<strong>Algarve<\/strong>&nbsp;com v\u00e1rios pilotos portugueses em pista a apontarem baterias aos primeiros lugares de um campeonato em que&nbsp;<strong>2023<\/strong>&nbsp;viu a equipa da&nbsp;<strong>Algarve Pro Racing<\/strong>&nbsp;conquistar o ceptro maior. Com quatro horas de dura\u00e7\u00e3o este verdadeiro teste de resist\u00eancia e velocidade tr\u00e1s de novo ao&nbsp;<strong>Algarve<\/strong>&nbsp;o ambiente \u00fanico e especial das corridas de resist\u00eancia.<\/p>\n\n\n\n<p>A fechar o m\u00eas e numa data que \u00e9 j\u00e1 tradicional o&nbsp;<strong>Algarve Classic Festival<\/strong>&nbsp;ir\u00e1 novamente encher a pista do&nbsp;<strong>Aut\u00f3dromo Internacional do Algarve<\/strong>&nbsp;com alguns dos mais belos carros de competi\u00e7\u00e3o algumas vez desenhados, desde os&nbsp;<strong>F\u00f3rmula 1<\/strong>&nbsp;de outras eras a &#8216;turismos&#8217; e&nbsp;<strong>GT&#8217;s&nbsp;<\/strong>que fizeram a alegria de muitos fans e que hoje fazem vibrar p\u00fablico de todas as idades. O&nbsp;<strong>Algarve Classic Festival<\/strong>&nbsp;trouxe mais de uma centena de ve\u00edculos para a pista em&nbsp;<strong>2023<\/strong>&nbsp;e em&nbsp;<strong>2024<\/strong>&nbsp;n\u00e3o ser\u00e1 novamente excep\u00e7\u00e3o no que ser\u00e1 novamente uma forma perfeita de fechar um intenso m\u00eas de&nbsp;<strong>Outubro<\/strong>.<\/p>\n\n\n\n<p><strong>Kart\u00f3dromo com ronda mundialista<\/strong><br>A par com com o&nbsp;<strong>Aut\u00f3dromo Internacional do Algarve<\/strong>&nbsp;tamb\u00e9m o&nbsp;<strong>Kart\u00f3dromo Internacional do Algarve<\/strong>&nbsp;ir\u00e1 acolher entre os dias&nbsp;<strong>10 e 13 de Outubro<\/strong>&nbsp;o campeonato do mundo&nbsp;<strong>KZ<\/strong>&nbsp;com as suas 3 categorias. Com&nbsp;<strong>1531<\/strong>&nbsp;metros de per\u00edmetro o&nbsp;<strong>KIA<\/strong>&nbsp;ser\u00e1 palco novamente de decis\u00f5es quanto a t\u00edtulos mundiais e ao longo do fim-de-semana n\u00e3o faltar\u00e1 com toda a certeza muita ac\u00e7\u00e3o e espect\u00e1culo proporcionado por um pelot\u00e3o oriundo de todos os pontos do planeta e onde certamente est\u00e3o algumas das estrelas do automobilismo mundial no futuro.<\/p>\n\n\n\n<p><strong>CALEND\u00c1RIO<\/strong><br>4 a 6 de Outubro &#8211; 24 Horas Bentley Boys<br>10 a 13 de Outubro &#8211; Mundial KZ (Kart\u00f3dromo)<br>12 e&nbsp;13&nbsp;de Outubro &#8211; Fun Cup<br>18 e&nbsp;19&nbsp;de Outubro &#8211; European Le Mans Series<br>26 e 27&nbsp;de Outubro &#8211; Algarve Classic Festival<\/p>\n","protected":false},"excerpt":{"rendered":"<p>Outubro&nbsp;promete e tem tudo para ser um m\u00eas recheado de hist\u00f3ria e anima\u00e7\u00e3o no asfalto do&nbsp;Aut\u00f3dromo Internacional do Algarve. Com<\/p>\n","protected":false},"author":1,"featured_media":41851,"comment_status":"open","ping_status":"open","sticky":false,"template":"","format":"standard","meta":{"colormag_page_container_layout":"default_layout","colormag_page_sidebar_layout":"default_layout","_monsterinsights_skip_tracking":false,"_monsterinsights_sitenote_active":false,"_monsterinsights_sitenote_note":"","_monsterinsights_sitenote_category":0,"jetpack_post_was_ever_published":false,"_jetpack_newsletter_access":"","_jetpack_dont_email_post_to_subs":false,"_jetpack_newsletter_tier_id":0,"_jetpack_memberships_contains_paywalled_content":false,"_jetpack_memberships_contains_paid_content":false,"footnotes":"","jetpack_publicize_message":"","jetpack_publicize_feature_enabled":true,"jetpack_social_post_already_shared":false,"jetpack_social_options":{"image_generator_settings":{"template":"highway","default_image_id":0,"font":"","enabled":false},"version":2}},"categories":[15],"tags":[36,239,40,72],"class_list":["post-41850","post","type-post","status-publish","format-standard","has-post-thumbnail","hentry","category-desporto","tag-algarve","tag-autodromo-internacional-do-algarve","tag-desporto","tag-portimao"],"yoast_head":"<!-- This site is optimized with the Yoast SEO plugin v27.5 - https:\/\/yoast.com\/product\/yoast-seo-wordpress\/ -->\n<title>Corridas para todos os gostos no Algarve em\u00a0Outubro - Algarve 7<\/title>\n<meta name=\"description\" content=\"Corridas para todos os gostos no Algarve em\u00a0Outubro Desporto\" \/>\n<meta name=\"robots\" content=\"index, follow, max-snippet:-1, max-image-preview:large, max-video-preview:-1\" \/>\n<link rel=\"canonical\" href=\"https:\/\/algarve7.pt\/index.php\/2024\/09\/corridas-para-todos-os-gostos-no-algarve-em-outubro\/desporto\/09\/15\/\" \/>\n<meta property=\"og:locale\" content=\"pt_PT\" \/>\n<meta property=\"og:type\" content=\"article\" \/>\n<meta property=\"og:title\" content=\"Corridas para todos os gostos no Algarve em\u00a0Outubro - Algarve 7\" \/>\n<meta property=\"og:description\" content=\"Corridas para todos os gostos no Algarve em\u00a0Outubro Desporto\" \/>\n<meta property=\"og:url\" content=\"https:\/\/algarve7.pt\/index.php\/2024\/09\/corridas-para-todos-os-gostos-no-algarve-em-outubro\/desporto\/09\/15\/\" \/>\n<meta property=\"og:site_name\" content=\"Algarve 7\" \/>\n<meta property=\"article:publisher\" content=\"https:\/\/www.facebook.com\/algarve7\" \/>\n<meta property=\"article:author\" content=\"https:\/\/www.facebook.com\/algarve7\" \/>\n<meta property=\"article:published_time\" content=\"2024-09-05T08:15:00+00:00\" \/>\n<meta property=\"og:image\" content=\"https:\/\/algarve7.pt\/wp-content\/uploads\/2024\/09\/49eab48a-22df-d326-d4fe-fa3fde197d7b.jpg\" \/>\n\t<meta property=\"og:image:width\" content=\"800\" \/>\n\t<meta property=\"og:image:height\" content=\"470\" \/>\n\t<meta property=\"og:image:type\" content=\"image\/jpeg\" \/>\n<meta name=\"author\" content=\"Algarve 7\" \/>\n<meta name=\"twitter:card\" content=\"summary_large_image\" \/>\n<meta name=\"twitter:creator\" content=\"@Algarvesete\" \/>\n<meta name=\"twitter:site\" content=\"@Algarvesete\" \/>\n<meta name=\"twitter:label1\" content=\"Escrito por\" \/>\n\t<meta name=\"twitter:data1\" content=\"Algarve 7\" \/>\n\t<meta name=\"twitter:label2\" content=\"Tempo estimado de leitura\" \/>\n\t<meta name=\"twitter:data2\" content=\"4 minutos\" \/>\n<script type=\"application\/ld+json\" class=\"yoast-schema-graph\">{\"@context\":\"https:\\\/\\\/schema.org\",\"@graph\":[{\"@type\":\"Article\",\"@id\":\"https:\\\/\\\/algarve7.pt\\\/index.php\\\/2024\\\/09\\\/corridas-para-todos-os-gostos-no-algarve-em-outubro\\\/desporto\\\/09\\\/15\\\/#article\",\"isPartOf\":{\"@id\":\"https:\\\/\\\/algarve7.pt\\\/index.php\\\/2024\\\/09\\\/corridas-para-todos-os-gostos-no-algarve-em-outubro\\\/desporto\\\/09\\\/15\\\/\"},\"author\":{\"name\":\"Algarve 7\",\"@id\":\"https:\\\/\\\/algarve7.pt\\\/#\\\/schema\\\/person\\\/23fa70681308e7b319a3204bcea45e0c\"},\"headline\":\"Corridas para todos os gostos no Algarve em\u00a0Outubro\",\"datePublished\":\"2024-09-05T08:15:00+00:00\",\"mainEntityOfPage\":{\"@id\":\"https:\\\/\\\/algarve7.pt\\\/index.php\\\/2024\\\/09\\\/corridas-para-todos-os-gostos-no-algarve-em-outubro\\\/desporto\\\/09\\\/15\\\/\"},\"wordCount\":711,\"commentCount\":0,\"publisher\":{\"@id\":\"https:\\\/\\\/algarve7.pt\\\/#organization\"},\"image\":{\"@id\":\"https:\\\/\\\/algarve7.pt\\\/index.php\\\/2024\\\/09\\\/corridas-para-todos-os-gostos-no-algarve-em-outubro\\\/desporto\\\/09\\\/15\\\/#primaryimage\"},\"thumbnailUrl\":\"https:\\\/\\\/algarve7.pt\\\/wp-content\\\/uploads\\\/2024\\\/09\\\/49eab48a-22df-d326-d4fe-fa3fde197d7b.jpg\",\"keywords\":[\"Algarve\",\"Aut\u00f3dromo Internacional do Algarve\",\"Desporto\",\"Portim\u00e3o\"],\"articleSection\":[\"Desporto\"],\"inLanguage\":\"pt-PT\",\"potentialAction\":[{\"@type\":\"CommentAction\",\"name\":\"Comment\",\"target\":[\"https:\\\/\\\/algarve7.pt\\\/index.php\\\/2024\\\/09\\\/corridas-para-todos-os-gostos-no-algarve-em-outubro\\\/desporto\\\/09\\\/15\\\/#respond\"]}]},{\"@type\":\"WebPage\",\"@id\":\"https:\\\/\\\/algarve7.pt\\\/index.php\\\/2024\\\/09\\\/corridas-para-todos-os-gostos-no-algarve-em-outubro\\\/desporto\\\/09\\\/15\\\/\",\"url\":\"https:\\\/\\\/algarve7.pt\\\/index.php\\\/2024\\\/09\\\/corridas-para-todos-os-gostos-no-algarve-em-outubro\\\/desporto\\\/09\\\/15\\\/\",\"name\":\"Corridas para todos os gostos no Algarve em\u00a0Outubro - Algarve 7\",\"isPartOf\":{\"@id\":\"https:\\\/\\\/algarve7.pt\\\/#website\"},\"primaryImageOfPage\":{\"@id\":\"https:\\\/\\\/algarve7.pt\\\/index.php\\\/2024\\\/09\\\/corridas-para-todos-os-gostos-no-algarve-em-outubro\\\/desporto\\\/09\\\/15\\\/#primaryimage\"},\"image\":{\"@id\":\"https:\\\/\\\/algarve7.pt\\\/index.php\\\/2024\\\/09\\\/corridas-para-todos-os-gostos-no-algarve-em-outubro\\\/desporto\\\/09\\\/15\\\/#primaryimage\"},\"thumbnailUrl\":\"https:\\\/\\\/algarve7.pt\\\/wp-content\\\/uploads\\\/2024\\\/09\\\/49eab48a-22df-d326-d4fe-fa3fde197d7b.jpg\",\"datePublished\":\"2024-09-05T08:15:00+00:00\",\"description\":\"Corridas para todos os gostos no Algarve em\u00a0Outubro Desporto\",\"breadcrumb\":{\"@id\":\"https:\\\/\\\/algarve7.pt\\\/index.php\\\/2024\\\/09\\\/corridas-para-todos-os-gostos-no-algarve-em-outubro\\\/desporto\\\/09\\\/15\\\/#breadcrumb\"},\"inLanguage\":\"pt-PT\",\"potentialAction\":[{\"@type\":\"ReadAction\",\"target\":[\"https:\\\/\\\/algarve7.pt\\\/index.php\\\/2024\\\/09\\\/corridas-para-todos-os-gostos-no-algarve-em-outubro\\\/desporto\\\/09\\\/15\\\/\"]}]},{\"@type\":\"ImageObject\",\"inLanguage\":\"pt-PT\",\"@id\":\"https:\\\/\\\/algarve7.pt\\\/index.php\\\/2024\\\/09\\\/corridas-para-todos-os-gostos-no-algarve-em-outubro\\\/desporto\\\/09\\\/15\\\/#primaryimage\",\"url\":\"https:\\\/\\\/algarve7.pt\\\/wp-content\\\/uploads\\\/2024\\\/09\\\/49eab48a-22df-d326-d4fe-fa3fde197d7b.jpg\",\"contentUrl\":\"https:\\\/\\\/algarve7.pt\\\/wp-content\\\/uploads\\\/2024\\\/09\\\/49eab48a-22df-d326-d4fe-fa3fde197d7b.jpg\",\"width\":800,\"height\":470},{\"@type\":\"BreadcrumbList\",\"@id\":\"https:\\\/\\\/algarve7.pt\\\/index.php\\\/2024\\\/09\\\/corridas-para-todos-os-gostos-no-algarve-em-outubro\\\/desporto\\\/09\\\/15\\\/#breadcrumb\",\"itemListElement\":[{\"@type\":\"ListItem\",\"position\":1,\"name\":\"In\u00edcio\",\"item\":\"https:\\\/\\\/algarve7.pt\\\/\"},{\"@type\":\"ListItem\",\"position\":2,\"name\":\"Corridas para todos os gostos no Algarve em\u00a0Outubro\"}]},{\"@type\":\"WebSite\",\"@id\":\"https:\\\/\\\/algarve7.pt\\\/#website\",\"url\":\"https:\\\/\\\/algarve7.pt\\\/\",\"name\":\"Algarve 7\",\"description\":\"Informa\u00e7\u00e3o sobre o Algarve\",\"publisher\":{\"@id\":\"https:\\\/\\\/algarve7.pt\\\/#organization\"},\"potentialAction\":[{\"@type\":\"SearchAction\",\"target\":{\"@type\":\"EntryPoint\",\"urlTemplate\":\"https:\\\/\\\/algarve7.pt\\\/?s={search_term_string}\"},\"query-input\":{\"@type\":\"PropertyValueSpecification\",\"valueRequired\":true,\"valueName\":\"search_term_string\"}}],\"inLanguage\":\"pt-PT\"},{\"@type\":\"Organization\",\"@id\":\"https:\\\/\\\/algarve7.pt\\\/#organization\",\"name\":\"Algarve 7\",\"url\":\"https:\\\/\\\/algarve7.pt\\\/\",\"logo\":{\"@type\":\"ImageObject\",\"inLanguage\":\"pt-PT\",\"@id\":\"https:\\\/\\\/algarve7.pt\\\/#\\\/schema\\\/logo\\\/image\\\/\",\"url\":\"https:\\\/\\\/algarve7.pt\\\/wp-content\\\/uploads\\\/2020\\\/10\\\/Logo-8.jpg\",\"contentUrl\":\"https:\\\/\\\/algarve7.pt\\\/wp-content\\\/uploads\\\/2020\\\/10\\\/Logo-8.jpg\",\"width\":1680,\"height\":1186,\"caption\":\"Algarve 7\"},\"image\":{\"@id\":\"https:\\\/\\\/algarve7.pt\\\/#\\\/schema\\\/logo\\\/image\\\/\"},\"sameAs\":[\"https:\\\/\\\/www.facebook.com\\\/algarve7\",\"https:\\\/\\\/x.com\\\/Algarvesete\",\"https:\\\/\\\/www.instagram.com\\\/jornalalgarve7\\\/\",\"https:\\\/\\\/www.linkedin.com\\\/company\\\/algarve7\",\"https:\\\/\\\/www.pinterest.pt\\\/geral0939\\\/_created\\\/\"]},{\"@type\":\"Person\",\"@id\":\"https:\\\/\\\/algarve7.pt\\\/#\\\/schema\\\/person\\\/23fa70681308e7b319a3204bcea45e0c\",\"name\":\"Algarve 7\",\"sameAs\":[\"https:\\\/\\\/algarve7.pt\",\"https:\\\/\\\/www.facebook.com\\\/algarve7\"],\"url\":\"https:\\\/\\\/algarve7.pt\\\/index.php\\\/author\\\/geralalgarve7-pt\\\/\"}]}<\/script>\n<!-- \/ Yoast SEO plugin. -->","yoast_head_json":{"title":"Corridas para todos os gostos no Algarve em\u00a0Outubro - Algarve 7","description":"Corridas para todos os gostos no Algarve em\u00a0Outubro Desporto","robots":{"index":"index","follow":"follow","max-snippet":"max-snippet:-1","max-image-preview":"max-image-preview:large","max-video-preview":"max-video-preview:-1"},"canonical":"https:\/\/algarve7.pt\/index.php\/2024\/09\/corridas-para-todos-os-gostos-no-algarve-em-outubro\/desporto\/09\/15\/","og_locale":"pt_PT","og_type":"article","og_title":"Corridas para todos os gostos no Algarve em\u00a0Outubro - Algarve 7","og_description":"Corridas para todos os gostos no Algarve em\u00a0Outubro Desporto","og_url":"https:\/\/algarve7.pt\/index.php\/2024\/09\/corridas-para-todos-os-gostos-no-algarve-em-outubro\/desporto\/09\/15\/","og_site_name":"Algarve 7","article_publisher":"https:\/\/www.facebook.com\/algarve7","article_author":"https:\/\/www.facebook.com\/algarve7","article_published_time":"2024-09-05T08:15:00+00:00","og_image":[{"width":800,"height":470,"url":"https:\/\/algarve7.pt\/wp-content\/uploads\/2024\/09\/49eab48a-22df-d326-d4fe-fa3fde197d7b.jpg","type":"image\/jpeg"}],"author":"Algarve 7","twitter_card":"summary_large_image","twitter_creator":"@Algarvesete","twitter_site":"@Algarvesete","twitter_misc":{"Escrito por":"Algarve 7","Tempo estimado de leitura":"4 minutos"},"schema":{"@context":"https:\/\/schema.org","@graph":[{"@type":"Article","@id":"https:\/\/algarve7.pt\/index.php\/2024\/09\/corridas-para-todos-os-gostos-no-algarve-em-outubro\/desporto\/09\/15\/#article","isPartOf":{"@id":"https:\/\/algarve7.pt\/index.php\/2024\/09\/corridas-para-todos-os-gostos-no-algarve-em-outubro\/desporto\/09\/15\/"},"author":{"name":"Algarve 7","@id":"https:\/\/algarve7.pt\/#\/schema\/person\/23fa70681308e7b319a3204bcea45e0c"},"headline":"Corridas para todos os gostos no Algarve em\u00a0Outubro","datePublished":"2024-09-05T08:15:00+00:00","mainEntityOfPage":{"@id":"https:\/\/algarve7.pt\/index.php\/2024\/09\/corridas-para-todos-os-gostos-no-algarve-em-outubro\/desporto\/09\/15\/"},"wordCount":711,"commentCount":0,"publisher":{"@id":"https:\/\/algarve7.pt\/#organization"},"image":{"@id":"https:\/\/algarve7.pt\/index.php\/2024\/09\/corridas-para-todos-os-gostos-no-algarve-em-outubro\/desporto\/09\/15\/#primaryimage"},"thumbnailUrl":"https:\/\/algarve7.pt\/wp-content\/uploads\/2024\/09\/49eab48a-22df-d326-d4fe-fa3fde197d7b.jpg","keywords":["Algarve","Aut\u00f3dromo Internacional do Algarve","Desporto","Portim\u00e3o"],"articleSection":["Desporto"],"inLanguage":"pt-PT","potentialAction":[{"@type":"CommentAction","name":"Comment","target":["https:\/\/algarve7.pt\/index.php\/2024\/09\/corridas-para-todos-os-gostos-no-algarve-em-outubro\/desporto\/09\/15\/#respond"]}]},{"@type":"WebPage","@id":"https:\/\/algarve7.pt\/index.php\/2024\/09\/corridas-para-todos-os-gostos-no-algarve-em-outubro\/desporto\/09\/15\/","url":"https:\/\/algarve7.pt\/index.php\/2024\/09\/corridas-para-todos-os-gostos-no-algarve-em-outubro\/desporto\/09\/15\/","name":"Corridas para todos os gostos no Algarve em\u00a0Outubro - Algarve 7","isPartOf":{"@id":"https:\/\/algarve7.pt\/#website"},"primaryImageOfPage":{"@id":"https:\/\/algarve7.pt\/index.php\/2024\/09\/corridas-para-todos-os-gostos-no-algarve-em-outubro\/desporto\/09\/15\/#primaryimage"},"image":{"@id":"https:\/\/algarve7.pt\/index.php\/2024\/09\/corridas-para-todos-os-gostos-no-algarve-em-outubro\/desporto\/09\/15\/#primaryimage"},"thumbnailUrl":"https:\/\/algarve7.pt\/wp-content\/uploads\/2024\/09\/49eab48a-22df-d326-d4fe-fa3fde197d7b.jpg","datePublished":"2024-09-05T08:15:00+00:00","description":"Corridas para todos os gostos no Algarve em\u00a0Outubro Desporto","breadcrumb":{"@id":"https:\/\/algarve7.pt\/index.php\/2024\/09\/corridas-para-todos-os-gostos-no-algarve-em-outubro\/desporto\/09\/15\/#breadcrumb"},"inLanguage":"pt-PT","potentialAction":[{"@type":"ReadAction","target":["https:\/\/algarve7.pt\/index.php\/2024\/09\/corridas-para-todos-os-gostos-no-algarve-em-outubro\/desporto\/09\/15\/"]}]},{"@type":"ImageObject","inLanguage":"pt-PT","@id":"https:\/\/algarve7.pt\/index.php\/2024\/09\/corridas-para-todos-os-gostos-no-algarve-em-outubro\/desporto\/09\/15\/#primaryimage","url":"https:\/\/algarve7.pt\/wp-content\/uploads\/2024\/09\/49eab48a-22df-d326-d4fe-fa3fde197d7b.jpg","contentUrl":"https:\/\/algarve7.pt\/wp-content\/uploads\/2024\/09\/49eab48a-22df-d326-d4fe-fa3fde197d7b.jpg","width":800,"height":470},{"@type":"BreadcrumbList","@id":"https:\/\/algarve7.pt\/index.php\/2024\/09\/corridas-para-todos-os-gostos-no-algarve-em-outubro\/desporto\/09\/15\/#breadcrumb","itemListElement":[{"@type":"ListItem","position":1,"name":"In\u00edcio","item":"https:\/\/algarve7.pt\/"},{"@type":"ListItem","position":2,"name":"Corridas para todos os gostos no Algarve em\u00a0Outubro"}]},{"@type":"WebSite","@id":"https:\/\/algarve7.pt\/#website","url":"https:\/\/algarve7.pt\/","name":"Algarve 7","description":"Informa\u00e7\u00e3o sobre o Algarve","publisher":{"@id":"https:\/\/algarve7.pt\/#organization"},"potentialAction":[{"@type":"SearchAction","target":{"@type":"EntryPoint","urlTemplate":"https:\/\/algarve7.pt\/?s={search_term_string}"},"query-input":{"@type":"PropertyValueSpecification","valueRequired":true,"valueName":"search_term_string"}}],"inLanguage":"pt-PT"},{"@type":"Organization","@id":"https:\/\/algarve7.pt\/#organization","name":"Algarve 7","url":"https:\/\/algarve7.pt\/","logo":{"@type":"ImageObject","inLanguage":"pt-PT","@id":"https:\/\/algarve7.pt\/#\/schema\/logo\/image\/","url":"https:\/\/algarve7.pt\/wp-content\/uploads\/2020\/10\/Logo-8.jpg","contentUrl":"https:\/\/algarve7.pt\/wp-content\/uploads\/2020\/10\/Logo-8.jpg","width":1680,"height":1186,"caption":"Algarve 7"},"image":{"@id":"https:\/\/algarve7.pt\/#\/schema\/logo\/image\/"},"sameAs":["https:\/\/www.facebook.com\/algarve7","https:\/\/x.com\/Algarvesete","https:\/\/www.instagram.com\/jornalalgarve7\/","https:\/\/www.linkedin.com\/company\/algarve7","https:\/\/www.pinterest.pt\/geral0939\/_created\/"]},{"@type":"Person","@id":"https:\/\/algarve7.pt\/#\/schema\/person\/23fa70681308e7b319a3204bcea45e0c","name":"Algarve 7","sameAs":["https:\/\/algarve7.pt","https:\/\/www.facebook.com\/algarve7"],"url":"https:\/\/algarve7.pt\/index.php\/author\/geralalgarve7-pt\/"}]}},"jetpack_publicize_connections":[],"jetpack_featured_media_url":"https:\/\/algarve7.pt\/wp-content\/uploads\/2024\/09\/49eab48a-22df-d326-d4fe-fa3fde197d7b.jpg","jetpack_shortlink":"https:\/\/wp.me\/pcezmW-aT0","jetpack_sharing_enabled":true,"_links":{"self":[{"href":"https:\/\/algarve7.pt\/index.php\/wp-json\/wp\/v2\/posts\/41850","targetHints":{"allow":["GET"]}}],"collection":[{"href":"https:\/\/algarve7.pt\/index.php\/wp-json\/wp\/v2\/posts"}],"about":[{"href":"https:\/\/algarve7.pt\/index.php\/wp-json\/wp\/v2\/types\/post"}],"author":[{"embeddable":true,"href":"https:\/\/algarve7.pt\/index.php\/wp-json\/wp\/v2\/users\/1"}],"replies":[{"embeddable":true,"href":"https:\/\/algarve7.pt\/index.php\/wp-json\/wp\/v2\/comments?post=41850"}],"version-history":[{"count":0,"href":"https:\/\/algarve7.pt\/index.php\/wp-json\/wp\/v2\/posts\/41850\/revisions"}],"wp:featuredmedia":[{"embeddable":true,"href":"https:\/\/algarve7.pt\/index.php\/wp-json\/wp\/v2\/media\/41851"}],"wp:attachment":[{"href":"https:\/\/algarve7.pt\/index.php\/wp-json\/wp\/v2\/media?parent=41850"}],"wp:term":[{"taxonomy":"category","embeddable":true,"href":"https:\/\/algarve7.pt\/index.php\/wp-json\/wp\/v2\/categories?post=41850"},{"taxonomy":"post_tag","embeddable":true,"href":"https:\/\/algarve7.pt\/index.php\/wp-json\/wp\/v2\/tags?post=41850"}],"curies":[{"name":"wp","href":"https:\/\/api.w.org\/{rel}","templated":true}]}}