{"id":41721,"date":"2024-08-31T09:15:00","date_gmt":"2024-08-31T08:15:00","guid":{"rendered":"https:\/\/algarve7.pt\/?p=41721"},"modified":"2024-08-30T14:06:58","modified_gmt":"2024-08-30T13:06:58","slug":"teatro-musica-voar-com-a-musica-no-auditorio-carlos-do-carmo-em-lagoa","status":"publish","type":"post","link":"https:\/\/algarve7.pt\/index.php\/2024\/08\/teatro-musica-voar-com-a-musica-no-auditorio-carlos-do-carmo-em-lagoa\/cultura\/09\/15\/","title":{"rendered":"Teatro &amp; M\u00fasica Voar com a M\u00fasica no Audit\u00f3rio Carlos do Carmo em Lagoa"},"content":{"rendered":"\n<p>Em setembro, o projeto de a\u00e7\u00e3o de educa\u00e7\u00e3o n\u00e3o formal para pais e filhos Voar com a M\u00fasica, pela O Corvo e a Raposa Associa\u00e7\u00e3o Cultural, est\u00e1 de regresso ao Audit\u00f3rio Carlos do Carmo com tr\u00eas sess\u00f5es a acontecerem no dia 14 de setembro pela manh\u00e3. J\u00e1 pode comprar o seu\u00a0bilhete\u00a0para as diferentes sess\u00f5es \/ faixas et\u00e1rias.<\/p>\n\n\n\n<p>Sinopse: O Projeto&nbsp;Voar com a M\u00fasica&nbsp;trata-se de uma a\u00e7\u00e3o de educa\u00e7\u00e3o n\u00e3o formal para pais e filhos. Tem um car\u00e1ter din\u00e2mico com viv\u00eancias musicais participativas. Aqui reina a divers\u00e3o e a variedade de atividades. Can\u00e7\u00f5es, cantos r\u00edtmicos, rimas, lengalengas, intera\u00e7\u00f5es vocais e corporais, com e sem recurso a objetos sonoros e adere\u00e7os escolhidos em fun\u00e7\u00e3o das carater\u00edsticas de cada atividade e tamb\u00e9m da faixa et\u00e1ria. Este projeto segue os princ\u00edpios da teoria da aprendizagem musical de Edwin Gordon, que apesar de n\u00e3o se apresentar como um m\u00e9todo de ensino, \u00e9 usado com base para cria\u00e7\u00e3o de m\u00e9todos e modelos de ensino por v\u00e1rios pedagogos. O seu grande objetivo \u00e9 ajudar as crian\u00e7as a desenvolver a audi\u00e7\u00e3o tonal e r\u00edtmica de forma a aumentar a compreens\u00e3o sobre a m\u00fasica sob v\u00e1rias formas (ouvir, interpretar, ver e criar). Todo este processo de aprendizagem ser\u00e1 feito atrav\u00e9s de um ambiente imersivo, em que as crian\u00e7as (e seus cuidadores) ir\u00e3o mergulhar num mundo de est\u00edmulos sonoros atrav\u00e9s da voz como instrumento primordial, bem como alguns instrumentos musicais e tamb\u00e9m jogos r\u00edtmicos, oferecendo sempre uma grande riqueza de tonalidades e ritmos usuais e n\u00e3o usuais. O projeto tem uma vertente cultural, art\u00edstica e educativa, pois vai proporcionar viv\u00eancias l\u00fadicas, mas que em simult\u00e2neo est\u00e3o a educar musicalmente os beb\u00e9s e ao mesmo tempo os seus cuidadores.&nbsp;<br><br>Voar com a M\u00fasica, pretende voar ao cora\u00e7\u00e3o de Lagoa para que as suas crian\u00e7as e respetivos cuidadores, tenham acesso de qualidade a uma imers\u00e3o musical transformadora e eficiente. As sess\u00f5es musicais em fam\u00edlia representam a melhor alternativa para iniciar a aprendizagem musical uma vez que os pais s\u00e3o o pilar afetivo para que as crian\u00e7as aprendam mais e melhor. Estas sess\u00f5es musicais t\u00eam v\u00e1rias fun\u00e7\u00f5es, entre os quais: proporcionar viv\u00eancias musicais ricas aos beb\u00e9s e crian\u00e7as e respetivos cuidadores; estimular os sentidos e enriquecer o vocabul\u00e1rio de escuta, desenvolvendo a audi\u00e7\u00e3o dos mais pequeninos. O projeto Voar com a m\u00fasica, estimula a criatividade e improvisa\u00e7\u00e3o de todos os participantes, promovendo momentos \u00fanicos de frui\u00e7\u00e3o e partilha art\u00edstica e de contacto humano e a comunica\u00e7\u00e3o entre pais e filhos e todo o grupo de participantes.<\/p>\n\n\n\n<p>As sess\u00f5es est\u00e3o divididas em 3 apresenta\u00e7\u00f5es, que correspondem aos est\u00e1dios de desenvolvimento infantil para que cada uma seja o mais direcionada poss\u00edvel para essas faixas et\u00e1rias. Cada sess\u00e3o tem a dura\u00e7\u00e3o m\u00e1xima de 45 minutos com o a lota\u00e7\u00e3o de 10 crian\u00e7as.&nbsp;<br>Nestas sess\u00f5es iremos explorar o universo dos sons e do movimento atrav\u00e9s de instrumentos musicais em conjuga\u00e7\u00e3o com len\u00e7os coloridos, sacos de motricidade e fantoches.<\/p>\n\n\n\n<p><br>Os bilhetes para este espet\u00e1culo custam&nbsp;6\u20ac&nbsp;(gratuito para as crian\u00e7as) e j\u00e1 se encontram \u00e0 venda na Bilheteira Online, nas bilheteiras dos CTT, da Fnac, Worten, Audit\u00f3rio Carlos do Carmo, Centro Cultural Convento de S. Jos\u00e9 e Balc\u00e3o \u00danico da C\u00e2mara Municipal de Lagoa.<\/p>\n\n\n\n<p>Nota: A entrada para as crian\u00e7as \u00e9 gratuita, no entanto, s\u00f3 podem participar acompanhadas por um adulto.<\/p>\n","protected":false},"excerpt":{"rendered":"<p>Em setembro, o projeto de a\u00e7\u00e3o de educa\u00e7\u00e3o n\u00e3o formal para pais e filhos Voar com a M\u00fasica, pela O<\/p>\n","protected":false},"author":1,"featured_media":41722,"comment_status":"open","ping_status":"open","sticky":false,"template":"","format":"standard","meta":{"colormag_page_container_layout":"default_layout","colormag_page_sidebar_layout":"default_layout","_monsterinsights_skip_tracking":false,"_monsterinsights_sitenote_active":false,"_monsterinsights_sitenote_note":"","_monsterinsights_sitenote_category":0,"jetpack_post_was_ever_published":false,"_jetpack_newsletter_access":"","_jetpack_dont_email_post_to_subs":false,"_jetpack_newsletter_tier_id":0,"_jetpack_memberships_contains_paywalled_content":false,"_jetpack_memberships_contains_paid_content":false,"footnotes":"","jetpack_publicize_message":"","jetpack_publicize_feature_enabled":true,"jetpack_social_post_already_shared":false,"jetpack_social_options":{"image_generator_settings":{"template":"highway","default_image_id":0,"font":"","enabled":false},"version":2}},"categories":[14],"tags":[36,35,48],"class_list":["post-41721","post","type-post","status-publish","format-standard","has-post-thumbnail","hentry","category-cultura","tag-algarve","tag-cultura","tag-lagoa"],"yoast_head":"<!-- This site is optimized with the Yoast SEO plugin v27.5 - https:\/\/yoast.com\/product\/yoast-seo-wordpress\/ -->\n<title>Teatro &amp; M\u00fasica Voar com a M\u00fasica no Audit\u00f3rio Carlos do Carmo em Lagoa - Algarve 7<\/title>\n<meta name=\"description\" content=\"Teatro &amp; M\u00fasica Voar com a M\u00fasica no Audit\u00f3rio Carlos do Carmo em Lagoa Cultura\" \/>\n<meta name=\"robots\" content=\"index, follow, max-snippet:-1, max-image-preview:large, max-video-preview:-1\" \/>\n<link rel=\"canonical\" href=\"https:\/\/algarve7.pt\/index.php\/2024\/08\/teatro-musica-voar-com-a-musica-no-auditorio-carlos-do-carmo-em-lagoa\/cultura\/09\/15\/\" \/>\n<meta property=\"og:locale\" content=\"pt_PT\" \/>\n<meta property=\"og:type\" content=\"article\" \/>\n<meta property=\"og:title\" content=\"Teatro &amp; M\u00fasica Voar com a M\u00fasica no Audit\u00f3rio Carlos do Carmo em Lagoa - Algarve 7\" \/>\n<meta property=\"og:description\" content=\"Teatro &amp; M\u00fasica Voar com a M\u00fasica no Audit\u00f3rio Carlos do Carmo em Lagoa Cultura\" \/>\n<meta property=\"og:url\" content=\"https:\/\/algarve7.pt\/index.php\/2024\/08\/teatro-musica-voar-com-a-musica-no-auditorio-carlos-do-carmo-em-lagoa\/cultura\/09\/15\/\" \/>\n<meta property=\"og:site_name\" content=\"Algarve 7\" \/>\n<meta property=\"article:publisher\" content=\"https:\/\/www.facebook.com\/algarve7\" \/>\n<meta property=\"article:author\" content=\"https:\/\/www.facebook.com\/algarve7\" \/>\n<meta property=\"article:published_time\" content=\"2024-08-31T08:15:00+00:00\" \/>\n<meta property=\"og:image\" content=\"https:\/\/algarve7.pt\/wp-content\/uploads\/2024\/08\/Captura-de-ecra-2024-08-30-as-14.03.22.png\" \/>\n\t<meta property=\"og:image:width\" content=\"800\" \/>\n\t<meta property=\"og:image:height\" content=\"470\" \/>\n\t<meta property=\"og:image:type\" content=\"image\/png\" \/>\n<meta name=\"author\" content=\"Algarve 7\" \/>\n<meta name=\"twitter:card\" content=\"summary_large_image\" \/>\n<meta name=\"twitter:creator\" content=\"@Algarvesete\" \/>\n<meta name=\"twitter:site\" content=\"@Algarvesete\" \/>\n<meta name=\"twitter:label1\" content=\"Escrito por\" \/>\n\t<meta name=\"twitter:data1\" content=\"Algarve 7\" \/>\n\t<meta name=\"twitter:label2\" content=\"Tempo estimado de leitura\" \/>\n\t<meta name=\"twitter:data2\" content=\"4 minutos\" \/>\n<script type=\"application\/ld+json\" class=\"yoast-schema-graph\">{\"@context\":\"https:\\\/\\\/schema.org\",\"@graph\":[{\"@type\":\"Article\",\"@id\":\"https:\\\/\\\/algarve7.pt\\\/index.php\\\/2024\\\/08\\\/teatro-musica-voar-com-a-musica-no-auditorio-carlos-do-carmo-em-lagoa\\\/cultura\\\/09\\\/15\\\/#article\",\"isPartOf\":{\"@id\":\"https:\\\/\\\/algarve7.pt\\\/index.php\\\/2024\\\/08\\\/teatro-musica-voar-com-a-musica-no-auditorio-carlos-do-carmo-em-lagoa\\\/cultura\\\/09\\\/15\\\/\"},\"author\":{\"name\":\"Algarve 7\",\"@id\":\"https:\\\/\\\/algarve7.pt\\\/#\\\/schema\\\/person\\\/23fa70681308e7b319a3204bcea45e0c\"},\"headline\":\"Teatro &amp; M\u00fasica Voar com a M\u00fasica no Audit\u00f3rio Carlos do Carmo em Lagoa\",\"datePublished\":\"2024-08-31T08:15:00+00:00\",\"mainEntityOfPage\":{\"@id\":\"https:\\\/\\\/algarve7.pt\\\/index.php\\\/2024\\\/08\\\/teatro-musica-voar-com-a-musica-no-auditorio-carlos-do-carmo-em-lagoa\\\/cultura\\\/09\\\/15\\\/\"},\"wordCount\":655,\"commentCount\":0,\"publisher\":{\"@id\":\"https:\\\/\\\/algarve7.pt\\\/#organization\"},\"image\":{\"@id\":\"https:\\\/\\\/algarve7.pt\\\/index.php\\\/2024\\\/08\\\/teatro-musica-voar-com-a-musica-no-auditorio-carlos-do-carmo-em-lagoa\\\/cultura\\\/09\\\/15\\\/#primaryimage\"},\"thumbnailUrl\":\"https:\\\/\\\/algarve7.pt\\\/wp-content\\\/uploads\\\/2024\\\/08\\\/Captura-de-ecra-2024-08-30-as-14.03.22.png\",\"keywords\":[\"Algarve\",\"Cultura\",\"Lagoa\"],\"articleSection\":[\"Cultura\"],\"inLanguage\":\"pt-PT\",\"potentialAction\":[{\"@type\":\"CommentAction\",\"name\":\"Comment\",\"target\":[\"https:\\\/\\\/algarve7.pt\\\/index.php\\\/2024\\\/08\\\/teatro-musica-voar-com-a-musica-no-auditorio-carlos-do-carmo-em-lagoa\\\/cultura\\\/09\\\/15\\\/#respond\"]}]},{\"@type\":\"WebPage\",\"@id\":\"https:\\\/\\\/algarve7.pt\\\/index.php\\\/2024\\\/08\\\/teatro-musica-voar-com-a-musica-no-auditorio-carlos-do-carmo-em-lagoa\\\/cultura\\\/09\\\/15\\\/\",\"url\":\"https:\\\/\\\/algarve7.pt\\\/index.php\\\/2024\\\/08\\\/teatro-musica-voar-com-a-musica-no-auditorio-carlos-do-carmo-em-lagoa\\\/cultura\\\/09\\\/15\\\/\",\"name\":\"Teatro &amp; M\u00fasica Voar com a M\u00fasica no Audit\u00f3rio Carlos do Carmo em Lagoa - Algarve 7\",\"isPartOf\":{\"@id\":\"https:\\\/\\\/algarve7.pt\\\/#website\"},\"primaryImageOfPage\":{\"@id\":\"https:\\\/\\\/algarve7.pt\\\/index.php\\\/2024\\\/08\\\/teatro-musica-voar-com-a-musica-no-auditorio-carlos-do-carmo-em-lagoa\\\/cultura\\\/09\\\/15\\\/#primaryimage\"},\"image\":{\"@id\":\"https:\\\/\\\/algarve7.pt\\\/index.php\\\/2024\\\/08\\\/teatro-musica-voar-com-a-musica-no-auditorio-carlos-do-carmo-em-lagoa\\\/cultura\\\/09\\\/15\\\/#primaryimage\"},\"thumbnailUrl\":\"https:\\\/\\\/algarve7.pt\\\/wp-content\\\/uploads\\\/2024\\\/08\\\/Captura-de-ecra-2024-08-30-as-14.03.22.png\",\"datePublished\":\"2024-08-31T08:15:00+00:00\",\"description\":\"Teatro &amp; M\u00fasica Voar com a M\u00fasica no Audit\u00f3rio Carlos do Carmo em Lagoa Cultura\",\"breadcrumb\":{\"@id\":\"https:\\\/\\\/algarve7.pt\\\/index.php\\\/2024\\\/08\\\/teatro-musica-voar-com-a-musica-no-auditorio-carlos-do-carmo-em-lagoa\\\/cultura\\\/09\\\/15\\\/#breadcrumb\"},\"inLanguage\":\"pt-PT\",\"potentialAction\":[{\"@type\":\"ReadAction\",\"target\":[\"https:\\\/\\\/algarve7.pt\\\/index.php\\\/2024\\\/08\\\/teatro-musica-voar-com-a-musica-no-auditorio-carlos-do-carmo-em-lagoa\\\/cultura\\\/09\\\/15\\\/\"]}]},{\"@type\":\"ImageObject\",\"inLanguage\":\"pt-PT\",\"@id\":\"https:\\\/\\\/algarve7.pt\\\/index.php\\\/2024\\\/08\\\/teatro-musica-voar-com-a-musica-no-auditorio-carlos-do-carmo-em-lagoa\\\/cultura\\\/09\\\/15\\\/#primaryimage\",\"url\":\"https:\\\/\\\/algarve7.pt\\\/wp-content\\\/uploads\\\/2024\\\/08\\\/Captura-de-ecra-2024-08-30-as-14.03.22.png\",\"contentUrl\":\"https:\\\/\\\/algarve7.pt\\\/wp-content\\\/uploads\\\/2024\\\/08\\\/Captura-de-ecra-2024-08-30-as-14.03.22.png\",\"width\":800,\"height\":470},{\"@type\":\"BreadcrumbList\",\"@id\":\"https:\\\/\\\/algarve7.pt\\\/index.php\\\/2024\\\/08\\\/teatro-musica-voar-com-a-musica-no-auditorio-carlos-do-carmo-em-lagoa\\\/cultura\\\/09\\\/15\\\/#breadcrumb\",\"itemListElement\":[{\"@type\":\"ListItem\",\"position\":1,\"name\":\"In\u00edcio\",\"item\":\"https:\\\/\\\/algarve7.pt\\\/\"},{\"@type\":\"ListItem\",\"position\":2,\"name\":\"Teatro &amp; M\u00fasica Voar com a M\u00fasica no Audit\u00f3rio Carlos do Carmo em Lagoa\"}]},{\"@type\":\"WebSite\",\"@id\":\"https:\\\/\\\/algarve7.pt\\\/#website\",\"url\":\"https:\\\/\\\/algarve7.pt\\\/\",\"name\":\"Algarve 7\",\"description\":\"Informa\u00e7\u00e3o sobre o Algarve\",\"publisher\":{\"@id\":\"https:\\\/\\\/algarve7.pt\\\/#organization\"},\"potentialAction\":[{\"@type\":\"SearchAction\",\"target\":{\"@type\":\"EntryPoint\",\"urlTemplate\":\"https:\\\/\\\/algarve7.pt\\\/?s={search_term_string}\"},\"query-input\":{\"@type\":\"PropertyValueSpecification\",\"valueRequired\":true,\"valueName\":\"search_term_string\"}}],\"inLanguage\":\"pt-PT\"},{\"@type\":\"Organization\",\"@id\":\"https:\\\/\\\/algarve7.pt\\\/#organization\",\"name\":\"Algarve 7\",\"url\":\"https:\\\/\\\/algarve7.pt\\\/\",\"logo\":{\"@type\":\"ImageObject\",\"inLanguage\":\"pt-PT\",\"@id\":\"https:\\\/\\\/algarve7.pt\\\/#\\\/schema\\\/logo\\\/image\\\/\",\"url\":\"https:\\\/\\\/algarve7.pt\\\/wp-content\\\/uploads\\\/2020\\\/10\\\/Logo-8.jpg\",\"contentUrl\":\"https:\\\/\\\/algarve7.pt\\\/wp-content\\\/uploads\\\/2020\\\/10\\\/Logo-8.jpg\",\"width\":1680,\"height\":1186,\"caption\":\"Algarve 7\"},\"image\":{\"@id\":\"https:\\\/\\\/algarve7.pt\\\/#\\\/schema\\\/logo\\\/image\\\/\"},\"sameAs\":[\"https:\\\/\\\/www.facebook.com\\\/algarve7\",\"https:\\\/\\\/x.com\\\/Algarvesete\",\"https:\\\/\\\/www.instagram.com\\\/jornalalgarve7\\\/\",\"https:\\\/\\\/www.linkedin.com\\\/company\\\/algarve7\",\"https:\\\/\\\/www.pinterest.pt\\\/geral0939\\\/_created\\\/\"]},{\"@type\":\"Person\",\"@id\":\"https:\\\/\\\/algarve7.pt\\\/#\\\/schema\\\/person\\\/23fa70681308e7b319a3204bcea45e0c\",\"name\":\"Algarve 7\",\"sameAs\":[\"https:\\\/\\\/algarve7.pt\",\"https:\\\/\\\/www.facebook.com\\\/algarve7\"],\"url\":\"https:\\\/\\\/algarve7.pt\\\/index.php\\\/author\\\/geralalgarve7-pt\\\/\"}]}<\/script>\n<!-- \/ Yoast SEO plugin. -->","yoast_head_json":{"title":"Teatro &amp; M\u00fasica Voar com a M\u00fasica no Audit\u00f3rio Carlos do Carmo em Lagoa - Algarve 7","description":"Teatro &amp; M\u00fasica Voar com a M\u00fasica no Audit\u00f3rio Carlos do Carmo em Lagoa Cultura","robots":{"index":"index","follow":"follow","max-snippet":"max-snippet:-1","max-image-preview":"max-image-preview:large","max-video-preview":"max-video-preview:-1"},"canonical":"https:\/\/algarve7.pt\/index.php\/2024\/08\/teatro-musica-voar-com-a-musica-no-auditorio-carlos-do-carmo-em-lagoa\/cultura\/09\/15\/","og_locale":"pt_PT","og_type":"article","og_title":"Teatro &amp; M\u00fasica Voar com a M\u00fasica no Audit\u00f3rio Carlos do Carmo em Lagoa - Algarve 7","og_description":"Teatro &amp; M\u00fasica Voar com a M\u00fasica no Audit\u00f3rio Carlos do Carmo em Lagoa Cultura","og_url":"https:\/\/algarve7.pt\/index.php\/2024\/08\/teatro-musica-voar-com-a-musica-no-auditorio-carlos-do-carmo-em-lagoa\/cultura\/09\/15\/","og_site_name":"Algarve 7","article_publisher":"https:\/\/www.facebook.com\/algarve7","article_author":"https:\/\/www.facebook.com\/algarve7","article_published_time":"2024-08-31T08:15:00+00:00","og_image":[{"width":800,"height":470,"url":"https:\/\/algarve7.pt\/wp-content\/uploads\/2024\/08\/Captura-de-ecra-2024-08-30-as-14.03.22.png","type":"image\/png"}],"author":"Algarve 7","twitter_card":"summary_large_image","twitter_creator":"@Algarvesete","twitter_site":"@Algarvesete","twitter_misc":{"Escrito por":"Algarve 7","Tempo estimado de leitura":"4 minutos"},"schema":{"@context":"https:\/\/schema.org","@graph":[{"@type":"Article","@id":"https:\/\/algarve7.pt\/index.php\/2024\/08\/teatro-musica-voar-com-a-musica-no-auditorio-carlos-do-carmo-em-lagoa\/cultura\/09\/15\/#article","isPartOf":{"@id":"https:\/\/algarve7.pt\/index.php\/2024\/08\/teatro-musica-voar-com-a-musica-no-auditorio-carlos-do-carmo-em-lagoa\/cultura\/09\/15\/"},"author":{"name":"Algarve 7","@id":"https:\/\/algarve7.pt\/#\/schema\/person\/23fa70681308e7b319a3204bcea45e0c"},"headline":"Teatro &amp; M\u00fasica Voar com a M\u00fasica no Audit\u00f3rio Carlos do Carmo em Lagoa","datePublished":"2024-08-31T08:15:00+00:00","mainEntityOfPage":{"@id":"https:\/\/algarve7.pt\/index.php\/2024\/08\/teatro-musica-voar-com-a-musica-no-auditorio-carlos-do-carmo-em-lagoa\/cultura\/09\/15\/"},"wordCount":655,"commentCount":0,"publisher":{"@id":"https:\/\/algarve7.pt\/#organization"},"image":{"@id":"https:\/\/algarve7.pt\/index.php\/2024\/08\/teatro-musica-voar-com-a-musica-no-auditorio-carlos-do-carmo-em-lagoa\/cultura\/09\/15\/#primaryimage"},"thumbnailUrl":"https:\/\/algarve7.pt\/wp-content\/uploads\/2024\/08\/Captura-de-ecra-2024-08-30-as-14.03.22.png","keywords":["Algarve","Cultura","Lagoa"],"articleSection":["Cultura"],"inLanguage":"pt-PT","potentialAction":[{"@type":"CommentAction","name":"Comment","target":["https:\/\/algarve7.pt\/index.php\/2024\/08\/teatro-musica-voar-com-a-musica-no-auditorio-carlos-do-carmo-em-lagoa\/cultura\/09\/15\/#respond"]}]},{"@type":"WebPage","@id":"https:\/\/algarve7.pt\/index.php\/2024\/08\/teatro-musica-voar-com-a-musica-no-auditorio-carlos-do-carmo-em-lagoa\/cultura\/09\/15\/","url":"https:\/\/algarve7.pt\/index.php\/2024\/08\/teatro-musica-voar-com-a-musica-no-auditorio-carlos-do-carmo-em-lagoa\/cultura\/09\/15\/","name":"Teatro &amp; M\u00fasica Voar com a M\u00fasica no Audit\u00f3rio Carlos do Carmo em Lagoa - Algarve 7","isPartOf":{"@id":"https:\/\/algarve7.pt\/#website"},"primaryImageOfPage":{"@id":"https:\/\/algarve7.pt\/index.php\/2024\/08\/teatro-musica-voar-com-a-musica-no-auditorio-carlos-do-carmo-em-lagoa\/cultura\/09\/15\/#primaryimage"},"image":{"@id":"https:\/\/algarve7.pt\/index.php\/2024\/08\/teatro-musica-voar-com-a-musica-no-auditorio-carlos-do-carmo-em-lagoa\/cultura\/09\/15\/#primaryimage"},"thumbnailUrl":"https:\/\/algarve7.pt\/wp-content\/uploads\/2024\/08\/Captura-de-ecra-2024-08-30-as-14.03.22.png","datePublished":"2024-08-31T08:15:00+00:00","description":"Teatro &amp; M\u00fasica Voar com a M\u00fasica no Audit\u00f3rio Carlos do Carmo em Lagoa Cultura","breadcrumb":{"@id":"https:\/\/algarve7.pt\/index.php\/2024\/08\/teatro-musica-voar-com-a-musica-no-auditorio-carlos-do-carmo-em-lagoa\/cultura\/09\/15\/#breadcrumb"},"inLanguage":"pt-PT","potentialAction":[{"@type":"ReadAction","target":["https:\/\/algarve7.pt\/index.php\/2024\/08\/teatro-musica-voar-com-a-musica-no-auditorio-carlos-do-carmo-em-lagoa\/cultura\/09\/15\/"]}]},{"@type":"ImageObject","inLanguage":"pt-PT","@id":"https:\/\/algarve7.pt\/index.php\/2024\/08\/teatro-musica-voar-com-a-musica-no-auditorio-carlos-do-carmo-em-lagoa\/cultura\/09\/15\/#primaryimage","url":"https:\/\/algarve7.pt\/wp-content\/uploads\/2024\/08\/Captura-de-ecra-2024-08-30-as-14.03.22.png","contentUrl":"https:\/\/algarve7.pt\/wp-content\/uploads\/2024\/08\/Captura-de-ecra-2024-08-30-as-14.03.22.png","width":800,"height":470},{"@type":"BreadcrumbList","@id":"https:\/\/algarve7.pt\/index.php\/2024\/08\/teatro-musica-voar-com-a-musica-no-auditorio-carlos-do-carmo-em-lagoa\/cultura\/09\/15\/#breadcrumb","itemListElement":[{"@type":"ListItem","position":1,"name":"In\u00edcio","item":"https:\/\/algarve7.pt\/"},{"@type":"ListItem","position":2,"name":"Teatro &amp; M\u00fasica Voar com a M\u00fasica no Audit\u00f3rio Carlos do Carmo em Lagoa"}]},{"@type":"WebSite","@id":"https:\/\/algarve7.pt\/#website","url":"https:\/\/algarve7.pt\/","name":"Algarve 7","description":"Informa\u00e7\u00e3o sobre o Algarve","publisher":{"@id":"https:\/\/algarve7.pt\/#organization"},"potentialAction":[{"@type":"SearchAction","target":{"@type":"EntryPoint","urlTemplate":"https:\/\/algarve7.pt\/?s={search_term_string}"},"query-input":{"@type":"PropertyValueSpecification","valueRequired":true,"valueName":"search_term_string"}}],"inLanguage":"pt-PT"},{"@type":"Organization","@id":"https:\/\/algarve7.pt\/#organization","name":"Algarve 7","url":"https:\/\/algarve7.pt\/","logo":{"@type":"ImageObject","inLanguage":"pt-PT","@id":"https:\/\/algarve7.pt\/#\/schema\/logo\/image\/","url":"https:\/\/algarve7.pt\/wp-content\/uploads\/2020\/10\/Logo-8.jpg","contentUrl":"https:\/\/algarve7.pt\/wp-content\/uploads\/2020\/10\/Logo-8.jpg","width":1680,"height":1186,"caption":"Algarve 7"},"image":{"@id":"https:\/\/algarve7.pt\/#\/schema\/logo\/image\/"},"sameAs":["https:\/\/www.facebook.com\/algarve7","https:\/\/x.com\/Algarvesete","https:\/\/www.instagram.com\/jornalalgarve7\/","https:\/\/www.linkedin.com\/company\/algarve7","https:\/\/www.pinterest.pt\/geral0939\/_created\/"]},{"@type":"Person","@id":"https:\/\/algarve7.pt\/#\/schema\/person\/23fa70681308e7b319a3204bcea45e0c","name":"Algarve 7","sameAs":["https:\/\/algarve7.pt","https:\/\/www.facebook.com\/algarve7"],"url":"https:\/\/algarve7.pt\/index.php\/author\/geralalgarve7-pt\/"}]}},"jetpack_publicize_connections":[],"jetpack_featured_media_url":"https:\/\/algarve7.pt\/wp-content\/uploads\/2024\/08\/Captura-de-ecra-2024-08-30-as-14.03.22.png","jetpack_shortlink":"https:\/\/wp.me\/pcezmW-aQV","jetpack_sharing_enabled":true,"_links":{"self":[{"href":"https:\/\/algarve7.pt\/index.php\/wp-json\/wp\/v2\/posts\/41721","targetHints":{"allow":["GET"]}}],"collection":[{"href":"https:\/\/algarve7.pt\/index.php\/wp-json\/wp\/v2\/posts"}],"about":[{"href":"https:\/\/algarve7.pt\/index.php\/wp-json\/wp\/v2\/types\/post"}],"author":[{"embeddable":true,"href":"https:\/\/algarve7.pt\/index.php\/wp-json\/wp\/v2\/users\/1"}],"replies":[{"embeddable":true,"href":"https:\/\/algarve7.pt\/index.php\/wp-json\/wp\/v2\/comments?post=41721"}],"version-history":[{"count":0,"href":"https:\/\/algarve7.pt\/index.php\/wp-json\/wp\/v2\/posts\/41721\/revisions"}],"wp:featuredmedia":[{"embeddable":true,"href":"https:\/\/algarve7.pt\/index.php\/wp-json\/wp\/v2\/media\/41722"}],"wp:attachment":[{"href":"https:\/\/algarve7.pt\/index.php\/wp-json\/wp\/v2\/media?parent=41721"}],"wp:term":[{"taxonomy":"category","embeddable":true,"href":"https:\/\/algarve7.pt\/index.php\/wp-json\/wp\/v2\/categories?post=41721"},{"taxonomy":"post_tag","embeddable":true,"href":"https:\/\/algarve7.pt\/index.php\/wp-json\/wp\/v2\/tags?post=41721"}],"curies":[{"name":"wp","href":"https:\/\/api.w.org\/{rel}","templated":true}]}}