{"id":4171,"date":"2020-11-28T15:30:58","date_gmt":"2020-11-28T15:30:58","guid":{"rendered":"https:\/\/algarve7.pt\/?p=4171"},"modified":"2020-11-28T13:44:18","modified_gmt":"2020-11-28T13:44:18","slug":"lagos-define-prioridades-para-2021-e-aprova-orcamento-de-665-milhoes-de-euros","status":"publish","type":"post","link":"https:\/\/algarve7.pt\/index.php\/2020\/11\/lagos-define-prioridades-para-2021-e-aprova-orcamento-de-665-milhoes-de-euros\/economia\/15\/30\/","title":{"rendered":"Lagos define prioridades para 2021 e aprova or\u00e7amento de 66,5 milh\u00f5es de euros"},"content":{"rendered":"\n<p>As Grandes Op\u00e7\u00f5es do Plano para 2021, o Plano Plurianual de Investimentos e o Or\u00e7amento Municipal, aprovados na \u00faltima reuni\u00e3o do executivo lacobrigense, esta quarta-feira realizada, privilegiam a conclus\u00e3o dos projetos sufragados para o mandato, apresentando um conjunto de a\u00e7\u00f5es novas a desencadear. Habita\u00e7\u00e3o \u00e9 uma das prioridades para afirmar Lagos como um concelho cada vez mais solid\u00e1rio.<\/p>\n\n\n\n<p>A execu\u00e7\u00e3o plena dos projetos que t\u00eam vindo a ser cimentados ao longo dos \u00faltimos anos, mantendo a flexibilidade de adapta\u00e7\u00e3o que a nova realidade social e econ\u00f3mica imp\u00f5em, \u00e9 o des\u00edgnio dos documentos de planeamento da C\u00e2mara Municipal para 2021. Para concretizar esta aspira\u00e7\u00e3o, a autarquia ir\u00e1 contar no exerc\u00edcio do pr\u00f3ximo ano com um or\u00e7amento inicial de aproximadamente 66,5 milh\u00f5es de euros, o que representa um aumento de cerca de 4% face ao or\u00e7amento inicial aprovado para o ano econ\u00f3mico de 2020. Um valor que, na realidade, rondar\u00e1 os 100 milh\u00f5es de euros, quando ao or\u00e7amento inicial acrescer o saldo de tesouraria de mais de trinta milh\u00f5es que transita e a integrar em janeiro, opera\u00e7\u00e3o contabil\u00edstica que a lei ainda n\u00e3o permite considerar logo \u00e0 partida no or\u00e7amento.<\/p>\n\n\n\n<p>Melhores infraestruturas, sustentabilidade ambiental e econ\u00f3mica, refor\u00e7o da coes\u00e3o social, promo\u00e7\u00e3o da participa\u00e7\u00e3o c\u00edvica, da inova\u00e7\u00e3o e da criatividade, exerc\u00edcio do desporto e afirma\u00e7\u00e3o do patrim\u00f3nio hist\u00f3rico, cultural e intelectual do concelho, s\u00e3o alguns dos objetivos pol\u00edticos que aparecem densificados nos documentos em torno de quatro eixos estrat\u00e9gicos.<\/p>\n\n\n\n<p>No eixo \u201cLagos mais Solid\u00e1ria\u201d as aten\u00e7\u00f5es viram-se para as \u00e1reas da habita\u00e7\u00e3o e da educa\u00e7\u00e3o, da igualdade social e da seguran\u00e7a. Para aumentar e reabilitar a oferta habitacional, ir\u00e1 arrancar muito em breve a constru\u00e7\u00e3o de 29 fogos (localizados em Bensafrim, Sarga\u00e7al e Lagos), assim como a elabora\u00e7\u00e3o do projeto para a constru\u00e7\u00e3o de mais 100 novos fogos na cidade e, j\u00e1 em perspetiva, um futuro empreendimento habitacional junto \u00e0 nova Escola da Luz. Mant\u00eam-se outras medidas como o apoio ao arrendamento privado, recentemente criado. Em mat\u00e9ria de amplia\u00e7\u00e3o e conserva\u00e7\u00e3o do parque escolar o maior investimento ser\u00e1 com a conclus\u00e3o e entrada em funcionamento da EB1\/JI da Luz, estando em estudo a interven\u00e7\u00e3o em outros estabelecimentos escolares, como sejam as duas EB 2\/3 de Lagos (requalifica\u00e7\u00e3o e amplia\u00e7\u00e3o) e a EB1 de Odi\u00e1xere (requalifica\u00e7\u00e3o), um esfor\u00e7o acompanhado pela aposta na moderniza\u00e7\u00e3o dos equipamentos em sala de aula. As infraestruturas desportivas ser\u00e3o objeto de investimento, com a reabilita\u00e7\u00e3o dos espa\u00e7os desportivos de lazer ao ar livre. A dinamiza\u00e7\u00e3o do NPISA \u2013 N\u00facleo de Planeamento e Integra\u00e7\u00e3o dos Sem-Abrigo, a implementa\u00e7\u00e3o do Plano Municipal da Igualdade e N\u00e3o Discrimina\u00e7\u00e3o, a cria\u00e7\u00e3o de condi\u00e7\u00f5es para o funcionamento da Pol\u00edcia Municipal e o exerc\u00edcio das novas compet\u00eancias municipais na \u00e1rea da Sa\u00fade, s\u00e3o mat\u00e9rias que ir\u00e3o merecer igualmente a aten\u00e7\u00e3o da autarquia.<\/p>\n","protected":false},"excerpt":{"rendered":"<p>As Grandes Op\u00e7\u00f5es do Plano para 2021, o Plano Plurianual de Investimentos e o Or\u00e7amento Municipal, aprovados na \u00faltima reuni\u00e3o<\/p>\n","protected":false},"author":1,"featured_media":2098,"comment_status":"closed","ping_status":"open","sticky":false,"template":"","format":"standard","meta":{"colormag_page_container_layout":"default_layout","colormag_page_sidebar_layout":"default_layout","_monsterinsights_skip_tracking":false,"_monsterinsights_sitenote_active":false,"_monsterinsights_sitenote_note":"","_monsterinsights_sitenote_category":0,"jetpack_post_was_ever_published":false,"_jetpack_newsletter_access":"","_jetpack_dont_email_post_to_subs":false,"_jetpack_newsletter_tier_id":0,"_jetpack_memberships_contains_paywalled_content":false,"_jetpack_memberships_contains_paid_content":false,"footnotes":"","jetpack_publicize_message":"","jetpack_publicize_feature_enabled":true,"jetpack_social_post_already_shared":true,"jetpack_social_options":{"image_generator_settings":{"template":"highway","default_image_id":0,"font":"","enabled":false},"version":2}},"categories":[151],"tags":[36,153,68],"class_list":["post-4171","post","type-post","status-publish","format-standard","has-post-thumbnail","hentry","category-economia","tag-algarve","tag-economia","tag-lagos"],"yoast_head":"<!-- This site is optimized with the Yoast SEO plugin v27.5 - https:\/\/yoast.com\/product\/yoast-seo-wordpress\/ -->\n<title>Lagos define prioridades para 2021 e aprova or\u00e7amento de 66,5 milh\u00f5es de euros - Algarve 7<\/title>\n<meta name=\"description\" content=\"Lagos define prioridades para 2021 e aprova or\u00e7amento de 66,5 milh\u00f5es de euros Economia\" \/>\n<meta name=\"robots\" content=\"index, follow, max-snippet:-1, max-image-preview:large, max-video-preview:-1\" \/>\n<link rel=\"canonical\" href=\"https:\/\/algarve7.pt\/index.php\/2020\/11\/lagos-define-prioridades-para-2021-e-aprova-orcamento-de-665-milhoes-de-euros\/economia\/15\/30\/\" \/>\n<meta property=\"og:locale\" content=\"pt_PT\" \/>\n<meta property=\"og:type\" content=\"article\" \/>\n<meta property=\"og:title\" content=\"Lagos define prioridades para 2021 e aprova or\u00e7amento de 66,5 milh\u00f5es de euros - Algarve 7\" \/>\n<meta property=\"og:description\" content=\"Lagos define prioridades para 2021 e aprova or\u00e7amento de 66,5 milh\u00f5es de euros Economia\" \/>\n<meta property=\"og:url\" content=\"https:\/\/algarve7.pt\/index.php\/2020\/11\/lagos-define-prioridades-para-2021-e-aprova-orcamento-de-665-milhoes-de-euros\/economia\/15\/30\/\" \/>\n<meta property=\"og:site_name\" content=\"Algarve 7\" \/>\n<meta property=\"article:publisher\" content=\"https:\/\/www.facebook.com\/algarve7\" \/>\n<meta property=\"article:author\" content=\"https:\/\/www.facebook.com\/algarve7\" \/>\n<meta property=\"article:published_time\" content=\"2020-11-28T15:30:58+00:00\" \/>\n<meta property=\"og:image\" content=\"https:\/\/algarve7.pt\/wp-content\/uploads\/2020\/10\/Edificio-Pacos-do-Concelho-Sec-XXI-5-OCS.jpg\" \/>\n\t<meta property=\"og:image:width\" content=\"1200\" \/>\n\t<meta property=\"og:image:height\" content=\"786\" \/>\n\t<meta property=\"og:image:type\" content=\"image\/jpeg\" \/>\n<meta name=\"author\" content=\"Algarve 7\" \/>\n<meta name=\"twitter:card\" content=\"summary_large_image\" \/>\n<meta name=\"twitter:creator\" content=\"@Algarvesete\" \/>\n<meta name=\"twitter:site\" content=\"@Algarvesete\" \/>\n<meta name=\"twitter:label1\" content=\"Escrito por\" \/>\n\t<meta name=\"twitter:data1\" content=\"Algarve 7\" \/>\n\t<meta name=\"twitter:label2\" content=\"Tempo estimado de leitura\" \/>\n\t<meta name=\"twitter:data2\" content=\"3 minutos\" \/>\n<script type=\"application\/ld+json\" class=\"yoast-schema-graph\">{\"@context\":\"https:\\\/\\\/schema.org\",\"@graph\":[{\"@type\":\"Article\",\"@id\":\"https:\\\/\\\/algarve7.pt\\\/index.php\\\/2020\\\/11\\\/lagos-define-prioridades-para-2021-e-aprova-orcamento-de-665-milhoes-de-euros\\\/economia\\\/15\\\/30\\\/#article\",\"isPartOf\":{\"@id\":\"https:\\\/\\\/algarve7.pt\\\/index.php\\\/2020\\\/11\\\/lagos-define-prioridades-para-2021-e-aprova-orcamento-de-665-milhoes-de-euros\\\/economia\\\/15\\\/30\\\/\"},\"author\":{\"name\":\"Algarve 7\",\"@id\":\"https:\\\/\\\/algarve7.pt\\\/#\\\/schema\\\/person\\\/23fa70681308e7b319a3204bcea45e0c\"},\"headline\":\"Lagos define prioridades para 2021 e aprova or\u00e7amento de 66,5 milh\u00f5es de euros\",\"datePublished\":\"2020-11-28T15:30:58+00:00\",\"mainEntityOfPage\":{\"@id\":\"https:\\\/\\\/algarve7.pt\\\/index.php\\\/2020\\\/11\\\/lagos-define-prioridades-para-2021-e-aprova-orcamento-de-665-milhoes-de-euros\\\/economia\\\/15\\\/30\\\/\"},\"wordCount\":538,\"publisher\":{\"@id\":\"https:\\\/\\\/algarve7.pt\\\/#organization\"},\"image\":{\"@id\":\"https:\\\/\\\/algarve7.pt\\\/index.php\\\/2020\\\/11\\\/lagos-define-prioridades-para-2021-e-aprova-orcamento-de-665-milhoes-de-euros\\\/economia\\\/15\\\/30\\\/#primaryimage\"},\"thumbnailUrl\":\"https:\\\/\\\/algarve7.pt\\\/wp-content\\\/uploads\\\/2020\\\/10\\\/Edificio-Pacos-do-Concelho-Sec-XXI-5-OCS.jpg\",\"keywords\":[\"Algarve\",\"Economia\",\"Lagos\"],\"articleSection\":[\"Economia\"],\"inLanguage\":\"pt-PT\"},{\"@type\":\"WebPage\",\"@id\":\"https:\\\/\\\/algarve7.pt\\\/index.php\\\/2020\\\/11\\\/lagos-define-prioridades-para-2021-e-aprova-orcamento-de-665-milhoes-de-euros\\\/economia\\\/15\\\/30\\\/\",\"url\":\"https:\\\/\\\/algarve7.pt\\\/index.php\\\/2020\\\/11\\\/lagos-define-prioridades-para-2021-e-aprova-orcamento-de-665-milhoes-de-euros\\\/economia\\\/15\\\/30\\\/\",\"name\":\"Lagos define prioridades para 2021 e aprova or\u00e7amento de 66,5 milh\u00f5es de euros - Algarve 7\",\"isPartOf\":{\"@id\":\"https:\\\/\\\/algarve7.pt\\\/#website\"},\"primaryImageOfPage\":{\"@id\":\"https:\\\/\\\/algarve7.pt\\\/index.php\\\/2020\\\/11\\\/lagos-define-prioridades-para-2021-e-aprova-orcamento-de-665-milhoes-de-euros\\\/economia\\\/15\\\/30\\\/#primaryimage\"},\"image\":{\"@id\":\"https:\\\/\\\/algarve7.pt\\\/index.php\\\/2020\\\/11\\\/lagos-define-prioridades-para-2021-e-aprova-orcamento-de-665-milhoes-de-euros\\\/economia\\\/15\\\/30\\\/#primaryimage\"},\"thumbnailUrl\":\"https:\\\/\\\/algarve7.pt\\\/wp-content\\\/uploads\\\/2020\\\/10\\\/Edificio-Pacos-do-Concelho-Sec-XXI-5-OCS.jpg\",\"datePublished\":\"2020-11-28T15:30:58+00:00\",\"description\":\"Lagos define prioridades para 2021 e aprova or\u00e7amento de 66,5 milh\u00f5es de euros Economia\",\"breadcrumb\":{\"@id\":\"https:\\\/\\\/algarve7.pt\\\/index.php\\\/2020\\\/11\\\/lagos-define-prioridades-para-2021-e-aprova-orcamento-de-665-milhoes-de-euros\\\/economia\\\/15\\\/30\\\/#breadcrumb\"},\"inLanguage\":\"pt-PT\",\"potentialAction\":[{\"@type\":\"ReadAction\",\"target\":[\"https:\\\/\\\/algarve7.pt\\\/index.php\\\/2020\\\/11\\\/lagos-define-prioridades-para-2021-e-aprova-orcamento-de-665-milhoes-de-euros\\\/economia\\\/15\\\/30\\\/\"]}]},{\"@type\":\"ImageObject\",\"inLanguage\":\"pt-PT\",\"@id\":\"https:\\\/\\\/algarve7.pt\\\/index.php\\\/2020\\\/11\\\/lagos-define-prioridades-para-2021-e-aprova-orcamento-de-665-milhoes-de-euros\\\/economia\\\/15\\\/30\\\/#primaryimage\",\"url\":\"https:\\\/\\\/algarve7.pt\\\/wp-content\\\/uploads\\\/2020\\\/10\\\/Edificio-Pacos-do-Concelho-Sec-XXI-5-OCS.jpg\",\"contentUrl\":\"https:\\\/\\\/algarve7.pt\\\/wp-content\\\/uploads\\\/2020\\\/10\\\/Edificio-Pacos-do-Concelho-Sec-XXI-5-OCS.jpg\",\"width\":1200,\"height\":786},{\"@type\":\"BreadcrumbList\",\"@id\":\"https:\\\/\\\/algarve7.pt\\\/index.php\\\/2020\\\/11\\\/lagos-define-prioridades-para-2021-e-aprova-orcamento-de-665-milhoes-de-euros\\\/economia\\\/15\\\/30\\\/#breadcrumb\",\"itemListElement\":[{\"@type\":\"ListItem\",\"position\":1,\"name\":\"In\u00edcio\",\"item\":\"https:\\\/\\\/algarve7.pt\\\/\"},{\"@type\":\"ListItem\",\"position\":2,\"name\":\"Lagos define prioridades para 2021 e aprova or\u00e7amento de 66,5 milh\u00f5es de euros\"}]},{\"@type\":\"WebSite\",\"@id\":\"https:\\\/\\\/algarve7.pt\\\/#website\",\"url\":\"https:\\\/\\\/algarve7.pt\\\/\",\"name\":\"Algarve 7\",\"description\":\"Informa\u00e7\u00e3o sobre o Algarve\",\"publisher\":{\"@id\":\"https:\\\/\\\/algarve7.pt\\\/#organization\"},\"potentialAction\":[{\"@type\":\"SearchAction\",\"target\":{\"@type\":\"EntryPoint\",\"urlTemplate\":\"https:\\\/\\\/algarve7.pt\\\/?s={search_term_string}\"},\"query-input\":{\"@type\":\"PropertyValueSpecification\",\"valueRequired\":true,\"valueName\":\"search_term_string\"}}],\"inLanguage\":\"pt-PT\"},{\"@type\":\"Organization\",\"@id\":\"https:\\\/\\\/algarve7.pt\\\/#organization\",\"name\":\"Algarve 7\",\"url\":\"https:\\\/\\\/algarve7.pt\\\/\",\"logo\":{\"@type\":\"ImageObject\",\"inLanguage\":\"pt-PT\",\"@id\":\"https:\\\/\\\/algarve7.pt\\\/#\\\/schema\\\/logo\\\/image\\\/\",\"url\":\"https:\\\/\\\/algarve7.pt\\\/wp-content\\\/uploads\\\/2020\\\/10\\\/Logo-8.jpg\",\"contentUrl\":\"https:\\\/\\\/algarve7.pt\\\/wp-content\\\/uploads\\\/2020\\\/10\\\/Logo-8.jpg\",\"width\":1680,\"height\":1186,\"caption\":\"Algarve 7\"},\"image\":{\"@id\":\"https:\\\/\\\/algarve7.pt\\\/#\\\/schema\\\/logo\\\/image\\\/\"},\"sameAs\":[\"https:\\\/\\\/www.facebook.com\\\/algarve7\",\"https:\\\/\\\/x.com\\\/Algarvesete\",\"https:\\\/\\\/www.instagram.com\\\/jornalalgarve7\\\/\",\"https:\\\/\\\/www.linkedin.com\\\/company\\\/algarve7\",\"https:\\\/\\\/www.pinterest.pt\\\/geral0939\\\/_created\\\/\"]},{\"@type\":\"Person\",\"@id\":\"https:\\\/\\\/algarve7.pt\\\/#\\\/schema\\\/person\\\/23fa70681308e7b319a3204bcea45e0c\",\"name\":\"Algarve 7\",\"sameAs\":[\"https:\\\/\\\/algarve7.pt\",\"https:\\\/\\\/www.facebook.com\\\/algarve7\"],\"url\":\"https:\\\/\\\/algarve7.pt\\\/index.php\\\/author\\\/geralalgarve7-pt\\\/\"}]}<\/script>\n<!-- \/ Yoast SEO plugin. -->","yoast_head_json":{"title":"Lagos define prioridades para 2021 e aprova or\u00e7amento de 66,5 milh\u00f5es de euros - Algarve 7","description":"Lagos define prioridades para 2021 e aprova or\u00e7amento de 66,5 milh\u00f5es de euros Economia","robots":{"index":"index","follow":"follow","max-snippet":"max-snippet:-1","max-image-preview":"max-image-preview:large","max-video-preview":"max-video-preview:-1"},"canonical":"https:\/\/algarve7.pt\/index.php\/2020\/11\/lagos-define-prioridades-para-2021-e-aprova-orcamento-de-665-milhoes-de-euros\/economia\/15\/30\/","og_locale":"pt_PT","og_type":"article","og_title":"Lagos define prioridades para 2021 e aprova or\u00e7amento de 66,5 milh\u00f5es de euros - Algarve 7","og_description":"Lagos define prioridades para 2021 e aprova or\u00e7amento de 66,5 milh\u00f5es de euros Economia","og_url":"https:\/\/algarve7.pt\/index.php\/2020\/11\/lagos-define-prioridades-para-2021-e-aprova-orcamento-de-665-milhoes-de-euros\/economia\/15\/30\/","og_site_name":"Algarve 7","article_publisher":"https:\/\/www.facebook.com\/algarve7","article_author":"https:\/\/www.facebook.com\/algarve7","article_published_time":"2020-11-28T15:30:58+00:00","og_image":[{"width":1200,"height":786,"url":"https:\/\/algarve7.pt\/wp-content\/uploads\/2020\/10\/Edificio-Pacos-do-Concelho-Sec-XXI-5-OCS.jpg","type":"image\/jpeg"}],"author":"Algarve 7","twitter_card":"summary_large_image","twitter_creator":"@Algarvesete","twitter_site":"@Algarvesete","twitter_misc":{"Escrito por":"Algarve 7","Tempo estimado de leitura":"3 minutos"},"schema":{"@context":"https:\/\/schema.org","@graph":[{"@type":"Article","@id":"https:\/\/algarve7.pt\/index.php\/2020\/11\/lagos-define-prioridades-para-2021-e-aprova-orcamento-de-665-milhoes-de-euros\/economia\/15\/30\/#article","isPartOf":{"@id":"https:\/\/algarve7.pt\/index.php\/2020\/11\/lagos-define-prioridades-para-2021-e-aprova-orcamento-de-665-milhoes-de-euros\/economia\/15\/30\/"},"author":{"name":"Algarve 7","@id":"https:\/\/algarve7.pt\/#\/schema\/person\/23fa70681308e7b319a3204bcea45e0c"},"headline":"Lagos define prioridades para 2021 e aprova or\u00e7amento de 66,5 milh\u00f5es de euros","datePublished":"2020-11-28T15:30:58+00:00","mainEntityOfPage":{"@id":"https:\/\/algarve7.pt\/index.php\/2020\/11\/lagos-define-prioridades-para-2021-e-aprova-orcamento-de-665-milhoes-de-euros\/economia\/15\/30\/"},"wordCount":538,"publisher":{"@id":"https:\/\/algarve7.pt\/#organization"},"image":{"@id":"https:\/\/algarve7.pt\/index.php\/2020\/11\/lagos-define-prioridades-para-2021-e-aprova-orcamento-de-665-milhoes-de-euros\/economia\/15\/30\/#primaryimage"},"thumbnailUrl":"https:\/\/algarve7.pt\/wp-content\/uploads\/2020\/10\/Edificio-Pacos-do-Concelho-Sec-XXI-5-OCS.jpg","keywords":["Algarve","Economia","Lagos"],"articleSection":["Economia"],"inLanguage":"pt-PT"},{"@type":"WebPage","@id":"https:\/\/algarve7.pt\/index.php\/2020\/11\/lagos-define-prioridades-para-2021-e-aprova-orcamento-de-665-milhoes-de-euros\/economia\/15\/30\/","url":"https:\/\/algarve7.pt\/index.php\/2020\/11\/lagos-define-prioridades-para-2021-e-aprova-orcamento-de-665-milhoes-de-euros\/economia\/15\/30\/","name":"Lagos define prioridades para 2021 e aprova or\u00e7amento de 66,5 milh\u00f5es de euros - Algarve 7","isPartOf":{"@id":"https:\/\/algarve7.pt\/#website"},"primaryImageOfPage":{"@id":"https:\/\/algarve7.pt\/index.php\/2020\/11\/lagos-define-prioridades-para-2021-e-aprova-orcamento-de-665-milhoes-de-euros\/economia\/15\/30\/#primaryimage"},"image":{"@id":"https:\/\/algarve7.pt\/index.php\/2020\/11\/lagos-define-prioridades-para-2021-e-aprova-orcamento-de-665-milhoes-de-euros\/economia\/15\/30\/#primaryimage"},"thumbnailUrl":"https:\/\/algarve7.pt\/wp-content\/uploads\/2020\/10\/Edificio-Pacos-do-Concelho-Sec-XXI-5-OCS.jpg","datePublished":"2020-11-28T15:30:58+00:00","description":"Lagos define prioridades para 2021 e aprova or\u00e7amento de 66,5 milh\u00f5es de euros Economia","breadcrumb":{"@id":"https:\/\/algarve7.pt\/index.php\/2020\/11\/lagos-define-prioridades-para-2021-e-aprova-orcamento-de-665-milhoes-de-euros\/economia\/15\/30\/#breadcrumb"},"inLanguage":"pt-PT","potentialAction":[{"@type":"ReadAction","target":["https:\/\/algarve7.pt\/index.php\/2020\/11\/lagos-define-prioridades-para-2021-e-aprova-orcamento-de-665-milhoes-de-euros\/economia\/15\/30\/"]}]},{"@type":"ImageObject","inLanguage":"pt-PT","@id":"https:\/\/algarve7.pt\/index.php\/2020\/11\/lagos-define-prioridades-para-2021-e-aprova-orcamento-de-665-milhoes-de-euros\/economia\/15\/30\/#primaryimage","url":"https:\/\/algarve7.pt\/wp-content\/uploads\/2020\/10\/Edificio-Pacos-do-Concelho-Sec-XXI-5-OCS.jpg","contentUrl":"https:\/\/algarve7.pt\/wp-content\/uploads\/2020\/10\/Edificio-Pacos-do-Concelho-Sec-XXI-5-OCS.jpg","width":1200,"height":786},{"@type":"BreadcrumbList","@id":"https:\/\/algarve7.pt\/index.php\/2020\/11\/lagos-define-prioridades-para-2021-e-aprova-orcamento-de-665-milhoes-de-euros\/economia\/15\/30\/#breadcrumb","itemListElement":[{"@type":"ListItem","position":1,"name":"In\u00edcio","item":"https:\/\/algarve7.pt\/"},{"@type":"ListItem","position":2,"name":"Lagos define prioridades para 2021 e aprova or\u00e7amento de 66,5 milh\u00f5es de euros"}]},{"@type":"WebSite","@id":"https:\/\/algarve7.pt\/#website","url":"https:\/\/algarve7.pt\/","name":"Algarve 7","description":"Informa\u00e7\u00e3o sobre o Algarve","publisher":{"@id":"https:\/\/algarve7.pt\/#organization"},"potentialAction":[{"@type":"SearchAction","target":{"@type":"EntryPoint","urlTemplate":"https:\/\/algarve7.pt\/?s={search_term_string}"},"query-input":{"@type":"PropertyValueSpecification","valueRequired":true,"valueName":"search_term_string"}}],"inLanguage":"pt-PT"},{"@type":"Organization","@id":"https:\/\/algarve7.pt\/#organization","name":"Algarve 7","url":"https:\/\/algarve7.pt\/","logo":{"@type":"ImageObject","inLanguage":"pt-PT","@id":"https:\/\/algarve7.pt\/#\/schema\/logo\/image\/","url":"https:\/\/algarve7.pt\/wp-content\/uploads\/2020\/10\/Logo-8.jpg","contentUrl":"https:\/\/algarve7.pt\/wp-content\/uploads\/2020\/10\/Logo-8.jpg","width":1680,"height":1186,"caption":"Algarve 7"},"image":{"@id":"https:\/\/algarve7.pt\/#\/schema\/logo\/image\/"},"sameAs":["https:\/\/www.facebook.com\/algarve7","https:\/\/x.com\/Algarvesete","https:\/\/www.instagram.com\/jornalalgarve7\/","https:\/\/www.linkedin.com\/company\/algarve7","https:\/\/www.pinterest.pt\/geral0939\/_created\/"]},{"@type":"Person","@id":"https:\/\/algarve7.pt\/#\/schema\/person\/23fa70681308e7b319a3204bcea45e0c","name":"Algarve 7","sameAs":["https:\/\/algarve7.pt","https:\/\/www.facebook.com\/algarve7"],"url":"https:\/\/algarve7.pt\/index.php\/author\/geralalgarve7-pt\/"}]}},"jetpack_publicize_connections":[],"jetpack_featured_media_url":"https:\/\/algarve7.pt\/wp-content\/uploads\/2020\/10\/Edificio-Pacos-do-Concelho-Sec-XXI-5-OCS.jpg","jetpack_shortlink":"https:\/\/wp.me\/pcezmW-15h","jetpack_sharing_enabled":true,"_links":{"self":[{"href":"https:\/\/algarve7.pt\/index.php\/wp-json\/wp\/v2\/posts\/4171","targetHints":{"allow":["GET"]}}],"collection":[{"href":"https:\/\/algarve7.pt\/index.php\/wp-json\/wp\/v2\/posts"}],"about":[{"href":"https:\/\/algarve7.pt\/index.php\/wp-json\/wp\/v2\/types\/post"}],"author":[{"embeddable":true,"href":"https:\/\/algarve7.pt\/index.php\/wp-json\/wp\/v2\/users\/1"}],"replies":[{"embeddable":true,"href":"https:\/\/algarve7.pt\/index.php\/wp-json\/wp\/v2\/comments?post=4171"}],"version-history":[{"count":0,"href":"https:\/\/algarve7.pt\/index.php\/wp-json\/wp\/v2\/posts\/4171\/revisions"}],"wp:featuredmedia":[{"embeddable":true,"href":"https:\/\/algarve7.pt\/index.php\/wp-json\/wp\/v2\/media\/2098"}],"wp:attachment":[{"href":"https:\/\/algarve7.pt\/index.php\/wp-json\/wp\/v2\/media?parent=4171"}],"wp:term":[{"taxonomy":"category","embeddable":true,"href":"https:\/\/algarve7.pt\/index.php\/wp-json\/wp\/v2\/categories?post=4171"},{"taxonomy":"post_tag","embeddable":true,"href":"https:\/\/algarve7.pt\/index.php\/wp-json\/wp\/v2\/tags?post=4171"}],"curies":[{"name":"wp","href":"https:\/\/api.w.org\/{rel}","templated":true}]}}