{"id":4167,"date":"2020-11-28T13:40:43","date_gmt":"2020-11-28T13:40:43","guid":{"rendered":"https:\/\/algarve7.pt\/?p=4167"},"modified":"2020-11-28T13:40:58","modified_gmt":"2020-11-28T13:40:58","slug":"camara-de-aljezur-luta-para-que-ensino-secundario-venha-a-ser-uma-realidade-para-o-concelho","status":"publish","type":"post","link":"https:\/\/algarve7.pt\/index.php\/2020\/11\/camara-de-aljezur-luta-para-que-ensino-secundario-venha-a-ser-uma-realidade-para-o-concelho\/educacao\/13\/40\/","title":{"rendered":"C\u00e2mara de Aljezur, \u201cluta\u201d para que ensino secund\u00e1rio venha a ser uma realidade para o concelho"},"content":{"rendered":"\n<p>Na reuni\u00e3o de C\u00e2mara do passado dia 10 de novembro, foi apresentada e aprovada por unanimidade, uma proposta para se iniciar o processo para cria\u00e7\u00e3o do ensino secund\u00e1rio em Aljezur junto das entidades competentes, designadamente a Dire\u00e7\u00e3o Geral dos Estabelecimentos Escolares do Algarve.<\/p>\n\n\n\n<p>Ao longo dos \u00faltimos anos letivos temos vindo a assistir a um aumento consistente do n\u00famero de alunos no Agrupamento de Escolas de Aljezur, numa tend\u00eancia crescente, mas sustentada, que n\u00e3o coloca incapacidade de resposta, por enquanto. N\u00e3o deixa, no entanto, de ser uma situa\u00e7\u00e3o a que devemos estar atentos, a evolu\u00e7\u00e3o crescente do n\u00famero de alunos desde a educa\u00e7\u00e3o pr\u00e9-escolar at\u00e9 ao 9.o ano do ensino b\u00e1sico.<\/p>\n\n\n\n<p>Dado que se torna necess\u00e1rio rever e atualizar a Carta Educativa, o conhecimento de uma realidade que tem vindo a alterar-se \u00e9 fundamental, para projetar altera\u00e7\u00f5es ao que hoje temos em termos de equipamentos e aumento da sua capacidade, numa perspetiva de futuro.<\/p>\n\n\n\n<p>Por outro lado, com a altera\u00e7\u00e3o da escolaridade obrigat\u00f3ria para 12 anos, o n\u00famero de alunos do concelho de Aljezur a frequentar o ensino secund\u00e1rio nos dois Agrupamentos de Escolas de Lagos, tamb\u00e9m aumentou.<\/p>\n\n\n\n<p>Feita a an\u00e1lise dos alunos transportados e inscritos nos dois Agrupamentos de Escolas de Lagos, entre os anos letivos 2016\/2017 e 2019\/2020, registamos uma m\u00e9dia anual de cerca de 116 alunos. Foram analisados ainda quais os cursos mais frequentados pelos alunos de Aljezur, tendo-se conclu\u00eddo que 63% frequentam os Cursos Cientifico- Human\u00edsticos e os restantes distribuem-se por 28 Cursos T\u00e9cnico-Profissionais.<\/p>\n\n\n\n<p>Dentro dos cursos t\u00e9cnico-profissionais os cursos com mais procura, no total dos quatro anos analisados, s\u00e3o: T\u00e9cnico de gest\u00e3o (21), T\u00e9cnico de apoio \u00e0 inf\u00e2ncia, T\u00e9cnico de turismo, T\u00e9cnico de Gest\u00e3o e Programa\u00e7\u00e3o Inform\u00e1tica (16), T\u00e9cnico de Restaurante e Bar (15), T\u00e9cnico Auxiliar de Sa\u00fade (14) e T\u00e9cnico de Desporto (12). Os restantes 21 cursos apresentam frequ\u00eancias abaixo de 7 alunos.<\/p>\n\n\n\n<p>Atualmente mais de cem jovens do concelho fazem cerca de 70 Km diariamente, saindo de casa pela manh\u00e3 e regressando ao final de tarde\/noite, esfor\u00e7o que \u00e9 sobretudo pior para os que residem fora dos n\u00facleos mais urbanos do concelho (situa\u00e7\u00e3o que a C\u00e2mara apoia atrav\u00e9s de transporte da autarquia, que acresce ao transporte escolar no interior do concelho, hoje como sabemos, mais agravada com o momento de pandemia que vivemos). Tem havido ao longo dos anos, um esfor\u00e7o de todos, alunos, fam\u00edlias e autarquia, porque o n\u00famero de alunos n\u00e3o nos permitia aspirar a ter no concelho este patamar.<\/p>\n\n\n\n<p>No entanto, perante uma nova realidade e acreditando que estes n\u00fameros se manter\u00e3o est\u00e1veis e poder\u00e3o mesmo aumentar, entendeu o executivo municipal que haver\u00e1 condi\u00e7\u00f5es para se dar in\u00edcio ao processo de prepara\u00e7\u00e3o e negocia\u00e7\u00e3o para que o Ensino Secund\u00e1rio seja uma realidade no concelho de Aljezur, trazendo para Aljezur, mais e melhor condi\u00e7\u00f5es para os nossos jovens.<\/p>\n","protected":false},"excerpt":{"rendered":"<p>Na reuni\u00e3o de C\u00e2mara do passado dia 10 de novembro, foi apresentada e aprovada por unanimidade, uma proposta para se<\/p>\n","protected":false},"author":1,"featured_media":4168,"comment_status":"closed","ping_status":"open","sticky":false,"template":"","format":"standard","meta":{"colormag_page_container_layout":"default_layout","colormag_page_sidebar_layout":"default_layout","_monsterinsights_skip_tracking":false,"_monsterinsights_sitenote_active":false,"_monsterinsights_sitenote_note":"","_monsterinsights_sitenote_category":0,"jetpack_post_was_ever_published":false,"_jetpack_newsletter_access":"","_jetpack_dont_email_post_to_subs":false,"_jetpack_newsletter_tier_id":0,"_jetpack_memberships_contains_paywalled_content":false,"_jetpack_memberships_contains_paid_content":false,"footnotes":"","jetpack_publicize_message":"","jetpack_publicize_feature_enabled":true,"jetpack_social_post_already_shared":true,"jetpack_social_options":{"image_generator_settings":{"template":"highway","default_image_id":0,"font":"","enabled":false},"version":2}},"categories":[93],"tags":[36,73,74,138],"class_list":["post-4167","post","type-post","status-publish","format-standard","has-post-thumbnail","hentry","category-educacao","tag-algarve","tag-aljezur","tag-educacao","tag-escola"],"yoast_head":"<!-- This site is optimized with the Yoast SEO plugin v27.5 - https:\/\/yoast.com\/product\/yoast-seo-wordpress\/ -->\n<title>C\u00e2mara de Aljezur, \u201cluta\u201d para que ensino secund\u00e1rio venha a ser uma realidade para o concelho - Algarve 7<\/title>\n<meta name=\"description\" content=\"C\u00e2mara de Aljezur, \u201cluta\u201d para que ensino secund\u00e1rio venha a ser uma realidade para o concelho Educa\u00e7\u00e3o\" \/>\n<meta name=\"robots\" content=\"index, follow, max-snippet:-1, max-image-preview:large, max-video-preview:-1\" \/>\n<link rel=\"canonical\" href=\"https:\/\/algarve7.pt\/index.php\/2020\/11\/camara-de-aljezur-luta-para-que-ensino-secundario-venha-a-ser-uma-realidade-para-o-concelho\/educacao\/13\/40\/\" \/>\n<meta property=\"og:locale\" content=\"pt_PT\" \/>\n<meta property=\"og:type\" content=\"article\" \/>\n<meta property=\"og:title\" content=\"C\u00e2mara de Aljezur, \u201cluta\u201d para que ensino secund\u00e1rio venha a ser uma realidade para o concelho - Algarve 7\" \/>\n<meta property=\"og:description\" content=\"C\u00e2mara de Aljezur, \u201cluta\u201d para que ensino secund\u00e1rio venha a ser uma realidade para o concelho Educa\u00e7\u00e3o\" \/>\n<meta property=\"og:url\" content=\"https:\/\/algarve7.pt\/index.php\/2020\/11\/camara-de-aljezur-luta-para-que-ensino-secundario-venha-a-ser-uma-realidade-para-o-concelho\/educacao\/13\/40\/\" \/>\n<meta property=\"og:site_name\" content=\"Algarve 7\" \/>\n<meta property=\"article:publisher\" content=\"https:\/\/www.facebook.com\/algarve7\" \/>\n<meta property=\"article:author\" content=\"https:\/\/www.facebook.com\/algarve7\" \/>\n<meta property=\"article:published_time\" content=\"2020-11-28T13:40:43+00:00\" \/>\n<meta property=\"article:modified_time\" content=\"2020-11-28T13:40:58+00:00\" \/>\n<meta property=\"og:image\" content=\"https:\/\/algarve7.pt\/wp-content\/uploads\/2020\/11\/Escola_EBI_JI_de_Aljezur_mm.jpg\" \/>\n\t<meta property=\"og:image:width\" content=\"800\" \/>\n\t<meta property=\"og:image:height\" content=\"557\" \/>\n\t<meta property=\"og:image:type\" content=\"image\/jpeg\" \/>\n<meta name=\"author\" content=\"Algarve 7\" \/>\n<meta name=\"twitter:card\" content=\"summary_large_image\" \/>\n<meta name=\"twitter:creator\" content=\"@Algarvesete\" \/>\n<meta name=\"twitter:site\" content=\"@Algarvesete\" \/>\n<meta name=\"twitter:label1\" content=\"Escrito por\" \/>\n\t<meta name=\"twitter:data1\" content=\"Algarve 7\" \/>\n\t<meta name=\"twitter:label2\" content=\"Tempo estimado de leitura\" \/>\n\t<meta name=\"twitter:data2\" content=\"3 minutos\" \/>\n<script type=\"application\/ld+json\" class=\"yoast-schema-graph\">{\"@context\":\"https:\\\/\\\/schema.org\",\"@graph\":[{\"@type\":\"Article\",\"@id\":\"https:\\\/\\\/algarve7.pt\\\/index.php\\\/2020\\\/11\\\/camara-de-aljezur-luta-para-que-ensino-secundario-venha-a-ser-uma-realidade-para-o-concelho\\\/educacao\\\/13\\\/40\\\/#article\",\"isPartOf\":{\"@id\":\"https:\\\/\\\/algarve7.pt\\\/index.php\\\/2020\\\/11\\\/camara-de-aljezur-luta-para-que-ensino-secundario-venha-a-ser-uma-realidade-para-o-concelho\\\/educacao\\\/13\\\/40\\\/\"},\"author\":{\"name\":\"Algarve 7\",\"@id\":\"https:\\\/\\\/algarve7.pt\\\/#\\\/schema\\\/person\\\/23fa70681308e7b319a3204bcea45e0c\"},\"headline\":\"C\u00e2mara de Aljezur, \u201cluta\u201d para que ensino secund\u00e1rio venha a ser uma realidade para o concelho\",\"datePublished\":\"2020-11-28T13:40:43+00:00\",\"dateModified\":\"2020-11-28T13:40:58+00:00\",\"mainEntityOfPage\":{\"@id\":\"https:\\\/\\\/algarve7.pt\\\/index.php\\\/2020\\\/11\\\/camara-de-aljezur-luta-para-que-ensino-secundario-venha-a-ser-uma-realidade-para-o-concelho\\\/educacao\\\/13\\\/40\\\/\"},\"wordCount\":530,\"publisher\":{\"@id\":\"https:\\\/\\\/algarve7.pt\\\/#organization\"},\"image\":{\"@id\":\"https:\\\/\\\/algarve7.pt\\\/index.php\\\/2020\\\/11\\\/camara-de-aljezur-luta-para-que-ensino-secundario-venha-a-ser-uma-realidade-para-o-concelho\\\/educacao\\\/13\\\/40\\\/#primaryimage\"},\"thumbnailUrl\":\"https:\\\/\\\/algarve7.pt\\\/wp-content\\\/uploads\\\/2020\\\/11\\\/Escola_EBI_JI_de_Aljezur_mm.jpg\",\"keywords\":[\"Algarve\",\"Aljezur\",\"Educa\u00e7\u00e3o\",\"Escola\"],\"articleSection\":[\"Educa\u00e7\u00e3o\"],\"inLanguage\":\"pt-PT\"},{\"@type\":\"WebPage\",\"@id\":\"https:\\\/\\\/algarve7.pt\\\/index.php\\\/2020\\\/11\\\/camara-de-aljezur-luta-para-que-ensino-secundario-venha-a-ser-uma-realidade-para-o-concelho\\\/educacao\\\/13\\\/40\\\/\",\"url\":\"https:\\\/\\\/algarve7.pt\\\/index.php\\\/2020\\\/11\\\/camara-de-aljezur-luta-para-que-ensino-secundario-venha-a-ser-uma-realidade-para-o-concelho\\\/educacao\\\/13\\\/40\\\/\",\"name\":\"C\u00e2mara de Aljezur, \u201cluta\u201d para que ensino secund\u00e1rio venha a ser uma realidade para o concelho - Algarve 7\",\"isPartOf\":{\"@id\":\"https:\\\/\\\/algarve7.pt\\\/#website\"},\"primaryImageOfPage\":{\"@id\":\"https:\\\/\\\/algarve7.pt\\\/index.php\\\/2020\\\/11\\\/camara-de-aljezur-luta-para-que-ensino-secundario-venha-a-ser-uma-realidade-para-o-concelho\\\/educacao\\\/13\\\/40\\\/#primaryimage\"},\"image\":{\"@id\":\"https:\\\/\\\/algarve7.pt\\\/index.php\\\/2020\\\/11\\\/camara-de-aljezur-luta-para-que-ensino-secundario-venha-a-ser-uma-realidade-para-o-concelho\\\/educacao\\\/13\\\/40\\\/#primaryimage\"},\"thumbnailUrl\":\"https:\\\/\\\/algarve7.pt\\\/wp-content\\\/uploads\\\/2020\\\/11\\\/Escola_EBI_JI_de_Aljezur_mm.jpg\",\"datePublished\":\"2020-11-28T13:40:43+00:00\",\"dateModified\":\"2020-11-28T13:40:58+00:00\",\"description\":\"C\u00e2mara de Aljezur, \u201cluta\u201d para que ensino secund\u00e1rio venha a ser uma realidade para o concelho Educa\u00e7\u00e3o\",\"breadcrumb\":{\"@id\":\"https:\\\/\\\/algarve7.pt\\\/index.php\\\/2020\\\/11\\\/camara-de-aljezur-luta-para-que-ensino-secundario-venha-a-ser-uma-realidade-para-o-concelho\\\/educacao\\\/13\\\/40\\\/#breadcrumb\"},\"inLanguage\":\"pt-PT\",\"potentialAction\":[{\"@type\":\"ReadAction\",\"target\":[\"https:\\\/\\\/algarve7.pt\\\/index.php\\\/2020\\\/11\\\/camara-de-aljezur-luta-para-que-ensino-secundario-venha-a-ser-uma-realidade-para-o-concelho\\\/educacao\\\/13\\\/40\\\/\"]}]},{\"@type\":\"ImageObject\",\"inLanguage\":\"pt-PT\",\"@id\":\"https:\\\/\\\/algarve7.pt\\\/index.php\\\/2020\\\/11\\\/camara-de-aljezur-luta-para-que-ensino-secundario-venha-a-ser-uma-realidade-para-o-concelho\\\/educacao\\\/13\\\/40\\\/#primaryimage\",\"url\":\"https:\\\/\\\/algarve7.pt\\\/wp-content\\\/uploads\\\/2020\\\/11\\\/Escola_EBI_JI_de_Aljezur_mm.jpg\",\"contentUrl\":\"https:\\\/\\\/algarve7.pt\\\/wp-content\\\/uploads\\\/2020\\\/11\\\/Escola_EBI_JI_de_Aljezur_mm.jpg\",\"width\":800,\"height\":557},{\"@type\":\"BreadcrumbList\",\"@id\":\"https:\\\/\\\/algarve7.pt\\\/index.php\\\/2020\\\/11\\\/camara-de-aljezur-luta-para-que-ensino-secundario-venha-a-ser-uma-realidade-para-o-concelho\\\/educacao\\\/13\\\/40\\\/#breadcrumb\",\"itemListElement\":[{\"@type\":\"ListItem\",\"position\":1,\"name\":\"In\u00edcio\",\"item\":\"https:\\\/\\\/algarve7.pt\\\/\"},{\"@type\":\"ListItem\",\"position\":2,\"name\":\"C\u00e2mara de Aljezur, \u201cluta\u201d para que ensino secund\u00e1rio venha a ser uma realidade para o concelho\"}]},{\"@type\":\"WebSite\",\"@id\":\"https:\\\/\\\/algarve7.pt\\\/#website\",\"url\":\"https:\\\/\\\/algarve7.pt\\\/\",\"name\":\"Algarve 7\",\"description\":\"Informa\u00e7\u00e3o sobre o Algarve\",\"publisher\":{\"@id\":\"https:\\\/\\\/algarve7.pt\\\/#organization\"},\"potentialAction\":[{\"@type\":\"SearchAction\",\"target\":{\"@type\":\"EntryPoint\",\"urlTemplate\":\"https:\\\/\\\/algarve7.pt\\\/?s={search_term_string}\"},\"query-input\":{\"@type\":\"PropertyValueSpecification\",\"valueRequired\":true,\"valueName\":\"search_term_string\"}}],\"inLanguage\":\"pt-PT\"},{\"@type\":\"Organization\",\"@id\":\"https:\\\/\\\/algarve7.pt\\\/#organization\",\"name\":\"Algarve 7\",\"url\":\"https:\\\/\\\/algarve7.pt\\\/\",\"logo\":{\"@type\":\"ImageObject\",\"inLanguage\":\"pt-PT\",\"@id\":\"https:\\\/\\\/algarve7.pt\\\/#\\\/schema\\\/logo\\\/image\\\/\",\"url\":\"https:\\\/\\\/algarve7.pt\\\/wp-content\\\/uploads\\\/2020\\\/10\\\/Logo-8.jpg\",\"contentUrl\":\"https:\\\/\\\/algarve7.pt\\\/wp-content\\\/uploads\\\/2020\\\/10\\\/Logo-8.jpg\",\"width\":1680,\"height\":1186,\"caption\":\"Algarve 7\"},\"image\":{\"@id\":\"https:\\\/\\\/algarve7.pt\\\/#\\\/schema\\\/logo\\\/image\\\/\"},\"sameAs\":[\"https:\\\/\\\/www.facebook.com\\\/algarve7\",\"https:\\\/\\\/x.com\\\/Algarvesete\",\"https:\\\/\\\/www.instagram.com\\\/jornalalgarve7\\\/\",\"https:\\\/\\\/www.linkedin.com\\\/company\\\/algarve7\",\"https:\\\/\\\/www.pinterest.pt\\\/geral0939\\\/_created\\\/\"]},{\"@type\":\"Person\",\"@id\":\"https:\\\/\\\/algarve7.pt\\\/#\\\/schema\\\/person\\\/23fa70681308e7b319a3204bcea45e0c\",\"name\":\"Algarve 7\",\"sameAs\":[\"https:\\\/\\\/algarve7.pt\",\"https:\\\/\\\/www.facebook.com\\\/algarve7\"],\"url\":\"https:\\\/\\\/algarve7.pt\\\/index.php\\\/author\\\/geralalgarve7-pt\\\/\"}]}<\/script>\n<!-- \/ Yoast SEO plugin. -->","yoast_head_json":{"title":"C\u00e2mara de Aljezur, \u201cluta\u201d para que ensino secund\u00e1rio venha a ser uma realidade para o concelho - Algarve 7","description":"C\u00e2mara de Aljezur, \u201cluta\u201d para que ensino secund\u00e1rio venha a ser uma realidade para o concelho Educa\u00e7\u00e3o","robots":{"index":"index","follow":"follow","max-snippet":"max-snippet:-1","max-image-preview":"max-image-preview:large","max-video-preview":"max-video-preview:-1"},"canonical":"https:\/\/algarve7.pt\/index.php\/2020\/11\/camara-de-aljezur-luta-para-que-ensino-secundario-venha-a-ser-uma-realidade-para-o-concelho\/educacao\/13\/40\/","og_locale":"pt_PT","og_type":"article","og_title":"C\u00e2mara de Aljezur, \u201cluta\u201d para que ensino secund\u00e1rio venha a ser uma realidade para o concelho - Algarve 7","og_description":"C\u00e2mara de Aljezur, \u201cluta\u201d para que ensino secund\u00e1rio venha a ser uma realidade para o concelho Educa\u00e7\u00e3o","og_url":"https:\/\/algarve7.pt\/index.php\/2020\/11\/camara-de-aljezur-luta-para-que-ensino-secundario-venha-a-ser-uma-realidade-para-o-concelho\/educacao\/13\/40\/","og_site_name":"Algarve 7","article_publisher":"https:\/\/www.facebook.com\/algarve7","article_author":"https:\/\/www.facebook.com\/algarve7","article_published_time":"2020-11-28T13:40:43+00:00","article_modified_time":"2020-11-28T13:40:58+00:00","og_image":[{"width":800,"height":557,"url":"https:\/\/algarve7.pt\/wp-content\/uploads\/2020\/11\/Escola_EBI_JI_de_Aljezur_mm.jpg","type":"image\/jpeg"}],"author":"Algarve 7","twitter_card":"summary_large_image","twitter_creator":"@Algarvesete","twitter_site":"@Algarvesete","twitter_misc":{"Escrito por":"Algarve 7","Tempo estimado de leitura":"3 minutos"},"schema":{"@context":"https:\/\/schema.org","@graph":[{"@type":"Article","@id":"https:\/\/algarve7.pt\/index.php\/2020\/11\/camara-de-aljezur-luta-para-que-ensino-secundario-venha-a-ser-uma-realidade-para-o-concelho\/educacao\/13\/40\/#article","isPartOf":{"@id":"https:\/\/algarve7.pt\/index.php\/2020\/11\/camara-de-aljezur-luta-para-que-ensino-secundario-venha-a-ser-uma-realidade-para-o-concelho\/educacao\/13\/40\/"},"author":{"name":"Algarve 7","@id":"https:\/\/algarve7.pt\/#\/schema\/person\/23fa70681308e7b319a3204bcea45e0c"},"headline":"C\u00e2mara de Aljezur, \u201cluta\u201d para que ensino secund\u00e1rio venha a ser uma realidade para o concelho","datePublished":"2020-11-28T13:40:43+00:00","dateModified":"2020-11-28T13:40:58+00:00","mainEntityOfPage":{"@id":"https:\/\/algarve7.pt\/index.php\/2020\/11\/camara-de-aljezur-luta-para-que-ensino-secundario-venha-a-ser-uma-realidade-para-o-concelho\/educacao\/13\/40\/"},"wordCount":530,"publisher":{"@id":"https:\/\/algarve7.pt\/#organization"},"image":{"@id":"https:\/\/algarve7.pt\/index.php\/2020\/11\/camara-de-aljezur-luta-para-que-ensino-secundario-venha-a-ser-uma-realidade-para-o-concelho\/educacao\/13\/40\/#primaryimage"},"thumbnailUrl":"https:\/\/algarve7.pt\/wp-content\/uploads\/2020\/11\/Escola_EBI_JI_de_Aljezur_mm.jpg","keywords":["Algarve","Aljezur","Educa\u00e7\u00e3o","Escola"],"articleSection":["Educa\u00e7\u00e3o"],"inLanguage":"pt-PT"},{"@type":"WebPage","@id":"https:\/\/algarve7.pt\/index.php\/2020\/11\/camara-de-aljezur-luta-para-que-ensino-secundario-venha-a-ser-uma-realidade-para-o-concelho\/educacao\/13\/40\/","url":"https:\/\/algarve7.pt\/index.php\/2020\/11\/camara-de-aljezur-luta-para-que-ensino-secundario-venha-a-ser-uma-realidade-para-o-concelho\/educacao\/13\/40\/","name":"C\u00e2mara de Aljezur, \u201cluta\u201d para que ensino secund\u00e1rio venha a ser uma realidade para o concelho - Algarve 7","isPartOf":{"@id":"https:\/\/algarve7.pt\/#website"},"primaryImageOfPage":{"@id":"https:\/\/algarve7.pt\/index.php\/2020\/11\/camara-de-aljezur-luta-para-que-ensino-secundario-venha-a-ser-uma-realidade-para-o-concelho\/educacao\/13\/40\/#primaryimage"},"image":{"@id":"https:\/\/algarve7.pt\/index.php\/2020\/11\/camara-de-aljezur-luta-para-que-ensino-secundario-venha-a-ser-uma-realidade-para-o-concelho\/educacao\/13\/40\/#primaryimage"},"thumbnailUrl":"https:\/\/algarve7.pt\/wp-content\/uploads\/2020\/11\/Escola_EBI_JI_de_Aljezur_mm.jpg","datePublished":"2020-11-28T13:40:43+00:00","dateModified":"2020-11-28T13:40:58+00:00","description":"C\u00e2mara de Aljezur, \u201cluta\u201d para que ensino secund\u00e1rio venha a ser uma realidade para o concelho Educa\u00e7\u00e3o","breadcrumb":{"@id":"https:\/\/algarve7.pt\/index.php\/2020\/11\/camara-de-aljezur-luta-para-que-ensino-secundario-venha-a-ser-uma-realidade-para-o-concelho\/educacao\/13\/40\/#breadcrumb"},"inLanguage":"pt-PT","potentialAction":[{"@type":"ReadAction","target":["https:\/\/algarve7.pt\/index.php\/2020\/11\/camara-de-aljezur-luta-para-que-ensino-secundario-venha-a-ser-uma-realidade-para-o-concelho\/educacao\/13\/40\/"]}]},{"@type":"ImageObject","inLanguage":"pt-PT","@id":"https:\/\/algarve7.pt\/index.php\/2020\/11\/camara-de-aljezur-luta-para-que-ensino-secundario-venha-a-ser-uma-realidade-para-o-concelho\/educacao\/13\/40\/#primaryimage","url":"https:\/\/algarve7.pt\/wp-content\/uploads\/2020\/11\/Escola_EBI_JI_de_Aljezur_mm.jpg","contentUrl":"https:\/\/algarve7.pt\/wp-content\/uploads\/2020\/11\/Escola_EBI_JI_de_Aljezur_mm.jpg","width":800,"height":557},{"@type":"BreadcrumbList","@id":"https:\/\/algarve7.pt\/index.php\/2020\/11\/camara-de-aljezur-luta-para-que-ensino-secundario-venha-a-ser-uma-realidade-para-o-concelho\/educacao\/13\/40\/#breadcrumb","itemListElement":[{"@type":"ListItem","position":1,"name":"In\u00edcio","item":"https:\/\/algarve7.pt\/"},{"@type":"ListItem","position":2,"name":"C\u00e2mara de Aljezur, \u201cluta\u201d para que ensino secund\u00e1rio venha a ser uma realidade para o concelho"}]},{"@type":"WebSite","@id":"https:\/\/algarve7.pt\/#website","url":"https:\/\/algarve7.pt\/","name":"Algarve 7","description":"Informa\u00e7\u00e3o sobre o Algarve","publisher":{"@id":"https:\/\/algarve7.pt\/#organization"},"potentialAction":[{"@type":"SearchAction","target":{"@type":"EntryPoint","urlTemplate":"https:\/\/algarve7.pt\/?s={search_term_string}"},"query-input":{"@type":"PropertyValueSpecification","valueRequired":true,"valueName":"search_term_string"}}],"inLanguage":"pt-PT"},{"@type":"Organization","@id":"https:\/\/algarve7.pt\/#organization","name":"Algarve 7","url":"https:\/\/algarve7.pt\/","logo":{"@type":"ImageObject","inLanguage":"pt-PT","@id":"https:\/\/algarve7.pt\/#\/schema\/logo\/image\/","url":"https:\/\/algarve7.pt\/wp-content\/uploads\/2020\/10\/Logo-8.jpg","contentUrl":"https:\/\/algarve7.pt\/wp-content\/uploads\/2020\/10\/Logo-8.jpg","width":1680,"height":1186,"caption":"Algarve 7"},"image":{"@id":"https:\/\/algarve7.pt\/#\/schema\/logo\/image\/"},"sameAs":["https:\/\/www.facebook.com\/algarve7","https:\/\/x.com\/Algarvesete","https:\/\/www.instagram.com\/jornalalgarve7\/","https:\/\/www.linkedin.com\/company\/algarve7","https:\/\/www.pinterest.pt\/geral0939\/_created\/"]},{"@type":"Person","@id":"https:\/\/algarve7.pt\/#\/schema\/person\/23fa70681308e7b319a3204bcea45e0c","name":"Algarve 7","sameAs":["https:\/\/algarve7.pt","https:\/\/www.facebook.com\/algarve7"],"url":"https:\/\/algarve7.pt\/index.php\/author\/geralalgarve7-pt\/"}]}},"jetpack_publicize_connections":[],"jetpack_featured_media_url":"https:\/\/algarve7.pt\/wp-content\/uploads\/2020\/11\/Escola_EBI_JI_de_Aljezur_mm.jpg","jetpack_shortlink":"https:\/\/wp.me\/pcezmW-15d","jetpack_sharing_enabled":true,"_links":{"self":[{"href":"https:\/\/algarve7.pt\/index.php\/wp-json\/wp\/v2\/posts\/4167","targetHints":{"allow":["GET"]}}],"collection":[{"href":"https:\/\/algarve7.pt\/index.php\/wp-json\/wp\/v2\/posts"}],"about":[{"href":"https:\/\/algarve7.pt\/index.php\/wp-json\/wp\/v2\/types\/post"}],"author":[{"embeddable":true,"href":"https:\/\/algarve7.pt\/index.php\/wp-json\/wp\/v2\/users\/1"}],"replies":[{"embeddable":true,"href":"https:\/\/algarve7.pt\/index.php\/wp-json\/wp\/v2\/comments?post=4167"}],"version-history":[{"count":0,"href":"https:\/\/algarve7.pt\/index.php\/wp-json\/wp\/v2\/posts\/4167\/revisions"}],"wp:featuredmedia":[{"embeddable":true,"href":"https:\/\/algarve7.pt\/index.php\/wp-json\/wp\/v2\/media\/4168"}],"wp:attachment":[{"href":"https:\/\/algarve7.pt\/index.php\/wp-json\/wp\/v2\/media?parent=4167"}],"wp:term":[{"taxonomy":"category","embeddable":true,"href":"https:\/\/algarve7.pt\/index.php\/wp-json\/wp\/v2\/categories?post=4167"},{"taxonomy":"post_tag","embeddable":true,"href":"https:\/\/algarve7.pt\/index.php\/wp-json\/wp\/v2\/tags?post=4167"}],"curies":[{"name":"wp","href":"https:\/\/api.w.org\/{rel}","templated":true}]}}