{"id":41569,"date":"2024-08-25T10:18:00","date_gmt":"2024-08-25T09:18:00","guid":{"rendered":"https:\/\/algarve7.pt\/?p=41569"},"modified":"2024-08-23T15:19:44","modified_gmt":"2024-08-23T14:19:44","slug":"exposicao-em-tavira-do-barro-a-roda-de-oleiro-as-ceramicas-da-rua-das-olarias","status":"publish","type":"post","link":"https:\/\/algarve7.pt\/index.php\/2024\/08\/exposicao-em-tavira-do-barro-a-roda-de-oleiro-as-ceramicas-da-rua-das-olarias\/cultura\/10\/18\/","title":{"rendered":"Exposi\u00e7\u00e3o em Tavira \u201cDo Barro \u00e0 Roda de Oleiro: As cer\u00e2micas da Rua das Olarias\u201d"},"content":{"rendered":"\n<p>Inaugura, no dia 30 de agosto, pelas 17h00, no N\u00facleo Isl\u00e2mico (Pra\u00e7a da Rep\u00fablica), a exposi\u00e7\u00e3o \u201cDo Barro \u00e0 Roda de Oleiro: As cer\u00e2micas da Rua das Olarias\u201d. Patente at\u00e9 dia 30 de abril de 2025, esta poder\u00e1 ser visita, na sala de exposi\u00e7\u00f5es tempor\u00e1rias, de ter\u00e7a-feira a s\u00e1bado, das 10h00 \u00e0s 13h00 e das 14h00 \u00e0s 18h00 (hor\u00e1rio de ver\u00e3o at\u00e9 dia 14 de setembro).<\/p>\n\n\n\n<p>Esta mostra resulta de uma descoberta arqueol\u00f3gica excecional em duas oficinas de cer\u00e2mica na Rua das Olarias (n\u00fameros 6 e 7), a qual originou um processo de an\u00e1lise, estudo, conserva\u00e7\u00e3o e interpreta\u00e7\u00e3o do patrim\u00f3nio cer\u00e2mico de Tavira.<\/p>\n\n\n\n<p>Tendo como mote a descoberta e o estudo daquelas duas olarias, seus fornos e espa\u00e7os de trabalho, bem como milhares de fragmentos cer\u00e2micos ali produzidos at\u00e9 meados do s\u00e9culo XVI, esta exposi\u00e7\u00e3o visa n\u00e3o s\u00f3 destacar a presen\u00e7a das oficinas cer\u00e2micas, especialmente naquela rua da cidade, mas tamb\u00e9m proporcionar um olhar atrav\u00e9s de s\u00e9culos de produ\u00e7\u00e3o oleira, sublinhando a import\u00e2ncia desta ind\u00fastria em certos momentos da hist\u00f3rica local.&nbsp;<\/p>\n\n\n\n<p>Comissariada por Jaquelina Covaneiro (Arque\u00f3loga, Museu Municipal de Tavira), \u201cDo Barro \u00e0 Roda de Oleiro: As Cer\u00e2micas da Rua das Olarias&#8221; \u00e9 fruto de uma colabora\u00e7\u00e3o entre a equipa do Museu Municipal, acad\u00e9micos e investigadores externos, divulgando uma sele\u00e7\u00e3o de pe\u00e7as cer\u00e2micas que destaca a olaria como relevante atividade produtiva da cidade, focando, especialmente, os vest\u00edgios das oficinas na Rua das Olarias, cuja descoberta permite avan\u00e7ar no conhecimento dos processos de produ\u00e7\u00e3o e organiza\u00e7\u00e3o daqueles espa\u00e7os.<\/p>\n\n\n\n<p>Em foco, estar\u00e3o, igualmente, cer\u00e2micas oriundas de outras \u00e1reas (Lisboa, Alto Alentejo, Sevilha\u2026), ilustrando a participa\u00e7\u00e3o de Tavira numa rede de contactos regionais, ao longo de s\u00e9culos. A exposi\u00e7\u00e3o \u00e9 complementada por textos explicativos e uma curta-metragem que ilustra as diversas etapas das interven\u00e7\u00f5es arqueol\u00f3gicas realizadas na Rua das Olarias.<\/p>\n\n\n\n<p>O evento reafirma o compromisso do Museu Municipal com a preserva\u00e7\u00e3o e divulga\u00e7\u00e3o da mem\u00f3ria hist\u00f3rica de Tavira, oferecendo \u00e0 comunidade local, especialistas e visitantes uma oportunidade para explorar o passado da cidade, em especial os testemunhos da produ\u00e7\u00e3o cer\u00e2mica na regi\u00e3o.<\/p>\n","protected":false},"excerpt":{"rendered":"<p>Inaugura, no dia 30 de agosto, pelas 17h00, no N\u00facleo Isl\u00e2mico (Pra\u00e7a da Rep\u00fablica), a exposi\u00e7\u00e3o \u201cDo Barro \u00e0 Roda<\/p>\n","protected":false},"author":1,"featured_media":41570,"comment_status":"open","ping_status":"open","sticky":false,"template":"","format":"standard","meta":{"colormag_page_container_layout":"default_layout","colormag_page_sidebar_layout":"default_layout","_monsterinsights_skip_tracking":false,"_monsterinsights_sitenote_active":false,"_monsterinsights_sitenote_note":"","_monsterinsights_sitenote_category":0,"jetpack_post_was_ever_published":false,"_jetpack_newsletter_access":"","_jetpack_dont_email_post_to_subs":false,"_jetpack_newsletter_tier_id":0,"_jetpack_memberships_contains_paywalled_content":false,"_jetpack_memberships_contains_paid_content":false,"footnotes":"","jetpack_publicize_message":"","jetpack_publicize_feature_enabled":true,"jetpack_social_post_already_shared":false,"jetpack_social_options":{"image_generator_settings":{"template":"highway","default_image_id":0,"font":"","enabled":false},"version":2}},"categories":[14],"tags":[36,35,54],"class_list":["post-41569","post","type-post","status-publish","format-standard","has-post-thumbnail","hentry","category-cultura","tag-algarve","tag-cultura","tag-tavira"],"yoast_head":"<!-- This site is optimized with the Yoast SEO plugin v27.4 - https:\/\/yoast.com\/product\/yoast-seo-wordpress\/ -->\n<title>Exposi\u00e7\u00e3o em Tavira \u201cDo Barro \u00e0 Roda de Oleiro: As cer\u00e2micas da Rua das Olarias\u201d - Algarve 7<\/title>\n<meta name=\"description\" content=\"Exposi\u00e7\u00e3o em Tavira \u201cDo Barro \u00e0 Roda de Oleiro: As cer\u00e2micas da Rua das Olarias\u201d Cultura\" \/>\n<meta name=\"robots\" content=\"index, follow, max-snippet:-1, max-image-preview:large, max-video-preview:-1\" \/>\n<link rel=\"canonical\" href=\"https:\/\/algarve7.pt\/index.php\/2024\/08\/exposicao-em-tavira-do-barro-a-roda-de-oleiro-as-ceramicas-da-rua-das-olarias\/cultura\/10\/18\/\" \/>\n<meta property=\"og:locale\" content=\"pt_PT\" \/>\n<meta property=\"og:type\" content=\"article\" \/>\n<meta property=\"og:title\" content=\"Exposi\u00e7\u00e3o em Tavira \u201cDo Barro \u00e0 Roda de Oleiro: As cer\u00e2micas da Rua das Olarias\u201d - Algarve 7\" \/>\n<meta property=\"og:description\" content=\"Exposi\u00e7\u00e3o em Tavira \u201cDo Barro \u00e0 Roda de Oleiro: As cer\u00e2micas da Rua das Olarias\u201d Cultura\" \/>\n<meta property=\"og:url\" content=\"https:\/\/algarve7.pt\/index.php\/2024\/08\/exposicao-em-tavira-do-barro-a-roda-de-oleiro-as-ceramicas-da-rua-das-olarias\/cultura\/10\/18\/\" \/>\n<meta property=\"og:site_name\" content=\"Algarve 7\" \/>\n<meta property=\"article:publisher\" content=\"https:\/\/www.facebook.com\/algarve7\" \/>\n<meta property=\"article:author\" content=\"https:\/\/www.facebook.com\/algarve7\" \/>\n<meta property=\"article:published_time\" content=\"2024-08-25T09:18:00+00:00\" \/>\n<meta property=\"og:image\" content=\"https:\/\/algarve7.pt\/wp-content\/uploads\/2024\/08\/Captura-de-ecra-2024-08-23-as-15.16.58.png\" \/>\n\t<meta property=\"og:image:width\" content=\"800\" \/>\n\t<meta property=\"og:image:height\" content=\"470\" \/>\n\t<meta property=\"og:image:type\" content=\"image\/png\" \/>\n<meta name=\"author\" content=\"Algarve 7\" \/>\n<meta name=\"twitter:card\" content=\"summary_large_image\" \/>\n<meta name=\"twitter:creator\" content=\"@Algarvesete\" \/>\n<meta name=\"twitter:site\" content=\"@Algarvesete\" \/>\n<meta name=\"twitter:label1\" content=\"Escrito por\" \/>\n\t<meta name=\"twitter:data1\" content=\"Algarve 7\" \/>\n\t<meta name=\"twitter:label2\" content=\"Tempo estimado de leitura\" \/>\n\t<meta name=\"twitter:data2\" content=\"3 minutos\" \/>\n<script type=\"application\/ld+json\" class=\"yoast-schema-graph\">{\"@context\":\"https:\\\/\\\/schema.org\",\"@graph\":[{\"@type\":\"Article\",\"@id\":\"https:\\\/\\\/algarve7.pt\\\/index.php\\\/2024\\\/08\\\/exposicao-em-tavira-do-barro-a-roda-de-oleiro-as-ceramicas-da-rua-das-olarias\\\/cultura\\\/10\\\/18\\\/#article\",\"isPartOf\":{\"@id\":\"https:\\\/\\\/algarve7.pt\\\/index.php\\\/2024\\\/08\\\/exposicao-em-tavira-do-barro-a-roda-de-oleiro-as-ceramicas-da-rua-das-olarias\\\/cultura\\\/10\\\/18\\\/\"},\"author\":{\"name\":\"Algarve 7\",\"@id\":\"https:\\\/\\\/algarve7.pt\\\/#\\\/schema\\\/person\\\/23fa70681308e7b319a3204bcea45e0c\"},\"headline\":\"Exposi\u00e7\u00e3o em Tavira \u201cDo Barro \u00e0 Roda de Oleiro: As cer\u00e2micas da Rua das Olarias\u201d\",\"datePublished\":\"2024-08-25T09:18:00+00:00\",\"mainEntityOfPage\":{\"@id\":\"https:\\\/\\\/algarve7.pt\\\/index.php\\\/2024\\\/08\\\/exposicao-em-tavira-do-barro-a-roda-de-oleiro-as-ceramicas-da-rua-das-olarias\\\/cultura\\\/10\\\/18\\\/\"},\"wordCount\":405,\"commentCount\":0,\"publisher\":{\"@id\":\"https:\\\/\\\/algarve7.pt\\\/#organization\"},\"image\":{\"@id\":\"https:\\\/\\\/algarve7.pt\\\/index.php\\\/2024\\\/08\\\/exposicao-em-tavira-do-barro-a-roda-de-oleiro-as-ceramicas-da-rua-das-olarias\\\/cultura\\\/10\\\/18\\\/#primaryimage\"},\"thumbnailUrl\":\"https:\\\/\\\/algarve7.pt\\\/wp-content\\\/uploads\\\/2024\\\/08\\\/Captura-de-ecra-2024-08-23-as-15.16.58.png\",\"keywords\":[\"Algarve\",\"Cultura\",\"Tavira\"],\"articleSection\":[\"Cultura\"],\"inLanguage\":\"pt-PT\",\"potentialAction\":[{\"@type\":\"CommentAction\",\"name\":\"Comment\",\"target\":[\"https:\\\/\\\/algarve7.pt\\\/index.php\\\/2024\\\/08\\\/exposicao-em-tavira-do-barro-a-roda-de-oleiro-as-ceramicas-da-rua-das-olarias\\\/cultura\\\/10\\\/18\\\/#respond\"]}]},{\"@type\":\"WebPage\",\"@id\":\"https:\\\/\\\/algarve7.pt\\\/index.php\\\/2024\\\/08\\\/exposicao-em-tavira-do-barro-a-roda-de-oleiro-as-ceramicas-da-rua-das-olarias\\\/cultura\\\/10\\\/18\\\/\",\"url\":\"https:\\\/\\\/algarve7.pt\\\/index.php\\\/2024\\\/08\\\/exposicao-em-tavira-do-barro-a-roda-de-oleiro-as-ceramicas-da-rua-das-olarias\\\/cultura\\\/10\\\/18\\\/\",\"name\":\"Exposi\u00e7\u00e3o em Tavira \u201cDo Barro \u00e0 Roda de Oleiro: As cer\u00e2micas da Rua das Olarias\u201d - Algarve 7\",\"isPartOf\":{\"@id\":\"https:\\\/\\\/algarve7.pt\\\/#website\"},\"primaryImageOfPage\":{\"@id\":\"https:\\\/\\\/algarve7.pt\\\/index.php\\\/2024\\\/08\\\/exposicao-em-tavira-do-barro-a-roda-de-oleiro-as-ceramicas-da-rua-das-olarias\\\/cultura\\\/10\\\/18\\\/#primaryimage\"},\"image\":{\"@id\":\"https:\\\/\\\/algarve7.pt\\\/index.php\\\/2024\\\/08\\\/exposicao-em-tavira-do-barro-a-roda-de-oleiro-as-ceramicas-da-rua-das-olarias\\\/cultura\\\/10\\\/18\\\/#primaryimage\"},\"thumbnailUrl\":\"https:\\\/\\\/algarve7.pt\\\/wp-content\\\/uploads\\\/2024\\\/08\\\/Captura-de-ecra-2024-08-23-as-15.16.58.png\",\"datePublished\":\"2024-08-25T09:18:00+00:00\",\"description\":\"Exposi\u00e7\u00e3o em Tavira \u201cDo Barro \u00e0 Roda de Oleiro: As cer\u00e2micas da Rua das Olarias\u201d Cultura\",\"breadcrumb\":{\"@id\":\"https:\\\/\\\/algarve7.pt\\\/index.php\\\/2024\\\/08\\\/exposicao-em-tavira-do-barro-a-roda-de-oleiro-as-ceramicas-da-rua-das-olarias\\\/cultura\\\/10\\\/18\\\/#breadcrumb\"},\"inLanguage\":\"pt-PT\",\"potentialAction\":[{\"@type\":\"ReadAction\",\"target\":[\"https:\\\/\\\/algarve7.pt\\\/index.php\\\/2024\\\/08\\\/exposicao-em-tavira-do-barro-a-roda-de-oleiro-as-ceramicas-da-rua-das-olarias\\\/cultura\\\/10\\\/18\\\/\"]}]},{\"@type\":\"ImageObject\",\"inLanguage\":\"pt-PT\",\"@id\":\"https:\\\/\\\/algarve7.pt\\\/index.php\\\/2024\\\/08\\\/exposicao-em-tavira-do-barro-a-roda-de-oleiro-as-ceramicas-da-rua-das-olarias\\\/cultura\\\/10\\\/18\\\/#primaryimage\",\"url\":\"https:\\\/\\\/algarve7.pt\\\/wp-content\\\/uploads\\\/2024\\\/08\\\/Captura-de-ecra-2024-08-23-as-15.16.58.png\",\"contentUrl\":\"https:\\\/\\\/algarve7.pt\\\/wp-content\\\/uploads\\\/2024\\\/08\\\/Captura-de-ecra-2024-08-23-as-15.16.58.png\",\"width\":800,\"height\":470},{\"@type\":\"BreadcrumbList\",\"@id\":\"https:\\\/\\\/algarve7.pt\\\/index.php\\\/2024\\\/08\\\/exposicao-em-tavira-do-barro-a-roda-de-oleiro-as-ceramicas-da-rua-das-olarias\\\/cultura\\\/10\\\/18\\\/#breadcrumb\",\"itemListElement\":[{\"@type\":\"ListItem\",\"position\":1,\"name\":\"In\u00edcio\",\"item\":\"https:\\\/\\\/algarve7.pt\\\/\"},{\"@type\":\"ListItem\",\"position\":2,\"name\":\"Exposi\u00e7\u00e3o em Tavira \u201cDo Barro \u00e0 Roda de Oleiro: As cer\u00e2micas da Rua das Olarias\u201d\"}]},{\"@type\":\"WebSite\",\"@id\":\"https:\\\/\\\/algarve7.pt\\\/#website\",\"url\":\"https:\\\/\\\/algarve7.pt\\\/\",\"name\":\"Algarve 7\",\"description\":\"Informa\u00e7\u00e3o sobre o Algarve\",\"publisher\":{\"@id\":\"https:\\\/\\\/algarve7.pt\\\/#organization\"},\"potentialAction\":[{\"@type\":\"SearchAction\",\"target\":{\"@type\":\"EntryPoint\",\"urlTemplate\":\"https:\\\/\\\/algarve7.pt\\\/?s={search_term_string}\"},\"query-input\":{\"@type\":\"PropertyValueSpecification\",\"valueRequired\":true,\"valueName\":\"search_term_string\"}}],\"inLanguage\":\"pt-PT\"},{\"@type\":\"Organization\",\"@id\":\"https:\\\/\\\/algarve7.pt\\\/#organization\",\"name\":\"Algarve 7\",\"url\":\"https:\\\/\\\/algarve7.pt\\\/\",\"logo\":{\"@type\":\"ImageObject\",\"inLanguage\":\"pt-PT\",\"@id\":\"https:\\\/\\\/algarve7.pt\\\/#\\\/schema\\\/logo\\\/image\\\/\",\"url\":\"https:\\\/\\\/algarve7.pt\\\/wp-content\\\/uploads\\\/2020\\\/10\\\/Logo-8.jpg\",\"contentUrl\":\"https:\\\/\\\/algarve7.pt\\\/wp-content\\\/uploads\\\/2020\\\/10\\\/Logo-8.jpg\",\"width\":1680,\"height\":1186,\"caption\":\"Algarve 7\"},\"image\":{\"@id\":\"https:\\\/\\\/algarve7.pt\\\/#\\\/schema\\\/logo\\\/image\\\/\"},\"sameAs\":[\"https:\\\/\\\/www.facebook.com\\\/algarve7\",\"https:\\\/\\\/x.com\\\/Algarvesete\",\"https:\\\/\\\/www.instagram.com\\\/jornalalgarve7\\\/\",\"https:\\\/\\\/www.linkedin.com\\\/company\\\/algarve7\",\"https:\\\/\\\/www.pinterest.pt\\\/geral0939\\\/_created\\\/\"]},{\"@type\":\"Person\",\"@id\":\"https:\\\/\\\/algarve7.pt\\\/#\\\/schema\\\/person\\\/23fa70681308e7b319a3204bcea45e0c\",\"name\":\"Algarve 7\",\"sameAs\":[\"https:\\\/\\\/algarve7.pt\",\"https:\\\/\\\/www.facebook.com\\\/algarve7\"],\"url\":\"https:\\\/\\\/algarve7.pt\\\/index.php\\\/author\\\/geralalgarve7-pt\\\/\"}]}<\/script>\n<!-- \/ Yoast SEO plugin. -->","yoast_head_json":{"title":"Exposi\u00e7\u00e3o em Tavira \u201cDo Barro \u00e0 Roda de Oleiro: As cer\u00e2micas da Rua das Olarias\u201d - Algarve 7","description":"Exposi\u00e7\u00e3o em Tavira \u201cDo Barro \u00e0 Roda de Oleiro: As cer\u00e2micas da Rua das Olarias\u201d Cultura","robots":{"index":"index","follow":"follow","max-snippet":"max-snippet:-1","max-image-preview":"max-image-preview:large","max-video-preview":"max-video-preview:-1"},"canonical":"https:\/\/algarve7.pt\/index.php\/2024\/08\/exposicao-em-tavira-do-barro-a-roda-de-oleiro-as-ceramicas-da-rua-das-olarias\/cultura\/10\/18\/","og_locale":"pt_PT","og_type":"article","og_title":"Exposi\u00e7\u00e3o em Tavira \u201cDo Barro \u00e0 Roda de Oleiro: As cer\u00e2micas da Rua das Olarias\u201d - Algarve 7","og_description":"Exposi\u00e7\u00e3o em Tavira \u201cDo Barro \u00e0 Roda de Oleiro: As cer\u00e2micas da Rua das Olarias\u201d Cultura","og_url":"https:\/\/algarve7.pt\/index.php\/2024\/08\/exposicao-em-tavira-do-barro-a-roda-de-oleiro-as-ceramicas-da-rua-das-olarias\/cultura\/10\/18\/","og_site_name":"Algarve 7","article_publisher":"https:\/\/www.facebook.com\/algarve7","article_author":"https:\/\/www.facebook.com\/algarve7","article_published_time":"2024-08-25T09:18:00+00:00","og_image":[{"width":800,"height":470,"url":"https:\/\/algarve7.pt\/wp-content\/uploads\/2024\/08\/Captura-de-ecra-2024-08-23-as-15.16.58.png","type":"image\/png"}],"author":"Algarve 7","twitter_card":"summary_large_image","twitter_creator":"@Algarvesete","twitter_site":"@Algarvesete","twitter_misc":{"Escrito por":"Algarve 7","Tempo estimado de leitura":"3 minutos"},"schema":{"@context":"https:\/\/schema.org","@graph":[{"@type":"Article","@id":"https:\/\/algarve7.pt\/index.php\/2024\/08\/exposicao-em-tavira-do-barro-a-roda-de-oleiro-as-ceramicas-da-rua-das-olarias\/cultura\/10\/18\/#article","isPartOf":{"@id":"https:\/\/algarve7.pt\/index.php\/2024\/08\/exposicao-em-tavira-do-barro-a-roda-de-oleiro-as-ceramicas-da-rua-das-olarias\/cultura\/10\/18\/"},"author":{"name":"Algarve 7","@id":"https:\/\/algarve7.pt\/#\/schema\/person\/23fa70681308e7b319a3204bcea45e0c"},"headline":"Exposi\u00e7\u00e3o em Tavira \u201cDo Barro \u00e0 Roda de Oleiro: As cer\u00e2micas da Rua das Olarias\u201d","datePublished":"2024-08-25T09:18:00+00:00","mainEntityOfPage":{"@id":"https:\/\/algarve7.pt\/index.php\/2024\/08\/exposicao-em-tavira-do-barro-a-roda-de-oleiro-as-ceramicas-da-rua-das-olarias\/cultura\/10\/18\/"},"wordCount":405,"commentCount":0,"publisher":{"@id":"https:\/\/algarve7.pt\/#organization"},"image":{"@id":"https:\/\/algarve7.pt\/index.php\/2024\/08\/exposicao-em-tavira-do-barro-a-roda-de-oleiro-as-ceramicas-da-rua-das-olarias\/cultura\/10\/18\/#primaryimage"},"thumbnailUrl":"https:\/\/algarve7.pt\/wp-content\/uploads\/2024\/08\/Captura-de-ecra-2024-08-23-as-15.16.58.png","keywords":["Algarve","Cultura","Tavira"],"articleSection":["Cultura"],"inLanguage":"pt-PT","potentialAction":[{"@type":"CommentAction","name":"Comment","target":["https:\/\/algarve7.pt\/index.php\/2024\/08\/exposicao-em-tavira-do-barro-a-roda-de-oleiro-as-ceramicas-da-rua-das-olarias\/cultura\/10\/18\/#respond"]}]},{"@type":"WebPage","@id":"https:\/\/algarve7.pt\/index.php\/2024\/08\/exposicao-em-tavira-do-barro-a-roda-de-oleiro-as-ceramicas-da-rua-das-olarias\/cultura\/10\/18\/","url":"https:\/\/algarve7.pt\/index.php\/2024\/08\/exposicao-em-tavira-do-barro-a-roda-de-oleiro-as-ceramicas-da-rua-das-olarias\/cultura\/10\/18\/","name":"Exposi\u00e7\u00e3o em Tavira \u201cDo Barro \u00e0 Roda de Oleiro: As cer\u00e2micas da Rua das Olarias\u201d - Algarve 7","isPartOf":{"@id":"https:\/\/algarve7.pt\/#website"},"primaryImageOfPage":{"@id":"https:\/\/algarve7.pt\/index.php\/2024\/08\/exposicao-em-tavira-do-barro-a-roda-de-oleiro-as-ceramicas-da-rua-das-olarias\/cultura\/10\/18\/#primaryimage"},"image":{"@id":"https:\/\/algarve7.pt\/index.php\/2024\/08\/exposicao-em-tavira-do-barro-a-roda-de-oleiro-as-ceramicas-da-rua-das-olarias\/cultura\/10\/18\/#primaryimage"},"thumbnailUrl":"https:\/\/algarve7.pt\/wp-content\/uploads\/2024\/08\/Captura-de-ecra-2024-08-23-as-15.16.58.png","datePublished":"2024-08-25T09:18:00+00:00","description":"Exposi\u00e7\u00e3o em Tavira \u201cDo Barro \u00e0 Roda de Oleiro: As cer\u00e2micas da Rua das Olarias\u201d Cultura","breadcrumb":{"@id":"https:\/\/algarve7.pt\/index.php\/2024\/08\/exposicao-em-tavira-do-barro-a-roda-de-oleiro-as-ceramicas-da-rua-das-olarias\/cultura\/10\/18\/#breadcrumb"},"inLanguage":"pt-PT","potentialAction":[{"@type":"ReadAction","target":["https:\/\/algarve7.pt\/index.php\/2024\/08\/exposicao-em-tavira-do-barro-a-roda-de-oleiro-as-ceramicas-da-rua-das-olarias\/cultura\/10\/18\/"]}]},{"@type":"ImageObject","inLanguage":"pt-PT","@id":"https:\/\/algarve7.pt\/index.php\/2024\/08\/exposicao-em-tavira-do-barro-a-roda-de-oleiro-as-ceramicas-da-rua-das-olarias\/cultura\/10\/18\/#primaryimage","url":"https:\/\/algarve7.pt\/wp-content\/uploads\/2024\/08\/Captura-de-ecra-2024-08-23-as-15.16.58.png","contentUrl":"https:\/\/algarve7.pt\/wp-content\/uploads\/2024\/08\/Captura-de-ecra-2024-08-23-as-15.16.58.png","width":800,"height":470},{"@type":"BreadcrumbList","@id":"https:\/\/algarve7.pt\/index.php\/2024\/08\/exposicao-em-tavira-do-barro-a-roda-de-oleiro-as-ceramicas-da-rua-das-olarias\/cultura\/10\/18\/#breadcrumb","itemListElement":[{"@type":"ListItem","position":1,"name":"In\u00edcio","item":"https:\/\/algarve7.pt\/"},{"@type":"ListItem","position":2,"name":"Exposi\u00e7\u00e3o em Tavira \u201cDo Barro \u00e0 Roda de Oleiro: As cer\u00e2micas da Rua das Olarias\u201d"}]},{"@type":"WebSite","@id":"https:\/\/algarve7.pt\/#website","url":"https:\/\/algarve7.pt\/","name":"Algarve 7","description":"Informa\u00e7\u00e3o sobre o Algarve","publisher":{"@id":"https:\/\/algarve7.pt\/#organization"},"potentialAction":[{"@type":"SearchAction","target":{"@type":"EntryPoint","urlTemplate":"https:\/\/algarve7.pt\/?s={search_term_string}"},"query-input":{"@type":"PropertyValueSpecification","valueRequired":true,"valueName":"search_term_string"}}],"inLanguage":"pt-PT"},{"@type":"Organization","@id":"https:\/\/algarve7.pt\/#organization","name":"Algarve 7","url":"https:\/\/algarve7.pt\/","logo":{"@type":"ImageObject","inLanguage":"pt-PT","@id":"https:\/\/algarve7.pt\/#\/schema\/logo\/image\/","url":"https:\/\/algarve7.pt\/wp-content\/uploads\/2020\/10\/Logo-8.jpg","contentUrl":"https:\/\/algarve7.pt\/wp-content\/uploads\/2020\/10\/Logo-8.jpg","width":1680,"height":1186,"caption":"Algarve 7"},"image":{"@id":"https:\/\/algarve7.pt\/#\/schema\/logo\/image\/"},"sameAs":["https:\/\/www.facebook.com\/algarve7","https:\/\/x.com\/Algarvesete","https:\/\/www.instagram.com\/jornalalgarve7\/","https:\/\/www.linkedin.com\/company\/algarve7","https:\/\/www.pinterest.pt\/geral0939\/_created\/"]},{"@type":"Person","@id":"https:\/\/algarve7.pt\/#\/schema\/person\/23fa70681308e7b319a3204bcea45e0c","name":"Algarve 7","sameAs":["https:\/\/algarve7.pt","https:\/\/www.facebook.com\/algarve7"],"url":"https:\/\/algarve7.pt\/index.php\/author\/geralalgarve7-pt\/"}]}},"jetpack_publicize_connections":[],"jetpack_featured_media_url":"https:\/\/algarve7.pt\/wp-content\/uploads\/2024\/08\/Captura-de-ecra-2024-08-23-as-15.16.58.png","jetpack_shortlink":"https:\/\/wp.me\/pcezmW-aOt","jetpack_sharing_enabled":true,"_links":{"self":[{"href":"https:\/\/algarve7.pt\/index.php\/wp-json\/wp\/v2\/posts\/41569","targetHints":{"allow":["GET"]}}],"collection":[{"href":"https:\/\/algarve7.pt\/index.php\/wp-json\/wp\/v2\/posts"}],"about":[{"href":"https:\/\/algarve7.pt\/index.php\/wp-json\/wp\/v2\/types\/post"}],"author":[{"embeddable":true,"href":"https:\/\/algarve7.pt\/index.php\/wp-json\/wp\/v2\/users\/1"}],"replies":[{"embeddable":true,"href":"https:\/\/algarve7.pt\/index.php\/wp-json\/wp\/v2\/comments?post=41569"}],"version-history":[{"count":0,"href":"https:\/\/algarve7.pt\/index.php\/wp-json\/wp\/v2\/posts\/41569\/revisions"}],"wp:featuredmedia":[{"embeddable":true,"href":"https:\/\/algarve7.pt\/index.php\/wp-json\/wp\/v2\/media\/41570"}],"wp:attachment":[{"href":"https:\/\/algarve7.pt\/index.php\/wp-json\/wp\/v2\/media?parent=41569"}],"wp:term":[{"taxonomy":"category","embeddable":true,"href":"https:\/\/algarve7.pt\/index.php\/wp-json\/wp\/v2\/categories?post=41569"},{"taxonomy":"post_tag","embeddable":true,"href":"https:\/\/algarve7.pt\/index.php\/wp-json\/wp\/v2\/tags?post=41569"}],"curies":[{"name":"wp","href":"https:\/\/api.w.org\/{rel}","templated":true}]}}