{"id":41356,"date":"2024-08-13T09:07:07","date_gmt":"2024-08-13T08:07:07","guid":{"rendered":"https:\/\/algarve7.pt\/?p=41356"},"modified":"2024-08-13T13:11:57","modified_gmt":"2024-08-13T12:11:57","slug":"ccdr-algarve-propos-classificacao-do-castelo-de-salir-loule-como-monumento-de-interesse-publico","status":"publish","type":"post","link":"https:\/\/algarve7.pt\/index.php\/2024\/08\/ccdr-algarve-propos-classificacao-do-castelo-de-salir-loule-como-monumento-de-interesse-publico\/cultura\/09\/07\/","title":{"rendered":"CCDR Algarve e munic\u00edpio de Loul\u00e9 prop\u00f4s classifica\u00e7\u00e3o do Castelo de Salir (Loul\u00e9) como monumento de interesse p\u00fablico"},"content":{"rendered":"\n<p><strong>A Comiss\u00e3o de Coordena\u00e7\u00e3o e Desenvolvimento Regional (CCDR) do Algarve, I.P. e o munic\u00edpio de Loul\u00e9 propuseram ao Patrim\u00f3nio Cultural, I.P. a abertura do procedimento de classifica\u00e7\u00e3o do Castelo de Salir como monumento de interesse p\u00fablico (MIP).<\/strong><\/p>\n\n\n\n<p>Pretende a C\u00e2mara Municipal de Loul\u00e9 que o Castelo de Salir, na freguesia de Salir, venha a obter o grau de interesse p\u00fablico \u00abcom o objetivo final da apropria\u00e7\u00e3o p\u00fablica deste bem patrimonial e a potencia\u00e7\u00e3o dos seus valores culturais e identit\u00e1rios, atendendo a que constitui um testemunho do patrim\u00f3nio arquitet\u00f3nico medieval isl\u00e2mico e medieval crist\u00e3o, na categoria de arquitetura defensiva.\u00bb<\/p>\n\n\n\n<p>Considera a Unidade de Cultura da CCDR Algarve que Castelo de Salir representa um valor cultural e hist\u00f3rico de grande significado no territ\u00f3rio nacional, pertencendo a um patrim\u00f3nio medieval isl\u00e2mico e medieval crist\u00e3o na categoria de arquitetura defensiva do Algarve, conquistado por D. Paio Peres Correia, mestre da Ordem de Santiago, depois da tomada da cidade de Tavira e outros castelos do litoral, entre 1248 e 1249, que ali acampou at\u00e9 \u00e0 chegada do ex\u00e9rcito de D. Afonso III, e da\u00ed partiram para a conquista da cidade de Faro. Que foram realizados trabalhos de investiga\u00e7\u00e3o arqueol\u00f3gica, desenvolvidos desde 1987, da responsabilidade cient\u00edfica da professora Helena Catarino, que confirmam a import\u00e2ncia do local.<\/p>\n\n\n\n<p>Estando reunidos crit\u00e9rios gen\u00e9ricos para a aprecia\u00e7\u00e3o do pedido, a CCDR Algarve prop\u00f4s ao Patrim\u00f3nio Cultural, I.P. a abertura de procedimento com vista \u00e0 eventual Classifica\u00e7\u00e3o como monumento de interesse p\u00fablico (MIP), de acordo com o previsto no n.\u00ba 5 do artigo 15.\u00ba da Lei n.\u00ba 107\/2001 de 8 de setembro.<\/p>\n\n\n\n<p>As ru\u00ednas do castelo localizam-se na zona poente da povoa\u00e7\u00e3o, integradas na zona urbana da vila, sobre um cabe\u00e7o calc\u00e1rio com 256 metros de altura.<\/p>\n\n\n\n<p>O Castelo de Salir \u00e9 uma fortifica\u00e7\u00e3o de origem isl\u00e2mica, com origem provavelmente no s\u00e9culo XII e ter\u00e1 feito parte das fortifica\u00e7\u00f5es que foram reconstru\u00eddas na \u00e9poca alm\u00f3ada para a defesa de Loul\u00e9 e para proteger as povoa\u00e7\u00f5es da regi\u00e3o rural.<\/p>\n\n\n\n<p>A conquista do castelo ter\u00e1 ocorrido entre os anos de 1248\/49, quando o ex\u00e9rcito da Ordem de Santiago conquistou a regi\u00e3o. Segundo a historiografia antiga, foi neste lugar que D. Paio Peres Correia esperou por D. Afonso III, vindo do reino de Portugal para sul, pela serra algarvia, e entrando no Algarve por este local, como relatado na Coreografia do Reino do Algarve de Frei Jo\u00e3o de S\u00e3o Jos\u00e9.<\/p>\n\n\n\n<p>Os trabalhos de investiga\u00e7\u00e3o arqueol\u00f3gica realizados revelaram uma malha urbana bastante densa, tendo sido identificadas estruturas pertencentes a seis casas e dois arruamentos.<\/p>\n\n\n\n<p>Estas casas ter\u00e3o funcionado durante os s\u00e9culos XII e XIII, tendo sido abandonadas ap\u00f3s a conquista crist\u00e3. O processo de conquista deste castelo foi bastante duro para a sua popula\u00e7\u00e3o, uma vez que os vest\u00edgios encontrados nas escava\u00e7\u00f5es arqueol\u00f3gicas mostram n\u00edveis de destrui\u00e7\u00e3o violentos e inc\u00eandios de grandes dimens\u00f5es (Catarino, 1997).<\/p>\n\n\n\n<p>Atualmente, na \u00e1rea musealizada, podem ver-se as ru\u00ednas das casas identificadas durante as escava\u00e7\u00f5es arqueol\u00f3gicas, com silos escavados na rocha, arruamentos e canaliza\u00e7\u00f5es bem como um estreito passadi\u00e7o ou adarve entre a muralha e algumas das habita\u00e7\u00f5es. Apesar da fortifica\u00e7\u00e3o se encontrar muito destru\u00edda pode ainda ver-se um tro\u00e7o de muralha na \u00e1rea escavada e quatro torres, algumas camufladas por entre o casario atual de Salir.<\/p>\n\n\n\n<p>Com o prop\u00f3sito de valorizar as ru\u00ednas foi inaugurado em 2002 o P\u00f3lo Museol\u00f3gico de Salir onde se encontram expostos materiais recolhidos durante os trabalhos de escava\u00e7\u00e3o arqueol\u00f3gica.<\/p>\n","protected":false},"excerpt":{"rendered":"<p>A Comiss\u00e3o de Coordena\u00e7\u00e3o e Desenvolvimento Regional (CCDR) do Algarve, I.P. e o munic\u00edpio de Loul\u00e9 propuseram ao Patrim\u00f3nio Cultural,<\/p>\n","protected":false},"author":1,"featured_media":41357,"comment_status":"open","ping_status":"open","sticky":false,"template":"","format":"standard","meta":{"colormag_page_container_layout":"default_layout","colormag_page_sidebar_layout":"default_layout","_monsterinsights_skip_tracking":false,"_monsterinsights_sitenote_active":false,"_monsterinsights_sitenote_note":"","_monsterinsights_sitenote_category":0,"jetpack_post_was_ever_published":false,"_jetpack_newsletter_access":"","_jetpack_dont_email_post_to_subs":false,"_jetpack_newsletter_tier_id":0,"_jetpack_memberships_contains_paywalled_content":false,"_jetpack_memberships_contains_paid_content":false,"footnotes":"","jetpack_publicize_message":"","jetpack_publicize_feature_enabled":true,"jetpack_social_post_already_shared":false,"jetpack_social_options":{"image_generator_settings":{"template":"highway","default_image_id":0,"font":"","enabled":false},"version":2}},"categories":[14],"tags":[36,35,31,34],"class_list":["post-41356","post","type-post","status-publish","format-standard","has-post-thumbnail","hentry","category-cultura","tag-algarve","tag-cultura","tag-loule","tag-salir"],"yoast_head":"<!-- This site is optimized with the Yoast SEO plugin v27.4 - https:\/\/yoast.com\/product\/yoast-seo-wordpress\/ -->\n<title>CCDR Algarve e munic\u00edpio de Loul\u00e9 prop\u00f4s classifica\u00e7\u00e3o do Castelo de Salir (Loul\u00e9) como monumento de interesse p\u00fablico - Algarve 7<\/title>\n<meta name=\"description\" content=\"CCDR Algarve e munic\u00edpio de Loul\u00e9 prop\u00f4s classifica\u00e7\u00e3o do Castelo de Salir (Loul\u00e9) como monumento de interesse p\u00fablico Cultura\" \/>\n<meta name=\"robots\" content=\"index, follow, max-snippet:-1, max-image-preview:large, max-video-preview:-1\" \/>\n<link rel=\"canonical\" href=\"https:\/\/algarve7.pt\/index.php\/2024\/08\/ccdr-algarve-propos-classificacao-do-castelo-de-salir-loule-como-monumento-de-interesse-publico\/cultura\/09\/07\/\" \/>\n<meta property=\"og:locale\" content=\"pt_PT\" \/>\n<meta property=\"og:type\" content=\"article\" \/>\n<meta property=\"og:title\" content=\"CCDR Algarve e munic\u00edpio de Loul\u00e9 prop\u00f4s classifica\u00e7\u00e3o do Castelo de Salir (Loul\u00e9) como monumento de interesse p\u00fablico - Algarve 7\" \/>\n<meta property=\"og:description\" content=\"CCDR Algarve e munic\u00edpio de Loul\u00e9 prop\u00f4s classifica\u00e7\u00e3o do Castelo de Salir (Loul\u00e9) como monumento de interesse p\u00fablico Cultura\" \/>\n<meta property=\"og:url\" content=\"https:\/\/algarve7.pt\/index.php\/2024\/08\/ccdr-algarve-propos-classificacao-do-castelo-de-salir-loule-como-monumento-de-interesse-publico\/cultura\/09\/07\/\" \/>\n<meta property=\"og:site_name\" content=\"Algarve 7\" \/>\n<meta property=\"article:publisher\" content=\"https:\/\/www.facebook.com\/algarve7\" \/>\n<meta property=\"article:author\" content=\"https:\/\/www.facebook.com\/algarve7\" \/>\n<meta property=\"article:published_time\" content=\"2024-08-13T08:07:07+00:00\" \/>\n<meta property=\"article:modified_time\" content=\"2024-08-13T12:11:57+00:00\" \/>\n<meta property=\"og:image\" content=\"https:\/\/algarve7.pt\/wp-content\/uploads\/2024\/08\/Captura-de-ecra-2024-08-13-as-09.01.13.png\" \/>\n\t<meta property=\"og:image:width\" content=\"800\" \/>\n\t<meta property=\"og:image:height\" content=\"470\" \/>\n\t<meta property=\"og:image:type\" content=\"image\/png\" \/>\n<meta name=\"author\" content=\"Algarve 7\" \/>\n<meta name=\"twitter:card\" content=\"summary_large_image\" \/>\n<meta name=\"twitter:creator\" content=\"@Algarvesete\" \/>\n<meta name=\"twitter:site\" content=\"@Algarvesete\" \/>\n<meta name=\"twitter:label1\" content=\"Escrito por\" \/>\n\t<meta name=\"twitter:data1\" content=\"Algarve 7\" \/>\n\t<meta name=\"twitter:label2\" content=\"Tempo estimado de leitura\" \/>\n\t<meta name=\"twitter:data2\" content=\"4 minutos\" \/>\n<script type=\"application\/ld+json\" class=\"yoast-schema-graph\">{\"@context\":\"https:\\\/\\\/schema.org\",\"@graph\":[{\"@type\":\"Article\",\"@id\":\"https:\\\/\\\/algarve7.pt\\\/index.php\\\/2024\\\/08\\\/ccdr-algarve-propos-classificacao-do-castelo-de-salir-loule-como-monumento-de-interesse-publico\\\/cultura\\\/09\\\/07\\\/#article\",\"isPartOf\":{\"@id\":\"https:\\\/\\\/algarve7.pt\\\/index.php\\\/2024\\\/08\\\/ccdr-algarve-propos-classificacao-do-castelo-de-salir-loule-como-monumento-de-interesse-publico\\\/cultura\\\/09\\\/07\\\/\"},\"author\":{\"name\":\"Algarve 7\",\"@id\":\"https:\\\/\\\/algarve7.pt\\\/#\\\/schema\\\/person\\\/23fa70681308e7b319a3204bcea45e0c\"},\"headline\":\"CCDR Algarve e munic\u00edpio de Loul\u00e9 prop\u00f4s classifica\u00e7\u00e3o do Castelo de Salir (Loul\u00e9) como monumento de interesse p\u00fablico\",\"datePublished\":\"2024-08-13T08:07:07+00:00\",\"dateModified\":\"2024-08-13T12:11:57+00:00\",\"mainEntityOfPage\":{\"@id\":\"https:\\\/\\\/algarve7.pt\\\/index.php\\\/2024\\\/08\\\/ccdr-algarve-propos-classificacao-do-castelo-de-salir-loule-como-monumento-de-interesse-publico\\\/cultura\\\/09\\\/07\\\/\"},\"wordCount\":652,\"commentCount\":0,\"publisher\":{\"@id\":\"https:\\\/\\\/algarve7.pt\\\/#organization\"},\"image\":{\"@id\":\"https:\\\/\\\/algarve7.pt\\\/index.php\\\/2024\\\/08\\\/ccdr-algarve-propos-classificacao-do-castelo-de-salir-loule-como-monumento-de-interesse-publico\\\/cultura\\\/09\\\/07\\\/#primaryimage\"},\"thumbnailUrl\":\"https:\\\/\\\/algarve7.pt\\\/wp-content\\\/uploads\\\/2024\\\/08\\\/Captura-de-ecra-2024-08-13-as-09.01.13.png\",\"keywords\":[\"Algarve\",\"Cultura\",\"Loul\u00e9\",\"Salir\"],\"articleSection\":[\"Cultura\"],\"inLanguage\":\"pt-PT\",\"potentialAction\":[{\"@type\":\"CommentAction\",\"name\":\"Comment\",\"target\":[\"https:\\\/\\\/algarve7.pt\\\/index.php\\\/2024\\\/08\\\/ccdr-algarve-propos-classificacao-do-castelo-de-salir-loule-como-monumento-de-interesse-publico\\\/cultura\\\/09\\\/07\\\/#respond\"]}]},{\"@type\":\"WebPage\",\"@id\":\"https:\\\/\\\/algarve7.pt\\\/index.php\\\/2024\\\/08\\\/ccdr-algarve-propos-classificacao-do-castelo-de-salir-loule-como-monumento-de-interesse-publico\\\/cultura\\\/09\\\/07\\\/\",\"url\":\"https:\\\/\\\/algarve7.pt\\\/index.php\\\/2024\\\/08\\\/ccdr-algarve-propos-classificacao-do-castelo-de-salir-loule-como-monumento-de-interesse-publico\\\/cultura\\\/09\\\/07\\\/\",\"name\":\"CCDR Algarve e munic\u00edpio de Loul\u00e9 prop\u00f4s classifica\u00e7\u00e3o do Castelo de Salir (Loul\u00e9) como monumento de interesse p\u00fablico - Algarve 7\",\"isPartOf\":{\"@id\":\"https:\\\/\\\/algarve7.pt\\\/#website\"},\"primaryImageOfPage\":{\"@id\":\"https:\\\/\\\/algarve7.pt\\\/index.php\\\/2024\\\/08\\\/ccdr-algarve-propos-classificacao-do-castelo-de-salir-loule-como-monumento-de-interesse-publico\\\/cultura\\\/09\\\/07\\\/#primaryimage\"},\"image\":{\"@id\":\"https:\\\/\\\/algarve7.pt\\\/index.php\\\/2024\\\/08\\\/ccdr-algarve-propos-classificacao-do-castelo-de-salir-loule-como-monumento-de-interesse-publico\\\/cultura\\\/09\\\/07\\\/#primaryimage\"},\"thumbnailUrl\":\"https:\\\/\\\/algarve7.pt\\\/wp-content\\\/uploads\\\/2024\\\/08\\\/Captura-de-ecra-2024-08-13-as-09.01.13.png\",\"datePublished\":\"2024-08-13T08:07:07+00:00\",\"dateModified\":\"2024-08-13T12:11:57+00:00\",\"description\":\"CCDR Algarve e munic\u00edpio de Loul\u00e9 prop\u00f4s classifica\u00e7\u00e3o do Castelo de Salir (Loul\u00e9) como monumento de interesse p\u00fablico Cultura\",\"breadcrumb\":{\"@id\":\"https:\\\/\\\/algarve7.pt\\\/index.php\\\/2024\\\/08\\\/ccdr-algarve-propos-classificacao-do-castelo-de-salir-loule-como-monumento-de-interesse-publico\\\/cultura\\\/09\\\/07\\\/#breadcrumb\"},\"inLanguage\":\"pt-PT\",\"potentialAction\":[{\"@type\":\"ReadAction\",\"target\":[\"https:\\\/\\\/algarve7.pt\\\/index.php\\\/2024\\\/08\\\/ccdr-algarve-propos-classificacao-do-castelo-de-salir-loule-como-monumento-de-interesse-publico\\\/cultura\\\/09\\\/07\\\/\"]}]},{\"@type\":\"ImageObject\",\"inLanguage\":\"pt-PT\",\"@id\":\"https:\\\/\\\/algarve7.pt\\\/index.php\\\/2024\\\/08\\\/ccdr-algarve-propos-classificacao-do-castelo-de-salir-loule-como-monumento-de-interesse-publico\\\/cultura\\\/09\\\/07\\\/#primaryimage\",\"url\":\"https:\\\/\\\/algarve7.pt\\\/wp-content\\\/uploads\\\/2024\\\/08\\\/Captura-de-ecra-2024-08-13-as-09.01.13.png\",\"contentUrl\":\"https:\\\/\\\/algarve7.pt\\\/wp-content\\\/uploads\\\/2024\\\/08\\\/Captura-de-ecra-2024-08-13-as-09.01.13.png\",\"width\":800,\"height\":470},{\"@type\":\"BreadcrumbList\",\"@id\":\"https:\\\/\\\/algarve7.pt\\\/index.php\\\/2024\\\/08\\\/ccdr-algarve-propos-classificacao-do-castelo-de-salir-loule-como-monumento-de-interesse-publico\\\/cultura\\\/09\\\/07\\\/#breadcrumb\",\"itemListElement\":[{\"@type\":\"ListItem\",\"position\":1,\"name\":\"In\u00edcio\",\"item\":\"https:\\\/\\\/algarve7.pt\\\/\"},{\"@type\":\"ListItem\",\"position\":2,\"name\":\"CCDR Algarve e munic\u00edpio de Loul\u00e9 prop\u00f4s classifica\u00e7\u00e3o do Castelo de Salir (Loul\u00e9) como monumento de interesse p\u00fablico\"}]},{\"@type\":\"WebSite\",\"@id\":\"https:\\\/\\\/algarve7.pt\\\/#website\",\"url\":\"https:\\\/\\\/algarve7.pt\\\/\",\"name\":\"Algarve 7\",\"description\":\"Informa\u00e7\u00e3o sobre o Algarve\",\"publisher\":{\"@id\":\"https:\\\/\\\/algarve7.pt\\\/#organization\"},\"potentialAction\":[{\"@type\":\"SearchAction\",\"target\":{\"@type\":\"EntryPoint\",\"urlTemplate\":\"https:\\\/\\\/algarve7.pt\\\/?s={search_term_string}\"},\"query-input\":{\"@type\":\"PropertyValueSpecification\",\"valueRequired\":true,\"valueName\":\"search_term_string\"}}],\"inLanguage\":\"pt-PT\"},{\"@type\":\"Organization\",\"@id\":\"https:\\\/\\\/algarve7.pt\\\/#organization\",\"name\":\"Algarve 7\",\"url\":\"https:\\\/\\\/algarve7.pt\\\/\",\"logo\":{\"@type\":\"ImageObject\",\"inLanguage\":\"pt-PT\",\"@id\":\"https:\\\/\\\/algarve7.pt\\\/#\\\/schema\\\/logo\\\/image\\\/\",\"url\":\"https:\\\/\\\/algarve7.pt\\\/wp-content\\\/uploads\\\/2020\\\/10\\\/Logo-8.jpg\",\"contentUrl\":\"https:\\\/\\\/algarve7.pt\\\/wp-content\\\/uploads\\\/2020\\\/10\\\/Logo-8.jpg\",\"width\":1680,\"height\":1186,\"caption\":\"Algarve 7\"},\"image\":{\"@id\":\"https:\\\/\\\/algarve7.pt\\\/#\\\/schema\\\/logo\\\/image\\\/\"},\"sameAs\":[\"https:\\\/\\\/www.facebook.com\\\/algarve7\",\"https:\\\/\\\/x.com\\\/Algarvesete\",\"https:\\\/\\\/www.instagram.com\\\/jornalalgarve7\\\/\",\"https:\\\/\\\/www.linkedin.com\\\/company\\\/algarve7\",\"https:\\\/\\\/www.pinterest.pt\\\/geral0939\\\/_created\\\/\"]},{\"@type\":\"Person\",\"@id\":\"https:\\\/\\\/algarve7.pt\\\/#\\\/schema\\\/person\\\/23fa70681308e7b319a3204bcea45e0c\",\"name\":\"Algarve 7\",\"sameAs\":[\"https:\\\/\\\/algarve7.pt\",\"https:\\\/\\\/www.facebook.com\\\/algarve7\"],\"url\":\"https:\\\/\\\/algarve7.pt\\\/index.php\\\/author\\\/geralalgarve7-pt\\\/\"}]}<\/script>\n<!-- \/ Yoast SEO plugin. -->","yoast_head_json":{"title":"CCDR Algarve e munic\u00edpio de Loul\u00e9 prop\u00f4s classifica\u00e7\u00e3o do Castelo de Salir (Loul\u00e9) como monumento de interesse p\u00fablico - Algarve 7","description":"CCDR Algarve e munic\u00edpio de Loul\u00e9 prop\u00f4s classifica\u00e7\u00e3o do Castelo de Salir (Loul\u00e9) como monumento de interesse p\u00fablico Cultura","robots":{"index":"index","follow":"follow","max-snippet":"max-snippet:-1","max-image-preview":"max-image-preview:large","max-video-preview":"max-video-preview:-1"},"canonical":"https:\/\/algarve7.pt\/index.php\/2024\/08\/ccdr-algarve-propos-classificacao-do-castelo-de-salir-loule-como-monumento-de-interesse-publico\/cultura\/09\/07\/","og_locale":"pt_PT","og_type":"article","og_title":"CCDR Algarve e munic\u00edpio de Loul\u00e9 prop\u00f4s classifica\u00e7\u00e3o do Castelo de Salir (Loul\u00e9) como monumento de interesse p\u00fablico - Algarve 7","og_description":"CCDR Algarve e munic\u00edpio de Loul\u00e9 prop\u00f4s classifica\u00e7\u00e3o do Castelo de Salir (Loul\u00e9) como monumento de interesse p\u00fablico Cultura","og_url":"https:\/\/algarve7.pt\/index.php\/2024\/08\/ccdr-algarve-propos-classificacao-do-castelo-de-salir-loule-como-monumento-de-interesse-publico\/cultura\/09\/07\/","og_site_name":"Algarve 7","article_publisher":"https:\/\/www.facebook.com\/algarve7","article_author":"https:\/\/www.facebook.com\/algarve7","article_published_time":"2024-08-13T08:07:07+00:00","article_modified_time":"2024-08-13T12:11:57+00:00","og_image":[{"width":800,"height":470,"url":"https:\/\/algarve7.pt\/wp-content\/uploads\/2024\/08\/Captura-de-ecra-2024-08-13-as-09.01.13.png","type":"image\/png"}],"author":"Algarve 7","twitter_card":"summary_large_image","twitter_creator":"@Algarvesete","twitter_site":"@Algarvesete","twitter_misc":{"Escrito por":"Algarve 7","Tempo estimado de leitura":"4 minutos"},"schema":{"@context":"https:\/\/schema.org","@graph":[{"@type":"Article","@id":"https:\/\/algarve7.pt\/index.php\/2024\/08\/ccdr-algarve-propos-classificacao-do-castelo-de-salir-loule-como-monumento-de-interesse-publico\/cultura\/09\/07\/#article","isPartOf":{"@id":"https:\/\/algarve7.pt\/index.php\/2024\/08\/ccdr-algarve-propos-classificacao-do-castelo-de-salir-loule-como-monumento-de-interesse-publico\/cultura\/09\/07\/"},"author":{"name":"Algarve 7","@id":"https:\/\/algarve7.pt\/#\/schema\/person\/23fa70681308e7b319a3204bcea45e0c"},"headline":"CCDR Algarve e munic\u00edpio de Loul\u00e9 prop\u00f4s classifica\u00e7\u00e3o do Castelo de Salir (Loul\u00e9) como monumento de interesse p\u00fablico","datePublished":"2024-08-13T08:07:07+00:00","dateModified":"2024-08-13T12:11:57+00:00","mainEntityOfPage":{"@id":"https:\/\/algarve7.pt\/index.php\/2024\/08\/ccdr-algarve-propos-classificacao-do-castelo-de-salir-loule-como-monumento-de-interesse-publico\/cultura\/09\/07\/"},"wordCount":652,"commentCount":0,"publisher":{"@id":"https:\/\/algarve7.pt\/#organization"},"image":{"@id":"https:\/\/algarve7.pt\/index.php\/2024\/08\/ccdr-algarve-propos-classificacao-do-castelo-de-salir-loule-como-monumento-de-interesse-publico\/cultura\/09\/07\/#primaryimage"},"thumbnailUrl":"https:\/\/algarve7.pt\/wp-content\/uploads\/2024\/08\/Captura-de-ecra-2024-08-13-as-09.01.13.png","keywords":["Algarve","Cultura","Loul\u00e9","Salir"],"articleSection":["Cultura"],"inLanguage":"pt-PT","potentialAction":[{"@type":"CommentAction","name":"Comment","target":["https:\/\/algarve7.pt\/index.php\/2024\/08\/ccdr-algarve-propos-classificacao-do-castelo-de-salir-loule-como-monumento-de-interesse-publico\/cultura\/09\/07\/#respond"]}]},{"@type":"WebPage","@id":"https:\/\/algarve7.pt\/index.php\/2024\/08\/ccdr-algarve-propos-classificacao-do-castelo-de-salir-loule-como-monumento-de-interesse-publico\/cultura\/09\/07\/","url":"https:\/\/algarve7.pt\/index.php\/2024\/08\/ccdr-algarve-propos-classificacao-do-castelo-de-salir-loule-como-monumento-de-interesse-publico\/cultura\/09\/07\/","name":"CCDR Algarve e munic\u00edpio de Loul\u00e9 prop\u00f4s classifica\u00e7\u00e3o do Castelo de Salir (Loul\u00e9) como monumento de interesse p\u00fablico - Algarve 7","isPartOf":{"@id":"https:\/\/algarve7.pt\/#website"},"primaryImageOfPage":{"@id":"https:\/\/algarve7.pt\/index.php\/2024\/08\/ccdr-algarve-propos-classificacao-do-castelo-de-salir-loule-como-monumento-de-interesse-publico\/cultura\/09\/07\/#primaryimage"},"image":{"@id":"https:\/\/algarve7.pt\/index.php\/2024\/08\/ccdr-algarve-propos-classificacao-do-castelo-de-salir-loule-como-monumento-de-interesse-publico\/cultura\/09\/07\/#primaryimage"},"thumbnailUrl":"https:\/\/algarve7.pt\/wp-content\/uploads\/2024\/08\/Captura-de-ecra-2024-08-13-as-09.01.13.png","datePublished":"2024-08-13T08:07:07+00:00","dateModified":"2024-08-13T12:11:57+00:00","description":"CCDR Algarve e munic\u00edpio de Loul\u00e9 prop\u00f4s classifica\u00e7\u00e3o do Castelo de Salir (Loul\u00e9) como monumento de interesse p\u00fablico Cultura","breadcrumb":{"@id":"https:\/\/algarve7.pt\/index.php\/2024\/08\/ccdr-algarve-propos-classificacao-do-castelo-de-salir-loule-como-monumento-de-interesse-publico\/cultura\/09\/07\/#breadcrumb"},"inLanguage":"pt-PT","potentialAction":[{"@type":"ReadAction","target":["https:\/\/algarve7.pt\/index.php\/2024\/08\/ccdr-algarve-propos-classificacao-do-castelo-de-salir-loule-como-monumento-de-interesse-publico\/cultura\/09\/07\/"]}]},{"@type":"ImageObject","inLanguage":"pt-PT","@id":"https:\/\/algarve7.pt\/index.php\/2024\/08\/ccdr-algarve-propos-classificacao-do-castelo-de-salir-loule-como-monumento-de-interesse-publico\/cultura\/09\/07\/#primaryimage","url":"https:\/\/algarve7.pt\/wp-content\/uploads\/2024\/08\/Captura-de-ecra-2024-08-13-as-09.01.13.png","contentUrl":"https:\/\/algarve7.pt\/wp-content\/uploads\/2024\/08\/Captura-de-ecra-2024-08-13-as-09.01.13.png","width":800,"height":470},{"@type":"BreadcrumbList","@id":"https:\/\/algarve7.pt\/index.php\/2024\/08\/ccdr-algarve-propos-classificacao-do-castelo-de-salir-loule-como-monumento-de-interesse-publico\/cultura\/09\/07\/#breadcrumb","itemListElement":[{"@type":"ListItem","position":1,"name":"In\u00edcio","item":"https:\/\/algarve7.pt\/"},{"@type":"ListItem","position":2,"name":"CCDR Algarve e munic\u00edpio de Loul\u00e9 prop\u00f4s classifica\u00e7\u00e3o do Castelo de Salir (Loul\u00e9) como monumento de interesse p\u00fablico"}]},{"@type":"WebSite","@id":"https:\/\/algarve7.pt\/#website","url":"https:\/\/algarve7.pt\/","name":"Algarve 7","description":"Informa\u00e7\u00e3o sobre o Algarve","publisher":{"@id":"https:\/\/algarve7.pt\/#organization"},"potentialAction":[{"@type":"SearchAction","target":{"@type":"EntryPoint","urlTemplate":"https:\/\/algarve7.pt\/?s={search_term_string}"},"query-input":{"@type":"PropertyValueSpecification","valueRequired":true,"valueName":"search_term_string"}}],"inLanguage":"pt-PT"},{"@type":"Organization","@id":"https:\/\/algarve7.pt\/#organization","name":"Algarve 7","url":"https:\/\/algarve7.pt\/","logo":{"@type":"ImageObject","inLanguage":"pt-PT","@id":"https:\/\/algarve7.pt\/#\/schema\/logo\/image\/","url":"https:\/\/algarve7.pt\/wp-content\/uploads\/2020\/10\/Logo-8.jpg","contentUrl":"https:\/\/algarve7.pt\/wp-content\/uploads\/2020\/10\/Logo-8.jpg","width":1680,"height":1186,"caption":"Algarve 7"},"image":{"@id":"https:\/\/algarve7.pt\/#\/schema\/logo\/image\/"},"sameAs":["https:\/\/www.facebook.com\/algarve7","https:\/\/x.com\/Algarvesete","https:\/\/www.instagram.com\/jornalalgarve7\/","https:\/\/www.linkedin.com\/company\/algarve7","https:\/\/www.pinterest.pt\/geral0939\/_created\/"]},{"@type":"Person","@id":"https:\/\/algarve7.pt\/#\/schema\/person\/23fa70681308e7b319a3204bcea45e0c","name":"Algarve 7","sameAs":["https:\/\/algarve7.pt","https:\/\/www.facebook.com\/algarve7"],"url":"https:\/\/algarve7.pt\/index.php\/author\/geralalgarve7-pt\/"}]}},"jetpack_publicize_connections":[],"jetpack_featured_media_url":"https:\/\/algarve7.pt\/wp-content\/uploads\/2024\/08\/Captura-de-ecra-2024-08-13-as-09.01.13.png","jetpack_shortlink":"https:\/\/wp.me\/pcezmW-aL2","jetpack_sharing_enabled":true,"_links":{"self":[{"href":"https:\/\/algarve7.pt\/index.php\/wp-json\/wp\/v2\/posts\/41356","targetHints":{"allow":["GET"]}}],"collection":[{"href":"https:\/\/algarve7.pt\/index.php\/wp-json\/wp\/v2\/posts"}],"about":[{"href":"https:\/\/algarve7.pt\/index.php\/wp-json\/wp\/v2\/types\/post"}],"author":[{"embeddable":true,"href":"https:\/\/algarve7.pt\/index.php\/wp-json\/wp\/v2\/users\/1"}],"replies":[{"embeddable":true,"href":"https:\/\/algarve7.pt\/index.php\/wp-json\/wp\/v2\/comments?post=41356"}],"version-history":[{"count":0,"href":"https:\/\/algarve7.pt\/index.php\/wp-json\/wp\/v2\/posts\/41356\/revisions"}],"wp:featuredmedia":[{"embeddable":true,"href":"https:\/\/algarve7.pt\/index.php\/wp-json\/wp\/v2\/media\/41357"}],"wp:attachment":[{"href":"https:\/\/algarve7.pt\/index.php\/wp-json\/wp\/v2\/media?parent=41356"}],"wp:term":[{"taxonomy":"category","embeddable":true,"href":"https:\/\/algarve7.pt\/index.php\/wp-json\/wp\/v2\/categories?post=41356"},{"taxonomy":"post_tag","embeddable":true,"href":"https:\/\/algarve7.pt\/index.php\/wp-json\/wp\/v2\/tags?post=41356"}],"curies":[{"name":"wp","href":"https:\/\/api.w.org\/{rel}","templated":true}]}}