{"id":41335,"date":"2024-08-12T09:57:20","date_gmt":"2024-08-12T08:57:20","guid":{"rendered":"https:\/\/algarve7.pt\/?p=41335"},"modified":"2024-08-12T09:57:22","modified_gmt":"2024-08-12T08:57:22","slug":"petiscos-docaria-e-concerto-de-toy-sao-atracoes-da-feira-da-terra-e-do-petisco-em-ferreiras","status":"publish","type":"post","link":"https:\/\/algarve7.pt\/index.php\/2024\/08\/petiscos-docaria-e-concerto-de-toy-sao-atracoes-da-feira-da-terra-e-do-petisco-em-ferreiras\/cultura\/09\/57\/","title":{"rendered":"Petiscos, do\u00e7aria e concerto de Toy s\u00e3o atra\u00e7\u00f5es da Feira da Terra e do Petisco, em Ferreiras"},"content":{"rendered":"\n<p>No fim de semana de 31 de agosto e 1 de setembro, a anima\u00e7\u00e3o regressa a Ferreiras com mais uma edi\u00e7\u00e3o da Feira da Terra e do Petisco.<\/p>\n\n\n\n<p>O evento realiza-se no Largo da Nora, a partir das 19h00, juntando gastronomia tradicional, do\u00e7aria da regi\u00e3o e artesanato popular, al\u00e9m de v\u00e1rios concertos musicais.&nbsp;<\/p>\n\n\n\n<p>O destaque da primeira noite vai para a atua\u00e7\u00e3o dos GM \u2013 Tributo aos Xutos e Pontap\u00e9s, que trazem na bagagem os grandes \u00eaxitos da lend\u00e1ria banda portuguesa. Cristiano Martins \u00e9 o artista convidado para abrir e encerrar a noite.<\/p>\n\n\n\n<p>Na segunda noite, a presen\u00e7a de Toy, \u00e9 um dos grandes atrativos. O cantor promete juntar&nbsp; todo o p\u00fablico a cantar \u00eaxitos como \u201cChama o Ant\u00f3nio\u201d, &#8220;\u00c9s T\u00e3o Sensual&#8221;, \u201cEstupidamente Apaixonado\u201d, &#8220;Aguenta-te Com Esta&#8221; e, claro, \u201cToda a Noite\u201d. Al\u00e9m de Toy, a noite conta ainda com as atua\u00e7\u00f5es de Nuno Balbino e do Rancho Folcl\u00f3rico de Albufeira.<\/p>\n\n\n\n<p>Este \u00e9 o programa musical da Feira da Terra e do Petisco:<\/p>\n\n\n\n<p><strong>31 de agosto<\/strong><\/p>\n\n\n\n<p>19h00 \u2013 Cristiano Martins<\/p>\n\n\n\n<p>22h30 \u2013 GM \u2013 Tributo aos Xutos e Pontap\u00e9s<\/p>\n\n\n\n<p>23h30 \u2013 Cristiano Martins<\/p>\n\n\n\n<p><strong>1 de setembro<\/strong><\/p>\n\n\n\n<p>19h00 \u2013 Nuno Balbino<\/p>\n\n\n\n<p>21h30 \u2013 Rancho Folcl\u00f3rico de Albufeira<\/p>\n\n\n\n<p>22h30 \u2013 Toy<\/p>\n\n\n\n<p>Para Jorge Carmo, Presidente da Junta de Freguesia de Ferreiras \u201cestes eventos s\u00e3o importantes porque Ferreiras \u00e9 uma freguesia que tem uma grande centralidade, onde h\u00e1 novos residentes e visitantes, e onde \u00e9 fundamental trazermos as tradi\u00e7\u00f5es para a rua e&nbsp; juntarmos as pessoas, refor\u00e7ando o sentimento de comunidade\u201d. O autarca deixa o convite a \u201ctodos aqueles que est\u00e3o de f\u00e9rias na zona, que venham conhecer Ferreiras, aproveitando estas duas noites de conv\u00edvio e anima\u00e7\u00e3o que ser\u00e3o, certamente, bem passadas.\u201d<\/p>\n\n\n\n<p>Fica proposta para se despedir do m\u00eas de agosto e entrar em setembro da melhor forma, juntando fam\u00edlia e amigos, e reavivando as tradi\u00e7\u00f5es locais com a Feira da Terra e do Petisco.<\/p>\n\n\n\n<p>A entrada \u00e9 livre.<\/p>\n","protected":false},"excerpt":{"rendered":"<p>No fim de semana de 31 de agosto e 1 de setembro, a anima\u00e7\u00e3o regressa a Ferreiras com mais uma<\/p>\n","protected":false},"author":1,"featured_media":41336,"comment_status":"open","ping_status":"open","sticky":false,"template":"","format":"standard","meta":{"colormag_page_container_layout":"default_layout","colormag_page_sidebar_layout":"default_layout","_monsterinsights_skip_tracking":false,"_monsterinsights_sitenote_active":false,"_monsterinsights_sitenote_note":"","_monsterinsights_sitenote_category":0,"jetpack_post_was_ever_published":false,"_jetpack_newsletter_access":"","_jetpack_dont_email_post_to_subs":false,"_jetpack_newsletter_tier_id":0,"_jetpack_memberships_contains_paywalled_content":false,"_jetpack_memberships_contains_paid_content":false,"footnotes":"","jetpack_publicize_message":"","jetpack_publicize_feature_enabled":true,"jetpack_social_post_already_shared":false,"jetpack_social_options":{"image_generator_settings":{"template":"highway","default_image_id":0,"font":"","enabled":false},"version":2}},"categories":[14],"tags":[155,36,35,1022],"class_list":["post-41335","post","type-post","status-publish","format-standard","has-post-thumbnail","hentry","category-cultura","tag-albufeira","tag-algarve","tag-cultura","tag-ferreiras"],"yoast_head":"<!-- This site is optimized with the Yoast SEO plugin v27.5 - https:\/\/yoast.com\/product\/yoast-seo-wordpress\/ -->\n<title>Petiscos, do\u00e7aria e concerto de Toy s\u00e3o atra\u00e7\u00f5es da Feira da Terra e do Petisco, em Ferreiras - Algarve 7<\/title>\n<meta name=\"description\" content=\"Petiscos, do\u00e7aria e concerto de Toy s\u00e3o atra\u00e7\u00f5es da Feira da Terra e do Petisco, em Ferreiras Cultura\" \/>\n<meta name=\"robots\" content=\"index, follow, max-snippet:-1, max-image-preview:large, max-video-preview:-1\" \/>\n<link rel=\"canonical\" href=\"https:\/\/algarve7.pt\/index.php\/2024\/08\/petiscos-docaria-e-concerto-de-toy-sao-atracoes-da-feira-da-terra-e-do-petisco-em-ferreiras\/cultura\/09\/57\/\" \/>\n<meta property=\"og:locale\" content=\"pt_PT\" \/>\n<meta property=\"og:type\" content=\"article\" \/>\n<meta property=\"og:title\" content=\"Petiscos, do\u00e7aria e concerto de Toy s\u00e3o atra\u00e7\u00f5es da Feira da Terra e do Petisco, em Ferreiras - Algarve 7\" \/>\n<meta property=\"og:description\" content=\"Petiscos, do\u00e7aria e concerto de Toy s\u00e3o atra\u00e7\u00f5es da Feira da Terra e do Petisco, em Ferreiras Cultura\" \/>\n<meta property=\"og:url\" content=\"https:\/\/algarve7.pt\/index.php\/2024\/08\/petiscos-docaria-e-concerto-de-toy-sao-atracoes-da-feira-da-terra-e-do-petisco-em-ferreiras\/cultura\/09\/57\/\" \/>\n<meta property=\"og:site_name\" content=\"Algarve 7\" \/>\n<meta property=\"article:publisher\" content=\"https:\/\/www.facebook.com\/algarve7\" \/>\n<meta property=\"article:author\" content=\"https:\/\/www.facebook.com\/algarve7\" \/>\n<meta property=\"article:published_time\" content=\"2024-08-12T08:57:20+00:00\" \/>\n<meta property=\"article:modified_time\" content=\"2024-08-12T08:57:22+00:00\" \/>\n<meta property=\"og:image\" content=\"https:\/\/algarve7.pt\/wp-content\/uploads\/2024\/08\/Capa-Eventos-Feira-Petisco.jpeg\" \/>\n\t<meta property=\"og:image:width\" content=\"800\" \/>\n\t<meta property=\"og:image:height\" content=\"470\" \/>\n\t<meta property=\"og:image:type\" content=\"image\/jpeg\" \/>\n<meta name=\"author\" content=\"Algarve 7\" \/>\n<meta name=\"twitter:card\" content=\"summary_large_image\" \/>\n<meta name=\"twitter:creator\" content=\"@Algarvesete\" \/>\n<meta name=\"twitter:site\" content=\"@Algarvesete\" \/>\n<meta name=\"twitter:label1\" content=\"Escrito por\" \/>\n\t<meta name=\"twitter:data1\" content=\"Algarve 7\" \/>\n\t<meta name=\"twitter:label2\" content=\"Tempo estimado de leitura\" \/>\n\t<meta name=\"twitter:data2\" content=\"2 minutos\" \/>\n<script type=\"application\/ld+json\" class=\"yoast-schema-graph\">{\"@context\":\"https:\\\/\\\/schema.org\",\"@graph\":[{\"@type\":\"Article\",\"@id\":\"https:\\\/\\\/algarve7.pt\\\/index.php\\\/2024\\\/08\\\/petiscos-docaria-e-concerto-de-toy-sao-atracoes-da-feira-da-terra-e-do-petisco-em-ferreiras\\\/cultura\\\/09\\\/57\\\/#article\",\"isPartOf\":{\"@id\":\"https:\\\/\\\/algarve7.pt\\\/index.php\\\/2024\\\/08\\\/petiscos-docaria-e-concerto-de-toy-sao-atracoes-da-feira-da-terra-e-do-petisco-em-ferreiras\\\/cultura\\\/09\\\/57\\\/\"},\"author\":{\"name\":\"Algarve 7\",\"@id\":\"https:\\\/\\\/algarve7.pt\\\/#\\\/schema\\\/person\\\/23fa70681308e7b319a3204bcea45e0c\"},\"headline\":\"Petiscos, do\u00e7aria e concerto de Toy s\u00e3o atra\u00e7\u00f5es da Feira da Terra e do Petisco, em Ferreiras\",\"datePublished\":\"2024-08-12T08:57:20+00:00\",\"dateModified\":\"2024-08-12T08:57:22+00:00\",\"mainEntityOfPage\":{\"@id\":\"https:\\\/\\\/algarve7.pt\\\/index.php\\\/2024\\\/08\\\/petiscos-docaria-e-concerto-de-toy-sao-atracoes-da-feira-da-terra-e-do-petisco-em-ferreiras\\\/cultura\\\/09\\\/57\\\/\"},\"wordCount\":350,\"commentCount\":0,\"publisher\":{\"@id\":\"https:\\\/\\\/algarve7.pt\\\/#organization\"},\"image\":{\"@id\":\"https:\\\/\\\/algarve7.pt\\\/index.php\\\/2024\\\/08\\\/petiscos-docaria-e-concerto-de-toy-sao-atracoes-da-feira-da-terra-e-do-petisco-em-ferreiras\\\/cultura\\\/09\\\/57\\\/#primaryimage\"},\"thumbnailUrl\":\"https:\\\/\\\/algarve7.pt\\\/wp-content\\\/uploads\\\/2024\\\/08\\\/Capa-Eventos-Feira-Petisco.jpeg\",\"keywords\":[\"Albufeira\",\"Algarve\",\"Cultura\",\"Ferreiras\"],\"articleSection\":[\"Cultura\"],\"inLanguage\":\"pt-PT\",\"potentialAction\":[{\"@type\":\"CommentAction\",\"name\":\"Comment\",\"target\":[\"https:\\\/\\\/algarve7.pt\\\/index.php\\\/2024\\\/08\\\/petiscos-docaria-e-concerto-de-toy-sao-atracoes-da-feira-da-terra-e-do-petisco-em-ferreiras\\\/cultura\\\/09\\\/57\\\/#respond\"]}]},{\"@type\":\"WebPage\",\"@id\":\"https:\\\/\\\/algarve7.pt\\\/index.php\\\/2024\\\/08\\\/petiscos-docaria-e-concerto-de-toy-sao-atracoes-da-feira-da-terra-e-do-petisco-em-ferreiras\\\/cultura\\\/09\\\/57\\\/\",\"url\":\"https:\\\/\\\/algarve7.pt\\\/index.php\\\/2024\\\/08\\\/petiscos-docaria-e-concerto-de-toy-sao-atracoes-da-feira-da-terra-e-do-petisco-em-ferreiras\\\/cultura\\\/09\\\/57\\\/\",\"name\":\"Petiscos, do\u00e7aria e concerto de Toy s\u00e3o atra\u00e7\u00f5es da Feira da Terra e do Petisco, em Ferreiras - Algarve 7\",\"isPartOf\":{\"@id\":\"https:\\\/\\\/algarve7.pt\\\/#website\"},\"primaryImageOfPage\":{\"@id\":\"https:\\\/\\\/algarve7.pt\\\/index.php\\\/2024\\\/08\\\/petiscos-docaria-e-concerto-de-toy-sao-atracoes-da-feira-da-terra-e-do-petisco-em-ferreiras\\\/cultura\\\/09\\\/57\\\/#primaryimage\"},\"image\":{\"@id\":\"https:\\\/\\\/algarve7.pt\\\/index.php\\\/2024\\\/08\\\/petiscos-docaria-e-concerto-de-toy-sao-atracoes-da-feira-da-terra-e-do-petisco-em-ferreiras\\\/cultura\\\/09\\\/57\\\/#primaryimage\"},\"thumbnailUrl\":\"https:\\\/\\\/algarve7.pt\\\/wp-content\\\/uploads\\\/2024\\\/08\\\/Capa-Eventos-Feira-Petisco.jpeg\",\"datePublished\":\"2024-08-12T08:57:20+00:00\",\"dateModified\":\"2024-08-12T08:57:22+00:00\",\"description\":\"Petiscos, do\u00e7aria e concerto de Toy s\u00e3o atra\u00e7\u00f5es da Feira da Terra e do Petisco, em Ferreiras Cultura\",\"breadcrumb\":{\"@id\":\"https:\\\/\\\/algarve7.pt\\\/index.php\\\/2024\\\/08\\\/petiscos-docaria-e-concerto-de-toy-sao-atracoes-da-feira-da-terra-e-do-petisco-em-ferreiras\\\/cultura\\\/09\\\/57\\\/#breadcrumb\"},\"inLanguage\":\"pt-PT\",\"potentialAction\":[{\"@type\":\"ReadAction\",\"target\":[\"https:\\\/\\\/algarve7.pt\\\/index.php\\\/2024\\\/08\\\/petiscos-docaria-e-concerto-de-toy-sao-atracoes-da-feira-da-terra-e-do-petisco-em-ferreiras\\\/cultura\\\/09\\\/57\\\/\"]}]},{\"@type\":\"ImageObject\",\"inLanguage\":\"pt-PT\",\"@id\":\"https:\\\/\\\/algarve7.pt\\\/index.php\\\/2024\\\/08\\\/petiscos-docaria-e-concerto-de-toy-sao-atracoes-da-feira-da-terra-e-do-petisco-em-ferreiras\\\/cultura\\\/09\\\/57\\\/#primaryimage\",\"url\":\"https:\\\/\\\/algarve7.pt\\\/wp-content\\\/uploads\\\/2024\\\/08\\\/Capa-Eventos-Feira-Petisco.jpeg\",\"contentUrl\":\"https:\\\/\\\/algarve7.pt\\\/wp-content\\\/uploads\\\/2024\\\/08\\\/Capa-Eventos-Feira-Petisco.jpeg\",\"width\":800,\"height\":470},{\"@type\":\"BreadcrumbList\",\"@id\":\"https:\\\/\\\/algarve7.pt\\\/index.php\\\/2024\\\/08\\\/petiscos-docaria-e-concerto-de-toy-sao-atracoes-da-feira-da-terra-e-do-petisco-em-ferreiras\\\/cultura\\\/09\\\/57\\\/#breadcrumb\",\"itemListElement\":[{\"@type\":\"ListItem\",\"position\":1,\"name\":\"In\u00edcio\",\"item\":\"https:\\\/\\\/algarve7.pt\\\/\"},{\"@type\":\"ListItem\",\"position\":2,\"name\":\"Petiscos, do\u00e7aria e concerto de Toy s\u00e3o atra\u00e7\u00f5es da Feira da Terra e do Petisco, em Ferreiras\"}]},{\"@type\":\"WebSite\",\"@id\":\"https:\\\/\\\/algarve7.pt\\\/#website\",\"url\":\"https:\\\/\\\/algarve7.pt\\\/\",\"name\":\"Algarve 7\",\"description\":\"Informa\u00e7\u00e3o sobre o Algarve\",\"publisher\":{\"@id\":\"https:\\\/\\\/algarve7.pt\\\/#organization\"},\"potentialAction\":[{\"@type\":\"SearchAction\",\"target\":{\"@type\":\"EntryPoint\",\"urlTemplate\":\"https:\\\/\\\/algarve7.pt\\\/?s={search_term_string}\"},\"query-input\":{\"@type\":\"PropertyValueSpecification\",\"valueRequired\":true,\"valueName\":\"search_term_string\"}}],\"inLanguage\":\"pt-PT\"},{\"@type\":\"Organization\",\"@id\":\"https:\\\/\\\/algarve7.pt\\\/#organization\",\"name\":\"Algarve 7\",\"url\":\"https:\\\/\\\/algarve7.pt\\\/\",\"logo\":{\"@type\":\"ImageObject\",\"inLanguage\":\"pt-PT\",\"@id\":\"https:\\\/\\\/algarve7.pt\\\/#\\\/schema\\\/logo\\\/image\\\/\",\"url\":\"https:\\\/\\\/algarve7.pt\\\/wp-content\\\/uploads\\\/2020\\\/10\\\/Logo-8.jpg\",\"contentUrl\":\"https:\\\/\\\/algarve7.pt\\\/wp-content\\\/uploads\\\/2020\\\/10\\\/Logo-8.jpg\",\"width\":1680,\"height\":1186,\"caption\":\"Algarve 7\"},\"image\":{\"@id\":\"https:\\\/\\\/algarve7.pt\\\/#\\\/schema\\\/logo\\\/image\\\/\"},\"sameAs\":[\"https:\\\/\\\/www.facebook.com\\\/algarve7\",\"https:\\\/\\\/x.com\\\/Algarvesete\",\"https:\\\/\\\/www.instagram.com\\\/jornalalgarve7\\\/\",\"https:\\\/\\\/www.linkedin.com\\\/company\\\/algarve7\",\"https:\\\/\\\/www.pinterest.pt\\\/geral0939\\\/_created\\\/\"]},{\"@type\":\"Person\",\"@id\":\"https:\\\/\\\/algarve7.pt\\\/#\\\/schema\\\/person\\\/23fa70681308e7b319a3204bcea45e0c\",\"name\":\"Algarve 7\",\"sameAs\":[\"https:\\\/\\\/algarve7.pt\",\"https:\\\/\\\/www.facebook.com\\\/algarve7\"],\"url\":\"https:\\\/\\\/algarve7.pt\\\/index.php\\\/author\\\/geralalgarve7-pt\\\/\"}]}<\/script>\n<!-- \/ Yoast SEO plugin. -->","yoast_head_json":{"title":"Petiscos, do\u00e7aria e concerto de Toy s\u00e3o atra\u00e7\u00f5es da Feira da Terra e do Petisco, em Ferreiras - Algarve 7","description":"Petiscos, do\u00e7aria e concerto de Toy s\u00e3o atra\u00e7\u00f5es da Feira da Terra e do Petisco, em Ferreiras Cultura","robots":{"index":"index","follow":"follow","max-snippet":"max-snippet:-1","max-image-preview":"max-image-preview:large","max-video-preview":"max-video-preview:-1"},"canonical":"https:\/\/algarve7.pt\/index.php\/2024\/08\/petiscos-docaria-e-concerto-de-toy-sao-atracoes-da-feira-da-terra-e-do-petisco-em-ferreiras\/cultura\/09\/57\/","og_locale":"pt_PT","og_type":"article","og_title":"Petiscos, do\u00e7aria e concerto de Toy s\u00e3o atra\u00e7\u00f5es da Feira da Terra e do Petisco, em Ferreiras - Algarve 7","og_description":"Petiscos, do\u00e7aria e concerto de Toy s\u00e3o atra\u00e7\u00f5es da Feira da Terra e do Petisco, em Ferreiras Cultura","og_url":"https:\/\/algarve7.pt\/index.php\/2024\/08\/petiscos-docaria-e-concerto-de-toy-sao-atracoes-da-feira-da-terra-e-do-petisco-em-ferreiras\/cultura\/09\/57\/","og_site_name":"Algarve 7","article_publisher":"https:\/\/www.facebook.com\/algarve7","article_author":"https:\/\/www.facebook.com\/algarve7","article_published_time":"2024-08-12T08:57:20+00:00","article_modified_time":"2024-08-12T08:57:22+00:00","og_image":[{"width":800,"height":470,"url":"https:\/\/algarve7.pt\/wp-content\/uploads\/2024\/08\/Capa-Eventos-Feira-Petisco.jpeg","type":"image\/jpeg"}],"author":"Algarve 7","twitter_card":"summary_large_image","twitter_creator":"@Algarvesete","twitter_site":"@Algarvesete","twitter_misc":{"Escrito por":"Algarve 7","Tempo estimado de leitura":"2 minutos"},"schema":{"@context":"https:\/\/schema.org","@graph":[{"@type":"Article","@id":"https:\/\/algarve7.pt\/index.php\/2024\/08\/petiscos-docaria-e-concerto-de-toy-sao-atracoes-da-feira-da-terra-e-do-petisco-em-ferreiras\/cultura\/09\/57\/#article","isPartOf":{"@id":"https:\/\/algarve7.pt\/index.php\/2024\/08\/petiscos-docaria-e-concerto-de-toy-sao-atracoes-da-feira-da-terra-e-do-petisco-em-ferreiras\/cultura\/09\/57\/"},"author":{"name":"Algarve 7","@id":"https:\/\/algarve7.pt\/#\/schema\/person\/23fa70681308e7b319a3204bcea45e0c"},"headline":"Petiscos, do\u00e7aria e concerto de Toy s\u00e3o atra\u00e7\u00f5es da Feira da Terra e do Petisco, em Ferreiras","datePublished":"2024-08-12T08:57:20+00:00","dateModified":"2024-08-12T08:57:22+00:00","mainEntityOfPage":{"@id":"https:\/\/algarve7.pt\/index.php\/2024\/08\/petiscos-docaria-e-concerto-de-toy-sao-atracoes-da-feira-da-terra-e-do-petisco-em-ferreiras\/cultura\/09\/57\/"},"wordCount":350,"commentCount":0,"publisher":{"@id":"https:\/\/algarve7.pt\/#organization"},"image":{"@id":"https:\/\/algarve7.pt\/index.php\/2024\/08\/petiscos-docaria-e-concerto-de-toy-sao-atracoes-da-feira-da-terra-e-do-petisco-em-ferreiras\/cultura\/09\/57\/#primaryimage"},"thumbnailUrl":"https:\/\/algarve7.pt\/wp-content\/uploads\/2024\/08\/Capa-Eventos-Feira-Petisco.jpeg","keywords":["Albufeira","Algarve","Cultura","Ferreiras"],"articleSection":["Cultura"],"inLanguage":"pt-PT","potentialAction":[{"@type":"CommentAction","name":"Comment","target":["https:\/\/algarve7.pt\/index.php\/2024\/08\/petiscos-docaria-e-concerto-de-toy-sao-atracoes-da-feira-da-terra-e-do-petisco-em-ferreiras\/cultura\/09\/57\/#respond"]}]},{"@type":"WebPage","@id":"https:\/\/algarve7.pt\/index.php\/2024\/08\/petiscos-docaria-e-concerto-de-toy-sao-atracoes-da-feira-da-terra-e-do-petisco-em-ferreiras\/cultura\/09\/57\/","url":"https:\/\/algarve7.pt\/index.php\/2024\/08\/petiscos-docaria-e-concerto-de-toy-sao-atracoes-da-feira-da-terra-e-do-petisco-em-ferreiras\/cultura\/09\/57\/","name":"Petiscos, do\u00e7aria e concerto de Toy s\u00e3o atra\u00e7\u00f5es da Feira da Terra e do Petisco, em Ferreiras - Algarve 7","isPartOf":{"@id":"https:\/\/algarve7.pt\/#website"},"primaryImageOfPage":{"@id":"https:\/\/algarve7.pt\/index.php\/2024\/08\/petiscos-docaria-e-concerto-de-toy-sao-atracoes-da-feira-da-terra-e-do-petisco-em-ferreiras\/cultura\/09\/57\/#primaryimage"},"image":{"@id":"https:\/\/algarve7.pt\/index.php\/2024\/08\/petiscos-docaria-e-concerto-de-toy-sao-atracoes-da-feira-da-terra-e-do-petisco-em-ferreiras\/cultura\/09\/57\/#primaryimage"},"thumbnailUrl":"https:\/\/algarve7.pt\/wp-content\/uploads\/2024\/08\/Capa-Eventos-Feira-Petisco.jpeg","datePublished":"2024-08-12T08:57:20+00:00","dateModified":"2024-08-12T08:57:22+00:00","description":"Petiscos, do\u00e7aria e concerto de Toy s\u00e3o atra\u00e7\u00f5es da Feira da Terra e do Petisco, em Ferreiras Cultura","breadcrumb":{"@id":"https:\/\/algarve7.pt\/index.php\/2024\/08\/petiscos-docaria-e-concerto-de-toy-sao-atracoes-da-feira-da-terra-e-do-petisco-em-ferreiras\/cultura\/09\/57\/#breadcrumb"},"inLanguage":"pt-PT","potentialAction":[{"@type":"ReadAction","target":["https:\/\/algarve7.pt\/index.php\/2024\/08\/petiscos-docaria-e-concerto-de-toy-sao-atracoes-da-feira-da-terra-e-do-petisco-em-ferreiras\/cultura\/09\/57\/"]}]},{"@type":"ImageObject","inLanguage":"pt-PT","@id":"https:\/\/algarve7.pt\/index.php\/2024\/08\/petiscos-docaria-e-concerto-de-toy-sao-atracoes-da-feira-da-terra-e-do-petisco-em-ferreiras\/cultura\/09\/57\/#primaryimage","url":"https:\/\/algarve7.pt\/wp-content\/uploads\/2024\/08\/Capa-Eventos-Feira-Petisco.jpeg","contentUrl":"https:\/\/algarve7.pt\/wp-content\/uploads\/2024\/08\/Capa-Eventos-Feira-Petisco.jpeg","width":800,"height":470},{"@type":"BreadcrumbList","@id":"https:\/\/algarve7.pt\/index.php\/2024\/08\/petiscos-docaria-e-concerto-de-toy-sao-atracoes-da-feira-da-terra-e-do-petisco-em-ferreiras\/cultura\/09\/57\/#breadcrumb","itemListElement":[{"@type":"ListItem","position":1,"name":"In\u00edcio","item":"https:\/\/algarve7.pt\/"},{"@type":"ListItem","position":2,"name":"Petiscos, do\u00e7aria e concerto de Toy s\u00e3o atra\u00e7\u00f5es da Feira da Terra e do Petisco, em Ferreiras"}]},{"@type":"WebSite","@id":"https:\/\/algarve7.pt\/#website","url":"https:\/\/algarve7.pt\/","name":"Algarve 7","description":"Informa\u00e7\u00e3o sobre o Algarve","publisher":{"@id":"https:\/\/algarve7.pt\/#organization"},"potentialAction":[{"@type":"SearchAction","target":{"@type":"EntryPoint","urlTemplate":"https:\/\/algarve7.pt\/?s={search_term_string}"},"query-input":{"@type":"PropertyValueSpecification","valueRequired":true,"valueName":"search_term_string"}}],"inLanguage":"pt-PT"},{"@type":"Organization","@id":"https:\/\/algarve7.pt\/#organization","name":"Algarve 7","url":"https:\/\/algarve7.pt\/","logo":{"@type":"ImageObject","inLanguage":"pt-PT","@id":"https:\/\/algarve7.pt\/#\/schema\/logo\/image\/","url":"https:\/\/algarve7.pt\/wp-content\/uploads\/2020\/10\/Logo-8.jpg","contentUrl":"https:\/\/algarve7.pt\/wp-content\/uploads\/2020\/10\/Logo-8.jpg","width":1680,"height":1186,"caption":"Algarve 7"},"image":{"@id":"https:\/\/algarve7.pt\/#\/schema\/logo\/image\/"},"sameAs":["https:\/\/www.facebook.com\/algarve7","https:\/\/x.com\/Algarvesete","https:\/\/www.instagram.com\/jornalalgarve7\/","https:\/\/www.linkedin.com\/company\/algarve7","https:\/\/www.pinterest.pt\/geral0939\/_created\/"]},{"@type":"Person","@id":"https:\/\/algarve7.pt\/#\/schema\/person\/23fa70681308e7b319a3204bcea45e0c","name":"Algarve 7","sameAs":["https:\/\/algarve7.pt","https:\/\/www.facebook.com\/algarve7"],"url":"https:\/\/algarve7.pt\/index.php\/author\/geralalgarve7-pt\/"}]}},"jetpack_publicize_connections":[],"jetpack_featured_media_url":"https:\/\/algarve7.pt\/wp-content\/uploads\/2024\/08\/Capa-Eventos-Feira-Petisco.jpeg","jetpack_shortlink":"https:\/\/wp.me\/pcezmW-aKH","jetpack_sharing_enabled":true,"_links":{"self":[{"href":"https:\/\/algarve7.pt\/index.php\/wp-json\/wp\/v2\/posts\/41335","targetHints":{"allow":["GET"]}}],"collection":[{"href":"https:\/\/algarve7.pt\/index.php\/wp-json\/wp\/v2\/posts"}],"about":[{"href":"https:\/\/algarve7.pt\/index.php\/wp-json\/wp\/v2\/types\/post"}],"author":[{"embeddable":true,"href":"https:\/\/algarve7.pt\/index.php\/wp-json\/wp\/v2\/users\/1"}],"replies":[{"embeddable":true,"href":"https:\/\/algarve7.pt\/index.php\/wp-json\/wp\/v2\/comments?post=41335"}],"version-history":[{"count":0,"href":"https:\/\/algarve7.pt\/index.php\/wp-json\/wp\/v2\/posts\/41335\/revisions"}],"wp:featuredmedia":[{"embeddable":true,"href":"https:\/\/algarve7.pt\/index.php\/wp-json\/wp\/v2\/media\/41336"}],"wp:attachment":[{"href":"https:\/\/algarve7.pt\/index.php\/wp-json\/wp\/v2\/media?parent=41335"}],"wp:term":[{"taxonomy":"category","embeddable":true,"href":"https:\/\/algarve7.pt\/index.php\/wp-json\/wp\/v2\/categories?post=41335"},{"taxonomy":"post_tag","embeddable":true,"href":"https:\/\/algarve7.pt\/index.php\/wp-json\/wp\/v2\/tags?post=41335"}],"curies":[{"name":"wp","href":"https:\/\/api.w.org\/{rel}","templated":true}]}}