{"id":41329,"date":"2024-08-12T09:25:00","date_gmt":"2024-08-12T08:25:00","guid":{"rendered":"https:\/\/algarve7.pt\/?p=41329"},"modified":"2024-08-11T17:27:37","modified_gmt":"2024-08-11T16:27:37","slug":"lagosmmfest24-festival-de-musica-moderna-chega-a-praia-da-luz-de-15-a-18-de-agosto","status":"publish","type":"post","link":"https:\/\/algarve7.pt\/index.php\/2024\/08\/lagosmmfest24-festival-de-musica-moderna-chega-a-praia-da-luz-de-15-a-18-de-agosto\/cultura\/09\/25\/","title":{"rendered":"LAGOSMMFEST&#8217;24: Festival de M\u00fasica Moderna Chega \u00e0 Praia da Luz de 15 a 18 de agosto"},"content":{"rendered":"\n<p>A Praia da Luz ser\u00e1 o epicentro da m\u00fasica moderna em agosto com a realiza\u00e7\u00e3o do LAGOSMMFEST&#8217;24, um festival que promete agitar a regi\u00e3o.<\/p>\n\n\n\n<p>Com uma programa\u00e7\u00e3o variada e a participa\u00e7\u00e3o de artistas locais e nacionais, o evento celebra a diversidade musical num cen\u00e1rio deslumbrante \u00e0 beira-mar.&nbsp;<\/p>\n\n\n\n<p>O festival, organizado pela Orquestra Ligeira de Lagos, ocorrer\u00e1 de 15 a 18 de agosto e contar\u00e1 com performances de Svetlana Bakushina, Orquestra Ligeira de Lagos, Maximiliano Llanos Quintet, Marta Lima, BILOBA, LANA GASPAR\u00d8TTI, Plasticine e muitos outros talentos. Os concertos come\u00e7am \u00e0s 19:00h, hora do Sunset, criando uma atmosfera \u00fanica que combina m\u00fasica&nbsp;e&nbsp;natureza.&nbsp;<\/p>\n\n\n\n<p>Programa\u00e7\u00e3o Completa:<\/p>\n\n\n\n<p><strong>15 de Agosto:<\/strong><\/p>\n\n\n\n<p>19h: Svetlana Bakushina (Sunset)<\/p>\n\n\n\n<p>21h: Maximiliano Llanos Quintet<\/p>\n\n\n\n<p>22h: Orquestra Ligeira de Lagos<\/p>\n\n\n\n<p><strong>16 de Agosto:<\/strong><\/p>\n\n\n\n<p>19h: Inception Trio (Sunset)<\/p>\n\n\n\n<p>21h: Apresenta\u00e7\u00e3o do Workshop de M\u00fasica Moderna<\/p>\n\n\n\n<p>22h: Marta Lima<\/p>\n\n\n\n<p>23h30: Maku DJ Set<\/p>\n\n\n\n<p><strong>17 de Agosto:<\/strong><\/p>\n\n\n\n<p>19h: Feito \u00e0 M\u00e3o (Sunset)<\/p>\n\n\n\n<p>21h: Almargem Quartet<\/p>\n\n\n\n<p>22h: Biloba<\/p>\n\n\n\n<p>23h30: Maku DJ Set<\/p>\n\n\n\n<p><strong>18 de Agosto:<\/strong><\/p>\n\n\n\n<p>19h: Marta Rodrigues + Francisco Nogueira (Sunset)<\/p>\n\n\n\n<p>21h: Lana Gasparotti<\/p>\n\n\n\n<p>22h: Plasticine<\/p>\n\n\n\n<p>23h30: Maku DJ Set<\/p>\n\n\n\n<p>Ingressos: o LAGOSMMFEST&#8217;24 \u00e9 de entrada livre.<\/p>\n\n\n\n<p>O LAGOSMMFEST&#8217;24 refor\u00e7a o seu compromisso com a sustentabilidade ao adotar pr\u00e1ticas ecol\u00f3gicas, como a utiliza\u00e7\u00e3o de copos reutiliz\u00e1veis, que podem ser adquiridos \u00e0 entrada por apenas 1 euro. Os participantes poder\u00e3o trocar os seus copos por limpos ao longo do evento e, caso n\u00e3o pretendam reutiliz\u00e1-los, ser\u00e3o disponibilizados recipientes pr\u00f3prios para o seu dep\u00f3sito respons\u00e1vel.<\/p>\n\n\n\n<p>Sobre o LAGOSMMFEST: O LAGOSMMFEST \u00e9 um festival anual dedicado \u00e0 m\u00fasica moderna, realizado na encantadora Praia da Luz, em Lagos. O evento \u00e9 conhecido por reunir uma programa\u00e7\u00e3o diversificada e por oferecer uma experi\u00eancia cultural \u00fanica ao p\u00fablico, sempre em sintonia com as belezas naturais da regi\u00e3o.<\/p>\n","protected":false},"excerpt":{"rendered":"<p>A Praia da Luz ser\u00e1 o epicentro da m\u00fasica moderna em agosto com a realiza\u00e7\u00e3o do LAGOSMMFEST&#8217;24, um festival que<\/p>\n","protected":false},"author":1,"featured_media":41330,"comment_status":"open","ping_status":"open","sticky":false,"template":"","format":"standard","meta":{"colormag_page_container_layout":"default_layout","colormag_page_sidebar_layout":"default_layout","_monsterinsights_skip_tracking":false,"_monsterinsights_sitenote_active":false,"_monsterinsights_sitenote_note":"","_monsterinsights_sitenote_category":0,"jetpack_post_was_ever_published":false,"_jetpack_newsletter_access":"","_jetpack_dont_email_post_to_subs":false,"_jetpack_newsletter_tier_id":0,"_jetpack_memberships_contains_paywalled_content":false,"_jetpack_memberships_contains_paid_content":false,"footnotes":"","jetpack_publicize_message":"","jetpack_publicize_feature_enabled":true,"jetpack_social_post_already_shared":false,"jetpack_social_options":{"image_generator_settings":{"template":"highway","default_image_id":0,"font":"","enabled":false},"version":2}},"categories":[14],"tags":[36,35,68],"class_list":["post-41329","post","type-post","status-publish","format-standard","has-post-thumbnail","hentry","category-cultura","tag-algarve","tag-cultura","tag-lagos"],"yoast_head":"<!-- This site is optimized with the Yoast SEO plugin v27.5 - https:\/\/yoast.com\/product\/yoast-seo-wordpress\/ -->\n<title>LAGOSMMFEST&#039;24: Festival de M\u00fasica Moderna Chega \u00e0 Praia da Luz de 15 a 18 de agosto - Algarve 7<\/title>\n<meta name=\"description\" content=\"LAGOSMMFEST&#039;24: Festival de M\u00fasica Moderna Chega \u00e0 Praia da Luz de 15 a 18 de agosto Cultura\" \/>\n<meta name=\"robots\" content=\"index, follow, max-snippet:-1, max-image-preview:large, max-video-preview:-1\" \/>\n<link rel=\"canonical\" href=\"https:\/\/algarve7.pt\/index.php\/2024\/08\/lagosmmfest24-festival-de-musica-moderna-chega-a-praia-da-luz-de-15-a-18-de-agosto\/cultura\/09\/25\/\" \/>\n<meta property=\"og:locale\" content=\"pt_PT\" \/>\n<meta property=\"og:type\" content=\"article\" \/>\n<meta property=\"og:title\" content=\"LAGOSMMFEST&#039;24: Festival de M\u00fasica Moderna Chega \u00e0 Praia da Luz de 15 a 18 de agosto - Algarve 7\" \/>\n<meta property=\"og:description\" content=\"LAGOSMMFEST&#039;24: Festival de M\u00fasica Moderna Chega \u00e0 Praia da Luz de 15 a 18 de agosto Cultura\" \/>\n<meta property=\"og:url\" content=\"https:\/\/algarve7.pt\/index.php\/2024\/08\/lagosmmfest24-festival-de-musica-moderna-chega-a-praia-da-luz-de-15-a-18-de-agosto\/cultura\/09\/25\/\" \/>\n<meta property=\"og:site_name\" content=\"Algarve 7\" \/>\n<meta property=\"article:publisher\" content=\"https:\/\/www.facebook.com\/algarve7\" \/>\n<meta property=\"article:author\" content=\"https:\/\/www.facebook.com\/algarve7\" \/>\n<meta property=\"article:published_time\" content=\"2024-08-12T08:25:00+00:00\" \/>\n<meta property=\"og:image\" content=\"https:\/\/algarve7.pt\/wp-content\/uploads\/2024\/08\/mmfest_cartazFB_logosTODOS2.jpg\" \/>\n\t<meta property=\"og:image:width\" content=\"800\" \/>\n\t<meta property=\"og:image:height\" content=\"470\" \/>\n\t<meta property=\"og:image:type\" content=\"image\/jpeg\" \/>\n<meta name=\"author\" content=\"Algarve 7\" \/>\n<meta name=\"twitter:card\" content=\"summary_large_image\" \/>\n<meta name=\"twitter:creator\" content=\"@Algarvesete\" \/>\n<meta name=\"twitter:site\" content=\"@Algarvesete\" \/>\n<meta name=\"twitter:label1\" content=\"Escrito por\" \/>\n\t<meta name=\"twitter:data1\" content=\"Algarve 7\" \/>\n\t<meta name=\"twitter:label2\" content=\"Tempo estimado de leitura\" \/>\n\t<meta name=\"twitter:data2\" content=\"2 minutos\" \/>\n<script type=\"application\/ld+json\" class=\"yoast-schema-graph\">{\"@context\":\"https:\\\/\\\/schema.org\",\"@graph\":[{\"@type\":\"Article\",\"@id\":\"https:\\\/\\\/algarve7.pt\\\/index.php\\\/2024\\\/08\\\/lagosmmfest24-festival-de-musica-moderna-chega-a-praia-da-luz-de-15-a-18-de-agosto\\\/cultura\\\/09\\\/25\\\/#article\",\"isPartOf\":{\"@id\":\"https:\\\/\\\/algarve7.pt\\\/index.php\\\/2024\\\/08\\\/lagosmmfest24-festival-de-musica-moderna-chega-a-praia-da-luz-de-15-a-18-de-agosto\\\/cultura\\\/09\\\/25\\\/\"},\"author\":{\"name\":\"Algarve 7\",\"@id\":\"https:\\\/\\\/algarve7.pt\\\/#\\\/schema\\\/person\\\/23fa70681308e7b319a3204bcea45e0c\"},\"headline\":\"LAGOSMMFEST&#8217;24: Festival de M\u00fasica Moderna Chega \u00e0 Praia da Luz de 15 a 18 de agosto\",\"datePublished\":\"2024-08-12T08:25:00+00:00\",\"mainEntityOfPage\":{\"@id\":\"https:\\\/\\\/algarve7.pt\\\/index.php\\\/2024\\\/08\\\/lagosmmfest24-festival-de-musica-moderna-chega-a-praia-da-luz-de-15-a-18-de-agosto\\\/cultura\\\/09\\\/25\\\/\"},\"wordCount\":322,\"commentCount\":0,\"publisher\":{\"@id\":\"https:\\\/\\\/algarve7.pt\\\/#organization\"},\"image\":{\"@id\":\"https:\\\/\\\/algarve7.pt\\\/index.php\\\/2024\\\/08\\\/lagosmmfest24-festival-de-musica-moderna-chega-a-praia-da-luz-de-15-a-18-de-agosto\\\/cultura\\\/09\\\/25\\\/#primaryimage\"},\"thumbnailUrl\":\"https:\\\/\\\/algarve7.pt\\\/wp-content\\\/uploads\\\/2024\\\/08\\\/mmfest_cartazFB_logosTODOS2.jpg\",\"keywords\":[\"Algarve\",\"Cultura\",\"Lagos\"],\"articleSection\":[\"Cultura\"],\"inLanguage\":\"pt-PT\",\"potentialAction\":[{\"@type\":\"CommentAction\",\"name\":\"Comment\",\"target\":[\"https:\\\/\\\/algarve7.pt\\\/index.php\\\/2024\\\/08\\\/lagosmmfest24-festival-de-musica-moderna-chega-a-praia-da-luz-de-15-a-18-de-agosto\\\/cultura\\\/09\\\/25\\\/#respond\"]}]},{\"@type\":\"WebPage\",\"@id\":\"https:\\\/\\\/algarve7.pt\\\/index.php\\\/2024\\\/08\\\/lagosmmfest24-festival-de-musica-moderna-chega-a-praia-da-luz-de-15-a-18-de-agosto\\\/cultura\\\/09\\\/25\\\/\",\"url\":\"https:\\\/\\\/algarve7.pt\\\/index.php\\\/2024\\\/08\\\/lagosmmfest24-festival-de-musica-moderna-chega-a-praia-da-luz-de-15-a-18-de-agosto\\\/cultura\\\/09\\\/25\\\/\",\"name\":\"LAGOSMMFEST'24: Festival de M\u00fasica Moderna Chega \u00e0 Praia da Luz de 15 a 18 de agosto - Algarve 7\",\"isPartOf\":{\"@id\":\"https:\\\/\\\/algarve7.pt\\\/#website\"},\"primaryImageOfPage\":{\"@id\":\"https:\\\/\\\/algarve7.pt\\\/index.php\\\/2024\\\/08\\\/lagosmmfest24-festival-de-musica-moderna-chega-a-praia-da-luz-de-15-a-18-de-agosto\\\/cultura\\\/09\\\/25\\\/#primaryimage\"},\"image\":{\"@id\":\"https:\\\/\\\/algarve7.pt\\\/index.php\\\/2024\\\/08\\\/lagosmmfest24-festival-de-musica-moderna-chega-a-praia-da-luz-de-15-a-18-de-agosto\\\/cultura\\\/09\\\/25\\\/#primaryimage\"},\"thumbnailUrl\":\"https:\\\/\\\/algarve7.pt\\\/wp-content\\\/uploads\\\/2024\\\/08\\\/mmfest_cartazFB_logosTODOS2.jpg\",\"datePublished\":\"2024-08-12T08:25:00+00:00\",\"description\":\"LAGOSMMFEST'24: Festival de M\u00fasica Moderna Chega \u00e0 Praia da Luz de 15 a 18 de agosto Cultura\",\"breadcrumb\":{\"@id\":\"https:\\\/\\\/algarve7.pt\\\/index.php\\\/2024\\\/08\\\/lagosmmfest24-festival-de-musica-moderna-chega-a-praia-da-luz-de-15-a-18-de-agosto\\\/cultura\\\/09\\\/25\\\/#breadcrumb\"},\"inLanguage\":\"pt-PT\",\"potentialAction\":[{\"@type\":\"ReadAction\",\"target\":[\"https:\\\/\\\/algarve7.pt\\\/index.php\\\/2024\\\/08\\\/lagosmmfest24-festival-de-musica-moderna-chega-a-praia-da-luz-de-15-a-18-de-agosto\\\/cultura\\\/09\\\/25\\\/\"]}]},{\"@type\":\"ImageObject\",\"inLanguage\":\"pt-PT\",\"@id\":\"https:\\\/\\\/algarve7.pt\\\/index.php\\\/2024\\\/08\\\/lagosmmfest24-festival-de-musica-moderna-chega-a-praia-da-luz-de-15-a-18-de-agosto\\\/cultura\\\/09\\\/25\\\/#primaryimage\",\"url\":\"https:\\\/\\\/algarve7.pt\\\/wp-content\\\/uploads\\\/2024\\\/08\\\/mmfest_cartazFB_logosTODOS2.jpg\",\"contentUrl\":\"https:\\\/\\\/algarve7.pt\\\/wp-content\\\/uploads\\\/2024\\\/08\\\/mmfest_cartazFB_logosTODOS2.jpg\",\"width\":800,\"height\":470},{\"@type\":\"BreadcrumbList\",\"@id\":\"https:\\\/\\\/algarve7.pt\\\/index.php\\\/2024\\\/08\\\/lagosmmfest24-festival-de-musica-moderna-chega-a-praia-da-luz-de-15-a-18-de-agosto\\\/cultura\\\/09\\\/25\\\/#breadcrumb\",\"itemListElement\":[{\"@type\":\"ListItem\",\"position\":1,\"name\":\"In\u00edcio\",\"item\":\"https:\\\/\\\/algarve7.pt\\\/\"},{\"@type\":\"ListItem\",\"position\":2,\"name\":\"LAGOSMMFEST&#8217;24: Festival de M\u00fasica Moderna Chega \u00e0 Praia da Luz de 15 a 18 de agosto\"}]},{\"@type\":\"WebSite\",\"@id\":\"https:\\\/\\\/algarve7.pt\\\/#website\",\"url\":\"https:\\\/\\\/algarve7.pt\\\/\",\"name\":\"Algarve 7\",\"description\":\"Informa\u00e7\u00e3o sobre o Algarve\",\"publisher\":{\"@id\":\"https:\\\/\\\/algarve7.pt\\\/#organization\"},\"potentialAction\":[{\"@type\":\"SearchAction\",\"target\":{\"@type\":\"EntryPoint\",\"urlTemplate\":\"https:\\\/\\\/algarve7.pt\\\/?s={search_term_string}\"},\"query-input\":{\"@type\":\"PropertyValueSpecification\",\"valueRequired\":true,\"valueName\":\"search_term_string\"}}],\"inLanguage\":\"pt-PT\"},{\"@type\":\"Organization\",\"@id\":\"https:\\\/\\\/algarve7.pt\\\/#organization\",\"name\":\"Algarve 7\",\"url\":\"https:\\\/\\\/algarve7.pt\\\/\",\"logo\":{\"@type\":\"ImageObject\",\"inLanguage\":\"pt-PT\",\"@id\":\"https:\\\/\\\/algarve7.pt\\\/#\\\/schema\\\/logo\\\/image\\\/\",\"url\":\"https:\\\/\\\/algarve7.pt\\\/wp-content\\\/uploads\\\/2020\\\/10\\\/Logo-8.jpg\",\"contentUrl\":\"https:\\\/\\\/algarve7.pt\\\/wp-content\\\/uploads\\\/2020\\\/10\\\/Logo-8.jpg\",\"width\":1680,\"height\":1186,\"caption\":\"Algarve 7\"},\"image\":{\"@id\":\"https:\\\/\\\/algarve7.pt\\\/#\\\/schema\\\/logo\\\/image\\\/\"},\"sameAs\":[\"https:\\\/\\\/www.facebook.com\\\/algarve7\",\"https:\\\/\\\/x.com\\\/Algarvesete\",\"https:\\\/\\\/www.instagram.com\\\/jornalalgarve7\\\/\",\"https:\\\/\\\/www.linkedin.com\\\/company\\\/algarve7\",\"https:\\\/\\\/www.pinterest.pt\\\/geral0939\\\/_created\\\/\"]},{\"@type\":\"Person\",\"@id\":\"https:\\\/\\\/algarve7.pt\\\/#\\\/schema\\\/person\\\/23fa70681308e7b319a3204bcea45e0c\",\"name\":\"Algarve 7\",\"sameAs\":[\"https:\\\/\\\/algarve7.pt\",\"https:\\\/\\\/www.facebook.com\\\/algarve7\"],\"url\":\"https:\\\/\\\/algarve7.pt\\\/index.php\\\/author\\\/geralalgarve7-pt\\\/\"}]}<\/script>\n<!-- \/ Yoast SEO plugin. -->","yoast_head_json":{"title":"LAGOSMMFEST'24: Festival de M\u00fasica Moderna Chega \u00e0 Praia da Luz de 15 a 18 de agosto - Algarve 7","description":"LAGOSMMFEST'24: Festival de M\u00fasica Moderna Chega \u00e0 Praia da Luz de 15 a 18 de agosto Cultura","robots":{"index":"index","follow":"follow","max-snippet":"max-snippet:-1","max-image-preview":"max-image-preview:large","max-video-preview":"max-video-preview:-1"},"canonical":"https:\/\/algarve7.pt\/index.php\/2024\/08\/lagosmmfest24-festival-de-musica-moderna-chega-a-praia-da-luz-de-15-a-18-de-agosto\/cultura\/09\/25\/","og_locale":"pt_PT","og_type":"article","og_title":"LAGOSMMFEST'24: Festival de M\u00fasica Moderna Chega \u00e0 Praia da Luz de 15 a 18 de agosto - Algarve 7","og_description":"LAGOSMMFEST'24: Festival de M\u00fasica Moderna Chega \u00e0 Praia da Luz de 15 a 18 de agosto Cultura","og_url":"https:\/\/algarve7.pt\/index.php\/2024\/08\/lagosmmfest24-festival-de-musica-moderna-chega-a-praia-da-luz-de-15-a-18-de-agosto\/cultura\/09\/25\/","og_site_name":"Algarve 7","article_publisher":"https:\/\/www.facebook.com\/algarve7","article_author":"https:\/\/www.facebook.com\/algarve7","article_published_time":"2024-08-12T08:25:00+00:00","og_image":[{"width":800,"height":470,"url":"https:\/\/algarve7.pt\/wp-content\/uploads\/2024\/08\/mmfest_cartazFB_logosTODOS2.jpg","type":"image\/jpeg"}],"author":"Algarve 7","twitter_card":"summary_large_image","twitter_creator":"@Algarvesete","twitter_site":"@Algarvesete","twitter_misc":{"Escrito por":"Algarve 7","Tempo estimado de leitura":"2 minutos"},"schema":{"@context":"https:\/\/schema.org","@graph":[{"@type":"Article","@id":"https:\/\/algarve7.pt\/index.php\/2024\/08\/lagosmmfest24-festival-de-musica-moderna-chega-a-praia-da-luz-de-15-a-18-de-agosto\/cultura\/09\/25\/#article","isPartOf":{"@id":"https:\/\/algarve7.pt\/index.php\/2024\/08\/lagosmmfest24-festival-de-musica-moderna-chega-a-praia-da-luz-de-15-a-18-de-agosto\/cultura\/09\/25\/"},"author":{"name":"Algarve 7","@id":"https:\/\/algarve7.pt\/#\/schema\/person\/23fa70681308e7b319a3204bcea45e0c"},"headline":"LAGOSMMFEST&#8217;24: Festival de M\u00fasica Moderna Chega \u00e0 Praia da Luz de 15 a 18 de agosto","datePublished":"2024-08-12T08:25:00+00:00","mainEntityOfPage":{"@id":"https:\/\/algarve7.pt\/index.php\/2024\/08\/lagosmmfest24-festival-de-musica-moderna-chega-a-praia-da-luz-de-15-a-18-de-agosto\/cultura\/09\/25\/"},"wordCount":322,"commentCount":0,"publisher":{"@id":"https:\/\/algarve7.pt\/#organization"},"image":{"@id":"https:\/\/algarve7.pt\/index.php\/2024\/08\/lagosmmfest24-festival-de-musica-moderna-chega-a-praia-da-luz-de-15-a-18-de-agosto\/cultura\/09\/25\/#primaryimage"},"thumbnailUrl":"https:\/\/algarve7.pt\/wp-content\/uploads\/2024\/08\/mmfest_cartazFB_logosTODOS2.jpg","keywords":["Algarve","Cultura","Lagos"],"articleSection":["Cultura"],"inLanguage":"pt-PT","potentialAction":[{"@type":"CommentAction","name":"Comment","target":["https:\/\/algarve7.pt\/index.php\/2024\/08\/lagosmmfest24-festival-de-musica-moderna-chega-a-praia-da-luz-de-15-a-18-de-agosto\/cultura\/09\/25\/#respond"]}]},{"@type":"WebPage","@id":"https:\/\/algarve7.pt\/index.php\/2024\/08\/lagosmmfest24-festival-de-musica-moderna-chega-a-praia-da-luz-de-15-a-18-de-agosto\/cultura\/09\/25\/","url":"https:\/\/algarve7.pt\/index.php\/2024\/08\/lagosmmfest24-festival-de-musica-moderna-chega-a-praia-da-luz-de-15-a-18-de-agosto\/cultura\/09\/25\/","name":"LAGOSMMFEST'24: Festival de M\u00fasica Moderna Chega \u00e0 Praia da Luz de 15 a 18 de agosto - Algarve 7","isPartOf":{"@id":"https:\/\/algarve7.pt\/#website"},"primaryImageOfPage":{"@id":"https:\/\/algarve7.pt\/index.php\/2024\/08\/lagosmmfest24-festival-de-musica-moderna-chega-a-praia-da-luz-de-15-a-18-de-agosto\/cultura\/09\/25\/#primaryimage"},"image":{"@id":"https:\/\/algarve7.pt\/index.php\/2024\/08\/lagosmmfest24-festival-de-musica-moderna-chega-a-praia-da-luz-de-15-a-18-de-agosto\/cultura\/09\/25\/#primaryimage"},"thumbnailUrl":"https:\/\/algarve7.pt\/wp-content\/uploads\/2024\/08\/mmfest_cartazFB_logosTODOS2.jpg","datePublished":"2024-08-12T08:25:00+00:00","description":"LAGOSMMFEST'24: Festival de M\u00fasica Moderna Chega \u00e0 Praia da Luz de 15 a 18 de agosto Cultura","breadcrumb":{"@id":"https:\/\/algarve7.pt\/index.php\/2024\/08\/lagosmmfest24-festival-de-musica-moderna-chega-a-praia-da-luz-de-15-a-18-de-agosto\/cultura\/09\/25\/#breadcrumb"},"inLanguage":"pt-PT","potentialAction":[{"@type":"ReadAction","target":["https:\/\/algarve7.pt\/index.php\/2024\/08\/lagosmmfest24-festival-de-musica-moderna-chega-a-praia-da-luz-de-15-a-18-de-agosto\/cultura\/09\/25\/"]}]},{"@type":"ImageObject","inLanguage":"pt-PT","@id":"https:\/\/algarve7.pt\/index.php\/2024\/08\/lagosmmfest24-festival-de-musica-moderna-chega-a-praia-da-luz-de-15-a-18-de-agosto\/cultura\/09\/25\/#primaryimage","url":"https:\/\/algarve7.pt\/wp-content\/uploads\/2024\/08\/mmfest_cartazFB_logosTODOS2.jpg","contentUrl":"https:\/\/algarve7.pt\/wp-content\/uploads\/2024\/08\/mmfest_cartazFB_logosTODOS2.jpg","width":800,"height":470},{"@type":"BreadcrumbList","@id":"https:\/\/algarve7.pt\/index.php\/2024\/08\/lagosmmfest24-festival-de-musica-moderna-chega-a-praia-da-luz-de-15-a-18-de-agosto\/cultura\/09\/25\/#breadcrumb","itemListElement":[{"@type":"ListItem","position":1,"name":"In\u00edcio","item":"https:\/\/algarve7.pt\/"},{"@type":"ListItem","position":2,"name":"LAGOSMMFEST&#8217;24: Festival de M\u00fasica Moderna Chega \u00e0 Praia da Luz de 15 a 18 de agosto"}]},{"@type":"WebSite","@id":"https:\/\/algarve7.pt\/#website","url":"https:\/\/algarve7.pt\/","name":"Algarve 7","description":"Informa\u00e7\u00e3o sobre o Algarve","publisher":{"@id":"https:\/\/algarve7.pt\/#organization"},"potentialAction":[{"@type":"SearchAction","target":{"@type":"EntryPoint","urlTemplate":"https:\/\/algarve7.pt\/?s={search_term_string}"},"query-input":{"@type":"PropertyValueSpecification","valueRequired":true,"valueName":"search_term_string"}}],"inLanguage":"pt-PT"},{"@type":"Organization","@id":"https:\/\/algarve7.pt\/#organization","name":"Algarve 7","url":"https:\/\/algarve7.pt\/","logo":{"@type":"ImageObject","inLanguage":"pt-PT","@id":"https:\/\/algarve7.pt\/#\/schema\/logo\/image\/","url":"https:\/\/algarve7.pt\/wp-content\/uploads\/2020\/10\/Logo-8.jpg","contentUrl":"https:\/\/algarve7.pt\/wp-content\/uploads\/2020\/10\/Logo-8.jpg","width":1680,"height":1186,"caption":"Algarve 7"},"image":{"@id":"https:\/\/algarve7.pt\/#\/schema\/logo\/image\/"},"sameAs":["https:\/\/www.facebook.com\/algarve7","https:\/\/x.com\/Algarvesete","https:\/\/www.instagram.com\/jornalalgarve7\/","https:\/\/www.linkedin.com\/company\/algarve7","https:\/\/www.pinterest.pt\/geral0939\/_created\/"]},{"@type":"Person","@id":"https:\/\/algarve7.pt\/#\/schema\/person\/23fa70681308e7b319a3204bcea45e0c","name":"Algarve 7","sameAs":["https:\/\/algarve7.pt","https:\/\/www.facebook.com\/algarve7"],"url":"https:\/\/algarve7.pt\/index.php\/author\/geralalgarve7-pt\/"}]}},"jetpack_publicize_connections":[],"jetpack_featured_media_url":"https:\/\/algarve7.pt\/wp-content\/uploads\/2024\/08\/mmfest_cartazFB_logosTODOS2.jpg","jetpack_shortlink":"https:\/\/wp.me\/pcezmW-aKB","jetpack_sharing_enabled":true,"_links":{"self":[{"href":"https:\/\/algarve7.pt\/index.php\/wp-json\/wp\/v2\/posts\/41329","targetHints":{"allow":["GET"]}}],"collection":[{"href":"https:\/\/algarve7.pt\/index.php\/wp-json\/wp\/v2\/posts"}],"about":[{"href":"https:\/\/algarve7.pt\/index.php\/wp-json\/wp\/v2\/types\/post"}],"author":[{"embeddable":true,"href":"https:\/\/algarve7.pt\/index.php\/wp-json\/wp\/v2\/users\/1"}],"replies":[{"embeddable":true,"href":"https:\/\/algarve7.pt\/index.php\/wp-json\/wp\/v2\/comments?post=41329"}],"version-history":[{"count":0,"href":"https:\/\/algarve7.pt\/index.php\/wp-json\/wp\/v2\/posts\/41329\/revisions"}],"wp:featuredmedia":[{"embeddable":true,"href":"https:\/\/algarve7.pt\/index.php\/wp-json\/wp\/v2\/media\/41330"}],"wp:attachment":[{"href":"https:\/\/algarve7.pt\/index.php\/wp-json\/wp\/v2\/media?parent=41329"}],"wp:term":[{"taxonomy":"category","embeddable":true,"href":"https:\/\/algarve7.pt\/index.php\/wp-json\/wp\/v2\/categories?post=41329"},{"taxonomy":"post_tag","embeddable":true,"href":"https:\/\/algarve7.pt\/index.php\/wp-json\/wp\/v2\/tags?post=41329"}],"curies":[{"name":"wp","href":"https:\/\/api.w.org\/{rel}","templated":true}]}}