{"id":41242,"date":"2024-08-08T10:29:00","date_gmt":"2024-08-08T09:29:00","guid":{"rendered":"https:\/\/algarve7.pt\/?p=41242"},"modified":"2024-08-08T10:29:01","modified_gmt":"2024-08-08T09:29:01","slug":"jovens-pelo-ambiente-distribuem-baldes-em-contagem-decrescente-para-recolha-de-biorresiduos-em-setembro","status":"publish","type":"post","link":"https:\/\/algarve7.pt\/index.php\/2024\/08\/jovens-pelo-ambiente-distribuem-baldes-em-contagem-decrescente-para-recolha-de-biorresiduos-em-setembro\/ambiente\/10\/29\/","title":{"rendered":"\u201cJovens pelo Ambiente\u201d distribuem baldes em contagem decrescente para recolha de biorres\u00edduos em setembro"},"content":{"rendered":"\n<p>Os participantes do programa \u201cJovens pelo Ambiente\u201d t\u00eam distribu\u00eddo gratuitamente pelas zonas piloto do concelho de Castro Marim, nas \u00faltimas semanas, baldes para a coloca\u00e7\u00e3o de biorres\u00edduos, cuja recolha est\u00e1 em contagem decrescente para o seu in\u00edcio no m\u00eas de setembro.<\/p>\n\n\n\n<p>Porta a porta, os \u201cJovens pelo Ambiente\u201d t\u00eam entregado os baldes castanhos de sete litros \u00e0 popula\u00e7\u00e3o, sem qualquer custo associado, que dever\u00e3o ser utilizados para a coloca\u00e7\u00e3o de biorres\u00edduos e, que posteriormente, dever\u00e3o ser depositados nos contentores apropriados.<\/p>\n\n\n\n<p>Os \u201cJovens pelo Ambiente\u201d ofereceram mais de 300 baldes na vila de Castro Marim, urbaniza\u00e7\u00e3o Quinta do Sobral, Corvinhos, urbaniza\u00e7\u00e3o Quinta da Cerca e na urbaniza\u00e7\u00e3o Casas da Alcaria, que s\u00e3o as zonas piloto desta primeira fase do projeto e que acolheram os contentores de proximidade de 240 litros.<\/p>\n\n\n\n<p>Simultaneamente, estes jovens iniciaram uma campanha de sensibiliza\u00e7\u00e3o com o objetivo de esclarecer a popula\u00e7\u00e3o sobre o tipo de res\u00edduos que n\u00e3o se podem colocar nestes contentores, como beatas, cinzas, excrementos de animais, restos de medicamentos, caricas, rolhas, l\u00e2mpadas, vidros, loi\u00e7as partidas, res\u00edduos l\u00edquidos, embalagens, recipientes, pl\u00e1stico, metal, pap\u00e9is impressos, papel de alum\u00ednio, t\u00eaxteis e fraldas, atrav\u00e9s da distribui\u00e7\u00e3o de mais de mil folhetos informativos.<\/p>\n\n\n\n<p>Os biorres\u00edduos s\u00e3o os res\u00edduos biodegrad\u00e1veis que s\u00e3o produzidos nas cozinhas, como cascas de fruta, legumes, carne, peixe e outros restos de comida.<\/p>\n\n\n\n<p>Os res\u00edduos devem ser depositados preferencialmente diretamente no seu balde, sem saco. O balde pode depois ser lavado facilmente. No entanto, se considera que lhe \u00e9 mais vantajoso, pode utilizar sacos biodegrad\u00e1veis (tendo a autarquia, na fase inicial de ades\u00e3o e arranque, fornecido tamb\u00e9m alguns destes sacos).<\/p>\n\n\n\n<p>Esta iniciativa ir\u00e1 evoluir gradualmente, com a perspetiva de se estender a mais zonas do concelho, com o objetivo de instalar tamb\u00e9m em restaurantes, cantinas e refeit\u00f3rios escolares e de institui\u00e7\u00f5es particulares de solidariedade social.<\/p>\n\n\n\n<p>O processo de recolha seletiva est\u00e1 a dar os primeiros passos no Munic\u00edpio de Castro Marim, pelo que \u00e9 fundamental a compreens\u00e3o, participa\u00e7\u00e3o e colabora\u00e7\u00e3o de todos, de modo a obter melhores resultados.<\/p>\n\n\n\n<p>Atualmente, cerca de 40% dos res\u00edduos que s\u00e3o despejados nos contentores de lixo indiferenciado s\u00e3o res\u00edduos org\u00e2nicos como restos de alimentos s\u00f3lidos que sobram das refei\u00e7\u00f5es.<\/p>\n\n\n\n<p>Para obter mais informa\u00e7\u00f5es pode contactar atrav\u00e9s do telefone 281\u00a0510\u00a0743 ou do e-mail\u00a0<a href=\"mailto:ambiente@cm-castromarim.pt\" target=\"_blank\" rel=\"noreferrer noopener\">ambiente@cm-castromarim.pt<\/a>.<\/p>\n\n\n\n<p>Para aderir a esta campanha deve inscrever-se e solicitar o seu balde em&nbsp;<a href=\"https:\/\/forms.cm-castromarim.pt\/index.php\/883676\" target=\"_blank\" rel=\"noreferrer noopener\">https:\/\/forms.cm-castromarim.pt\/index.php\/883676<\/a>&nbsp;ou presencialmente no Servi\u00e7o de Apoio ao Mun\u00edcipe\/Unidade de Ambiente.<\/p>\n\n\n\n<p>A recolha vai iniciar-se apenas a 2 de setembro para n\u00e3o causar impacto na \u00e9poca balnear, uma altura em que a produ\u00e7\u00e3o de res\u00edduos quintuplica e \u00e9 mais dif\u00edcil a gest\u00e3o desta \u00e1rea.<\/p>\n\n\n\n<p>Por outro lado, os compostores dom\u00e9sticos continuam a ser disponibilizados e os compostores comunit\u00e1rios da urbaniza\u00e7\u00e3o Quinta da Cerca j\u00e1 podem iniciar a sua utiliza\u00e7\u00e3o.<\/p>\n\n\n\n<p>\u201cSeparar \u00e9 Valorizar\u201d<\/p>\n\n\n\n<p><\/p>\n\n\n\n<p><\/p>\n","protected":false},"excerpt":{"rendered":"<p>Os participantes do programa \u201cJovens pelo Ambiente\u201d t\u00eam distribu\u00eddo gratuitamente pelas zonas piloto do concelho de Castro Marim, nas \u00faltimas<\/p>\n","protected":false},"author":1,"featured_media":41243,"comment_status":"open","ping_status":"open","sticky":false,"template":"","format":"standard","meta":{"colormag_page_container_layout":"default_layout","colormag_page_sidebar_layout":"default_layout","_monsterinsights_skip_tracking":false,"_monsterinsights_sitenote_active":false,"_monsterinsights_sitenote_note":"","_monsterinsights_sitenote_category":0,"jetpack_post_was_ever_published":false,"_jetpack_newsletter_access":"","_jetpack_dont_email_post_to_subs":false,"_jetpack_newsletter_tier_id":0,"_jetpack_memberships_contains_paywalled_content":false,"_jetpack_memberships_contains_paid_content":false,"footnotes":"","jetpack_publicize_message":"","jetpack_publicize_feature_enabled":true,"jetpack_social_post_already_shared":false,"jetpack_social_options":{"image_generator_settings":{"template":"highway","default_image_id":0,"font":"","enabled":false},"version":2}},"categories":[5],"tags":[36,32,136],"class_list":["post-41242","post","type-post","status-publish","format-standard","has-post-thumbnail","hentry","category-ambiente","tag-algarve","tag-ambiente","tag-castro-marim"],"yoast_head":"<!-- This site is optimized with the Yoast SEO plugin v27.4 - https:\/\/yoast.com\/product\/yoast-seo-wordpress\/ -->\n<title>\u201cJovens pelo Ambiente\u201d distribuem baldes em contagem decrescente para recolha de biorres\u00edduos em setembro - Algarve 7<\/title>\n<meta name=\"description\" content=\"\u201cJovens pelo Ambiente\u201d distribuem baldes em contagem decrescente para recolha de biorres\u00edduos em setembro Ambiente\" \/>\n<meta name=\"robots\" content=\"index, follow, max-snippet:-1, max-image-preview:large, max-video-preview:-1\" \/>\n<link rel=\"canonical\" href=\"https:\/\/algarve7.pt\/index.php\/2024\/08\/jovens-pelo-ambiente-distribuem-baldes-em-contagem-decrescente-para-recolha-de-biorresiduos-em-setembro\/ambiente\/10\/29\/\" \/>\n<meta property=\"og:locale\" content=\"pt_PT\" \/>\n<meta property=\"og:type\" content=\"article\" \/>\n<meta property=\"og:title\" content=\"\u201cJovens pelo Ambiente\u201d distribuem baldes em contagem decrescente para recolha de biorres\u00edduos em setembro - Algarve 7\" \/>\n<meta property=\"og:description\" content=\"\u201cJovens pelo Ambiente\u201d distribuem baldes em contagem decrescente para recolha de biorres\u00edduos em setembro Ambiente\" \/>\n<meta property=\"og:url\" content=\"https:\/\/algarve7.pt\/index.php\/2024\/08\/jovens-pelo-ambiente-distribuem-baldes-em-contagem-decrescente-para-recolha-de-biorresiduos-em-setembro\/ambiente\/10\/29\/\" \/>\n<meta property=\"og:site_name\" content=\"Algarve 7\" \/>\n<meta property=\"article:publisher\" content=\"https:\/\/www.facebook.com\/algarve7\" \/>\n<meta property=\"article:author\" content=\"https:\/\/www.facebook.com\/algarve7\" \/>\n<meta property=\"article:published_time\" content=\"2024-08-08T09:29:00+00:00\" \/>\n<meta property=\"article:modified_time\" content=\"2024-08-08T09:29:01+00:00\" \/>\n<meta property=\"og:image\" content=\"https:\/\/algarve7.pt\/wp-content\/uploads\/2024\/08\/Jovens-pelo-Ambiente.jpg\" \/>\n\t<meta property=\"og:image:width\" content=\"800\" \/>\n\t<meta property=\"og:image:height\" content=\"470\" \/>\n\t<meta property=\"og:image:type\" content=\"image\/jpeg\" \/>\n<meta name=\"author\" content=\"Algarve 7\" \/>\n<meta name=\"twitter:card\" content=\"summary_large_image\" \/>\n<meta name=\"twitter:creator\" content=\"@Algarvesete\" \/>\n<meta name=\"twitter:site\" content=\"@Algarvesete\" \/>\n<meta name=\"twitter:label1\" content=\"Escrito por\" \/>\n\t<meta name=\"twitter:data1\" content=\"Algarve 7\" \/>\n\t<meta name=\"twitter:label2\" content=\"Tempo estimado de leitura\" \/>\n\t<meta name=\"twitter:data2\" content=\"3 minutos\" \/>\n<script type=\"application\/ld+json\" class=\"yoast-schema-graph\">{\"@context\":\"https:\\\/\\\/schema.org\",\"@graph\":[{\"@type\":\"Article\",\"@id\":\"https:\\\/\\\/algarve7.pt\\\/index.php\\\/2024\\\/08\\\/jovens-pelo-ambiente-distribuem-baldes-em-contagem-decrescente-para-recolha-de-biorresiduos-em-setembro\\\/ambiente\\\/10\\\/29\\\/#article\",\"isPartOf\":{\"@id\":\"https:\\\/\\\/algarve7.pt\\\/index.php\\\/2024\\\/08\\\/jovens-pelo-ambiente-distribuem-baldes-em-contagem-decrescente-para-recolha-de-biorresiduos-em-setembro\\\/ambiente\\\/10\\\/29\\\/\"},\"author\":{\"name\":\"Algarve 7\",\"@id\":\"https:\\\/\\\/algarve7.pt\\\/#\\\/schema\\\/person\\\/23fa70681308e7b319a3204bcea45e0c\"},\"headline\":\"\u201cJovens pelo Ambiente\u201d distribuem baldes em contagem decrescente para recolha de biorres\u00edduos em setembro\",\"datePublished\":\"2024-08-08T09:29:00+00:00\",\"dateModified\":\"2024-08-08T09:29:01+00:00\",\"mainEntityOfPage\":{\"@id\":\"https:\\\/\\\/algarve7.pt\\\/index.php\\\/2024\\\/08\\\/jovens-pelo-ambiente-distribuem-baldes-em-contagem-decrescente-para-recolha-de-biorresiduos-em-setembro\\\/ambiente\\\/10\\\/29\\\/\"},\"wordCount\":538,\"commentCount\":0,\"publisher\":{\"@id\":\"https:\\\/\\\/algarve7.pt\\\/#organization\"},\"image\":{\"@id\":\"https:\\\/\\\/algarve7.pt\\\/index.php\\\/2024\\\/08\\\/jovens-pelo-ambiente-distribuem-baldes-em-contagem-decrescente-para-recolha-de-biorresiduos-em-setembro\\\/ambiente\\\/10\\\/29\\\/#primaryimage\"},\"thumbnailUrl\":\"https:\\\/\\\/algarve7.pt\\\/wp-content\\\/uploads\\\/2024\\\/08\\\/Jovens-pelo-Ambiente.jpg\",\"keywords\":[\"Algarve\",\"Ambiente\",\"Castro Marim\"],\"articleSection\":[\"Ambiente\"],\"inLanguage\":\"pt-PT\",\"potentialAction\":[{\"@type\":\"CommentAction\",\"name\":\"Comment\",\"target\":[\"https:\\\/\\\/algarve7.pt\\\/index.php\\\/2024\\\/08\\\/jovens-pelo-ambiente-distribuem-baldes-em-contagem-decrescente-para-recolha-de-biorresiduos-em-setembro\\\/ambiente\\\/10\\\/29\\\/#respond\"]}]},{\"@type\":\"WebPage\",\"@id\":\"https:\\\/\\\/algarve7.pt\\\/index.php\\\/2024\\\/08\\\/jovens-pelo-ambiente-distribuem-baldes-em-contagem-decrescente-para-recolha-de-biorresiduos-em-setembro\\\/ambiente\\\/10\\\/29\\\/\",\"url\":\"https:\\\/\\\/algarve7.pt\\\/index.php\\\/2024\\\/08\\\/jovens-pelo-ambiente-distribuem-baldes-em-contagem-decrescente-para-recolha-de-biorresiduos-em-setembro\\\/ambiente\\\/10\\\/29\\\/\",\"name\":\"\u201cJovens pelo Ambiente\u201d distribuem baldes em contagem decrescente para recolha de biorres\u00edduos em setembro - Algarve 7\",\"isPartOf\":{\"@id\":\"https:\\\/\\\/algarve7.pt\\\/#website\"},\"primaryImageOfPage\":{\"@id\":\"https:\\\/\\\/algarve7.pt\\\/index.php\\\/2024\\\/08\\\/jovens-pelo-ambiente-distribuem-baldes-em-contagem-decrescente-para-recolha-de-biorresiduos-em-setembro\\\/ambiente\\\/10\\\/29\\\/#primaryimage\"},\"image\":{\"@id\":\"https:\\\/\\\/algarve7.pt\\\/index.php\\\/2024\\\/08\\\/jovens-pelo-ambiente-distribuem-baldes-em-contagem-decrescente-para-recolha-de-biorresiduos-em-setembro\\\/ambiente\\\/10\\\/29\\\/#primaryimage\"},\"thumbnailUrl\":\"https:\\\/\\\/algarve7.pt\\\/wp-content\\\/uploads\\\/2024\\\/08\\\/Jovens-pelo-Ambiente.jpg\",\"datePublished\":\"2024-08-08T09:29:00+00:00\",\"dateModified\":\"2024-08-08T09:29:01+00:00\",\"description\":\"\u201cJovens pelo Ambiente\u201d distribuem baldes em contagem decrescente para recolha de biorres\u00edduos em setembro Ambiente\",\"breadcrumb\":{\"@id\":\"https:\\\/\\\/algarve7.pt\\\/index.php\\\/2024\\\/08\\\/jovens-pelo-ambiente-distribuem-baldes-em-contagem-decrescente-para-recolha-de-biorresiduos-em-setembro\\\/ambiente\\\/10\\\/29\\\/#breadcrumb\"},\"inLanguage\":\"pt-PT\",\"potentialAction\":[{\"@type\":\"ReadAction\",\"target\":[\"https:\\\/\\\/algarve7.pt\\\/index.php\\\/2024\\\/08\\\/jovens-pelo-ambiente-distribuem-baldes-em-contagem-decrescente-para-recolha-de-biorresiduos-em-setembro\\\/ambiente\\\/10\\\/29\\\/\"]}]},{\"@type\":\"ImageObject\",\"inLanguage\":\"pt-PT\",\"@id\":\"https:\\\/\\\/algarve7.pt\\\/index.php\\\/2024\\\/08\\\/jovens-pelo-ambiente-distribuem-baldes-em-contagem-decrescente-para-recolha-de-biorresiduos-em-setembro\\\/ambiente\\\/10\\\/29\\\/#primaryimage\",\"url\":\"https:\\\/\\\/algarve7.pt\\\/wp-content\\\/uploads\\\/2024\\\/08\\\/Jovens-pelo-Ambiente.jpg\",\"contentUrl\":\"https:\\\/\\\/algarve7.pt\\\/wp-content\\\/uploads\\\/2024\\\/08\\\/Jovens-pelo-Ambiente.jpg\",\"width\":800,\"height\":470},{\"@type\":\"BreadcrumbList\",\"@id\":\"https:\\\/\\\/algarve7.pt\\\/index.php\\\/2024\\\/08\\\/jovens-pelo-ambiente-distribuem-baldes-em-contagem-decrescente-para-recolha-de-biorresiduos-em-setembro\\\/ambiente\\\/10\\\/29\\\/#breadcrumb\",\"itemListElement\":[{\"@type\":\"ListItem\",\"position\":1,\"name\":\"In\u00edcio\",\"item\":\"https:\\\/\\\/algarve7.pt\\\/\"},{\"@type\":\"ListItem\",\"position\":2,\"name\":\"\u201cJovens pelo Ambiente\u201d distribuem baldes em contagem decrescente para recolha de biorres\u00edduos em setembro\"}]},{\"@type\":\"WebSite\",\"@id\":\"https:\\\/\\\/algarve7.pt\\\/#website\",\"url\":\"https:\\\/\\\/algarve7.pt\\\/\",\"name\":\"Algarve 7\",\"description\":\"Informa\u00e7\u00e3o sobre o Algarve\",\"publisher\":{\"@id\":\"https:\\\/\\\/algarve7.pt\\\/#organization\"},\"potentialAction\":[{\"@type\":\"SearchAction\",\"target\":{\"@type\":\"EntryPoint\",\"urlTemplate\":\"https:\\\/\\\/algarve7.pt\\\/?s={search_term_string}\"},\"query-input\":{\"@type\":\"PropertyValueSpecification\",\"valueRequired\":true,\"valueName\":\"search_term_string\"}}],\"inLanguage\":\"pt-PT\"},{\"@type\":\"Organization\",\"@id\":\"https:\\\/\\\/algarve7.pt\\\/#organization\",\"name\":\"Algarve 7\",\"url\":\"https:\\\/\\\/algarve7.pt\\\/\",\"logo\":{\"@type\":\"ImageObject\",\"inLanguage\":\"pt-PT\",\"@id\":\"https:\\\/\\\/algarve7.pt\\\/#\\\/schema\\\/logo\\\/image\\\/\",\"url\":\"https:\\\/\\\/algarve7.pt\\\/wp-content\\\/uploads\\\/2020\\\/10\\\/Logo-8.jpg\",\"contentUrl\":\"https:\\\/\\\/algarve7.pt\\\/wp-content\\\/uploads\\\/2020\\\/10\\\/Logo-8.jpg\",\"width\":1680,\"height\":1186,\"caption\":\"Algarve 7\"},\"image\":{\"@id\":\"https:\\\/\\\/algarve7.pt\\\/#\\\/schema\\\/logo\\\/image\\\/\"},\"sameAs\":[\"https:\\\/\\\/www.facebook.com\\\/algarve7\",\"https:\\\/\\\/x.com\\\/Algarvesete\",\"https:\\\/\\\/www.instagram.com\\\/jornalalgarve7\\\/\",\"https:\\\/\\\/www.linkedin.com\\\/company\\\/algarve7\",\"https:\\\/\\\/www.pinterest.pt\\\/geral0939\\\/_created\\\/\"]},{\"@type\":\"Person\",\"@id\":\"https:\\\/\\\/algarve7.pt\\\/#\\\/schema\\\/person\\\/23fa70681308e7b319a3204bcea45e0c\",\"name\":\"Algarve 7\",\"sameAs\":[\"https:\\\/\\\/algarve7.pt\",\"https:\\\/\\\/www.facebook.com\\\/algarve7\"],\"url\":\"https:\\\/\\\/algarve7.pt\\\/index.php\\\/author\\\/geralalgarve7-pt\\\/\"}]}<\/script>\n<!-- \/ Yoast SEO plugin. -->","yoast_head_json":{"title":"\u201cJovens pelo Ambiente\u201d distribuem baldes em contagem decrescente para recolha de biorres\u00edduos em setembro - Algarve 7","description":"\u201cJovens pelo Ambiente\u201d distribuem baldes em contagem decrescente para recolha de biorres\u00edduos em setembro Ambiente","robots":{"index":"index","follow":"follow","max-snippet":"max-snippet:-1","max-image-preview":"max-image-preview:large","max-video-preview":"max-video-preview:-1"},"canonical":"https:\/\/algarve7.pt\/index.php\/2024\/08\/jovens-pelo-ambiente-distribuem-baldes-em-contagem-decrescente-para-recolha-de-biorresiduos-em-setembro\/ambiente\/10\/29\/","og_locale":"pt_PT","og_type":"article","og_title":"\u201cJovens pelo Ambiente\u201d distribuem baldes em contagem decrescente para recolha de biorres\u00edduos em setembro - Algarve 7","og_description":"\u201cJovens pelo Ambiente\u201d distribuem baldes em contagem decrescente para recolha de biorres\u00edduos em setembro Ambiente","og_url":"https:\/\/algarve7.pt\/index.php\/2024\/08\/jovens-pelo-ambiente-distribuem-baldes-em-contagem-decrescente-para-recolha-de-biorresiduos-em-setembro\/ambiente\/10\/29\/","og_site_name":"Algarve 7","article_publisher":"https:\/\/www.facebook.com\/algarve7","article_author":"https:\/\/www.facebook.com\/algarve7","article_published_time":"2024-08-08T09:29:00+00:00","article_modified_time":"2024-08-08T09:29:01+00:00","og_image":[{"width":800,"height":470,"url":"https:\/\/algarve7.pt\/wp-content\/uploads\/2024\/08\/Jovens-pelo-Ambiente.jpg","type":"image\/jpeg"}],"author":"Algarve 7","twitter_card":"summary_large_image","twitter_creator":"@Algarvesete","twitter_site":"@Algarvesete","twitter_misc":{"Escrito por":"Algarve 7","Tempo estimado de leitura":"3 minutos"},"schema":{"@context":"https:\/\/schema.org","@graph":[{"@type":"Article","@id":"https:\/\/algarve7.pt\/index.php\/2024\/08\/jovens-pelo-ambiente-distribuem-baldes-em-contagem-decrescente-para-recolha-de-biorresiduos-em-setembro\/ambiente\/10\/29\/#article","isPartOf":{"@id":"https:\/\/algarve7.pt\/index.php\/2024\/08\/jovens-pelo-ambiente-distribuem-baldes-em-contagem-decrescente-para-recolha-de-biorresiduos-em-setembro\/ambiente\/10\/29\/"},"author":{"name":"Algarve 7","@id":"https:\/\/algarve7.pt\/#\/schema\/person\/23fa70681308e7b319a3204bcea45e0c"},"headline":"\u201cJovens pelo Ambiente\u201d distribuem baldes em contagem decrescente para recolha de biorres\u00edduos em setembro","datePublished":"2024-08-08T09:29:00+00:00","dateModified":"2024-08-08T09:29:01+00:00","mainEntityOfPage":{"@id":"https:\/\/algarve7.pt\/index.php\/2024\/08\/jovens-pelo-ambiente-distribuem-baldes-em-contagem-decrescente-para-recolha-de-biorresiduos-em-setembro\/ambiente\/10\/29\/"},"wordCount":538,"commentCount":0,"publisher":{"@id":"https:\/\/algarve7.pt\/#organization"},"image":{"@id":"https:\/\/algarve7.pt\/index.php\/2024\/08\/jovens-pelo-ambiente-distribuem-baldes-em-contagem-decrescente-para-recolha-de-biorresiduos-em-setembro\/ambiente\/10\/29\/#primaryimage"},"thumbnailUrl":"https:\/\/algarve7.pt\/wp-content\/uploads\/2024\/08\/Jovens-pelo-Ambiente.jpg","keywords":["Algarve","Ambiente","Castro Marim"],"articleSection":["Ambiente"],"inLanguage":"pt-PT","potentialAction":[{"@type":"CommentAction","name":"Comment","target":["https:\/\/algarve7.pt\/index.php\/2024\/08\/jovens-pelo-ambiente-distribuem-baldes-em-contagem-decrescente-para-recolha-de-biorresiduos-em-setembro\/ambiente\/10\/29\/#respond"]}]},{"@type":"WebPage","@id":"https:\/\/algarve7.pt\/index.php\/2024\/08\/jovens-pelo-ambiente-distribuem-baldes-em-contagem-decrescente-para-recolha-de-biorresiduos-em-setembro\/ambiente\/10\/29\/","url":"https:\/\/algarve7.pt\/index.php\/2024\/08\/jovens-pelo-ambiente-distribuem-baldes-em-contagem-decrescente-para-recolha-de-biorresiduos-em-setembro\/ambiente\/10\/29\/","name":"\u201cJovens pelo Ambiente\u201d distribuem baldes em contagem decrescente para recolha de biorres\u00edduos em setembro - Algarve 7","isPartOf":{"@id":"https:\/\/algarve7.pt\/#website"},"primaryImageOfPage":{"@id":"https:\/\/algarve7.pt\/index.php\/2024\/08\/jovens-pelo-ambiente-distribuem-baldes-em-contagem-decrescente-para-recolha-de-biorresiduos-em-setembro\/ambiente\/10\/29\/#primaryimage"},"image":{"@id":"https:\/\/algarve7.pt\/index.php\/2024\/08\/jovens-pelo-ambiente-distribuem-baldes-em-contagem-decrescente-para-recolha-de-biorresiduos-em-setembro\/ambiente\/10\/29\/#primaryimage"},"thumbnailUrl":"https:\/\/algarve7.pt\/wp-content\/uploads\/2024\/08\/Jovens-pelo-Ambiente.jpg","datePublished":"2024-08-08T09:29:00+00:00","dateModified":"2024-08-08T09:29:01+00:00","description":"\u201cJovens pelo Ambiente\u201d distribuem baldes em contagem decrescente para recolha de biorres\u00edduos em setembro Ambiente","breadcrumb":{"@id":"https:\/\/algarve7.pt\/index.php\/2024\/08\/jovens-pelo-ambiente-distribuem-baldes-em-contagem-decrescente-para-recolha-de-biorresiduos-em-setembro\/ambiente\/10\/29\/#breadcrumb"},"inLanguage":"pt-PT","potentialAction":[{"@type":"ReadAction","target":["https:\/\/algarve7.pt\/index.php\/2024\/08\/jovens-pelo-ambiente-distribuem-baldes-em-contagem-decrescente-para-recolha-de-biorresiduos-em-setembro\/ambiente\/10\/29\/"]}]},{"@type":"ImageObject","inLanguage":"pt-PT","@id":"https:\/\/algarve7.pt\/index.php\/2024\/08\/jovens-pelo-ambiente-distribuem-baldes-em-contagem-decrescente-para-recolha-de-biorresiduos-em-setembro\/ambiente\/10\/29\/#primaryimage","url":"https:\/\/algarve7.pt\/wp-content\/uploads\/2024\/08\/Jovens-pelo-Ambiente.jpg","contentUrl":"https:\/\/algarve7.pt\/wp-content\/uploads\/2024\/08\/Jovens-pelo-Ambiente.jpg","width":800,"height":470},{"@type":"BreadcrumbList","@id":"https:\/\/algarve7.pt\/index.php\/2024\/08\/jovens-pelo-ambiente-distribuem-baldes-em-contagem-decrescente-para-recolha-de-biorresiduos-em-setembro\/ambiente\/10\/29\/#breadcrumb","itemListElement":[{"@type":"ListItem","position":1,"name":"In\u00edcio","item":"https:\/\/algarve7.pt\/"},{"@type":"ListItem","position":2,"name":"\u201cJovens pelo Ambiente\u201d distribuem baldes em contagem decrescente para recolha de biorres\u00edduos em setembro"}]},{"@type":"WebSite","@id":"https:\/\/algarve7.pt\/#website","url":"https:\/\/algarve7.pt\/","name":"Algarve 7","description":"Informa\u00e7\u00e3o sobre o Algarve","publisher":{"@id":"https:\/\/algarve7.pt\/#organization"},"potentialAction":[{"@type":"SearchAction","target":{"@type":"EntryPoint","urlTemplate":"https:\/\/algarve7.pt\/?s={search_term_string}"},"query-input":{"@type":"PropertyValueSpecification","valueRequired":true,"valueName":"search_term_string"}}],"inLanguage":"pt-PT"},{"@type":"Organization","@id":"https:\/\/algarve7.pt\/#organization","name":"Algarve 7","url":"https:\/\/algarve7.pt\/","logo":{"@type":"ImageObject","inLanguage":"pt-PT","@id":"https:\/\/algarve7.pt\/#\/schema\/logo\/image\/","url":"https:\/\/algarve7.pt\/wp-content\/uploads\/2020\/10\/Logo-8.jpg","contentUrl":"https:\/\/algarve7.pt\/wp-content\/uploads\/2020\/10\/Logo-8.jpg","width":1680,"height":1186,"caption":"Algarve 7"},"image":{"@id":"https:\/\/algarve7.pt\/#\/schema\/logo\/image\/"},"sameAs":["https:\/\/www.facebook.com\/algarve7","https:\/\/x.com\/Algarvesete","https:\/\/www.instagram.com\/jornalalgarve7\/","https:\/\/www.linkedin.com\/company\/algarve7","https:\/\/www.pinterest.pt\/geral0939\/_created\/"]},{"@type":"Person","@id":"https:\/\/algarve7.pt\/#\/schema\/person\/23fa70681308e7b319a3204bcea45e0c","name":"Algarve 7","sameAs":["https:\/\/algarve7.pt","https:\/\/www.facebook.com\/algarve7"],"url":"https:\/\/algarve7.pt\/index.php\/author\/geralalgarve7-pt\/"}]}},"jetpack_publicize_connections":[],"jetpack_featured_media_url":"https:\/\/algarve7.pt\/wp-content\/uploads\/2024\/08\/Jovens-pelo-Ambiente.jpg","jetpack_shortlink":"https:\/\/wp.me\/pcezmW-aJc","jetpack_sharing_enabled":true,"_links":{"self":[{"href":"https:\/\/algarve7.pt\/index.php\/wp-json\/wp\/v2\/posts\/41242","targetHints":{"allow":["GET"]}}],"collection":[{"href":"https:\/\/algarve7.pt\/index.php\/wp-json\/wp\/v2\/posts"}],"about":[{"href":"https:\/\/algarve7.pt\/index.php\/wp-json\/wp\/v2\/types\/post"}],"author":[{"embeddable":true,"href":"https:\/\/algarve7.pt\/index.php\/wp-json\/wp\/v2\/users\/1"}],"replies":[{"embeddable":true,"href":"https:\/\/algarve7.pt\/index.php\/wp-json\/wp\/v2\/comments?post=41242"}],"version-history":[{"count":0,"href":"https:\/\/algarve7.pt\/index.php\/wp-json\/wp\/v2\/posts\/41242\/revisions"}],"wp:featuredmedia":[{"embeddable":true,"href":"https:\/\/algarve7.pt\/index.php\/wp-json\/wp\/v2\/media\/41243"}],"wp:attachment":[{"href":"https:\/\/algarve7.pt\/index.php\/wp-json\/wp\/v2\/media?parent=41242"}],"wp:term":[{"taxonomy":"category","embeddable":true,"href":"https:\/\/algarve7.pt\/index.php\/wp-json\/wp\/v2\/categories?post=41242"},{"taxonomy":"post_tag","embeddable":true,"href":"https:\/\/algarve7.pt\/index.php\/wp-json\/wp\/v2\/tags?post=41242"}],"curies":[{"name":"wp","href":"https:\/\/api.w.org\/{rel}","templated":true}]}}