{"id":41071,"date":"2024-07-31T18:55:44","date_gmt":"2024-07-31T17:55:44","guid":{"rendered":"https:\/\/algarve7.pt\/?p=41071"},"modified":"2024-07-31T18:55:46","modified_gmt":"2024-07-31T17:55:46","slug":"feira-da-serra-volta-a-ser-evento-de-eleicao-do-verao-algarvio","status":"publish","type":"post","link":"https:\/\/algarve7.pt\/index.php\/2024\/07\/feira-da-serra-volta-a-ser-evento-de-eleicao-do-verao-algarvio\/atualidade\/18\/55\/","title":{"rendered":"Feira da Serra volta a ser evento de elei\u00e7\u00e3o do ver\u00e3o algarvio"},"content":{"rendered":"\n<p><strong>A Feira da Serra de S\u00e3o Br\u00e1s de Alportel voltou a afirmar-se como evento de elei\u00e7\u00e3o para quem quer conhecer o Algarve genu\u00edno, atrav\u00e9s desta ponte que une em perfeita harmonia a tradi\u00e7\u00e3o e a inova\u00e7\u00e3o, os saberes e sabores ancestrais e os projetos mais empreendedores e originais da regi\u00e3o.<\/strong><\/p>\n\n\n\n<p><strong>\u201cUma mostra das nossas ra\u00edzes e uma montra de futuro, onde os empreendedores revelam os seus projetos e os jovens apresentam os seus talentos e iniciativas. Uma feira que rejuvenesce em cada nova edi\u00e7\u00e3o. Esta \u00e9 a maior vit\u00f3ria da Feira da Serra\u201d, referia na abertura oficial da Feira da Serra, a Presidente da Comiss\u00e3o Organizadora, Marlene Guerreiro, Vice-Presidente da C\u00e2mara Municipal, que alia os pelouros do desenvolvimento econ\u00f3mico e empreendedorismo, \u00e0 cultura e ao turismo.<\/strong><\/p>\n\n\n\n<p>\u201cA Feira da Serra \u00e9 muito mais do que uma festa de ver\u00e3o. Ao longo de d\u00e9cadas tem primado e continua a pugnar pela defesa da identidade das nossas tradi\u00e7\u00f5es e das nossas gentes, pela valoriza\u00e7\u00e3o do nosso territ\u00f3rio e dos nossos produtos.<\/p>\n\n\n\n<p>Ano ap\u00f3s ano, associa-se \u00e0 estrat\u00e9gica tur\u00edstica do munic\u00edpio, contribuindo fortemente para a coes\u00e3o territorial da regi\u00e3o e para o incentivo ao investimento e \u00e0 aposta na moderniza\u00e7\u00e3o, ao mesmo tempo que potencia a economia local e regional de forma inequ\u00edvoca.<\/p>\n\n\n\n<p>Ao mesmo tempo, tem esta caracter\u00edstica t\u00e3o especial que \u00e9 o forte e exemplar envolvimento de toda a comunidade e de todo o tecido empresarial que tanto nos orgulha\u201d, referiu o Presidente da C\u00e2mara Municipal de S\u00e3o Br\u00e1s de Alportel, Vitor Guerreiro.<\/p>\n\n\n\n<p>Um evento onde todos os setores de atividade e for\u00e7as vivas da comunidade t\u00eam espa\u00e7o e que \u00e9 prova de que S\u00e3o Br\u00e1s de Alportel \u00e9 cada vez mais um concelho atrativo para novas fam\u00edlias que aqui encontram condi\u00e7\u00f5es e respostas excecionais na \u00e1rea da educa\u00e7\u00e3o e da sa\u00fade, de que \u00e9 exemplo o refor\u00e7o de respostas com a cria\u00e7\u00e3o da nova Unidade de Sa\u00fade Familiar, mas tamb\u00e9m ao n\u00edvel das acessibilidades, da oferta desportiva tanto em instala\u00e7\u00f5es como em modalidades dinamizadas, e uma massa associativa extremamente din\u00e2mica, acrescentou.<\/p>\n\n\n\n<p>\u201cEstamos a construir um concelho com futuro, aberto ao mundo, atento aos desafios que o mundo e a sociedade nos colocam. Mas acima de tudo, um concelho constru\u00eddo com a uni\u00e3o de todos\u201d, sublinhou Vitor Guerreiro.<\/p>\n\n\n\n<p>Ao longo de quatro dias, visitantes de todas as idades, nacionalidades e interesses passaram por S\u00e3o Br\u00e1s de Alportel e tiveram oportunidade de despertar todos os seus sentidos nos 19 espa\u00e7os tem\u00e1ticos, nas muitas zonas de degusta\u00e7\u00e3o gastron\u00f3mica e nos j\u00e1 sete palcos de anima\u00e7\u00e3o, onde puderam assistir a mais de 70 horas de espet\u00e1culos.<\/p>\n\n\n\n<p>A sele\u00e7\u00e3o de artistas passou claramente por uma op\u00e7\u00e3o de valoriza\u00e7\u00e3o do que de melhor se faz no panorama regional e nacional. &nbsp;A Feira da Serra voltou a ser o palco de grandes concertos proporcionados por David Carreira, Diogo Pi\u00e7arra, Anjos e B\u00e1rbara Bandeira, que partilharam o palco principal com bandas e artistas da regi\u00e3o, \u201cSempre com ADN s\u00e3o-brasense, sendo este um princ\u00edpio que defendemos. Com muito orgulho apresent\u00e1mos nos 4 dias do certame 4 projetos musicais de grande qualidade: os rec\u00e9m-formados Alma do Fado, um desafio original que trouxe a palco os Seistetos &amp; Convidados, a banda de originais Osmose e o novo projeto revela\u00e7\u00e3o Algarve Band.<\/p>\n\n\n\n<p>Pelo Palco Sonoridades foram tamb\u00e9m muitos os artistas locais presentes nos quatro dias do certame, com destaque para a dan\u00e7a e para bandas locais; enquanto o Palco Jovem foi um verdadeiro desfile de talentos, com destaque para o grande momento de apresenta\u00e7\u00e3o em exclusivo da Banda Feira da Serra Jovem 2.0, que nesta edi\u00e7\u00e3o contou com um padrinho, o conceituado cantor e produtor luso americano Oliver Sean, que proporcionar\u00e1 \u00e0 banda a edi\u00e7\u00e3o de um single com promo\u00e7\u00e3o internacional.<\/p>\n\n\n\n<p>A diversidade de espet\u00e1culos, a variedade de espa\u00e7os e atividades intergeracionais, a genuinidade do artesanato e dos produtos locais, a miss\u00e3o com grandes causas, a par da inova\u00e7\u00e3o e da preocupa\u00e7\u00e3o com a acessibilidade para todos ao longo de todo o recinto, conforto e seguran\u00e7a foram por certo ingredientes que atra\u00edram milhares de visitantes ao \u201ccora\u00e7\u00e3o do Algarve\u201d.<\/p>\n\n\n\n<p>Importa ainda recordar que este ano o recinto foi ampliado, alcan\u00e7ando j\u00e1 4 hectares, com o objetivo de proporcionar maior comodidade e usufruto de todos os espa\u00e7os tem\u00e1ticos.<\/p>\n\n\n\n<p>No total, no recinto, os visitantes foram recebidos por aproximadamente 300 expositores distribu\u00eddos por 20 espa\u00e7os tem\u00e1ticos, nove zonas de restaura\u00e7\u00e3o e uma dezena de pontos de petiscos e similares.<\/p>\n\n\n\n<p>Um evento novamente concretizado com o empenho de mais de 2700 pessoas, entre organiza\u00e7\u00e3o, volunt\u00e1rios e participantes, tendo como objetivo comum mostrar o que de melhor se faz no Algarve, em particular do interior algarvio, onde a economia e a inova\u00e7\u00e3o se ligam para potenciar os produtos e recursos da regi\u00e3o.<\/p>\n\n\n\n<p>Mantendo o formato de quatro dias, entre 25 e 28 de julho, este certame j\u00e1 \u00e9 uma refer\u00eancia ano calend\u00e1rio de anima\u00e7\u00e3o do ver\u00e3o algarvio.<\/p>\n\n\n\n<p>A sess\u00e3o inaugural contou com a presen\u00e7a do Secret\u00e1rio de Estado da Economia, Jo\u00e3o Rui Ferreira, entre in\u00fameras entidades regionais e locais, que honraram este momento com a sua presen\u00e7a.<\/p>\n\n\n\n<p>O Secret\u00e1rio de Estado que conhece bem S\u00e3o Br\u00e1s de Alportel e a Serra do Caldeir\u00e3o, ao qual est\u00e1 ligado por boas mem\u00f3rias, ligadas ao setor corticeiro, o mais representativo na hist\u00f3ria do territ\u00f3rio, n\u00e3o poupou elogios ao certame que considera com um contributo muito relevante para a economia local. \u201cNota-se que a feira vai crescendo e isso \u00e9 sinal de sucesso. Destaco ainda a import\u00e2ncia de termos este tipo de eventos, fora grandes \u00e1reas onde as pessoas normalmente est\u00e3o presentes\u201d, observou Jo\u00e3o Ferreira apontando para a import\u00e2ncia de desenvolver a economia e atrair capacidade de desenvolvimento em zonas que ainda t\u00eam margem para acolher novas empresas e mais emprego.<\/p>\n\n\n\n<p>\u201cDefendo muito que \u00e9 no contacto entre pessoas e ideias que surge muitas vezes o debloqueio de algo que pode acontecer. Obviamente esta feira vai muito para l\u00e1 disso, vai tamb\u00e9m pelo desenvolvimento do com\u00e9rcio local, dos produtos locais\u201d, afirmou garantindo: \u201cEm mim, ter\u00e3o sempre um embaixador\u201d.<\/p>\n\n\n\n<p><strong>Feira da Serra cada vez mais apaixonada, jovial e solid\u00e1ria<\/strong><\/p>\n\n\n\n<p>Convidada a definir a for\u00e7a que faz acontecer este certame, a Presidente da Comiss\u00e3o Organizadora da Feira da Serra e Vice-presidente da C\u00e2mara Municipal, Marlene Guerreiro escolheu a paix\u00e3o.<\/p>\n\n\n\n<p>\u201c\u00c9 uma paix\u00e3o que nos une pela nossa terra, pelas nossas tradi\u00e7\u00f5es, pela serra e por tudo o que ela significa, de t\u00e3o importante que \u00e9 para a sustentabilidade do nosso territ\u00f3rio e pelo futuro que realmente precisamos realmente de cuidar.<\/p>\n\n\n\n<p>\u00c9 na m\u00e3o dos jovens que estamos a deixar esse legado e essa esperan\u00e7a e, por isso, ficamos muito felizes quando vemos que esta feira tem a alma que tem, porque nasce da m\u00e3o dos jovens: dos volunt\u00e1rios que se envolvem, participam e sentem que a feira marca a sua juventude\u201d.<\/p>\n\n\n\n<p>Recorde-se que esta edi\u00e7\u00e3o voltou a contar com a participa\u00e7\u00e3o de mais de uma centena de jovens volunt\u00e1rios que se aliaram \u00e0 organiza\u00e7\u00e3o para ajudar na promo\u00e7\u00e3o, divulga\u00e7\u00e3o, montagem e apoio do certame, a par dos muitos jovens que subiram aos v\u00e1rios palcos da Feira.<\/p>\n\n\n\n<p>E porque a juventude da Feira da Serra n\u00e3o se mede s\u00f3 na idade, mas tamb\u00e9m na capacidade de inova\u00e7\u00e3o e irrever\u00eancia aliada \u00e0 tradi\u00e7\u00e3o, Marlene Guerreiro destacou com nota positiva a presen\u00e7a de projetos inovadores relacionados com o azeite, que foi o produto em destaque desta edi\u00e7\u00e3o, e que foram muito al\u00e9m da tradicional utiliza\u00e7\u00e3o na do\u00e7aria e gastronomia. Projetos empreendedores das \u00e1reas da cosm\u00e9tica, da sa\u00fade, do artesanato, da gastronomia marcaram presen\u00e7a na Feira provando que o azeite \u00e9 um produto com um potencial imenso, e que a sua valoriza\u00e7\u00e3o contribui de forma decisiva para a dinamiza\u00e7\u00e3o da economia.<\/p>\n\n\n\n<p>Outra das fontes de jovialidade deste certame est\u00e1 na sua abertura \u00e0 divulga\u00e7\u00e3o do associativismo bem ativo no concelho de S\u00e3o Br\u00e1s de Alportel e tamb\u00e9m de causas solid\u00e1rias, como \u00e9 o caso de associa\u00e7\u00f5es ao socorro das comunidades, de que \u00e9 exemplo a Associa\u00e7\u00e3o Humanit\u00e1ria dos Bombeiros Volunt\u00e1rios de S\u00e3o Br\u00e1s de Alportel, mas tamb\u00e9m associa\u00e7\u00f5es ligadas ao bem-estar animal, como \u00e9 o caso da Cora\u00e7\u00e3o 100 Dono.<\/p>\n\n\n\n<p>Ali\u00e1s os animais que sempre ocuparam um lugar muito especial no certame foram mesmo protagonistas principais nesta edi\u00e7\u00e3o. Para al\u00e9m do Picadeiro que \u00e9 de h\u00e1 muito um dos palcos mais importantes do certame, sempre com casa cheia num programa de enorme qualidade, nesta edi\u00e7\u00e3o surgiu o novo palco \u201cPatudos\u201d, com 4 dias de demonstra\u00e7\u00f5es desportivas caninas; enquanto que o S\u00edtio dos Animais teve a maior din\u00e2mica de sempre, com uma Capoeira de grandes dimens\u00f5es, onde as crian\u00e7as puderam acompanhar as rotinas da quinta e ver nascer os primeiros pintainhos da Feira da Serra.<\/p>\n\n\n\n<p>\u201cA Feira da Serra tem crescido e tem-se transformando mantendo aquilo que \u00e9 a sua ess\u00eancia e continua a afirmar-se como uma mostra daquilo que somos e daquilo que temos de melhor\u201d, concluiu Marlene Guerreiro deixando antever que j\u00e1 est\u00e3o em marcha os primeiros passos para a edi\u00e7\u00e3o de 2025 que se vai realizar entre 24 e 27 de julho.<\/p>\n","protected":false},"excerpt":{"rendered":"<p>A Feira da Serra de S\u00e3o Br\u00e1s de Alportel voltou a afirmar-se como evento de elei\u00e7\u00e3o para quem quer conhecer<\/p>\n","protected":false},"author":1,"featured_media":41072,"comment_status":"open","ping_status":"open","sticky":false,"template":"","format":"standard","meta":{"colormag_page_container_layout":"default_layout","colormag_page_sidebar_layout":"default_layout","_monsterinsights_skip_tracking":false,"_monsterinsights_sitenote_active":false,"_monsterinsights_sitenote_note":"","_monsterinsights_sitenote_category":0,"jetpack_post_was_ever_published":false,"_jetpack_newsletter_access":"","_jetpack_dont_email_post_to_subs":false,"_jetpack_newsletter_tier_id":0,"_jetpack_memberships_contains_paywalled_content":false,"_jetpack_memberships_contains_paid_content":false,"footnotes":"","jetpack_publicize_message":"","jetpack_publicize_feature_enabled":true,"jetpack_social_post_already_shared":false,"jetpack_social_options":{"image_generator_settings":{"template":"highway","default_image_id":0,"font":"","enabled":false},"version":2}},"categories":[11],"tags":[36,62,610,63],"class_list":["post-41071","post","type-post","status-publish","format-standard","has-post-thumbnail","hentry","category-atualidade","tag-algarve","tag-atualidade","tag-feira-da-serra","tag-sao-bras-de-alportel"],"yoast_head":"<!-- This site is optimized with the Yoast SEO plugin v27.5 - https:\/\/yoast.com\/product\/yoast-seo-wordpress\/ -->\n<title>Feira da Serra volta a ser evento de elei\u00e7\u00e3o do ver\u00e3o algarvio - Algarve 7<\/title>\n<meta name=\"description\" content=\"Feira da Serra volta a ser evento de elei\u00e7\u00e3o do ver\u00e3o algarvio Atualidade\" \/>\n<meta name=\"robots\" content=\"index, follow, max-snippet:-1, max-image-preview:large, max-video-preview:-1\" \/>\n<link rel=\"canonical\" href=\"https:\/\/algarve7.pt\/index.php\/2024\/07\/feira-da-serra-volta-a-ser-evento-de-eleicao-do-verao-algarvio\/atualidade\/18\/55\/\" \/>\n<meta property=\"og:locale\" content=\"pt_PT\" \/>\n<meta property=\"og:type\" content=\"article\" \/>\n<meta property=\"og:title\" content=\"Feira da Serra volta a ser evento de elei\u00e7\u00e3o do ver\u00e3o algarvio - Algarve 7\" \/>\n<meta property=\"og:description\" content=\"Feira da Serra volta a ser evento de elei\u00e7\u00e3o do ver\u00e3o algarvio Atualidade\" \/>\n<meta property=\"og:url\" content=\"https:\/\/algarve7.pt\/index.php\/2024\/07\/feira-da-serra-volta-a-ser-evento-de-eleicao-do-verao-algarvio\/atualidade\/18\/55\/\" \/>\n<meta property=\"og:site_name\" content=\"Algarve 7\" \/>\n<meta property=\"article:publisher\" content=\"https:\/\/www.facebook.com\/algarve7\" \/>\n<meta property=\"article:author\" content=\"https:\/\/www.facebook.com\/algarve7\" \/>\n<meta property=\"article:published_time\" content=\"2024-07-31T17:55:44+00:00\" \/>\n<meta property=\"article:modified_time\" content=\"2024-07-31T17:55:46+00:00\" \/>\n<meta property=\"og:image\" content=\"https:\/\/algarve7.pt\/wp-content\/uploads\/2024\/07\/Abertura-da-Feira-da-Serra-SBA-25-07-2024-12.jpg\" \/>\n\t<meta property=\"og:image:width\" content=\"800\" \/>\n\t<meta property=\"og:image:height\" content=\"470\" \/>\n\t<meta property=\"og:image:type\" content=\"image\/jpeg\" \/>\n<meta name=\"author\" content=\"Algarve 7\" \/>\n<meta name=\"twitter:card\" content=\"summary_large_image\" \/>\n<meta name=\"twitter:creator\" content=\"@Algarvesete\" \/>\n<meta name=\"twitter:site\" content=\"@Algarvesete\" \/>\n<meta name=\"twitter:label1\" content=\"Escrito por\" \/>\n\t<meta name=\"twitter:data1\" content=\"Algarve 7\" \/>\n\t<meta name=\"twitter:label2\" content=\"Tempo estimado de leitura\" \/>\n\t<meta name=\"twitter:data2\" content=\"9 minutos\" \/>\n<script type=\"application\/ld+json\" class=\"yoast-schema-graph\">{\"@context\":\"https:\\\/\\\/schema.org\",\"@graph\":[{\"@type\":\"Article\",\"@id\":\"https:\\\/\\\/algarve7.pt\\\/index.php\\\/2024\\\/07\\\/feira-da-serra-volta-a-ser-evento-de-eleicao-do-verao-algarvio\\\/atualidade\\\/18\\\/55\\\/#article\",\"isPartOf\":{\"@id\":\"https:\\\/\\\/algarve7.pt\\\/index.php\\\/2024\\\/07\\\/feira-da-serra-volta-a-ser-evento-de-eleicao-do-verao-algarvio\\\/atualidade\\\/18\\\/55\\\/\"},\"author\":{\"name\":\"Algarve 7\",\"@id\":\"https:\\\/\\\/algarve7.pt\\\/#\\\/schema\\\/person\\\/23fa70681308e7b319a3204bcea45e0c\"},\"headline\":\"Feira da Serra volta a ser evento de elei\u00e7\u00e3o do ver\u00e3o algarvio\",\"datePublished\":\"2024-07-31T17:55:44+00:00\",\"dateModified\":\"2024-07-31T17:55:46+00:00\",\"mainEntityOfPage\":{\"@id\":\"https:\\\/\\\/algarve7.pt\\\/index.php\\\/2024\\\/07\\\/feira-da-serra-volta-a-ser-evento-de-eleicao-do-verao-algarvio\\\/atualidade\\\/18\\\/55\\\/\"},\"wordCount\":1653,\"commentCount\":0,\"publisher\":{\"@id\":\"https:\\\/\\\/algarve7.pt\\\/#organization\"},\"image\":{\"@id\":\"https:\\\/\\\/algarve7.pt\\\/index.php\\\/2024\\\/07\\\/feira-da-serra-volta-a-ser-evento-de-eleicao-do-verao-algarvio\\\/atualidade\\\/18\\\/55\\\/#primaryimage\"},\"thumbnailUrl\":\"https:\\\/\\\/algarve7.pt\\\/wp-content\\\/uploads\\\/2024\\\/07\\\/Abertura-da-Feira-da-Serra-SBA-25-07-2024-12.jpg\",\"keywords\":[\"Algarve\",\"Atualidade\",\"Feira da Serra\",\"S\u00e3o Br\u00e1s de Alportel\"],\"articleSection\":[\"Atualidade\"],\"inLanguage\":\"pt-PT\",\"potentialAction\":[{\"@type\":\"CommentAction\",\"name\":\"Comment\",\"target\":[\"https:\\\/\\\/algarve7.pt\\\/index.php\\\/2024\\\/07\\\/feira-da-serra-volta-a-ser-evento-de-eleicao-do-verao-algarvio\\\/atualidade\\\/18\\\/55\\\/#respond\"]}]},{\"@type\":\"WebPage\",\"@id\":\"https:\\\/\\\/algarve7.pt\\\/index.php\\\/2024\\\/07\\\/feira-da-serra-volta-a-ser-evento-de-eleicao-do-verao-algarvio\\\/atualidade\\\/18\\\/55\\\/\",\"url\":\"https:\\\/\\\/algarve7.pt\\\/index.php\\\/2024\\\/07\\\/feira-da-serra-volta-a-ser-evento-de-eleicao-do-verao-algarvio\\\/atualidade\\\/18\\\/55\\\/\",\"name\":\"Feira da Serra volta a ser evento de elei\u00e7\u00e3o do ver\u00e3o algarvio - Algarve 7\",\"isPartOf\":{\"@id\":\"https:\\\/\\\/algarve7.pt\\\/#website\"},\"primaryImageOfPage\":{\"@id\":\"https:\\\/\\\/algarve7.pt\\\/index.php\\\/2024\\\/07\\\/feira-da-serra-volta-a-ser-evento-de-eleicao-do-verao-algarvio\\\/atualidade\\\/18\\\/55\\\/#primaryimage\"},\"image\":{\"@id\":\"https:\\\/\\\/algarve7.pt\\\/index.php\\\/2024\\\/07\\\/feira-da-serra-volta-a-ser-evento-de-eleicao-do-verao-algarvio\\\/atualidade\\\/18\\\/55\\\/#primaryimage\"},\"thumbnailUrl\":\"https:\\\/\\\/algarve7.pt\\\/wp-content\\\/uploads\\\/2024\\\/07\\\/Abertura-da-Feira-da-Serra-SBA-25-07-2024-12.jpg\",\"datePublished\":\"2024-07-31T17:55:44+00:00\",\"dateModified\":\"2024-07-31T17:55:46+00:00\",\"description\":\"Feira da Serra volta a ser evento de elei\u00e7\u00e3o do ver\u00e3o algarvio Atualidade\",\"breadcrumb\":{\"@id\":\"https:\\\/\\\/algarve7.pt\\\/index.php\\\/2024\\\/07\\\/feira-da-serra-volta-a-ser-evento-de-eleicao-do-verao-algarvio\\\/atualidade\\\/18\\\/55\\\/#breadcrumb\"},\"inLanguage\":\"pt-PT\",\"potentialAction\":[{\"@type\":\"ReadAction\",\"target\":[\"https:\\\/\\\/algarve7.pt\\\/index.php\\\/2024\\\/07\\\/feira-da-serra-volta-a-ser-evento-de-eleicao-do-verao-algarvio\\\/atualidade\\\/18\\\/55\\\/\"]}]},{\"@type\":\"ImageObject\",\"inLanguage\":\"pt-PT\",\"@id\":\"https:\\\/\\\/algarve7.pt\\\/index.php\\\/2024\\\/07\\\/feira-da-serra-volta-a-ser-evento-de-eleicao-do-verao-algarvio\\\/atualidade\\\/18\\\/55\\\/#primaryimage\",\"url\":\"https:\\\/\\\/algarve7.pt\\\/wp-content\\\/uploads\\\/2024\\\/07\\\/Abertura-da-Feira-da-Serra-SBA-25-07-2024-12.jpg\",\"contentUrl\":\"https:\\\/\\\/algarve7.pt\\\/wp-content\\\/uploads\\\/2024\\\/07\\\/Abertura-da-Feira-da-Serra-SBA-25-07-2024-12.jpg\",\"width\":800,\"height\":470},{\"@type\":\"BreadcrumbList\",\"@id\":\"https:\\\/\\\/algarve7.pt\\\/index.php\\\/2024\\\/07\\\/feira-da-serra-volta-a-ser-evento-de-eleicao-do-verao-algarvio\\\/atualidade\\\/18\\\/55\\\/#breadcrumb\",\"itemListElement\":[{\"@type\":\"ListItem\",\"position\":1,\"name\":\"In\u00edcio\",\"item\":\"https:\\\/\\\/algarve7.pt\\\/\"},{\"@type\":\"ListItem\",\"position\":2,\"name\":\"Feira da Serra volta a ser evento de elei\u00e7\u00e3o do ver\u00e3o algarvio\"}]},{\"@type\":\"WebSite\",\"@id\":\"https:\\\/\\\/algarve7.pt\\\/#website\",\"url\":\"https:\\\/\\\/algarve7.pt\\\/\",\"name\":\"Algarve 7\",\"description\":\"Informa\u00e7\u00e3o sobre o Algarve\",\"publisher\":{\"@id\":\"https:\\\/\\\/algarve7.pt\\\/#organization\"},\"potentialAction\":[{\"@type\":\"SearchAction\",\"target\":{\"@type\":\"EntryPoint\",\"urlTemplate\":\"https:\\\/\\\/algarve7.pt\\\/?s={search_term_string}\"},\"query-input\":{\"@type\":\"PropertyValueSpecification\",\"valueRequired\":true,\"valueName\":\"search_term_string\"}}],\"inLanguage\":\"pt-PT\"},{\"@type\":\"Organization\",\"@id\":\"https:\\\/\\\/algarve7.pt\\\/#organization\",\"name\":\"Algarve 7\",\"url\":\"https:\\\/\\\/algarve7.pt\\\/\",\"logo\":{\"@type\":\"ImageObject\",\"inLanguage\":\"pt-PT\",\"@id\":\"https:\\\/\\\/algarve7.pt\\\/#\\\/schema\\\/logo\\\/image\\\/\",\"url\":\"https:\\\/\\\/algarve7.pt\\\/wp-content\\\/uploads\\\/2020\\\/10\\\/Logo-8.jpg\",\"contentUrl\":\"https:\\\/\\\/algarve7.pt\\\/wp-content\\\/uploads\\\/2020\\\/10\\\/Logo-8.jpg\",\"width\":1680,\"height\":1186,\"caption\":\"Algarve 7\"},\"image\":{\"@id\":\"https:\\\/\\\/algarve7.pt\\\/#\\\/schema\\\/logo\\\/image\\\/\"},\"sameAs\":[\"https:\\\/\\\/www.facebook.com\\\/algarve7\",\"https:\\\/\\\/x.com\\\/Algarvesete\",\"https:\\\/\\\/www.instagram.com\\\/jornalalgarve7\\\/\",\"https:\\\/\\\/www.linkedin.com\\\/company\\\/algarve7\",\"https:\\\/\\\/www.pinterest.pt\\\/geral0939\\\/_created\\\/\"]},{\"@type\":\"Person\",\"@id\":\"https:\\\/\\\/algarve7.pt\\\/#\\\/schema\\\/person\\\/23fa70681308e7b319a3204bcea45e0c\",\"name\":\"Algarve 7\",\"sameAs\":[\"https:\\\/\\\/algarve7.pt\",\"https:\\\/\\\/www.facebook.com\\\/algarve7\"],\"url\":\"https:\\\/\\\/algarve7.pt\\\/index.php\\\/author\\\/geralalgarve7-pt\\\/\"}]}<\/script>\n<!-- \/ Yoast SEO plugin. -->","yoast_head_json":{"title":"Feira da Serra volta a ser evento de elei\u00e7\u00e3o do ver\u00e3o algarvio - Algarve 7","description":"Feira da Serra volta a ser evento de elei\u00e7\u00e3o do ver\u00e3o algarvio Atualidade","robots":{"index":"index","follow":"follow","max-snippet":"max-snippet:-1","max-image-preview":"max-image-preview:large","max-video-preview":"max-video-preview:-1"},"canonical":"https:\/\/algarve7.pt\/index.php\/2024\/07\/feira-da-serra-volta-a-ser-evento-de-eleicao-do-verao-algarvio\/atualidade\/18\/55\/","og_locale":"pt_PT","og_type":"article","og_title":"Feira da Serra volta a ser evento de elei\u00e7\u00e3o do ver\u00e3o algarvio - Algarve 7","og_description":"Feira da Serra volta a ser evento de elei\u00e7\u00e3o do ver\u00e3o algarvio Atualidade","og_url":"https:\/\/algarve7.pt\/index.php\/2024\/07\/feira-da-serra-volta-a-ser-evento-de-eleicao-do-verao-algarvio\/atualidade\/18\/55\/","og_site_name":"Algarve 7","article_publisher":"https:\/\/www.facebook.com\/algarve7","article_author":"https:\/\/www.facebook.com\/algarve7","article_published_time":"2024-07-31T17:55:44+00:00","article_modified_time":"2024-07-31T17:55:46+00:00","og_image":[{"width":800,"height":470,"url":"https:\/\/algarve7.pt\/wp-content\/uploads\/2024\/07\/Abertura-da-Feira-da-Serra-SBA-25-07-2024-12.jpg","type":"image\/jpeg"}],"author":"Algarve 7","twitter_card":"summary_large_image","twitter_creator":"@Algarvesete","twitter_site":"@Algarvesete","twitter_misc":{"Escrito por":"Algarve 7","Tempo estimado de leitura":"9 minutos"},"schema":{"@context":"https:\/\/schema.org","@graph":[{"@type":"Article","@id":"https:\/\/algarve7.pt\/index.php\/2024\/07\/feira-da-serra-volta-a-ser-evento-de-eleicao-do-verao-algarvio\/atualidade\/18\/55\/#article","isPartOf":{"@id":"https:\/\/algarve7.pt\/index.php\/2024\/07\/feira-da-serra-volta-a-ser-evento-de-eleicao-do-verao-algarvio\/atualidade\/18\/55\/"},"author":{"name":"Algarve 7","@id":"https:\/\/algarve7.pt\/#\/schema\/person\/23fa70681308e7b319a3204bcea45e0c"},"headline":"Feira da Serra volta a ser evento de elei\u00e7\u00e3o do ver\u00e3o algarvio","datePublished":"2024-07-31T17:55:44+00:00","dateModified":"2024-07-31T17:55:46+00:00","mainEntityOfPage":{"@id":"https:\/\/algarve7.pt\/index.php\/2024\/07\/feira-da-serra-volta-a-ser-evento-de-eleicao-do-verao-algarvio\/atualidade\/18\/55\/"},"wordCount":1653,"commentCount":0,"publisher":{"@id":"https:\/\/algarve7.pt\/#organization"},"image":{"@id":"https:\/\/algarve7.pt\/index.php\/2024\/07\/feira-da-serra-volta-a-ser-evento-de-eleicao-do-verao-algarvio\/atualidade\/18\/55\/#primaryimage"},"thumbnailUrl":"https:\/\/algarve7.pt\/wp-content\/uploads\/2024\/07\/Abertura-da-Feira-da-Serra-SBA-25-07-2024-12.jpg","keywords":["Algarve","Atualidade","Feira da Serra","S\u00e3o Br\u00e1s de Alportel"],"articleSection":["Atualidade"],"inLanguage":"pt-PT","potentialAction":[{"@type":"CommentAction","name":"Comment","target":["https:\/\/algarve7.pt\/index.php\/2024\/07\/feira-da-serra-volta-a-ser-evento-de-eleicao-do-verao-algarvio\/atualidade\/18\/55\/#respond"]}]},{"@type":"WebPage","@id":"https:\/\/algarve7.pt\/index.php\/2024\/07\/feira-da-serra-volta-a-ser-evento-de-eleicao-do-verao-algarvio\/atualidade\/18\/55\/","url":"https:\/\/algarve7.pt\/index.php\/2024\/07\/feira-da-serra-volta-a-ser-evento-de-eleicao-do-verao-algarvio\/atualidade\/18\/55\/","name":"Feira da Serra volta a ser evento de elei\u00e7\u00e3o do ver\u00e3o algarvio - Algarve 7","isPartOf":{"@id":"https:\/\/algarve7.pt\/#website"},"primaryImageOfPage":{"@id":"https:\/\/algarve7.pt\/index.php\/2024\/07\/feira-da-serra-volta-a-ser-evento-de-eleicao-do-verao-algarvio\/atualidade\/18\/55\/#primaryimage"},"image":{"@id":"https:\/\/algarve7.pt\/index.php\/2024\/07\/feira-da-serra-volta-a-ser-evento-de-eleicao-do-verao-algarvio\/atualidade\/18\/55\/#primaryimage"},"thumbnailUrl":"https:\/\/algarve7.pt\/wp-content\/uploads\/2024\/07\/Abertura-da-Feira-da-Serra-SBA-25-07-2024-12.jpg","datePublished":"2024-07-31T17:55:44+00:00","dateModified":"2024-07-31T17:55:46+00:00","description":"Feira da Serra volta a ser evento de elei\u00e7\u00e3o do ver\u00e3o algarvio Atualidade","breadcrumb":{"@id":"https:\/\/algarve7.pt\/index.php\/2024\/07\/feira-da-serra-volta-a-ser-evento-de-eleicao-do-verao-algarvio\/atualidade\/18\/55\/#breadcrumb"},"inLanguage":"pt-PT","potentialAction":[{"@type":"ReadAction","target":["https:\/\/algarve7.pt\/index.php\/2024\/07\/feira-da-serra-volta-a-ser-evento-de-eleicao-do-verao-algarvio\/atualidade\/18\/55\/"]}]},{"@type":"ImageObject","inLanguage":"pt-PT","@id":"https:\/\/algarve7.pt\/index.php\/2024\/07\/feira-da-serra-volta-a-ser-evento-de-eleicao-do-verao-algarvio\/atualidade\/18\/55\/#primaryimage","url":"https:\/\/algarve7.pt\/wp-content\/uploads\/2024\/07\/Abertura-da-Feira-da-Serra-SBA-25-07-2024-12.jpg","contentUrl":"https:\/\/algarve7.pt\/wp-content\/uploads\/2024\/07\/Abertura-da-Feira-da-Serra-SBA-25-07-2024-12.jpg","width":800,"height":470},{"@type":"BreadcrumbList","@id":"https:\/\/algarve7.pt\/index.php\/2024\/07\/feira-da-serra-volta-a-ser-evento-de-eleicao-do-verao-algarvio\/atualidade\/18\/55\/#breadcrumb","itemListElement":[{"@type":"ListItem","position":1,"name":"In\u00edcio","item":"https:\/\/algarve7.pt\/"},{"@type":"ListItem","position":2,"name":"Feira da Serra volta a ser evento de elei\u00e7\u00e3o do ver\u00e3o algarvio"}]},{"@type":"WebSite","@id":"https:\/\/algarve7.pt\/#website","url":"https:\/\/algarve7.pt\/","name":"Algarve 7","description":"Informa\u00e7\u00e3o sobre o Algarve","publisher":{"@id":"https:\/\/algarve7.pt\/#organization"},"potentialAction":[{"@type":"SearchAction","target":{"@type":"EntryPoint","urlTemplate":"https:\/\/algarve7.pt\/?s={search_term_string}"},"query-input":{"@type":"PropertyValueSpecification","valueRequired":true,"valueName":"search_term_string"}}],"inLanguage":"pt-PT"},{"@type":"Organization","@id":"https:\/\/algarve7.pt\/#organization","name":"Algarve 7","url":"https:\/\/algarve7.pt\/","logo":{"@type":"ImageObject","inLanguage":"pt-PT","@id":"https:\/\/algarve7.pt\/#\/schema\/logo\/image\/","url":"https:\/\/algarve7.pt\/wp-content\/uploads\/2020\/10\/Logo-8.jpg","contentUrl":"https:\/\/algarve7.pt\/wp-content\/uploads\/2020\/10\/Logo-8.jpg","width":1680,"height":1186,"caption":"Algarve 7"},"image":{"@id":"https:\/\/algarve7.pt\/#\/schema\/logo\/image\/"},"sameAs":["https:\/\/www.facebook.com\/algarve7","https:\/\/x.com\/Algarvesete","https:\/\/www.instagram.com\/jornalalgarve7\/","https:\/\/www.linkedin.com\/company\/algarve7","https:\/\/www.pinterest.pt\/geral0939\/_created\/"]},{"@type":"Person","@id":"https:\/\/algarve7.pt\/#\/schema\/person\/23fa70681308e7b319a3204bcea45e0c","name":"Algarve 7","sameAs":["https:\/\/algarve7.pt","https:\/\/www.facebook.com\/algarve7"],"url":"https:\/\/algarve7.pt\/index.php\/author\/geralalgarve7-pt\/"}]}},"jetpack_publicize_connections":[],"jetpack_featured_media_url":"https:\/\/algarve7.pt\/wp-content\/uploads\/2024\/07\/Abertura-da-Feira-da-Serra-SBA-25-07-2024-12.jpg","jetpack_shortlink":"https:\/\/wp.me\/pcezmW-aGr","jetpack_sharing_enabled":true,"_links":{"self":[{"href":"https:\/\/algarve7.pt\/index.php\/wp-json\/wp\/v2\/posts\/41071","targetHints":{"allow":["GET"]}}],"collection":[{"href":"https:\/\/algarve7.pt\/index.php\/wp-json\/wp\/v2\/posts"}],"about":[{"href":"https:\/\/algarve7.pt\/index.php\/wp-json\/wp\/v2\/types\/post"}],"author":[{"embeddable":true,"href":"https:\/\/algarve7.pt\/index.php\/wp-json\/wp\/v2\/users\/1"}],"replies":[{"embeddable":true,"href":"https:\/\/algarve7.pt\/index.php\/wp-json\/wp\/v2\/comments?post=41071"}],"version-history":[{"count":0,"href":"https:\/\/algarve7.pt\/index.php\/wp-json\/wp\/v2\/posts\/41071\/revisions"}],"wp:featuredmedia":[{"embeddable":true,"href":"https:\/\/algarve7.pt\/index.php\/wp-json\/wp\/v2\/media\/41072"}],"wp:attachment":[{"href":"https:\/\/algarve7.pt\/index.php\/wp-json\/wp\/v2\/media?parent=41071"}],"wp:term":[{"taxonomy":"category","embeddable":true,"href":"https:\/\/algarve7.pt\/index.php\/wp-json\/wp\/v2\/categories?post=41071"},{"taxonomy":"post_tag","embeddable":true,"href":"https:\/\/algarve7.pt\/index.php\/wp-json\/wp\/v2\/tags?post=41071"}],"curies":[{"name":"wp","href":"https:\/\/api.w.org\/{rel}","templated":true}]}}