{"id":4107,"date":"2020-11-26T19:50:15","date_gmt":"2020-11-26T19:50:15","guid":{"rendered":"https:\/\/algarve7.pt\/?p=4107"},"modified":"2020-11-26T17:55:41","modified_gmt":"2020-11-26T17:55:41","slug":"museu-municipal-de-faro-expoe-colecao-de-fotografia-do-novo-banco","status":"publish","type":"post","link":"https:\/\/algarve7.pt\/index.php\/2020\/11\/museu-municipal-de-faro-expoe-colecao-de-fotografia-do-novo-banco\/cultura\/19\/50\/","title":{"rendered":"Museu municipal de Faro exp\u00f5e cole\u00e7\u00e3o de fotografia do novo banco"},"content":{"rendered":"\n<p>O Museu Municipal de Faro inaugura no dia 10 de dezembro de 2020, a Exposi\u00e7\u00e3o \u201cTerrit\u00f3rio Solar\u201d, com obras da Cole\u00e7\u00e3o de Fotografia Contempor\u00e2nea do Novo Banco, e a curadoria de Maria Eduarda Duarte.<\/p>\n\n\n\n<p>\u201cTerrit\u00f3rio Solar\u201d resulta de mais uma colabora\u00e7\u00e3o entre o Munic\u00edpio e o Novo Banco e promove uma leitura sobre o espa\u00e7o para al\u00e9m dos seus limites f\u00edsicos e geogr\u00e1ficos. Um lugar \u00e9 muito mais do que o solo e a arquitetura que o comp\u00f5e, um lugar n\u00e3o se descreve simplesmente pelos elementos vis\u00edveis que o desenham, mas sim por tudo o que \u00e9 tempo e mem\u00f3ria, ra\u00edzes e culturas, pessoas, hist\u00f3rias e vidas.<\/p>\n\n\n\n<p>Inspirado na obra de Ant\u00f3nio Ramos Rosa, poeta farense reconhecido em todo o Mundo, com v\u00e1rios pr\u00e9mios \u2013 entre eles o Pr\u00e9mio Pessoa \u2013, foi selecionado um conjunto de obras da Cole\u00e7\u00e3o de Fotografia Contempor\u00e2nea do Novo Banco que reflete essa liga\u00e7\u00e3o ao lugar, um espa\u00e7o que pode ser de perten\u00e7a, mas tamb\u00e9m de busca constante.<\/p>\n\n\n\n<p><strong>Artistas apresentados:<\/strong><\/p>\n\n\n\n<p>Ignasi Aball\u00ed, Patr\u00edcia Almeira, Uta Barth, Tacita Dean, Willie Doherty, Faivovich &amp;<\/p>\n\n\n\n<p>Goldberg, Jo\u00e3o Maria Gusm\u00e3o e Pedro Paiva, Leslie Hewitt, Aino Kannisto, Daniel<\/p>\n\n\n\n<p>Malh\u00e3o, Susan Meiselas, Gabriel Orozco, Samuel Rama, Jos\u00e9 Manuel Rodrigues,<\/p>\n\n\n\n<p>Pauliana Valente Pimentel, Jeff Wall, Michael Wesely.<\/p>\n\n\n\n<p><strong>Sobre a Cole\u00e7\u00e3o de Fotografia do Novo Banco:<\/strong><\/p>\n\n\n\n<p>A Cole\u00e7\u00e3o de Fotografia do Novo Banco \u00e9 uma das mais premiadas cole\u00e7\u00f5es corporativas. Em 2011 \u00e9 galardoada com o \u201dCorporate Collection Award&#8221; pela ARCOMadrid. Integra em 2014 o ranking das 100 melhores cole\u00e7\u00f5es institucionais do mundo, passando em 2015 para o ainda mais restrito n\u00facleo das 80 melhores cole\u00e7\u00f5es corporativas do mundo pela Global Corporate Collection. Em 2018 \u00e9 premiada no Parlamento Europeu, com o galard\u00e3o internacional Corporate Art Awards :&#8221;For the Outstanding Photography Collection of 21st century living\u201d.<\/p>\n","protected":false},"excerpt":{"rendered":"<p>O Museu Municipal de Faro inaugura no dia 10 de dezembro de 2020, a Exposi\u00e7\u00e3o \u201cTerrit\u00f3rio Solar\u201d, com obras da<\/p>\n","protected":false},"author":1,"featured_media":4108,"comment_status":"closed","ping_status":"open","sticky":false,"template":"","format":"standard","meta":{"colormag_page_container_layout":"default_layout","colormag_page_sidebar_layout":"default_layout","_monsterinsights_skip_tracking":false,"_monsterinsights_sitenote_active":false,"_monsterinsights_sitenote_note":"","_monsterinsights_sitenote_category":0,"jetpack_post_was_ever_published":false,"_jetpack_newsletter_access":"","_jetpack_dont_email_post_to_subs":false,"_jetpack_newsletter_tier_id":0,"_jetpack_memberships_contains_paywalled_content":false,"_jetpack_memberships_contains_paid_content":false,"footnotes":"","jetpack_publicize_message":"","jetpack_publicize_feature_enabled":true,"jetpack_social_post_already_shared":true,"jetpack_social_options":{"image_generator_settings":{"template":"highway","default_image_id":0,"font":"","enabled":false},"version":2}},"categories":[14],"tags":[36,35,66,57],"class_list":["post-4107","post","type-post","status-publish","format-standard","has-post-thumbnail","hentry","category-cultura","tag-algarve","tag-cultura","tag-exposicao","tag-faro"],"yoast_head":"<!-- This site is optimized with the Yoast SEO plugin v27.5 - https:\/\/yoast.com\/product\/yoast-seo-wordpress\/ -->\n<title>Museu municipal de Faro exp\u00f5e cole\u00e7\u00e3o de fotografia do novo banco - Algarve 7<\/title>\n<meta name=\"description\" content=\"Museu municipal de Faro exp\u00f5e cole\u00e7\u00e3o de fotografia do novo banco Cultura\" \/>\n<meta name=\"robots\" content=\"index, follow, max-snippet:-1, max-image-preview:large, max-video-preview:-1\" \/>\n<link rel=\"canonical\" href=\"https:\/\/algarve7.pt\/index.php\/2020\/11\/museu-municipal-de-faro-expoe-colecao-de-fotografia-do-novo-banco\/cultura\/19\/50\/\" \/>\n<meta property=\"og:locale\" content=\"pt_PT\" \/>\n<meta property=\"og:type\" content=\"article\" \/>\n<meta property=\"og:title\" content=\"Museu municipal de Faro exp\u00f5e cole\u00e7\u00e3o de fotografia do novo banco - Algarve 7\" \/>\n<meta property=\"og:description\" content=\"Museu municipal de Faro exp\u00f5e cole\u00e7\u00e3o de fotografia do novo banco Cultura\" \/>\n<meta property=\"og:url\" content=\"https:\/\/algarve7.pt\/index.php\/2020\/11\/museu-municipal-de-faro-expoe-colecao-de-fotografia-do-novo-banco\/cultura\/19\/50\/\" \/>\n<meta property=\"og:site_name\" content=\"Algarve 7\" \/>\n<meta property=\"article:publisher\" content=\"https:\/\/www.facebook.com\/algarve7\" \/>\n<meta property=\"article:author\" content=\"https:\/\/www.facebook.com\/algarve7\" \/>\n<meta property=\"article:published_time\" content=\"2020-11-26T19:50:15+00:00\" \/>\n<meta property=\"og:image\" content=\"https:\/\/algarve7.pt\/wp-content\/uploads\/2020\/11\/i_ignasi_04_107x160-cm_fotografia-color_maleza-3.jpg\" \/>\n\t<meta property=\"og:image:width\" content=\"1134\" \/>\n\t<meta property=\"og:image:height\" content=\"744\" \/>\n\t<meta property=\"og:image:type\" content=\"image\/jpeg\" \/>\n<meta name=\"author\" content=\"Algarve 7\" \/>\n<meta name=\"twitter:card\" content=\"summary_large_image\" \/>\n<meta name=\"twitter:creator\" content=\"@Algarvesete\" \/>\n<meta name=\"twitter:site\" content=\"@Algarvesete\" \/>\n<meta name=\"twitter:label1\" content=\"Escrito por\" \/>\n\t<meta name=\"twitter:data1\" content=\"Algarve 7\" \/>\n\t<meta name=\"twitter:label2\" content=\"Tempo estimado de leitura\" \/>\n\t<meta name=\"twitter:data2\" content=\"2 minutos\" \/>\n<script type=\"application\/ld+json\" class=\"yoast-schema-graph\">{\"@context\":\"https:\\\/\\\/schema.org\",\"@graph\":[{\"@type\":\"Article\",\"@id\":\"https:\\\/\\\/algarve7.pt\\\/index.php\\\/2020\\\/11\\\/museu-municipal-de-faro-expoe-colecao-de-fotografia-do-novo-banco\\\/cultura\\\/19\\\/50\\\/#article\",\"isPartOf\":{\"@id\":\"https:\\\/\\\/algarve7.pt\\\/index.php\\\/2020\\\/11\\\/museu-municipal-de-faro-expoe-colecao-de-fotografia-do-novo-banco\\\/cultura\\\/19\\\/50\\\/\"},\"author\":{\"name\":\"Algarve 7\",\"@id\":\"https:\\\/\\\/algarve7.pt\\\/#\\\/schema\\\/person\\\/23fa70681308e7b319a3204bcea45e0c\"},\"headline\":\"Museu municipal de Faro exp\u00f5e cole\u00e7\u00e3o de fotografia do novo banco\",\"datePublished\":\"2020-11-26T19:50:15+00:00\",\"mainEntityOfPage\":{\"@id\":\"https:\\\/\\\/algarve7.pt\\\/index.php\\\/2020\\\/11\\\/museu-municipal-de-faro-expoe-colecao-de-fotografia-do-novo-banco\\\/cultura\\\/19\\\/50\\\/\"},\"wordCount\":330,\"publisher\":{\"@id\":\"https:\\\/\\\/algarve7.pt\\\/#organization\"},\"image\":{\"@id\":\"https:\\\/\\\/algarve7.pt\\\/index.php\\\/2020\\\/11\\\/museu-municipal-de-faro-expoe-colecao-de-fotografia-do-novo-banco\\\/cultura\\\/19\\\/50\\\/#primaryimage\"},\"thumbnailUrl\":\"https:\\\/\\\/algarve7.pt\\\/wp-content\\\/uploads\\\/2020\\\/11\\\/i_ignasi_04_107x160-cm_fotografia-color_maleza-3.jpg\",\"keywords\":[\"Algarve\",\"Cultura\",\"Exposi\u00e7\u00e3o\",\"Faro\"],\"articleSection\":[\"Cultura\"],\"inLanguage\":\"pt-PT\"},{\"@type\":\"WebPage\",\"@id\":\"https:\\\/\\\/algarve7.pt\\\/index.php\\\/2020\\\/11\\\/museu-municipal-de-faro-expoe-colecao-de-fotografia-do-novo-banco\\\/cultura\\\/19\\\/50\\\/\",\"url\":\"https:\\\/\\\/algarve7.pt\\\/index.php\\\/2020\\\/11\\\/museu-municipal-de-faro-expoe-colecao-de-fotografia-do-novo-banco\\\/cultura\\\/19\\\/50\\\/\",\"name\":\"Museu municipal de Faro exp\u00f5e cole\u00e7\u00e3o de fotografia do novo banco - Algarve 7\",\"isPartOf\":{\"@id\":\"https:\\\/\\\/algarve7.pt\\\/#website\"},\"primaryImageOfPage\":{\"@id\":\"https:\\\/\\\/algarve7.pt\\\/index.php\\\/2020\\\/11\\\/museu-municipal-de-faro-expoe-colecao-de-fotografia-do-novo-banco\\\/cultura\\\/19\\\/50\\\/#primaryimage\"},\"image\":{\"@id\":\"https:\\\/\\\/algarve7.pt\\\/index.php\\\/2020\\\/11\\\/museu-municipal-de-faro-expoe-colecao-de-fotografia-do-novo-banco\\\/cultura\\\/19\\\/50\\\/#primaryimage\"},\"thumbnailUrl\":\"https:\\\/\\\/algarve7.pt\\\/wp-content\\\/uploads\\\/2020\\\/11\\\/i_ignasi_04_107x160-cm_fotografia-color_maleza-3.jpg\",\"datePublished\":\"2020-11-26T19:50:15+00:00\",\"description\":\"Museu municipal de Faro exp\u00f5e cole\u00e7\u00e3o de fotografia do novo banco Cultura\",\"breadcrumb\":{\"@id\":\"https:\\\/\\\/algarve7.pt\\\/index.php\\\/2020\\\/11\\\/museu-municipal-de-faro-expoe-colecao-de-fotografia-do-novo-banco\\\/cultura\\\/19\\\/50\\\/#breadcrumb\"},\"inLanguage\":\"pt-PT\",\"potentialAction\":[{\"@type\":\"ReadAction\",\"target\":[\"https:\\\/\\\/algarve7.pt\\\/index.php\\\/2020\\\/11\\\/museu-municipal-de-faro-expoe-colecao-de-fotografia-do-novo-banco\\\/cultura\\\/19\\\/50\\\/\"]}]},{\"@type\":\"ImageObject\",\"inLanguage\":\"pt-PT\",\"@id\":\"https:\\\/\\\/algarve7.pt\\\/index.php\\\/2020\\\/11\\\/museu-municipal-de-faro-expoe-colecao-de-fotografia-do-novo-banco\\\/cultura\\\/19\\\/50\\\/#primaryimage\",\"url\":\"https:\\\/\\\/algarve7.pt\\\/wp-content\\\/uploads\\\/2020\\\/11\\\/i_ignasi_04_107x160-cm_fotografia-color_maleza-3.jpg\",\"contentUrl\":\"https:\\\/\\\/algarve7.pt\\\/wp-content\\\/uploads\\\/2020\\\/11\\\/i_ignasi_04_107x160-cm_fotografia-color_maleza-3.jpg\",\"width\":1134,\"height\":744},{\"@type\":\"BreadcrumbList\",\"@id\":\"https:\\\/\\\/algarve7.pt\\\/index.php\\\/2020\\\/11\\\/museu-municipal-de-faro-expoe-colecao-de-fotografia-do-novo-banco\\\/cultura\\\/19\\\/50\\\/#breadcrumb\",\"itemListElement\":[{\"@type\":\"ListItem\",\"position\":1,\"name\":\"In\u00edcio\",\"item\":\"https:\\\/\\\/algarve7.pt\\\/\"},{\"@type\":\"ListItem\",\"position\":2,\"name\":\"Museu municipal de Faro exp\u00f5e cole\u00e7\u00e3o de fotografia do novo banco\"}]},{\"@type\":\"WebSite\",\"@id\":\"https:\\\/\\\/algarve7.pt\\\/#website\",\"url\":\"https:\\\/\\\/algarve7.pt\\\/\",\"name\":\"Algarve 7\",\"description\":\"Informa\u00e7\u00e3o sobre o Algarve\",\"publisher\":{\"@id\":\"https:\\\/\\\/algarve7.pt\\\/#organization\"},\"potentialAction\":[{\"@type\":\"SearchAction\",\"target\":{\"@type\":\"EntryPoint\",\"urlTemplate\":\"https:\\\/\\\/algarve7.pt\\\/?s={search_term_string}\"},\"query-input\":{\"@type\":\"PropertyValueSpecification\",\"valueRequired\":true,\"valueName\":\"search_term_string\"}}],\"inLanguage\":\"pt-PT\"},{\"@type\":\"Organization\",\"@id\":\"https:\\\/\\\/algarve7.pt\\\/#organization\",\"name\":\"Algarve 7\",\"url\":\"https:\\\/\\\/algarve7.pt\\\/\",\"logo\":{\"@type\":\"ImageObject\",\"inLanguage\":\"pt-PT\",\"@id\":\"https:\\\/\\\/algarve7.pt\\\/#\\\/schema\\\/logo\\\/image\\\/\",\"url\":\"https:\\\/\\\/algarve7.pt\\\/wp-content\\\/uploads\\\/2020\\\/10\\\/Logo-8.jpg\",\"contentUrl\":\"https:\\\/\\\/algarve7.pt\\\/wp-content\\\/uploads\\\/2020\\\/10\\\/Logo-8.jpg\",\"width\":1680,\"height\":1186,\"caption\":\"Algarve 7\"},\"image\":{\"@id\":\"https:\\\/\\\/algarve7.pt\\\/#\\\/schema\\\/logo\\\/image\\\/\"},\"sameAs\":[\"https:\\\/\\\/www.facebook.com\\\/algarve7\",\"https:\\\/\\\/x.com\\\/Algarvesete\",\"https:\\\/\\\/www.instagram.com\\\/jornalalgarve7\\\/\",\"https:\\\/\\\/www.linkedin.com\\\/company\\\/algarve7\",\"https:\\\/\\\/www.pinterest.pt\\\/geral0939\\\/_created\\\/\"]},{\"@type\":\"Person\",\"@id\":\"https:\\\/\\\/algarve7.pt\\\/#\\\/schema\\\/person\\\/23fa70681308e7b319a3204bcea45e0c\",\"name\":\"Algarve 7\",\"sameAs\":[\"https:\\\/\\\/algarve7.pt\",\"https:\\\/\\\/www.facebook.com\\\/algarve7\"],\"url\":\"https:\\\/\\\/algarve7.pt\\\/index.php\\\/author\\\/geralalgarve7-pt\\\/\"}]}<\/script>\n<!-- \/ Yoast SEO plugin. -->","yoast_head_json":{"title":"Museu municipal de Faro exp\u00f5e cole\u00e7\u00e3o de fotografia do novo banco - Algarve 7","description":"Museu municipal de Faro exp\u00f5e cole\u00e7\u00e3o de fotografia do novo banco Cultura","robots":{"index":"index","follow":"follow","max-snippet":"max-snippet:-1","max-image-preview":"max-image-preview:large","max-video-preview":"max-video-preview:-1"},"canonical":"https:\/\/algarve7.pt\/index.php\/2020\/11\/museu-municipal-de-faro-expoe-colecao-de-fotografia-do-novo-banco\/cultura\/19\/50\/","og_locale":"pt_PT","og_type":"article","og_title":"Museu municipal de Faro exp\u00f5e cole\u00e7\u00e3o de fotografia do novo banco - Algarve 7","og_description":"Museu municipal de Faro exp\u00f5e cole\u00e7\u00e3o de fotografia do novo banco Cultura","og_url":"https:\/\/algarve7.pt\/index.php\/2020\/11\/museu-municipal-de-faro-expoe-colecao-de-fotografia-do-novo-banco\/cultura\/19\/50\/","og_site_name":"Algarve 7","article_publisher":"https:\/\/www.facebook.com\/algarve7","article_author":"https:\/\/www.facebook.com\/algarve7","article_published_time":"2020-11-26T19:50:15+00:00","og_image":[{"width":1134,"height":744,"url":"https:\/\/algarve7.pt\/wp-content\/uploads\/2020\/11\/i_ignasi_04_107x160-cm_fotografia-color_maleza-3.jpg","type":"image\/jpeg"}],"author":"Algarve 7","twitter_card":"summary_large_image","twitter_creator":"@Algarvesete","twitter_site":"@Algarvesete","twitter_misc":{"Escrito por":"Algarve 7","Tempo estimado de leitura":"2 minutos"},"schema":{"@context":"https:\/\/schema.org","@graph":[{"@type":"Article","@id":"https:\/\/algarve7.pt\/index.php\/2020\/11\/museu-municipal-de-faro-expoe-colecao-de-fotografia-do-novo-banco\/cultura\/19\/50\/#article","isPartOf":{"@id":"https:\/\/algarve7.pt\/index.php\/2020\/11\/museu-municipal-de-faro-expoe-colecao-de-fotografia-do-novo-banco\/cultura\/19\/50\/"},"author":{"name":"Algarve 7","@id":"https:\/\/algarve7.pt\/#\/schema\/person\/23fa70681308e7b319a3204bcea45e0c"},"headline":"Museu municipal de Faro exp\u00f5e cole\u00e7\u00e3o de fotografia do novo banco","datePublished":"2020-11-26T19:50:15+00:00","mainEntityOfPage":{"@id":"https:\/\/algarve7.pt\/index.php\/2020\/11\/museu-municipal-de-faro-expoe-colecao-de-fotografia-do-novo-banco\/cultura\/19\/50\/"},"wordCount":330,"publisher":{"@id":"https:\/\/algarve7.pt\/#organization"},"image":{"@id":"https:\/\/algarve7.pt\/index.php\/2020\/11\/museu-municipal-de-faro-expoe-colecao-de-fotografia-do-novo-banco\/cultura\/19\/50\/#primaryimage"},"thumbnailUrl":"https:\/\/algarve7.pt\/wp-content\/uploads\/2020\/11\/i_ignasi_04_107x160-cm_fotografia-color_maleza-3.jpg","keywords":["Algarve","Cultura","Exposi\u00e7\u00e3o","Faro"],"articleSection":["Cultura"],"inLanguage":"pt-PT"},{"@type":"WebPage","@id":"https:\/\/algarve7.pt\/index.php\/2020\/11\/museu-municipal-de-faro-expoe-colecao-de-fotografia-do-novo-banco\/cultura\/19\/50\/","url":"https:\/\/algarve7.pt\/index.php\/2020\/11\/museu-municipal-de-faro-expoe-colecao-de-fotografia-do-novo-banco\/cultura\/19\/50\/","name":"Museu municipal de Faro exp\u00f5e cole\u00e7\u00e3o de fotografia do novo banco - Algarve 7","isPartOf":{"@id":"https:\/\/algarve7.pt\/#website"},"primaryImageOfPage":{"@id":"https:\/\/algarve7.pt\/index.php\/2020\/11\/museu-municipal-de-faro-expoe-colecao-de-fotografia-do-novo-banco\/cultura\/19\/50\/#primaryimage"},"image":{"@id":"https:\/\/algarve7.pt\/index.php\/2020\/11\/museu-municipal-de-faro-expoe-colecao-de-fotografia-do-novo-banco\/cultura\/19\/50\/#primaryimage"},"thumbnailUrl":"https:\/\/algarve7.pt\/wp-content\/uploads\/2020\/11\/i_ignasi_04_107x160-cm_fotografia-color_maleza-3.jpg","datePublished":"2020-11-26T19:50:15+00:00","description":"Museu municipal de Faro exp\u00f5e cole\u00e7\u00e3o de fotografia do novo banco Cultura","breadcrumb":{"@id":"https:\/\/algarve7.pt\/index.php\/2020\/11\/museu-municipal-de-faro-expoe-colecao-de-fotografia-do-novo-banco\/cultura\/19\/50\/#breadcrumb"},"inLanguage":"pt-PT","potentialAction":[{"@type":"ReadAction","target":["https:\/\/algarve7.pt\/index.php\/2020\/11\/museu-municipal-de-faro-expoe-colecao-de-fotografia-do-novo-banco\/cultura\/19\/50\/"]}]},{"@type":"ImageObject","inLanguage":"pt-PT","@id":"https:\/\/algarve7.pt\/index.php\/2020\/11\/museu-municipal-de-faro-expoe-colecao-de-fotografia-do-novo-banco\/cultura\/19\/50\/#primaryimage","url":"https:\/\/algarve7.pt\/wp-content\/uploads\/2020\/11\/i_ignasi_04_107x160-cm_fotografia-color_maleza-3.jpg","contentUrl":"https:\/\/algarve7.pt\/wp-content\/uploads\/2020\/11\/i_ignasi_04_107x160-cm_fotografia-color_maleza-3.jpg","width":1134,"height":744},{"@type":"BreadcrumbList","@id":"https:\/\/algarve7.pt\/index.php\/2020\/11\/museu-municipal-de-faro-expoe-colecao-de-fotografia-do-novo-banco\/cultura\/19\/50\/#breadcrumb","itemListElement":[{"@type":"ListItem","position":1,"name":"In\u00edcio","item":"https:\/\/algarve7.pt\/"},{"@type":"ListItem","position":2,"name":"Museu municipal de Faro exp\u00f5e cole\u00e7\u00e3o de fotografia do novo banco"}]},{"@type":"WebSite","@id":"https:\/\/algarve7.pt\/#website","url":"https:\/\/algarve7.pt\/","name":"Algarve 7","description":"Informa\u00e7\u00e3o sobre o Algarve","publisher":{"@id":"https:\/\/algarve7.pt\/#organization"},"potentialAction":[{"@type":"SearchAction","target":{"@type":"EntryPoint","urlTemplate":"https:\/\/algarve7.pt\/?s={search_term_string}"},"query-input":{"@type":"PropertyValueSpecification","valueRequired":true,"valueName":"search_term_string"}}],"inLanguage":"pt-PT"},{"@type":"Organization","@id":"https:\/\/algarve7.pt\/#organization","name":"Algarve 7","url":"https:\/\/algarve7.pt\/","logo":{"@type":"ImageObject","inLanguage":"pt-PT","@id":"https:\/\/algarve7.pt\/#\/schema\/logo\/image\/","url":"https:\/\/algarve7.pt\/wp-content\/uploads\/2020\/10\/Logo-8.jpg","contentUrl":"https:\/\/algarve7.pt\/wp-content\/uploads\/2020\/10\/Logo-8.jpg","width":1680,"height":1186,"caption":"Algarve 7"},"image":{"@id":"https:\/\/algarve7.pt\/#\/schema\/logo\/image\/"},"sameAs":["https:\/\/www.facebook.com\/algarve7","https:\/\/x.com\/Algarvesete","https:\/\/www.instagram.com\/jornalalgarve7\/","https:\/\/www.linkedin.com\/company\/algarve7","https:\/\/www.pinterest.pt\/geral0939\/_created\/"]},{"@type":"Person","@id":"https:\/\/algarve7.pt\/#\/schema\/person\/23fa70681308e7b319a3204bcea45e0c","name":"Algarve 7","sameAs":["https:\/\/algarve7.pt","https:\/\/www.facebook.com\/algarve7"],"url":"https:\/\/algarve7.pt\/index.php\/author\/geralalgarve7-pt\/"}]}},"jetpack_publicize_connections":[],"jetpack_featured_media_url":"https:\/\/algarve7.pt\/wp-content\/uploads\/2020\/11\/i_ignasi_04_107x160-cm_fotografia-color_maleza-3.jpg","jetpack_shortlink":"https:\/\/wp.me\/pcezmW-14f","jetpack_sharing_enabled":true,"_links":{"self":[{"href":"https:\/\/algarve7.pt\/index.php\/wp-json\/wp\/v2\/posts\/4107","targetHints":{"allow":["GET"]}}],"collection":[{"href":"https:\/\/algarve7.pt\/index.php\/wp-json\/wp\/v2\/posts"}],"about":[{"href":"https:\/\/algarve7.pt\/index.php\/wp-json\/wp\/v2\/types\/post"}],"author":[{"embeddable":true,"href":"https:\/\/algarve7.pt\/index.php\/wp-json\/wp\/v2\/users\/1"}],"replies":[{"embeddable":true,"href":"https:\/\/algarve7.pt\/index.php\/wp-json\/wp\/v2\/comments?post=4107"}],"version-history":[{"count":0,"href":"https:\/\/algarve7.pt\/index.php\/wp-json\/wp\/v2\/posts\/4107\/revisions"}],"wp:featuredmedia":[{"embeddable":true,"href":"https:\/\/algarve7.pt\/index.php\/wp-json\/wp\/v2\/media\/4108"}],"wp:attachment":[{"href":"https:\/\/algarve7.pt\/index.php\/wp-json\/wp\/v2\/media?parent=4107"}],"wp:term":[{"taxonomy":"category","embeddable":true,"href":"https:\/\/algarve7.pt\/index.php\/wp-json\/wp\/v2\/categories?post=4107"},{"taxonomy":"post_tag","embeddable":true,"href":"https:\/\/algarve7.pt\/index.php\/wp-json\/wp\/v2\/tags?post=4107"}],"curies":[{"name":"wp","href":"https:\/\/api.w.org\/{rel}","templated":true}]}}