{"id":41021,"date":"2024-07-29T11:08:09","date_gmt":"2024-07-29T10:08:09","guid":{"rendered":"https:\/\/algarve7.pt\/?p=41021"},"modified":"2024-07-29T11:09:26","modified_gmt":"2024-07-29T10:09:26","slug":"festival-da-sardinha-abre-portas-a-30-de-junho","status":"publish","type":"post","link":"https:\/\/algarve7.pt\/index.php\/2024\/07\/festival-da-sardinha-abre-portas-a-30-de-junho\/atualidade\/11\/08\/","title":{"rendered":"Festival da Sardinha abre portas a 30 de julho"},"content":{"rendered":"\n<p>A j\u00e1 tradicional recria\u00e7\u00e3o da descarga da sardinha no cais Gil Eanes, agendada para as 10h30 desta ter\u00e7a-feira, 30 de julho, marca o arranque da 28\u00aa edi\u00e7\u00e3o do Festival da Sardinha, que decorrer\u00e1 na zona ribeirinha de Portim\u00e3o at\u00e9 4 de agosto.<\/p>\n\n\n\n<p>Esta recria\u00e7\u00e3o de especial relev\u00e2ncia para a hist\u00f3ria social e econ\u00f3mica de Portim\u00e3o e das suas gentes vai ser transmitida ao vivo e poder\u00e1 ser acompanhada a par e passo nas redes sociais do Munic\u00edpio de Portim\u00e3o (facebook.com\/portimaomunicipio e https:\/\/www.instagram.com\/portimaooficial\/).<\/p>\n\n\n\n<p>Durante a recria\u00e7\u00e3o, que permitir\u00e1 reviver a atmosfera vibrante da lota, numa experi\u00eancia cultural aut\u00eantica e envolvente, ser\u00e3o ofertadas tr\u00eas mil senhas de degusta\u00e7\u00e3o, com direito a duas sardinhas no p\u00e3o e uma bebida, que poder\u00e3o ser usufru\u00eddas, num dos cinco espa\u00e7os de restaura\u00e7\u00e3o dinamizados no recinto do evento pelo associativismo local, entre a tarde de 30 julho e o encerramento do festival, que abre portas das 18h00 \u00e0 meia-noite.<\/p>\n\n\n\n<p>A inaugura\u00e7\u00e3o oficial do Festival da Sardinha ser\u00e1 presidida pelo secret\u00e1rio de Estado do Turismo, Pedro Machado, e est\u00e1 marcada para as 18h45 junto ao coreto da Pra\u00e7a Manuel Teixeira Gomes, contando com a participa\u00e7\u00e3o da&nbsp;Banda da Sociedade Filarm\u00f3nica Portimonense e da Fanfarra dos Bombeiros Volunt\u00e1rios de Portim\u00e3o.<\/p>\n\n\n\n<p>Na sequ\u00eancia do sucesso registado com a experi\u00eancia realizada em 2023, uma das novidades do festival deste ano ser\u00e1 a realiza\u00e7\u00e3o de tr\u00eas showcookings, nos quais participar\u00e3o Nuno Martins (chef executivo e cogerente do Restaurante NUMA &#8211; recomenda\u00e7\u00e3o Guia Michelin 2024) a 31 de julho, Jos\u00e9 Moura (chef executivo do Tivoli Lagos Algarve Resort e formador da Escola de Hotelaria e Turismo de Portim\u00e3o) a 2 de agosto e Jos\u00e9 Lopes (chef executivo do Restaurante Bon Bon, com uma Estrela Guia Michelin), a 3 de agosto.<\/p>\n\n\n\n<p>Os showcookings, promovidos pela Confraria dos Gastr\u00f3nomos da Sardinha, ter\u00e3o lugar das 19h00 \u00e0s 20h00 junto \u00e0 \u00c1rea Lounge, sendo poss\u00edvel aos visitantes degustar as receitas confecionadas pelos chefs, cujo ingrediente principal ser\u00e1 a sardinha.<\/p>\n\n\n\n<p>Outra altera\u00e7\u00e3o na edi\u00e7\u00e3o deste ano tem a ver com o Palco Sardinha, que anteriormente se localizava junto \u00e0 \u00e1rea de restaura\u00e7\u00e3o, e que passa fisicamente para o palco principal, face \u00e0 grande aflu\u00eancia que registava, o que permite aos artistas um espa\u00e7o maior e mais digno, tamb\u00e9m com o intuito de garantir o bem-estar de quem est\u00e1 a jantar e daqueles que desejam usufruir da anima\u00e7\u00e3o musical.<\/p>\n\n\n\n<p>Mas as novidades n\u00e3o se ficam por aqui e a pr\u00f3pria \u00c1rea Lounge cresceu, apresentando uma nova imagem que celebra o centen\u00e1rio de eleva\u00e7\u00e3o a cidade de Portim\u00e3o, mantendo as suas caracter\u00edsticas de espa\u00e7o acolhedor e relaxante, no qual tamb\u00e9m ser\u00e3o dinamizados passatempos e funcionar\u00e1 como ponto de informa\u00e7\u00e3o.<\/p>\n\n\n\n<p>Entre os in\u00fameros atrativos do 28\u00ba Festival da Sardinha, destaque para a aliciante programa\u00e7\u00e3o do Palco Principal, com o seguinte alinhamento: \u00c1urea (30 de julho); Sara Correia (31 de julho); Anjos (1 de agosto); Richie Campbell (2 de agosto); Marisa Liz (3 de agosto); Delfins (4 de agosto).<\/p>\n\n\n\n<p>Toda a informa\u00e7\u00e3o relativa ao mais famoso evento gastron\u00f3mico do Algarve, que tem entrada livre e \u00e9 mais uma vez organizado pelo Munic\u00edpio de Portim\u00e3o, pode ser consultada no site oficial da autarquia, em <a href=\"https:\/\/festivaldasardinha.pt\/\" target=\"_blank\" rel=\"noreferrer noopener\">https:\/\/festivaldasardinha.pt\/<\/a><\/p>\n\n\n\n<p><\/p>\n\n\n\n<p><\/p>\n\n\n\n<p><\/p>\n\n\n\n<p><\/p>\n\n\n\n<p><\/p>\n\n\n\n<p><\/p>\n","protected":false},"excerpt":{"rendered":"<p>A j\u00e1 tradicional recria\u00e7\u00e3o da descarga da sardinha no cais Gil Eanes, agendada para as 10h30 desta ter\u00e7a-feira, 30 de<\/p>\n","protected":false},"author":1,"featured_media":41022,"comment_status":"open","ping_status":"open","sticky":false,"template":"","format":"standard","meta":{"colormag_page_container_layout":"default_layout","colormag_page_sidebar_layout":"default_layout","_monsterinsights_skip_tracking":false,"_monsterinsights_sitenote_active":false,"_monsterinsights_sitenote_note":"","_monsterinsights_sitenote_category":0,"jetpack_post_was_ever_published":false,"_jetpack_newsletter_access":"","_jetpack_dont_email_post_to_subs":false,"_jetpack_newsletter_tier_id":0,"_jetpack_memberships_contains_paywalled_content":false,"_jetpack_memberships_contains_paid_content":false,"footnotes":"","jetpack_publicize_message":"","jetpack_publicize_feature_enabled":true,"jetpack_social_post_already_shared":false,"jetpack_social_options":{"image_generator_settings":{"template":"highway","default_image_id":0,"font":"","enabled":false},"version":2}},"categories":[11],"tags":[36,62,72],"class_list":["post-41021","post","type-post","status-publish","format-standard","has-post-thumbnail","hentry","category-atualidade","tag-algarve","tag-atualidade","tag-portimao"],"yoast_head":"<!-- This site is optimized with the Yoast SEO plugin v27.5 - https:\/\/yoast.com\/product\/yoast-seo-wordpress\/ -->\n<title>Festival da Sardinha abre portas a 30 de julho - Algarve 7<\/title>\n<meta name=\"description\" content=\"Festival da Sardinha abre portas a 30 de julho Atualidade\" \/>\n<meta name=\"robots\" content=\"index, follow, max-snippet:-1, max-image-preview:large, max-video-preview:-1\" \/>\n<link rel=\"canonical\" href=\"https:\/\/algarve7.pt\/index.php\/2024\/07\/festival-da-sardinha-abre-portas-a-30-de-junho\/atualidade\/11\/08\/\" \/>\n<meta property=\"og:locale\" content=\"pt_PT\" \/>\n<meta property=\"og:type\" content=\"article\" \/>\n<meta property=\"og:title\" content=\"Festival da Sardinha abre portas a 30 de julho - Algarve 7\" \/>\n<meta property=\"og:description\" content=\"Festival da Sardinha abre portas a 30 de julho Atualidade\" \/>\n<meta property=\"og:url\" content=\"https:\/\/algarve7.pt\/index.php\/2024\/07\/festival-da-sardinha-abre-portas-a-30-de-junho\/atualidade\/11\/08\/\" \/>\n<meta property=\"og:site_name\" content=\"Algarve 7\" \/>\n<meta property=\"article:publisher\" content=\"https:\/\/www.facebook.com\/algarve7\" \/>\n<meta property=\"article:author\" content=\"https:\/\/www.facebook.com\/algarve7\" \/>\n<meta property=\"article:published_time\" content=\"2024-07-29T10:08:09+00:00\" \/>\n<meta property=\"article:modified_time\" content=\"2024-07-29T10:09:26+00:00\" \/>\n<meta property=\"og:image\" content=\"https:\/\/algarve7.pt\/wp-content\/uploads\/2024\/07\/Festival-da-Sardinha-Portimao-1-1.jpg\" \/>\n\t<meta property=\"og:image:width\" content=\"800\" \/>\n\t<meta property=\"og:image:height\" content=\"470\" \/>\n\t<meta property=\"og:image:type\" content=\"image\/jpeg\" \/>\n<meta name=\"author\" content=\"Algarve 7\" \/>\n<meta name=\"twitter:card\" content=\"summary_large_image\" \/>\n<meta name=\"twitter:creator\" content=\"@Algarvesete\" \/>\n<meta name=\"twitter:site\" content=\"@Algarvesete\" \/>\n<meta name=\"twitter:label1\" content=\"Escrito por\" \/>\n\t<meta name=\"twitter:data1\" content=\"Algarve 7\" \/>\n\t<meta name=\"twitter:label2\" content=\"Tempo estimado de leitura\" \/>\n\t<meta name=\"twitter:data2\" content=\"4 minutos\" \/>\n<script type=\"application\/ld+json\" class=\"yoast-schema-graph\">{\"@context\":\"https:\\\/\\\/schema.org\",\"@graph\":[{\"@type\":\"Article\",\"@id\":\"https:\\\/\\\/algarve7.pt\\\/index.php\\\/2024\\\/07\\\/festival-da-sardinha-abre-portas-a-30-de-junho\\\/atualidade\\\/11\\\/08\\\/#article\",\"isPartOf\":{\"@id\":\"https:\\\/\\\/algarve7.pt\\\/index.php\\\/2024\\\/07\\\/festival-da-sardinha-abre-portas-a-30-de-junho\\\/atualidade\\\/11\\\/08\\\/\"},\"author\":{\"name\":\"Algarve 7\",\"@id\":\"https:\\\/\\\/algarve7.pt\\\/#\\\/schema\\\/person\\\/23fa70681308e7b319a3204bcea45e0c\"},\"headline\":\"Festival da Sardinha abre portas a 30 de julho\",\"datePublished\":\"2024-07-29T10:08:09+00:00\",\"dateModified\":\"2024-07-29T10:09:26+00:00\",\"mainEntityOfPage\":{\"@id\":\"https:\\\/\\\/algarve7.pt\\\/index.php\\\/2024\\\/07\\\/festival-da-sardinha-abre-portas-a-30-de-junho\\\/atualidade\\\/11\\\/08\\\/\"},\"wordCount\":580,\"commentCount\":0,\"publisher\":{\"@id\":\"https:\\\/\\\/algarve7.pt\\\/#organization\"},\"image\":{\"@id\":\"https:\\\/\\\/algarve7.pt\\\/index.php\\\/2024\\\/07\\\/festival-da-sardinha-abre-portas-a-30-de-junho\\\/atualidade\\\/11\\\/08\\\/#primaryimage\"},\"thumbnailUrl\":\"https:\\\/\\\/algarve7.pt\\\/wp-content\\\/uploads\\\/2024\\\/07\\\/Festival-da-Sardinha-Portimao-1-1.jpg\",\"keywords\":[\"Algarve\",\"Atualidade\",\"Portim\u00e3o\"],\"articleSection\":[\"Atualidade\"],\"inLanguage\":\"pt-PT\",\"potentialAction\":[{\"@type\":\"CommentAction\",\"name\":\"Comment\",\"target\":[\"https:\\\/\\\/algarve7.pt\\\/index.php\\\/2024\\\/07\\\/festival-da-sardinha-abre-portas-a-30-de-junho\\\/atualidade\\\/11\\\/08\\\/#respond\"]}]},{\"@type\":\"WebPage\",\"@id\":\"https:\\\/\\\/algarve7.pt\\\/index.php\\\/2024\\\/07\\\/festival-da-sardinha-abre-portas-a-30-de-junho\\\/atualidade\\\/11\\\/08\\\/\",\"url\":\"https:\\\/\\\/algarve7.pt\\\/index.php\\\/2024\\\/07\\\/festival-da-sardinha-abre-portas-a-30-de-junho\\\/atualidade\\\/11\\\/08\\\/\",\"name\":\"Festival da Sardinha abre portas a 30 de julho - Algarve 7\",\"isPartOf\":{\"@id\":\"https:\\\/\\\/algarve7.pt\\\/#website\"},\"primaryImageOfPage\":{\"@id\":\"https:\\\/\\\/algarve7.pt\\\/index.php\\\/2024\\\/07\\\/festival-da-sardinha-abre-portas-a-30-de-junho\\\/atualidade\\\/11\\\/08\\\/#primaryimage\"},\"image\":{\"@id\":\"https:\\\/\\\/algarve7.pt\\\/index.php\\\/2024\\\/07\\\/festival-da-sardinha-abre-portas-a-30-de-junho\\\/atualidade\\\/11\\\/08\\\/#primaryimage\"},\"thumbnailUrl\":\"https:\\\/\\\/algarve7.pt\\\/wp-content\\\/uploads\\\/2024\\\/07\\\/Festival-da-Sardinha-Portimao-1-1.jpg\",\"datePublished\":\"2024-07-29T10:08:09+00:00\",\"dateModified\":\"2024-07-29T10:09:26+00:00\",\"description\":\"Festival da Sardinha abre portas a 30 de julho Atualidade\",\"breadcrumb\":{\"@id\":\"https:\\\/\\\/algarve7.pt\\\/index.php\\\/2024\\\/07\\\/festival-da-sardinha-abre-portas-a-30-de-junho\\\/atualidade\\\/11\\\/08\\\/#breadcrumb\"},\"inLanguage\":\"pt-PT\",\"potentialAction\":[{\"@type\":\"ReadAction\",\"target\":[\"https:\\\/\\\/algarve7.pt\\\/index.php\\\/2024\\\/07\\\/festival-da-sardinha-abre-portas-a-30-de-junho\\\/atualidade\\\/11\\\/08\\\/\"]}]},{\"@type\":\"ImageObject\",\"inLanguage\":\"pt-PT\",\"@id\":\"https:\\\/\\\/algarve7.pt\\\/index.php\\\/2024\\\/07\\\/festival-da-sardinha-abre-portas-a-30-de-junho\\\/atualidade\\\/11\\\/08\\\/#primaryimage\",\"url\":\"https:\\\/\\\/algarve7.pt\\\/wp-content\\\/uploads\\\/2024\\\/07\\\/Festival-da-Sardinha-Portimao-1-1.jpg\",\"contentUrl\":\"https:\\\/\\\/algarve7.pt\\\/wp-content\\\/uploads\\\/2024\\\/07\\\/Festival-da-Sardinha-Portimao-1-1.jpg\",\"width\":800,\"height\":470},{\"@type\":\"BreadcrumbList\",\"@id\":\"https:\\\/\\\/algarve7.pt\\\/index.php\\\/2024\\\/07\\\/festival-da-sardinha-abre-portas-a-30-de-junho\\\/atualidade\\\/11\\\/08\\\/#breadcrumb\",\"itemListElement\":[{\"@type\":\"ListItem\",\"position\":1,\"name\":\"In\u00edcio\",\"item\":\"https:\\\/\\\/algarve7.pt\\\/\"},{\"@type\":\"ListItem\",\"position\":2,\"name\":\"Festival da Sardinha abre portas a 30 de julho\"}]},{\"@type\":\"WebSite\",\"@id\":\"https:\\\/\\\/algarve7.pt\\\/#website\",\"url\":\"https:\\\/\\\/algarve7.pt\\\/\",\"name\":\"Algarve 7\",\"description\":\"Informa\u00e7\u00e3o sobre o Algarve\",\"publisher\":{\"@id\":\"https:\\\/\\\/algarve7.pt\\\/#organization\"},\"potentialAction\":[{\"@type\":\"SearchAction\",\"target\":{\"@type\":\"EntryPoint\",\"urlTemplate\":\"https:\\\/\\\/algarve7.pt\\\/?s={search_term_string}\"},\"query-input\":{\"@type\":\"PropertyValueSpecification\",\"valueRequired\":true,\"valueName\":\"search_term_string\"}}],\"inLanguage\":\"pt-PT\"},{\"@type\":\"Organization\",\"@id\":\"https:\\\/\\\/algarve7.pt\\\/#organization\",\"name\":\"Algarve 7\",\"url\":\"https:\\\/\\\/algarve7.pt\\\/\",\"logo\":{\"@type\":\"ImageObject\",\"inLanguage\":\"pt-PT\",\"@id\":\"https:\\\/\\\/algarve7.pt\\\/#\\\/schema\\\/logo\\\/image\\\/\",\"url\":\"https:\\\/\\\/algarve7.pt\\\/wp-content\\\/uploads\\\/2020\\\/10\\\/Logo-8.jpg\",\"contentUrl\":\"https:\\\/\\\/algarve7.pt\\\/wp-content\\\/uploads\\\/2020\\\/10\\\/Logo-8.jpg\",\"width\":1680,\"height\":1186,\"caption\":\"Algarve 7\"},\"image\":{\"@id\":\"https:\\\/\\\/algarve7.pt\\\/#\\\/schema\\\/logo\\\/image\\\/\"},\"sameAs\":[\"https:\\\/\\\/www.facebook.com\\\/algarve7\",\"https:\\\/\\\/x.com\\\/Algarvesete\",\"https:\\\/\\\/www.instagram.com\\\/jornalalgarve7\\\/\",\"https:\\\/\\\/www.linkedin.com\\\/company\\\/algarve7\",\"https:\\\/\\\/www.pinterest.pt\\\/geral0939\\\/_created\\\/\"]},{\"@type\":\"Person\",\"@id\":\"https:\\\/\\\/algarve7.pt\\\/#\\\/schema\\\/person\\\/23fa70681308e7b319a3204bcea45e0c\",\"name\":\"Algarve 7\",\"sameAs\":[\"https:\\\/\\\/algarve7.pt\",\"https:\\\/\\\/www.facebook.com\\\/algarve7\"],\"url\":\"https:\\\/\\\/algarve7.pt\\\/index.php\\\/author\\\/geralalgarve7-pt\\\/\"}]}<\/script>\n<!-- \/ Yoast SEO plugin. -->","yoast_head_json":{"title":"Festival da Sardinha abre portas a 30 de julho - Algarve 7","description":"Festival da Sardinha abre portas a 30 de julho Atualidade","robots":{"index":"index","follow":"follow","max-snippet":"max-snippet:-1","max-image-preview":"max-image-preview:large","max-video-preview":"max-video-preview:-1"},"canonical":"https:\/\/algarve7.pt\/index.php\/2024\/07\/festival-da-sardinha-abre-portas-a-30-de-junho\/atualidade\/11\/08\/","og_locale":"pt_PT","og_type":"article","og_title":"Festival da Sardinha abre portas a 30 de julho - Algarve 7","og_description":"Festival da Sardinha abre portas a 30 de julho Atualidade","og_url":"https:\/\/algarve7.pt\/index.php\/2024\/07\/festival-da-sardinha-abre-portas-a-30-de-junho\/atualidade\/11\/08\/","og_site_name":"Algarve 7","article_publisher":"https:\/\/www.facebook.com\/algarve7","article_author":"https:\/\/www.facebook.com\/algarve7","article_published_time":"2024-07-29T10:08:09+00:00","article_modified_time":"2024-07-29T10:09:26+00:00","og_image":[{"width":800,"height":470,"url":"https:\/\/algarve7.pt\/wp-content\/uploads\/2024\/07\/Festival-da-Sardinha-Portimao-1-1.jpg","type":"image\/jpeg"}],"author":"Algarve 7","twitter_card":"summary_large_image","twitter_creator":"@Algarvesete","twitter_site":"@Algarvesete","twitter_misc":{"Escrito por":"Algarve 7","Tempo estimado de leitura":"4 minutos"},"schema":{"@context":"https:\/\/schema.org","@graph":[{"@type":"Article","@id":"https:\/\/algarve7.pt\/index.php\/2024\/07\/festival-da-sardinha-abre-portas-a-30-de-junho\/atualidade\/11\/08\/#article","isPartOf":{"@id":"https:\/\/algarve7.pt\/index.php\/2024\/07\/festival-da-sardinha-abre-portas-a-30-de-junho\/atualidade\/11\/08\/"},"author":{"name":"Algarve 7","@id":"https:\/\/algarve7.pt\/#\/schema\/person\/23fa70681308e7b319a3204bcea45e0c"},"headline":"Festival da Sardinha abre portas a 30 de julho","datePublished":"2024-07-29T10:08:09+00:00","dateModified":"2024-07-29T10:09:26+00:00","mainEntityOfPage":{"@id":"https:\/\/algarve7.pt\/index.php\/2024\/07\/festival-da-sardinha-abre-portas-a-30-de-junho\/atualidade\/11\/08\/"},"wordCount":580,"commentCount":0,"publisher":{"@id":"https:\/\/algarve7.pt\/#organization"},"image":{"@id":"https:\/\/algarve7.pt\/index.php\/2024\/07\/festival-da-sardinha-abre-portas-a-30-de-junho\/atualidade\/11\/08\/#primaryimage"},"thumbnailUrl":"https:\/\/algarve7.pt\/wp-content\/uploads\/2024\/07\/Festival-da-Sardinha-Portimao-1-1.jpg","keywords":["Algarve","Atualidade","Portim\u00e3o"],"articleSection":["Atualidade"],"inLanguage":"pt-PT","potentialAction":[{"@type":"CommentAction","name":"Comment","target":["https:\/\/algarve7.pt\/index.php\/2024\/07\/festival-da-sardinha-abre-portas-a-30-de-junho\/atualidade\/11\/08\/#respond"]}]},{"@type":"WebPage","@id":"https:\/\/algarve7.pt\/index.php\/2024\/07\/festival-da-sardinha-abre-portas-a-30-de-junho\/atualidade\/11\/08\/","url":"https:\/\/algarve7.pt\/index.php\/2024\/07\/festival-da-sardinha-abre-portas-a-30-de-junho\/atualidade\/11\/08\/","name":"Festival da Sardinha abre portas a 30 de julho - Algarve 7","isPartOf":{"@id":"https:\/\/algarve7.pt\/#website"},"primaryImageOfPage":{"@id":"https:\/\/algarve7.pt\/index.php\/2024\/07\/festival-da-sardinha-abre-portas-a-30-de-junho\/atualidade\/11\/08\/#primaryimage"},"image":{"@id":"https:\/\/algarve7.pt\/index.php\/2024\/07\/festival-da-sardinha-abre-portas-a-30-de-junho\/atualidade\/11\/08\/#primaryimage"},"thumbnailUrl":"https:\/\/algarve7.pt\/wp-content\/uploads\/2024\/07\/Festival-da-Sardinha-Portimao-1-1.jpg","datePublished":"2024-07-29T10:08:09+00:00","dateModified":"2024-07-29T10:09:26+00:00","description":"Festival da Sardinha abre portas a 30 de julho Atualidade","breadcrumb":{"@id":"https:\/\/algarve7.pt\/index.php\/2024\/07\/festival-da-sardinha-abre-portas-a-30-de-junho\/atualidade\/11\/08\/#breadcrumb"},"inLanguage":"pt-PT","potentialAction":[{"@type":"ReadAction","target":["https:\/\/algarve7.pt\/index.php\/2024\/07\/festival-da-sardinha-abre-portas-a-30-de-junho\/atualidade\/11\/08\/"]}]},{"@type":"ImageObject","inLanguage":"pt-PT","@id":"https:\/\/algarve7.pt\/index.php\/2024\/07\/festival-da-sardinha-abre-portas-a-30-de-junho\/atualidade\/11\/08\/#primaryimage","url":"https:\/\/algarve7.pt\/wp-content\/uploads\/2024\/07\/Festival-da-Sardinha-Portimao-1-1.jpg","contentUrl":"https:\/\/algarve7.pt\/wp-content\/uploads\/2024\/07\/Festival-da-Sardinha-Portimao-1-1.jpg","width":800,"height":470},{"@type":"BreadcrumbList","@id":"https:\/\/algarve7.pt\/index.php\/2024\/07\/festival-da-sardinha-abre-portas-a-30-de-junho\/atualidade\/11\/08\/#breadcrumb","itemListElement":[{"@type":"ListItem","position":1,"name":"In\u00edcio","item":"https:\/\/algarve7.pt\/"},{"@type":"ListItem","position":2,"name":"Festival da Sardinha abre portas a 30 de julho"}]},{"@type":"WebSite","@id":"https:\/\/algarve7.pt\/#website","url":"https:\/\/algarve7.pt\/","name":"Algarve 7","description":"Informa\u00e7\u00e3o sobre o Algarve","publisher":{"@id":"https:\/\/algarve7.pt\/#organization"},"potentialAction":[{"@type":"SearchAction","target":{"@type":"EntryPoint","urlTemplate":"https:\/\/algarve7.pt\/?s={search_term_string}"},"query-input":{"@type":"PropertyValueSpecification","valueRequired":true,"valueName":"search_term_string"}}],"inLanguage":"pt-PT"},{"@type":"Organization","@id":"https:\/\/algarve7.pt\/#organization","name":"Algarve 7","url":"https:\/\/algarve7.pt\/","logo":{"@type":"ImageObject","inLanguage":"pt-PT","@id":"https:\/\/algarve7.pt\/#\/schema\/logo\/image\/","url":"https:\/\/algarve7.pt\/wp-content\/uploads\/2020\/10\/Logo-8.jpg","contentUrl":"https:\/\/algarve7.pt\/wp-content\/uploads\/2020\/10\/Logo-8.jpg","width":1680,"height":1186,"caption":"Algarve 7"},"image":{"@id":"https:\/\/algarve7.pt\/#\/schema\/logo\/image\/"},"sameAs":["https:\/\/www.facebook.com\/algarve7","https:\/\/x.com\/Algarvesete","https:\/\/www.instagram.com\/jornalalgarve7\/","https:\/\/www.linkedin.com\/company\/algarve7","https:\/\/www.pinterest.pt\/geral0939\/_created\/"]},{"@type":"Person","@id":"https:\/\/algarve7.pt\/#\/schema\/person\/23fa70681308e7b319a3204bcea45e0c","name":"Algarve 7","sameAs":["https:\/\/algarve7.pt","https:\/\/www.facebook.com\/algarve7"],"url":"https:\/\/algarve7.pt\/index.php\/author\/geralalgarve7-pt\/"}]}},"jetpack_publicize_connections":[],"jetpack_featured_media_url":"https:\/\/algarve7.pt\/wp-content\/uploads\/2024\/07\/Festival-da-Sardinha-Portimao-1-1.jpg","jetpack_shortlink":"https:\/\/wp.me\/pcezmW-aFD","jetpack_sharing_enabled":true,"_links":{"self":[{"href":"https:\/\/algarve7.pt\/index.php\/wp-json\/wp\/v2\/posts\/41021","targetHints":{"allow":["GET"]}}],"collection":[{"href":"https:\/\/algarve7.pt\/index.php\/wp-json\/wp\/v2\/posts"}],"about":[{"href":"https:\/\/algarve7.pt\/index.php\/wp-json\/wp\/v2\/types\/post"}],"author":[{"embeddable":true,"href":"https:\/\/algarve7.pt\/index.php\/wp-json\/wp\/v2\/users\/1"}],"replies":[{"embeddable":true,"href":"https:\/\/algarve7.pt\/index.php\/wp-json\/wp\/v2\/comments?post=41021"}],"version-history":[{"count":0,"href":"https:\/\/algarve7.pt\/index.php\/wp-json\/wp\/v2\/posts\/41021\/revisions"}],"wp:featuredmedia":[{"embeddable":true,"href":"https:\/\/algarve7.pt\/index.php\/wp-json\/wp\/v2\/media\/41022"}],"wp:attachment":[{"href":"https:\/\/algarve7.pt\/index.php\/wp-json\/wp\/v2\/media?parent=41021"}],"wp:term":[{"taxonomy":"category","embeddable":true,"href":"https:\/\/algarve7.pt\/index.php\/wp-json\/wp\/v2\/categories?post=41021"},{"taxonomy":"post_tag","embeddable":true,"href":"https:\/\/algarve7.pt\/index.php\/wp-json\/wp\/v2\/tags?post=41021"}],"curies":[{"name":"wp","href":"https:\/\/api.w.org\/{rel}","templated":true}]}}