{"id":40907,"date":"2024-07-24T11:22:00","date_gmt":"2024-07-24T10:22:00","guid":{"rendered":"https:\/\/algarve7.pt\/?p=40907"},"modified":"2024-07-24T11:22:01","modified_gmt":"2024-07-24T10:22:01","slug":"municipio-de-vila-do-bispo-lancou-este-mes-a-campanha-pense-antes-de-gastar","status":"publish","type":"post","link":"https:\/\/algarve7.pt\/index.php\/2024\/07\/municipio-de-vila-do-bispo-lancou-este-mes-a-campanha-pense-antes-de-gastar\/ambiente\/11\/22\/","title":{"rendered":"Munic\u00edpio de Vila do Bispo lan\u00e7ou este m\u00eas a campanha \u201cPense antes de gastar\u201d"},"content":{"rendered":"\n<p class=\"wp-block-paragraph\"><strong>Com o objetivo de mobilizar para a ado\u00e7\u00e3o de boas pr\u00e1ticas de poupan\u00e7a de \u00e1gua, a C\u00e2mara <\/strong>Municipal de Vila do Bispo lan\u00e7ou este m\u00eas a campanha \u201cPense antes de gastar\u201d<strong>. \u00c9 dirigida aos mun\u00edcipes em geral, mas tamb\u00e9m aos maiores consumidores de \u00e1gua do concelho e, em particular, aos turistas que este ver\u00e3o ficam alojados nos hot\u00e9is e alojamentos locais.<\/strong><\/p>\n\n\n\n<p class=\"wp-block-paragraph\">Atrav\u00e9s de uma mensagem clara e assertiva, com conte\u00fados bilingue \u2013 portugu\u00eas e ingl\u00eas, pretende-se valorizar o papel de todos, sem exce\u00e7\u00e3o, nesta causa vital para o futuro do territ\u00f3rio, refor\u00e7ando que cada momento de desleixo e ina\u00e7\u00e3o contribui para agravar uma situa\u00e7\u00e3o que j\u00e1 \u00e9 cr\u00edtica, bem como a ideia de que pequenas mudan\u00e7as nas rotinas de cada um podem ter um grande impacto no todo.<\/p>\n\n\n\n<p class=\"wp-block-paragraph\">\u00c9 uma campanha que convoca \u00e0 a\u00e7\u00e3o coletiva e, simultaneamente, apela \u00e0 responsabilidade individual. Numa l\u00f3gica de comunica\u00e7\u00e3o integrada, a campanha concretiza-se atrav\u00e9s de um conjunto diversificado de pe\u00e7as espec\u00edficas para distribuir no espa\u00e7o p\u00fablico, na imprensa, hotelaria e outras entidades tur\u00edsticas e comerciais, Escolas, Juntas de Freguesia e diversos servi\u00e7os municipais.<\/p>\n\n\n\n<p class=\"wp-block-paragraph\">Recorde-se que o munic\u00edpio de Vila do Bispo, a par dos restantes munic\u00edpios do Algarve, tem de reduzir, este ano, 10% dos consumos no setor urbano, comparativamente com os registados no ano de 2023.<\/p>\n\n\n\n<p class=\"wp-block-paragraph\"><strong>Resolu\u00e7\u00e3o do Conselho de Ministros n.\u00ba 80\/2024, de 21 de junho<\/strong><\/p>\n\n\n\n<p class=\"wp-block-paragraph\">No cumprimento das Resolu\u00e7\u00f5es do Conselho de Ministros n.\u00ba 26-A\/2024, de 20 de fevereiro, e n.\u00ba 80\/2024, de 21 de junho, que declararam o estado de alerta no Algarve e definiram um conjunto alargado de medidas para aumentar significativamente os n\u00edveis de poupan\u00e7a de \u00e1gua em todos os concelhos da regi\u00e3o, a autarquia de Vila do Bispo j\u00e1 implementou as seguintes medidas:<\/p>\n\n\n\n<p class=\"wp-block-paragraph\">&nbsp;&#8211; redu\u00e7\u00e3o da press\u00e3o na rede de abastecimento de \u00e1gua p\u00fablica onde as condi\u00e7\u00f5es operacionais fiquem garantidas;<\/p>\n\n\n\n<p class=\"wp-block-paragraph\">&nbsp;&#8211; monitoriza\u00e7\u00e3o e controlo da rede de abastecimento;<\/p>\n\n\n\n<p class=\"wp-block-paragraph\">&#8211; dete\u00e7\u00e3o ativa de fugas de \u00e1gua;<\/p>\n\n\n\n<p class=\"wp-block-paragraph\">&#8211; coloca\u00e7\u00e3o de contadores inteligentes nas localidades de Bar\u00e3o de S\u00e3o Miguel, Burgau e Sagres, permitindo uma disponibiliza\u00e7\u00e3o autom\u00e1tica das leituras, uma maior efici\u00eancia na medi\u00e7\u00e3o e redu\u00e7\u00e3o das perdas aparentes;<\/p>\n\n\n\n<p class=\"wp-block-paragraph\">&#8211; suspens\u00e3o da rega de todos os espa\u00e7os verdes p\u00fablicos;<\/p>\n\n\n\n<p class=\"wp-block-paragraph\">&#8211; encerramento de fontes, fontan\u00e1rios e bicas p\u00fablicas;<\/p>\n\n\n\n<p class=\"wp-block-paragraph\">&#8211; aumento do tarif\u00e1rio de acordo com as orienta\u00e7\u00f5es da Entidade Reguladora de \u00c1guas e Res\u00edduos \u2013 ERSAR.<\/p>\n\n\n\n<p class=\"wp-block-paragraph\">Agora, com esta campanha, apela a um maior envolvimento da hotelaria durante a \u00e9poca balnear e de todos os cidad\u00e3os.<\/p>\n","protected":false},"excerpt":{"rendered":"<p>Com o objetivo de mobilizar para a ado\u00e7\u00e3o de boas pr\u00e1ticas de poupan\u00e7a de \u00e1gua, a C\u00e2mara Municipal de Vila<\/p>\n","protected":false},"author":1,"featured_media":40908,"comment_status":"open","ping_status":"open","sticky":false,"template":"","format":"standard","meta":{"colormag_page_container_layout":"default_layout","colormag_page_sidebar_layout":"default_layout","_monsterinsights_skip_tracking":false,"_jetpack_newsletter_access":"","_jetpack_dont_email_post_to_subs":false,"_jetpack_newsletter_tier_id":0,"_jetpack_memberships_contains_paywalled_content":false,"_jetpack_feature_clip_id":0,"_jetpack_memberships_contains_paid_content":false,"footnotes":"","jetpack_publicize_message":"","jetpack_publicize_feature_enabled":true,"jetpack_social_post_already_shared":false,"jetpack_social_options":{"image_generator_settings":{"template":"highway","default_image_id":0,"font":"","enabled":false},"version":2},"jetpack_post_was_ever_published":false},"categories":[5],"tags":[36,32,84],"class_list":["post-40907","post","type-post","status-publish","format-standard","has-post-thumbnail","hentry","category-ambiente","tag-algarve","tag-ambiente","tag-vila-do-bispo"],"yoast_head":"<!-- This site is optimized with the Yoast SEO plugin v28.4 - https:\/\/yoast.com\/product\/yoast-seo-wordpress\/ -->\n<title>Munic\u00edpio de Vila do Bispo lan\u00e7ou este m\u00eas a campanha \u201cPense antes de gastar\u201d - Algarve 7<\/title>\n<meta name=\"description\" content=\"Munic\u00edpio de Vila do Bispo lan\u00e7ou este m\u00eas a campanha \u201cPense antes de gastar\u201d Ambiente\" \/>\n<meta name=\"robots\" content=\"index, follow, max-snippet:-1, max-image-preview:large, max-video-preview:-1\" \/>\n<link rel=\"canonical\" href=\"https:\/\/algarve7.pt\/index.php\/2024\/07\/municipio-de-vila-do-bispo-lancou-este-mes-a-campanha-pense-antes-de-gastar\/ambiente\/11\/22\/\" \/>\n<meta property=\"og:locale\" content=\"pt_PT\" \/>\n<meta property=\"og:type\" content=\"article\" \/>\n<meta property=\"og:title\" content=\"Munic\u00edpio de Vila do Bispo lan\u00e7ou este m\u00eas a campanha \u201cPense antes de gastar\u201d - Algarve 7\" \/>\n<meta property=\"og:description\" content=\"Munic\u00edpio de Vila do Bispo lan\u00e7ou este m\u00eas a campanha \u201cPense antes de gastar\u201d Ambiente\" \/>\n<meta property=\"og:url\" content=\"https:\/\/algarve7.pt\/index.php\/2024\/07\/municipio-de-vila-do-bispo-lancou-este-mes-a-campanha-pense-antes-de-gastar\/ambiente\/11\/22\/\" \/>\n<meta property=\"og:site_name\" content=\"Algarve 7\" \/>\n<meta property=\"article:publisher\" content=\"https:\/\/www.facebook.com\/algarve7\" \/>\n<meta property=\"article:author\" content=\"https:\/\/www.facebook.com\/algarve7\" \/>\n<meta property=\"article:published_time\" content=\"2024-07-24T10:22:00+00:00\" \/>\n<meta property=\"article:modified_time\" content=\"2024-07-24T10:22:01+00:00\" \/>\n<meta property=\"og:image\" content=\"https:\/\/algarve7.pt\/wp-content\/uploads\/2024\/07\/Poupe-Agua.png\" \/>\n\t<meta property=\"og:image:width\" content=\"800\" \/>\n\t<meta property=\"og:image:height\" content=\"470\" \/>\n\t<meta property=\"og:image:type\" content=\"image\/png\" \/>\n<meta name=\"author\" content=\"Algarve 7\" \/>\n<meta name=\"twitter:card\" content=\"summary_large_image\" \/>\n<meta name=\"twitter:creator\" content=\"@Algarvesete\" \/>\n<meta name=\"twitter:site\" content=\"@Algarvesete\" \/>\n<meta name=\"twitter:label1\" content=\"Escrito por\" \/>\n\t<meta name=\"twitter:data1\" content=\"Algarve 7\" \/>\n\t<meta name=\"twitter:label2\" content=\"Tempo estimado de leitura\" \/>\n\t<meta name=\"twitter:data2\" content=\"3 minutos\" \/>\n<script type=\"application\/ld+json\" class=\"yoast-schema-graph\">{\"@context\":\"https:\\\/\\\/schema.org\",\"@graph\":[{\"@type\":\"Article\",\"@id\":\"https:\\\/\\\/algarve7.pt\\\/index.php\\\/2024\\\/07\\\/municipio-de-vila-do-bispo-lancou-este-mes-a-campanha-pense-antes-de-gastar\\\/ambiente\\\/11\\\/22\\\/#article\",\"isPartOf\":{\"@id\":\"https:\\\/\\\/algarve7.pt\\\/index.php\\\/2024\\\/07\\\/municipio-de-vila-do-bispo-lancou-este-mes-a-campanha-pense-antes-de-gastar\\\/ambiente\\\/11\\\/22\\\/\"},\"author\":{\"name\":\"Algarve 7\",\"@id\":\"https:\\\/\\\/algarve7.pt\\\/#\\\/schema\\\/person\\\/23fa70681308e7b319a3204bcea45e0c\"},\"headline\":\"Munic\u00edpio de Vila do Bispo lan\u00e7ou este m\u00eas a campanha \u201cPense antes de gastar\u201d\",\"datePublished\":\"2024-07-24T10:22:00+00:00\",\"dateModified\":\"2024-07-24T10:22:01+00:00\",\"mainEntityOfPage\":{\"@id\":\"https:\\\/\\\/algarve7.pt\\\/index.php\\\/2024\\\/07\\\/municipio-de-vila-do-bispo-lancou-este-mes-a-campanha-pense-antes-de-gastar\\\/ambiente\\\/11\\\/22\\\/\"},\"wordCount\":472,\"commentCount\":0,\"publisher\":{\"@id\":\"https:\\\/\\\/algarve7.pt\\\/#organization\"},\"image\":{\"@id\":\"https:\\\/\\\/algarve7.pt\\\/index.php\\\/2024\\\/07\\\/municipio-de-vila-do-bispo-lancou-este-mes-a-campanha-pense-antes-de-gastar\\\/ambiente\\\/11\\\/22\\\/#primaryimage\"},\"thumbnailUrl\":\"https:\\\/\\\/algarve7.pt\\\/wp-content\\\/uploads\\\/2024\\\/07\\\/Poupe-Agua.png\",\"keywords\":[\"Algarve\",\"Ambiente\",\"Vila do Bispo\"],\"articleSection\":[\"Ambiente\"],\"inLanguage\":\"pt-PT\",\"potentialAction\":[{\"@type\":\"CommentAction\",\"name\":\"Comment\",\"target\":[\"https:\\\/\\\/algarve7.pt\\\/index.php\\\/2024\\\/07\\\/municipio-de-vila-do-bispo-lancou-este-mes-a-campanha-pense-antes-de-gastar\\\/ambiente\\\/11\\\/22\\\/#respond\"]}]},{\"@type\":\"WebPage\",\"@id\":\"https:\\\/\\\/algarve7.pt\\\/index.php\\\/2024\\\/07\\\/municipio-de-vila-do-bispo-lancou-este-mes-a-campanha-pense-antes-de-gastar\\\/ambiente\\\/11\\\/22\\\/\",\"url\":\"https:\\\/\\\/algarve7.pt\\\/index.php\\\/2024\\\/07\\\/municipio-de-vila-do-bispo-lancou-este-mes-a-campanha-pense-antes-de-gastar\\\/ambiente\\\/11\\\/22\\\/\",\"name\":\"Munic\u00edpio de Vila do Bispo lan\u00e7ou este m\u00eas a campanha \u201cPense antes de gastar\u201d - Algarve 7\",\"isPartOf\":{\"@id\":\"https:\\\/\\\/algarve7.pt\\\/#website\"},\"primaryImageOfPage\":{\"@id\":\"https:\\\/\\\/algarve7.pt\\\/index.php\\\/2024\\\/07\\\/municipio-de-vila-do-bispo-lancou-este-mes-a-campanha-pense-antes-de-gastar\\\/ambiente\\\/11\\\/22\\\/#primaryimage\"},\"image\":{\"@id\":\"https:\\\/\\\/algarve7.pt\\\/index.php\\\/2024\\\/07\\\/municipio-de-vila-do-bispo-lancou-este-mes-a-campanha-pense-antes-de-gastar\\\/ambiente\\\/11\\\/22\\\/#primaryimage\"},\"thumbnailUrl\":\"https:\\\/\\\/algarve7.pt\\\/wp-content\\\/uploads\\\/2024\\\/07\\\/Poupe-Agua.png\",\"datePublished\":\"2024-07-24T10:22:00+00:00\",\"dateModified\":\"2024-07-24T10:22:01+00:00\",\"description\":\"Munic\u00edpio de Vila do Bispo lan\u00e7ou este m\u00eas a campanha \u201cPense antes de gastar\u201d Ambiente\",\"breadcrumb\":{\"@id\":\"https:\\\/\\\/algarve7.pt\\\/index.php\\\/2024\\\/07\\\/municipio-de-vila-do-bispo-lancou-este-mes-a-campanha-pense-antes-de-gastar\\\/ambiente\\\/11\\\/22\\\/#breadcrumb\"},\"inLanguage\":\"pt-PT\",\"potentialAction\":[{\"@type\":\"ReadAction\",\"target\":[\"https:\\\/\\\/algarve7.pt\\\/index.php\\\/2024\\\/07\\\/municipio-de-vila-do-bispo-lancou-este-mes-a-campanha-pense-antes-de-gastar\\\/ambiente\\\/11\\\/22\\\/\"]}]},{\"@type\":\"ImageObject\",\"inLanguage\":\"pt-PT\",\"@id\":\"https:\\\/\\\/algarve7.pt\\\/index.php\\\/2024\\\/07\\\/municipio-de-vila-do-bispo-lancou-este-mes-a-campanha-pense-antes-de-gastar\\\/ambiente\\\/11\\\/22\\\/#primaryimage\",\"url\":\"https:\\\/\\\/algarve7.pt\\\/wp-content\\\/uploads\\\/2024\\\/07\\\/Poupe-Agua.png\",\"contentUrl\":\"https:\\\/\\\/algarve7.pt\\\/wp-content\\\/uploads\\\/2024\\\/07\\\/Poupe-Agua.png\",\"width\":800,\"height\":470},{\"@type\":\"BreadcrumbList\",\"@id\":\"https:\\\/\\\/algarve7.pt\\\/index.php\\\/2024\\\/07\\\/municipio-de-vila-do-bispo-lancou-este-mes-a-campanha-pense-antes-de-gastar\\\/ambiente\\\/11\\\/22\\\/#breadcrumb\",\"itemListElement\":[{\"@type\":\"ListItem\",\"position\":1,\"name\":\"In\u00edcio\",\"item\":\"https:\\\/\\\/algarve7.pt\\\/\"},{\"@type\":\"ListItem\",\"position\":2,\"name\":\"Munic\u00edpio de Vila do Bispo lan\u00e7ou este m\u00eas a campanha \u201cPense antes de gastar\u201d\"}]},{\"@type\":\"WebSite\",\"@id\":\"https:\\\/\\\/algarve7.pt\\\/#website\",\"url\":\"https:\\\/\\\/algarve7.pt\\\/\",\"name\":\"Algarve 7\",\"description\":\"Informa\u00e7\u00e3o sobre o Algarve\",\"publisher\":{\"@id\":\"https:\\\/\\\/algarve7.pt\\\/#organization\"},\"potentialAction\":[{\"@type\":\"SearchAction\",\"target\":{\"@type\":\"EntryPoint\",\"urlTemplate\":\"https:\\\/\\\/algarve7.pt\\\/?s={search_term_string}\"},\"query-input\":{\"@type\":\"PropertyValueSpecification\",\"valueRequired\":true,\"valueName\":\"search_term_string\"}}],\"inLanguage\":\"pt-PT\"},{\"@type\":\"Organization\",\"@id\":\"https:\\\/\\\/algarve7.pt\\\/#organization\",\"name\":\"Algarve 7\",\"url\":\"https:\\\/\\\/algarve7.pt\\\/\",\"logo\":{\"@type\":\"ImageObject\",\"inLanguage\":\"pt-PT\",\"@id\":\"https:\\\/\\\/algarve7.pt\\\/#\\\/schema\\\/logo\\\/image\\\/\",\"url\":\"https:\\\/\\\/algarve7.pt\\\/wp-content\\\/uploads\\\/2020\\\/10\\\/Logo-8.jpg\",\"contentUrl\":\"https:\\\/\\\/algarve7.pt\\\/wp-content\\\/uploads\\\/2020\\\/10\\\/Logo-8.jpg\",\"width\":1680,\"height\":1186,\"caption\":\"Algarve 7\"},\"image\":{\"@id\":\"https:\\\/\\\/algarve7.pt\\\/#\\\/schema\\\/logo\\\/image\\\/\"},\"sameAs\":[\"https:\\\/\\\/www.facebook.com\\\/algarve7\",\"https:\\\/\\\/x.com\\\/Algarvesete\",\"https:\\\/\\\/www.instagram.com\\\/jornalalgarve7\\\/\",\"https:\\\/\\\/www.linkedin.com\\\/company\\\/algarve7\",\"https:\\\/\\\/www.pinterest.pt\\\/geral0939\\\/_created\\\/\"]},{\"@type\":\"Person\",\"@id\":\"https:\\\/\\\/algarve7.pt\\\/#\\\/schema\\\/person\\\/23fa70681308e7b319a3204bcea45e0c\",\"name\":\"Algarve 7\",\"sameAs\":[\"https:\\\/\\\/algarve7.pt\",\"https:\\\/\\\/www.facebook.com\\\/algarve7\"],\"url\":\"https:\\\/\\\/algarve7.pt\\\/index.php\\\/author\\\/geralalgarve7-pt\\\/\"}]}<\/script>\n<!-- \/ Yoast SEO plugin. -->","yoast_head_json":{"title":"Munic\u00edpio de Vila do Bispo lan\u00e7ou este m\u00eas a campanha \u201cPense antes de gastar\u201d - Algarve 7","description":"Munic\u00edpio de Vila do Bispo lan\u00e7ou este m\u00eas a campanha \u201cPense antes de gastar\u201d Ambiente","robots":{"index":"index","follow":"follow","max-snippet":"max-snippet:-1","max-image-preview":"max-image-preview:large","max-video-preview":"max-video-preview:-1"},"canonical":"https:\/\/algarve7.pt\/index.php\/2024\/07\/municipio-de-vila-do-bispo-lancou-este-mes-a-campanha-pense-antes-de-gastar\/ambiente\/11\/22\/","og_locale":"pt_PT","og_type":"article","og_title":"Munic\u00edpio de Vila do Bispo lan\u00e7ou este m\u00eas a campanha \u201cPense antes de gastar\u201d - Algarve 7","og_description":"Munic\u00edpio de Vila do Bispo lan\u00e7ou este m\u00eas a campanha \u201cPense antes de gastar\u201d Ambiente","og_url":"https:\/\/algarve7.pt\/index.php\/2024\/07\/municipio-de-vila-do-bispo-lancou-este-mes-a-campanha-pense-antes-de-gastar\/ambiente\/11\/22\/","og_site_name":"Algarve 7","article_publisher":"https:\/\/www.facebook.com\/algarve7","article_author":"https:\/\/www.facebook.com\/algarve7","article_published_time":"2024-07-24T10:22:00+00:00","article_modified_time":"2024-07-24T10:22:01+00:00","og_image":[{"width":800,"height":470,"url":"https:\/\/algarve7.pt\/wp-content\/uploads\/2024\/07\/Poupe-Agua.png","type":"image\/png"}],"author":"Algarve 7","twitter_card":"summary_large_image","twitter_creator":"@Algarvesete","twitter_site":"@Algarvesete","twitter_misc":{"Escrito por":"Algarve 7","Tempo estimado de leitura":"3 minutos"},"schema":{"@context":"https:\/\/schema.org","@graph":[{"@type":"Article","@id":"https:\/\/algarve7.pt\/index.php\/2024\/07\/municipio-de-vila-do-bispo-lancou-este-mes-a-campanha-pense-antes-de-gastar\/ambiente\/11\/22\/#article","isPartOf":{"@id":"https:\/\/algarve7.pt\/index.php\/2024\/07\/municipio-de-vila-do-bispo-lancou-este-mes-a-campanha-pense-antes-de-gastar\/ambiente\/11\/22\/"},"author":{"name":"Algarve 7","@id":"https:\/\/algarve7.pt\/#\/schema\/person\/23fa70681308e7b319a3204bcea45e0c"},"headline":"Munic\u00edpio de Vila do Bispo lan\u00e7ou este m\u00eas a campanha \u201cPense antes de gastar\u201d","datePublished":"2024-07-24T10:22:00+00:00","dateModified":"2024-07-24T10:22:01+00:00","mainEntityOfPage":{"@id":"https:\/\/algarve7.pt\/index.php\/2024\/07\/municipio-de-vila-do-bispo-lancou-este-mes-a-campanha-pense-antes-de-gastar\/ambiente\/11\/22\/"},"wordCount":472,"commentCount":0,"publisher":{"@id":"https:\/\/algarve7.pt\/#organization"},"image":{"@id":"https:\/\/algarve7.pt\/index.php\/2024\/07\/municipio-de-vila-do-bispo-lancou-este-mes-a-campanha-pense-antes-de-gastar\/ambiente\/11\/22\/#primaryimage"},"thumbnailUrl":"https:\/\/algarve7.pt\/wp-content\/uploads\/2024\/07\/Poupe-Agua.png","keywords":["Algarve","Ambiente","Vila do Bispo"],"articleSection":["Ambiente"],"inLanguage":"pt-PT","potentialAction":[{"@type":"CommentAction","name":"Comment","target":["https:\/\/algarve7.pt\/index.php\/2024\/07\/municipio-de-vila-do-bispo-lancou-este-mes-a-campanha-pense-antes-de-gastar\/ambiente\/11\/22\/#respond"]}]},{"@type":"WebPage","@id":"https:\/\/algarve7.pt\/index.php\/2024\/07\/municipio-de-vila-do-bispo-lancou-este-mes-a-campanha-pense-antes-de-gastar\/ambiente\/11\/22\/","url":"https:\/\/algarve7.pt\/index.php\/2024\/07\/municipio-de-vila-do-bispo-lancou-este-mes-a-campanha-pense-antes-de-gastar\/ambiente\/11\/22\/","name":"Munic\u00edpio de Vila do Bispo lan\u00e7ou este m\u00eas a campanha \u201cPense antes de gastar\u201d - Algarve 7","isPartOf":{"@id":"https:\/\/algarve7.pt\/#website"},"primaryImageOfPage":{"@id":"https:\/\/algarve7.pt\/index.php\/2024\/07\/municipio-de-vila-do-bispo-lancou-este-mes-a-campanha-pense-antes-de-gastar\/ambiente\/11\/22\/#primaryimage"},"image":{"@id":"https:\/\/algarve7.pt\/index.php\/2024\/07\/municipio-de-vila-do-bispo-lancou-este-mes-a-campanha-pense-antes-de-gastar\/ambiente\/11\/22\/#primaryimage"},"thumbnailUrl":"https:\/\/algarve7.pt\/wp-content\/uploads\/2024\/07\/Poupe-Agua.png","datePublished":"2024-07-24T10:22:00+00:00","dateModified":"2024-07-24T10:22:01+00:00","description":"Munic\u00edpio de Vila do Bispo lan\u00e7ou este m\u00eas a campanha \u201cPense antes de gastar\u201d Ambiente","breadcrumb":{"@id":"https:\/\/algarve7.pt\/index.php\/2024\/07\/municipio-de-vila-do-bispo-lancou-este-mes-a-campanha-pense-antes-de-gastar\/ambiente\/11\/22\/#breadcrumb"},"inLanguage":"pt-PT","potentialAction":[{"@type":"ReadAction","target":["https:\/\/algarve7.pt\/index.php\/2024\/07\/municipio-de-vila-do-bispo-lancou-este-mes-a-campanha-pense-antes-de-gastar\/ambiente\/11\/22\/"]}]},{"@type":"ImageObject","inLanguage":"pt-PT","@id":"https:\/\/algarve7.pt\/index.php\/2024\/07\/municipio-de-vila-do-bispo-lancou-este-mes-a-campanha-pense-antes-de-gastar\/ambiente\/11\/22\/#primaryimage","url":"https:\/\/algarve7.pt\/wp-content\/uploads\/2024\/07\/Poupe-Agua.png","contentUrl":"https:\/\/algarve7.pt\/wp-content\/uploads\/2024\/07\/Poupe-Agua.png","width":800,"height":470},{"@type":"BreadcrumbList","@id":"https:\/\/algarve7.pt\/index.php\/2024\/07\/municipio-de-vila-do-bispo-lancou-este-mes-a-campanha-pense-antes-de-gastar\/ambiente\/11\/22\/#breadcrumb","itemListElement":[{"@type":"ListItem","position":1,"name":"In\u00edcio","item":"https:\/\/algarve7.pt\/"},{"@type":"ListItem","position":2,"name":"Munic\u00edpio de Vila do Bispo lan\u00e7ou este m\u00eas a campanha \u201cPense antes de gastar\u201d"}]},{"@type":"WebSite","@id":"https:\/\/algarve7.pt\/#website","url":"https:\/\/algarve7.pt\/","name":"Algarve 7","description":"Informa\u00e7\u00e3o sobre o Algarve","publisher":{"@id":"https:\/\/algarve7.pt\/#organization"},"potentialAction":[{"@type":"SearchAction","target":{"@type":"EntryPoint","urlTemplate":"https:\/\/algarve7.pt\/?s={search_term_string}"},"query-input":{"@type":"PropertyValueSpecification","valueRequired":true,"valueName":"search_term_string"}}],"inLanguage":"pt-PT"},{"@type":"Organization","@id":"https:\/\/algarve7.pt\/#organization","name":"Algarve 7","url":"https:\/\/algarve7.pt\/","logo":{"@type":"ImageObject","inLanguage":"pt-PT","@id":"https:\/\/algarve7.pt\/#\/schema\/logo\/image\/","url":"https:\/\/algarve7.pt\/wp-content\/uploads\/2020\/10\/Logo-8.jpg","contentUrl":"https:\/\/algarve7.pt\/wp-content\/uploads\/2020\/10\/Logo-8.jpg","width":1680,"height":1186,"caption":"Algarve 7"},"image":{"@id":"https:\/\/algarve7.pt\/#\/schema\/logo\/image\/"},"sameAs":["https:\/\/www.facebook.com\/algarve7","https:\/\/x.com\/Algarvesete","https:\/\/www.instagram.com\/jornalalgarve7\/","https:\/\/www.linkedin.com\/company\/algarve7","https:\/\/www.pinterest.pt\/geral0939\/_created\/"]},{"@type":"Person","@id":"https:\/\/algarve7.pt\/#\/schema\/person\/23fa70681308e7b319a3204bcea45e0c","name":"Algarve 7","sameAs":["https:\/\/algarve7.pt","https:\/\/www.facebook.com\/algarve7"],"url":"https:\/\/algarve7.pt\/index.php\/author\/geralalgarve7-pt\/"}]}},"jetpack_publicize_connections":[],"jetpack_shortlink":"https:\/\/wp.me\/pcezmW-aDN","jetpack_sharing_enabled":true,"jetpack_featured_media_url":"https:\/\/algarve7.pt\/wp-content\/uploads\/2024\/07\/Poupe-Agua.png","_links":{"self":[{"href":"https:\/\/algarve7.pt\/index.php\/wp-json\/wp\/v2\/posts\/40907","targetHints":{"allow":["GET"]}}],"collection":[{"href":"https:\/\/algarve7.pt\/index.php\/wp-json\/wp\/v2\/posts"}],"about":[{"href":"https:\/\/algarve7.pt\/index.php\/wp-json\/wp\/v2\/types\/post"}],"author":[{"embeddable":true,"href":"https:\/\/algarve7.pt\/index.php\/wp-json\/wp\/v2\/users\/1"}],"replies":[{"embeddable":true,"href":"https:\/\/algarve7.pt\/index.php\/wp-json\/wp\/v2\/comments?post=40907"}],"version-history":[{"count":0,"href":"https:\/\/algarve7.pt\/index.php\/wp-json\/wp\/v2\/posts\/40907\/revisions"}],"wp:featuredmedia":[{"embeddable":true,"href":"https:\/\/algarve7.pt\/index.php\/wp-json\/wp\/v2\/media\/40908"}],"wp:attachment":[{"href":"https:\/\/algarve7.pt\/index.php\/wp-json\/wp\/v2\/media?parent=40907"}],"wp:term":[{"taxonomy":"category","embeddable":true,"href":"https:\/\/algarve7.pt\/index.php\/wp-json\/wp\/v2\/categories?post=40907"},{"taxonomy":"post_tag","embeddable":true,"href":"https:\/\/algarve7.pt\/index.php\/wp-json\/wp\/v2\/tags?post=40907"}],"curies":[{"name":"wp","href":"https:\/\/api.w.org\/{rel}","templated":true}]}}