{"id":40868,"date":"2024-07-23T11:05:00","date_gmt":"2024-07-23T10:05:00","guid":{"rendered":"https:\/\/algarve7.pt\/?p=40868"},"modified":"2024-07-22T22:51:27","modified_gmt":"2024-07-22T21:51:27","slug":"amal-apoia-candidatura-de-albufeira-a-cidade-europeia-do-desporto-2026","status":"publish","type":"post","link":"https:\/\/algarve7.pt\/index.php\/2024\/07\/amal-apoia-candidatura-de-albufeira-a-cidade-europeia-do-desporto-2026\/desporto\/11\/05\/","title":{"rendered":"AMAL Apoia candidatura de Albufeira a\u00a0\u201cCIDADE EUROPEIA DO DESPORTO 2026\u201d"},"content":{"rendered":"\n<p><strong>A comunidade Intermunicipal do Algarve decidiu, por unanimidade, apoiar a candidatura de Albufeira a \u201cCidade Europeia do Desporto 2026\u201d, num reconhecimento, tamb\u00e9m, da import\u00e2ncia que esta distin\u00e7\u00e3o poder\u00e1 representar para toda a regi\u00e3o algarvia.<\/strong><\/p>\n\n\n\n<p>A decis\u00e3o foi tomada na reuni\u00e3o extraordin\u00e1ria do Conselho Intermunicipal, realizada na passada sexta-feira, em Alcoutim, e significa que a candidatura a oficializar por Albufeira contar\u00e1 com o contributo da AMAL, expresso numa&nbsp;<strong>Carta de Apoio<\/strong>.<\/p>\n\n\n\n<p>A Comunidade Intermunicipal reconhece a import\u00e2ncia que esta candidatura representa para toda a regi\u00e3o e para&nbsp;<strong>impulsionar a pr\u00e1tica desportiva<\/strong>, sendo que o apoio manifestado \u00e9, igualmente, uma forma de reconhecer a aposta que tem sido desenvolvida, pelo Munic\u00edpio de Albufeira, na \u00e1rea do desporto, seja na implementa\u00e7\u00e3o de infraestruturas, seja na cria\u00e7\u00e3o de condi\u00e7\u00f5es para fixar atletas.&nbsp;<\/p>\n\n\n\n<p>A AMAL faz, assim, votos para que esta candidatura seja acolhida favoravelmente e para&nbsp;<strong>que em 2026 se celebre Albufeira Cidade Europeia do Desporto<\/strong>.&nbsp;&nbsp;<\/p>\n","protected":false},"excerpt":{"rendered":"<p>A comunidade Intermunicipal do Algarve decidiu, por unanimidade, apoiar a candidatura de Albufeira a \u201cCidade Europeia do Desporto 2026\u201d, num<\/p>\n","protected":false},"author":1,"featured_media":1203,"comment_status":"open","ping_status":"open","sticky":false,"template":"","format":"standard","meta":{"colormag_page_container_layout":"default_layout","colormag_page_sidebar_layout":"default_layout","_monsterinsights_skip_tracking":false,"_monsterinsights_sitenote_active":false,"_monsterinsights_sitenote_note":"","_monsterinsights_sitenote_category":0,"jetpack_post_was_ever_published":false,"_jetpack_newsletter_access":"","_jetpack_dont_email_post_to_subs":false,"_jetpack_newsletter_tier_id":0,"_jetpack_memberships_contains_paywalled_content":false,"_jetpack_memberships_contains_paid_content":false,"footnotes":"","jetpack_publicize_message":"","jetpack_publicize_feature_enabled":true,"jetpack_social_post_already_shared":false,"jetpack_social_options":{"image_generator_settings":{"template":"highway","default_image_id":0,"font":"","enabled":false},"version":2}},"categories":[15],"tags":[155,36,40],"class_list":["post-40868","post","type-post","status-publish","format-standard","has-post-thumbnail","hentry","category-desporto","tag-albufeira","tag-algarve","tag-desporto"],"yoast_head":"<!-- This site is optimized with the Yoast SEO plugin v27.5 - https:\/\/yoast.com\/product\/yoast-seo-wordpress\/ -->\n<title>AMAL Apoia candidatura de Albufeira a\u00a0\u201cCIDADE EUROPEIA DO DESPORTO 2026\u201d - Algarve 7<\/title>\n<meta name=\"description\" content=\"AMAL Apoia candidatura de Albufeira a\u00a0\u201cCIDADE EUROPEIA DO DESPORTO 2026\u201d Desporto\" \/>\n<meta name=\"robots\" content=\"index, follow, max-snippet:-1, max-image-preview:large, max-video-preview:-1\" \/>\n<link rel=\"canonical\" href=\"https:\/\/algarve7.pt\/index.php\/2024\/07\/amal-apoia-candidatura-de-albufeira-a-cidade-europeia-do-desporto-2026\/desporto\/11\/05\/\" \/>\n<meta property=\"og:locale\" content=\"pt_PT\" \/>\n<meta property=\"og:type\" content=\"article\" \/>\n<meta property=\"og:title\" content=\"AMAL Apoia candidatura de Albufeira a\u00a0\u201cCIDADE EUROPEIA DO DESPORTO 2026\u201d - Algarve 7\" \/>\n<meta property=\"og:description\" content=\"AMAL Apoia candidatura de Albufeira a\u00a0\u201cCIDADE EUROPEIA DO DESPORTO 2026\u201d Desporto\" \/>\n<meta property=\"og:url\" content=\"https:\/\/algarve7.pt\/index.php\/2024\/07\/amal-apoia-candidatura-de-albufeira-a-cidade-europeia-do-desporto-2026\/desporto\/11\/05\/\" \/>\n<meta property=\"og:site_name\" content=\"Algarve 7\" \/>\n<meta property=\"article:publisher\" content=\"https:\/\/www.facebook.com\/algarve7\" \/>\n<meta property=\"article:author\" content=\"https:\/\/www.facebook.com\/algarve7\" \/>\n<meta property=\"article:published_time\" content=\"2024-07-23T10:05:00+00:00\" \/>\n<meta property=\"og:image\" content=\"https:\/\/algarve7.pt\/wp-content\/uploads\/2020\/09\/img_0012.jpg\" \/>\n\t<meta property=\"og:image:width\" content=\"884\" \/>\n\t<meta property=\"og:image:height\" content=\"544\" \/>\n\t<meta property=\"og:image:type\" content=\"image\/jpeg\" \/>\n<meta name=\"author\" content=\"Algarve 7\" \/>\n<meta name=\"twitter:card\" content=\"summary_large_image\" \/>\n<meta name=\"twitter:creator\" content=\"@Algarvesete\" \/>\n<meta name=\"twitter:site\" content=\"@Algarvesete\" \/>\n<meta name=\"twitter:label1\" content=\"Escrito por\" \/>\n\t<meta name=\"twitter:data1\" content=\"Algarve 7\" \/>\n\t<meta name=\"twitter:label2\" content=\"Tempo estimado de leitura\" \/>\n\t<meta name=\"twitter:data2\" content=\"2 minutos\" \/>\n<script type=\"application\/ld+json\" class=\"yoast-schema-graph\">{\"@context\":\"https:\\\/\\\/schema.org\",\"@graph\":[{\"@type\":\"Article\",\"@id\":\"https:\\\/\\\/algarve7.pt\\\/index.php\\\/2024\\\/07\\\/amal-apoia-candidatura-de-albufeira-a-cidade-europeia-do-desporto-2026\\\/desporto\\\/11\\\/05\\\/#article\",\"isPartOf\":{\"@id\":\"https:\\\/\\\/algarve7.pt\\\/index.php\\\/2024\\\/07\\\/amal-apoia-candidatura-de-albufeira-a-cidade-europeia-do-desporto-2026\\\/desporto\\\/11\\\/05\\\/\"},\"author\":{\"name\":\"Algarve 7\",\"@id\":\"https:\\\/\\\/algarve7.pt\\\/#\\\/schema\\\/person\\\/23fa70681308e7b319a3204bcea45e0c\"},\"headline\":\"AMAL Apoia candidatura de Albufeira a\u00a0\u201cCIDADE EUROPEIA DO DESPORTO 2026\u201d\",\"datePublished\":\"2024-07-23T10:05:00+00:00\",\"mainEntityOfPage\":{\"@id\":\"https:\\\/\\\/algarve7.pt\\\/index.php\\\/2024\\\/07\\\/amal-apoia-candidatura-de-albufeira-a-cidade-europeia-do-desporto-2026\\\/desporto\\\/11\\\/05\\\/\"},\"wordCount\":179,\"commentCount\":0,\"publisher\":{\"@id\":\"https:\\\/\\\/algarve7.pt\\\/#organization\"},\"image\":{\"@id\":\"https:\\\/\\\/algarve7.pt\\\/index.php\\\/2024\\\/07\\\/amal-apoia-candidatura-de-albufeira-a-cidade-europeia-do-desporto-2026\\\/desporto\\\/11\\\/05\\\/#primaryimage\"},\"thumbnailUrl\":\"https:\\\/\\\/algarve7.pt\\\/wp-content\\\/uploads\\\/2020\\\/09\\\/img_0012.jpg\",\"keywords\":[\"Albufeira\",\"Algarve\",\"Desporto\"],\"articleSection\":[\"Desporto\"],\"inLanguage\":\"pt-PT\",\"potentialAction\":[{\"@type\":\"CommentAction\",\"name\":\"Comment\",\"target\":[\"https:\\\/\\\/algarve7.pt\\\/index.php\\\/2024\\\/07\\\/amal-apoia-candidatura-de-albufeira-a-cidade-europeia-do-desporto-2026\\\/desporto\\\/11\\\/05\\\/#respond\"]}]},{\"@type\":\"WebPage\",\"@id\":\"https:\\\/\\\/algarve7.pt\\\/index.php\\\/2024\\\/07\\\/amal-apoia-candidatura-de-albufeira-a-cidade-europeia-do-desporto-2026\\\/desporto\\\/11\\\/05\\\/\",\"url\":\"https:\\\/\\\/algarve7.pt\\\/index.php\\\/2024\\\/07\\\/amal-apoia-candidatura-de-albufeira-a-cidade-europeia-do-desporto-2026\\\/desporto\\\/11\\\/05\\\/\",\"name\":\"AMAL Apoia candidatura de Albufeira a\u00a0\u201cCIDADE EUROPEIA DO DESPORTO 2026\u201d - Algarve 7\",\"isPartOf\":{\"@id\":\"https:\\\/\\\/algarve7.pt\\\/#website\"},\"primaryImageOfPage\":{\"@id\":\"https:\\\/\\\/algarve7.pt\\\/index.php\\\/2024\\\/07\\\/amal-apoia-candidatura-de-albufeira-a-cidade-europeia-do-desporto-2026\\\/desporto\\\/11\\\/05\\\/#primaryimage\"},\"image\":{\"@id\":\"https:\\\/\\\/algarve7.pt\\\/index.php\\\/2024\\\/07\\\/amal-apoia-candidatura-de-albufeira-a-cidade-europeia-do-desporto-2026\\\/desporto\\\/11\\\/05\\\/#primaryimage\"},\"thumbnailUrl\":\"https:\\\/\\\/algarve7.pt\\\/wp-content\\\/uploads\\\/2020\\\/09\\\/img_0012.jpg\",\"datePublished\":\"2024-07-23T10:05:00+00:00\",\"description\":\"AMAL Apoia candidatura de Albufeira a\u00a0\u201cCIDADE EUROPEIA DO DESPORTO 2026\u201d Desporto\",\"breadcrumb\":{\"@id\":\"https:\\\/\\\/algarve7.pt\\\/index.php\\\/2024\\\/07\\\/amal-apoia-candidatura-de-albufeira-a-cidade-europeia-do-desporto-2026\\\/desporto\\\/11\\\/05\\\/#breadcrumb\"},\"inLanguage\":\"pt-PT\",\"potentialAction\":[{\"@type\":\"ReadAction\",\"target\":[\"https:\\\/\\\/algarve7.pt\\\/index.php\\\/2024\\\/07\\\/amal-apoia-candidatura-de-albufeira-a-cidade-europeia-do-desporto-2026\\\/desporto\\\/11\\\/05\\\/\"]}]},{\"@type\":\"ImageObject\",\"inLanguage\":\"pt-PT\",\"@id\":\"https:\\\/\\\/algarve7.pt\\\/index.php\\\/2024\\\/07\\\/amal-apoia-candidatura-de-albufeira-a-cidade-europeia-do-desporto-2026\\\/desporto\\\/11\\\/05\\\/#primaryimage\",\"url\":\"https:\\\/\\\/algarve7.pt\\\/wp-content\\\/uploads\\\/2020\\\/09\\\/img_0012.jpg\",\"contentUrl\":\"https:\\\/\\\/algarve7.pt\\\/wp-content\\\/uploads\\\/2020\\\/09\\\/img_0012.jpg\",\"width\":884,\"height\":544},{\"@type\":\"BreadcrumbList\",\"@id\":\"https:\\\/\\\/algarve7.pt\\\/index.php\\\/2024\\\/07\\\/amal-apoia-candidatura-de-albufeira-a-cidade-europeia-do-desporto-2026\\\/desporto\\\/11\\\/05\\\/#breadcrumb\",\"itemListElement\":[{\"@type\":\"ListItem\",\"position\":1,\"name\":\"In\u00edcio\",\"item\":\"https:\\\/\\\/algarve7.pt\\\/\"},{\"@type\":\"ListItem\",\"position\":2,\"name\":\"AMAL Apoia candidatura de Albufeira a\u00a0\u201cCIDADE EUROPEIA DO DESPORTO 2026\u201d\"}]},{\"@type\":\"WebSite\",\"@id\":\"https:\\\/\\\/algarve7.pt\\\/#website\",\"url\":\"https:\\\/\\\/algarve7.pt\\\/\",\"name\":\"Algarve 7\",\"description\":\"Informa\u00e7\u00e3o sobre o Algarve\",\"publisher\":{\"@id\":\"https:\\\/\\\/algarve7.pt\\\/#organization\"},\"potentialAction\":[{\"@type\":\"SearchAction\",\"target\":{\"@type\":\"EntryPoint\",\"urlTemplate\":\"https:\\\/\\\/algarve7.pt\\\/?s={search_term_string}\"},\"query-input\":{\"@type\":\"PropertyValueSpecification\",\"valueRequired\":true,\"valueName\":\"search_term_string\"}}],\"inLanguage\":\"pt-PT\"},{\"@type\":\"Organization\",\"@id\":\"https:\\\/\\\/algarve7.pt\\\/#organization\",\"name\":\"Algarve 7\",\"url\":\"https:\\\/\\\/algarve7.pt\\\/\",\"logo\":{\"@type\":\"ImageObject\",\"inLanguage\":\"pt-PT\",\"@id\":\"https:\\\/\\\/algarve7.pt\\\/#\\\/schema\\\/logo\\\/image\\\/\",\"url\":\"https:\\\/\\\/algarve7.pt\\\/wp-content\\\/uploads\\\/2020\\\/10\\\/Logo-8.jpg\",\"contentUrl\":\"https:\\\/\\\/algarve7.pt\\\/wp-content\\\/uploads\\\/2020\\\/10\\\/Logo-8.jpg\",\"width\":1680,\"height\":1186,\"caption\":\"Algarve 7\"},\"image\":{\"@id\":\"https:\\\/\\\/algarve7.pt\\\/#\\\/schema\\\/logo\\\/image\\\/\"},\"sameAs\":[\"https:\\\/\\\/www.facebook.com\\\/algarve7\",\"https:\\\/\\\/x.com\\\/Algarvesete\",\"https:\\\/\\\/www.instagram.com\\\/jornalalgarve7\\\/\",\"https:\\\/\\\/www.linkedin.com\\\/company\\\/algarve7\",\"https:\\\/\\\/www.pinterest.pt\\\/geral0939\\\/_created\\\/\"]},{\"@type\":\"Person\",\"@id\":\"https:\\\/\\\/algarve7.pt\\\/#\\\/schema\\\/person\\\/23fa70681308e7b319a3204bcea45e0c\",\"name\":\"Algarve 7\",\"sameAs\":[\"https:\\\/\\\/algarve7.pt\",\"https:\\\/\\\/www.facebook.com\\\/algarve7\"],\"url\":\"https:\\\/\\\/algarve7.pt\\\/index.php\\\/author\\\/geralalgarve7-pt\\\/\"}]}<\/script>\n<!-- \/ Yoast SEO plugin. -->","yoast_head_json":{"title":"AMAL Apoia candidatura de Albufeira a\u00a0\u201cCIDADE EUROPEIA DO DESPORTO 2026\u201d - Algarve 7","description":"AMAL Apoia candidatura de Albufeira a\u00a0\u201cCIDADE EUROPEIA DO DESPORTO 2026\u201d Desporto","robots":{"index":"index","follow":"follow","max-snippet":"max-snippet:-1","max-image-preview":"max-image-preview:large","max-video-preview":"max-video-preview:-1"},"canonical":"https:\/\/algarve7.pt\/index.php\/2024\/07\/amal-apoia-candidatura-de-albufeira-a-cidade-europeia-do-desporto-2026\/desporto\/11\/05\/","og_locale":"pt_PT","og_type":"article","og_title":"AMAL Apoia candidatura de Albufeira a\u00a0\u201cCIDADE EUROPEIA DO DESPORTO 2026\u201d - Algarve 7","og_description":"AMAL Apoia candidatura de Albufeira a\u00a0\u201cCIDADE EUROPEIA DO DESPORTO 2026\u201d Desporto","og_url":"https:\/\/algarve7.pt\/index.php\/2024\/07\/amal-apoia-candidatura-de-albufeira-a-cidade-europeia-do-desporto-2026\/desporto\/11\/05\/","og_site_name":"Algarve 7","article_publisher":"https:\/\/www.facebook.com\/algarve7","article_author":"https:\/\/www.facebook.com\/algarve7","article_published_time":"2024-07-23T10:05:00+00:00","og_image":[{"width":884,"height":544,"url":"https:\/\/algarve7.pt\/wp-content\/uploads\/2020\/09\/img_0012.jpg","type":"image\/jpeg"}],"author":"Algarve 7","twitter_card":"summary_large_image","twitter_creator":"@Algarvesete","twitter_site":"@Algarvesete","twitter_misc":{"Escrito por":"Algarve 7","Tempo estimado de leitura":"2 minutos"},"schema":{"@context":"https:\/\/schema.org","@graph":[{"@type":"Article","@id":"https:\/\/algarve7.pt\/index.php\/2024\/07\/amal-apoia-candidatura-de-albufeira-a-cidade-europeia-do-desporto-2026\/desporto\/11\/05\/#article","isPartOf":{"@id":"https:\/\/algarve7.pt\/index.php\/2024\/07\/amal-apoia-candidatura-de-albufeira-a-cidade-europeia-do-desporto-2026\/desporto\/11\/05\/"},"author":{"name":"Algarve 7","@id":"https:\/\/algarve7.pt\/#\/schema\/person\/23fa70681308e7b319a3204bcea45e0c"},"headline":"AMAL Apoia candidatura de Albufeira a\u00a0\u201cCIDADE EUROPEIA DO DESPORTO 2026\u201d","datePublished":"2024-07-23T10:05:00+00:00","mainEntityOfPage":{"@id":"https:\/\/algarve7.pt\/index.php\/2024\/07\/amal-apoia-candidatura-de-albufeira-a-cidade-europeia-do-desporto-2026\/desporto\/11\/05\/"},"wordCount":179,"commentCount":0,"publisher":{"@id":"https:\/\/algarve7.pt\/#organization"},"image":{"@id":"https:\/\/algarve7.pt\/index.php\/2024\/07\/amal-apoia-candidatura-de-albufeira-a-cidade-europeia-do-desporto-2026\/desporto\/11\/05\/#primaryimage"},"thumbnailUrl":"https:\/\/algarve7.pt\/wp-content\/uploads\/2020\/09\/img_0012.jpg","keywords":["Albufeira","Algarve","Desporto"],"articleSection":["Desporto"],"inLanguage":"pt-PT","potentialAction":[{"@type":"CommentAction","name":"Comment","target":["https:\/\/algarve7.pt\/index.php\/2024\/07\/amal-apoia-candidatura-de-albufeira-a-cidade-europeia-do-desporto-2026\/desporto\/11\/05\/#respond"]}]},{"@type":"WebPage","@id":"https:\/\/algarve7.pt\/index.php\/2024\/07\/amal-apoia-candidatura-de-albufeira-a-cidade-europeia-do-desporto-2026\/desporto\/11\/05\/","url":"https:\/\/algarve7.pt\/index.php\/2024\/07\/amal-apoia-candidatura-de-albufeira-a-cidade-europeia-do-desporto-2026\/desporto\/11\/05\/","name":"AMAL Apoia candidatura de Albufeira a\u00a0\u201cCIDADE EUROPEIA DO DESPORTO 2026\u201d - Algarve 7","isPartOf":{"@id":"https:\/\/algarve7.pt\/#website"},"primaryImageOfPage":{"@id":"https:\/\/algarve7.pt\/index.php\/2024\/07\/amal-apoia-candidatura-de-albufeira-a-cidade-europeia-do-desporto-2026\/desporto\/11\/05\/#primaryimage"},"image":{"@id":"https:\/\/algarve7.pt\/index.php\/2024\/07\/amal-apoia-candidatura-de-albufeira-a-cidade-europeia-do-desporto-2026\/desporto\/11\/05\/#primaryimage"},"thumbnailUrl":"https:\/\/algarve7.pt\/wp-content\/uploads\/2020\/09\/img_0012.jpg","datePublished":"2024-07-23T10:05:00+00:00","description":"AMAL Apoia candidatura de Albufeira a\u00a0\u201cCIDADE EUROPEIA DO DESPORTO 2026\u201d Desporto","breadcrumb":{"@id":"https:\/\/algarve7.pt\/index.php\/2024\/07\/amal-apoia-candidatura-de-albufeira-a-cidade-europeia-do-desporto-2026\/desporto\/11\/05\/#breadcrumb"},"inLanguage":"pt-PT","potentialAction":[{"@type":"ReadAction","target":["https:\/\/algarve7.pt\/index.php\/2024\/07\/amal-apoia-candidatura-de-albufeira-a-cidade-europeia-do-desporto-2026\/desporto\/11\/05\/"]}]},{"@type":"ImageObject","inLanguage":"pt-PT","@id":"https:\/\/algarve7.pt\/index.php\/2024\/07\/amal-apoia-candidatura-de-albufeira-a-cidade-europeia-do-desporto-2026\/desporto\/11\/05\/#primaryimage","url":"https:\/\/algarve7.pt\/wp-content\/uploads\/2020\/09\/img_0012.jpg","contentUrl":"https:\/\/algarve7.pt\/wp-content\/uploads\/2020\/09\/img_0012.jpg","width":884,"height":544},{"@type":"BreadcrumbList","@id":"https:\/\/algarve7.pt\/index.php\/2024\/07\/amal-apoia-candidatura-de-albufeira-a-cidade-europeia-do-desporto-2026\/desporto\/11\/05\/#breadcrumb","itemListElement":[{"@type":"ListItem","position":1,"name":"In\u00edcio","item":"https:\/\/algarve7.pt\/"},{"@type":"ListItem","position":2,"name":"AMAL Apoia candidatura de Albufeira a\u00a0\u201cCIDADE EUROPEIA DO DESPORTO 2026\u201d"}]},{"@type":"WebSite","@id":"https:\/\/algarve7.pt\/#website","url":"https:\/\/algarve7.pt\/","name":"Algarve 7","description":"Informa\u00e7\u00e3o sobre o Algarve","publisher":{"@id":"https:\/\/algarve7.pt\/#organization"},"potentialAction":[{"@type":"SearchAction","target":{"@type":"EntryPoint","urlTemplate":"https:\/\/algarve7.pt\/?s={search_term_string}"},"query-input":{"@type":"PropertyValueSpecification","valueRequired":true,"valueName":"search_term_string"}}],"inLanguage":"pt-PT"},{"@type":"Organization","@id":"https:\/\/algarve7.pt\/#organization","name":"Algarve 7","url":"https:\/\/algarve7.pt\/","logo":{"@type":"ImageObject","inLanguage":"pt-PT","@id":"https:\/\/algarve7.pt\/#\/schema\/logo\/image\/","url":"https:\/\/algarve7.pt\/wp-content\/uploads\/2020\/10\/Logo-8.jpg","contentUrl":"https:\/\/algarve7.pt\/wp-content\/uploads\/2020\/10\/Logo-8.jpg","width":1680,"height":1186,"caption":"Algarve 7"},"image":{"@id":"https:\/\/algarve7.pt\/#\/schema\/logo\/image\/"},"sameAs":["https:\/\/www.facebook.com\/algarve7","https:\/\/x.com\/Algarvesete","https:\/\/www.instagram.com\/jornalalgarve7\/","https:\/\/www.linkedin.com\/company\/algarve7","https:\/\/www.pinterest.pt\/geral0939\/_created\/"]},{"@type":"Person","@id":"https:\/\/algarve7.pt\/#\/schema\/person\/23fa70681308e7b319a3204bcea45e0c","name":"Algarve 7","sameAs":["https:\/\/algarve7.pt","https:\/\/www.facebook.com\/algarve7"],"url":"https:\/\/algarve7.pt\/index.php\/author\/geralalgarve7-pt\/"}]}},"jetpack_publicize_connections":[],"jetpack_featured_media_url":"https:\/\/algarve7.pt\/wp-content\/uploads\/2020\/09\/img_0012.jpg","jetpack_shortlink":"https:\/\/wp.me\/pcezmW-aDa","jetpack_sharing_enabled":true,"_links":{"self":[{"href":"https:\/\/algarve7.pt\/index.php\/wp-json\/wp\/v2\/posts\/40868","targetHints":{"allow":["GET"]}}],"collection":[{"href":"https:\/\/algarve7.pt\/index.php\/wp-json\/wp\/v2\/posts"}],"about":[{"href":"https:\/\/algarve7.pt\/index.php\/wp-json\/wp\/v2\/types\/post"}],"author":[{"embeddable":true,"href":"https:\/\/algarve7.pt\/index.php\/wp-json\/wp\/v2\/users\/1"}],"replies":[{"embeddable":true,"href":"https:\/\/algarve7.pt\/index.php\/wp-json\/wp\/v2\/comments?post=40868"}],"version-history":[{"count":0,"href":"https:\/\/algarve7.pt\/index.php\/wp-json\/wp\/v2\/posts\/40868\/revisions"}],"wp:featuredmedia":[{"embeddable":true,"href":"https:\/\/algarve7.pt\/index.php\/wp-json\/wp\/v2\/media\/1203"}],"wp:attachment":[{"href":"https:\/\/algarve7.pt\/index.php\/wp-json\/wp\/v2\/media?parent=40868"}],"wp:term":[{"taxonomy":"category","embeddable":true,"href":"https:\/\/algarve7.pt\/index.php\/wp-json\/wp\/v2\/categories?post=40868"},{"taxonomy":"post_tag","embeddable":true,"href":"https:\/\/algarve7.pt\/index.php\/wp-json\/wp\/v2\/tags?post=40868"}],"curies":[{"name":"wp","href":"https:\/\/api.w.org\/{rel}","templated":true}]}}