{"id":4080,"date":"2020-11-26T08:00:52","date_gmt":"2020-11-26T08:00:52","guid":{"rendered":"https:\/\/algarve7.pt\/?p=4080"},"modified":"2020-11-26T07:39:08","modified_gmt":"2020-11-26T07:39:08","slug":"faro-somos-todos-e-a-campanha-de-natal-do-municipio-de-faro","status":"publish","type":"post","link":"https:\/\/algarve7.pt\/index.php\/2020\/11\/faro-somos-todos-e-a-campanha-de-natal-do-municipio-de-faro\/economia\/08\/00\/","title":{"rendered":"Faro. Somos todos \u00e9 a campanha de natal do munic\u00edpio de Faro"},"content":{"rendered":"\n<p>\u00a0<\/p>\n\n\n\n<p>\u201cFaro. Somos todos.\u201d \u00e9 o nome da campanha promovida pela autarquia, em parceria\u00a0com a Associa\u00e7\u00e3o do Com\u00e9rcio e Servi\u00e7os da Regi\u00e3o do Algarve (ACRAL), a Associa\u00e7\u00e3o de Desenvolvimento Comercial da Zona Hist\u00f3rica de Faro (Associa\u00e7\u00e3o Com\u00e9rcio da Baixa), a Associa\u00e7\u00e3o dos Industriais Hoteleiros e Similares do Algarve (AIHSA) e a Associa\u00e7\u00e3o Cultural e Ativista da Baixa de Faro (OCAB), que pretende incentivar os mun\u00edcipes a comprar no com\u00e9rcio local de todo o concelho e que foi apresentada hoje<\/p>\n\n\n\n<p>A campanha que se encontra em fase de angaria\u00e7\u00e3o de aderentes ir\u00e1 decorrer at\u00e9 ao 6 de janeiro de 2021 e pretende fomentar a economia circular. As ac\u00e7\u00f5es ir\u00e3o materializar-se na forma de vouchers (vales de compras), que v\u00e3o beneficiar consumidores e empres\u00e1rios (com\u00e9rcio, servi\u00e7os locais e restaura\u00e7\u00e3o), numa tentativa de atenuar as dificuldades dos neg\u00f3cios em todas as freguesias do concelho, neste contexto de crise pand\u00e9mica.<\/p>\n\n\n\n<p>Por cada 10 euros em compras realizadas nos estabelecimentos do concelho aderentes \u00e0 iniciativa, ser\u00e1 entregue ao cliente um cup\u00e3o de participa\u00e7\u00e3o que o habilita a sorteios de vouchers de compras no valor de 30\u20ac, 50\u20ac, 100\u20ac ou 200\u20ac, no total ser\u00e3o investidos 60 mil euros nos sorteios ao longo de cinco semanas.<\/p>\n\n\n\n<p>Os vouchers poder\u00e3o ser utilizados at\u00e9 dia 6 de janeiro de 2021, nos estabelecimentos do concelho aderentes, sendo um ter\u00e7o do valor dos sorteios para consumo exclusivo nos restaurantes aderentes e os restantes dois ter\u00e7os para utiliza\u00e7\u00e3o livre, na restaura\u00e7\u00e3o ou no com\u00e9rcio\/servi\u00e7os locais.<\/p>\n\n\n\n<p>A campanha prev\u00ea ainda duas a\u00e7\u00f5es promocionais complementares de est\u00edmulo \u00e0 economia local: uma espec\u00edfica para a comunidade escolar do concelho, que consiste na oferta de um voucher no valor de 15 euros a cada crian\u00e7a a frequentar o ensino pr\u00e9-escolar e 1.\u00ba ciclo p\u00fablico ou privado, para utiliza\u00e7\u00e3o nos estabelecimentos locais aderentes e outra a\u00e7\u00e3o direcionada \u00e0s empresas com sede no concelho que queiram realizar os habituais conv\u00edvios de Natal entre colaboradores na restaura\u00e7\u00e3o aderente. A autarquia oferece \u00e0s empresas que fa\u00e7am as suas marca\u00e7\u00f5es nestes restaurantes a\u00e7\u00f5es de \u201cteam building\u201d para os seus funcion\u00e1rios, a realizar no Centro N\u00e1utico da Praia de Faro, at\u00e9 dia 31 de maio de 2021.&nbsp;<\/p>\n\n\n\n<p>Os comerciantes interessados em aderir \u00e0 iniciativa poder\u00e3o efetuar a sua inscri\u00e7\u00e3o em&nbsp;<a href=\"http:\/\/www.farosomostodos.pt\/\">www.farosomostodos.pt<\/a>(j\u00e1 dispon\u00edvel) ou na loja de apoio \u00e0 iniciativa \u201cFaro. Somos todos\u201d, situada na Rua Lethes 42\/44, em Faro, que funcionar\u00e1 tamb\u00e9m a partir de dia 24, nos dias \u00fateis, das 11h00 \u00e0s 19h00 e s\u00e1bado das 11h00 \u00e0s 13h30. Os cup\u00f5es adquiridos no com\u00e9rcio local dever\u00e3o ser entregues devidamente preenchidos e com o respetivo tal\u00e3o de compra nesta loja, na qual ser\u00e3o efetuados os sorteios.<\/p>\n\n\n\n<p>Podem aderir \u00e0 campanha espa\u00e7os comerciais, servi\u00e7os locais e restaurantes sediados no concelho de Faro, excetuando estabelecimentos localizados em grandes superf\u00edcies comerciais ou centros comerciais; estabelecimentos de distribui\u00e7\u00e3o alimentar de m\u00e9dia e grande dimens\u00e3o; gin\u00e1sios e outros servi\u00e7os que tenham anuidades como principal forma de pagamento; hotelaria e alojamento local e imobili\u00e1rias e outros similares, como empresas de constru\u00e7\u00e3o ou de gest\u00e3o de condom\u00ednios.<\/p>\n","protected":false},"excerpt":{"rendered":"<p>\u00a0 \u201cFaro. Somos todos.\u201d \u00e9 o nome da campanha promovida pela autarquia, em parceria\u00a0com a Associa\u00e7\u00e3o do Com\u00e9rcio e Servi\u00e7os<\/p>\n","protected":false},"author":1,"featured_media":4081,"comment_status":"closed","ping_status":"open","sticky":false,"template":"","format":"standard","meta":{"colormag_page_container_layout":"default_layout","colormag_page_sidebar_layout":"default_layout","_monsterinsights_skip_tracking":false,"_monsterinsights_sitenote_active":false,"_monsterinsights_sitenote_note":"","_monsterinsights_sitenote_category":0,"jetpack_post_was_ever_published":false,"_jetpack_newsletter_access":"","_jetpack_dont_email_post_to_subs":false,"_jetpack_newsletter_tier_id":0,"_jetpack_memberships_contains_paywalled_content":false,"_jetpack_memberships_contains_paid_content":false,"footnotes":"","jetpack_publicize_message":"","jetpack_publicize_feature_enabled":true,"jetpack_social_post_already_shared":true,"jetpack_social_options":{"image_generator_settings":{"template":"highway","default_image_id":0,"font":"","enabled":false},"version":2}},"categories":[151],"tags":[36,153,57,237],"class_list":["post-4080","post","type-post","status-publish","format-standard","has-post-thumbnail","hentry","category-economia","tag-algarve","tag-economia","tag-faro","tag-natal"],"yoast_head":"<!-- This site is optimized with the Yoast SEO plugin v27.5 - https:\/\/yoast.com\/product\/yoast-seo-wordpress\/ -->\n<title>Faro. Somos todos \u00e9 a campanha de natal do munic\u00edpio de Faro - Algarve 7<\/title>\n<meta name=\"description\" content=\"Faro. Somos todos \u00e9 a campanha de natal do munic\u00edpio de Faro Economia\" \/>\n<meta name=\"robots\" content=\"index, follow, max-snippet:-1, max-image-preview:large, max-video-preview:-1\" \/>\n<link rel=\"canonical\" href=\"https:\/\/algarve7.pt\/index.php\/2020\/11\/faro-somos-todos-e-a-campanha-de-natal-do-municipio-de-faro\/economia\/08\/00\/\" \/>\n<meta property=\"og:locale\" content=\"pt_PT\" \/>\n<meta property=\"og:type\" content=\"article\" \/>\n<meta property=\"og:title\" content=\"Faro. Somos todos \u00e9 a campanha de natal do munic\u00edpio de Faro - Algarve 7\" \/>\n<meta property=\"og:description\" content=\"Faro. Somos todos \u00e9 a campanha de natal do munic\u00edpio de Faro Economia\" \/>\n<meta property=\"og:url\" content=\"https:\/\/algarve7.pt\/index.php\/2020\/11\/faro-somos-todos-e-a-campanha-de-natal-do-municipio-de-faro\/economia\/08\/00\/\" \/>\n<meta property=\"og:site_name\" content=\"Algarve 7\" \/>\n<meta property=\"article:publisher\" content=\"https:\/\/www.facebook.com\/algarve7\" \/>\n<meta property=\"article:author\" content=\"https:\/\/www.facebook.com\/algarve7\" \/>\n<meta property=\"article:published_time\" content=\"2020-11-26T08:00:52+00:00\" \/>\n<meta property=\"og:image\" content=\"https:\/\/algarve7.pt\/wp-content\/uploads\/2020\/11\/Faro-Somos-Todos-9542.jpg\" \/>\n\t<meta property=\"og:image:width\" content=\"1500\" \/>\n\t<meta property=\"og:image:height\" content=\"979\" \/>\n\t<meta property=\"og:image:type\" content=\"image\/jpeg\" \/>\n<meta name=\"author\" content=\"Algarve 7\" \/>\n<meta name=\"twitter:card\" content=\"summary_large_image\" \/>\n<meta name=\"twitter:creator\" content=\"@Algarvesete\" \/>\n<meta name=\"twitter:site\" content=\"@Algarvesete\" \/>\n<meta name=\"twitter:label1\" content=\"Escrito por\" \/>\n\t<meta name=\"twitter:data1\" content=\"Algarve 7\" \/>\n\t<meta name=\"twitter:label2\" content=\"Tempo estimado de leitura\" \/>\n\t<meta name=\"twitter:data2\" content=\"3 minutos\" \/>\n<script type=\"application\/ld+json\" class=\"yoast-schema-graph\">{\"@context\":\"https:\\\/\\\/schema.org\",\"@graph\":[{\"@type\":\"Article\",\"@id\":\"https:\\\/\\\/algarve7.pt\\\/index.php\\\/2020\\\/11\\\/faro-somos-todos-e-a-campanha-de-natal-do-municipio-de-faro\\\/economia\\\/08\\\/00\\\/#article\",\"isPartOf\":{\"@id\":\"https:\\\/\\\/algarve7.pt\\\/index.php\\\/2020\\\/11\\\/faro-somos-todos-e-a-campanha-de-natal-do-municipio-de-faro\\\/economia\\\/08\\\/00\\\/\"},\"author\":{\"name\":\"Algarve 7\",\"@id\":\"https:\\\/\\\/algarve7.pt\\\/#\\\/schema\\\/person\\\/23fa70681308e7b319a3204bcea45e0c\"},\"headline\":\"Faro. Somos todos \u00e9 a campanha de natal do munic\u00edpio de Faro\",\"datePublished\":\"2020-11-26T08:00:52+00:00\",\"mainEntityOfPage\":{\"@id\":\"https:\\\/\\\/algarve7.pt\\\/index.php\\\/2020\\\/11\\\/faro-somos-todos-e-a-campanha-de-natal-do-municipio-de-faro\\\/economia\\\/08\\\/00\\\/\"},\"wordCount\":563,\"publisher\":{\"@id\":\"https:\\\/\\\/algarve7.pt\\\/#organization\"},\"image\":{\"@id\":\"https:\\\/\\\/algarve7.pt\\\/index.php\\\/2020\\\/11\\\/faro-somos-todos-e-a-campanha-de-natal-do-municipio-de-faro\\\/economia\\\/08\\\/00\\\/#primaryimage\"},\"thumbnailUrl\":\"https:\\\/\\\/algarve7.pt\\\/wp-content\\\/uploads\\\/2020\\\/11\\\/Faro-Somos-Todos-9542.jpg\",\"keywords\":[\"Algarve\",\"Economia\",\"Faro\",\"Natal\"],\"articleSection\":[\"Economia\"],\"inLanguage\":\"pt-PT\"},{\"@type\":\"WebPage\",\"@id\":\"https:\\\/\\\/algarve7.pt\\\/index.php\\\/2020\\\/11\\\/faro-somos-todos-e-a-campanha-de-natal-do-municipio-de-faro\\\/economia\\\/08\\\/00\\\/\",\"url\":\"https:\\\/\\\/algarve7.pt\\\/index.php\\\/2020\\\/11\\\/faro-somos-todos-e-a-campanha-de-natal-do-municipio-de-faro\\\/economia\\\/08\\\/00\\\/\",\"name\":\"Faro. Somos todos \u00e9 a campanha de natal do munic\u00edpio de Faro - Algarve 7\",\"isPartOf\":{\"@id\":\"https:\\\/\\\/algarve7.pt\\\/#website\"},\"primaryImageOfPage\":{\"@id\":\"https:\\\/\\\/algarve7.pt\\\/index.php\\\/2020\\\/11\\\/faro-somos-todos-e-a-campanha-de-natal-do-municipio-de-faro\\\/economia\\\/08\\\/00\\\/#primaryimage\"},\"image\":{\"@id\":\"https:\\\/\\\/algarve7.pt\\\/index.php\\\/2020\\\/11\\\/faro-somos-todos-e-a-campanha-de-natal-do-municipio-de-faro\\\/economia\\\/08\\\/00\\\/#primaryimage\"},\"thumbnailUrl\":\"https:\\\/\\\/algarve7.pt\\\/wp-content\\\/uploads\\\/2020\\\/11\\\/Faro-Somos-Todos-9542.jpg\",\"datePublished\":\"2020-11-26T08:00:52+00:00\",\"description\":\"Faro. Somos todos \u00e9 a campanha de natal do munic\u00edpio de Faro Economia\",\"breadcrumb\":{\"@id\":\"https:\\\/\\\/algarve7.pt\\\/index.php\\\/2020\\\/11\\\/faro-somos-todos-e-a-campanha-de-natal-do-municipio-de-faro\\\/economia\\\/08\\\/00\\\/#breadcrumb\"},\"inLanguage\":\"pt-PT\",\"potentialAction\":[{\"@type\":\"ReadAction\",\"target\":[\"https:\\\/\\\/algarve7.pt\\\/index.php\\\/2020\\\/11\\\/faro-somos-todos-e-a-campanha-de-natal-do-municipio-de-faro\\\/economia\\\/08\\\/00\\\/\"]}]},{\"@type\":\"ImageObject\",\"inLanguage\":\"pt-PT\",\"@id\":\"https:\\\/\\\/algarve7.pt\\\/index.php\\\/2020\\\/11\\\/faro-somos-todos-e-a-campanha-de-natal-do-municipio-de-faro\\\/economia\\\/08\\\/00\\\/#primaryimage\",\"url\":\"https:\\\/\\\/algarve7.pt\\\/wp-content\\\/uploads\\\/2020\\\/11\\\/Faro-Somos-Todos-9542.jpg\",\"contentUrl\":\"https:\\\/\\\/algarve7.pt\\\/wp-content\\\/uploads\\\/2020\\\/11\\\/Faro-Somos-Todos-9542.jpg\",\"width\":1500,\"height\":979},{\"@type\":\"BreadcrumbList\",\"@id\":\"https:\\\/\\\/algarve7.pt\\\/index.php\\\/2020\\\/11\\\/faro-somos-todos-e-a-campanha-de-natal-do-municipio-de-faro\\\/economia\\\/08\\\/00\\\/#breadcrumb\",\"itemListElement\":[{\"@type\":\"ListItem\",\"position\":1,\"name\":\"In\u00edcio\",\"item\":\"https:\\\/\\\/algarve7.pt\\\/\"},{\"@type\":\"ListItem\",\"position\":2,\"name\":\"Faro. Somos todos \u00e9 a campanha de natal do munic\u00edpio de Faro\"}]},{\"@type\":\"WebSite\",\"@id\":\"https:\\\/\\\/algarve7.pt\\\/#website\",\"url\":\"https:\\\/\\\/algarve7.pt\\\/\",\"name\":\"Algarve 7\",\"description\":\"Informa\u00e7\u00e3o sobre o Algarve\",\"publisher\":{\"@id\":\"https:\\\/\\\/algarve7.pt\\\/#organization\"},\"potentialAction\":[{\"@type\":\"SearchAction\",\"target\":{\"@type\":\"EntryPoint\",\"urlTemplate\":\"https:\\\/\\\/algarve7.pt\\\/?s={search_term_string}\"},\"query-input\":{\"@type\":\"PropertyValueSpecification\",\"valueRequired\":true,\"valueName\":\"search_term_string\"}}],\"inLanguage\":\"pt-PT\"},{\"@type\":\"Organization\",\"@id\":\"https:\\\/\\\/algarve7.pt\\\/#organization\",\"name\":\"Algarve 7\",\"url\":\"https:\\\/\\\/algarve7.pt\\\/\",\"logo\":{\"@type\":\"ImageObject\",\"inLanguage\":\"pt-PT\",\"@id\":\"https:\\\/\\\/algarve7.pt\\\/#\\\/schema\\\/logo\\\/image\\\/\",\"url\":\"https:\\\/\\\/algarve7.pt\\\/wp-content\\\/uploads\\\/2020\\\/10\\\/Logo-8.jpg\",\"contentUrl\":\"https:\\\/\\\/algarve7.pt\\\/wp-content\\\/uploads\\\/2020\\\/10\\\/Logo-8.jpg\",\"width\":1680,\"height\":1186,\"caption\":\"Algarve 7\"},\"image\":{\"@id\":\"https:\\\/\\\/algarve7.pt\\\/#\\\/schema\\\/logo\\\/image\\\/\"},\"sameAs\":[\"https:\\\/\\\/www.facebook.com\\\/algarve7\",\"https:\\\/\\\/x.com\\\/Algarvesete\",\"https:\\\/\\\/www.instagram.com\\\/jornalalgarve7\\\/\",\"https:\\\/\\\/www.linkedin.com\\\/company\\\/algarve7\",\"https:\\\/\\\/www.pinterest.pt\\\/geral0939\\\/_created\\\/\"]},{\"@type\":\"Person\",\"@id\":\"https:\\\/\\\/algarve7.pt\\\/#\\\/schema\\\/person\\\/23fa70681308e7b319a3204bcea45e0c\",\"name\":\"Algarve 7\",\"sameAs\":[\"https:\\\/\\\/algarve7.pt\",\"https:\\\/\\\/www.facebook.com\\\/algarve7\"],\"url\":\"https:\\\/\\\/algarve7.pt\\\/index.php\\\/author\\\/geralalgarve7-pt\\\/\"}]}<\/script>\n<!-- \/ Yoast SEO plugin. -->","yoast_head_json":{"title":"Faro. Somos todos \u00e9 a campanha de natal do munic\u00edpio de Faro - Algarve 7","description":"Faro. Somos todos \u00e9 a campanha de natal do munic\u00edpio de Faro Economia","robots":{"index":"index","follow":"follow","max-snippet":"max-snippet:-1","max-image-preview":"max-image-preview:large","max-video-preview":"max-video-preview:-1"},"canonical":"https:\/\/algarve7.pt\/index.php\/2020\/11\/faro-somos-todos-e-a-campanha-de-natal-do-municipio-de-faro\/economia\/08\/00\/","og_locale":"pt_PT","og_type":"article","og_title":"Faro. Somos todos \u00e9 a campanha de natal do munic\u00edpio de Faro - Algarve 7","og_description":"Faro. Somos todos \u00e9 a campanha de natal do munic\u00edpio de Faro Economia","og_url":"https:\/\/algarve7.pt\/index.php\/2020\/11\/faro-somos-todos-e-a-campanha-de-natal-do-municipio-de-faro\/economia\/08\/00\/","og_site_name":"Algarve 7","article_publisher":"https:\/\/www.facebook.com\/algarve7","article_author":"https:\/\/www.facebook.com\/algarve7","article_published_time":"2020-11-26T08:00:52+00:00","og_image":[{"width":1500,"height":979,"url":"https:\/\/algarve7.pt\/wp-content\/uploads\/2020\/11\/Faro-Somos-Todos-9542.jpg","type":"image\/jpeg"}],"author":"Algarve 7","twitter_card":"summary_large_image","twitter_creator":"@Algarvesete","twitter_site":"@Algarvesete","twitter_misc":{"Escrito por":"Algarve 7","Tempo estimado de leitura":"3 minutos"},"schema":{"@context":"https:\/\/schema.org","@graph":[{"@type":"Article","@id":"https:\/\/algarve7.pt\/index.php\/2020\/11\/faro-somos-todos-e-a-campanha-de-natal-do-municipio-de-faro\/economia\/08\/00\/#article","isPartOf":{"@id":"https:\/\/algarve7.pt\/index.php\/2020\/11\/faro-somos-todos-e-a-campanha-de-natal-do-municipio-de-faro\/economia\/08\/00\/"},"author":{"name":"Algarve 7","@id":"https:\/\/algarve7.pt\/#\/schema\/person\/23fa70681308e7b319a3204bcea45e0c"},"headline":"Faro. Somos todos \u00e9 a campanha de natal do munic\u00edpio de Faro","datePublished":"2020-11-26T08:00:52+00:00","mainEntityOfPage":{"@id":"https:\/\/algarve7.pt\/index.php\/2020\/11\/faro-somos-todos-e-a-campanha-de-natal-do-municipio-de-faro\/economia\/08\/00\/"},"wordCount":563,"publisher":{"@id":"https:\/\/algarve7.pt\/#organization"},"image":{"@id":"https:\/\/algarve7.pt\/index.php\/2020\/11\/faro-somos-todos-e-a-campanha-de-natal-do-municipio-de-faro\/economia\/08\/00\/#primaryimage"},"thumbnailUrl":"https:\/\/algarve7.pt\/wp-content\/uploads\/2020\/11\/Faro-Somos-Todos-9542.jpg","keywords":["Algarve","Economia","Faro","Natal"],"articleSection":["Economia"],"inLanguage":"pt-PT"},{"@type":"WebPage","@id":"https:\/\/algarve7.pt\/index.php\/2020\/11\/faro-somos-todos-e-a-campanha-de-natal-do-municipio-de-faro\/economia\/08\/00\/","url":"https:\/\/algarve7.pt\/index.php\/2020\/11\/faro-somos-todos-e-a-campanha-de-natal-do-municipio-de-faro\/economia\/08\/00\/","name":"Faro. Somos todos \u00e9 a campanha de natal do munic\u00edpio de Faro - Algarve 7","isPartOf":{"@id":"https:\/\/algarve7.pt\/#website"},"primaryImageOfPage":{"@id":"https:\/\/algarve7.pt\/index.php\/2020\/11\/faro-somos-todos-e-a-campanha-de-natal-do-municipio-de-faro\/economia\/08\/00\/#primaryimage"},"image":{"@id":"https:\/\/algarve7.pt\/index.php\/2020\/11\/faro-somos-todos-e-a-campanha-de-natal-do-municipio-de-faro\/economia\/08\/00\/#primaryimage"},"thumbnailUrl":"https:\/\/algarve7.pt\/wp-content\/uploads\/2020\/11\/Faro-Somos-Todos-9542.jpg","datePublished":"2020-11-26T08:00:52+00:00","description":"Faro. Somos todos \u00e9 a campanha de natal do munic\u00edpio de Faro Economia","breadcrumb":{"@id":"https:\/\/algarve7.pt\/index.php\/2020\/11\/faro-somos-todos-e-a-campanha-de-natal-do-municipio-de-faro\/economia\/08\/00\/#breadcrumb"},"inLanguage":"pt-PT","potentialAction":[{"@type":"ReadAction","target":["https:\/\/algarve7.pt\/index.php\/2020\/11\/faro-somos-todos-e-a-campanha-de-natal-do-municipio-de-faro\/economia\/08\/00\/"]}]},{"@type":"ImageObject","inLanguage":"pt-PT","@id":"https:\/\/algarve7.pt\/index.php\/2020\/11\/faro-somos-todos-e-a-campanha-de-natal-do-municipio-de-faro\/economia\/08\/00\/#primaryimage","url":"https:\/\/algarve7.pt\/wp-content\/uploads\/2020\/11\/Faro-Somos-Todos-9542.jpg","contentUrl":"https:\/\/algarve7.pt\/wp-content\/uploads\/2020\/11\/Faro-Somos-Todos-9542.jpg","width":1500,"height":979},{"@type":"BreadcrumbList","@id":"https:\/\/algarve7.pt\/index.php\/2020\/11\/faro-somos-todos-e-a-campanha-de-natal-do-municipio-de-faro\/economia\/08\/00\/#breadcrumb","itemListElement":[{"@type":"ListItem","position":1,"name":"In\u00edcio","item":"https:\/\/algarve7.pt\/"},{"@type":"ListItem","position":2,"name":"Faro. Somos todos \u00e9 a campanha de natal do munic\u00edpio de Faro"}]},{"@type":"WebSite","@id":"https:\/\/algarve7.pt\/#website","url":"https:\/\/algarve7.pt\/","name":"Algarve 7","description":"Informa\u00e7\u00e3o sobre o Algarve","publisher":{"@id":"https:\/\/algarve7.pt\/#organization"},"potentialAction":[{"@type":"SearchAction","target":{"@type":"EntryPoint","urlTemplate":"https:\/\/algarve7.pt\/?s={search_term_string}"},"query-input":{"@type":"PropertyValueSpecification","valueRequired":true,"valueName":"search_term_string"}}],"inLanguage":"pt-PT"},{"@type":"Organization","@id":"https:\/\/algarve7.pt\/#organization","name":"Algarve 7","url":"https:\/\/algarve7.pt\/","logo":{"@type":"ImageObject","inLanguage":"pt-PT","@id":"https:\/\/algarve7.pt\/#\/schema\/logo\/image\/","url":"https:\/\/algarve7.pt\/wp-content\/uploads\/2020\/10\/Logo-8.jpg","contentUrl":"https:\/\/algarve7.pt\/wp-content\/uploads\/2020\/10\/Logo-8.jpg","width":1680,"height":1186,"caption":"Algarve 7"},"image":{"@id":"https:\/\/algarve7.pt\/#\/schema\/logo\/image\/"},"sameAs":["https:\/\/www.facebook.com\/algarve7","https:\/\/x.com\/Algarvesete","https:\/\/www.instagram.com\/jornalalgarve7\/","https:\/\/www.linkedin.com\/company\/algarve7","https:\/\/www.pinterest.pt\/geral0939\/_created\/"]},{"@type":"Person","@id":"https:\/\/algarve7.pt\/#\/schema\/person\/23fa70681308e7b319a3204bcea45e0c","name":"Algarve 7","sameAs":["https:\/\/algarve7.pt","https:\/\/www.facebook.com\/algarve7"],"url":"https:\/\/algarve7.pt\/index.php\/author\/geralalgarve7-pt\/"}]}},"jetpack_publicize_connections":[],"jetpack_featured_media_url":"https:\/\/algarve7.pt\/wp-content\/uploads\/2020\/11\/Faro-Somos-Todos-9542.jpg","jetpack_shortlink":"https:\/\/wp.me\/pcezmW-13O","jetpack_sharing_enabled":true,"_links":{"self":[{"href":"https:\/\/algarve7.pt\/index.php\/wp-json\/wp\/v2\/posts\/4080","targetHints":{"allow":["GET"]}}],"collection":[{"href":"https:\/\/algarve7.pt\/index.php\/wp-json\/wp\/v2\/posts"}],"about":[{"href":"https:\/\/algarve7.pt\/index.php\/wp-json\/wp\/v2\/types\/post"}],"author":[{"embeddable":true,"href":"https:\/\/algarve7.pt\/index.php\/wp-json\/wp\/v2\/users\/1"}],"replies":[{"embeddable":true,"href":"https:\/\/algarve7.pt\/index.php\/wp-json\/wp\/v2\/comments?post=4080"}],"version-history":[{"count":0,"href":"https:\/\/algarve7.pt\/index.php\/wp-json\/wp\/v2\/posts\/4080\/revisions"}],"wp:featuredmedia":[{"embeddable":true,"href":"https:\/\/algarve7.pt\/index.php\/wp-json\/wp\/v2\/media\/4081"}],"wp:attachment":[{"href":"https:\/\/algarve7.pt\/index.php\/wp-json\/wp\/v2\/media?parent=4080"}],"wp:term":[{"taxonomy":"category","embeddable":true,"href":"https:\/\/algarve7.pt\/index.php\/wp-json\/wp\/v2\/categories?post=4080"},{"taxonomy":"post_tag","embeddable":true,"href":"https:\/\/algarve7.pt\/index.php\/wp-json\/wp\/v2\/tags?post=4080"}],"curies":[{"name":"wp","href":"https:\/\/api.w.org\/{rel}","templated":true}]}}