{"id":40769,"date":"2024-07-18T16:36:35","date_gmt":"2024-07-18T15:36:35","guid":{"rendered":"https:\/\/algarve7.pt\/?p=40769"},"modified":"2024-07-18T16:36:36","modified_gmt":"2024-07-18T15:36:36","slug":"portimao-respeita-hoje-luto-municipal-pelo-falecimento-de-paulo-pinheiro","status":"publish","type":"post","link":"https:\/\/algarve7.pt\/index.php\/2024\/07\/portimao-respeita-hoje-luto-municipal-pelo-falecimento-de-paulo-pinheiro\/atualidade\/16\/36\/","title":{"rendered":"Portim\u00e3o respeita hoje Luto Municipal pelo falecimento de Paulo Pinheiro"},"content":{"rendered":"\n<p>O executivo municipal de Portim\u00e3o aprovou por unanimidade, em reuni\u00e3o de c\u00e2mara realizada ontem, um voto de pesar pelo falecimento de Paulo Pinheiro, tendo decretado para hoje, 18 de julho, Luto Municipal por ocasi\u00e3o das suas cerim\u00f3nias f\u00fanebres.<\/p>\n\n\n\n<p>Na mesma reuni\u00e3o de c\u00e2mara, foi aprovado recomendar \u00e0 Comiss\u00e3o Municipal de Medalhas e T\u00edtulos Honor\u00edficos a atribui\u00e7\u00e3o, a t\u00edtulo p\u00f3stumo, da Medalha de Honra do Munic\u00edpio &#8211; Grau Ouro a Paulo Pinheiro, sendo igualmente <strong>recomendado ao Aut\u00f3dromo Internacional do Algarve (AIA) que pondere a atribui\u00e7\u00e3o do seu nome ao circuito, \u201ccomo a maior homenagem a esta sua obra, \u00e0 sua dedica\u00e7\u00e3o e enorme dinamismo em prol do desporto motorizado e da proje\u00e7\u00e3o de Portim\u00e3o, da Regi\u00e3o do Algarve e do Pa\u00eds como um destino de refer\u00eancia do desporto motorizado.\u201d<\/strong><\/p>\n\n\n\n<p>O vel\u00f3rio de Paulo Pinheiro est\u00e1 marcado para as 11h00 desta quinta-feira, 18 de julho, na Igreja do Col\u00e9gio, em Portim\u00e3o, enquanto a missa de corpo presente ser\u00e1 realizada \u00e0s 14h00, a que se seguir\u00e1 cortejo f\u00fanebre em dire\u00e7\u00e3o ao Cemit\u00e9rio de Portim\u00e3o.<\/p>\n\n\n\n<p><strong>Uma vida dedicada aos desportos motorizados<\/strong><strong><\/strong><\/p>\n\n\n\n<p>Natural de Portim\u00e3o, onde nasceu h\u00e1 52 anos, Paulo Pinheiro era engenheiro mec\u00e2nico de forma\u00e7\u00e3o e ex-piloto, tendo idealizado o AIA, que ganhou forma em 2008 no S\u00edtio do Escampadinho, situado na freguesia da Mexilhoeira Grande, concelho de Portim\u00e3o, e que desde a primeira hora se afirmou como uma refer\u00eancia obrigat\u00f3ria no panorama internacional dos desportos motorizados ao mais alto n\u00edvel.<\/p>\n\n\n\n<p>Em 2004 cria a Parkalgar Racing Team, de que foi diretor e, em parceria com a Honda, a equipa participa no Campeonato do Mundo de Motociclismo, com o duplo objetivo de competir e promover internacionalmente o AIA, projeto vencedor que encerrou em 2011, ap\u00f3s a conquista de 12 vit\u00f3rias e dois vice-campeonatos mundiais.<\/p>\n\n\n\n<p>\u00c9, sobretudo, a Paulo Pinheiro que se deve a vinda do MotoGP para Portugal e o regresso da F\u00f3rmula 1 ao pa\u00eds em 2020 e 2021, ap\u00f3s longa aus\u00eancia, devido \u00e0s suas reconhecidas persist\u00eancia e tenacidade, fundamentais para a prossecu\u00e7\u00e3o dos seus sonhos.<\/p>\n\n\n\n<p>Fundador e administrador do AIA, Paulo Pinheiro liderou os destinos do tra\u00e7ado, considerado um dos melhores do mundo, no qual tamb\u00e9m j\u00e1 se realizaram o Mundial Superbike ou o Campeonato Nacional de Velocidade, entre outras importantes competi\u00e7\u00f5es em duas rodas e in\u00fameros testes das mais conceituadas marcas.<\/p>\n\n\n\n<p>Gra\u00e7as \u00e0 sua vis\u00e3o, o Aut\u00f3dromo Internacional do Algarve \u00e9 bem mais que um circuito para corridas de automobilismo e motociclismo, estando prevista para breve a inaugura\u00e7\u00e3o do parque tecnol\u00f3gico Celerator, por iniciativa da Parkalgar e da Universidade do Algarve, entre outros projetos em carteira.<\/p>\n\n\n\n<p>O seu precoce falecimento deixa um profundo sentimento de tristeza na comunidade dos desportos motorizados e em todos quantos privaram com este filho de Portim\u00e3o, quer pessoal quer profissionalmente, reconhecendo-lhe qualidades humanas \u00fanicas e o seu inestim\u00e1vel contributo para a afirma\u00e7\u00e3o de Portim\u00e3o, do Algarve e de Portugal no mundo desportivo e, consequentemente, na dinamiza\u00e7\u00e3o da economia local, regional e nacional.<\/p>\n","protected":false},"excerpt":{"rendered":"<p>O executivo municipal de Portim\u00e3o aprovou por unanimidade, em reuni\u00e3o de c\u00e2mara realizada ontem, um voto de pesar pelo falecimento<\/p>\n","protected":false},"author":1,"featured_media":40770,"comment_status":"open","ping_status":"open","sticky":false,"template":"","format":"standard","meta":{"colormag_page_container_layout":"default_layout","colormag_page_sidebar_layout":"default_layout","_monsterinsights_skip_tracking":false,"_monsterinsights_sitenote_active":false,"_monsterinsights_sitenote_note":"","_monsterinsights_sitenote_category":0,"jetpack_post_was_ever_published":false,"_jetpack_newsletter_access":"","_jetpack_dont_email_post_to_subs":false,"_jetpack_newsletter_tier_id":0,"_jetpack_memberships_contains_paywalled_content":false,"_jetpack_memberships_contains_paid_content":false,"footnotes":"","jetpack_publicize_message":"","jetpack_publicize_feature_enabled":true,"jetpack_social_post_already_shared":false,"jetpack_social_options":{"image_generator_settings":{"template":"highway","default_image_id":0,"font":"","enabled":false},"version":2}},"categories":[11],"tags":[36,62,72],"class_list":["post-40769","post","type-post","status-publish","format-standard","has-post-thumbnail","hentry","category-atualidade","tag-algarve","tag-atualidade","tag-portimao"],"yoast_head":"<!-- This site is optimized with the Yoast SEO plugin v27.5 - https:\/\/yoast.com\/product\/yoast-seo-wordpress\/ -->\n<title>Portim\u00e3o respeita hoje Luto Municipal pelo falecimento de Paulo Pinheiro - Algarve 7<\/title>\n<meta name=\"description\" content=\"Portim\u00e3o respeita hoje Luto Municipal pelo falecimento de Paulo Pinheiro Atualidade\" \/>\n<meta name=\"robots\" content=\"index, follow, max-snippet:-1, max-image-preview:large, max-video-preview:-1\" \/>\n<link rel=\"canonical\" href=\"https:\/\/algarve7.pt\/index.php\/2024\/07\/portimao-respeita-hoje-luto-municipal-pelo-falecimento-de-paulo-pinheiro\/atualidade\/16\/36\/\" \/>\n<meta property=\"og:locale\" content=\"pt_PT\" \/>\n<meta property=\"og:type\" content=\"article\" \/>\n<meta property=\"og:title\" content=\"Portim\u00e3o respeita hoje Luto Municipal pelo falecimento de Paulo Pinheiro - Algarve 7\" \/>\n<meta property=\"og:description\" content=\"Portim\u00e3o respeita hoje Luto Municipal pelo falecimento de Paulo Pinheiro Atualidade\" \/>\n<meta property=\"og:url\" content=\"https:\/\/algarve7.pt\/index.php\/2024\/07\/portimao-respeita-hoje-luto-municipal-pelo-falecimento-de-paulo-pinheiro\/atualidade\/16\/36\/\" \/>\n<meta property=\"og:site_name\" content=\"Algarve 7\" \/>\n<meta property=\"article:publisher\" content=\"https:\/\/www.facebook.com\/algarve7\" \/>\n<meta property=\"article:author\" content=\"https:\/\/www.facebook.com\/algarve7\" \/>\n<meta property=\"article:published_time\" content=\"2024-07-18T15:36:35+00:00\" \/>\n<meta property=\"article:modified_time\" content=\"2024-07-18T15:36:36+00:00\" \/>\n<meta property=\"og:image\" content=\"https:\/\/algarve7.pt\/wp-content\/uploads\/2024\/07\/Paulo-Pinheiro.png\" \/>\n\t<meta property=\"og:image:width\" content=\"800\" \/>\n\t<meta property=\"og:image:height\" content=\"470\" \/>\n\t<meta property=\"og:image:type\" content=\"image\/png\" \/>\n<meta name=\"author\" content=\"Algarve 7\" \/>\n<meta name=\"twitter:card\" content=\"summary_large_image\" \/>\n<meta name=\"twitter:creator\" content=\"@Algarvesete\" \/>\n<meta name=\"twitter:site\" content=\"@Algarvesete\" \/>\n<meta name=\"twitter:label1\" content=\"Escrito por\" \/>\n\t<meta name=\"twitter:data1\" content=\"Algarve 7\" \/>\n\t<meta name=\"twitter:label2\" content=\"Tempo estimado de leitura\" \/>\n\t<meta name=\"twitter:data2\" content=\"3 minutos\" \/>\n<script type=\"application\/ld+json\" class=\"yoast-schema-graph\">{\"@context\":\"https:\\\/\\\/schema.org\",\"@graph\":[{\"@type\":\"Article\",\"@id\":\"https:\\\/\\\/algarve7.pt\\\/index.php\\\/2024\\\/07\\\/portimao-respeita-hoje-luto-municipal-pelo-falecimento-de-paulo-pinheiro\\\/atualidade\\\/16\\\/36\\\/#article\",\"isPartOf\":{\"@id\":\"https:\\\/\\\/algarve7.pt\\\/index.php\\\/2024\\\/07\\\/portimao-respeita-hoje-luto-municipal-pelo-falecimento-de-paulo-pinheiro\\\/atualidade\\\/16\\\/36\\\/\"},\"author\":{\"name\":\"Algarve 7\",\"@id\":\"https:\\\/\\\/algarve7.pt\\\/#\\\/schema\\\/person\\\/23fa70681308e7b319a3204bcea45e0c\"},\"headline\":\"Portim\u00e3o respeita hoje Luto Municipal pelo falecimento de Paulo Pinheiro\",\"datePublished\":\"2024-07-18T15:36:35+00:00\",\"dateModified\":\"2024-07-18T15:36:36+00:00\",\"mainEntityOfPage\":{\"@id\":\"https:\\\/\\\/algarve7.pt\\\/index.php\\\/2024\\\/07\\\/portimao-respeita-hoje-luto-municipal-pelo-falecimento-de-paulo-pinheiro\\\/atualidade\\\/16\\\/36\\\/\"},\"wordCount\":543,\"commentCount\":0,\"publisher\":{\"@id\":\"https:\\\/\\\/algarve7.pt\\\/#organization\"},\"image\":{\"@id\":\"https:\\\/\\\/algarve7.pt\\\/index.php\\\/2024\\\/07\\\/portimao-respeita-hoje-luto-municipal-pelo-falecimento-de-paulo-pinheiro\\\/atualidade\\\/16\\\/36\\\/#primaryimage\"},\"thumbnailUrl\":\"https:\\\/\\\/algarve7.pt\\\/wp-content\\\/uploads\\\/2024\\\/07\\\/Paulo-Pinheiro.png\",\"keywords\":[\"Algarve\",\"Atualidade\",\"Portim\u00e3o\"],\"articleSection\":[\"Atualidade\"],\"inLanguage\":\"pt-PT\",\"potentialAction\":[{\"@type\":\"CommentAction\",\"name\":\"Comment\",\"target\":[\"https:\\\/\\\/algarve7.pt\\\/index.php\\\/2024\\\/07\\\/portimao-respeita-hoje-luto-municipal-pelo-falecimento-de-paulo-pinheiro\\\/atualidade\\\/16\\\/36\\\/#respond\"]}]},{\"@type\":\"WebPage\",\"@id\":\"https:\\\/\\\/algarve7.pt\\\/index.php\\\/2024\\\/07\\\/portimao-respeita-hoje-luto-municipal-pelo-falecimento-de-paulo-pinheiro\\\/atualidade\\\/16\\\/36\\\/\",\"url\":\"https:\\\/\\\/algarve7.pt\\\/index.php\\\/2024\\\/07\\\/portimao-respeita-hoje-luto-municipal-pelo-falecimento-de-paulo-pinheiro\\\/atualidade\\\/16\\\/36\\\/\",\"name\":\"Portim\u00e3o respeita hoje Luto Municipal pelo falecimento de Paulo Pinheiro - Algarve 7\",\"isPartOf\":{\"@id\":\"https:\\\/\\\/algarve7.pt\\\/#website\"},\"primaryImageOfPage\":{\"@id\":\"https:\\\/\\\/algarve7.pt\\\/index.php\\\/2024\\\/07\\\/portimao-respeita-hoje-luto-municipal-pelo-falecimento-de-paulo-pinheiro\\\/atualidade\\\/16\\\/36\\\/#primaryimage\"},\"image\":{\"@id\":\"https:\\\/\\\/algarve7.pt\\\/index.php\\\/2024\\\/07\\\/portimao-respeita-hoje-luto-municipal-pelo-falecimento-de-paulo-pinheiro\\\/atualidade\\\/16\\\/36\\\/#primaryimage\"},\"thumbnailUrl\":\"https:\\\/\\\/algarve7.pt\\\/wp-content\\\/uploads\\\/2024\\\/07\\\/Paulo-Pinheiro.png\",\"datePublished\":\"2024-07-18T15:36:35+00:00\",\"dateModified\":\"2024-07-18T15:36:36+00:00\",\"description\":\"Portim\u00e3o respeita hoje Luto Municipal pelo falecimento de Paulo Pinheiro Atualidade\",\"breadcrumb\":{\"@id\":\"https:\\\/\\\/algarve7.pt\\\/index.php\\\/2024\\\/07\\\/portimao-respeita-hoje-luto-municipal-pelo-falecimento-de-paulo-pinheiro\\\/atualidade\\\/16\\\/36\\\/#breadcrumb\"},\"inLanguage\":\"pt-PT\",\"potentialAction\":[{\"@type\":\"ReadAction\",\"target\":[\"https:\\\/\\\/algarve7.pt\\\/index.php\\\/2024\\\/07\\\/portimao-respeita-hoje-luto-municipal-pelo-falecimento-de-paulo-pinheiro\\\/atualidade\\\/16\\\/36\\\/\"]}]},{\"@type\":\"ImageObject\",\"inLanguage\":\"pt-PT\",\"@id\":\"https:\\\/\\\/algarve7.pt\\\/index.php\\\/2024\\\/07\\\/portimao-respeita-hoje-luto-municipal-pelo-falecimento-de-paulo-pinheiro\\\/atualidade\\\/16\\\/36\\\/#primaryimage\",\"url\":\"https:\\\/\\\/algarve7.pt\\\/wp-content\\\/uploads\\\/2024\\\/07\\\/Paulo-Pinheiro.png\",\"contentUrl\":\"https:\\\/\\\/algarve7.pt\\\/wp-content\\\/uploads\\\/2024\\\/07\\\/Paulo-Pinheiro.png\",\"width\":800,\"height\":470},{\"@type\":\"BreadcrumbList\",\"@id\":\"https:\\\/\\\/algarve7.pt\\\/index.php\\\/2024\\\/07\\\/portimao-respeita-hoje-luto-municipal-pelo-falecimento-de-paulo-pinheiro\\\/atualidade\\\/16\\\/36\\\/#breadcrumb\",\"itemListElement\":[{\"@type\":\"ListItem\",\"position\":1,\"name\":\"In\u00edcio\",\"item\":\"https:\\\/\\\/algarve7.pt\\\/\"},{\"@type\":\"ListItem\",\"position\":2,\"name\":\"Portim\u00e3o respeita hoje Luto Municipal pelo falecimento de Paulo Pinheiro\"}]},{\"@type\":\"WebSite\",\"@id\":\"https:\\\/\\\/algarve7.pt\\\/#website\",\"url\":\"https:\\\/\\\/algarve7.pt\\\/\",\"name\":\"Algarve 7\",\"description\":\"Informa\u00e7\u00e3o sobre o Algarve\",\"publisher\":{\"@id\":\"https:\\\/\\\/algarve7.pt\\\/#organization\"},\"potentialAction\":[{\"@type\":\"SearchAction\",\"target\":{\"@type\":\"EntryPoint\",\"urlTemplate\":\"https:\\\/\\\/algarve7.pt\\\/?s={search_term_string}\"},\"query-input\":{\"@type\":\"PropertyValueSpecification\",\"valueRequired\":true,\"valueName\":\"search_term_string\"}}],\"inLanguage\":\"pt-PT\"},{\"@type\":\"Organization\",\"@id\":\"https:\\\/\\\/algarve7.pt\\\/#organization\",\"name\":\"Algarve 7\",\"url\":\"https:\\\/\\\/algarve7.pt\\\/\",\"logo\":{\"@type\":\"ImageObject\",\"inLanguage\":\"pt-PT\",\"@id\":\"https:\\\/\\\/algarve7.pt\\\/#\\\/schema\\\/logo\\\/image\\\/\",\"url\":\"https:\\\/\\\/algarve7.pt\\\/wp-content\\\/uploads\\\/2020\\\/10\\\/Logo-8.jpg\",\"contentUrl\":\"https:\\\/\\\/algarve7.pt\\\/wp-content\\\/uploads\\\/2020\\\/10\\\/Logo-8.jpg\",\"width\":1680,\"height\":1186,\"caption\":\"Algarve 7\"},\"image\":{\"@id\":\"https:\\\/\\\/algarve7.pt\\\/#\\\/schema\\\/logo\\\/image\\\/\"},\"sameAs\":[\"https:\\\/\\\/www.facebook.com\\\/algarve7\",\"https:\\\/\\\/x.com\\\/Algarvesete\",\"https:\\\/\\\/www.instagram.com\\\/jornalalgarve7\\\/\",\"https:\\\/\\\/www.linkedin.com\\\/company\\\/algarve7\",\"https:\\\/\\\/www.pinterest.pt\\\/geral0939\\\/_created\\\/\"]},{\"@type\":\"Person\",\"@id\":\"https:\\\/\\\/algarve7.pt\\\/#\\\/schema\\\/person\\\/23fa70681308e7b319a3204bcea45e0c\",\"name\":\"Algarve 7\",\"sameAs\":[\"https:\\\/\\\/algarve7.pt\",\"https:\\\/\\\/www.facebook.com\\\/algarve7\"],\"url\":\"https:\\\/\\\/algarve7.pt\\\/index.php\\\/author\\\/geralalgarve7-pt\\\/\"}]}<\/script>\n<!-- \/ Yoast SEO plugin. -->","yoast_head_json":{"title":"Portim\u00e3o respeita hoje Luto Municipal pelo falecimento de Paulo Pinheiro - Algarve 7","description":"Portim\u00e3o respeita hoje Luto Municipal pelo falecimento de Paulo Pinheiro Atualidade","robots":{"index":"index","follow":"follow","max-snippet":"max-snippet:-1","max-image-preview":"max-image-preview:large","max-video-preview":"max-video-preview:-1"},"canonical":"https:\/\/algarve7.pt\/index.php\/2024\/07\/portimao-respeita-hoje-luto-municipal-pelo-falecimento-de-paulo-pinheiro\/atualidade\/16\/36\/","og_locale":"pt_PT","og_type":"article","og_title":"Portim\u00e3o respeita hoje Luto Municipal pelo falecimento de Paulo Pinheiro - Algarve 7","og_description":"Portim\u00e3o respeita hoje Luto Municipal pelo falecimento de Paulo Pinheiro Atualidade","og_url":"https:\/\/algarve7.pt\/index.php\/2024\/07\/portimao-respeita-hoje-luto-municipal-pelo-falecimento-de-paulo-pinheiro\/atualidade\/16\/36\/","og_site_name":"Algarve 7","article_publisher":"https:\/\/www.facebook.com\/algarve7","article_author":"https:\/\/www.facebook.com\/algarve7","article_published_time":"2024-07-18T15:36:35+00:00","article_modified_time":"2024-07-18T15:36:36+00:00","og_image":[{"width":800,"height":470,"url":"https:\/\/algarve7.pt\/wp-content\/uploads\/2024\/07\/Paulo-Pinheiro.png","type":"image\/png"}],"author":"Algarve 7","twitter_card":"summary_large_image","twitter_creator":"@Algarvesete","twitter_site":"@Algarvesete","twitter_misc":{"Escrito por":"Algarve 7","Tempo estimado de leitura":"3 minutos"},"schema":{"@context":"https:\/\/schema.org","@graph":[{"@type":"Article","@id":"https:\/\/algarve7.pt\/index.php\/2024\/07\/portimao-respeita-hoje-luto-municipal-pelo-falecimento-de-paulo-pinheiro\/atualidade\/16\/36\/#article","isPartOf":{"@id":"https:\/\/algarve7.pt\/index.php\/2024\/07\/portimao-respeita-hoje-luto-municipal-pelo-falecimento-de-paulo-pinheiro\/atualidade\/16\/36\/"},"author":{"name":"Algarve 7","@id":"https:\/\/algarve7.pt\/#\/schema\/person\/23fa70681308e7b319a3204bcea45e0c"},"headline":"Portim\u00e3o respeita hoje Luto Municipal pelo falecimento de Paulo Pinheiro","datePublished":"2024-07-18T15:36:35+00:00","dateModified":"2024-07-18T15:36:36+00:00","mainEntityOfPage":{"@id":"https:\/\/algarve7.pt\/index.php\/2024\/07\/portimao-respeita-hoje-luto-municipal-pelo-falecimento-de-paulo-pinheiro\/atualidade\/16\/36\/"},"wordCount":543,"commentCount":0,"publisher":{"@id":"https:\/\/algarve7.pt\/#organization"},"image":{"@id":"https:\/\/algarve7.pt\/index.php\/2024\/07\/portimao-respeita-hoje-luto-municipal-pelo-falecimento-de-paulo-pinheiro\/atualidade\/16\/36\/#primaryimage"},"thumbnailUrl":"https:\/\/algarve7.pt\/wp-content\/uploads\/2024\/07\/Paulo-Pinheiro.png","keywords":["Algarve","Atualidade","Portim\u00e3o"],"articleSection":["Atualidade"],"inLanguage":"pt-PT","potentialAction":[{"@type":"CommentAction","name":"Comment","target":["https:\/\/algarve7.pt\/index.php\/2024\/07\/portimao-respeita-hoje-luto-municipal-pelo-falecimento-de-paulo-pinheiro\/atualidade\/16\/36\/#respond"]}]},{"@type":"WebPage","@id":"https:\/\/algarve7.pt\/index.php\/2024\/07\/portimao-respeita-hoje-luto-municipal-pelo-falecimento-de-paulo-pinheiro\/atualidade\/16\/36\/","url":"https:\/\/algarve7.pt\/index.php\/2024\/07\/portimao-respeita-hoje-luto-municipal-pelo-falecimento-de-paulo-pinheiro\/atualidade\/16\/36\/","name":"Portim\u00e3o respeita hoje Luto Municipal pelo falecimento de Paulo Pinheiro - Algarve 7","isPartOf":{"@id":"https:\/\/algarve7.pt\/#website"},"primaryImageOfPage":{"@id":"https:\/\/algarve7.pt\/index.php\/2024\/07\/portimao-respeita-hoje-luto-municipal-pelo-falecimento-de-paulo-pinheiro\/atualidade\/16\/36\/#primaryimage"},"image":{"@id":"https:\/\/algarve7.pt\/index.php\/2024\/07\/portimao-respeita-hoje-luto-municipal-pelo-falecimento-de-paulo-pinheiro\/atualidade\/16\/36\/#primaryimage"},"thumbnailUrl":"https:\/\/algarve7.pt\/wp-content\/uploads\/2024\/07\/Paulo-Pinheiro.png","datePublished":"2024-07-18T15:36:35+00:00","dateModified":"2024-07-18T15:36:36+00:00","description":"Portim\u00e3o respeita hoje Luto Municipal pelo falecimento de Paulo Pinheiro Atualidade","breadcrumb":{"@id":"https:\/\/algarve7.pt\/index.php\/2024\/07\/portimao-respeita-hoje-luto-municipal-pelo-falecimento-de-paulo-pinheiro\/atualidade\/16\/36\/#breadcrumb"},"inLanguage":"pt-PT","potentialAction":[{"@type":"ReadAction","target":["https:\/\/algarve7.pt\/index.php\/2024\/07\/portimao-respeita-hoje-luto-municipal-pelo-falecimento-de-paulo-pinheiro\/atualidade\/16\/36\/"]}]},{"@type":"ImageObject","inLanguage":"pt-PT","@id":"https:\/\/algarve7.pt\/index.php\/2024\/07\/portimao-respeita-hoje-luto-municipal-pelo-falecimento-de-paulo-pinheiro\/atualidade\/16\/36\/#primaryimage","url":"https:\/\/algarve7.pt\/wp-content\/uploads\/2024\/07\/Paulo-Pinheiro.png","contentUrl":"https:\/\/algarve7.pt\/wp-content\/uploads\/2024\/07\/Paulo-Pinheiro.png","width":800,"height":470},{"@type":"BreadcrumbList","@id":"https:\/\/algarve7.pt\/index.php\/2024\/07\/portimao-respeita-hoje-luto-municipal-pelo-falecimento-de-paulo-pinheiro\/atualidade\/16\/36\/#breadcrumb","itemListElement":[{"@type":"ListItem","position":1,"name":"In\u00edcio","item":"https:\/\/algarve7.pt\/"},{"@type":"ListItem","position":2,"name":"Portim\u00e3o respeita hoje Luto Municipal pelo falecimento de Paulo Pinheiro"}]},{"@type":"WebSite","@id":"https:\/\/algarve7.pt\/#website","url":"https:\/\/algarve7.pt\/","name":"Algarve 7","description":"Informa\u00e7\u00e3o sobre o Algarve","publisher":{"@id":"https:\/\/algarve7.pt\/#organization"},"potentialAction":[{"@type":"SearchAction","target":{"@type":"EntryPoint","urlTemplate":"https:\/\/algarve7.pt\/?s={search_term_string}"},"query-input":{"@type":"PropertyValueSpecification","valueRequired":true,"valueName":"search_term_string"}}],"inLanguage":"pt-PT"},{"@type":"Organization","@id":"https:\/\/algarve7.pt\/#organization","name":"Algarve 7","url":"https:\/\/algarve7.pt\/","logo":{"@type":"ImageObject","inLanguage":"pt-PT","@id":"https:\/\/algarve7.pt\/#\/schema\/logo\/image\/","url":"https:\/\/algarve7.pt\/wp-content\/uploads\/2020\/10\/Logo-8.jpg","contentUrl":"https:\/\/algarve7.pt\/wp-content\/uploads\/2020\/10\/Logo-8.jpg","width":1680,"height":1186,"caption":"Algarve 7"},"image":{"@id":"https:\/\/algarve7.pt\/#\/schema\/logo\/image\/"},"sameAs":["https:\/\/www.facebook.com\/algarve7","https:\/\/x.com\/Algarvesete","https:\/\/www.instagram.com\/jornalalgarve7\/","https:\/\/www.linkedin.com\/company\/algarve7","https:\/\/www.pinterest.pt\/geral0939\/_created\/"]},{"@type":"Person","@id":"https:\/\/algarve7.pt\/#\/schema\/person\/23fa70681308e7b319a3204bcea45e0c","name":"Algarve 7","sameAs":["https:\/\/algarve7.pt","https:\/\/www.facebook.com\/algarve7"],"url":"https:\/\/algarve7.pt\/index.php\/author\/geralalgarve7-pt\/"}]}},"jetpack_publicize_connections":[],"jetpack_featured_media_url":"https:\/\/algarve7.pt\/wp-content\/uploads\/2024\/07\/Paulo-Pinheiro.png","jetpack_shortlink":"https:\/\/wp.me\/pcezmW-aBz","jetpack_sharing_enabled":true,"_links":{"self":[{"href":"https:\/\/algarve7.pt\/index.php\/wp-json\/wp\/v2\/posts\/40769","targetHints":{"allow":["GET"]}}],"collection":[{"href":"https:\/\/algarve7.pt\/index.php\/wp-json\/wp\/v2\/posts"}],"about":[{"href":"https:\/\/algarve7.pt\/index.php\/wp-json\/wp\/v2\/types\/post"}],"author":[{"embeddable":true,"href":"https:\/\/algarve7.pt\/index.php\/wp-json\/wp\/v2\/users\/1"}],"replies":[{"embeddable":true,"href":"https:\/\/algarve7.pt\/index.php\/wp-json\/wp\/v2\/comments?post=40769"}],"version-history":[{"count":0,"href":"https:\/\/algarve7.pt\/index.php\/wp-json\/wp\/v2\/posts\/40769\/revisions"}],"wp:featuredmedia":[{"embeddable":true,"href":"https:\/\/algarve7.pt\/index.php\/wp-json\/wp\/v2\/media\/40770"}],"wp:attachment":[{"href":"https:\/\/algarve7.pt\/index.php\/wp-json\/wp\/v2\/media?parent=40769"}],"wp:term":[{"taxonomy":"category","embeddable":true,"href":"https:\/\/algarve7.pt\/index.php\/wp-json\/wp\/v2\/categories?post=40769"},{"taxonomy":"post_tag","embeddable":true,"href":"https:\/\/algarve7.pt\/index.php\/wp-json\/wp\/v2\/tags?post=40769"}],"curies":[{"name":"wp","href":"https:\/\/api.w.org\/{rel}","templated":true}]}}