{"id":40614,"date":"2024-07-16T09:50:00","date_gmt":"2024-07-16T08:50:00","guid":{"rendered":"https:\/\/algarve7.pt\/?p=40614"},"modified":"2024-07-15T14:22:41","modified_gmt":"2024-07-15T13:22:41","slug":"noites-de-cinema-ao-ar-livre-regressam-a-albufeira","status":"publish","type":"post","link":"https:\/\/algarve7.pt\/index.php\/2024\/07\/noites-de-cinema-ao-ar-livre-regressam-a-albufeira\/cultura\/09\/50\/","title":{"rendered":"Noites de cinema ao ar livre regressam a Albufeira"},"content":{"rendered":"\n<p>Em colabora\u00e7\u00e3o com o Cineclube de Faro, o Munic\u00edpio de Albufeira organiza a 4.\u00aa edi\u00e7\u00e3o do \u201cAlbufeira 35 mm &#8211; Ciclo de Cinema ao Ar Livre\u201d, que vai passar por todas as freguesias do concelho durante os meses de julho e agosto.<\/p>\n\n\n\n<p>No total, s\u00e3o cinco noites destinadas a desfrutar gratuitamente da s\u00e9tima arte, na companhia de familiares e amigos.<\/p>\n\n\n\n<p>O programa, de entrada livre apenas sujeito \u00e0 lota\u00e7\u00e3o dos espa\u00e7os, arranca no pr\u00f3ximo dia 21 de julho, no Centro Educativo do Cerro do Ouro, em Paderne, com o filme \u201c\u00c0ma Gl\u00f3ria\u201d de Marie Amachoukeli.<\/p>\n\n\n\n<p>\u201cTenho apenas mem\u00f3rias contigo\u201d, diz a pequena Cl\u00e9o de seis anos de idade \u00e0 sua ama, Gl\u00f3ria. Um filme sobre os sentimentos de uma crian\u00e7a e de uma mulher que, como tantas, se v\u00ea obrigada a sair do seu pa\u00eds para tomar conta de crian\u00e7as no estrangeiro, para poder sustentar os pr\u00f3prios filhos. Gl\u00f3ria \u00e9 de Cabo Verde, mas foi para Fran\u00e7a como ama da pequena Cl\u00e9o. Quando teve que regressar \u00e0 sua ilha, a separa\u00e7\u00e3o tornou-se insustent\u00e1vel para ambas. Mas Cl\u00e9o vai passar f\u00e9rias \u00e0 ilha de Gl\u00f3ria e surgem, entre aventuras e manifesta\u00e7\u00f5es de um amor incondicional, a moral vigente e o preconceito. Imperd\u00edvel, com a assinatura de Marie Amachoukeli, uma das cineastas mais destacadas na \u00faltima edi\u00e7\u00e3o do Festival de Cannes 2023.<\/p>\n\n\n\n<p>Segue-se, no dia 28 de julho, no Jardim dos Sentidos, na Guia, o filme \u201cO Pub The Old Oak\u201d, de Ken Loach.<\/p>\n\n\n\n<p>Filme dram\u00e1tico realizado pelo multipremiado realizador Ken Loach, j\u00e1 com 88 anos de idade, e escrito por Paul Laverty \u2013 colaborador de Loach em v\u00e1rios outros filmes. Passa-se em Durham, uma pequena comunidade do nordeste de Inglaterra, que praticamente ficou deserta, depois do encerramento da mina que empregava grande parte da popula\u00e7\u00e3o. O cen\u00e1rio \u00e9 de pobreza, de isolamento e de falta de perspetivas de futuro. O Governo resolve ent\u00e3o enviar para ali um grupo de refugiados s\u00edrios fugidos da guerra. Isso vai desagradar a alguns habitantes que, dominados pela frustra\u00e7\u00e3o das suas vidas, pelo preconceito e pelo medo do desconhecido, os olham de soslaio e os querem expulsar. \u00c9 TJ Ballantyne, dono do Old Oak, o \u00fanico bar que resistiu \u00e0 crise econ\u00f3mica, que vai tentar fazer a media\u00e7\u00e3o entre uns e outros.<\/p>\n\n\n\n<p>Depois destas duas propostas imperd\u00edveis \u201cAlbufeira 35 mm\u201d prossegue no m\u00eas de agosto. No dia 4 com \u201cVidas Passadas\u201d de Celine Song, a exibir na Escola B\u00e1sica de Ferreiras; 11 de agosto \u201cFolhas Ca\u00eddas\u201d de Aki Kaurism\u00e4ki, no Parque L\u00fadico, em Albufeira, com a \u00faltima exibi\u00e7\u00e3o a realizar no 18 de agosto com \u201cVincent Tem de Morrer\u201d de St\u00e9phan Castang, na Praia de Olhos de \u00c1gua. Todas as sess\u00f5es t\u00eam in\u00edcio marcado \u00e0s 21h30.<\/p>\n","protected":false},"excerpt":{"rendered":"<p>Em colabora\u00e7\u00e3o com o Cineclube de Faro, o Munic\u00edpio de Albufeira organiza a 4.\u00aa edi\u00e7\u00e3o do \u201cAlbufeira 35 mm &#8211;<\/p>\n","protected":false},"author":1,"featured_media":40615,"comment_status":"closed","ping_status":"open","sticky":false,"template":"","format":"standard","meta":{"colormag_page_container_layout":"default_layout","colormag_page_sidebar_layout":"default_layout","_monsterinsights_skip_tracking":false,"_monsterinsights_sitenote_active":false,"_monsterinsights_sitenote_note":"","_monsterinsights_sitenote_category":0,"jetpack_post_was_ever_published":false,"_jetpack_newsletter_access":"","_jetpack_dont_email_post_to_subs":false,"_jetpack_newsletter_tier_id":0,"_jetpack_memberships_contains_paywalled_content":false,"_jetpack_memberships_contains_paid_content":false,"footnotes":"","jetpack_publicize_message":"","jetpack_publicize_feature_enabled":true,"jetpack_social_post_already_shared":false,"jetpack_social_options":{"image_generator_settings":{"template":"highway","default_image_id":0,"font":"","enabled":false},"version":2}},"categories":[14],"tags":[155,36,43,35],"class_list":["post-40614","post","type-post","status-publish","format-standard","has-post-thumbnail","hentry","category-cultura","tag-albufeira","tag-algarve","tag-cinema","tag-cultura"],"yoast_head":"<!-- This site is optimized with the Yoast SEO plugin v27.5 - https:\/\/yoast.com\/product\/yoast-seo-wordpress\/ -->\n<title>Noites de cinema ao ar livre regressam a Albufeira - Algarve 7<\/title>\n<meta name=\"description\" content=\"Noites de cinema ao ar livre regressam a Albufeira Cultura\" \/>\n<meta name=\"robots\" content=\"index, follow, max-snippet:-1, max-image-preview:large, max-video-preview:-1\" \/>\n<link rel=\"canonical\" href=\"https:\/\/algarve7.pt\/index.php\/2024\/07\/noites-de-cinema-ao-ar-livre-regressam-a-albufeira\/cultura\/09\/50\/\" \/>\n<meta property=\"og:locale\" content=\"pt_PT\" \/>\n<meta property=\"og:type\" content=\"article\" \/>\n<meta property=\"og:title\" content=\"Noites de cinema ao ar livre regressam a Albufeira - Algarve 7\" \/>\n<meta property=\"og:description\" content=\"Noites de cinema ao ar livre regressam a Albufeira Cultura\" \/>\n<meta property=\"og:url\" content=\"https:\/\/algarve7.pt\/index.php\/2024\/07\/noites-de-cinema-ao-ar-livre-regressam-a-albufeira\/cultura\/09\/50\/\" \/>\n<meta property=\"og:site_name\" content=\"Algarve 7\" \/>\n<meta property=\"article:publisher\" content=\"https:\/\/www.facebook.com\/algarve7\" \/>\n<meta property=\"article:author\" content=\"https:\/\/www.facebook.com\/algarve7\" \/>\n<meta property=\"article:published_time\" content=\"2024-07-16T08:50:00+00:00\" \/>\n<meta property=\"og:image\" content=\"https:\/\/algarve7.pt\/wp-content\/uploads\/2024\/07\/Captura-de-ecra-2024-07-15-as-14.20.23.png\" \/>\n\t<meta property=\"og:image:width\" content=\"800\" \/>\n\t<meta property=\"og:image:height\" content=\"470\" \/>\n\t<meta property=\"og:image:type\" content=\"image\/png\" \/>\n<meta name=\"author\" content=\"Algarve 7\" \/>\n<meta name=\"twitter:card\" content=\"summary_large_image\" \/>\n<meta name=\"twitter:creator\" content=\"@Algarvesete\" \/>\n<meta name=\"twitter:site\" content=\"@Algarvesete\" \/>\n<meta name=\"twitter:label1\" content=\"Escrito por\" \/>\n\t<meta name=\"twitter:data1\" content=\"Algarve 7\" \/>\n\t<meta name=\"twitter:label2\" content=\"Tempo estimado de leitura\" \/>\n\t<meta name=\"twitter:data2\" content=\"3 minutos\" \/>\n<script type=\"application\/ld+json\" class=\"yoast-schema-graph\">{\"@context\":\"https:\\\/\\\/schema.org\",\"@graph\":[{\"@type\":\"Article\",\"@id\":\"https:\\\/\\\/algarve7.pt\\\/index.php\\\/2024\\\/07\\\/noites-de-cinema-ao-ar-livre-regressam-a-albufeira\\\/cultura\\\/09\\\/50\\\/#article\",\"isPartOf\":{\"@id\":\"https:\\\/\\\/algarve7.pt\\\/index.php\\\/2024\\\/07\\\/noites-de-cinema-ao-ar-livre-regressam-a-albufeira\\\/cultura\\\/09\\\/50\\\/\"},\"author\":{\"name\":\"Algarve 7\",\"@id\":\"https:\\\/\\\/algarve7.pt\\\/#\\\/schema\\\/person\\\/23fa70681308e7b319a3204bcea45e0c\"},\"headline\":\"Noites de cinema ao ar livre regressam a Albufeira\",\"datePublished\":\"2024-07-16T08:50:00+00:00\",\"mainEntityOfPage\":{\"@id\":\"https:\\\/\\\/algarve7.pt\\\/index.php\\\/2024\\\/07\\\/noites-de-cinema-ao-ar-livre-regressam-a-albufeira\\\/cultura\\\/09\\\/50\\\/\"},\"wordCount\":487,\"publisher\":{\"@id\":\"https:\\\/\\\/algarve7.pt\\\/#organization\"},\"image\":{\"@id\":\"https:\\\/\\\/algarve7.pt\\\/index.php\\\/2024\\\/07\\\/noites-de-cinema-ao-ar-livre-regressam-a-albufeira\\\/cultura\\\/09\\\/50\\\/#primaryimage\"},\"thumbnailUrl\":\"https:\\\/\\\/algarve7.pt\\\/wp-content\\\/uploads\\\/2024\\\/07\\\/Captura-de-ecra-2024-07-15-as-14.20.23.png\",\"keywords\":[\"Albufeira\",\"Algarve\",\"Cinema\",\"Cultura\"],\"articleSection\":[\"Cultura\"],\"inLanguage\":\"pt-PT\"},{\"@type\":\"WebPage\",\"@id\":\"https:\\\/\\\/algarve7.pt\\\/index.php\\\/2024\\\/07\\\/noites-de-cinema-ao-ar-livre-regressam-a-albufeira\\\/cultura\\\/09\\\/50\\\/\",\"url\":\"https:\\\/\\\/algarve7.pt\\\/index.php\\\/2024\\\/07\\\/noites-de-cinema-ao-ar-livre-regressam-a-albufeira\\\/cultura\\\/09\\\/50\\\/\",\"name\":\"Noites de cinema ao ar livre regressam a Albufeira - Algarve 7\",\"isPartOf\":{\"@id\":\"https:\\\/\\\/algarve7.pt\\\/#website\"},\"primaryImageOfPage\":{\"@id\":\"https:\\\/\\\/algarve7.pt\\\/index.php\\\/2024\\\/07\\\/noites-de-cinema-ao-ar-livre-regressam-a-albufeira\\\/cultura\\\/09\\\/50\\\/#primaryimage\"},\"image\":{\"@id\":\"https:\\\/\\\/algarve7.pt\\\/index.php\\\/2024\\\/07\\\/noites-de-cinema-ao-ar-livre-regressam-a-albufeira\\\/cultura\\\/09\\\/50\\\/#primaryimage\"},\"thumbnailUrl\":\"https:\\\/\\\/algarve7.pt\\\/wp-content\\\/uploads\\\/2024\\\/07\\\/Captura-de-ecra-2024-07-15-as-14.20.23.png\",\"datePublished\":\"2024-07-16T08:50:00+00:00\",\"description\":\"Noites de cinema ao ar livre regressam a Albufeira Cultura\",\"breadcrumb\":{\"@id\":\"https:\\\/\\\/algarve7.pt\\\/index.php\\\/2024\\\/07\\\/noites-de-cinema-ao-ar-livre-regressam-a-albufeira\\\/cultura\\\/09\\\/50\\\/#breadcrumb\"},\"inLanguage\":\"pt-PT\",\"potentialAction\":[{\"@type\":\"ReadAction\",\"target\":[\"https:\\\/\\\/algarve7.pt\\\/index.php\\\/2024\\\/07\\\/noites-de-cinema-ao-ar-livre-regressam-a-albufeira\\\/cultura\\\/09\\\/50\\\/\"]}]},{\"@type\":\"ImageObject\",\"inLanguage\":\"pt-PT\",\"@id\":\"https:\\\/\\\/algarve7.pt\\\/index.php\\\/2024\\\/07\\\/noites-de-cinema-ao-ar-livre-regressam-a-albufeira\\\/cultura\\\/09\\\/50\\\/#primaryimage\",\"url\":\"https:\\\/\\\/algarve7.pt\\\/wp-content\\\/uploads\\\/2024\\\/07\\\/Captura-de-ecra-2024-07-15-as-14.20.23.png\",\"contentUrl\":\"https:\\\/\\\/algarve7.pt\\\/wp-content\\\/uploads\\\/2024\\\/07\\\/Captura-de-ecra-2024-07-15-as-14.20.23.png\",\"width\":800,\"height\":470},{\"@type\":\"BreadcrumbList\",\"@id\":\"https:\\\/\\\/algarve7.pt\\\/index.php\\\/2024\\\/07\\\/noites-de-cinema-ao-ar-livre-regressam-a-albufeira\\\/cultura\\\/09\\\/50\\\/#breadcrumb\",\"itemListElement\":[{\"@type\":\"ListItem\",\"position\":1,\"name\":\"In\u00edcio\",\"item\":\"https:\\\/\\\/algarve7.pt\\\/\"},{\"@type\":\"ListItem\",\"position\":2,\"name\":\"Noites de cinema ao ar livre regressam a Albufeira\"}]},{\"@type\":\"WebSite\",\"@id\":\"https:\\\/\\\/algarve7.pt\\\/#website\",\"url\":\"https:\\\/\\\/algarve7.pt\\\/\",\"name\":\"Algarve 7\",\"description\":\"Informa\u00e7\u00e3o sobre o Algarve\",\"publisher\":{\"@id\":\"https:\\\/\\\/algarve7.pt\\\/#organization\"},\"potentialAction\":[{\"@type\":\"SearchAction\",\"target\":{\"@type\":\"EntryPoint\",\"urlTemplate\":\"https:\\\/\\\/algarve7.pt\\\/?s={search_term_string}\"},\"query-input\":{\"@type\":\"PropertyValueSpecification\",\"valueRequired\":true,\"valueName\":\"search_term_string\"}}],\"inLanguage\":\"pt-PT\"},{\"@type\":\"Organization\",\"@id\":\"https:\\\/\\\/algarve7.pt\\\/#organization\",\"name\":\"Algarve 7\",\"url\":\"https:\\\/\\\/algarve7.pt\\\/\",\"logo\":{\"@type\":\"ImageObject\",\"inLanguage\":\"pt-PT\",\"@id\":\"https:\\\/\\\/algarve7.pt\\\/#\\\/schema\\\/logo\\\/image\\\/\",\"url\":\"https:\\\/\\\/algarve7.pt\\\/wp-content\\\/uploads\\\/2020\\\/10\\\/Logo-8.jpg\",\"contentUrl\":\"https:\\\/\\\/algarve7.pt\\\/wp-content\\\/uploads\\\/2020\\\/10\\\/Logo-8.jpg\",\"width\":1680,\"height\":1186,\"caption\":\"Algarve 7\"},\"image\":{\"@id\":\"https:\\\/\\\/algarve7.pt\\\/#\\\/schema\\\/logo\\\/image\\\/\"},\"sameAs\":[\"https:\\\/\\\/www.facebook.com\\\/algarve7\",\"https:\\\/\\\/x.com\\\/Algarvesete\",\"https:\\\/\\\/www.instagram.com\\\/jornalalgarve7\\\/\",\"https:\\\/\\\/www.linkedin.com\\\/company\\\/algarve7\",\"https:\\\/\\\/www.pinterest.pt\\\/geral0939\\\/_created\\\/\"]},{\"@type\":\"Person\",\"@id\":\"https:\\\/\\\/algarve7.pt\\\/#\\\/schema\\\/person\\\/23fa70681308e7b319a3204bcea45e0c\",\"name\":\"Algarve 7\",\"sameAs\":[\"https:\\\/\\\/algarve7.pt\",\"https:\\\/\\\/www.facebook.com\\\/algarve7\"],\"url\":\"https:\\\/\\\/algarve7.pt\\\/index.php\\\/author\\\/geralalgarve7-pt\\\/\"}]}<\/script>\n<!-- \/ Yoast SEO plugin. -->","yoast_head_json":{"title":"Noites de cinema ao ar livre regressam a Albufeira - Algarve 7","description":"Noites de cinema ao ar livre regressam a Albufeira Cultura","robots":{"index":"index","follow":"follow","max-snippet":"max-snippet:-1","max-image-preview":"max-image-preview:large","max-video-preview":"max-video-preview:-1"},"canonical":"https:\/\/algarve7.pt\/index.php\/2024\/07\/noites-de-cinema-ao-ar-livre-regressam-a-albufeira\/cultura\/09\/50\/","og_locale":"pt_PT","og_type":"article","og_title":"Noites de cinema ao ar livre regressam a Albufeira - Algarve 7","og_description":"Noites de cinema ao ar livre regressam a Albufeira Cultura","og_url":"https:\/\/algarve7.pt\/index.php\/2024\/07\/noites-de-cinema-ao-ar-livre-regressam-a-albufeira\/cultura\/09\/50\/","og_site_name":"Algarve 7","article_publisher":"https:\/\/www.facebook.com\/algarve7","article_author":"https:\/\/www.facebook.com\/algarve7","article_published_time":"2024-07-16T08:50:00+00:00","og_image":[{"width":800,"height":470,"url":"https:\/\/algarve7.pt\/wp-content\/uploads\/2024\/07\/Captura-de-ecra-2024-07-15-as-14.20.23.png","type":"image\/png"}],"author":"Algarve 7","twitter_card":"summary_large_image","twitter_creator":"@Algarvesete","twitter_site":"@Algarvesete","twitter_misc":{"Escrito por":"Algarve 7","Tempo estimado de leitura":"3 minutos"},"schema":{"@context":"https:\/\/schema.org","@graph":[{"@type":"Article","@id":"https:\/\/algarve7.pt\/index.php\/2024\/07\/noites-de-cinema-ao-ar-livre-regressam-a-albufeira\/cultura\/09\/50\/#article","isPartOf":{"@id":"https:\/\/algarve7.pt\/index.php\/2024\/07\/noites-de-cinema-ao-ar-livre-regressam-a-albufeira\/cultura\/09\/50\/"},"author":{"name":"Algarve 7","@id":"https:\/\/algarve7.pt\/#\/schema\/person\/23fa70681308e7b319a3204bcea45e0c"},"headline":"Noites de cinema ao ar livre regressam a Albufeira","datePublished":"2024-07-16T08:50:00+00:00","mainEntityOfPage":{"@id":"https:\/\/algarve7.pt\/index.php\/2024\/07\/noites-de-cinema-ao-ar-livre-regressam-a-albufeira\/cultura\/09\/50\/"},"wordCount":487,"publisher":{"@id":"https:\/\/algarve7.pt\/#organization"},"image":{"@id":"https:\/\/algarve7.pt\/index.php\/2024\/07\/noites-de-cinema-ao-ar-livre-regressam-a-albufeira\/cultura\/09\/50\/#primaryimage"},"thumbnailUrl":"https:\/\/algarve7.pt\/wp-content\/uploads\/2024\/07\/Captura-de-ecra-2024-07-15-as-14.20.23.png","keywords":["Albufeira","Algarve","Cinema","Cultura"],"articleSection":["Cultura"],"inLanguage":"pt-PT"},{"@type":"WebPage","@id":"https:\/\/algarve7.pt\/index.php\/2024\/07\/noites-de-cinema-ao-ar-livre-regressam-a-albufeira\/cultura\/09\/50\/","url":"https:\/\/algarve7.pt\/index.php\/2024\/07\/noites-de-cinema-ao-ar-livre-regressam-a-albufeira\/cultura\/09\/50\/","name":"Noites de cinema ao ar livre regressam a Albufeira - Algarve 7","isPartOf":{"@id":"https:\/\/algarve7.pt\/#website"},"primaryImageOfPage":{"@id":"https:\/\/algarve7.pt\/index.php\/2024\/07\/noites-de-cinema-ao-ar-livre-regressam-a-albufeira\/cultura\/09\/50\/#primaryimage"},"image":{"@id":"https:\/\/algarve7.pt\/index.php\/2024\/07\/noites-de-cinema-ao-ar-livre-regressam-a-albufeira\/cultura\/09\/50\/#primaryimage"},"thumbnailUrl":"https:\/\/algarve7.pt\/wp-content\/uploads\/2024\/07\/Captura-de-ecra-2024-07-15-as-14.20.23.png","datePublished":"2024-07-16T08:50:00+00:00","description":"Noites de cinema ao ar livre regressam a Albufeira Cultura","breadcrumb":{"@id":"https:\/\/algarve7.pt\/index.php\/2024\/07\/noites-de-cinema-ao-ar-livre-regressam-a-albufeira\/cultura\/09\/50\/#breadcrumb"},"inLanguage":"pt-PT","potentialAction":[{"@type":"ReadAction","target":["https:\/\/algarve7.pt\/index.php\/2024\/07\/noites-de-cinema-ao-ar-livre-regressam-a-albufeira\/cultura\/09\/50\/"]}]},{"@type":"ImageObject","inLanguage":"pt-PT","@id":"https:\/\/algarve7.pt\/index.php\/2024\/07\/noites-de-cinema-ao-ar-livre-regressam-a-albufeira\/cultura\/09\/50\/#primaryimage","url":"https:\/\/algarve7.pt\/wp-content\/uploads\/2024\/07\/Captura-de-ecra-2024-07-15-as-14.20.23.png","contentUrl":"https:\/\/algarve7.pt\/wp-content\/uploads\/2024\/07\/Captura-de-ecra-2024-07-15-as-14.20.23.png","width":800,"height":470},{"@type":"BreadcrumbList","@id":"https:\/\/algarve7.pt\/index.php\/2024\/07\/noites-de-cinema-ao-ar-livre-regressam-a-albufeira\/cultura\/09\/50\/#breadcrumb","itemListElement":[{"@type":"ListItem","position":1,"name":"In\u00edcio","item":"https:\/\/algarve7.pt\/"},{"@type":"ListItem","position":2,"name":"Noites de cinema ao ar livre regressam a Albufeira"}]},{"@type":"WebSite","@id":"https:\/\/algarve7.pt\/#website","url":"https:\/\/algarve7.pt\/","name":"Algarve 7","description":"Informa\u00e7\u00e3o sobre o Algarve","publisher":{"@id":"https:\/\/algarve7.pt\/#organization"},"potentialAction":[{"@type":"SearchAction","target":{"@type":"EntryPoint","urlTemplate":"https:\/\/algarve7.pt\/?s={search_term_string}"},"query-input":{"@type":"PropertyValueSpecification","valueRequired":true,"valueName":"search_term_string"}}],"inLanguage":"pt-PT"},{"@type":"Organization","@id":"https:\/\/algarve7.pt\/#organization","name":"Algarve 7","url":"https:\/\/algarve7.pt\/","logo":{"@type":"ImageObject","inLanguage":"pt-PT","@id":"https:\/\/algarve7.pt\/#\/schema\/logo\/image\/","url":"https:\/\/algarve7.pt\/wp-content\/uploads\/2020\/10\/Logo-8.jpg","contentUrl":"https:\/\/algarve7.pt\/wp-content\/uploads\/2020\/10\/Logo-8.jpg","width":1680,"height":1186,"caption":"Algarve 7"},"image":{"@id":"https:\/\/algarve7.pt\/#\/schema\/logo\/image\/"},"sameAs":["https:\/\/www.facebook.com\/algarve7","https:\/\/x.com\/Algarvesete","https:\/\/www.instagram.com\/jornalalgarve7\/","https:\/\/www.linkedin.com\/company\/algarve7","https:\/\/www.pinterest.pt\/geral0939\/_created\/"]},{"@type":"Person","@id":"https:\/\/algarve7.pt\/#\/schema\/person\/23fa70681308e7b319a3204bcea45e0c","name":"Algarve 7","sameAs":["https:\/\/algarve7.pt","https:\/\/www.facebook.com\/algarve7"],"url":"https:\/\/algarve7.pt\/index.php\/author\/geralalgarve7-pt\/"}]}},"jetpack_publicize_connections":[],"jetpack_featured_media_url":"https:\/\/algarve7.pt\/wp-content\/uploads\/2024\/07\/Captura-de-ecra-2024-07-15-as-14.20.23.png","jetpack_shortlink":"https:\/\/wp.me\/pcezmW-az4","jetpack_sharing_enabled":true,"_links":{"self":[{"href":"https:\/\/algarve7.pt\/index.php\/wp-json\/wp\/v2\/posts\/40614","targetHints":{"allow":["GET"]}}],"collection":[{"href":"https:\/\/algarve7.pt\/index.php\/wp-json\/wp\/v2\/posts"}],"about":[{"href":"https:\/\/algarve7.pt\/index.php\/wp-json\/wp\/v2\/types\/post"}],"author":[{"embeddable":true,"href":"https:\/\/algarve7.pt\/index.php\/wp-json\/wp\/v2\/users\/1"}],"replies":[{"embeddable":true,"href":"https:\/\/algarve7.pt\/index.php\/wp-json\/wp\/v2\/comments?post=40614"}],"version-history":[{"count":0,"href":"https:\/\/algarve7.pt\/index.php\/wp-json\/wp\/v2\/posts\/40614\/revisions"}],"wp:featuredmedia":[{"embeddable":true,"href":"https:\/\/algarve7.pt\/index.php\/wp-json\/wp\/v2\/media\/40615"}],"wp:attachment":[{"href":"https:\/\/algarve7.pt\/index.php\/wp-json\/wp\/v2\/media?parent=40614"}],"wp:term":[{"taxonomy":"category","embeddable":true,"href":"https:\/\/algarve7.pt\/index.php\/wp-json\/wp\/v2\/categories?post=40614"},{"taxonomy":"post_tag","embeddable":true,"href":"https:\/\/algarve7.pt\/index.php\/wp-json\/wp\/v2\/tags?post=40614"}],"curies":[{"name":"wp","href":"https:\/\/api.w.org\/{rel}","templated":true}]}}