{"id":4060,"date":"2020-11-25T16:25:04","date_gmt":"2020-11-25T16:25:04","guid":{"rendered":"https:\/\/algarve7.pt\/?p=4060"},"modified":"2020-11-25T16:25:04","modified_gmt":"2020-11-25T16:25:04","slug":"campanha-para-a-eliminacao-da-violencia-contra-as-mulheres","status":"publish","type":"post","link":"https:\/\/algarve7.pt\/index.php\/2020\/11\/campanha-para-a-eliminacao-da-violencia-contra-as-mulheres\/atualidade\/16\/25\/","title":{"rendered":"Campanha para a Elimina\u00e7\u00e3o da Viol\u00eancia contra as Mulheres"},"content":{"rendered":"\n<p>A Guarda Nacional Republicana est\u00e1 a realizar uma campanha de sensibiliza\u00e7\u00e3o, em todo o territ\u00f3rio nacional, direcionada para a preven\u00e7\u00e3o de comportamentos violentos contra as mulheres, tendo assinalado hoje, dia 25 de novembro, o Dia Internacional para a Elimina\u00e7\u00e3o da Viol\u00eancia contra as Mulheres no Posto Territorial da Lourinh\u00e3, na \u00e1rea do Comando Territorial de Lisboa, com a presen\u00e7a do Ministro da Administra\u00e7\u00e3o Interna, Dr. Eduardo Cabrita e do Comandante-Geral da Guarda Nacional Republicana, Tenente-general Rui Clero.<\/p>\n\n\n\n<p>Pretende-se sensibilizar a comunidade em geral para a consciencializa\u00e7\u00e3o sobre a igualdade de g\u00e9nero e a promo\u00e7\u00e3o de uma cultura de n\u00e3o-viol\u00eancia, assim como sensibilizar os diferentes p\u00fablicos-alvo para o fen\u00f3meno da viol\u00eancia contra as mulheres, como a viol\u00eancia dom\u00e9stica, viola\u00e7\u00e3o e outras agress\u00f5es sexuais.<\/p>\n\n\n\n<p>A preven\u00e7\u00e3o e investiga\u00e7\u00e3o do crime de viol\u00eancia dom\u00e9stica s\u00e3o prioridades da atual pol\u00edtica criminal e constituem-se como uma absoluta prioridade para a Guarda Nacional Republicana. Neste \u00e2mbito, a GNR tem vindo a refor\u00e7ar as campanhas de sensibiliza\u00e7\u00e3o e a apostar em a\u00e7\u00f5es espec\u00edficas de forma\u00e7\u00e3o do seu efetivo, para que esteja cada vez mais bem preparado para participar, enquadrar, tratar e acompanhar este tipo de situa\u00e7\u00f5es, melhorando ainda a sua rede de salas de atendimento \u00e0s v\u00edtimas.<\/p>\n\n\n\n<p>Durante o ano de 2019, na \u00e1rea de responsabilidade da GNR, foram registados 13.503 crimes de viol\u00eancia dom\u00e9stica, sendo os distritos do Porto, Aveiro, Set\u00fabal e Braga onde se registaram mais ocorr\u00eancias; e os distritos de Beja e Portalegre os que tiveram o menor n\u00famero de registos. Desses crimes, resultaram 16.078 v\u00edtimas, das quais 12.750 eram mulheres e 3.328 homens.<\/p>\n\n\n\n<p>Em 2020, at\u00e9 31 de outubro, ainda que os dados sejam provis\u00f3rios, foram registados 11.345 crimes de viol\u00eancia dom\u00e9stica, menos 182 que em igual per\u00edodo do ano passado.<\/p>\n\n\n\n<p>A viol\u00eancia contra as mulheres e a viol\u00eancia dom\u00e9stica s\u00e3o das formas mais gravosas de discrimina\u00e7\u00e3o das mulheres em raz\u00e3o do seu sexo, reflexo de persistentes estere\u00f3tipos de g\u00e9nero e de rela\u00e7\u00f5es de poder desiguais. Os impactos desta viol\u00eancia n\u00e3o se circunscrevem apenas \u00e0s v\u00edtimas diretamente envolvidas, afetando tamb\u00e9m as fam\u00edlias e a sociedade no seu conjunto.<\/p>\n\n\n\n<p>A viol\u00eancia dom\u00e9stica \u00e9 crime p\u00fablico e denunciar \u00e9 uma responsabilidade coletiva.<\/p>\n","protected":false},"excerpt":{"rendered":"<p>A Guarda Nacional Republicana est\u00e1 a realizar uma campanha de sensibiliza\u00e7\u00e3o, em todo o territ\u00f3rio nacional, direcionada para a preven\u00e7\u00e3o<\/p>\n","protected":false},"author":1,"featured_media":4061,"comment_status":"closed","ping_status":"open","sticky":false,"template":"","format":"standard","meta":{"colormag_page_container_layout":"default_layout","colormag_page_sidebar_layout":"default_layout","_monsterinsights_skip_tracking":false,"_monsterinsights_sitenote_active":false,"_monsterinsights_sitenote_note":"","_monsterinsights_sitenote_category":0,"jetpack_post_was_ever_published":false,"_jetpack_newsletter_access":"","_jetpack_dont_email_post_to_subs":false,"_jetpack_newsletter_tier_id":0,"_jetpack_memberships_contains_paywalled_content":false,"_jetpack_memberships_contains_paid_content":false,"footnotes":"","jetpack_publicize_message":"","jetpack_publicize_feature_enabled":true,"jetpack_social_post_already_shared":true,"jetpack_social_options":{"image_generator_settings":{"template":"highway","default_image_id":0,"font":"","enabled":false},"version":2}},"categories":[11],"tags":[62,140],"class_list":["post-4060","post","type-post","status-publish","format-standard","has-post-thumbnail","hentry","category-atualidade","tag-atualidade","tag-gnr"],"yoast_head":"<!-- This site is optimized with the Yoast SEO plugin v27.5 - https:\/\/yoast.com\/product\/yoast-seo-wordpress\/ -->\n<title>Campanha para a Elimina\u00e7\u00e3o da Viol\u00eancia contra as Mulheres - Algarve 7<\/title>\n<meta name=\"description\" content=\"Campanha para a Elimina\u00e7\u00e3o da Viol\u00eancia contra as Mulheres Atualidade\" \/>\n<meta name=\"robots\" content=\"index, follow, max-snippet:-1, max-image-preview:large, max-video-preview:-1\" \/>\n<link rel=\"canonical\" href=\"https:\/\/algarve7.pt\/index.php\/2020\/11\/campanha-para-a-eliminacao-da-violencia-contra-as-mulheres\/atualidade\/16\/25\/\" \/>\n<meta property=\"og:locale\" content=\"pt_PT\" \/>\n<meta property=\"og:type\" content=\"article\" \/>\n<meta property=\"og:title\" content=\"Campanha para a Elimina\u00e7\u00e3o da Viol\u00eancia contra as Mulheres - Algarve 7\" \/>\n<meta property=\"og:description\" content=\"Campanha para a Elimina\u00e7\u00e3o da Viol\u00eancia contra as Mulheres Atualidade\" \/>\n<meta property=\"og:url\" content=\"https:\/\/algarve7.pt\/index.php\/2020\/11\/campanha-para-a-eliminacao-da-violencia-contra-as-mulheres\/atualidade\/16\/25\/\" \/>\n<meta property=\"og:site_name\" content=\"Algarve 7\" \/>\n<meta property=\"article:publisher\" content=\"https:\/\/www.facebook.com\/algarve7\" \/>\n<meta property=\"article:author\" content=\"https:\/\/www.facebook.com\/algarve7\" \/>\n<meta property=\"article:published_time\" content=\"2020-11-25T16:25:04+00:00\" \/>\n<meta property=\"og:image\" content=\"https:\/\/algarve7.pt\/wp-content\/uploads\/2020\/11\/Campanha-para-a-Eliminacao-da-Violencia-contra-as-Mulheres.jpg\" \/>\n\t<meta property=\"og:image:width\" content=\"960\" \/>\n\t<meta property=\"og:image:height\" content=\"960\" \/>\n\t<meta property=\"og:image:type\" content=\"image\/jpeg\" \/>\n<meta name=\"author\" content=\"Algarve 7\" \/>\n<meta name=\"twitter:card\" content=\"summary_large_image\" \/>\n<meta name=\"twitter:creator\" content=\"@Algarvesete\" \/>\n<meta name=\"twitter:site\" content=\"@Algarvesete\" \/>\n<meta name=\"twitter:label1\" content=\"Escrito por\" \/>\n\t<meta name=\"twitter:data1\" content=\"Algarve 7\" \/>\n\t<meta name=\"twitter:label2\" content=\"Tempo estimado de leitura\" \/>\n\t<meta name=\"twitter:data2\" content=\"2 minutos\" \/>\n<script type=\"application\/ld+json\" class=\"yoast-schema-graph\">{\"@context\":\"https:\\\/\\\/schema.org\",\"@graph\":[{\"@type\":\"Article\",\"@id\":\"https:\\\/\\\/algarve7.pt\\\/index.php\\\/2020\\\/11\\\/campanha-para-a-eliminacao-da-violencia-contra-as-mulheres\\\/atualidade\\\/16\\\/25\\\/#article\",\"isPartOf\":{\"@id\":\"https:\\\/\\\/algarve7.pt\\\/index.php\\\/2020\\\/11\\\/campanha-para-a-eliminacao-da-violencia-contra-as-mulheres\\\/atualidade\\\/16\\\/25\\\/\"},\"author\":{\"name\":\"Algarve 7\",\"@id\":\"https:\\\/\\\/algarve7.pt\\\/#\\\/schema\\\/person\\\/23fa70681308e7b319a3204bcea45e0c\"},\"headline\":\"Campanha para a Elimina\u00e7\u00e3o da Viol\u00eancia contra as Mulheres\",\"datePublished\":\"2020-11-25T16:25:04+00:00\",\"mainEntityOfPage\":{\"@id\":\"https:\\\/\\\/algarve7.pt\\\/index.php\\\/2020\\\/11\\\/campanha-para-a-eliminacao-da-violencia-contra-as-mulheres\\\/atualidade\\\/16\\\/25\\\/\"},\"wordCount\":415,\"publisher\":{\"@id\":\"https:\\\/\\\/algarve7.pt\\\/#organization\"},\"image\":{\"@id\":\"https:\\\/\\\/algarve7.pt\\\/index.php\\\/2020\\\/11\\\/campanha-para-a-eliminacao-da-violencia-contra-as-mulheres\\\/atualidade\\\/16\\\/25\\\/#primaryimage\"},\"thumbnailUrl\":\"https:\\\/\\\/algarve7.pt\\\/wp-content\\\/uploads\\\/2020\\\/11\\\/Campanha-para-a-Eliminacao-da-Violencia-contra-as-Mulheres.jpg\",\"keywords\":[\"Atualidade\",\"GNR\"],\"articleSection\":[\"Atualidade\"],\"inLanguage\":\"pt-PT\"},{\"@type\":\"WebPage\",\"@id\":\"https:\\\/\\\/algarve7.pt\\\/index.php\\\/2020\\\/11\\\/campanha-para-a-eliminacao-da-violencia-contra-as-mulheres\\\/atualidade\\\/16\\\/25\\\/\",\"url\":\"https:\\\/\\\/algarve7.pt\\\/index.php\\\/2020\\\/11\\\/campanha-para-a-eliminacao-da-violencia-contra-as-mulheres\\\/atualidade\\\/16\\\/25\\\/\",\"name\":\"Campanha para a Elimina\u00e7\u00e3o da Viol\u00eancia contra as Mulheres - Algarve 7\",\"isPartOf\":{\"@id\":\"https:\\\/\\\/algarve7.pt\\\/#website\"},\"primaryImageOfPage\":{\"@id\":\"https:\\\/\\\/algarve7.pt\\\/index.php\\\/2020\\\/11\\\/campanha-para-a-eliminacao-da-violencia-contra-as-mulheres\\\/atualidade\\\/16\\\/25\\\/#primaryimage\"},\"image\":{\"@id\":\"https:\\\/\\\/algarve7.pt\\\/index.php\\\/2020\\\/11\\\/campanha-para-a-eliminacao-da-violencia-contra-as-mulheres\\\/atualidade\\\/16\\\/25\\\/#primaryimage\"},\"thumbnailUrl\":\"https:\\\/\\\/algarve7.pt\\\/wp-content\\\/uploads\\\/2020\\\/11\\\/Campanha-para-a-Eliminacao-da-Violencia-contra-as-Mulheres.jpg\",\"datePublished\":\"2020-11-25T16:25:04+00:00\",\"description\":\"Campanha para a Elimina\u00e7\u00e3o da Viol\u00eancia contra as Mulheres Atualidade\",\"breadcrumb\":{\"@id\":\"https:\\\/\\\/algarve7.pt\\\/index.php\\\/2020\\\/11\\\/campanha-para-a-eliminacao-da-violencia-contra-as-mulheres\\\/atualidade\\\/16\\\/25\\\/#breadcrumb\"},\"inLanguage\":\"pt-PT\",\"potentialAction\":[{\"@type\":\"ReadAction\",\"target\":[\"https:\\\/\\\/algarve7.pt\\\/index.php\\\/2020\\\/11\\\/campanha-para-a-eliminacao-da-violencia-contra-as-mulheres\\\/atualidade\\\/16\\\/25\\\/\"]}]},{\"@type\":\"ImageObject\",\"inLanguage\":\"pt-PT\",\"@id\":\"https:\\\/\\\/algarve7.pt\\\/index.php\\\/2020\\\/11\\\/campanha-para-a-eliminacao-da-violencia-contra-as-mulheres\\\/atualidade\\\/16\\\/25\\\/#primaryimage\",\"url\":\"https:\\\/\\\/algarve7.pt\\\/wp-content\\\/uploads\\\/2020\\\/11\\\/Campanha-para-a-Eliminacao-da-Violencia-contra-as-Mulheres.jpg\",\"contentUrl\":\"https:\\\/\\\/algarve7.pt\\\/wp-content\\\/uploads\\\/2020\\\/11\\\/Campanha-para-a-Eliminacao-da-Violencia-contra-as-Mulheres.jpg\",\"width\":960,\"height\":960},{\"@type\":\"BreadcrumbList\",\"@id\":\"https:\\\/\\\/algarve7.pt\\\/index.php\\\/2020\\\/11\\\/campanha-para-a-eliminacao-da-violencia-contra-as-mulheres\\\/atualidade\\\/16\\\/25\\\/#breadcrumb\",\"itemListElement\":[{\"@type\":\"ListItem\",\"position\":1,\"name\":\"In\u00edcio\",\"item\":\"https:\\\/\\\/algarve7.pt\\\/\"},{\"@type\":\"ListItem\",\"position\":2,\"name\":\"Campanha para a Elimina\u00e7\u00e3o da Viol\u00eancia contra as Mulheres\"}]},{\"@type\":\"WebSite\",\"@id\":\"https:\\\/\\\/algarve7.pt\\\/#website\",\"url\":\"https:\\\/\\\/algarve7.pt\\\/\",\"name\":\"Algarve 7\",\"description\":\"Informa\u00e7\u00e3o sobre o Algarve\",\"publisher\":{\"@id\":\"https:\\\/\\\/algarve7.pt\\\/#organization\"},\"potentialAction\":[{\"@type\":\"SearchAction\",\"target\":{\"@type\":\"EntryPoint\",\"urlTemplate\":\"https:\\\/\\\/algarve7.pt\\\/?s={search_term_string}\"},\"query-input\":{\"@type\":\"PropertyValueSpecification\",\"valueRequired\":true,\"valueName\":\"search_term_string\"}}],\"inLanguage\":\"pt-PT\"},{\"@type\":\"Organization\",\"@id\":\"https:\\\/\\\/algarve7.pt\\\/#organization\",\"name\":\"Algarve 7\",\"url\":\"https:\\\/\\\/algarve7.pt\\\/\",\"logo\":{\"@type\":\"ImageObject\",\"inLanguage\":\"pt-PT\",\"@id\":\"https:\\\/\\\/algarve7.pt\\\/#\\\/schema\\\/logo\\\/image\\\/\",\"url\":\"https:\\\/\\\/algarve7.pt\\\/wp-content\\\/uploads\\\/2020\\\/10\\\/Logo-8.jpg\",\"contentUrl\":\"https:\\\/\\\/algarve7.pt\\\/wp-content\\\/uploads\\\/2020\\\/10\\\/Logo-8.jpg\",\"width\":1680,\"height\":1186,\"caption\":\"Algarve 7\"},\"image\":{\"@id\":\"https:\\\/\\\/algarve7.pt\\\/#\\\/schema\\\/logo\\\/image\\\/\"},\"sameAs\":[\"https:\\\/\\\/www.facebook.com\\\/algarve7\",\"https:\\\/\\\/x.com\\\/Algarvesete\",\"https:\\\/\\\/www.instagram.com\\\/jornalalgarve7\\\/\",\"https:\\\/\\\/www.linkedin.com\\\/company\\\/algarve7\",\"https:\\\/\\\/www.pinterest.pt\\\/geral0939\\\/_created\\\/\"]},{\"@type\":\"Person\",\"@id\":\"https:\\\/\\\/algarve7.pt\\\/#\\\/schema\\\/person\\\/23fa70681308e7b319a3204bcea45e0c\",\"name\":\"Algarve 7\",\"sameAs\":[\"https:\\\/\\\/algarve7.pt\",\"https:\\\/\\\/www.facebook.com\\\/algarve7\"],\"url\":\"https:\\\/\\\/algarve7.pt\\\/index.php\\\/author\\\/geralalgarve7-pt\\\/\"}]}<\/script>\n<!-- \/ Yoast SEO plugin. -->","yoast_head_json":{"title":"Campanha para a Elimina\u00e7\u00e3o da Viol\u00eancia contra as Mulheres - Algarve 7","description":"Campanha para a Elimina\u00e7\u00e3o da Viol\u00eancia contra as Mulheres Atualidade","robots":{"index":"index","follow":"follow","max-snippet":"max-snippet:-1","max-image-preview":"max-image-preview:large","max-video-preview":"max-video-preview:-1"},"canonical":"https:\/\/algarve7.pt\/index.php\/2020\/11\/campanha-para-a-eliminacao-da-violencia-contra-as-mulheres\/atualidade\/16\/25\/","og_locale":"pt_PT","og_type":"article","og_title":"Campanha para a Elimina\u00e7\u00e3o da Viol\u00eancia contra as Mulheres - Algarve 7","og_description":"Campanha para a Elimina\u00e7\u00e3o da Viol\u00eancia contra as Mulheres Atualidade","og_url":"https:\/\/algarve7.pt\/index.php\/2020\/11\/campanha-para-a-eliminacao-da-violencia-contra-as-mulheres\/atualidade\/16\/25\/","og_site_name":"Algarve 7","article_publisher":"https:\/\/www.facebook.com\/algarve7","article_author":"https:\/\/www.facebook.com\/algarve7","article_published_time":"2020-11-25T16:25:04+00:00","og_image":[{"width":960,"height":960,"url":"https:\/\/algarve7.pt\/wp-content\/uploads\/2020\/11\/Campanha-para-a-Eliminacao-da-Violencia-contra-as-Mulheres.jpg","type":"image\/jpeg"}],"author":"Algarve 7","twitter_card":"summary_large_image","twitter_creator":"@Algarvesete","twitter_site":"@Algarvesete","twitter_misc":{"Escrito por":"Algarve 7","Tempo estimado de leitura":"2 minutos"},"schema":{"@context":"https:\/\/schema.org","@graph":[{"@type":"Article","@id":"https:\/\/algarve7.pt\/index.php\/2020\/11\/campanha-para-a-eliminacao-da-violencia-contra-as-mulheres\/atualidade\/16\/25\/#article","isPartOf":{"@id":"https:\/\/algarve7.pt\/index.php\/2020\/11\/campanha-para-a-eliminacao-da-violencia-contra-as-mulheres\/atualidade\/16\/25\/"},"author":{"name":"Algarve 7","@id":"https:\/\/algarve7.pt\/#\/schema\/person\/23fa70681308e7b319a3204bcea45e0c"},"headline":"Campanha para a Elimina\u00e7\u00e3o da Viol\u00eancia contra as Mulheres","datePublished":"2020-11-25T16:25:04+00:00","mainEntityOfPage":{"@id":"https:\/\/algarve7.pt\/index.php\/2020\/11\/campanha-para-a-eliminacao-da-violencia-contra-as-mulheres\/atualidade\/16\/25\/"},"wordCount":415,"publisher":{"@id":"https:\/\/algarve7.pt\/#organization"},"image":{"@id":"https:\/\/algarve7.pt\/index.php\/2020\/11\/campanha-para-a-eliminacao-da-violencia-contra-as-mulheres\/atualidade\/16\/25\/#primaryimage"},"thumbnailUrl":"https:\/\/algarve7.pt\/wp-content\/uploads\/2020\/11\/Campanha-para-a-Eliminacao-da-Violencia-contra-as-Mulheres.jpg","keywords":["Atualidade","GNR"],"articleSection":["Atualidade"],"inLanguage":"pt-PT"},{"@type":"WebPage","@id":"https:\/\/algarve7.pt\/index.php\/2020\/11\/campanha-para-a-eliminacao-da-violencia-contra-as-mulheres\/atualidade\/16\/25\/","url":"https:\/\/algarve7.pt\/index.php\/2020\/11\/campanha-para-a-eliminacao-da-violencia-contra-as-mulheres\/atualidade\/16\/25\/","name":"Campanha para a Elimina\u00e7\u00e3o da Viol\u00eancia contra as Mulheres - Algarve 7","isPartOf":{"@id":"https:\/\/algarve7.pt\/#website"},"primaryImageOfPage":{"@id":"https:\/\/algarve7.pt\/index.php\/2020\/11\/campanha-para-a-eliminacao-da-violencia-contra-as-mulheres\/atualidade\/16\/25\/#primaryimage"},"image":{"@id":"https:\/\/algarve7.pt\/index.php\/2020\/11\/campanha-para-a-eliminacao-da-violencia-contra-as-mulheres\/atualidade\/16\/25\/#primaryimage"},"thumbnailUrl":"https:\/\/algarve7.pt\/wp-content\/uploads\/2020\/11\/Campanha-para-a-Eliminacao-da-Violencia-contra-as-Mulheres.jpg","datePublished":"2020-11-25T16:25:04+00:00","description":"Campanha para a Elimina\u00e7\u00e3o da Viol\u00eancia contra as Mulheres Atualidade","breadcrumb":{"@id":"https:\/\/algarve7.pt\/index.php\/2020\/11\/campanha-para-a-eliminacao-da-violencia-contra-as-mulheres\/atualidade\/16\/25\/#breadcrumb"},"inLanguage":"pt-PT","potentialAction":[{"@type":"ReadAction","target":["https:\/\/algarve7.pt\/index.php\/2020\/11\/campanha-para-a-eliminacao-da-violencia-contra-as-mulheres\/atualidade\/16\/25\/"]}]},{"@type":"ImageObject","inLanguage":"pt-PT","@id":"https:\/\/algarve7.pt\/index.php\/2020\/11\/campanha-para-a-eliminacao-da-violencia-contra-as-mulheres\/atualidade\/16\/25\/#primaryimage","url":"https:\/\/algarve7.pt\/wp-content\/uploads\/2020\/11\/Campanha-para-a-Eliminacao-da-Violencia-contra-as-Mulheres.jpg","contentUrl":"https:\/\/algarve7.pt\/wp-content\/uploads\/2020\/11\/Campanha-para-a-Eliminacao-da-Violencia-contra-as-Mulheres.jpg","width":960,"height":960},{"@type":"BreadcrumbList","@id":"https:\/\/algarve7.pt\/index.php\/2020\/11\/campanha-para-a-eliminacao-da-violencia-contra-as-mulheres\/atualidade\/16\/25\/#breadcrumb","itemListElement":[{"@type":"ListItem","position":1,"name":"In\u00edcio","item":"https:\/\/algarve7.pt\/"},{"@type":"ListItem","position":2,"name":"Campanha para a Elimina\u00e7\u00e3o da Viol\u00eancia contra as Mulheres"}]},{"@type":"WebSite","@id":"https:\/\/algarve7.pt\/#website","url":"https:\/\/algarve7.pt\/","name":"Algarve 7","description":"Informa\u00e7\u00e3o sobre o Algarve","publisher":{"@id":"https:\/\/algarve7.pt\/#organization"},"potentialAction":[{"@type":"SearchAction","target":{"@type":"EntryPoint","urlTemplate":"https:\/\/algarve7.pt\/?s={search_term_string}"},"query-input":{"@type":"PropertyValueSpecification","valueRequired":true,"valueName":"search_term_string"}}],"inLanguage":"pt-PT"},{"@type":"Organization","@id":"https:\/\/algarve7.pt\/#organization","name":"Algarve 7","url":"https:\/\/algarve7.pt\/","logo":{"@type":"ImageObject","inLanguage":"pt-PT","@id":"https:\/\/algarve7.pt\/#\/schema\/logo\/image\/","url":"https:\/\/algarve7.pt\/wp-content\/uploads\/2020\/10\/Logo-8.jpg","contentUrl":"https:\/\/algarve7.pt\/wp-content\/uploads\/2020\/10\/Logo-8.jpg","width":1680,"height":1186,"caption":"Algarve 7"},"image":{"@id":"https:\/\/algarve7.pt\/#\/schema\/logo\/image\/"},"sameAs":["https:\/\/www.facebook.com\/algarve7","https:\/\/x.com\/Algarvesete","https:\/\/www.instagram.com\/jornalalgarve7\/","https:\/\/www.linkedin.com\/company\/algarve7","https:\/\/www.pinterest.pt\/geral0939\/_created\/"]},{"@type":"Person","@id":"https:\/\/algarve7.pt\/#\/schema\/person\/23fa70681308e7b319a3204bcea45e0c","name":"Algarve 7","sameAs":["https:\/\/algarve7.pt","https:\/\/www.facebook.com\/algarve7"],"url":"https:\/\/algarve7.pt\/index.php\/author\/geralalgarve7-pt\/"}]}},"jetpack_publicize_connections":[],"jetpack_featured_media_url":"https:\/\/algarve7.pt\/wp-content\/uploads\/2020\/11\/Campanha-para-a-Eliminacao-da-Violencia-contra-as-Mulheres.jpg","jetpack_shortlink":"https:\/\/wp.me\/pcezmW-13u","jetpack_sharing_enabled":true,"_links":{"self":[{"href":"https:\/\/algarve7.pt\/index.php\/wp-json\/wp\/v2\/posts\/4060","targetHints":{"allow":["GET"]}}],"collection":[{"href":"https:\/\/algarve7.pt\/index.php\/wp-json\/wp\/v2\/posts"}],"about":[{"href":"https:\/\/algarve7.pt\/index.php\/wp-json\/wp\/v2\/types\/post"}],"author":[{"embeddable":true,"href":"https:\/\/algarve7.pt\/index.php\/wp-json\/wp\/v2\/users\/1"}],"replies":[{"embeddable":true,"href":"https:\/\/algarve7.pt\/index.php\/wp-json\/wp\/v2\/comments?post=4060"}],"version-history":[{"count":0,"href":"https:\/\/algarve7.pt\/index.php\/wp-json\/wp\/v2\/posts\/4060\/revisions"}],"wp:featuredmedia":[{"embeddable":true,"href":"https:\/\/algarve7.pt\/index.php\/wp-json\/wp\/v2\/media\/4061"}],"wp:attachment":[{"href":"https:\/\/algarve7.pt\/index.php\/wp-json\/wp\/v2\/media?parent=4060"}],"wp:term":[{"taxonomy":"category","embeddable":true,"href":"https:\/\/algarve7.pt\/index.php\/wp-json\/wp\/v2\/categories?post=4060"},{"taxonomy":"post_tag","embeddable":true,"href":"https:\/\/algarve7.pt\/index.php\/wp-json\/wp\/v2\/tags?post=4060"}],"curies":[{"name":"wp","href":"https:\/\/api.w.org\/{rel}","templated":true}]}}