{"id":40570,"date":"2024-07-14T11:30:00","date_gmt":"2024-07-14T10:30:00","guid":{"rendered":"https:\/\/algarve7.pt\/?p=40570"},"modified":"2024-07-13T09:11:43","modified_gmt":"2024-07-13T08:11:43","slug":"projeto-milage-da-universidade-do-algarve-distingue-alunos-e-atribui-premio-professor-inovador-de-portugal","status":"publish","type":"post","link":"https:\/\/algarve7.pt\/index.php\/2024\/07\/projeto-milage-da-universidade-do-algarve-distingue-alunos-e-atribui-premio-professor-inovador-de-portugal\/educacao\/11\/30\/","title":{"rendered":"Projeto MILAGE da Universidade do Algarve distingue alunos e atribui pr\u00e9mio Professor Inovador de Portugal"},"content":{"rendered":"\n<p><strong>No dia 8 de julho de 2024, realizou-se, no Centro Ismaili da Funda\u00e7\u00e3o Aga Khan, a VIII Confer\u00eancia Internacional de Aprendizagem M\u00f3vel do Projeto MILAGE, dedicada ao tema &#8220;Tecnologias Digitais&#8221;, e a 6.\u00aa Edi\u00e7\u00e3o dos Pr\u00e9mios MILAGE 2023\/24 (mais informa\u00e7\u00f5es\u00a0<a href=\"https:\/\/milagelearnmore.org\/conferencias-e-premios-2\/\" target=\"_blank\" rel=\"noreferrer noopener\">aqui<\/a>).<\/strong><\/p>\n\n\n\n<p>Durante a parte da manh\u00e3, foi poss\u00edvel assistir \u00e0s comunica\u00e7\u00f5es do projeto RE.MA.C e \u00e0 partilha de pr\u00e1ticas e experi\u00eancias pedag\u00f3gicas, com a principal finalidade de constituir um espa\u00e7o de partilha e reflex\u00e3o.<\/p>\n\n\n\n<p>O presidente do Conselho Nacional da Educa\u00e7\u00e3o, Domingos Fernandes, marcou presen\u00e7a com a sua comunica\u00e7\u00e3o intitulada &#8220;Avaliar a qualidade das aprendizagens: quest\u00f5es te\u00f3ricas e pr\u00e1ticas&#8221;.<\/p>\n\n\n\n<p>Pelas 17h00, no Centro Ismaili, em Lisboa, foram entregues os pr\u00e9mios aos professores inovadores de Portugal, de Matem\u00e1tica, Portugu\u00eas, Espanhol, Cidadania Digital e de Ingl\u00eas, e aos Alunos Aprender+ nas categorias Meia-Maratona da Matem\u00e1tica, Pontua\u00e7\u00e3o, Autor, Influenciador e Embaixador.<\/p>\n\n\n\n<p>Entre as diferentes distin\u00e7\u00f5es encontram-se o Pr\u00e9mio da Meia-Maratona da MATEM\u00c1TICA MILAGE APRENDER+, que reconhece os alunos enquanto grupo-turma, atrav\u00e9s da participa\u00e7\u00e3o de todos na resolu\u00e7\u00e3o de tarefas MILAGE. A atribui\u00e7\u00e3o deste pr\u00e9mio tem como finalidade motivar os alunos e promover a mentoria entre pares para a aprendizagem da Matem\u00e1tica, de forma a todos alcan\u00e7arem o sucesso escolar.<\/p>\n\n\n\n<p>O Pr\u00e9mio \u201cMILAGE APRENDER+ ESPANHOL, INGL\u00caS, MATEM\u00c1TICA OU PORTUGU\u00caS\u201d reconhece o m\u00e9rito dos alunos e das respetivas escolas do ensino b\u00e1sico e secund\u00e1rio, que se encontram na primeira posi\u00e7\u00e3o do 1.\u00ba ao 12.\u00ba ano, atrav\u00e9s da resolu\u00e7\u00e3o de tarefas das quatro disciplinas no ano letivo que agora termina.<\/p>\n\n\n\n<p>A distin\u00e7\u00e3o \u201cAluno Autor MILAGE APRENDER+ CIDADANIA DIGITAL, MATEM\u00c1TICA, INGL\u00caS, ESPANHOL, STEAME e PORTUGU\u00caS\u201d reconhece o m\u00e9rito dos alunos, professores e respetivos agrupamentos, que, durante o ano letivo, criaram recursos educativos originais, em trabalho de projeto, desenvolvendo compet\u00eancias transversais e disponibilizando-as \u00e0 comunidade MILAGE.<\/p>\n\n\n\n<p>J\u00e1 o Pr\u00e9mio do Aluno Influenciador visa reconhecer o m\u00e9rito dos alunos na promo\u00e7\u00e3o de pr\u00e1ticas pedag\u00f3gicas inovadoras.<\/p>\n\n\n\n<p>Tamb\u00e9m o Pr\u00e9mio Alunos Embaixadores visa reconhecer o m\u00e9rito dos alunos, desta feita que ajudaram os seus professores e colegas na implementa\u00e7\u00e3o da App MILAGE APRENDER+ na sua pr\u00e1tica pedag\u00f3gica.<\/p>\n\n\n\n<p>Por \u00faltimo, o Pr\u00e9mio Professor Inovador de Portugal MILAGE APRENDER+ ESPANHOL, MATEM\u00c1TICA, PORTUGU\u00caS, CIDADANIA DIGITAL e INGL\u00caS distingue o m\u00e9rito dos professores autores de cada uma das \u00e1reas cient\u00edficas que, durante o ano letivo, elaboraram os recursos mais originais com atividades de Espanhol, Matem\u00e1tica, Portugu\u00eas, Cidadania Digital ou Ingl\u00eas para serem disponibilizadas na App MILAGE APRENDER+.&nbsp;<\/p>\n\n\n\n<p>Com cerca de 300 participantes esta \u00e9 a \u00fanica confer\u00eancia de educa\u00e7\u00e3o em Portugal que conta com a participa\u00e7\u00e3o de professores, alunos e pais.<\/p>\n\n\n\n<p>O projeto MILAGE APRENDER+ \u00e9 coordenado por Mauro Figueiredo, docente do Instituto Superior e Engenharia da Universidade do Algarve, e visa promover a igualdade de oportunidades, as aprendizagens significativas e a qualidade do ensino ao longo dos 12 anos de escolaridade.&nbsp;<\/p>\n\n\n\n<p>Esta iniciativa, organizada pela UAlg, contou com o apoio da Funda\u00e7\u00e3o AGA KHAN, do Munic\u00edpio de Lisboa, da Freguesia S\u00e3o Domingos de Benfica, do Agrupamento de Escolas Quinta de Marrocos, da GARVETUR e da Texas Instruments. Contou ainda com os parceiros da Direc\u00e7\u00e3o-Geral de Educa\u00e7\u00e3o, ERASMUS+, da Associa\u00e7\u00e3o de Professores de Matem\u00e1tica, da Associa\u00e7\u00e3o de Professores de Portugu\u00eas, da Associa\u00e7\u00e3o Portuguesa de Professores de Ingl\u00eas, da Associa\u00e7\u00e3o Portuguesa de Professores de Espanhol L\u00edngua Estrangeira, da Associa\u00e7\u00e3o Portuguesa de Imprensa, do Plano Nacional de Leitura (PNL 2027), da Sociedade Portuguesa de Matem\u00e1tica e do Centro de Sensibiliza\u00e7\u00e3o SeguraNet.<\/p>\n\n\n\n<p>A 6.\u00aa Edi\u00e7\u00e3o dos Pr\u00e9mios MILAGE APRENDER+ teve como objetivo reconhecer os professores e respetivos Agrupamentos de Escola e Escolas N\u00e3o Agrupadas, que implementaram pr\u00e1ticas pedag\u00f3gicas inovadoras com recurso \u00e0 App MILAGE APRENDER+. Procurou-se, ainda, distinguir os alunos que, enquanto grupo, desenvolveram um trabalho de mentoria ou por projeto, evidenciando as aprendizagens atrav\u00e9s do produto final integrado na App MILAGE APRENDER+. Esta iniciativa envolveu o reconhecimento de mais de 100 alunos e professores de todo o Pa\u00eds.<\/p>\n","protected":false},"excerpt":{"rendered":"<p>No dia 8 de julho de 2024, realizou-se, no Centro Ismaili da Funda\u00e7\u00e3o Aga Khan, a VIII Confer\u00eancia Internacional de<\/p>\n","protected":false},"author":1,"featured_media":40571,"comment_status":"closed","ping_status":"open","sticky":false,"template":"","format":"standard","meta":{"colormag_page_container_layout":"default_layout","colormag_page_sidebar_layout":"default_layout","_monsterinsights_skip_tracking":false,"_monsterinsights_sitenote_active":false,"_monsterinsights_sitenote_note":"","_monsterinsights_sitenote_category":0,"jetpack_post_was_ever_published":false,"_jetpack_newsletter_access":"","_jetpack_dont_email_post_to_subs":false,"_jetpack_newsletter_tier_id":0,"_jetpack_memberships_contains_paywalled_content":false,"_jetpack_memberships_contains_paid_content":false,"footnotes":"","jetpack_publicize_message":"","jetpack_publicize_feature_enabled":true,"jetpack_social_post_already_shared":false,"jetpack_social_options":{"image_generator_settings":{"template":"highway","default_image_id":0,"font":"","enabled":false},"version":2}},"categories":[93],"tags":[36,74,182],"class_list":["post-40570","post","type-post","status-publish","format-standard","has-post-thumbnail","hentry","category-educacao","tag-algarve","tag-educacao","tag-ualg"],"yoast_head":"<!-- This site is optimized with the Yoast SEO plugin v27.5 - https:\/\/yoast.com\/product\/yoast-seo-wordpress\/ -->\n<title>Projeto MILAGE da Universidade do Algarve distingue alunos e atribui pr\u00e9mio Professor Inovador de Portugal - Algarve 7<\/title>\n<meta name=\"description\" content=\"Projeto MILAGE da Universidade do Algarve distingue alunos e atribui pr\u00e9mio Professor Inovador de Portugal Educa\u00e7\u00e3o\" \/>\n<meta name=\"robots\" content=\"index, follow, max-snippet:-1, max-image-preview:large, max-video-preview:-1\" \/>\n<link rel=\"canonical\" href=\"https:\/\/algarve7.pt\/index.php\/2024\/07\/projeto-milage-da-universidade-do-algarve-distingue-alunos-e-atribui-premio-professor-inovador-de-portugal\/educacao\/11\/30\/\" \/>\n<meta property=\"og:locale\" content=\"pt_PT\" \/>\n<meta property=\"og:type\" content=\"article\" \/>\n<meta property=\"og:title\" content=\"Projeto MILAGE da Universidade do Algarve distingue alunos e atribui pr\u00e9mio Professor Inovador de Portugal - Algarve 7\" \/>\n<meta property=\"og:description\" content=\"Projeto MILAGE da Universidade do Algarve distingue alunos e atribui pr\u00e9mio Professor Inovador de Portugal Educa\u00e7\u00e3o\" \/>\n<meta property=\"og:url\" content=\"https:\/\/algarve7.pt\/index.php\/2024\/07\/projeto-milage-da-universidade-do-algarve-distingue-alunos-e-atribui-premio-professor-inovador-de-portugal\/educacao\/11\/30\/\" \/>\n<meta property=\"og:site_name\" content=\"Algarve 7\" \/>\n<meta property=\"article:publisher\" content=\"https:\/\/www.facebook.com\/algarve7\" \/>\n<meta property=\"article:author\" content=\"https:\/\/www.facebook.com\/algarve7\" \/>\n<meta property=\"article:published_time\" content=\"2024-07-14T10:30:00+00:00\" \/>\n<meta property=\"og:image\" content=\"https:\/\/algarve7.pt\/wp-content\/uploads\/2024\/07\/2.jpeg\" \/>\n\t<meta property=\"og:image:width\" content=\"800\" \/>\n\t<meta property=\"og:image:height\" content=\"470\" \/>\n\t<meta property=\"og:image:type\" content=\"image\/jpeg\" \/>\n<meta name=\"author\" content=\"Algarve 7\" \/>\n<meta name=\"twitter:card\" content=\"summary_large_image\" \/>\n<meta name=\"twitter:creator\" content=\"@Algarvesete\" \/>\n<meta name=\"twitter:site\" content=\"@Algarvesete\" \/>\n<meta name=\"twitter:label1\" content=\"Escrito por\" \/>\n\t<meta name=\"twitter:data1\" content=\"Algarve 7\" \/>\n\t<meta name=\"twitter:label2\" content=\"Tempo estimado de leitura\" \/>\n\t<meta name=\"twitter:data2\" content=\"4 minutos\" \/>\n<script type=\"application\/ld+json\" class=\"yoast-schema-graph\">{\"@context\":\"https:\\\/\\\/schema.org\",\"@graph\":[{\"@type\":\"Article\",\"@id\":\"https:\\\/\\\/algarve7.pt\\\/index.php\\\/2024\\\/07\\\/projeto-milage-da-universidade-do-algarve-distingue-alunos-e-atribui-premio-professor-inovador-de-portugal\\\/educacao\\\/11\\\/30\\\/#article\",\"isPartOf\":{\"@id\":\"https:\\\/\\\/algarve7.pt\\\/index.php\\\/2024\\\/07\\\/projeto-milage-da-universidade-do-algarve-distingue-alunos-e-atribui-premio-professor-inovador-de-portugal\\\/educacao\\\/11\\\/30\\\/\"},\"author\":{\"name\":\"Algarve 7\",\"@id\":\"https:\\\/\\\/algarve7.pt\\\/#\\\/schema\\\/person\\\/23fa70681308e7b319a3204bcea45e0c\"},\"headline\":\"Projeto MILAGE da Universidade do Algarve distingue alunos e atribui pr\u00e9mio Professor Inovador de Portugal\",\"datePublished\":\"2024-07-14T10:30:00+00:00\",\"mainEntityOfPage\":{\"@id\":\"https:\\\/\\\/algarve7.pt\\\/index.php\\\/2024\\\/07\\\/projeto-milage-da-universidade-do-algarve-distingue-alunos-e-atribui-premio-professor-inovador-de-portugal\\\/educacao\\\/11\\\/30\\\/\"},\"wordCount\":732,\"publisher\":{\"@id\":\"https:\\\/\\\/algarve7.pt\\\/#organization\"},\"image\":{\"@id\":\"https:\\\/\\\/algarve7.pt\\\/index.php\\\/2024\\\/07\\\/projeto-milage-da-universidade-do-algarve-distingue-alunos-e-atribui-premio-professor-inovador-de-portugal\\\/educacao\\\/11\\\/30\\\/#primaryimage\"},\"thumbnailUrl\":\"https:\\\/\\\/algarve7.pt\\\/wp-content\\\/uploads\\\/2024\\\/07\\\/2.jpeg\",\"keywords\":[\"Algarve\",\"Educa\u00e7\u00e3o\",\"UALG\"],\"articleSection\":[\"Educa\u00e7\u00e3o\"],\"inLanguage\":\"pt-PT\"},{\"@type\":\"WebPage\",\"@id\":\"https:\\\/\\\/algarve7.pt\\\/index.php\\\/2024\\\/07\\\/projeto-milage-da-universidade-do-algarve-distingue-alunos-e-atribui-premio-professor-inovador-de-portugal\\\/educacao\\\/11\\\/30\\\/\",\"url\":\"https:\\\/\\\/algarve7.pt\\\/index.php\\\/2024\\\/07\\\/projeto-milage-da-universidade-do-algarve-distingue-alunos-e-atribui-premio-professor-inovador-de-portugal\\\/educacao\\\/11\\\/30\\\/\",\"name\":\"Projeto MILAGE da Universidade do Algarve distingue alunos e atribui pr\u00e9mio Professor Inovador de Portugal - Algarve 7\",\"isPartOf\":{\"@id\":\"https:\\\/\\\/algarve7.pt\\\/#website\"},\"primaryImageOfPage\":{\"@id\":\"https:\\\/\\\/algarve7.pt\\\/index.php\\\/2024\\\/07\\\/projeto-milage-da-universidade-do-algarve-distingue-alunos-e-atribui-premio-professor-inovador-de-portugal\\\/educacao\\\/11\\\/30\\\/#primaryimage\"},\"image\":{\"@id\":\"https:\\\/\\\/algarve7.pt\\\/index.php\\\/2024\\\/07\\\/projeto-milage-da-universidade-do-algarve-distingue-alunos-e-atribui-premio-professor-inovador-de-portugal\\\/educacao\\\/11\\\/30\\\/#primaryimage\"},\"thumbnailUrl\":\"https:\\\/\\\/algarve7.pt\\\/wp-content\\\/uploads\\\/2024\\\/07\\\/2.jpeg\",\"datePublished\":\"2024-07-14T10:30:00+00:00\",\"description\":\"Projeto MILAGE da Universidade do Algarve distingue alunos e atribui pr\u00e9mio Professor Inovador de Portugal Educa\u00e7\u00e3o\",\"breadcrumb\":{\"@id\":\"https:\\\/\\\/algarve7.pt\\\/index.php\\\/2024\\\/07\\\/projeto-milage-da-universidade-do-algarve-distingue-alunos-e-atribui-premio-professor-inovador-de-portugal\\\/educacao\\\/11\\\/30\\\/#breadcrumb\"},\"inLanguage\":\"pt-PT\",\"potentialAction\":[{\"@type\":\"ReadAction\",\"target\":[\"https:\\\/\\\/algarve7.pt\\\/index.php\\\/2024\\\/07\\\/projeto-milage-da-universidade-do-algarve-distingue-alunos-e-atribui-premio-professor-inovador-de-portugal\\\/educacao\\\/11\\\/30\\\/\"]}]},{\"@type\":\"ImageObject\",\"inLanguage\":\"pt-PT\",\"@id\":\"https:\\\/\\\/algarve7.pt\\\/index.php\\\/2024\\\/07\\\/projeto-milage-da-universidade-do-algarve-distingue-alunos-e-atribui-premio-professor-inovador-de-portugal\\\/educacao\\\/11\\\/30\\\/#primaryimage\",\"url\":\"https:\\\/\\\/algarve7.pt\\\/wp-content\\\/uploads\\\/2024\\\/07\\\/2.jpeg\",\"contentUrl\":\"https:\\\/\\\/algarve7.pt\\\/wp-content\\\/uploads\\\/2024\\\/07\\\/2.jpeg\",\"width\":800,\"height\":470},{\"@type\":\"BreadcrumbList\",\"@id\":\"https:\\\/\\\/algarve7.pt\\\/index.php\\\/2024\\\/07\\\/projeto-milage-da-universidade-do-algarve-distingue-alunos-e-atribui-premio-professor-inovador-de-portugal\\\/educacao\\\/11\\\/30\\\/#breadcrumb\",\"itemListElement\":[{\"@type\":\"ListItem\",\"position\":1,\"name\":\"In\u00edcio\",\"item\":\"https:\\\/\\\/algarve7.pt\\\/\"},{\"@type\":\"ListItem\",\"position\":2,\"name\":\"Projeto MILAGE da Universidade do Algarve distingue alunos e atribui pr\u00e9mio Professor Inovador de Portugal\"}]},{\"@type\":\"WebSite\",\"@id\":\"https:\\\/\\\/algarve7.pt\\\/#website\",\"url\":\"https:\\\/\\\/algarve7.pt\\\/\",\"name\":\"Algarve 7\",\"description\":\"Informa\u00e7\u00e3o sobre o Algarve\",\"publisher\":{\"@id\":\"https:\\\/\\\/algarve7.pt\\\/#organization\"},\"potentialAction\":[{\"@type\":\"SearchAction\",\"target\":{\"@type\":\"EntryPoint\",\"urlTemplate\":\"https:\\\/\\\/algarve7.pt\\\/?s={search_term_string}\"},\"query-input\":{\"@type\":\"PropertyValueSpecification\",\"valueRequired\":true,\"valueName\":\"search_term_string\"}}],\"inLanguage\":\"pt-PT\"},{\"@type\":\"Organization\",\"@id\":\"https:\\\/\\\/algarve7.pt\\\/#organization\",\"name\":\"Algarve 7\",\"url\":\"https:\\\/\\\/algarve7.pt\\\/\",\"logo\":{\"@type\":\"ImageObject\",\"inLanguage\":\"pt-PT\",\"@id\":\"https:\\\/\\\/algarve7.pt\\\/#\\\/schema\\\/logo\\\/image\\\/\",\"url\":\"https:\\\/\\\/algarve7.pt\\\/wp-content\\\/uploads\\\/2020\\\/10\\\/Logo-8.jpg\",\"contentUrl\":\"https:\\\/\\\/algarve7.pt\\\/wp-content\\\/uploads\\\/2020\\\/10\\\/Logo-8.jpg\",\"width\":1680,\"height\":1186,\"caption\":\"Algarve 7\"},\"image\":{\"@id\":\"https:\\\/\\\/algarve7.pt\\\/#\\\/schema\\\/logo\\\/image\\\/\"},\"sameAs\":[\"https:\\\/\\\/www.facebook.com\\\/algarve7\",\"https:\\\/\\\/x.com\\\/Algarvesete\",\"https:\\\/\\\/www.instagram.com\\\/jornalalgarve7\\\/\",\"https:\\\/\\\/www.linkedin.com\\\/company\\\/algarve7\",\"https:\\\/\\\/www.pinterest.pt\\\/geral0939\\\/_created\\\/\"]},{\"@type\":\"Person\",\"@id\":\"https:\\\/\\\/algarve7.pt\\\/#\\\/schema\\\/person\\\/23fa70681308e7b319a3204bcea45e0c\",\"name\":\"Algarve 7\",\"sameAs\":[\"https:\\\/\\\/algarve7.pt\",\"https:\\\/\\\/www.facebook.com\\\/algarve7\"],\"url\":\"https:\\\/\\\/algarve7.pt\\\/index.php\\\/author\\\/geralalgarve7-pt\\\/\"}]}<\/script>\n<!-- \/ Yoast SEO plugin. -->","yoast_head_json":{"title":"Projeto MILAGE da Universidade do Algarve distingue alunos e atribui pr\u00e9mio Professor Inovador de Portugal - Algarve 7","description":"Projeto MILAGE da Universidade do Algarve distingue alunos e atribui pr\u00e9mio Professor Inovador de Portugal Educa\u00e7\u00e3o","robots":{"index":"index","follow":"follow","max-snippet":"max-snippet:-1","max-image-preview":"max-image-preview:large","max-video-preview":"max-video-preview:-1"},"canonical":"https:\/\/algarve7.pt\/index.php\/2024\/07\/projeto-milage-da-universidade-do-algarve-distingue-alunos-e-atribui-premio-professor-inovador-de-portugal\/educacao\/11\/30\/","og_locale":"pt_PT","og_type":"article","og_title":"Projeto MILAGE da Universidade do Algarve distingue alunos e atribui pr\u00e9mio Professor Inovador de Portugal - Algarve 7","og_description":"Projeto MILAGE da Universidade do Algarve distingue alunos e atribui pr\u00e9mio Professor Inovador de Portugal Educa\u00e7\u00e3o","og_url":"https:\/\/algarve7.pt\/index.php\/2024\/07\/projeto-milage-da-universidade-do-algarve-distingue-alunos-e-atribui-premio-professor-inovador-de-portugal\/educacao\/11\/30\/","og_site_name":"Algarve 7","article_publisher":"https:\/\/www.facebook.com\/algarve7","article_author":"https:\/\/www.facebook.com\/algarve7","article_published_time":"2024-07-14T10:30:00+00:00","og_image":[{"width":800,"height":470,"url":"https:\/\/algarve7.pt\/wp-content\/uploads\/2024\/07\/2.jpeg","type":"image\/jpeg"}],"author":"Algarve 7","twitter_card":"summary_large_image","twitter_creator":"@Algarvesete","twitter_site":"@Algarvesete","twitter_misc":{"Escrito por":"Algarve 7","Tempo estimado de leitura":"4 minutos"},"schema":{"@context":"https:\/\/schema.org","@graph":[{"@type":"Article","@id":"https:\/\/algarve7.pt\/index.php\/2024\/07\/projeto-milage-da-universidade-do-algarve-distingue-alunos-e-atribui-premio-professor-inovador-de-portugal\/educacao\/11\/30\/#article","isPartOf":{"@id":"https:\/\/algarve7.pt\/index.php\/2024\/07\/projeto-milage-da-universidade-do-algarve-distingue-alunos-e-atribui-premio-professor-inovador-de-portugal\/educacao\/11\/30\/"},"author":{"name":"Algarve 7","@id":"https:\/\/algarve7.pt\/#\/schema\/person\/23fa70681308e7b319a3204bcea45e0c"},"headline":"Projeto MILAGE da Universidade do Algarve distingue alunos e atribui pr\u00e9mio Professor Inovador de Portugal","datePublished":"2024-07-14T10:30:00+00:00","mainEntityOfPage":{"@id":"https:\/\/algarve7.pt\/index.php\/2024\/07\/projeto-milage-da-universidade-do-algarve-distingue-alunos-e-atribui-premio-professor-inovador-de-portugal\/educacao\/11\/30\/"},"wordCount":732,"publisher":{"@id":"https:\/\/algarve7.pt\/#organization"},"image":{"@id":"https:\/\/algarve7.pt\/index.php\/2024\/07\/projeto-milage-da-universidade-do-algarve-distingue-alunos-e-atribui-premio-professor-inovador-de-portugal\/educacao\/11\/30\/#primaryimage"},"thumbnailUrl":"https:\/\/algarve7.pt\/wp-content\/uploads\/2024\/07\/2.jpeg","keywords":["Algarve","Educa\u00e7\u00e3o","UALG"],"articleSection":["Educa\u00e7\u00e3o"],"inLanguage":"pt-PT"},{"@type":"WebPage","@id":"https:\/\/algarve7.pt\/index.php\/2024\/07\/projeto-milage-da-universidade-do-algarve-distingue-alunos-e-atribui-premio-professor-inovador-de-portugal\/educacao\/11\/30\/","url":"https:\/\/algarve7.pt\/index.php\/2024\/07\/projeto-milage-da-universidade-do-algarve-distingue-alunos-e-atribui-premio-professor-inovador-de-portugal\/educacao\/11\/30\/","name":"Projeto MILAGE da Universidade do Algarve distingue alunos e atribui pr\u00e9mio Professor Inovador de Portugal - Algarve 7","isPartOf":{"@id":"https:\/\/algarve7.pt\/#website"},"primaryImageOfPage":{"@id":"https:\/\/algarve7.pt\/index.php\/2024\/07\/projeto-milage-da-universidade-do-algarve-distingue-alunos-e-atribui-premio-professor-inovador-de-portugal\/educacao\/11\/30\/#primaryimage"},"image":{"@id":"https:\/\/algarve7.pt\/index.php\/2024\/07\/projeto-milage-da-universidade-do-algarve-distingue-alunos-e-atribui-premio-professor-inovador-de-portugal\/educacao\/11\/30\/#primaryimage"},"thumbnailUrl":"https:\/\/algarve7.pt\/wp-content\/uploads\/2024\/07\/2.jpeg","datePublished":"2024-07-14T10:30:00+00:00","description":"Projeto MILAGE da Universidade do Algarve distingue alunos e atribui pr\u00e9mio Professor Inovador de Portugal Educa\u00e7\u00e3o","breadcrumb":{"@id":"https:\/\/algarve7.pt\/index.php\/2024\/07\/projeto-milage-da-universidade-do-algarve-distingue-alunos-e-atribui-premio-professor-inovador-de-portugal\/educacao\/11\/30\/#breadcrumb"},"inLanguage":"pt-PT","potentialAction":[{"@type":"ReadAction","target":["https:\/\/algarve7.pt\/index.php\/2024\/07\/projeto-milage-da-universidade-do-algarve-distingue-alunos-e-atribui-premio-professor-inovador-de-portugal\/educacao\/11\/30\/"]}]},{"@type":"ImageObject","inLanguage":"pt-PT","@id":"https:\/\/algarve7.pt\/index.php\/2024\/07\/projeto-milage-da-universidade-do-algarve-distingue-alunos-e-atribui-premio-professor-inovador-de-portugal\/educacao\/11\/30\/#primaryimage","url":"https:\/\/algarve7.pt\/wp-content\/uploads\/2024\/07\/2.jpeg","contentUrl":"https:\/\/algarve7.pt\/wp-content\/uploads\/2024\/07\/2.jpeg","width":800,"height":470},{"@type":"BreadcrumbList","@id":"https:\/\/algarve7.pt\/index.php\/2024\/07\/projeto-milage-da-universidade-do-algarve-distingue-alunos-e-atribui-premio-professor-inovador-de-portugal\/educacao\/11\/30\/#breadcrumb","itemListElement":[{"@type":"ListItem","position":1,"name":"In\u00edcio","item":"https:\/\/algarve7.pt\/"},{"@type":"ListItem","position":2,"name":"Projeto MILAGE da Universidade do Algarve distingue alunos e atribui pr\u00e9mio Professor Inovador de Portugal"}]},{"@type":"WebSite","@id":"https:\/\/algarve7.pt\/#website","url":"https:\/\/algarve7.pt\/","name":"Algarve 7","description":"Informa\u00e7\u00e3o sobre o Algarve","publisher":{"@id":"https:\/\/algarve7.pt\/#organization"},"potentialAction":[{"@type":"SearchAction","target":{"@type":"EntryPoint","urlTemplate":"https:\/\/algarve7.pt\/?s={search_term_string}"},"query-input":{"@type":"PropertyValueSpecification","valueRequired":true,"valueName":"search_term_string"}}],"inLanguage":"pt-PT"},{"@type":"Organization","@id":"https:\/\/algarve7.pt\/#organization","name":"Algarve 7","url":"https:\/\/algarve7.pt\/","logo":{"@type":"ImageObject","inLanguage":"pt-PT","@id":"https:\/\/algarve7.pt\/#\/schema\/logo\/image\/","url":"https:\/\/algarve7.pt\/wp-content\/uploads\/2020\/10\/Logo-8.jpg","contentUrl":"https:\/\/algarve7.pt\/wp-content\/uploads\/2020\/10\/Logo-8.jpg","width":1680,"height":1186,"caption":"Algarve 7"},"image":{"@id":"https:\/\/algarve7.pt\/#\/schema\/logo\/image\/"},"sameAs":["https:\/\/www.facebook.com\/algarve7","https:\/\/x.com\/Algarvesete","https:\/\/www.instagram.com\/jornalalgarve7\/","https:\/\/www.linkedin.com\/company\/algarve7","https:\/\/www.pinterest.pt\/geral0939\/_created\/"]},{"@type":"Person","@id":"https:\/\/algarve7.pt\/#\/schema\/person\/23fa70681308e7b319a3204bcea45e0c","name":"Algarve 7","sameAs":["https:\/\/algarve7.pt","https:\/\/www.facebook.com\/algarve7"],"url":"https:\/\/algarve7.pt\/index.php\/author\/geralalgarve7-pt\/"}]}},"jetpack_publicize_connections":[],"jetpack_featured_media_url":"https:\/\/algarve7.pt\/wp-content\/uploads\/2024\/07\/2.jpeg","jetpack_shortlink":"https:\/\/wp.me\/pcezmW-aym","jetpack_sharing_enabled":true,"_links":{"self":[{"href":"https:\/\/algarve7.pt\/index.php\/wp-json\/wp\/v2\/posts\/40570","targetHints":{"allow":["GET"]}}],"collection":[{"href":"https:\/\/algarve7.pt\/index.php\/wp-json\/wp\/v2\/posts"}],"about":[{"href":"https:\/\/algarve7.pt\/index.php\/wp-json\/wp\/v2\/types\/post"}],"author":[{"embeddable":true,"href":"https:\/\/algarve7.pt\/index.php\/wp-json\/wp\/v2\/users\/1"}],"replies":[{"embeddable":true,"href":"https:\/\/algarve7.pt\/index.php\/wp-json\/wp\/v2\/comments?post=40570"}],"version-history":[{"count":0,"href":"https:\/\/algarve7.pt\/index.php\/wp-json\/wp\/v2\/posts\/40570\/revisions"}],"wp:featuredmedia":[{"embeddable":true,"href":"https:\/\/algarve7.pt\/index.php\/wp-json\/wp\/v2\/media\/40571"}],"wp:attachment":[{"href":"https:\/\/algarve7.pt\/index.php\/wp-json\/wp\/v2\/media?parent=40570"}],"wp:term":[{"taxonomy":"category","embeddable":true,"href":"https:\/\/algarve7.pt\/index.php\/wp-json\/wp\/v2\/categories?post=40570"},{"taxonomy":"post_tag","embeddable":true,"href":"https:\/\/algarve7.pt\/index.php\/wp-json\/wp\/v2\/tags?post=40570"}],"curies":[{"name":"wp","href":"https:\/\/api.w.org\/{rel}","templated":true}]}}