{"id":40512,"date":"2024-07-12T11:09:00","date_gmt":"2024-07-12T10:09:00","guid":{"rendered":"https:\/\/algarve7.pt\/?p=40512"},"modified":"2024-07-12T09:10:58","modified_gmt":"2024-07-12T08:10:58","slug":"universidade-senior-encerra-ano-letivo-com-momento-cultural-no-sao-bras-cineteatro-jaime-pinto","status":"publish","type":"post","link":"https:\/\/algarve7.pt\/index.php\/2024\/07\/universidade-senior-encerra-ano-letivo-com-momento-cultural-no-sao-bras-cineteatro-jaime-pinto\/atualidade\/11\/09\/","title":{"rendered":"Universidade S\u00e9nior encerra ano letivo com momento cultural no S\u00e3o Br\u00e1s Cineteatro Jaime Pinto"},"content":{"rendered":"\n<p><strong>A Universidade S\u00e9nior de S\u00e3o Br\u00e1s de Alportel realizou o encerramento de mais um ano letivo, esta segunda-feira, 8 de julho, com um momento cultural que teve lugar no S\u00e3o Br\u00e1s Cineteatro Jaime Pinto. <\/strong><strong><\/strong><\/p>\n\n\n\n<p>Culminou assim, com m\u00fasica, teatro e muito conv\u00edvio, o ano letivo que contou com a participa\u00e7\u00e3o de 218 alunos distribu\u00eddos por 23 disciplinas!<\/p>\n\n\n\n<p>A Universidade S\u00e9nior de S\u00e3o Br\u00e1s de Alportel \u00e9 uma iniciativa coordenada pela Junta de Freguesia com o apoio da C\u00e2mara Municipal de S\u00e3o Br\u00e1s de Alportel, que conta j\u00e1 com 15 anos e exist\u00eancia e com um total de 685 anos inscritos.<\/p>\n\n\n\n<p>Este projeto, iniciado em 2009, destina-se a todos os residentes no munic\u00edpio, com mais de 55 anos, uma resposta socioeducativa, que visa criar e dinamizar, regularmente, em regime informal, atividades culturais, formativas e de conv\u00edvio, num contexto de forma\u00e7\u00e3o ao longo da vida.<\/p>\n\n\n\n<p>A festa de encerramento contou com a participa\u00e7\u00e3o do Grupo de Teatro-Musical Dom Rodrigos, de Quarteira, que apresentou a pe\u00e7a \u201cAinda Contornando Quarteira\u201d; seguindo-se a atua\u00e7\u00e3o do Grupo Vocal de M\u00fasica Popular Portuguesa Cant\u00e0Bras, composto por alunos da Universidade S\u00e9nior e terminando com a apresenta\u00e7\u00e3o da \u201cViagem ao Mundo do Ouro Musical\u201d, do Grupo de Teatro Musical da Universidade S\u00e9nior Canudos com Vida.<\/p>\n\n\n\n<p>Tr\u00eas momentos culturais que fizeram as del\u00edcias da plateia recheada de alunos da Universidade S\u00e9nior, que terminou assim mais um ano desta iniciativa que promete voltar no pr\u00f3ximo ano letivo para continuar a proporcionar a todos oportunidades de aprendizagem e conv\u00edvio, numa partilha de saberes que \u00e9 extraordinariamente importante para promover sa\u00fade e qualidade de vida.<\/p>\n","protected":false},"excerpt":{"rendered":"<p>A Universidade S\u00e9nior de S\u00e3o Br\u00e1s de Alportel realizou o encerramento de mais um ano letivo, esta segunda-feira, 8 de<\/p>\n","protected":false},"author":1,"featured_media":40513,"comment_status":"closed","ping_status":"open","sticky":false,"template":"","format":"standard","meta":{"colormag_page_container_layout":"default_layout","colormag_page_sidebar_layout":"default_layout","_monsterinsights_skip_tracking":false,"_monsterinsights_sitenote_active":false,"_monsterinsights_sitenote_note":"","_monsterinsights_sitenote_category":0,"jetpack_post_was_ever_published":false,"_jetpack_newsletter_access":"","_jetpack_dont_email_post_to_subs":false,"_jetpack_newsletter_tier_id":0,"_jetpack_memberships_contains_paywalled_content":false,"_jetpack_memberships_contains_paid_content":false,"footnotes":"","jetpack_publicize_message":"","jetpack_publicize_feature_enabled":true,"jetpack_social_post_already_shared":false,"jetpack_social_options":{"image_generator_settings":{"template":"highway","default_image_id":0,"font":"","enabled":false},"version":2}},"categories":[11],"tags":[36,62,63],"class_list":["post-40512","post","type-post","status-publish","format-standard","has-post-thumbnail","hentry","category-atualidade","tag-algarve","tag-atualidade","tag-sao-bras-de-alportel"],"yoast_head":"<!-- This site is optimized with the Yoast SEO plugin v27.5 - https:\/\/yoast.com\/product\/yoast-seo-wordpress\/ -->\n<title>Universidade S\u00e9nior encerra ano letivo com momento cultural no S\u00e3o Br\u00e1s Cineteatro Jaime Pinto - Algarve 7<\/title>\n<meta name=\"description\" content=\"Universidade S\u00e9nior encerra ano letivo com momento cultural no S\u00e3o Br\u00e1s Cineteatro Jaime Pinto Atualidade\" \/>\n<meta name=\"robots\" content=\"index, follow, max-snippet:-1, max-image-preview:large, max-video-preview:-1\" \/>\n<link rel=\"canonical\" href=\"https:\/\/algarve7.pt\/index.php\/2024\/07\/universidade-senior-encerra-ano-letivo-com-momento-cultural-no-sao-bras-cineteatro-jaime-pinto\/atualidade\/11\/09\/\" \/>\n<meta property=\"og:locale\" content=\"pt_PT\" \/>\n<meta property=\"og:type\" content=\"article\" \/>\n<meta property=\"og:title\" content=\"Universidade S\u00e9nior encerra ano letivo com momento cultural no S\u00e3o Br\u00e1s Cineteatro Jaime Pinto - Algarve 7\" \/>\n<meta property=\"og:description\" content=\"Universidade S\u00e9nior encerra ano letivo com momento cultural no S\u00e3o Br\u00e1s Cineteatro Jaime Pinto Atualidade\" \/>\n<meta property=\"og:url\" content=\"https:\/\/algarve7.pt\/index.php\/2024\/07\/universidade-senior-encerra-ano-letivo-com-momento-cultural-no-sao-bras-cineteatro-jaime-pinto\/atualidade\/11\/09\/\" \/>\n<meta property=\"og:site_name\" content=\"Algarve 7\" \/>\n<meta property=\"article:publisher\" content=\"https:\/\/www.facebook.com\/algarve7\" \/>\n<meta property=\"article:author\" content=\"https:\/\/www.facebook.com\/algarve7\" \/>\n<meta property=\"article:published_time\" content=\"2024-07-12T10:09:00+00:00\" \/>\n<meta property=\"og:image\" content=\"https:\/\/algarve7.pt\/wp-content\/uploads\/2024\/07\/encerramento_univ_senior_2023_24-1.jpg\" \/>\n\t<meta property=\"og:image:width\" content=\"800\" \/>\n\t<meta property=\"og:image:height\" content=\"470\" \/>\n\t<meta property=\"og:image:type\" content=\"image\/jpeg\" \/>\n<meta name=\"author\" content=\"Algarve 7\" \/>\n<meta name=\"twitter:card\" content=\"summary_large_image\" \/>\n<meta name=\"twitter:creator\" content=\"@Algarvesete\" \/>\n<meta name=\"twitter:site\" content=\"@Algarvesete\" \/>\n<meta name=\"twitter:label1\" content=\"Escrito por\" \/>\n\t<meta name=\"twitter:data1\" content=\"Algarve 7\" \/>\n\t<meta name=\"twitter:label2\" content=\"Tempo estimado de leitura\" \/>\n\t<meta name=\"twitter:data2\" content=\"2 minutos\" \/>\n<script type=\"application\/ld+json\" class=\"yoast-schema-graph\">{\"@context\":\"https:\\\/\\\/schema.org\",\"@graph\":[{\"@type\":\"Article\",\"@id\":\"https:\\\/\\\/algarve7.pt\\\/index.php\\\/2024\\\/07\\\/universidade-senior-encerra-ano-letivo-com-momento-cultural-no-sao-bras-cineteatro-jaime-pinto\\\/atualidade\\\/11\\\/09\\\/#article\",\"isPartOf\":{\"@id\":\"https:\\\/\\\/algarve7.pt\\\/index.php\\\/2024\\\/07\\\/universidade-senior-encerra-ano-letivo-com-momento-cultural-no-sao-bras-cineteatro-jaime-pinto\\\/atualidade\\\/11\\\/09\\\/\"},\"author\":{\"name\":\"Algarve 7\",\"@id\":\"https:\\\/\\\/algarve7.pt\\\/#\\\/schema\\\/person\\\/23fa70681308e7b319a3204bcea45e0c\"},\"headline\":\"Universidade S\u00e9nior encerra ano letivo com momento cultural no S\u00e3o Br\u00e1s Cineteatro Jaime Pinto\",\"datePublished\":\"2024-07-12T10:09:00+00:00\",\"mainEntityOfPage\":{\"@id\":\"https:\\\/\\\/algarve7.pt\\\/index.php\\\/2024\\\/07\\\/universidade-senior-encerra-ano-letivo-com-momento-cultural-no-sao-bras-cineteatro-jaime-pinto\\\/atualidade\\\/11\\\/09\\\/\"},\"wordCount\":303,\"publisher\":{\"@id\":\"https:\\\/\\\/algarve7.pt\\\/#organization\"},\"image\":{\"@id\":\"https:\\\/\\\/algarve7.pt\\\/index.php\\\/2024\\\/07\\\/universidade-senior-encerra-ano-letivo-com-momento-cultural-no-sao-bras-cineteatro-jaime-pinto\\\/atualidade\\\/11\\\/09\\\/#primaryimage\"},\"thumbnailUrl\":\"https:\\\/\\\/algarve7.pt\\\/wp-content\\\/uploads\\\/2024\\\/07\\\/encerramento_univ_senior_2023_24-1.jpg\",\"keywords\":[\"Algarve\",\"Atualidade\",\"S\u00e3o Br\u00e1s de Alportel\"],\"articleSection\":[\"Atualidade\"],\"inLanguage\":\"pt-PT\"},{\"@type\":\"WebPage\",\"@id\":\"https:\\\/\\\/algarve7.pt\\\/index.php\\\/2024\\\/07\\\/universidade-senior-encerra-ano-letivo-com-momento-cultural-no-sao-bras-cineteatro-jaime-pinto\\\/atualidade\\\/11\\\/09\\\/\",\"url\":\"https:\\\/\\\/algarve7.pt\\\/index.php\\\/2024\\\/07\\\/universidade-senior-encerra-ano-letivo-com-momento-cultural-no-sao-bras-cineteatro-jaime-pinto\\\/atualidade\\\/11\\\/09\\\/\",\"name\":\"Universidade S\u00e9nior encerra ano letivo com momento cultural no S\u00e3o Br\u00e1s Cineteatro Jaime Pinto - Algarve 7\",\"isPartOf\":{\"@id\":\"https:\\\/\\\/algarve7.pt\\\/#website\"},\"primaryImageOfPage\":{\"@id\":\"https:\\\/\\\/algarve7.pt\\\/index.php\\\/2024\\\/07\\\/universidade-senior-encerra-ano-letivo-com-momento-cultural-no-sao-bras-cineteatro-jaime-pinto\\\/atualidade\\\/11\\\/09\\\/#primaryimage\"},\"image\":{\"@id\":\"https:\\\/\\\/algarve7.pt\\\/index.php\\\/2024\\\/07\\\/universidade-senior-encerra-ano-letivo-com-momento-cultural-no-sao-bras-cineteatro-jaime-pinto\\\/atualidade\\\/11\\\/09\\\/#primaryimage\"},\"thumbnailUrl\":\"https:\\\/\\\/algarve7.pt\\\/wp-content\\\/uploads\\\/2024\\\/07\\\/encerramento_univ_senior_2023_24-1.jpg\",\"datePublished\":\"2024-07-12T10:09:00+00:00\",\"description\":\"Universidade S\u00e9nior encerra ano letivo com momento cultural no S\u00e3o Br\u00e1s Cineteatro Jaime Pinto Atualidade\",\"breadcrumb\":{\"@id\":\"https:\\\/\\\/algarve7.pt\\\/index.php\\\/2024\\\/07\\\/universidade-senior-encerra-ano-letivo-com-momento-cultural-no-sao-bras-cineteatro-jaime-pinto\\\/atualidade\\\/11\\\/09\\\/#breadcrumb\"},\"inLanguage\":\"pt-PT\",\"potentialAction\":[{\"@type\":\"ReadAction\",\"target\":[\"https:\\\/\\\/algarve7.pt\\\/index.php\\\/2024\\\/07\\\/universidade-senior-encerra-ano-letivo-com-momento-cultural-no-sao-bras-cineteatro-jaime-pinto\\\/atualidade\\\/11\\\/09\\\/\"]}]},{\"@type\":\"ImageObject\",\"inLanguage\":\"pt-PT\",\"@id\":\"https:\\\/\\\/algarve7.pt\\\/index.php\\\/2024\\\/07\\\/universidade-senior-encerra-ano-letivo-com-momento-cultural-no-sao-bras-cineteatro-jaime-pinto\\\/atualidade\\\/11\\\/09\\\/#primaryimage\",\"url\":\"https:\\\/\\\/algarve7.pt\\\/wp-content\\\/uploads\\\/2024\\\/07\\\/encerramento_univ_senior_2023_24-1.jpg\",\"contentUrl\":\"https:\\\/\\\/algarve7.pt\\\/wp-content\\\/uploads\\\/2024\\\/07\\\/encerramento_univ_senior_2023_24-1.jpg\",\"width\":800,\"height\":470},{\"@type\":\"BreadcrumbList\",\"@id\":\"https:\\\/\\\/algarve7.pt\\\/index.php\\\/2024\\\/07\\\/universidade-senior-encerra-ano-letivo-com-momento-cultural-no-sao-bras-cineteatro-jaime-pinto\\\/atualidade\\\/11\\\/09\\\/#breadcrumb\",\"itemListElement\":[{\"@type\":\"ListItem\",\"position\":1,\"name\":\"In\u00edcio\",\"item\":\"https:\\\/\\\/algarve7.pt\\\/\"},{\"@type\":\"ListItem\",\"position\":2,\"name\":\"Universidade S\u00e9nior encerra ano letivo com momento cultural no S\u00e3o Br\u00e1s Cineteatro Jaime Pinto\"}]},{\"@type\":\"WebSite\",\"@id\":\"https:\\\/\\\/algarve7.pt\\\/#website\",\"url\":\"https:\\\/\\\/algarve7.pt\\\/\",\"name\":\"Algarve 7\",\"description\":\"Informa\u00e7\u00e3o sobre o Algarve\",\"publisher\":{\"@id\":\"https:\\\/\\\/algarve7.pt\\\/#organization\"},\"potentialAction\":[{\"@type\":\"SearchAction\",\"target\":{\"@type\":\"EntryPoint\",\"urlTemplate\":\"https:\\\/\\\/algarve7.pt\\\/?s={search_term_string}\"},\"query-input\":{\"@type\":\"PropertyValueSpecification\",\"valueRequired\":true,\"valueName\":\"search_term_string\"}}],\"inLanguage\":\"pt-PT\"},{\"@type\":\"Organization\",\"@id\":\"https:\\\/\\\/algarve7.pt\\\/#organization\",\"name\":\"Algarve 7\",\"url\":\"https:\\\/\\\/algarve7.pt\\\/\",\"logo\":{\"@type\":\"ImageObject\",\"inLanguage\":\"pt-PT\",\"@id\":\"https:\\\/\\\/algarve7.pt\\\/#\\\/schema\\\/logo\\\/image\\\/\",\"url\":\"https:\\\/\\\/algarve7.pt\\\/wp-content\\\/uploads\\\/2020\\\/10\\\/Logo-8.jpg\",\"contentUrl\":\"https:\\\/\\\/algarve7.pt\\\/wp-content\\\/uploads\\\/2020\\\/10\\\/Logo-8.jpg\",\"width\":1680,\"height\":1186,\"caption\":\"Algarve 7\"},\"image\":{\"@id\":\"https:\\\/\\\/algarve7.pt\\\/#\\\/schema\\\/logo\\\/image\\\/\"},\"sameAs\":[\"https:\\\/\\\/www.facebook.com\\\/algarve7\",\"https:\\\/\\\/x.com\\\/Algarvesete\",\"https:\\\/\\\/www.instagram.com\\\/jornalalgarve7\\\/\",\"https:\\\/\\\/www.linkedin.com\\\/company\\\/algarve7\",\"https:\\\/\\\/www.pinterest.pt\\\/geral0939\\\/_created\\\/\"]},{\"@type\":\"Person\",\"@id\":\"https:\\\/\\\/algarve7.pt\\\/#\\\/schema\\\/person\\\/23fa70681308e7b319a3204bcea45e0c\",\"name\":\"Algarve 7\",\"sameAs\":[\"https:\\\/\\\/algarve7.pt\",\"https:\\\/\\\/www.facebook.com\\\/algarve7\"],\"url\":\"https:\\\/\\\/algarve7.pt\\\/index.php\\\/author\\\/geralalgarve7-pt\\\/\"}]}<\/script>\n<!-- \/ Yoast SEO plugin. -->","yoast_head_json":{"title":"Universidade S\u00e9nior encerra ano letivo com momento cultural no S\u00e3o Br\u00e1s Cineteatro Jaime Pinto - Algarve 7","description":"Universidade S\u00e9nior encerra ano letivo com momento cultural no S\u00e3o Br\u00e1s Cineteatro Jaime Pinto Atualidade","robots":{"index":"index","follow":"follow","max-snippet":"max-snippet:-1","max-image-preview":"max-image-preview:large","max-video-preview":"max-video-preview:-1"},"canonical":"https:\/\/algarve7.pt\/index.php\/2024\/07\/universidade-senior-encerra-ano-letivo-com-momento-cultural-no-sao-bras-cineteatro-jaime-pinto\/atualidade\/11\/09\/","og_locale":"pt_PT","og_type":"article","og_title":"Universidade S\u00e9nior encerra ano letivo com momento cultural no S\u00e3o Br\u00e1s Cineteatro Jaime Pinto - Algarve 7","og_description":"Universidade S\u00e9nior encerra ano letivo com momento cultural no S\u00e3o Br\u00e1s Cineteatro Jaime Pinto Atualidade","og_url":"https:\/\/algarve7.pt\/index.php\/2024\/07\/universidade-senior-encerra-ano-letivo-com-momento-cultural-no-sao-bras-cineteatro-jaime-pinto\/atualidade\/11\/09\/","og_site_name":"Algarve 7","article_publisher":"https:\/\/www.facebook.com\/algarve7","article_author":"https:\/\/www.facebook.com\/algarve7","article_published_time":"2024-07-12T10:09:00+00:00","og_image":[{"width":800,"height":470,"url":"https:\/\/algarve7.pt\/wp-content\/uploads\/2024\/07\/encerramento_univ_senior_2023_24-1.jpg","type":"image\/jpeg"}],"author":"Algarve 7","twitter_card":"summary_large_image","twitter_creator":"@Algarvesete","twitter_site":"@Algarvesete","twitter_misc":{"Escrito por":"Algarve 7","Tempo estimado de leitura":"2 minutos"},"schema":{"@context":"https:\/\/schema.org","@graph":[{"@type":"Article","@id":"https:\/\/algarve7.pt\/index.php\/2024\/07\/universidade-senior-encerra-ano-letivo-com-momento-cultural-no-sao-bras-cineteatro-jaime-pinto\/atualidade\/11\/09\/#article","isPartOf":{"@id":"https:\/\/algarve7.pt\/index.php\/2024\/07\/universidade-senior-encerra-ano-letivo-com-momento-cultural-no-sao-bras-cineteatro-jaime-pinto\/atualidade\/11\/09\/"},"author":{"name":"Algarve 7","@id":"https:\/\/algarve7.pt\/#\/schema\/person\/23fa70681308e7b319a3204bcea45e0c"},"headline":"Universidade S\u00e9nior encerra ano letivo com momento cultural no S\u00e3o Br\u00e1s Cineteatro Jaime Pinto","datePublished":"2024-07-12T10:09:00+00:00","mainEntityOfPage":{"@id":"https:\/\/algarve7.pt\/index.php\/2024\/07\/universidade-senior-encerra-ano-letivo-com-momento-cultural-no-sao-bras-cineteatro-jaime-pinto\/atualidade\/11\/09\/"},"wordCount":303,"publisher":{"@id":"https:\/\/algarve7.pt\/#organization"},"image":{"@id":"https:\/\/algarve7.pt\/index.php\/2024\/07\/universidade-senior-encerra-ano-letivo-com-momento-cultural-no-sao-bras-cineteatro-jaime-pinto\/atualidade\/11\/09\/#primaryimage"},"thumbnailUrl":"https:\/\/algarve7.pt\/wp-content\/uploads\/2024\/07\/encerramento_univ_senior_2023_24-1.jpg","keywords":["Algarve","Atualidade","S\u00e3o Br\u00e1s de Alportel"],"articleSection":["Atualidade"],"inLanguage":"pt-PT"},{"@type":"WebPage","@id":"https:\/\/algarve7.pt\/index.php\/2024\/07\/universidade-senior-encerra-ano-letivo-com-momento-cultural-no-sao-bras-cineteatro-jaime-pinto\/atualidade\/11\/09\/","url":"https:\/\/algarve7.pt\/index.php\/2024\/07\/universidade-senior-encerra-ano-letivo-com-momento-cultural-no-sao-bras-cineteatro-jaime-pinto\/atualidade\/11\/09\/","name":"Universidade S\u00e9nior encerra ano letivo com momento cultural no S\u00e3o Br\u00e1s Cineteatro Jaime Pinto - Algarve 7","isPartOf":{"@id":"https:\/\/algarve7.pt\/#website"},"primaryImageOfPage":{"@id":"https:\/\/algarve7.pt\/index.php\/2024\/07\/universidade-senior-encerra-ano-letivo-com-momento-cultural-no-sao-bras-cineteatro-jaime-pinto\/atualidade\/11\/09\/#primaryimage"},"image":{"@id":"https:\/\/algarve7.pt\/index.php\/2024\/07\/universidade-senior-encerra-ano-letivo-com-momento-cultural-no-sao-bras-cineteatro-jaime-pinto\/atualidade\/11\/09\/#primaryimage"},"thumbnailUrl":"https:\/\/algarve7.pt\/wp-content\/uploads\/2024\/07\/encerramento_univ_senior_2023_24-1.jpg","datePublished":"2024-07-12T10:09:00+00:00","description":"Universidade S\u00e9nior encerra ano letivo com momento cultural no S\u00e3o Br\u00e1s Cineteatro Jaime Pinto Atualidade","breadcrumb":{"@id":"https:\/\/algarve7.pt\/index.php\/2024\/07\/universidade-senior-encerra-ano-letivo-com-momento-cultural-no-sao-bras-cineteatro-jaime-pinto\/atualidade\/11\/09\/#breadcrumb"},"inLanguage":"pt-PT","potentialAction":[{"@type":"ReadAction","target":["https:\/\/algarve7.pt\/index.php\/2024\/07\/universidade-senior-encerra-ano-letivo-com-momento-cultural-no-sao-bras-cineteatro-jaime-pinto\/atualidade\/11\/09\/"]}]},{"@type":"ImageObject","inLanguage":"pt-PT","@id":"https:\/\/algarve7.pt\/index.php\/2024\/07\/universidade-senior-encerra-ano-letivo-com-momento-cultural-no-sao-bras-cineteatro-jaime-pinto\/atualidade\/11\/09\/#primaryimage","url":"https:\/\/algarve7.pt\/wp-content\/uploads\/2024\/07\/encerramento_univ_senior_2023_24-1.jpg","contentUrl":"https:\/\/algarve7.pt\/wp-content\/uploads\/2024\/07\/encerramento_univ_senior_2023_24-1.jpg","width":800,"height":470},{"@type":"BreadcrumbList","@id":"https:\/\/algarve7.pt\/index.php\/2024\/07\/universidade-senior-encerra-ano-letivo-com-momento-cultural-no-sao-bras-cineteatro-jaime-pinto\/atualidade\/11\/09\/#breadcrumb","itemListElement":[{"@type":"ListItem","position":1,"name":"In\u00edcio","item":"https:\/\/algarve7.pt\/"},{"@type":"ListItem","position":2,"name":"Universidade S\u00e9nior encerra ano letivo com momento cultural no S\u00e3o Br\u00e1s Cineteatro Jaime Pinto"}]},{"@type":"WebSite","@id":"https:\/\/algarve7.pt\/#website","url":"https:\/\/algarve7.pt\/","name":"Algarve 7","description":"Informa\u00e7\u00e3o sobre o Algarve","publisher":{"@id":"https:\/\/algarve7.pt\/#organization"},"potentialAction":[{"@type":"SearchAction","target":{"@type":"EntryPoint","urlTemplate":"https:\/\/algarve7.pt\/?s={search_term_string}"},"query-input":{"@type":"PropertyValueSpecification","valueRequired":true,"valueName":"search_term_string"}}],"inLanguage":"pt-PT"},{"@type":"Organization","@id":"https:\/\/algarve7.pt\/#organization","name":"Algarve 7","url":"https:\/\/algarve7.pt\/","logo":{"@type":"ImageObject","inLanguage":"pt-PT","@id":"https:\/\/algarve7.pt\/#\/schema\/logo\/image\/","url":"https:\/\/algarve7.pt\/wp-content\/uploads\/2020\/10\/Logo-8.jpg","contentUrl":"https:\/\/algarve7.pt\/wp-content\/uploads\/2020\/10\/Logo-8.jpg","width":1680,"height":1186,"caption":"Algarve 7"},"image":{"@id":"https:\/\/algarve7.pt\/#\/schema\/logo\/image\/"},"sameAs":["https:\/\/www.facebook.com\/algarve7","https:\/\/x.com\/Algarvesete","https:\/\/www.instagram.com\/jornalalgarve7\/","https:\/\/www.linkedin.com\/company\/algarve7","https:\/\/www.pinterest.pt\/geral0939\/_created\/"]},{"@type":"Person","@id":"https:\/\/algarve7.pt\/#\/schema\/person\/23fa70681308e7b319a3204bcea45e0c","name":"Algarve 7","sameAs":["https:\/\/algarve7.pt","https:\/\/www.facebook.com\/algarve7"],"url":"https:\/\/algarve7.pt\/index.php\/author\/geralalgarve7-pt\/"}]}},"jetpack_publicize_connections":[],"jetpack_featured_media_url":"https:\/\/algarve7.pt\/wp-content\/uploads\/2024\/07\/encerramento_univ_senior_2023_24-1.jpg","jetpack_shortlink":"https:\/\/wp.me\/pcezmW-axq","jetpack_sharing_enabled":true,"_links":{"self":[{"href":"https:\/\/algarve7.pt\/index.php\/wp-json\/wp\/v2\/posts\/40512","targetHints":{"allow":["GET"]}}],"collection":[{"href":"https:\/\/algarve7.pt\/index.php\/wp-json\/wp\/v2\/posts"}],"about":[{"href":"https:\/\/algarve7.pt\/index.php\/wp-json\/wp\/v2\/types\/post"}],"author":[{"embeddable":true,"href":"https:\/\/algarve7.pt\/index.php\/wp-json\/wp\/v2\/users\/1"}],"replies":[{"embeddable":true,"href":"https:\/\/algarve7.pt\/index.php\/wp-json\/wp\/v2\/comments?post=40512"}],"version-history":[{"count":0,"href":"https:\/\/algarve7.pt\/index.php\/wp-json\/wp\/v2\/posts\/40512\/revisions"}],"wp:featuredmedia":[{"embeddable":true,"href":"https:\/\/algarve7.pt\/index.php\/wp-json\/wp\/v2\/media\/40513"}],"wp:attachment":[{"href":"https:\/\/algarve7.pt\/index.php\/wp-json\/wp\/v2\/media?parent=40512"}],"wp:term":[{"taxonomy":"category","embeddable":true,"href":"https:\/\/algarve7.pt\/index.php\/wp-json\/wp\/v2\/categories?post=40512"},{"taxonomy":"post_tag","embeddable":true,"href":"https:\/\/algarve7.pt\/index.php\/wp-json\/wp\/v2\/tags?post=40512"}],"curies":[{"name":"wp","href":"https:\/\/api.w.org\/{rel}","templated":true}]}}