{"id":40369,"date":"2024-07-08T09:53:04","date_gmt":"2024-07-08T08:53:04","guid":{"rendered":"https:\/\/algarve7.pt\/?p=40369"},"modified":"2024-07-08T09:53:06","modified_gmt":"2024-07-08T08:53:06","slug":"amal-abre-4o-aviso-para-apoiar-investimentos-destinados-a-reducao-de-perdas-de-agua","status":"publish","type":"post","link":"https:\/\/algarve7.pt\/index.php\/2024\/07\/amal-abre-4o-aviso-para-apoiar-investimentos-destinados-a-reducao-de-perdas-de-agua\/ambiente\/09\/53\/","title":{"rendered":"AMAL abre 4\u00ba Aviso para apoiar investimentos destinados \u00e0 redu\u00e7\u00e3o de perdas de \u00e1gua"},"content":{"rendered":"\n<p><strong>Enquadrado no Programa de Recupera\u00e7\u00e3o e Resili\u00eancia (PRR),&nbsp;<\/strong><strong>a AMAL &#8211; Comunidade Intermunicipal do Algarve acaba de lan\u00e7ar o 4\u00ba Aviso, no valor de 6,6 milh\u00f5es de euros, para apoio a projetos que promovam a gest\u00e3o eficiente dos sistemas de abastecimento de \u00e1gua da regi\u00e3o.&nbsp;<\/strong><strong>As candidaturas podem ser apresentadas at\u00e9 dia 30 de setembro.<\/strong><strong><\/strong><\/p>\n\n\n\n<p>Este Aviso tem como&nbsp;<strong>principais benefici\u00e1rias<\/strong>&nbsp;as entidades gestoras das redes de abastecimento de \u00e1gua em baixa, sendo eleg\u00edveis as opera\u00e7\u00f5es que visem a redu\u00e7\u00e3o de perdas reais nos sistemas de distribui\u00e7\u00e3o de \u00e1gua em baixa do Algarve, designadamente a reabilita\u00e7\u00e3o de infraestruturas degradadas ou inadequadas para uma boa gest\u00e3o de perdas reais, a gest\u00e3o de press\u00f5es e a dete\u00e7\u00e3o de fugas em componentes da infraestrutura mais problem\u00e1ticos em perdas reais.<\/p>\n\n\n\n<p>O prazo para a apresenta\u00e7\u00e3o de candidaturas decorre&nbsp;<strong>at\u00e9 ao dia 30 de setembro<\/strong>, podendo o Aviso ser consultado em:&nbsp;<br><a href=\"https:\/\/recuperarportugal.gov.pt\/candidatura\/08-sm1-reduzir-perdas-de-agua-no-sector-urbano-aviso-n-o-08-c09-i01-01-2023-2\/\" target=\"_blank\" rel=\"noreferrer noopener\">https:\/\/recuperarportugal.gov.pt\/candidatura\/08-sm1-reduzir-perdas-de-agua-no-sector-urbano-aviso-n-o-08-c09-i01-01-2023-2\/<\/a><\/p>\n\n\n\n<p>Este 4\u00ba Aviso surge no \u00e2mbito da&nbsp;<strong>\u201cMedida SM1 \u2013 Reduzir Perdas de \u00c1gua no Setor Urbano\u201d<\/strong>, que \u00e9 gerida pela AMAL e&nbsp;<strong>j\u00e1 permitiu a aprova\u00e7\u00e3o de 53 candidaturas,&nbsp;<\/strong>a<strong>&nbsp;<\/strong>que correspondem 42,10 milh\u00f5es de euros e 157 empreitadas e aquisi\u00e7\u00e3o de servi\u00e7os. Na grande maioria dos casos, as obras est\u00e3o a decorrer.<\/p>\n\n\n\n<p><strong>A Medida SM1<\/strong>&nbsp;<strong>integra tr\u00eas vertentes<\/strong>: Requalifica\u00e7\u00e3o das redes de abastecimento de \u00e1gua; Instala\u00e7\u00e3o de zonas de medi\u00e7\u00e3o; Controlo e cria\u00e7\u00e3o de zonas de press\u00e3o controlada. No final da sua execu\u00e7\u00e3o, at\u00e9 mar\u00e7o de 2026, prev\u00ea-se que estejam reabilitados 125 km de rede de abastecimento de \u00e1gua em baixa e que se contribua para uma redu\u00e7\u00e3o de 2hm3 na procura de \u00e1gua nos sistemas naturais.<\/p>\n\n\n\n<p><em><u>Informa\u00e7\u00e3o Complementar:<\/u><\/em><\/p>\n\n\n\n<p>Esta medida integra o&nbsp;<strong>Plano de Efici\u00eancia H\u00eddrica no Algarve<\/strong>, que est\u00e1 enquadrado no PRR, \u00e9 coordenado pela Ag\u00eancia Portuguesa do Ambiente, atrav\u00e9s da Administra\u00e7\u00e3o da Regi\u00e3o Hidrogr\u00e1fica do Algarve, e \u00e9 composto por seis medidas:<\/p>\n\n\n\n<p>\u00b7&nbsp;&nbsp;&nbsp;SM1 \u2013 Reduzir perdas de \u00e1gua no sector urbano (da responsabilidade da AMAL)<\/p>\n\n\n\n<p>\u00b7&nbsp;&nbsp;&nbsp;SM2 \u2013 Reduzir perdas de \u00e1gua e aumentar a efici\u00eancia no sector agr\u00edcola (da responsabilidade da DGADR\/Fundo Ambiental)<\/p>\n\n\n\n<p>\u00b7&nbsp;&nbsp;&nbsp;SM3 \u2013 Refor\u00e7ar a governan\u00e7a dos recursos h\u00eddricos (da responsabilidade da APA \u2013 ARH Algarve)<\/p>\n\n\n\n<p>\u00b7&nbsp;&nbsp;&nbsp;SM4 \u2013 Promover a utiliza\u00e7\u00e3o de \u00c1gua Residual Tratada (da responsabilidade da \u00c1guas do Algarve)<\/p>\n\n\n\n<p>\u00b7&nbsp;&nbsp;&nbsp;SM5 \u2013 Aumentar a capacidade dispon\u00edvel e resili\u00eancia das albufeiras\/sistemas de adu\u00e7\u00e3o em alta existentes e refor\u00e7ar com novas origens de \u00e1gua (da responsabilidade da \u00c1guas do Algarve)<\/p>\n\n\n\n<p>\u00b7&nbsp; &nbsp;SM6 \u2013 Promover a dessaliniza\u00e7\u00e3o de \u00e1gua do mar (da responsabilidade da \u00c1guas do Algarve)<\/p>\n","protected":false},"excerpt":{"rendered":"<p>Enquadrado no Programa de Recupera\u00e7\u00e3o e Resili\u00eancia (PRR),&nbsp;a AMAL &#8211; Comunidade Intermunicipal do Algarve acaba de lan\u00e7ar o 4\u00ba Aviso,<\/p>\n","protected":false},"author":1,"featured_media":26481,"comment_status":"closed","ping_status":"open","sticky":false,"template":"","format":"standard","meta":{"colormag_page_container_layout":"default_layout","colormag_page_sidebar_layout":"default_layout","_monsterinsights_skip_tracking":false,"_monsterinsights_sitenote_active":false,"_monsterinsights_sitenote_note":"","_monsterinsights_sitenote_category":0,"jetpack_post_was_ever_published":false,"_jetpack_newsletter_access":"","_jetpack_dont_email_post_to_subs":false,"_jetpack_newsletter_tier_id":0,"_jetpack_memberships_contains_paywalled_content":false,"_jetpack_memberships_contains_paid_content":false,"footnotes":"","jetpack_publicize_message":"","jetpack_publicize_feature_enabled":true,"jetpack_social_post_already_shared":false,"jetpack_social_options":{"image_generator_settings":{"template":"highway","default_image_id":0,"font":"","enabled":false},"version":2}},"categories":[5],"tags":[36,207,32],"class_list":["post-40369","post","type-post","status-publish","format-standard","has-post-thumbnail","hentry","category-ambiente","tag-algarve","tag-amal","tag-ambiente"],"yoast_head":"<!-- This site is optimized with the Yoast SEO plugin v27.5 - https:\/\/yoast.com\/product\/yoast-seo-wordpress\/ -->\n<title>AMAL abre 4\u00ba Aviso para apoiar investimentos destinados \u00e0 redu\u00e7\u00e3o de perdas de \u00e1gua - Algarve 7<\/title>\n<meta name=\"description\" content=\"AMAL abre 4\u00ba Aviso para apoiar investimentos destinados \u00e0 redu\u00e7\u00e3o de perdas de \u00e1gua Ambiente\" \/>\n<meta name=\"robots\" content=\"index, follow, max-snippet:-1, max-image-preview:large, max-video-preview:-1\" \/>\n<link rel=\"canonical\" href=\"https:\/\/algarve7.pt\/index.php\/2024\/07\/amal-abre-4o-aviso-para-apoiar-investimentos-destinados-a-reducao-de-perdas-de-agua\/ambiente\/09\/53\/\" \/>\n<meta property=\"og:locale\" content=\"pt_PT\" \/>\n<meta property=\"og:type\" content=\"article\" \/>\n<meta property=\"og:title\" content=\"AMAL abre 4\u00ba Aviso para apoiar investimentos destinados \u00e0 redu\u00e7\u00e3o de perdas de \u00e1gua - Algarve 7\" \/>\n<meta property=\"og:description\" content=\"AMAL abre 4\u00ba Aviso para apoiar investimentos destinados \u00e0 redu\u00e7\u00e3o de perdas de \u00e1gua Ambiente\" \/>\n<meta property=\"og:url\" content=\"https:\/\/algarve7.pt\/index.php\/2024\/07\/amal-abre-4o-aviso-para-apoiar-investimentos-destinados-a-reducao-de-perdas-de-agua\/ambiente\/09\/53\/\" \/>\n<meta property=\"og:site_name\" content=\"Algarve 7\" \/>\n<meta property=\"article:publisher\" content=\"https:\/\/www.facebook.com\/algarve7\" \/>\n<meta property=\"article:author\" content=\"https:\/\/www.facebook.com\/algarve7\" \/>\n<meta property=\"article:published_time\" content=\"2024-07-08T08:53:04+00:00\" \/>\n<meta property=\"article:modified_time\" content=\"2024-07-08T08:53:06+00:00\" \/>\n<meta property=\"og:image\" content=\"https:\/\/algarve7.pt\/wp-content\/uploads\/2023\/03\/agua.jpg\" \/>\n\t<meta property=\"og:image:width\" content=\"949\" \/>\n\t<meta property=\"og:image:height\" content=\"634\" \/>\n\t<meta property=\"og:image:type\" content=\"image\/jpeg\" \/>\n<meta name=\"author\" content=\"Algarve 7\" \/>\n<meta name=\"twitter:card\" content=\"summary_large_image\" \/>\n<meta name=\"twitter:creator\" content=\"@Algarvesete\" \/>\n<meta name=\"twitter:site\" content=\"@Algarvesete\" \/>\n<meta name=\"twitter:label1\" content=\"Escrito por\" \/>\n\t<meta name=\"twitter:data1\" content=\"Algarve 7\" \/>\n\t<meta name=\"twitter:label2\" content=\"Tempo estimado de leitura\" \/>\n\t<meta name=\"twitter:data2\" content=\"3 minutos\" \/>\n<script type=\"application\/ld+json\" class=\"yoast-schema-graph\">{\"@context\":\"https:\\\/\\\/schema.org\",\"@graph\":[{\"@type\":\"Article\",\"@id\":\"https:\\\/\\\/algarve7.pt\\\/index.php\\\/2024\\\/07\\\/amal-abre-4o-aviso-para-apoiar-investimentos-destinados-a-reducao-de-perdas-de-agua\\\/ambiente\\\/09\\\/53\\\/#article\",\"isPartOf\":{\"@id\":\"https:\\\/\\\/algarve7.pt\\\/index.php\\\/2024\\\/07\\\/amal-abre-4o-aviso-para-apoiar-investimentos-destinados-a-reducao-de-perdas-de-agua\\\/ambiente\\\/09\\\/53\\\/\"},\"author\":{\"name\":\"Algarve 7\",\"@id\":\"https:\\\/\\\/algarve7.pt\\\/#\\\/schema\\\/person\\\/23fa70681308e7b319a3204bcea45e0c\"},\"headline\":\"AMAL abre 4\u00ba Aviso para apoiar investimentos destinados \u00e0 redu\u00e7\u00e3o de perdas de \u00e1gua\",\"datePublished\":\"2024-07-08T08:53:04+00:00\",\"dateModified\":\"2024-07-08T08:53:06+00:00\",\"mainEntityOfPage\":{\"@id\":\"https:\\\/\\\/algarve7.pt\\\/index.php\\\/2024\\\/07\\\/amal-abre-4o-aviso-para-apoiar-investimentos-destinados-a-reducao-de-perdas-de-agua\\\/ambiente\\\/09\\\/53\\\/\"},\"wordCount\":494,\"publisher\":{\"@id\":\"https:\\\/\\\/algarve7.pt\\\/#organization\"},\"image\":{\"@id\":\"https:\\\/\\\/algarve7.pt\\\/index.php\\\/2024\\\/07\\\/amal-abre-4o-aviso-para-apoiar-investimentos-destinados-a-reducao-de-perdas-de-agua\\\/ambiente\\\/09\\\/53\\\/#primaryimage\"},\"thumbnailUrl\":\"https:\\\/\\\/algarve7.pt\\\/wp-content\\\/uploads\\\/2023\\\/03\\\/agua.jpg\",\"keywords\":[\"Algarve\",\"Amal\",\"Ambiente\"],\"articleSection\":[\"Ambiente\"],\"inLanguage\":\"pt-PT\"},{\"@type\":\"WebPage\",\"@id\":\"https:\\\/\\\/algarve7.pt\\\/index.php\\\/2024\\\/07\\\/amal-abre-4o-aviso-para-apoiar-investimentos-destinados-a-reducao-de-perdas-de-agua\\\/ambiente\\\/09\\\/53\\\/\",\"url\":\"https:\\\/\\\/algarve7.pt\\\/index.php\\\/2024\\\/07\\\/amal-abre-4o-aviso-para-apoiar-investimentos-destinados-a-reducao-de-perdas-de-agua\\\/ambiente\\\/09\\\/53\\\/\",\"name\":\"AMAL abre 4\u00ba Aviso para apoiar investimentos destinados \u00e0 redu\u00e7\u00e3o de perdas de \u00e1gua - Algarve 7\",\"isPartOf\":{\"@id\":\"https:\\\/\\\/algarve7.pt\\\/#website\"},\"primaryImageOfPage\":{\"@id\":\"https:\\\/\\\/algarve7.pt\\\/index.php\\\/2024\\\/07\\\/amal-abre-4o-aviso-para-apoiar-investimentos-destinados-a-reducao-de-perdas-de-agua\\\/ambiente\\\/09\\\/53\\\/#primaryimage\"},\"image\":{\"@id\":\"https:\\\/\\\/algarve7.pt\\\/index.php\\\/2024\\\/07\\\/amal-abre-4o-aviso-para-apoiar-investimentos-destinados-a-reducao-de-perdas-de-agua\\\/ambiente\\\/09\\\/53\\\/#primaryimage\"},\"thumbnailUrl\":\"https:\\\/\\\/algarve7.pt\\\/wp-content\\\/uploads\\\/2023\\\/03\\\/agua.jpg\",\"datePublished\":\"2024-07-08T08:53:04+00:00\",\"dateModified\":\"2024-07-08T08:53:06+00:00\",\"description\":\"AMAL abre 4\u00ba Aviso para apoiar investimentos destinados \u00e0 redu\u00e7\u00e3o de perdas de \u00e1gua Ambiente\",\"breadcrumb\":{\"@id\":\"https:\\\/\\\/algarve7.pt\\\/index.php\\\/2024\\\/07\\\/amal-abre-4o-aviso-para-apoiar-investimentos-destinados-a-reducao-de-perdas-de-agua\\\/ambiente\\\/09\\\/53\\\/#breadcrumb\"},\"inLanguage\":\"pt-PT\",\"potentialAction\":[{\"@type\":\"ReadAction\",\"target\":[\"https:\\\/\\\/algarve7.pt\\\/index.php\\\/2024\\\/07\\\/amal-abre-4o-aviso-para-apoiar-investimentos-destinados-a-reducao-de-perdas-de-agua\\\/ambiente\\\/09\\\/53\\\/\"]}]},{\"@type\":\"ImageObject\",\"inLanguage\":\"pt-PT\",\"@id\":\"https:\\\/\\\/algarve7.pt\\\/index.php\\\/2024\\\/07\\\/amal-abre-4o-aviso-para-apoiar-investimentos-destinados-a-reducao-de-perdas-de-agua\\\/ambiente\\\/09\\\/53\\\/#primaryimage\",\"url\":\"https:\\\/\\\/algarve7.pt\\\/wp-content\\\/uploads\\\/2023\\\/03\\\/agua.jpg\",\"contentUrl\":\"https:\\\/\\\/algarve7.pt\\\/wp-content\\\/uploads\\\/2023\\\/03\\\/agua.jpg\",\"width\":949,\"height\":634},{\"@type\":\"BreadcrumbList\",\"@id\":\"https:\\\/\\\/algarve7.pt\\\/index.php\\\/2024\\\/07\\\/amal-abre-4o-aviso-para-apoiar-investimentos-destinados-a-reducao-de-perdas-de-agua\\\/ambiente\\\/09\\\/53\\\/#breadcrumb\",\"itemListElement\":[{\"@type\":\"ListItem\",\"position\":1,\"name\":\"In\u00edcio\",\"item\":\"https:\\\/\\\/algarve7.pt\\\/\"},{\"@type\":\"ListItem\",\"position\":2,\"name\":\"AMAL abre 4\u00ba Aviso para apoiar investimentos destinados \u00e0 redu\u00e7\u00e3o de perdas de \u00e1gua\"}]},{\"@type\":\"WebSite\",\"@id\":\"https:\\\/\\\/algarve7.pt\\\/#website\",\"url\":\"https:\\\/\\\/algarve7.pt\\\/\",\"name\":\"Algarve 7\",\"description\":\"Informa\u00e7\u00e3o sobre o Algarve\",\"publisher\":{\"@id\":\"https:\\\/\\\/algarve7.pt\\\/#organization\"},\"potentialAction\":[{\"@type\":\"SearchAction\",\"target\":{\"@type\":\"EntryPoint\",\"urlTemplate\":\"https:\\\/\\\/algarve7.pt\\\/?s={search_term_string}\"},\"query-input\":{\"@type\":\"PropertyValueSpecification\",\"valueRequired\":true,\"valueName\":\"search_term_string\"}}],\"inLanguage\":\"pt-PT\"},{\"@type\":\"Organization\",\"@id\":\"https:\\\/\\\/algarve7.pt\\\/#organization\",\"name\":\"Algarve 7\",\"url\":\"https:\\\/\\\/algarve7.pt\\\/\",\"logo\":{\"@type\":\"ImageObject\",\"inLanguage\":\"pt-PT\",\"@id\":\"https:\\\/\\\/algarve7.pt\\\/#\\\/schema\\\/logo\\\/image\\\/\",\"url\":\"https:\\\/\\\/algarve7.pt\\\/wp-content\\\/uploads\\\/2020\\\/10\\\/Logo-8.jpg\",\"contentUrl\":\"https:\\\/\\\/algarve7.pt\\\/wp-content\\\/uploads\\\/2020\\\/10\\\/Logo-8.jpg\",\"width\":1680,\"height\":1186,\"caption\":\"Algarve 7\"},\"image\":{\"@id\":\"https:\\\/\\\/algarve7.pt\\\/#\\\/schema\\\/logo\\\/image\\\/\"},\"sameAs\":[\"https:\\\/\\\/www.facebook.com\\\/algarve7\",\"https:\\\/\\\/x.com\\\/Algarvesete\",\"https:\\\/\\\/www.instagram.com\\\/jornalalgarve7\\\/\",\"https:\\\/\\\/www.linkedin.com\\\/company\\\/algarve7\",\"https:\\\/\\\/www.pinterest.pt\\\/geral0939\\\/_created\\\/\"]},{\"@type\":\"Person\",\"@id\":\"https:\\\/\\\/algarve7.pt\\\/#\\\/schema\\\/person\\\/23fa70681308e7b319a3204bcea45e0c\",\"name\":\"Algarve 7\",\"sameAs\":[\"https:\\\/\\\/algarve7.pt\",\"https:\\\/\\\/www.facebook.com\\\/algarve7\"],\"url\":\"https:\\\/\\\/algarve7.pt\\\/index.php\\\/author\\\/geralalgarve7-pt\\\/\"}]}<\/script>\n<!-- \/ Yoast SEO plugin. -->","yoast_head_json":{"title":"AMAL abre 4\u00ba Aviso para apoiar investimentos destinados \u00e0 redu\u00e7\u00e3o de perdas de \u00e1gua - Algarve 7","description":"AMAL abre 4\u00ba Aviso para apoiar investimentos destinados \u00e0 redu\u00e7\u00e3o de perdas de \u00e1gua Ambiente","robots":{"index":"index","follow":"follow","max-snippet":"max-snippet:-1","max-image-preview":"max-image-preview:large","max-video-preview":"max-video-preview:-1"},"canonical":"https:\/\/algarve7.pt\/index.php\/2024\/07\/amal-abre-4o-aviso-para-apoiar-investimentos-destinados-a-reducao-de-perdas-de-agua\/ambiente\/09\/53\/","og_locale":"pt_PT","og_type":"article","og_title":"AMAL abre 4\u00ba Aviso para apoiar investimentos destinados \u00e0 redu\u00e7\u00e3o de perdas de \u00e1gua - Algarve 7","og_description":"AMAL abre 4\u00ba Aviso para apoiar investimentos destinados \u00e0 redu\u00e7\u00e3o de perdas de \u00e1gua Ambiente","og_url":"https:\/\/algarve7.pt\/index.php\/2024\/07\/amal-abre-4o-aviso-para-apoiar-investimentos-destinados-a-reducao-de-perdas-de-agua\/ambiente\/09\/53\/","og_site_name":"Algarve 7","article_publisher":"https:\/\/www.facebook.com\/algarve7","article_author":"https:\/\/www.facebook.com\/algarve7","article_published_time":"2024-07-08T08:53:04+00:00","article_modified_time":"2024-07-08T08:53:06+00:00","og_image":[{"width":949,"height":634,"url":"https:\/\/algarve7.pt\/wp-content\/uploads\/2023\/03\/agua.jpg","type":"image\/jpeg"}],"author":"Algarve 7","twitter_card":"summary_large_image","twitter_creator":"@Algarvesete","twitter_site":"@Algarvesete","twitter_misc":{"Escrito por":"Algarve 7","Tempo estimado de leitura":"3 minutos"},"schema":{"@context":"https:\/\/schema.org","@graph":[{"@type":"Article","@id":"https:\/\/algarve7.pt\/index.php\/2024\/07\/amal-abre-4o-aviso-para-apoiar-investimentos-destinados-a-reducao-de-perdas-de-agua\/ambiente\/09\/53\/#article","isPartOf":{"@id":"https:\/\/algarve7.pt\/index.php\/2024\/07\/amal-abre-4o-aviso-para-apoiar-investimentos-destinados-a-reducao-de-perdas-de-agua\/ambiente\/09\/53\/"},"author":{"name":"Algarve 7","@id":"https:\/\/algarve7.pt\/#\/schema\/person\/23fa70681308e7b319a3204bcea45e0c"},"headline":"AMAL abre 4\u00ba Aviso para apoiar investimentos destinados \u00e0 redu\u00e7\u00e3o de perdas de \u00e1gua","datePublished":"2024-07-08T08:53:04+00:00","dateModified":"2024-07-08T08:53:06+00:00","mainEntityOfPage":{"@id":"https:\/\/algarve7.pt\/index.php\/2024\/07\/amal-abre-4o-aviso-para-apoiar-investimentos-destinados-a-reducao-de-perdas-de-agua\/ambiente\/09\/53\/"},"wordCount":494,"publisher":{"@id":"https:\/\/algarve7.pt\/#organization"},"image":{"@id":"https:\/\/algarve7.pt\/index.php\/2024\/07\/amal-abre-4o-aviso-para-apoiar-investimentos-destinados-a-reducao-de-perdas-de-agua\/ambiente\/09\/53\/#primaryimage"},"thumbnailUrl":"https:\/\/algarve7.pt\/wp-content\/uploads\/2023\/03\/agua.jpg","keywords":["Algarve","Amal","Ambiente"],"articleSection":["Ambiente"],"inLanguage":"pt-PT"},{"@type":"WebPage","@id":"https:\/\/algarve7.pt\/index.php\/2024\/07\/amal-abre-4o-aviso-para-apoiar-investimentos-destinados-a-reducao-de-perdas-de-agua\/ambiente\/09\/53\/","url":"https:\/\/algarve7.pt\/index.php\/2024\/07\/amal-abre-4o-aviso-para-apoiar-investimentos-destinados-a-reducao-de-perdas-de-agua\/ambiente\/09\/53\/","name":"AMAL abre 4\u00ba Aviso para apoiar investimentos destinados \u00e0 redu\u00e7\u00e3o de perdas de \u00e1gua - Algarve 7","isPartOf":{"@id":"https:\/\/algarve7.pt\/#website"},"primaryImageOfPage":{"@id":"https:\/\/algarve7.pt\/index.php\/2024\/07\/amal-abre-4o-aviso-para-apoiar-investimentos-destinados-a-reducao-de-perdas-de-agua\/ambiente\/09\/53\/#primaryimage"},"image":{"@id":"https:\/\/algarve7.pt\/index.php\/2024\/07\/amal-abre-4o-aviso-para-apoiar-investimentos-destinados-a-reducao-de-perdas-de-agua\/ambiente\/09\/53\/#primaryimage"},"thumbnailUrl":"https:\/\/algarve7.pt\/wp-content\/uploads\/2023\/03\/agua.jpg","datePublished":"2024-07-08T08:53:04+00:00","dateModified":"2024-07-08T08:53:06+00:00","description":"AMAL abre 4\u00ba Aviso para apoiar investimentos destinados \u00e0 redu\u00e7\u00e3o de perdas de \u00e1gua Ambiente","breadcrumb":{"@id":"https:\/\/algarve7.pt\/index.php\/2024\/07\/amal-abre-4o-aviso-para-apoiar-investimentos-destinados-a-reducao-de-perdas-de-agua\/ambiente\/09\/53\/#breadcrumb"},"inLanguage":"pt-PT","potentialAction":[{"@type":"ReadAction","target":["https:\/\/algarve7.pt\/index.php\/2024\/07\/amal-abre-4o-aviso-para-apoiar-investimentos-destinados-a-reducao-de-perdas-de-agua\/ambiente\/09\/53\/"]}]},{"@type":"ImageObject","inLanguage":"pt-PT","@id":"https:\/\/algarve7.pt\/index.php\/2024\/07\/amal-abre-4o-aviso-para-apoiar-investimentos-destinados-a-reducao-de-perdas-de-agua\/ambiente\/09\/53\/#primaryimage","url":"https:\/\/algarve7.pt\/wp-content\/uploads\/2023\/03\/agua.jpg","contentUrl":"https:\/\/algarve7.pt\/wp-content\/uploads\/2023\/03\/agua.jpg","width":949,"height":634},{"@type":"BreadcrumbList","@id":"https:\/\/algarve7.pt\/index.php\/2024\/07\/amal-abre-4o-aviso-para-apoiar-investimentos-destinados-a-reducao-de-perdas-de-agua\/ambiente\/09\/53\/#breadcrumb","itemListElement":[{"@type":"ListItem","position":1,"name":"In\u00edcio","item":"https:\/\/algarve7.pt\/"},{"@type":"ListItem","position":2,"name":"AMAL abre 4\u00ba Aviso para apoiar investimentos destinados \u00e0 redu\u00e7\u00e3o de perdas de \u00e1gua"}]},{"@type":"WebSite","@id":"https:\/\/algarve7.pt\/#website","url":"https:\/\/algarve7.pt\/","name":"Algarve 7","description":"Informa\u00e7\u00e3o sobre o Algarve","publisher":{"@id":"https:\/\/algarve7.pt\/#organization"},"potentialAction":[{"@type":"SearchAction","target":{"@type":"EntryPoint","urlTemplate":"https:\/\/algarve7.pt\/?s={search_term_string}"},"query-input":{"@type":"PropertyValueSpecification","valueRequired":true,"valueName":"search_term_string"}}],"inLanguage":"pt-PT"},{"@type":"Organization","@id":"https:\/\/algarve7.pt\/#organization","name":"Algarve 7","url":"https:\/\/algarve7.pt\/","logo":{"@type":"ImageObject","inLanguage":"pt-PT","@id":"https:\/\/algarve7.pt\/#\/schema\/logo\/image\/","url":"https:\/\/algarve7.pt\/wp-content\/uploads\/2020\/10\/Logo-8.jpg","contentUrl":"https:\/\/algarve7.pt\/wp-content\/uploads\/2020\/10\/Logo-8.jpg","width":1680,"height":1186,"caption":"Algarve 7"},"image":{"@id":"https:\/\/algarve7.pt\/#\/schema\/logo\/image\/"},"sameAs":["https:\/\/www.facebook.com\/algarve7","https:\/\/x.com\/Algarvesete","https:\/\/www.instagram.com\/jornalalgarve7\/","https:\/\/www.linkedin.com\/company\/algarve7","https:\/\/www.pinterest.pt\/geral0939\/_created\/"]},{"@type":"Person","@id":"https:\/\/algarve7.pt\/#\/schema\/person\/23fa70681308e7b319a3204bcea45e0c","name":"Algarve 7","sameAs":["https:\/\/algarve7.pt","https:\/\/www.facebook.com\/algarve7"],"url":"https:\/\/algarve7.pt\/index.php\/author\/geralalgarve7-pt\/"}]}},"jetpack_publicize_connections":[],"jetpack_featured_media_url":"https:\/\/algarve7.pt\/wp-content\/uploads\/2023\/03\/agua.jpg","jetpack_shortlink":"https:\/\/wp.me\/pcezmW-av7","jetpack_sharing_enabled":true,"_links":{"self":[{"href":"https:\/\/algarve7.pt\/index.php\/wp-json\/wp\/v2\/posts\/40369","targetHints":{"allow":["GET"]}}],"collection":[{"href":"https:\/\/algarve7.pt\/index.php\/wp-json\/wp\/v2\/posts"}],"about":[{"href":"https:\/\/algarve7.pt\/index.php\/wp-json\/wp\/v2\/types\/post"}],"author":[{"embeddable":true,"href":"https:\/\/algarve7.pt\/index.php\/wp-json\/wp\/v2\/users\/1"}],"replies":[{"embeddable":true,"href":"https:\/\/algarve7.pt\/index.php\/wp-json\/wp\/v2\/comments?post=40369"}],"version-history":[{"count":0,"href":"https:\/\/algarve7.pt\/index.php\/wp-json\/wp\/v2\/posts\/40369\/revisions"}],"wp:featuredmedia":[{"embeddable":true,"href":"https:\/\/algarve7.pt\/index.php\/wp-json\/wp\/v2\/media\/26481"}],"wp:attachment":[{"href":"https:\/\/algarve7.pt\/index.php\/wp-json\/wp\/v2\/media?parent=40369"}],"wp:term":[{"taxonomy":"category","embeddable":true,"href":"https:\/\/algarve7.pt\/index.php\/wp-json\/wp\/v2\/categories?post=40369"},{"taxonomy":"post_tag","embeddable":true,"href":"https:\/\/algarve7.pt\/index.php\/wp-json\/wp\/v2\/tags?post=40369"}],"curies":[{"name":"wp","href":"https:\/\/api.w.org\/{rel}","templated":true}]}}