{"id":40320,"date":"2024-07-06T11:14:39","date_gmt":"2024-07-06T10:14:39","guid":{"rendered":"https:\/\/algarve7.pt\/?p=40320"},"modified":"2024-07-06T11:14:40","modified_gmt":"2024-07-06T10:14:40","slug":"aljezur-encerramento-da-epoca-das-atividades-seniores","status":"publish","type":"post","link":"https:\/\/algarve7.pt\/index.php\/2024\/07\/aljezur-encerramento-da-epoca-das-atividades-seniores\/atualidade\/11\/14\/","title":{"rendered":"Aljezur: Encerramento da \u00e9poca das atividades s\u00e9niores"},"content":{"rendered":"\n<p>Os participantes das modalidades Hidros\u00e9nior, Marchas Passeio e Gin\u00e1stica S\u00e9nior, despediram-se da \u00e9poca desportiva, num almo\u00e7o conv\u00edvio, no \u00faltimo dia 28 de Junho, no Clube de Ca\u00e7a e Pesca do concelho de Aljezur.<\/p>\n\n\n\n<p>Este encontro, com a presen\u00e7a do Executivo, serviu para, mais uma vez, se assinalar que estas atividades s\u00e3o um verdadeiro investimento na qualidade de vida da comunidade com mais de 65 anos presente no concelho, fomentando assim uma comunidade s\u00e9nior ativa, saud\u00e1vel e din\u00e2mica.<\/p>\n\n\n\n<p>A pr\u00e1tica de exerc\u00edcio f\u00edsico regula e melhora a sa\u00fade mental, aumenta a longevidade, fortalece as rela\u00e7\u00f5es sociais e promove uma atitude positiva perante a vida.<\/p>\n\n\n\n<p>Num discurso inspirador, o Presidente da C\u00e2mara Municipal de Aljezur expressou a sua gratid\u00e3o \u00e0 equipa da Divis\u00e3o de Desenvolvimento Econ\u00f3mico e Planeamento, com a coordena\u00e7\u00e3o da Vereadora F\u00e1tima Neto, que \u201ccom dedica\u00e7\u00e3o e profissionalismo organizou e operacionalizou as atividades realizadas<\/p>\n\n\n\n<p>durante esta \u00e9poca\u201d. Aproveitou ainda para elogiar o entusiasmo contagiante dos participantes, cujo n\u00famero tem vindo a aumentar ano ap\u00f3s ano, refletindo o crescente interesse na pr\u00e1tica da atividade f\u00edsica. Olhando para o futuro, Jos\u00e9 Manuel Gon\u00e7alves refor\u00e7ou o convite aos presentes, extensivo a toda a comunidade, para se juntarem na pr\u00f3xima \u00e9poca, que come\u00e7ar\u00e1 em setembro pr\u00f3ximo.<\/p>\n","protected":false},"excerpt":{"rendered":"<p>Os participantes das modalidades Hidros\u00e9nior, Marchas Passeio e Gin\u00e1stica S\u00e9nior, despediram-se da \u00e9poca desportiva, num almo\u00e7o conv\u00edvio, no \u00faltimo dia<\/p>\n","protected":false},"author":1,"featured_media":40321,"comment_status":"closed","ping_status":"open","sticky":false,"template":"","format":"standard","meta":{"colormag_page_container_layout":"default_layout","colormag_page_sidebar_layout":"default_layout","_monsterinsights_skip_tracking":false,"_monsterinsights_sitenote_active":false,"_monsterinsights_sitenote_note":"","_monsterinsights_sitenote_category":0,"jetpack_post_was_ever_published":false,"_jetpack_newsletter_access":"","_jetpack_dont_email_post_to_subs":false,"_jetpack_newsletter_tier_id":0,"_jetpack_memberships_contains_paywalled_content":false,"_jetpack_memberships_contains_paid_content":false,"footnotes":"","jetpack_publicize_message":"","jetpack_publicize_feature_enabled":true,"jetpack_social_post_already_shared":false,"jetpack_social_options":{"image_generator_settings":{"template":"highway","default_image_id":0,"font":"","enabled":false},"version":2}},"categories":[11],"tags":[36,73,62],"class_list":["post-40320","post","type-post","status-publish","format-standard","has-post-thumbnail","hentry","category-atualidade","tag-algarve","tag-aljezur","tag-atualidade"],"yoast_head":"<!-- This site is optimized with the Yoast SEO plugin v27.5 - https:\/\/yoast.com\/product\/yoast-seo-wordpress\/ -->\n<title>Aljezur: Encerramento da \u00e9poca das atividades s\u00e9niores - Algarve 7<\/title>\n<meta name=\"description\" content=\"Aljezur: Encerramento da \u00e9poca das atividades s\u00e9niores Atualidade\" \/>\n<meta name=\"robots\" content=\"index, follow, max-snippet:-1, max-image-preview:large, max-video-preview:-1\" \/>\n<link rel=\"canonical\" href=\"https:\/\/algarve7.pt\/index.php\/2024\/07\/aljezur-encerramento-da-epoca-das-atividades-seniores\/atualidade\/11\/14\/\" \/>\n<meta property=\"og:locale\" content=\"pt_PT\" \/>\n<meta property=\"og:type\" content=\"article\" \/>\n<meta property=\"og:title\" content=\"Aljezur: Encerramento da \u00e9poca das atividades s\u00e9niores - Algarve 7\" \/>\n<meta property=\"og:description\" content=\"Aljezur: Encerramento da \u00e9poca das atividades s\u00e9niores Atualidade\" \/>\n<meta property=\"og:url\" content=\"https:\/\/algarve7.pt\/index.php\/2024\/07\/aljezur-encerramento-da-epoca-das-atividades-seniores\/atualidade\/11\/14\/\" \/>\n<meta property=\"og:site_name\" content=\"Algarve 7\" \/>\n<meta property=\"article:publisher\" content=\"https:\/\/www.facebook.com\/algarve7\" \/>\n<meta property=\"article:author\" content=\"https:\/\/www.facebook.com\/algarve7\" \/>\n<meta property=\"article:published_time\" content=\"2024-07-06T10:14:39+00:00\" \/>\n<meta property=\"article:modified_time\" content=\"2024-07-06T10:14:40+00:00\" \/>\n<meta property=\"og:image\" content=\"https:\/\/algarve7.pt\/wp-content\/uploads\/2024\/07\/Encerr_atividades-seniores.jpeg\" \/>\n\t<meta property=\"og:image:width\" content=\"800\" \/>\n\t<meta property=\"og:image:height\" content=\"470\" \/>\n\t<meta property=\"og:image:type\" content=\"image\/jpeg\" \/>\n<meta name=\"author\" content=\"Algarve 7\" \/>\n<meta name=\"twitter:card\" content=\"summary_large_image\" \/>\n<meta name=\"twitter:creator\" content=\"@Algarvesete\" \/>\n<meta name=\"twitter:site\" content=\"@Algarvesete\" \/>\n<meta name=\"twitter:label1\" content=\"Escrito por\" \/>\n\t<meta name=\"twitter:data1\" content=\"Algarve 7\" \/>\n\t<meta name=\"twitter:label2\" content=\"Tempo estimado de leitura\" \/>\n\t<meta name=\"twitter:data2\" content=\"2 minutos\" \/>\n<script type=\"application\/ld+json\" class=\"yoast-schema-graph\">{\"@context\":\"https:\\\/\\\/schema.org\",\"@graph\":[{\"@type\":\"Article\",\"@id\":\"https:\\\/\\\/algarve7.pt\\\/index.php\\\/2024\\\/07\\\/aljezur-encerramento-da-epoca-das-atividades-seniores\\\/atualidade\\\/11\\\/14\\\/#article\",\"isPartOf\":{\"@id\":\"https:\\\/\\\/algarve7.pt\\\/index.php\\\/2024\\\/07\\\/aljezur-encerramento-da-epoca-das-atividades-seniores\\\/atualidade\\\/11\\\/14\\\/\"},\"author\":{\"name\":\"Algarve 7\",\"@id\":\"https:\\\/\\\/algarve7.pt\\\/#\\\/schema\\\/person\\\/23fa70681308e7b319a3204bcea45e0c\"},\"headline\":\"Aljezur: Encerramento da \u00e9poca das atividades s\u00e9niores\",\"datePublished\":\"2024-07-06T10:14:39+00:00\",\"dateModified\":\"2024-07-06T10:14:40+00:00\",\"mainEntityOfPage\":{\"@id\":\"https:\\\/\\\/algarve7.pt\\\/index.php\\\/2024\\\/07\\\/aljezur-encerramento-da-epoca-das-atividades-seniores\\\/atualidade\\\/11\\\/14\\\/\"},\"wordCount\":239,\"publisher\":{\"@id\":\"https:\\\/\\\/algarve7.pt\\\/#organization\"},\"image\":{\"@id\":\"https:\\\/\\\/algarve7.pt\\\/index.php\\\/2024\\\/07\\\/aljezur-encerramento-da-epoca-das-atividades-seniores\\\/atualidade\\\/11\\\/14\\\/#primaryimage\"},\"thumbnailUrl\":\"https:\\\/\\\/algarve7.pt\\\/wp-content\\\/uploads\\\/2024\\\/07\\\/Encerr_atividades-seniores.jpeg\",\"keywords\":[\"Algarve\",\"Aljezur\",\"Atualidade\"],\"articleSection\":[\"Atualidade\"],\"inLanguage\":\"pt-PT\"},{\"@type\":\"WebPage\",\"@id\":\"https:\\\/\\\/algarve7.pt\\\/index.php\\\/2024\\\/07\\\/aljezur-encerramento-da-epoca-das-atividades-seniores\\\/atualidade\\\/11\\\/14\\\/\",\"url\":\"https:\\\/\\\/algarve7.pt\\\/index.php\\\/2024\\\/07\\\/aljezur-encerramento-da-epoca-das-atividades-seniores\\\/atualidade\\\/11\\\/14\\\/\",\"name\":\"Aljezur: Encerramento da \u00e9poca das atividades s\u00e9niores - Algarve 7\",\"isPartOf\":{\"@id\":\"https:\\\/\\\/algarve7.pt\\\/#website\"},\"primaryImageOfPage\":{\"@id\":\"https:\\\/\\\/algarve7.pt\\\/index.php\\\/2024\\\/07\\\/aljezur-encerramento-da-epoca-das-atividades-seniores\\\/atualidade\\\/11\\\/14\\\/#primaryimage\"},\"image\":{\"@id\":\"https:\\\/\\\/algarve7.pt\\\/index.php\\\/2024\\\/07\\\/aljezur-encerramento-da-epoca-das-atividades-seniores\\\/atualidade\\\/11\\\/14\\\/#primaryimage\"},\"thumbnailUrl\":\"https:\\\/\\\/algarve7.pt\\\/wp-content\\\/uploads\\\/2024\\\/07\\\/Encerr_atividades-seniores.jpeg\",\"datePublished\":\"2024-07-06T10:14:39+00:00\",\"dateModified\":\"2024-07-06T10:14:40+00:00\",\"description\":\"Aljezur: Encerramento da \u00e9poca das atividades s\u00e9niores Atualidade\",\"breadcrumb\":{\"@id\":\"https:\\\/\\\/algarve7.pt\\\/index.php\\\/2024\\\/07\\\/aljezur-encerramento-da-epoca-das-atividades-seniores\\\/atualidade\\\/11\\\/14\\\/#breadcrumb\"},\"inLanguage\":\"pt-PT\",\"potentialAction\":[{\"@type\":\"ReadAction\",\"target\":[\"https:\\\/\\\/algarve7.pt\\\/index.php\\\/2024\\\/07\\\/aljezur-encerramento-da-epoca-das-atividades-seniores\\\/atualidade\\\/11\\\/14\\\/\"]}]},{\"@type\":\"ImageObject\",\"inLanguage\":\"pt-PT\",\"@id\":\"https:\\\/\\\/algarve7.pt\\\/index.php\\\/2024\\\/07\\\/aljezur-encerramento-da-epoca-das-atividades-seniores\\\/atualidade\\\/11\\\/14\\\/#primaryimage\",\"url\":\"https:\\\/\\\/algarve7.pt\\\/wp-content\\\/uploads\\\/2024\\\/07\\\/Encerr_atividades-seniores.jpeg\",\"contentUrl\":\"https:\\\/\\\/algarve7.pt\\\/wp-content\\\/uploads\\\/2024\\\/07\\\/Encerr_atividades-seniores.jpeg\",\"width\":800,\"height\":470},{\"@type\":\"BreadcrumbList\",\"@id\":\"https:\\\/\\\/algarve7.pt\\\/index.php\\\/2024\\\/07\\\/aljezur-encerramento-da-epoca-das-atividades-seniores\\\/atualidade\\\/11\\\/14\\\/#breadcrumb\",\"itemListElement\":[{\"@type\":\"ListItem\",\"position\":1,\"name\":\"In\u00edcio\",\"item\":\"https:\\\/\\\/algarve7.pt\\\/\"},{\"@type\":\"ListItem\",\"position\":2,\"name\":\"Aljezur: Encerramento da \u00e9poca das atividades s\u00e9niores\"}]},{\"@type\":\"WebSite\",\"@id\":\"https:\\\/\\\/algarve7.pt\\\/#website\",\"url\":\"https:\\\/\\\/algarve7.pt\\\/\",\"name\":\"Algarve 7\",\"description\":\"Informa\u00e7\u00e3o sobre o Algarve\",\"publisher\":{\"@id\":\"https:\\\/\\\/algarve7.pt\\\/#organization\"},\"potentialAction\":[{\"@type\":\"SearchAction\",\"target\":{\"@type\":\"EntryPoint\",\"urlTemplate\":\"https:\\\/\\\/algarve7.pt\\\/?s={search_term_string}\"},\"query-input\":{\"@type\":\"PropertyValueSpecification\",\"valueRequired\":true,\"valueName\":\"search_term_string\"}}],\"inLanguage\":\"pt-PT\"},{\"@type\":\"Organization\",\"@id\":\"https:\\\/\\\/algarve7.pt\\\/#organization\",\"name\":\"Algarve 7\",\"url\":\"https:\\\/\\\/algarve7.pt\\\/\",\"logo\":{\"@type\":\"ImageObject\",\"inLanguage\":\"pt-PT\",\"@id\":\"https:\\\/\\\/algarve7.pt\\\/#\\\/schema\\\/logo\\\/image\\\/\",\"url\":\"https:\\\/\\\/algarve7.pt\\\/wp-content\\\/uploads\\\/2020\\\/10\\\/Logo-8.jpg\",\"contentUrl\":\"https:\\\/\\\/algarve7.pt\\\/wp-content\\\/uploads\\\/2020\\\/10\\\/Logo-8.jpg\",\"width\":1680,\"height\":1186,\"caption\":\"Algarve 7\"},\"image\":{\"@id\":\"https:\\\/\\\/algarve7.pt\\\/#\\\/schema\\\/logo\\\/image\\\/\"},\"sameAs\":[\"https:\\\/\\\/www.facebook.com\\\/algarve7\",\"https:\\\/\\\/x.com\\\/Algarvesete\",\"https:\\\/\\\/www.instagram.com\\\/jornalalgarve7\\\/\",\"https:\\\/\\\/www.linkedin.com\\\/company\\\/algarve7\",\"https:\\\/\\\/www.pinterest.pt\\\/geral0939\\\/_created\\\/\"]},{\"@type\":\"Person\",\"@id\":\"https:\\\/\\\/algarve7.pt\\\/#\\\/schema\\\/person\\\/23fa70681308e7b319a3204bcea45e0c\",\"name\":\"Algarve 7\",\"sameAs\":[\"https:\\\/\\\/algarve7.pt\",\"https:\\\/\\\/www.facebook.com\\\/algarve7\"],\"url\":\"https:\\\/\\\/algarve7.pt\\\/index.php\\\/author\\\/geralalgarve7-pt\\\/\"}]}<\/script>\n<!-- \/ Yoast SEO plugin. -->","yoast_head_json":{"title":"Aljezur: Encerramento da \u00e9poca das atividades s\u00e9niores - Algarve 7","description":"Aljezur: Encerramento da \u00e9poca das atividades s\u00e9niores Atualidade","robots":{"index":"index","follow":"follow","max-snippet":"max-snippet:-1","max-image-preview":"max-image-preview:large","max-video-preview":"max-video-preview:-1"},"canonical":"https:\/\/algarve7.pt\/index.php\/2024\/07\/aljezur-encerramento-da-epoca-das-atividades-seniores\/atualidade\/11\/14\/","og_locale":"pt_PT","og_type":"article","og_title":"Aljezur: Encerramento da \u00e9poca das atividades s\u00e9niores - Algarve 7","og_description":"Aljezur: Encerramento da \u00e9poca das atividades s\u00e9niores Atualidade","og_url":"https:\/\/algarve7.pt\/index.php\/2024\/07\/aljezur-encerramento-da-epoca-das-atividades-seniores\/atualidade\/11\/14\/","og_site_name":"Algarve 7","article_publisher":"https:\/\/www.facebook.com\/algarve7","article_author":"https:\/\/www.facebook.com\/algarve7","article_published_time":"2024-07-06T10:14:39+00:00","article_modified_time":"2024-07-06T10:14:40+00:00","og_image":[{"width":800,"height":470,"url":"https:\/\/algarve7.pt\/wp-content\/uploads\/2024\/07\/Encerr_atividades-seniores.jpeg","type":"image\/jpeg"}],"author":"Algarve 7","twitter_card":"summary_large_image","twitter_creator":"@Algarvesete","twitter_site":"@Algarvesete","twitter_misc":{"Escrito por":"Algarve 7","Tempo estimado de leitura":"2 minutos"},"schema":{"@context":"https:\/\/schema.org","@graph":[{"@type":"Article","@id":"https:\/\/algarve7.pt\/index.php\/2024\/07\/aljezur-encerramento-da-epoca-das-atividades-seniores\/atualidade\/11\/14\/#article","isPartOf":{"@id":"https:\/\/algarve7.pt\/index.php\/2024\/07\/aljezur-encerramento-da-epoca-das-atividades-seniores\/atualidade\/11\/14\/"},"author":{"name":"Algarve 7","@id":"https:\/\/algarve7.pt\/#\/schema\/person\/23fa70681308e7b319a3204bcea45e0c"},"headline":"Aljezur: Encerramento da \u00e9poca das atividades s\u00e9niores","datePublished":"2024-07-06T10:14:39+00:00","dateModified":"2024-07-06T10:14:40+00:00","mainEntityOfPage":{"@id":"https:\/\/algarve7.pt\/index.php\/2024\/07\/aljezur-encerramento-da-epoca-das-atividades-seniores\/atualidade\/11\/14\/"},"wordCount":239,"publisher":{"@id":"https:\/\/algarve7.pt\/#organization"},"image":{"@id":"https:\/\/algarve7.pt\/index.php\/2024\/07\/aljezur-encerramento-da-epoca-das-atividades-seniores\/atualidade\/11\/14\/#primaryimage"},"thumbnailUrl":"https:\/\/algarve7.pt\/wp-content\/uploads\/2024\/07\/Encerr_atividades-seniores.jpeg","keywords":["Algarve","Aljezur","Atualidade"],"articleSection":["Atualidade"],"inLanguage":"pt-PT"},{"@type":"WebPage","@id":"https:\/\/algarve7.pt\/index.php\/2024\/07\/aljezur-encerramento-da-epoca-das-atividades-seniores\/atualidade\/11\/14\/","url":"https:\/\/algarve7.pt\/index.php\/2024\/07\/aljezur-encerramento-da-epoca-das-atividades-seniores\/atualidade\/11\/14\/","name":"Aljezur: Encerramento da \u00e9poca das atividades s\u00e9niores - Algarve 7","isPartOf":{"@id":"https:\/\/algarve7.pt\/#website"},"primaryImageOfPage":{"@id":"https:\/\/algarve7.pt\/index.php\/2024\/07\/aljezur-encerramento-da-epoca-das-atividades-seniores\/atualidade\/11\/14\/#primaryimage"},"image":{"@id":"https:\/\/algarve7.pt\/index.php\/2024\/07\/aljezur-encerramento-da-epoca-das-atividades-seniores\/atualidade\/11\/14\/#primaryimage"},"thumbnailUrl":"https:\/\/algarve7.pt\/wp-content\/uploads\/2024\/07\/Encerr_atividades-seniores.jpeg","datePublished":"2024-07-06T10:14:39+00:00","dateModified":"2024-07-06T10:14:40+00:00","description":"Aljezur: Encerramento da \u00e9poca das atividades s\u00e9niores Atualidade","breadcrumb":{"@id":"https:\/\/algarve7.pt\/index.php\/2024\/07\/aljezur-encerramento-da-epoca-das-atividades-seniores\/atualidade\/11\/14\/#breadcrumb"},"inLanguage":"pt-PT","potentialAction":[{"@type":"ReadAction","target":["https:\/\/algarve7.pt\/index.php\/2024\/07\/aljezur-encerramento-da-epoca-das-atividades-seniores\/atualidade\/11\/14\/"]}]},{"@type":"ImageObject","inLanguage":"pt-PT","@id":"https:\/\/algarve7.pt\/index.php\/2024\/07\/aljezur-encerramento-da-epoca-das-atividades-seniores\/atualidade\/11\/14\/#primaryimage","url":"https:\/\/algarve7.pt\/wp-content\/uploads\/2024\/07\/Encerr_atividades-seniores.jpeg","contentUrl":"https:\/\/algarve7.pt\/wp-content\/uploads\/2024\/07\/Encerr_atividades-seniores.jpeg","width":800,"height":470},{"@type":"BreadcrumbList","@id":"https:\/\/algarve7.pt\/index.php\/2024\/07\/aljezur-encerramento-da-epoca-das-atividades-seniores\/atualidade\/11\/14\/#breadcrumb","itemListElement":[{"@type":"ListItem","position":1,"name":"In\u00edcio","item":"https:\/\/algarve7.pt\/"},{"@type":"ListItem","position":2,"name":"Aljezur: Encerramento da \u00e9poca das atividades s\u00e9niores"}]},{"@type":"WebSite","@id":"https:\/\/algarve7.pt\/#website","url":"https:\/\/algarve7.pt\/","name":"Algarve 7","description":"Informa\u00e7\u00e3o sobre o Algarve","publisher":{"@id":"https:\/\/algarve7.pt\/#organization"},"potentialAction":[{"@type":"SearchAction","target":{"@type":"EntryPoint","urlTemplate":"https:\/\/algarve7.pt\/?s={search_term_string}"},"query-input":{"@type":"PropertyValueSpecification","valueRequired":true,"valueName":"search_term_string"}}],"inLanguage":"pt-PT"},{"@type":"Organization","@id":"https:\/\/algarve7.pt\/#organization","name":"Algarve 7","url":"https:\/\/algarve7.pt\/","logo":{"@type":"ImageObject","inLanguage":"pt-PT","@id":"https:\/\/algarve7.pt\/#\/schema\/logo\/image\/","url":"https:\/\/algarve7.pt\/wp-content\/uploads\/2020\/10\/Logo-8.jpg","contentUrl":"https:\/\/algarve7.pt\/wp-content\/uploads\/2020\/10\/Logo-8.jpg","width":1680,"height":1186,"caption":"Algarve 7"},"image":{"@id":"https:\/\/algarve7.pt\/#\/schema\/logo\/image\/"},"sameAs":["https:\/\/www.facebook.com\/algarve7","https:\/\/x.com\/Algarvesete","https:\/\/www.instagram.com\/jornalalgarve7\/","https:\/\/www.linkedin.com\/company\/algarve7","https:\/\/www.pinterest.pt\/geral0939\/_created\/"]},{"@type":"Person","@id":"https:\/\/algarve7.pt\/#\/schema\/person\/23fa70681308e7b319a3204bcea45e0c","name":"Algarve 7","sameAs":["https:\/\/algarve7.pt","https:\/\/www.facebook.com\/algarve7"],"url":"https:\/\/algarve7.pt\/index.php\/author\/geralalgarve7-pt\/"}]}},"jetpack_publicize_connections":[],"jetpack_featured_media_url":"https:\/\/algarve7.pt\/wp-content\/uploads\/2024\/07\/Encerr_atividades-seniores.jpeg","jetpack_shortlink":"https:\/\/wp.me\/pcezmW-auk","jetpack_sharing_enabled":true,"_links":{"self":[{"href":"https:\/\/algarve7.pt\/index.php\/wp-json\/wp\/v2\/posts\/40320","targetHints":{"allow":["GET"]}}],"collection":[{"href":"https:\/\/algarve7.pt\/index.php\/wp-json\/wp\/v2\/posts"}],"about":[{"href":"https:\/\/algarve7.pt\/index.php\/wp-json\/wp\/v2\/types\/post"}],"author":[{"embeddable":true,"href":"https:\/\/algarve7.pt\/index.php\/wp-json\/wp\/v2\/users\/1"}],"replies":[{"embeddable":true,"href":"https:\/\/algarve7.pt\/index.php\/wp-json\/wp\/v2\/comments?post=40320"}],"version-history":[{"count":0,"href":"https:\/\/algarve7.pt\/index.php\/wp-json\/wp\/v2\/posts\/40320\/revisions"}],"wp:featuredmedia":[{"embeddable":true,"href":"https:\/\/algarve7.pt\/index.php\/wp-json\/wp\/v2\/media\/40321"}],"wp:attachment":[{"href":"https:\/\/algarve7.pt\/index.php\/wp-json\/wp\/v2\/media?parent=40320"}],"wp:term":[{"taxonomy":"category","embeddable":true,"href":"https:\/\/algarve7.pt\/index.php\/wp-json\/wp\/v2\/categories?post=40320"},{"taxonomy":"post_tag","embeddable":true,"href":"https:\/\/algarve7.pt\/index.php\/wp-json\/wp\/v2\/tags?post=40320"}],"curies":[{"name":"wp","href":"https:\/\/api.w.org\/{rel}","templated":true}]}}