{"id":39560,"date":"2024-06-10T11:15:00","date_gmt":"2024-06-10T10:15:00","guid":{"rendered":"https:\/\/algarve7.pt\/?p=39560"},"modified":"2024-06-09T15:10:49","modified_gmt":"2024-06-09T14:10:49","slug":"ferias-super-fixe-uma-aventura-de-verao-organizada-pela-camara-municipal-de-silves","status":"publish","type":"post","link":"https:\/\/algarve7.pt\/index.php\/2024\/06\/ferias-super-fixe-uma-aventura-de-verao-organizada-pela-camara-municipal-de-silves\/atualidade\/11\/15\/","title":{"rendered":"F\u00e9rias super fixe: uma aventura de ver\u00e3o organizada pela c\u00e2mara municipal de Silves"},"content":{"rendered":"\n<p>Este ver\u00e3o, prepare-se para as &#8220;F\u00e9rias Super Fixes&#8221;, um programa repleto de a\u00e7\u00e3o organizado pela C\u00e2mara Municipal de Silves. Destinado a crian\u00e7as e jovens entre os 6 e 12 anos do concelho, o programa oferece uma oportunidade \u00fanica para ocupar o tempo livre de forma saud\u00e1vel e divertida. De 1 a 26 de julho de 2024, os participantes v\u00e3o desfrutar de uma variedade de atividades desportivas e recreativas, possibilitando um ver\u00e3o inesquec\u00edvel.<\/p>\n\n\n\n<p>As atividades s\u00e3o diversificadas e incluem piscina, cinema, hip hop, jogos, escalada, canoagem, al\u00e9m de visitas ao Aqualand, Zoomarine e dias ensolarados na praia. \u201c\u00c9 essencial oferecer aos nossos jovens atividades divertidas mas tamb\u00e9m educativas e que os cativem durante as f\u00e9rias de ver\u00e3o&#8221;, afirma a Presidente da C\u00e2mara Municipal de Silves, Rosa Palma.<\/p>\n\n\n\n<p>Os interessados poder\u00e3o fazer a sua inscri\u00e7\u00e3o online, na primeira quinzena de 1 a 12 de julho ou na segunda de 15 a 26 de julho, cada uma com o valor de inscri\u00e7\u00e3o de 65 euros. Ser\u00e1 obrigat\u00f3rio um pr\u00e9-registo dos encarregados de educa\u00e7\u00e3o na plataforma a partir do dia 6 de junho em: <a href=\"https:\/\/desporto.cm-silves.pt\/portal\" target=\"_blank\" rel=\"noreferrer noopener\">https:\/\/desporto.cm-silves.pt\/portal<\/a> e as inscri\u00e7\u00f5es no programa t\u00eam in\u00edcio no dia 12 de junho (\u00e0s 7h00) na mesma plataforma em que o encarregado fez o registo.<\/p>\n\n\n\n<p>Como habitualmente, no decorrer do programa, a CMS assegura o transporte, seguro, almo\u00e7o e o acompanhamento das crian\u00e7as e jovens por t\u00e9cnicos e monitores qualificados para as diversas atividades. Os participantes dever\u00e3o utilizar equipamento adequado para as atividades (que decorrer\u00e3o das 09h00 \u00e0s 17h00), nomeadamente a t-shirt das \u201cF\u00c9RIAS SUPER FIXE\u201d, fato de treino ou cal\u00e7\u00f5es, sweatshirt e t\u00e9nis. Em dia de atividades aqu\u00e1ticas \u00e9 necess\u00e1rio fato de banho, touca, toalha e chinelos. Tamb\u00e9m dever\u00e3o acompanhar-se de um lanche para o meio da manh\u00e3 e da tarde, \u00e1gua e cumprir as normas de higiene.<\/p>\n\n\n\n<p>Para mais detalhes, contate a Divis\u00e3o de Educa\u00e7\u00e3o, Desporto, Juventude e A\u00e7\u00e3o Social &#8211; Setor de Desporto no Complexo das Piscinas Municipais de Silves, pelo email <a href=\"mailto:desporto@cm-silves.pt\" target=\"_blank\" rel=\"noreferrer noopener\">desporto@cm-silves.pt<\/a> ou pelo telefone 282 440\u00a0270.<\/p>\n\n\n\n<p>Inscreva os seus filhos nas &#8220;F\u00c9RIAS SUPER FIXE&#8221; e d\u00ea-lhes o ver\u00e3o que eles merecem, cheio de aprendizagens, divers\u00e3o e aventura! Em caso de d\u00favida sobre o processo de inscri\u00e7\u00e3o, consulte o tutorial dispon\u00edvel abaixo onde encontra o passo a passo para fazer a pr\u00e9-inscri\u00e7\u00e3o online.<\/p>\n\n\n\n<p><strong>N\u00e3o esquecer<\/strong><\/p>\n\n\n\n<p>Os participantes dever\u00e3o recolher o Kit F\u00e9rias Super Fixe &#8211; Ver\u00e3o 2024, no local indicado na sua inscri\u00e7\u00e3o online:<\/p>\n\n\n\n<p>1\u00aa quinzena \u2013 a partir de 24 de junho<\/p>\n\n\n\n<p>2\u00aa quinzena \u2013 a partir de 1 de julho<\/p>\n","protected":false},"excerpt":{"rendered":"<p>Este ver\u00e3o, prepare-se para as &#8220;F\u00e9rias Super Fixes&#8221;, um programa repleto de a\u00e7\u00e3o organizado pela C\u00e2mara Municipal de Silves. Destinado<\/p>\n","protected":false},"author":1,"featured_media":39561,"comment_status":"closed","ping_status":"open","sticky":false,"template":"","format":"standard","meta":{"colormag_page_container_layout":"default_layout","colormag_page_sidebar_layout":"default_layout","_monsterinsights_skip_tracking":false,"_monsterinsights_sitenote_active":false,"_monsterinsights_sitenote_note":"","_monsterinsights_sitenote_category":0,"jetpack_post_was_ever_published":false,"_jetpack_newsletter_access":"","_jetpack_dont_email_post_to_subs":false,"_jetpack_newsletter_tier_id":0,"_jetpack_memberships_contains_paywalled_content":false,"_jetpack_memberships_contains_paid_content":false,"footnotes":"","jetpack_publicize_message":"","jetpack_publicize_feature_enabled":true,"jetpack_social_post_already_shared":false,"jetpack_social_options":{"image_generator_settings":{"template":"highway","default_image_id":0,"font":"","enabled":false},"version":2}},"categories":[11],"tags":[36,62,42],"class_list":["post-39560","post","type-post","status-publish","format-standard","has-post-thumbnail","hentry","category-atualidade","tag-algarve","tag-atualidade","tag-silves"],"yoast_head":"<!-- This site is optimized with the Yoast SEO plugin v27.5 - https:\/\/yoast.com\/product\/yoast-seo-wordpress\/ -->\n<title>F\u00e9rias super fixe: uma aventura de ver\u00e3o organizada pela c\u00e2mara municipal de Silves - Algarve 7<\/title>\n<meta name=\"description\" content=\"F\u00e9rias super fixe: uma aventura de ver\u00e3o organizada pela c\u00e2mara municipal de Silves Atualidade\" \/>\n<meta name=\"robots\" content=\"index, follow, max-snippet:-1, max-image-preview:large, max-video-preview:-1\" \/>\n<link rel=\"canonical\" href=\"https:\/\/algarve7.pt\/index.php\/2024\/06\/ferias-super-fixe-uma-aventura-de-verao-organizada-pela-camara-municipal-de-silves\/atualidade\/11\/15\/\" \/>\n<meta property=\"og:locale\" content=\"pt_PT\" \/>\n<meta property=\"og:type\" content=\"article\" \/>\n<meta property=\"og:title\" content=\"F\u00e9rias super fixe: uma aventura de ver\u00e3o organizada pela c\u00e2mara municipal de Silves - Algarve 7\" \/>\n<meta property=\"og:description\" content=\"F\u00e9rias super fixe: uma aventura de ver\u00e3o organizada pela c\u00e2mara municipal de Silves Atualidade\" \/>\n<meta property=\"og:url\" content=\"https:\/\/algarve7.pt\/index.php\/2024\/06\/ferias-super-fixe-uma-aventura-de-verao-organizada-pela-camara-municipal-de-silves\/atualidade\/11\/15\/\" \/>\n<meta property=\"og:site_name\" content=\"Algarve 7\" \/>\n<meta property=\"article:publisher\" content=\"https:\/\/www.facebook.com\/algarve7\" \/>\n<meta property=\"article:author\" content=\"https:\/\/www.facebook.com\/algarve7\" \/>\n<meta property=\"article:published_time\" content=\"2024-06-10T10:15:00+00:00\" \/>\n<meta property=\"og:image\" content=\"https:\/\/algarve7.pt\/wp-content\/uploads\/2024\/06\/NOTICIA_FSFVERAO\u00b424.jpg\" \/>\n\t<meta property=\"og:image:width\" content=\"800\" \/>\n\t<meta property=\"og:image:height\" content=\"470\" \/>\n\t<meta property=\"og:image:type\" content=\"image\/jpeg\" \/>\n<meta name=\"author\" content=\"Algarve 7\" \/>\n<meta name=\"twitter:card\" content=\"summary_large_image\" \/>\n<meta name=\"twitter:creator\" content=\"@Algarvesete\" \/>\n<meta name=\"twitter:site\" content=\"@Algarvesete\" \/>\n<meta name=\"twitter:label1\" content=\"Escrito por\" \/>\n\t<meta name=\"twitter:data1\" content=\"Algarve 7\" \/>\n\t<meta name=\"twitter:label2\" content=\"Tempo estimado de leitura\" \/>\n\t<meta name=\"twitter:data2\" content=\"3 minutos\" \/>\n<script type=\"application\/ld+json\" class=\"yoast-schema-graph\">{\"@context\":\"https:\\\/\\\/schema.org\",\"@graph\":[{\"@type\":\"Article\",\"@id\":\"https:\\\/\\\/algarve7.pt\\\/index.php\\\/2024\\\/06\\\/ferias-super-fixe-uma-aventura-de-verao-organizada-pela-camara-municipal-de-silves\\\/atualidade\\\/11\\\/15\\\/#article\",\"isPartOf\":{\"@id\":\"https:\\\/\\\/algarve7.pt\\\/index.php\\\/2024\\\/06\\\/ferias-super-fixe-uma-aventura-de-verao-organizada-pela-camara-municipal-de-silves\\\/atualidade\\\/11\\\/15\\\/\"},\"author\":{\"name\":\"Algarve 7\",\"@id\":\"https:\\\/\\\/algarve7.pt\\\/#\\\/schema\\\/person\\\/23fa70681308e7b319a3204bcea45e0c\"},\"headline\":\"F\u00e9rias super fixe: uma aventura de ver\u00e3o organizada pela c\u00e2mara municipal de Silves\",\"datePublished\":\"2024-06-10T10:15:00+00:00\",\"mainEntityOfPage\":{\"@id\":\"https:\\\/\\\/algarve7.pt\\\/index.php\\\/2024\\\/06\\\/ferias-super-fixe-uma-aventura-de-verao-organizada-pela-camara-municipal-de-silves\\\/atualidade\\\/11\\\/15\\\/\"},\"wordCount\":468,\"publisher\":{\"@id\":\"https:\\\/\\\/algarve7.pt\\\/#organization\"},\"image\":{\"@id\":\"https:\\\/\\\/algarve7.pt\\\/index.php\\\/2024\\\/06\\\/ferias-super-fixe-uma-aventura-de-verao-organizada-pela-camara-municipal-de-silves\\\/atualidade\\\/11\\\/15\\\/#primaryimage\"},\"thumbnailUrl\":\"https:\\\/\\\/algarve7.pt\\\/wp-content\\\/uploads\\\/2024\\\/06\\\/NOTICIA_FSFVERAO\u00b424.jpg\",\"keywords\":[\"Algarve\",\"Atualidade\",\"Silves\"],\"articleSection\":[\"Atualidade\"],\"inLanguage\":\"pt-PT\"},{\"@type\":\"WebPage\",\"@id\":\"https:\\\/\\\/algarve7.pt\\\/index.php\\\/2024\\\/06\\\/ferias-super-fixe-uma-aventura-de-verao-organizada-pela-camara-municipal-de-silves\\\/atualidade\\\/11\\\/15\\\/\",\"url\":\"https:\\\/\\\/algarve7.pt\\\/index.php\\\/2024\\\/06\\\/ferias-super-fixe-uma-aventura-de-verao-organizada-pela-camara-municipal-de-silves\\\/atualidade\\\/11\\\/15\\\/\",\"name\":\"F\u00e9rias super fixe: uma aventura de ver\u00e3o organizada pela c\u00e2mara municipal de Silves - Algarve 7\",\"isPartOf\":{\"@id\":\"https:\\\/\\\/algarve7.pt\\\/#website\"},\"primaryImageOfPage\":{\"@id\":\"https:\\\/\\\/algarve7.pt\\\/index.php\\\/2024\\\/06\\\/ferias-super-fixe-uma-aventura-de-verao-organizada-pela-camara-municipal-de-silves\\\/atualidade\\\/11\\\/15\\\/#primaryimage\"},\"image\":{\"@id\":\"https:\\\/\\\/algarve7.pt\\\/index.php\\\/2024\\\/06\\\/ferias-super-fixe-uma-aventura-de-verao-organizada-pela-camara-municipal-de-silves\\\/atualidade\\\/11\\\/15\\\/#primaryimage\"},\"thumbnailUrl\":\"https:\\\/\\\/algarve7.pt\\\/wp-content\\\/uploads\\\/2024\\\/06\\\/NOTICIA_FSFVERAO\u00b424.jpg\",\"datePublished\":\"2024-06-10T10:15:00+00:00\",\"description\":\"F\u00e9rias super fixe: uma aventura de ver\u00e3o organizada pela c\u00e2mara municipal de Silves Atualidade\",\"breadcrumb\":{\"@id\":\"https:\\\/\\\/algarve7.pt\\\/index.php\\\/2024\\\/06\\\/ferias-super-fixe-uma-aventura-de-verao-organizada-pela-camara-municipal-de-silves\\\/atualidade\\\/11\\\/15\\\/#breadcrumb\"},\"inLanguage\":\"pt-PT\",\"potentialAction\":[{\"@type\":\"ReadAction\",\"target\":[\"https:\\\/\\\/algarve7.pt\\\/index.php\\\/2024\\\/06\\\/ferias-super-fixe-uma-aventura-de-verao-organizada-pela-camara-municipal-de-silves\\\/atualidade\\\/11\\\/15\\\/\"]}]},{\"@type\":\"ImageObject\",\"inLanguage\":\"pt-PT\",\"@id\":\"https:\\\/\\\/algarve7.pt\\\/index.php\\\/2024\\\/06\\\/ferias-super-fixe-uma-aventura-de-verao-organizada-pela-camara-municipal-de-silves\\\/atualidade\\\/11\\\/15\\\/#primaryimage\",\"url\":\"https:\\\/\\\/algarve7.pt\\\/wp-content\\\/uploads\\\/2024\\\/06\\\/NOTICIA_FSFVERAO\u00b424.jpg\",\"contentUrl\":\"https:\\\/\\\/algarve7.pt\\\/wp-content\\\/uploads\\\/2024\\\/06\\\/NOTICIA_FSFVERAO\u00b424.jpg\",\"width\":800,\"height\":470},{\"@type\":\"BreadcrumbList\",\"@id\":\"https:\\\/\\\/algarve7.pt\\\/index.php\\\/2024\\\/06\\\/ferias-super-fixe-uma-aventura-de-verao-organizada-pela-camara-municipal-de-silves\\\/atualidade\\\/11\\\/15\\\/#breadcrumb\",\"itemListElement\":[{\"@type\":\"ListItem\",\"position\":1,\"name\":\"In\u00edcio\",\"item\":\"https:\\\/\\\/algarve7.pt\\\/\"},{\"@type\":\"ListItem\",\"position\":2,\"name\":\"F\u00e9rias super fixe: uma aventura de ver\u00e3o organizada pela c\u00e2mara municipal de Silves\"}]},{\"@type\":\"WebSite\",\"@id\":\"https:\\\/\\\/algarve7.pt\\\/#website\",\"url\":\"https:\\\/\\\/algarve7.pt\\\/\",\"name\":\"Algarve 7\",\"description\":\"Informa\u00e7\u00e3o sobre o Algarve\",\"publisher\":{\"@id\":\"https:\\\/\\\/algarve7.pt\\\/#organization\"},\"potentialAction\":[{\"@type\":\"SearchAction\",\"target\":{\"@type\":\"EntryPoint\",\"urlTemplate\":\"https:\\\/\\\/algarve7.pt\\\/?s={search_term_string}\"},\"query-input\":{\"@type\":\"PropertyValueSpecification\",\"valueRequired\":true,\"valueName\":\"search_term_string\"}}],\"inLanguage\":\"pt-PT\"},{\"@type\":\"Organization\",\"@id\":\"https:\\\/\\\/algarve7.pt\\\/#organization\",\"name\":\"Algarve 7\",\"url\":\"https:\\\/\\\/algarve7.pt\\\/\",\"logo\":{\"@type\":\"ImageObject\",\"inLanguage\":\"pt-PT\",\"@id\":\"https:\\\/\\\/algarve7.pt\\\/#\\\/schema\\\/logo\\\/image\\\/\",\"url\":\"https:\\\/\\\/algarve7.pt\\\/wp-content\\\/uploads\\\/2020\\\/10\\\/Logo-8.jpg\",\"contentUrl\":\"https:\\\/\\\/algarve7.pt\\\/wp-content\\\/uploads\\\/2020\\\/10\\\/Logo-8.jpg\",\"width\":1680,\"height\":1186,\"caption\":\"Algarve 7\"},\"image\":{\"@id\":\"https:\\\/\\\/algarve7.pt\\\/#\\\/schema\\\/logo\\\/image\\\/\"},\"sameAs\":[\"https:\\\/\\\/www.facebook.com\\\/algarve7\",\"https:\\\/\\\/x.com\\\/Algarvesete\",\"https:\\\/\\\/www.instagram.com\\\/jornalalgarve7\\\/\",\"https:\\\/\\\/www.linkedin.com\\\/company\\\/algarve7\",\"https:\\\/\\\/www.pinterest.pt\\\/geral0939\\\/_created\\\/\"]},{\"@type\":\"Person\",\"@id\":\"https:\\\/\\\/algarve7.pt\\\/#\\\/schema\\\/person\\\/23fa70681308e7b319a3204bcea45e0c\",\"name\":\"Algarve 7\",\"sameAs\":[\"https:\\\/\\\/algarve7.pt\",\"https:\\\/\\\/www.facebook.com\\\/algarve7\"],\"url\":\"https:\\\/\\\/algarve7.pt\\\/index.php\\\/author\\\/geralalgarve7-pt\\\/\"}]}<\/script>\n<!-- \/ Yoast SEO plugin. -->","yoast_head_json":{"title":"F\u00e9rias super fixe: uma aventura de ver\u00e3o organizada pela c\u00e2mara municipal de Silves - Algarve 7","description":"F\u00e9rias super fixe: uma aventura de ver\u00e3o organizada pela c\u00e2mara municipal de Silves Atualidade","robots":{"index":"index","follow":"follow","max-snippet":"max-snippet:-1","max-image-preview":"max-image-preview:large","max-video-preview":"max-video-preview:-1"},"canonical":"https:\/\/algarve7.pt\/index.php\/2024\/06\/ferias-super-fixe-uma-aventura-de-verao-organizada-pela-camara-municipal-de-silves\/atualidade\/11\/15\/","og_locale":"pt_PT","og_type":"article","og_title":"F\u00e9rias super fixe: uma aventura de ver\u00e3o organizada pela c\u00e2mara municipal de Silves - Algarve 7","og_description":"F\u00e9rias super fixe: uma aventura de ver\u00e3o organizada pela c\u00e2mara municipal de Silves Atualidade","og_url":"https:\/\/algarve7.pt\/index.php\/2024\/06\/ferias-super-fixe-uma-aventura-de-verao-organizada-pela-camara-municipal-de-silves\/atualidade\/11\/15\/","og_site_name":"Algarve 7","article_publisher":"https:\/\/www.facebook.com\/algarve7","article_author":"https:\/\/www.facebook.com\/algarve7","article_published_time":"2024-06-10T10:15:00+00:00","og_image":[{"width":800,"height":470,"url":"https:\/\/algarve7.pt\/wp-content\/uploads\/2024\/06\/NOTICIA_FSFVERAO\u00b424.jpg","type":"image\/jpeg"}],"author":"Algarve 7","twitter_card":"summary_large_image","twitter_creator":"@Algarvesete","twitter_site":"@Algarvesete","twitter_misc":{"Escrito por":"Algarve 7","Tempo estimado de leitura":"3 minutos"},"schema":{"@context":"https:\/\/schema.org","@graph":[{"@type":"Article","@id":"https:\/\/algarve7.pt\/index.php\/2024\/06\/ferias-super-fixe-uma-aventura-de-verao-organizada-pela-camara-municipal-de-silves\/atualidade\/11\/15\/#article","isPartOf":{"@id":"https:\/\/algarve7.pt\/index.php\/2024\/06\/ferias-super-fixe-uma-aventura-de-verao-organizada-pela-camara-municipal-de-silves\/atualidade\/11\/15\/"},"author":{"name":"Algarve 7","@id":"https:\/\/algarve7.pt\/#\/schema\/person\/23fa70681308e7b319a3204bcea45e0c"},"headline":"F\u00e9rias super fixe: uma aventura de ver\u00e3o organizada pela c\u00e2mara municipal de Silves","datePublished":"2024-06-10T10:15:00+00:00","mainEntityOfPage":{"@id":"https:\/\/algarve7.pt\/index.php\/2024\/06\/ferias-super-fixe-uma-aventura-de-verao-organizada-pela-camara-municipal-de-silves\/atualidade\/11\/15\/"},"wordCount":468,"publisher":{"@id":"https:\/\/algarve7.pt\/#organization"},"image":{"@id":"https:\/\/algarve7.pt\/index.php\/2024\/06\/ferias-super-fixe-uma-aventura-de-verao-organizada-pela-camara-municipal-de-silves\/atualidade\/11\/15\/#primaryimage"},"thumbnailUrl":"https:\/\/algarve7.pt\/wp-content\/uploads\/2024\/06\/NOTICIA_FSFVERAO\u00b424.jpg","keywords":["Algarve","Atualidade","Silves"],"articleSection":["Atualidade"],"inLanguage":"pt-PT"},{"@type":"WebPage","@id":"https:\/\/algarve7.pt\/index.php\/2024\/06\/ferias-super-fixe-uma-aventura-de-verao-organizada-pela-camara-municipal-de-silves\/atualidade\/11\/15\/","url":"https:\/\/algarve7.pt\/index.php\/2024\/06\/ferias-super-fixe-uma-aventura-de-verao-organizada-pela-camara-municipal-de-silves\/atualidade\/11\/15\/","name":"F\u00e9rias super fixe: uma aventura de ver\u00e3o organizada pela c\u00e2mara municipal de Silves - Algarve 7","isPartOf":{"@id":"https:\/\/algarve7.pt\/#website"},"primaryImageOfPage":{"@id":"https:\/\/algarve7.pt\/index.php\/2024\/06\/ferias-super-fixe-uma-aventura-de-verao-organizada-pela-camara-municipal-de-silves\/atualidade\/11\/15\/#primaryimage"},"image":{"@id":"https:\/\/algarve7.pt\/index.php\/2024\/06\/ferias-super-fixe-uma-aventura-de-verao-organizada-pela-camara-municipal-de-silves\/atualidade\/11\/15\/#primaryimage"},"thumbnailUrl":"https:\/\/algarve7.pt\/wp-content\/uploads\/2024\/06\/NOTICIA_FSFVERAO\u00b424.jpg","datePublished":"2024-06-10T10:15:00+00:00","description":"F\u00e9rias super fixe: uma aventura de ver\u00e3o organizada pela c\u00e2mara municipal de Silves Atualidade","breadcrumb":{"@id":"https:\/\/algarve7.pt\/index.php\/2024\/06\/ferias-super-fixe-uma-aventura-de-verao-organizada-pela-camara-municipal-de-silves\/atualidade\/11\/15\/#breadcrumb"},"inLanguage":"pt-PT","potentialAction":[{"@type":"ReadAction","target":["https:\/\/algarve7.pt\/index.php\/2024\/06\/ferias-super-fixe-uma-aventura-de-verao-organizada-pela-camara-municipal-de-silves\/atualidade\/11\/15\/"]}]},{"@type":"ImageObject","inLanguage":"pt-PT","@id":"https:\/\/algarve7.pt\/index.php\/2024\/06\/ferias-super-fixe-uma-aventura-de-verao-organizada-pela-camara-municipal-de-silves\/atualidade\/11\/15\/#primaryimage","url":"https:\/\/algarve7.pt\/wp-content\/uploads\/2024\/06\/NOTICIA_FSFVERAO\u00b424.jpg","contentUrl":"https:\/\/algarve7.pt\/wp-content\/uploads\/2024\/06\/NOTICIA_FSFVERAO\u00b424.jpg","width":800,"height":470},{"@type":"BreadcrumbList","@id":"https:\/\/algarve7.pt\/index.php\/2024\/06\/ferias-super-fixe-uma-aventura-de-verao-organizada-pela-camara-municipal-de-silves\/atualidade\/11\/15\/#breadcrumb","itemListElement":[{"@type":"ListItem","position":1,"name":"In\u00edcio","item":"https:\/\/algarve7.pt\/"},{"@type":"ListItem","position":2,"name":"F\u00e9rias super fixe: uma aventura de ver\u00e3o organizada pela c\u00e2mara municipal de Silves"}]},{"@type":"WebSite","@id":"https:\/\/algarve7.pt\/#website","url":"https:\/\/algarve7.pt\/","name":"Algarve 7","description":"Informa\u00e7\u00e3o sobre o Algarve","publisher":{"@id":"https:\/\/algarve7.pt\/#organization"},"potentialAction":[{"@type":"SearchAction","target":{"@type":"EntryPoint","urlTemplate":"https:\/\/algarve7.pt\/?s={search_term_string}"},"query-input":{"@type":"PropertyValueSpecification","valueRequired":true,"valueName":"search_term_string"}}],"inLanguage":"pt-PT"},{"@type":"Organization","@id":"https:\/\/algarve7.pt\/#organization","name":"Algarve 7","url":"https:\/\/algarve7.pt\/","logo":{"@type":"ImageObject","inLanguage":"pt-PT","@id":"https:\/\/algarve7.pt\/#\/schema\/logo\/image\/","url":"https:\/\/algarve7.pt\/wp-content\/uploads\/2020\/10\/Logo-8.jpg","contentUrl":"https:\/\/algarve7.pt\/wp-content\/uploads\/2020\/10\/Logo-8.jpg","width":1680,"height":1186,"caption":"Algarve 7"},"image":{"@id":"https:\/\/algarve7.pt\/#\/schema\/logo\/image\/"},"sameAs":["https:\/\/www.facebook.com\/algarve7","https:\/\/x.com\/Algarvesete","https:\/\/www.instagram.com\/jornalalgarve7\/","https:\/\/www.linkedin.com\/company\/algarve7","https:\/\/www.pinterest.pt\/geral0939\/_created\/"]},{"@type":"Person","@id":"https:\/\/algarve7.pt\/#\/schema\/person\/23fa70681308e7b319a3204bcea45e0c","name":"Algarve 7","sameAs":["https:\/\/algarve7.pt","https:\/\/www.facebook.com\/algarve7"],"url":"https:\/\/algarve7.pt\/index.php\/author\/geralalgarve7-pt\/"}]}},"jetpack_publicize_connections":[],"jetpack_featured_media_url":"https:\/\/algarve7.pt\/wp-content\/uploads\/2024\/06\/NOTICIA_FSFVERAO\u00b424.jpg","jetpack_shortlink":"https:\/\/wp.me\/pcezmW-ai4","jetpack_sharing_enabled":true,"_links":{"self":[{"href":"https:\/\/algarve7.pt\/index.php\/wp-json\/wp\/v2\/posts\/39560","targetHints":{"allow":["GET"]}}],"collection":[{"href":"https:\/\/algarve7.pt\/index.php\/wp-json\/wp\/v2\/posts"}],"about":[{"href":"https:\/\/algarve7.pt\/index.php\/wp-json\/wp\/v2\/types\/post"}],"author":[{"embeddable":true,"href":"https:\/\/algarve7.pt\/index.php\/wp-json\/wp\/v2\/users\/1"}],"replies":[{"embeddable":true,"href":"https:\/\/algarve7.pt\/index.php\/wp-json\/wp\/v2\/comments?post=39560"}],"version-history":[{"count":0,"href":"https:\/\/algarve7.pt\/index.php\/wp-json\/wp\/v2\/posts\/39560\/revisions"}],"wp:featuredmedia":[{"embeddable":true,"href":"https:\/\/algarve7.pt\/index.php\/wp-json\/wp\/v2\/media\/39561"}],"wp:attachment":[{"href":"https:\/\/algarve7.pt\/index.php\/wp-json\/wp\/v2\/media?parent=39560"}],"wp:term":[{"taxonomy":"category","embeddable":true,"href":"https:\/\/algarve7.pt\/index.php\/wp-json\/wp\/v2\/categories?post=39560"},{"taxonomy":"post_tag","embeddable":true,"href":"https:\/\/algarve7.pt\/index.php\/wp-json\/wp\/v2\/tags?post=39560"}],"curies":[{"name":"wp","href":"https:\/\/api.w.org\/{rel}","templated":true}]}}