{"id":3925,"date":"2020-11-20T14:30:32","date_gmt":"2020-11-20T14:30:32","guid":{"rendered":"https:\/\/algarve7.pt\/?p=3925"},"modified":"2020-11-20T13:23:59","modified_gmt":"2020-11-20T13:23:59","slug":"protocolo-municipal-com-a-unidade-socio-ocupacional-da-casa-do-povo-de-sao-bartolomeu-de-messines","status":"publish","type":"post","link":"https:\/\/algarve7.pt\/index.php\/2020\/11\/protocolo-municipal-com-a-unidade-socio-ocupacional-da-casa-do-povo-de-sao-bartolomeu-de-messines\/atualidade\/14\/30\/","title":{"rendered":"Protocolo municipal com a unidade s\u00f3cio ocupacional da casa do povo de S\u00e3o Bartolomeu de Messines"},"content":{"rendered":"\n<p>A C\u00e2mara Municipal de Silves assinou, no dia 18 de novembro no Sal\u00e3o Nobre dos Pa\u00e7os do Concelho, um protocolo de colabora\u00e7\u00e3o com a Casa do Povo de S. Bartolomeu de Messines, no valor de \u20ac14&nbsp;200,00 (catorze mil e duzentos euros).<\/p>\n\n\n\n<p>Este documento pretende apoiar os utentes inseridos na Unidade S\u00f3cio Ocupacional, e a equipa que diariamente visita pessoas com doen\u00e7a mental grave. Uma das maiores dificuldades que esta val\u00eancia apresenta resulta da car\u00eancia de transportes para S\u00e3o Bartolomeu de Messines que permitam dar resposta \u00e0 necessidade dos utentes.&nbsp;<\/p>\n\n\n\n<p>De referir que o Executivo Municipal tinha contratualizado, anteriormente, um apoio \u00e0 Casa do Povo de S. Bartolomeu de Messines no valor de \u20ac 53.883,57 (cinquenta e tr\u00eas mil oitocentos e oitenta e tr\u00eas euros e cinquenta e sete c\u00eantimos) para apoiar as obras da Unidade S\u00f3cio Ocupacional.<\/p>\n\n\n\n<p>A celebra\u00e7\u00e3o deste protocolo veio refor\u00e7ar a import\u00e2ncia do apoio social na promo\u00e7\u00e3o e recupera\u00e7\u00e3o da sa\u00fade mental dos mun\u00edcipes.<\/p>\n","protected":false},"excerpt":{"rendered":"<p>A C\u00e2mara Municipal de Silves assinou, no dia 18 de novembro no Sal\u00e3o Nobre dos Pa\u00e7os do Concelho, um protocolo<\/p>\n","protected":false},"author":1,"featured_media":3926,"comment_status":"open","ping_status":"open","sticky":false,"template":"","format":"standard","meta":{"colormag_page_container_layout":"default_layout","colormag_page_sidebar_layout":"default_layout","_monsterinsights_skip_tracking":false,"_monsterinsights_sitenote_active":false,"_monsterinsights_sitenote_note":"","_monsterinsights_sitenote_category":0,"jetpack_post_was_ever_published":false,"_jetpack_newsletter_access":"","_jetpack_dont_email_post_to_subs":false,"_jetpack_newsletter_tier_id":0,"_jetpack_memberships_contains_paywalled_content":false,"_jetpack_memberships_contains_paid_content":false,"footnotes":"","jetpack_publicize_message":"","jetpack_publicize_feature_enabled":true,"jetpack_social_post_already_shared":true,"jetpack_social_options":{"image_generator_settings":{"template":"highway","default_image_id":0,"font":"","enabled":false},"version":2}},"categories":[11],"tags":[36,62,254,42],"class_list":["post-3925","post","type-post","status-publish","format-standard","has-post-thumbnail","hentry","category-atualidade","tag-algarve","tag-atualidade","tag-sao-bartolomeu-de-messines","tag-silves"],"yoast_head":"<!-- This site is optimized with the Yoast SEO plugin v27.5 - https:\/\/yoast.com\/product\/yoast-seo-wordpress\/ -->\n<title>Protocolo municipal com a unidade s\u00f3cio ocupacional da casa do povo de S\u00e3o Bartolomeu de Messines - Algarve 7<\/title>\n<meta name=\"description\" content=\"Protocolo municipal com a unidade s\u00f3cio ocupacional da casa do povo de S\u00e3o Bartolomeu de Messines Atualidade\" \/>\n<meta name=\"robots\" content=\"index, follow, max-snippet:-1, max-image-preview:large, max-video-preview:-1\" \/>\n<link rel=\"canonical\" href=\"https:\/\/algarve7.pt\/index.php\/2020\/11\/protocolo-municipal-com-a-unidade-socio-ocupacional-da-casa-do-povo-de-sao-bartolomeu-de-messines\/atualidade\/14\/30\/\" \/>\n<meta property=\"og:locale\" content=\"pt_PT\" \/>\n<meta property=\"og:type\" content=\"article\" \/>\n<meta property=\"og:title\" content=\"Protocolo municipal com a unidade s\u00f3cio ocupacional da casa do povo de S\u00e3o Bartolomeu de Messines - Algarve 7\" \/>\n<meta property=\"og:description\" content=\"Protocolo municipal com a unidade s\u00f3cio ocupacional da casa do povo de S\u00e3o Bartolomeu de Messines Atualidade\" \/>\n<meta property=\"og:url\" content=\"https:\/\/algarve7.pt\/index.php\/2020\/11\/protocolo-municipal-com-a-unidade-socio-ocupacional-da-casa-do-povo-de-sao-bartolomeu-de-messines\/atualidade\/14\/30\/\" \/>\n<meta property=\"og:site_name\" content=\"Algarve 7\" \/>\n<meta property=\"article:publisher\" content=\"https:\/\/www.facebook.com\/algarve7\" \/>\n<meta property=\"article:author\" content=\"https:\/\/www.facebook.com\/algarve7\" \/>\n<meta property=\"article:published_time\" content=\"2020-11-20T14:30:32+00:00\" \/>\n<meta property=\"og:image\" content=\"https:\/\/algarve7.pt\/wp-content\/uploads\/2020\/11\/Assinatura-Protocolo_Noticia.jpg\" \/>\n\t<meta property=\"og:image:width\" content=\"1280\" \/>\n\t<meta property=\"og:image:height\" content=\"620\" \/>\n\t<meta property=\"og:image:type\" content=\"image\/jpeg\" \/>\n<meta name=\"author\" content=\"Algarve 7\" \/>\n<meta name=\"twitter:card\" content=\"summary_large_image\" \/>\n<meta name=\"twitter:creator\" content=\"@Algarvesete\" \/>\n<meta name=\"twitter:site\" content=\"@Algarvesete\" \/>\n<meta name=\"twitter:label1\" content=\"Escrito por\" \/>\n\t<meta name=\"twitter:data1\" content=\"Algarve 7\" \/>\n\t<meta name=\"twitter:label2\" content=\"Tempo estimado de leitura\" \/>\n\t<meta name=\"twitter:data2\" content=\"1 minuto\" \/>\n<script type=\"application\/ld+json\" class=\"yoast-schema-graph\">{\"@context\":\"https:\\\/\\\/schema.org\",\"@graph\":[{\"@type\":\"Article\",\"@id\":\"https:\\\/\\\/algarve7.pt\\\/index.php\\\/2020\\\/11\\\/protocolo-municipal-com-a-unidade-socio-ocupacional-da-casa-do-povo-de-sao-bartolomeu-de-messines\\\/atualidade\\\/14\\\/30\\\/#article\",\"isPartOf\":{\"@id\":\"https:\\\/\\\/algarve7.pt\\\/index.php\\\/2020\\\/11\\\/protocolo-municipal-com-a-unidade-socio-ocupacional-da-casa-do-povo-de-sao-bartolomeu-de-messines\\\/atualidade\\\/14\\\/30\\\/\"},\"author\":{\"name\":\"Algarve 7\",\"@id\":\"https:\\\/\\\/algarve7.pt\\\/#\\\/schema\\\/person\\\/23fa70681308e7b319a3204bcea45e0c\"},\"headline\":\"Protocolo municipal com a unidade s\u00f3cio ocupacional da casa do povo de S\u00e3o Bartolomeu de Messines\",\"datePublished\":\"2020-11-20T14:30:32+00:00\",\"mainEntityOfPage\":{\"@id\":\"https:\\\/\\\/algarve7.pt\\\/index.php\\\/2020\\\/11\\\/protocolo-municipal-com-a-unidade-socio-ocupacional-da-casa-do-povo-de-sao-bartolomeu-de-messines\\\/atualidade\\\/14\\\/30\\\/\"},\"wordCount\":191,\"commentCount\":0,\"publisher\":{\"@id\":\"https:\\\/\\\/algarve7.pt\\\/#organization\"},\"image\":{\"@id\":\"https:\\\/\\\/algarve7.pt\\\/index.php\\\/2020\\\/11\\\/protocolo-municipal-com-a-unidade-socio-ocupacional-da-casa-do-povo-de-sao-bartolomeu-de-messines\\\/atualidade\\\/14\\\/30\\\/#primaryimage\"},\"thumbnailUrl\":\"https:\\\/\\\/algarve7.pt\\\/wp-content\\\/uploads\\\/2020\\\/11\\\/Assinatura-Protocolo_Noticia.jpg\",\"keywords\":[\"Algarve\",\"Atualidade\",\"S\u00e3o Bartolomeu de Messines\",\"Silves\"],\"articleSection\":[\"Atualidade\"],\"inLanguage\":\"pt-PT\",\"potentialAction\":[{\"@type\":\"CommentAction\",\"name\":\"Comment\",\"target\":[\"https:\\\/\\\/algarve7.pt\\\/index.php\\\/2020\\\/11\\\/protocolo-municipal-com-a-unidade-socio-ocupacional-da-casa-do-povo-de-sao-bartolomeu-de-messines\\\/atualidade\\\/14\\\/30\\\/#respond\"]}]},{\"@type\":\"WebPage\",\"@id\":\"https:\\\/\\\/algarve7.pt\\\/index.php\\\/2020\\\/11\\\/protocolo-municipal-com-a-unidade-socio-ocupacional-da-casa-do-povo-de-sao-bartolomeu-de-messines\\\/atualidade\\\/14\\\/30\\\/\",\"url\":\"https:\\\/\\\/algarve7.pt\\\/index.php\\\/2020\\\/11\\\/protocolo-municipal-com-a-unidade-socio-ocupacional-da-casa-do-povo-de-sao-bartolomeu-de-messines\\\/atualidade\\\/14\\\/30\\\/\",\"name\":\"Protocolo municipal com a unidade s\u00f3cio ocupacional da casa do povo de S\u00e3o Bartolomeu de Messines - Algarve 7\",\"isPartOf\":{\"@id\":\"https:\\\/\\\/algarve7.pt\\\/#website\"},\"primaryImageOfPage\":{\"@id\":\"https:\\\/\\\/algarve7.pt\\\/index.php\\\/2020\\\/11\\\/protocolo-municipal-com-a-unidade-socio-ocupacional-da-casa-do-povo-de-sao-bartolomeu-de-messines\\\/atualidade\\\/14\\\/30\\\/#primaryimage\"},\"image\":{\"@id\":\"https:\\\/\\\/algarve7.pt\\\/index.php\\\/2020\\\/11\\\/protocolo-municipal-com-a-unidade-socio-ocupacional-da-casa-do-povo-de-sao-bartolomeu-de-messines\\\/atualidade\\\/14\\\/30\\\/#primaryimage\"},\"thumbnailUrl\":\"https:\\\/\\\/algarve7.pt\\\/wp-content\\\/uploads\\\/2020\\\/11\\\/Assinatura-Protocolo_Noticia.jpg\",\"datePublished\":\"2020-11-20T14:30:32+00:00\",\"description\":\"Protocolo municipal com a unidade s\u00f3cio ocupacional da casa do povo de S\u00e3o Bartolomeu de Messines Atualidade\",\"breadcrumb\":{\"@id\":\"https:\\\/\\\/algarve7.pt\\\/index.php\\\/2020\\\/11\\\/protocolo-municipal-com-a-unidade-socio-ocupacional-da-casa-do-povo-de-sao-bartolomeu-de-messines\\\/atualidade\\\/14\\\/30\\\/#breadcrumb\"},\"inLanguage\":\"pt-PT\",\"potentialAction\":[{\"@type\":\"ReadAction\",\"target\":[\"https:\\\/\\\/algarve7.pt\\\/index.php\\\/2020\\\/11\\\/protocolo-municipal-com-a-unidade-socio-ocupacional-da-casa-do-povo-de-sao-bartolomeu-de-messines\\\/atualidade\\\/14\\\/30\\\/\"]}]},{\"@type\":\"ImageObject\",\"inLanguage\":\"pt-PT\",\"@id\":\"https:\\\/\\\/algarve7.pt\\\/index.php\\\/2020\\\/11\\\/protocolo-municipal-com-a-unidade-socio-ocupacional-da-casa-do-povo-de-sao-bartolomeu-de-messines\\\/atualidade\\\/14\\\/30\\\/#primaryimage\",\"url\":\"https:\\\/\\\/algarve7.pt\\\/wp-content\\\/uploads\\\/2020\\\/11\\\/Assinatura-Protocolo_Noticia.jpg\",\"contentUrl\":\"https:\\\/\\\/algarve7.pt\\\/wp-content\\\/uploads\\\/2020\\\/11\\\/Assinatura-Protocolo_Noticia.jpg\",\"width\":1280,\"height\":620},{\"@type\":\"BreadcrumbList\",\"@id\":\"https:\\\/\\\/algarve7.pt\\\/index.php\\\/2020\\\/11\\\/protocolo-municipal-com-a-unidade-socio-ocupacional-da-casa-do-povo-de-sao-bartolomeu-de-messines\\\/atualidade\\\/14\\\/30\\\/#breadcrumb\",\"itemListElement\":[{\"@type\":\"ListItem\",\"position\":1,\"name\":\"In\u00edcio\",\"item\":\"https:\\\/\\\/algarve7.pt\\\/\"},{\"@type\":\"ListItem\",\"position\":2,\"name\":\"Protocolo municipal com a unidade s\u00f3cio ocupacional da casa do povo de S\u00e3o Bartolomeu de Messines\"}]},{\"@type\":\"WebSite\",\"@id\":\"https:\\\/\\\/algarve7.pt\\\/#website\",\"url\":\"https:\\\/\\\/algarve7.pt\\\/\",\"name\":\"Algarve 7\",\"description\":\"Informa\u00e7\u00e3o sobre o Algarve\",\"publisher\":{\"@id\":\"https:\\\/\\\/algarve7.pt\\\/#organization\"},\"potentialAction\":[{\"@type\":\"SearchAction\",\"target\":{\"@type\":\"EntryPoint\",\"urlTemplate\":\"https:\\\/\\\/algarve7.pt\\\/?s={search_term_string}\"},\"query-input\":{\"@type\":\"PropertyValueSpecification\",\"valueRequired\":true,\"valueName\":\"search_term_string\"}}],\"inLanguage\":\"pt-PT\"},{\"@type\":\"Organization\",\"@id\":\"https:\\\/\\\/algarve7.pt\\\/#organization\",\"name\":\"Algarve 7\",\"url\":\"https:\\\/\\\/algarve7.pt\\\/\",\"logo\":{\"@type\":\"ImageObject\",\"inLanguage\":\"pt-PT\",\"@id\":\"https:\\\/\\\/algarve7.pt\\\/#\\\/schema\\\/logo\\\/image\\\/\",\"url\":\"https:\\\/\\\/algarve7.pt\\\/wp-content\\\/uploads\\\/2020\\\/10\\\/Logo-8.jpg\",\"contentUrl\":\"https:\\\/\\\/algarve7.pt\\\/wp-content\\\/uploads\\\/2020\\\/10\\\/Logo-8.jpg\",\"width\":1680,\"height\":1186,\"caption\":\"Algarve 7\"},\"image\":{\"@id\":\"https:\\\/\\\/algarve7.pt\\\/#\\\/schema\\\/logo\\\/image\\\/\"},\"sameAs\":[\"https:\\\/\\\/www.facebook.com\\\/algarve7\",\"https:\\\/\\\/x.com\\\/Algarvesete\",\"https:\\\/\\\/www.instagram.com\\\/jornalalgarve7\\\/\",\"https:\\\/\\\/www.linkedin.com\\\/company\\\/algarve7\",\"https:\\\/\\\/www.pinterest.pt\\\/geral0939\\\/_created\\\/\"]},{\"@type\":\"Person\",\"@id\":\"https:\\\/\\\/algarve7.pt\\\/#\\\/schema\\\/person\\\/23fa70681308e7b319a3204bcea45e0c\",\"name\":\"Algarve 7\",\"sameAs\":[\"https:\\\/\\\/algarve7.pt\",\"https:\\\/\\\/www.facebook.com\\\/algarve7\"],\"url\":\"https:\\\/\\\/algarve7.pt\\\/index.php\\\/author\\\/geralalgarve7-pt\\\/\"}]}<\/script>\n<!-- \/ Yoast SEO plugin. -->","yoast_head_json":{"title":"Protocolo municipal com a unidade s\u00f3cio ocupacional da casa do povo de S\u00e3o Bartolomeu de Messines - Algarve 7","description":"Protocolo municipal com a unidade s\u00f3cio ocupacional da casa do povo de S\u00e3o Bartolomeu de Messines Atualidade","robots":{"index":"index","follow":"follow","max-snippet":"max-snippet:-1","max-image-preview":"max-image-preview:large","max-video-preview":"max-video-preview:-1"},"canonical":"https:\/\/algarve7.pt\/index.php\/2020\/11\/protocolo-municipal-com-a-unidade-socio-ocupacional-da-casa-do-povo-de-sao-bartolomeu-de-messines\/atualidade\/14\/30\/","og_locale":"pt_PT","og_type":"article","og_title":"Protocolo municipal com a unidade s\u00f3cio ocupacional da casa do povo de S\u00e3o Bartolomeu de Messines - Algarve 7","og_description":"Protocolo municipal com a unidade s\u00f3cio ocupacional da casa do povo de S\u00e3o Bartolomeu de Messines Atualidade","og_url":"https:\/\/algarve7.pt\/index.php\/2020\/11\/protocolo-municipal-com-a-unidade-socio-ocupacional-da-casa-do-povo-de-sao-bartolomeu-de-messines\/atualidade\/14\/30\/","og_site_name":"Algarve 7","article_publisher":"https:\/\/www.facebook.com\/algarve7","article_author":"https:\/\/www.facebook.com\/algarve7","article_published_time":"2020-11-20T14:30:32+00:00","og_image":[{"width":1280,"height":620,"url":"https:\/\/algarve7.pt\/wp-content\/uploads\/2020\/11\/Assinatura-Protocolo_Noticia.jpg","type":"image\/jpeg"}],"author":"Algarve 7","twitter_card":"summary_large_image","twitter_creator":"@Algarvesete","twitter_site":"@Algarvesete","twitter_misc":{"Escrito por":"Algarve 7","Tempo estimado de leitura":"1 minuto"},"schema":{"@context":"https:\/\/schema.org","@graph":[{"@type":"Article","@id":"https:\/\/algarve7.pt\/index.php\/2020\/11\/protocolo-municipal-com-a-unidade-socio-ocupacional-da-casa-do-povo-de-sao-bartolomeu-de-messines\/atualidade\/14\/30\/#article","isPartOf":{"@id":"https:\/\/algarve7.pt\/index.php\/2020\/11\/protocolo-municipal-com-a-unidade-socio-ocupacional-da-casa-do-povo-de-sao-bartolomeu-de-messines\/atualidade\/14\/30\/"},"author":{"name":"Algarve 7","@id":"https:\/\/algarve7.pt\/#\/schema\/person\/23fa70681308e7b319a3204bcea45e0c"},"headline":"Protocolo municipal com a unidade s\u00f3cio ocupacional da casa do povo de S\u00e3o Bartolomeu de Messines","datePublished":"2020-11-20T14:30:32+00:00","mainEntityOfPage":{"@id":"https:\/\/algarve7.pt\/index.php\/2020\/11\/protocolo-municipal-com-a-unidade-socio-ocupacional-da-casa-do-povo-de-sao-bartolomeu-de-messines\/atualidade\/14\/30\/"},"wordCount":191,"commentCount":0,"publisher":{"@id":"https:\/\/algarve7.pt\/#organization"},"image":{"@id":"https:\/\/algarve7.pt\/index.php\/2020\/11\/protocolo-municipal-com-a-unidade-socio-ocupacional-da-casa-do-povo-de-sao-bartolomeu-de-messines\/atualidade\/14\/30\/#primaryimage"},"thumbnailUrl":"https:\/\/algarve7.pt\/wp-content\/uploads\/2020\/11\/Assinatura-Protocolo_Noticia.jpg","keywords":["Algarve","Atualidade","S\u00e3o Bartolomeu de Messines","Silves"],"articleSection":["Atualidade"],"inLanguage":"pt-PT","potentialAction":[{"@type":"CommentAction","name":"Comment","target":["https:\/\/algarve7.pt\/index.php\/2020\/11\/protocolo-municipal-com-a-unidade-socio-ocupacional-da-casa-do-povo-de-sao-bartolomeu-de-messines\/atualidade\/14\/30\/#respond"]}]},{"@type":"WebPage","@id":"https:\/\/algarve7.pt\/index.php\/2020\/11\/protocolo-municipal-com-a-unidade-socio-ocupacional-da-casa-do-povo-de-sao-bartolomeu-de-messines\/atualidade\/14\/30\/","url":"https:\/\/algarve7.pt\/index.php\/2020\/11\/protocolo-municipal-com-a-unidade-socio-ocupacional-da-casa-do-povo-de-sao-bartolomeu-de-messines\/atualidade\/14\/30\/","name":"Protocolo municipal com a unidade s\u00f3cio ocupacional da casa do povo de S\u00e3o Bartolomeu de Messines - Algarve 7","isPartOf":{"@id":"https:\/\/algarve7.pt\/#website"},"primaryImageOfPage":{"@id":"https:\/\/algarve7.pt\/index.php\/2020\/11\/protocolo-municipal-com-a-unidade-socio-ocupacional-da-casa-do-povo-de-sao-bartolomeu-de-messines\/atualidade\/14\/30\/#primaryimage"},"image":{"@id":"https:\/\/algarve7.pt\/index.php\/2020\/11\/protocolo-municipal-com-a-unidade-socio-ocupacional-da-casa-do-povo-de-sao-bartolomeu-de-messines\/atualidade\/14\/30\/#primaryimage"},"thumbnailUrl":"https:\/\/algarve7.pt\/wp-content\/uploads\/2020\/11\/Assinatura-Protocolo_Noticia.jpg","datePublished":"2020-11-20T14:30:32+00:00","description":"Protocolo municipal com a unidade s\u00f3cio ocupacional da casa do povo de S\u00e3o Bartolomeu de Messines Atualidade","breadcrumb":{"@id":"https:\/\/algarve7.pt\/index.php\/2020\/11\/protocolo-municipal-com-a-unidade-socio-ocupacional-da-casa-do-povo-de-sao-bartolomeu-de-messines\/atualidade\/14\/30\/#breadcrumb"},"inLanguage":"pt-PT","potentialAction":[{"@type":"ReadAction","target":["https:\/\/algarve7.pt\/index.php\/2020\/11\/protocolo-municipal-com-a-unidade-socio-ocupacional-da-casa-do-povo-de-sao-bartolomeu-de-messines\/atualidade\/14\/30\/"]}]},{"@type":"ImageObject","inLanguage":"pt-PT","@id":"https:\/\/algarve7.pt\/index.php\/2020\/11\/protocolo-municipal-com-a-unidade-socio-ocupacional-da-casa-do-povo-de-sao-bartolomeu-de-messines\/atualidade\/14\/30\/#primaryimage","url":"https:\/\/algarve7.pt\/wp-content\/uploads\/2020\/11\/Assinatura-Protocolo_Noticia.jpg","contentUrl":"https:\/\/algarve7.pt\/wp-content\/uploads\/2020\/11\/Assinatura-Protocolo_Noticia.jpg","width":1280,"height":620},{"@type":"BreadcrumbList","@id":"https:\/\/algarve7.pt\/index.php\/2020\/11\/protocolo-municipal-com-a-unidade-socio-ocupacional-da-casa-do-povo-de-sao-bartolomeu-de-messines\/atualidade\/14\/30\/#breadcrumb","itemListElement":[{"@type":"ListItem","position":1,"name":"In\u00edcio","item":"https:\/\/algarve7.pt\/"},{"@type":"ListItem","position":2,"name":"Protocolo municipal com a unidade s\u00f3cio ocupacional da casa do povo de S\u00e3o Bartolomeu de Messines"}]},{"@type":"WebSite","@id":"https:\/\/algarve7.pt\/#website","url":"https:\/\/algarve7.pt\/","name":"Algarve 7","description":"Informa\u00e7\u00e3o sobre o Algarve","publisher":{"@id":"https:\/\/algarve7.pt\/#organization"},"potentialAction":[{"@type":"SearchAction","target":{"@type":"EntryPoint","urlTemplate":"https:\/\/algarve7.pt\/?s={search_term_string}"},"query-input":{"@type":"PropertyValueSpecification","valueRequired":true,"valueName":"search_term_string"}}],"inLanguage":"pt-PT"},{"@type":"Organization","@id":"https:\/\/algarve7.pt\/#organization","name":"Algarve 7","url":"https:\/\/algarve7.pt\/","logo":{"@type":"ImageObject","inLanguage":"pt-PT","@id":"https:\/\/algarve7.pt\/#\/schema\/logo\/image\/","url":"https:\/\/algarve7.pt\/wp-content\/uploads\/2020\/10\/Logo-8.jpg","contentUrl":"https:\/\/algarve7.pt\/wp-content\/uploads\/2020\/10\/Logo-8.jpg","width":1680,"height":1186,"caption":"Algarve 7"},"image":{"@id":"https:\/\/algarve7.pt\/#\/schema\/logo\/image\/"},"sameAs":["https:\/\/www.facebook.com\/algarve7","https:\/\/x.com\/Algarvesete","https:\/\/www.instagram.com\/jornalalgarve7\/","https:\/\/www.linkedin.com\/company\/algarve7","https:\/\/www.pinterest.pt\/geral0939\/_created\/"]},{"@type":"Person","@id":"https:\/\/algarve7.pt\/#\/schema\/person\/23fa70681308e7b319a3204bcea45e0c","name":"Algarve 7","sameAs":["https:\/\/algarve7.pt","https:\/\/www.facebook.com\/algarve7"],"url":"https:\/\/algarve7.pt\/index.php\/author\/geralalgarve7-pt\/"}]}},"jetpack_publicize_connections":[],"jetpack_featured_media_url":"https:\/\/algarve7.pt\/wp-content\/uploads\/2020\/11\/Assinatura-Protocolo_Noticia.jpg","jetpack_shortlink":"https:\/\/wp.me\/pcezmW-11j","jetpack_sharing_enabled":true,"_links":{"self":[{"href":"https:\/\/algarve7.pt\/index.php\/wp-json\/wp\/v2\/posts\/3925","targetHints":{"allow":["GET"]}}],"collection":[{"href":"https:\/\/algarve7.pt\/index.php\/wp-json\/wp\/v2\/posts"}],"about":[{"href":"https:\/\/algarve7.pt\/index.php\/wp-json\/wp\/v2\/types\/post"}],"author":[{"embeddable":true,"href":"https:\/\/algarve7.pt\/index.php\/wp-json\/wp\/v2\/users\/1"}],"replies":[{"embeddable":true,"href":"https:\/\/algarve7.pt\/index.php\/wp-json\/wp\/v2\/comments?post=3925"}],"version-history":[{"count":0,"href":"https:\/\/algarve7.pt\/index.php\/wp-json\/wp\/v2\/posts\/3925\/revisions"}],"wp:featuredmedia":[{"embeddable":true,"href":"https:\/\/algarve7.pt\/index.php\/wp-json\/wp\/v2\/media\/3926"}],"wp:attachment":[{"href":"https:\/\/algarve7.pt\/index.php\/wp-json\/wp\/v2\/media?parent=3925"}],"wp:term":[{"taxonomy":"category","embeddable":true,"href":"https:\/\/algarve7.pt\/index.php\/wp-json\/wp\/v2\/categories?post=3925"},{"taxonomy":"post_tag","embeddable":true,"href":"https:\/\/algarve7.pt\/index.php\/wp-json\/wp\/v2\/tags?post=3925"}],"curies":[{"name":"wp","href":"https:\/\/api.w.org\/{rel}","templated":true}]}}