{"id":3908,"date":"2020-11-20T09:43:37","date_gmt":"2020-11-20T09:43:37","guid":{"rendered":"https:\/\/algarve7.pt\/?p=3908"},"modified":"2020-11-20T09:43:38","modified_gmt":"2020-11-20T09:43:38","slug":"2-the-gateway-to-the-stars-e-the-power-of-love-de-pedro-cabral-santo-em-novembro-na-galeria-trem","status":"publish","type":"post","link":"https:\/\/algarve7.pt\/index.php\/2020\/11\/2-the-gateway-to-the-stars-e-the-power-of-love-de-pedro-cabral-santo-em-novembro-na-galeria-trem\/cultura\/09\/43\/","title":{"rendered":"#2 The Gateway to the Stars e The power of love de Pedro Cabral Santo em novembro na Galeria Trem"},"content":{"rendered":"\n<p><strong>Pedro Cabral Santo mostra-nos o seu caminho para as estrelas.<\/strong><\/p>\n\n\n\n<p><strong>#2<\/strong><strong>&nbsp;<\/strong><em><strong>The Gateway to the Stars&nbsp;<\/strong><\/em><em><strong>e&nbsp;<\/strong><\/em><em><strong>The power of love de Pedro Cabral Santo em novembro na Galeria Trem<\/strong><\/em><\/p>\n\n\n\n<p>No dia 25 de novembro, pelas 18h30, a Galeria Trem acolhe a inaugura\u00e7\u00e3o da exposi\u00e7\u00e3o&nbsp;<strong>#2<\/strong><em>The Gateway to the Stars<\/em>, seguida do lan\u00e7amento do livro&nbsp;<em>The power of love<\/em>, ambos assinados pelo artista e professor do Curso de Artes Visuais da Universidade do Algarve, Pedro Cabral Santo, investigador do Centro de Investiga\u00e7\u00e3o em Artes e Comunica\u00e7\u00e3o.&nbsp;<\/p>\n\n\n\n<p>Esta exposi\u00e7\u00e3o, num primeiro momento, aborda a Imagem entendida como uma se se tratasse de uma \u201cporta interdimensional, capaz, dessa forma, de nos transportar, em autom\u00e1tico, a diferentes partes do Universo, contemplando assim a \u201cmagia\u201d e os \u201cmist\u00e9rios\u201d que envolvem tudo aquilo que lhe diz respeito, tal como acontece tamb\u00e9m no caso das imagens. Num segundo momento, a exposi\u00e7\u00e3o serve de introdu\u00e7\u00e3o ao lan\u00e7amento do livro&nbsp;<em>The power of Love, Breves anota\u00e7\u00f5es em torno da Imagem Art\u00edstica<\/em>&nbsp;<em>e Outros Assuntos<\/em>, texto&nbsp;que resulta de uma elei\u00e7\u00e3o de artigos e ensaios escritos, e publicados de forma intermitente, ao longo dos \u00faltimos 20 anos.&nbsp; Nesta cruzada procurou-se, aventura que continua, deslindar o fasc\u00ednio, diria quase impenetr\u00e1vel, que se esconde por detr\u00e1s daquilo que designamos por Imagem Art\u00edstica.<\/p>\n\n\n\n<p>A exposi\u00e7\u00e3o conta com a curadoria da licenciatura em Artes Visuais da Universidade do Algarve, com o apoio do CIAC, da Funda\u00e7\u00e3o para a Ci\u00eancia e Tecnologia e da C\u00e2mara Municipal\/Museu Municipal de Faro.<\/p>\n\n\n\n<p>#2&nbsp;<em>The Gateway to the Stars&nbsp;<\/em>estar\u00e1 patente at\u00e9 ao dia 2 de fevereiro de 2021.<\/p>\n\n\n\n<p><strong>GALERIA TREM:<\/strong><\/p>\n\n\n\n<p>Rua do TREM, n.\u00ba 5, 8000-304 Faro<br>Telf.: 289 804 197<\/p>\n\n\n\n<p>Hor\u00e1rio:<br>Inverno \u2013 1 de outubro a 31 de maio<br>Ter\u00e7a-feira a Sexta-feira: 11:30h \u00e0s 18:00h<\/p>\n\n\n\n<p>S\u00e1bado:&nbsp;&nbsp;10h30 \u2013 17h00<br>Encerra ao domingo e \u00e0 segunda-feira<\/p>\n\n\n\n<p>A entrada \u00e9 gratuita e limitada, de acordo com as normas da Dire\u00e7\u00e3o-Geral de Sa\u00fade.<\/p>\n","protected":false},"excerpt":{"rendered":"<p>Pedro Cabral Santo mostra-nos o seu caminho para as estrelas. #2&nbsp;The Gateway to the Stars&nbsp;e&nbsp;The power of love de Pedro<\/p>\n","protected":false},"author":1,"featured_media":3909,"comment_status":"closed","ping_status":"open","sticky":false,"template":"","format":"standard","meta":{"colormag_page_container_layout":"default_layout","colormag_page_sidebar_layout":"default_layout","_monsterinsights_skip_tracking":false,"_monsterinsights_sitenote_active":false,"_monsterinsights_sitenote_note":"","_monsterinsights_sitenote_category":0,"jetpack_post_was_ever_published":false,"_jetpack_newsletter_access":"","_jetpack_dont_email_post_to_subs":false,"_jetpack_newsletter_tier_id":0,"_jetpack_memberships_contains_paywalled_content":false,"_jetpack_memberships_contains_paid_content":false,"footnotes":"","jetpack_publicize_message":"","jetpack_publicize_feature_enabled":true,"jetpack_social_post_already_shared":true,"jetpack_social_options":{"image_generator_settings":{"template":"highway","default_image_id":0,"font":"","enabled":false},"version":2}},"categories":[14],"tags":[36,66,57],"class_list":["post-3908","post","type-post","status-publish","format-standard","has-post-thumbnail","hentry","category-cultura","tag-algarve","tag-exposicao","tag-faro"],"yoast_head":"<!-- This site is optimized with the Yoast SEO plugin v27.5 - https:\/\/yoast.com\/product\/yoast-seo-wordpress\/ -->\n<title>#2 The Gateway to the Stars e The power of love de Pedro Cabral Santo em novembro na Galeria Trem - Algarve 7<\/title>\n<meta name=\"description\" content=\"#2 The Gateway to the Stars e The power of love de Pedro Cabral Santo em novembro na Galeria Trem Cultura\" \/>\n<meta name=\"robots\" content=\"index, follow, max-snippet:-1, max-image-preview:large, max-video-preview:-1\" \/>\n<link rel=\"canonical\" href=\"https:\/\/algarve7.pt\/index.php\/2020\/11\/2-the-gateway-to-the-stars-e-the-power-of-love-de-pedro-cabral-santo-em-novembro-na-galeria-trem\/cultura\/09\/43\/\" \/>\n<meta property=\"og:locale\" content=\"pt_PT\" \/>\n<meta property=\"og:type\" content=\"article\" \/>\n<meta property=\"og:title\" content=\"#2 The Gateway to the Stars e The power of love de Pedro Cabral Santo em novembro na Galeria Trem - Algarve 7\" \/>\n<meta property=\"og:description\" content=\"#2 The Gateway to the Stars e The power of love de Pedro Cabral Santo em novembro na Galeria Trem Cultura\" \/>\n<meta property=\"og:url\" content=\"https:\/\/algarve7.pt\/index.php\/2020\/11\/2-the-gateway-to-the-stars-e-the-power-of-love-de-pedro-cabral-santo-em-novembro-na-galeria-trem\/cultura\/09\/43\/\" \/>\n<meta property=\"og:site_name\" content=\"Algarve 7\" \/>\n<meta property=\"article:publisher\" content=\"https:\/\/www.facebook.com\/algarve7\" \/>\n<meta property=\"article:author\" content=\"https:\/\/www.facebook.com\/algarve7\" \/>\n<meta property=\"article:published_time\" content=\"2020-11-20T09:43:37+00:00\" \/>\n<meta property=\"article:modified_time\" content=\"2020-11-20T09:43:38+00:00\" \/>\n<meta property=\"og:image\" content=\"https:\/\/algarve7.pt\/wp-content\/uploads\/2020\/11\/Cartaz_WEB_EXPO_PedroCabralSanto-e1605865392951.jpg\" \/>\n\t<meta property=\"og:image:width\" content=\"842\" \/>\n\t<meta property=\"og:image:height\" content=\"511\" \/>\n\t<meta property=\"og:image:type\" content=\"image\/jpeg\" \/>\n<meta name=\"author\" content=\"Algarve 7\" \/>\n<meta name=\"twitter:card\" content=\"summary_large_image\" \/>\n<meta name=\"twitter:creator\" content=\"@Algarvesete\" \/>\n<meta name=\"twitter:site\" content=\"@Algarvesete\" \/>\n<meta name=\"twitter:label1\" content=\"Escrito por\" \/>\n\t<meta name=\"twitter:data1\" content=\"Algarve 7\" \/>\n\t<meta name=\"twitter:label2\" content=\"Tempo estimado de leitura\" \/>\n\t<meta name=\"twitter:data2\" content=\"2 minutos\" \/>\n<script type=\"application\/ld+json\" class=\"yoast-schema-graph\">{\"@context\":\"https:\\\/\\\/schema.org\",\"@graph\":[{\"@type\":\"Article\",\"@id\":\"https:\\\/\\\/algarve7.pt\\\/index.php\\\/2020\\\/11\\\/2-the-gateway-to-the-stars-e-the-power-of-love-de-pedro-cabral-santo-em-novembro-na-galeria-trem\\\/cultura\\\/09\\\/43\\\/#article\",\"isPartOf\":{\"@id\":\"https:\\\/\\\/algarve7.pt\\\/index.php\\\/2020\\\/11\\\/2-the-gateway-to-the-stars-e-the-power-of-love-de-pedro-cabral-santo-em-novembro-na-galeria-trem\\\/cultura\\\/09\\\/43\\\/\"},\"author\":{\"name\":\"Algarve 7\",\"@id\":\"https:\\\/\\\/algarve7.pt\\\/#\\\/schema\\\/person\\\/23fa70681308e7b319a3204bcea45e0c\"},\"headline\":\"#2 The Gateway to the Stars e The power of love de Pedro Cabral Santo em novembro na Galeria Trem\",\"datePublished\":\"2020-11-20T09:43:37+00:00\",\"dateModified\":\"2020-11-20T09:43:38+00:00\",\"mainEntityOfPage\":{\"@id\":\"https:\\\/\\\/algarve7.pt\\\/index.php\\\/2020\\\/11\\\/2-the-gateway-to-the-stars-e-the-power-of-love-de-pedro-cabral-santo-em-novembro-na-galeria-trem\\\/cultura\\\/09\\\/43\\\/\"},\"wordCount\":359,\"publisher\":{\"@id\":\"https:\\\/\\\/algarve7.pt\\\/#organization\"},\"image\":{\"@id\":\"https:\\\/\\\/algarve7.pt\\\/index.php\\\/2020\\\/11\\\/2-the-gateway-to-the-stars-e-the-power-of-love-de-pedro-cabral-santo-em-novembro-na-galeria-trem\\\/cultura\\\/09\\\/43\\\/#primaryimage\"},\"thumbnailUrl\":\"https:\\\/\\\/algarve7.pt\\\/wp-content\\\/uploads\\\/2020\\\/11\\\/Cartaz_WEB_EXPO_PedroCabralSanto-e1605865392951.jpg\",\"keywords\":[\"Algarve\",\"Exposi\u00e7\u00e3o\",\"Faro\"],\"articleSection\":[\"Cultura\"],\"inLanguage\":\"pt-PT\"},{\"@type\":\"WebPage\",\"@id\":\"https:\\\/\\\/algarve7.pt\\\/index.php\\\/2020\\\/11\\\/2-the-gateway-to-the-stars-e-the-power-of-love-de-pedro-cabral-santo-em-novembro-na-galeria-trem\\\/cultura\\\/09\\\/43\\\/\",\"url\":\"https:\\\/\\\/algarve7.pt\\\/index.php\\\/2020\\\/11\\\/2-the-gateway-to-the-stars-e-the-power-of-love-de-pedro-cabral-santo-em-novembro-na-galeria-trem\\\/cultura\\\/09\\\/43\\\/\",\"name\":\"#2 The Gateway to the Stars e The power of love de Pedro Cabral Santo em novembro na Galeria Trem - Algarve 7\",\"isPartOf\":{\"@id\":\"https:\\\/\\\/algarve7.pt\\\/#website\"},\"primaryImageOfPage\":{\"@id\":\"https:\\\/\\\/algarve7.pt\\\/index.php\\\/2020\\\/11\\\/2-the-gateway-to-the-stars-e-the-power-of-love-de-pedro-cabral-santo-em-novembro-na-galeria-trem\\\/cultura\\\/09\\\/43\\\/#primaryimage\"},\"image\":{\"@id\":\"https:\\\/\\\/algarve7.pt\\\/index.php\\\/2020\\\/11\\\/2-the-gateway-to-the-stars-e-the-power-of-love-de-pedro-cabral-santo-em-novembro-na-galeria-trem\\\/cultura\\\/09\\\/43\\\/#primaryimage\"},\"thumbnailUrl\":\"https:\\\/\\\/algarve7.pt\\\/wp-content\\\/uploads\\\/2020\\\/11\\\/Cartaz_WEB_EXPO_PedroCabralSanto-e1605865392951.jpg\",\"datePublished\":\"2020-11-20T09:43:37+00:00\",\"dateModified\":\"2020-11-20T09:43:38+00:00\",\"description\":\"#2 The Gateway to the Stars e The power of love de Pedro Cabral Santo em novembro na Galeria Trem Cultura\",\"breadcrumb\":{\"@id\":\"https:\\\/\\\/algarve7.pt\\\/index.php\\\/2020\\\/11\\\/2-the-gateway-to-the-stars-e-the-power-of-love-de-pedro-cabral-santo-em-novembro-na-galeria-trem\\\/cultura\\\/09\\\/43\\\/#breadcrumb\"},\"inLanguage\":\"pt-PT\",\"potentialAction\":[{\"@type\":\"ReadAction\",\"target\":[\"https:\\\/\\\/algarve7.pt\\\/index.php\\\/2020\\\/11\\\/2-the-gateway-to-the-stars-e-the-power-of-love-de-pedro-cabral-santo-em-novembro-na-galeria-trem\\\/cultura\\\/09\\\/43\\\/\"]}]},{\"@type\":\"ImageObject\",\"inLanguage\":\"pt-PT\",\"@id\":\"https:\\\/\\\/algarve7.pt\\\/index.php\\\/2020\\\/11\\\/2-the-gateway-to-the-stars-e-the-power-of-love-de-pedro-cabral-santo-em-novembro-na-galeria-trem\\\/cultura\\\/09\\\/43\\\/#primaryimage\",\"url\":\"https:\\\/\\\/algarve7.pt\\\/wp-content\\\/uploads\\\/2020\\\/11\\\/Cartaz_WEB_EXPO_PedroCabralSanto-e1605865392951.jpg\",\"contentUrl\":\"https:\\\/\\\/algarve7.pt\\\/wp-content\\\/uploads\\\/2020\\\/11\\\/Cartaz_WEB_EXPO_PedroCabralSanto-e1605865392951.jpg\",\"width\":842,\"height\":511},{\"@type\":\"BreadcrumbList\",\"@id\":\"https:\\\/\\\/algarve7.pt\\\/index.php\\\/2020\\\/11\\\/2-the-gateway-to-the-stars-e-the-power-of-love-de-pedro-cabral-santo-em-novembro-na-galeria-trem\\\/cultura\\\/09\\\/43\\\/#breadcrumb\",\"itemListElement\":[{\"@type\":\"ListItem\",\"position\":1,\"name\":\"In\u00edcio\",\"item\":\"https:\\\/\\\/algarve7.pt\\\/\"},{\"@type\":\"ListItem\",\"position\":2,\"name\":\"#2 The Gateway to the Stars e The power of love de Pedro Cabral Santo em novembro na Galeria Trem\"}]},{\"@type\":\"WebSite\",\"@id\":\"https:\\\/\\\/algarve7.pt\\\/#website\",\"url\":\"https:\\\/\\\/algarve7.pt\\\/\",\"name\":\"Algarve 7\",\"description\":\"Informa\u00e7\u00e3o sobre o Algarve\",\"publisher\":{\"@id\":\"https:\\\/\\\/algarve7.pt\\\/#organization\"},\"potentialAction\":[{\"@type\":\"SearchAction\",\"target\":{\"@type\":\"EntryPoint\",\"urlTemplate\":\"https:\\\/\\\/algarve7.pt\\\/?s={search_term_string}\"},\"query-input\":{\"@type\":\"PropertyValueSpecification\",\"valueRequired\":true,\"valueName\":\"search_term_string\"}}],\"inLanguage\":\"pt-PT\"},{\"@type\":\"Organization\",\"@id\":\"https:\\\/\\\/algarve7.pt\\\/#organization\",\"name\":\"Algarve 7\",\"url\":\"https:\\\/\\\/algarve7.pt\\\/\",\"logo\":{\"@type\":\"ImageObject\",\"inLanguage\":\"pt-PT\",\"@id\":\"https:\\\/\\\/algarve7.pt\\\/#\\\/schema\\\/logo\\\/image\\\/\",\"url\":\"https:\\\/\\\/algarve7.pt\\\/wp-content\\\/uploads\\\/2020\\\/10\\\/Logo-8.jpg\",\"contentUrl\":\"https:\\\/\\\/algarve7.pt\\\/wp-content\\\/uploads\\\/2020\\\/10\\\/Logo-8.jpg\",\"width\":1680,\"height\":1186,\"caption\":\"Algarve 7\"},\"image\":{\"@id\":\"https:\\\/\\\/algarve7.pt\\\/#\\\/schema\\\/logo\\\/image\\\/\"},\"sameAs\":[\"https:\\\/\\\/www.facebook.com\\\/algarve7\",\"https:\\\/\\\/x.com\\\/Algarvesete\",\"https:\\\/\\\/www.instagram.com\\\/jornalalgarve7\\\/\",\"https:\\\/\\\/www.linkedin.com\\\/company\\\/algarve7\",\"https:\\\/\\\/www.pinterest.pt\\\/geral0939\\\/_created\\\/\"]},{\"@type\":\"Person\",\"@id\":\"https:\\\/\\\/algarve7.pt\\\/#\\\/schema\\\/person\\\/23fa70681308e7b319a3204bcea45e0c\",\"name\":\"Algarve 7\",\"sameAs\":[\"https:\\\/\\\/algarve7.pt\",\"https:\\\/\\\/www.facebook.com\\\/algarve7\"],\"url\":\"https:\\\/\\\/algarve7.pt\\\/index.php\\\/author\\\/geralalgarve7-pt\\\/\"}]}<\/script>\n<!-- \/ Yoast SEO plugin. -->","yoast_head_json":{"title":"#2 The Gateway to the Stars e The power of love de Pedro Cabral Santo em novembro na Galeria Trem - Algarve 7","description":"#2 The Gateway to the Stars e The power of love de Pedro Cabral Santo em novembro na Galeria Trem Cultura","robots":{"index":"index","follow":"follow","max-snippet":"max-snippet:-1","max-image-preview":"max-image-preview:large","max-video-preview":"max-video-preview:-1"},"canonical":"https:\/\/algarve7.pt\/index.php\/2020\/11\/2-the-gateway-to-the-stars-e-the-power-of-love-de-pedro-cabral-santo-em-novembro-na-galeria-trem\/cultura\/09\/43\/","og_locale":"pt_PT","og_type":"article","og_title":"#2 The Gateway to the Stars e The power of love de Pedro Cabral Santo em novembro na Galeria Trem - Algarve 7","og_description":"#2 The Gateway to the Stars e The power of love de Pedro Cabral Santo em novembro na Galeria Trem Cultura","og_url":"https:\/\/algarve7.pt\/index.php\/2020\/11\/2-the-gateway-to-the-stars-e-the-power-of-love-de-pedro-cabral-santo-em-novembro-na-galeria-trem\/cultura\/09\/43\/","og_site_name":"Algarve 7","article_publisher":"https:\/\/www.facebook.com\/algarve7","article_author":"https:\/\/www.facebook.com\/algarve7","article_published_time":"2020-11-20T09:43:37+00:00","article_modified_time":"2020-11-20T09:43:38+00:00","og_image":[{"width":842,"height":511,"url":"https:\/\/algarve7.pt\/wp-content\/uploads\/2020\/11\/Cartaz_WEB_EXPO_PedroCabralSanto-e1605865392951.jpg","type":"image\/jpeg"}],"author":"Algarve 7","twitter_card":"summary_large_image","twitter_creator":"@Algarvesete","twitter_site":"@Algarvesete","twitter_misc":{"Escrito por":"Algarve 7","Tempo estimado de leitura":"2 minutos"},"schema":{"@context":"https:\/\/schema.org","@graph":[{"@type":"Article","@id":"https:\/\/algarve7.pt\/index.php\/2020\/11\/2-the-gateway-to-the-stars-e-the-power-of-love-de-pedro-cabral-santo-em-novembro-na-galeria-trem\/cultura\/09\/43\/#article","isPartOf":{"@id":"https:\/\/algarve7.pt\/index.php\/2020\/11\/2-the-gateway-to-the-stars-e-the-power-of-love-de-pedro-cabral-santo-em-novembro-na-galeria-trem\/cultura\/09\/43\/"},"author":{"name":"Algarve 7","@id":"https:\/\/algarve7.pt\/#\/schema\/person\/23fa70681308e7b319a3204bcea45e0c"},"headline":"#2 The Gateway to the Stars e The power of love de Pedro Cabral Santo em novembro na Galeria Trem","datePublished":"2020-11-20T09:43:37+00:00","dateModified":"2020-11-20T09:43:38+00:00","mainEntityOfPage":{"@id":"https:\/\/algarve7.pt\/index.php\/2020\/11\/2-the-gateway-to-the-stars-e-the-power-of-love-de-pedro-cabral-santo-em-novembro-na-galeria-trem\/cultura\/09\/43\/"},"wordCount":359,"publisher":{"@id":"https:\/\/algarve7.pt\/#organization"},"image":{"@id":"https:\/\/algarve7.pt\/index.php\/2020\/11\/2-the-gateway-to-the-stars-e-the-power-of-love-de-pedro-cabral-santo-em-novembro-na-galeria-trem\/cultura\/09\/43\/#primaryimage"},"thumbnailUrl":"https:\/\/algarve7.pt\/wp-content\/uploads\/2020\/11\/Cartaz_WEB_EXPO_PedroCabralSanto-e1605865392951.jpg","keywords":["Algarve","Exposi\u00e7\u00e3o","Faro"],"articleSection":["Cultura"],"inLanguage":"pt-PT"},{"@type":"WebPage","@id":"https:\/\/algarve7.pt\/index.php\/2020\/11\/2-the-gateway-to-the-stars-e-the-power-of-love-de-pedro-cabral-santo-em-novembro-na-galeria-trem\/cultura\/09\/43\/","url":"https:\/\/algarve7.pt\/index.php\/2020\/11\/2-the-gateway-to-the-stars-e-the-power-of-love-de-pedro-cabral-santo-em-novembro-na-galeria-trem\/cultura\/09\/43\/","name":"#2 The Gateway to the Stars e The power of love de Pedro Cabral Santo em novembro na Galeria Trem - Algarve 7","isPartOf":{"@id":"https:\/\/algarve7.pt\/#website"},"primaryImageOfPage":{"@id":"https:\/\/algarve7.pt\/index.php\/2020\/11\/2-the-gateway-to-the-stars-e-the-power-of-love-de-pedro-cabral-santo-em-novembro-na-galeria-trem\/cultura\/09\/43\/#primaryimage"},"image":{"@id":"https:\/\/algarve7.pt\/index.php\/2020\/11\/2-the-gateway-to-the-stars-e-the-power-of-love-de-pedro-cabral-santo-em-novembro-na-galeria-trem\/cultura\/09\/43\/#primaryimage"},"thumbnailUrl":"https:\/\/algarve7.pt\/wp-content\/uploads\/2020\/11\/Cartaz_WEB_EXPO_PedroCabralSanto-e1605865392951.jpg","datePublished":"2020-11-20T09:43:37+00:00","dateModified":"2020-11-20T09:43:38+00:00","description":"#2 The Gateway to the Stars e The power of love de Pedro Cabral Santo em novembro na Galeria Trem Cultura","breadcrumb":{"@id":"https:\/\/algarve7.pt\/index.php\/2020\/11\/2-the-gateway-to-the-stars-e-the-power-of-love-de-pedro-cabral-santo-em-novembro-na-galeria-trem\/cultura\/09\/43\/#breadcrumb"},"inLanguage":"pt-PT","potentialAction":[{"@type":"ReadAction","target":["https:\/\/algarve7.pt\/index.php\/2020\/11\/2-the-gateway-to-the-stars-e-the-power-of-love-de-pedro-cabral-santo-em-novembro-na-galeria-trem\/cultura\/09\/43\/"]}]},{"@type":"ImageObject","inLanguage":"pt-PT","@id":"https:\/\/algarve7.pt\/index.php\/2020\/11\/2-the-gateway-to-the-stars-e-the-power-of-love-de-pedro-cabral-santo-em-novembro-na-galeria-trem\/cultura\/09\/43\/#primaryimage","url":"https:\/\/algarve7.pt\/wp-content\/uploads\/2020\/11\/Cartaz_WEB_EXPO_PedroCabralSanto-e1605865392951.jpg","contentUrl":"https:\/\/algarve7.pt\/wp-content\/uploads\/2020\/11\/Cartaz_WEB_EXPO_PedroCabralSanto-e1605865392951.jpg","width":842,"height":511},{"@type":"BreadcrumbList","@id":"https:\/\/algarve7.pt\/index.php\/2020\/11\/2-the-gateway-to-the-stars-e-the-power-of-love-de-pedro-cabral-santo-em-novembro-na-galeria-trem\/cultura\/09\/43\/#breadcrumb","itemListElement":[{"@type":"ListItem","position":1,"name":"In\u00edcio","item":"https:\/\/algarve7.pt\/"},{"@type":"ListItem","position":2,"name":"#2 The Gateway to the Stars e The power of love de Pedro Cabral Santo em novembro na Galeria Trem"}]},{"@type":"WebSite","@id":"https:\/\/algarve7.pt\/#website","url":"https:\/\/algarve7.pt\/","name":"Algarve 7","description":"Informa\u00e7\u00e3o sobre o Algarve","publisher":{"@id":"https:\/\/algarve7.pt\/#organization"},"potentialAction":[{"@type":"SearchAction","target":{"@type":"EntryPoint","urlTemplate":"https:\/\/algarve7.pt\/?s={search_term_string}"},"query-input":{"@type":"PropertyValueSpecification","valueRequired":true,"valueName":"search_term_string"}}],"inLanguage":"pt-PT"},{"@type":"Organization","@id":"https:\/\/algarve7.pt\/#organization","name":"Algarve 7","url":"https:\/\/algarve7.pt\/","logo":{"@type":"ImageObject","inLanguage":"pt-PT","@id":"https:\/\/algarve7.pt\/#\/schema\/logo\/image\/","url":"https:\/\/algarve7.pt\/wp-content\/uploads\/2020\/10\/Logo-8.jpg","contentUrl":"https:\/\/algarve7.pt\/wp-content\/uploads\/2020\/10\/Logo-8.jpg","width":1680,"height":1186,"caption":"Algarve 7"},"image":{"@id":"https:\/\/algarve7.pt\/#\/schema\/logo\/image\/"},"sameAs":["https:\/\/www.facebook.com\/algarve7","https:\/\/x.com\/Algarvesete","https:\/\/www.instagram.com\/jornalalgarve7\/","https:\/\/www.linkedin.com\/company\/algarve7","https:\/\/www.pinterest.pt\/geral0939\/_created\/"]},{"@type":"Person","@id":"https:\/\/algarve7.pt\/#\/schema\/person\/23fa70681308e7b319a3204bcea45e0c","name":"Algarve 7","sameAs":["https:\/\/algarve7.pt","https:\/\/www.facebook.com\/algarve7"],"url":"https:\/\/algarve7.pt\/index.php\/author\/geralalgarve7-pt\/"}]}},"jetpack_publicize_connections":[],"jetpack_featured_media_url":"https:\/\/algarve7.pt\/wp-content\/uploads\/2020\/11\/Cartaz_WEB_EXPO_PedroCabralSanto-e1605865392951.jpg","jetpack_shortlink":"https:\/\/wp.me\/pcezmW-112","jetpack_sharing_enabled":true,"_links":{"self":[{"href":"https:\/\/algarve7.pt\/index.php\/wp-json\/wp\/v2\/posts\/3908","targetHints":{"allow":["GET"]}}],"collection":[{"href":"https:\/\/algarve7.pt\/index.php\/wp-json\/wp\/v2\/posts"}],"about":[{"href":"https:\/\/algarve7.pt\/index.php\/wp-json\/wp\/v2\/types\/post"}],"author":[{"embeddable":true,"href":"https:\/\/algarve7.pt\/index.php\/wp-json\/wp\/v2\/users\/1"}],"replies":[{"embeddable":true,"href":"https:\/\/algarve7.pt\/index.php\/wp-json\/wp\/v2\/comments?post=3908"}],"version-history":[{"count":0,"href":"https:\/\/algarve7.pt\/index.php\/wp-json\/wp\/v2\/posts\/3908\/revisions"}],"wp:featuredmedia":[{"embeddable":true,"href":"https:\/\/algarve7.pt\/index.php\/wp-json\/wp\/v2\/media\/3909"}],"wp:attachment":[{"href":"https:\/\/algarve7.pt\/index.php\/wp-json\/wp\/v2\/media?parent=3908"}],"wp:term":[{"taxonomy":"category","embeddable":true,"href":"https:\/\/algarve7.pt\/index.php\/wp-json\/wp\/v2\/categories?post=3908"},{"taxonomy":"post_tag","embeddable":true,"href":"https:\/\/algarve7.pt\/index.php\/wp-json\/wp\/v2\/tags?post=3908"}],"curies":[{"name":"wp","href":"https:\/\/api.w.org\/{rel}","templated":true}]}}