{"id":3901,"date":"2020-11-20T09:12:15","date_gmt":"2020-11-20T09:12:15","guid":{"rendered":"https:\/\/algarve7.pt\/?p=3901"},"modified":"2020-11-20T09:12:16","modified_gmt":"2020-11-20T09:12:16","slug":"operacao-thunder-2020-protecao-da-vida-selvagem","status":"publish","type":"post","link":"https:\/\/algarve7.pt\/index.php\/2020\/11\/operacao-thunder-2020-protecao-da-vida-selvagem\/nacional\/09\/12\/","title":{"rendered":"Opera\u00e7\u00e3o &#8220;Thunder 2020&#8221; \u2013 Prote\u00e7\u00e3o da Vida Selvagem"},"content":{"rendered":"\n<p>Portugal participou na Opera\u00e7\u00e3o&nbsp;<em>\u201cThunder&nbsp;2020\u201d<\/em>, de 14 de setembro a 11 de outubro, realizando a\u00e7\u00f5es de investiga\u00e7\u00e3o e de fiscaliza\u00e7\u00e3o para combater o com\u00e9rcio ilegal e os crimes praticados contra a vida selvagem, especialmente a fauna e flora.<\/p>\n\n\n\n<p>A coordena\u00e7\u00e3o nacional desta opera\u00e7\u00e3o incentivada pela INTERPOL coube \u00e0 Guarda Nacional Republicana (GNR) e \u00e0 Autoridade Tribut\u00e1ria e Aduaneira (AT) em estreita colabora\u00e7\u00e3o com a Pol\u00edcia de Seguran\u00e7a P\u00fablica (PSP), Pol\u00edcia Judici\u00e1ria (PJ), Instituto da Conserva\u00e7\u00e3o da Natureza e das Florestas (ICNF), Dire\u00e7\u00e3o-Geral de Alimenta\u00e7\u00e3o e Veterin\u00e1ria (DGAV) e Autoridade de Seguran\u00e7a Alimentar e Econ\u00f3mica (ASAE). Estas entidades desenvolveram estas a\u00e7\u00f5es principalmente no \u00e2mbito da Conven\u00e7\u00e3o sobre o Com\u00e9rcio Internacional de Esp\u00e9cies da Fauna e da Flora Selvagem Amea\u00e7adas de Extin\u00e7\u00e3o, tamb\u00e9m conhecida como Conven\u00e7\u00e3o de Washington ou CITES, da qual 180 pa\u00edses aderiram e cujo objetivo \u00e9 o de assegurar que o com\u00e9rcio de animais e plantas n\u00e3o coloque em risco a sua sobreviv\u00eancia no estado selvagem.<\/p>\n\n\n\n<p>No \u00e2mbito desta opera\u00e7\u00e3o foram realizadas em Portugal, pelas diversas entidades acima mencionadas, 159 a\u00e7\u00f5es de investiga\u00e7\u00e3o e\/ou fiscaliza\u00e7\u00e3o, com os seguintes resultados:<\/p>\n\n\n\n<ul class=\"wp-block-list\"><li>156 animais fiscalizados.<\/li><li>Dez autos de contraordena\u00e7\u00e3o.<\/li><li>A apreens\u00e3o dos seguintes esp\u00e9cimes e esp\u00e9cies:<\/li><\/ul>\n\n\n\n<p>\u00a7&nbsp;&nbsp;84 aves, destacando-se 12 can\u00e1rios-da-terra&nbsp;<em>(\u201cSerinus canaria\u201d),<\/em>&nbsp;dois papagaios cinzentos&nbsp;<em>(\u201cPsittacus erithacus\u201d),<\/em>&nbsp;duas gralhas pretas&nbsp;<em>(\u201cCorvus corone\u201d)<\/em>&nbsp;e um corvo&nbsp;<em>(\u201cCorvus corax\u201d)<\/em>;<\/p>\n\n\n\n<p>\u00a7&nbsp;&nbsp;Um macaco-prego-das-Guianas&nbsp;<em>(\u201cSapajus&nbsp;apella\u201d);&nbsp;<\/em><\/p>\n\n\n\n<p>\u00a7&nbsp;&nbsp;Um veado Vermelho (\u201c<em>Cervus<\/em><em>&nbsp;elaphus\u201d<\/em>);<\/p>\n\n\n\n<p>\u00a7&nbsp;&nbsp;Tr\u00eas cervos&nbsp;munt\u00edaco-comum<em>&nbsp;(\u201cMuntiacus&nbsp;muntjak\u201d)<\/em>;<\/p>\n\n\n\n<p>\u00a7&nbsp;&nbsp;Quatro&nbsp;chitais&nbsp;(\u201c<em>Axis<\/em><em>&nbsp;axis\u201d<\/em>);<\/p>\n\n\n\n<p>\u00a7&nbsp;&nbsp;Tr\u00eas ant\u00edlopes-negros (\u201c<em>Antilope cervicapra\u201d<\/em>).<\/p>\n\n\n\n<p>A n\u00edvel internacional&nbsp;foram ainda detidos 699 indiv\u00edduos no \u00e2mbito desta opera\u00e7\u00e3o e recuperados mais de 45.500 esp\u00e9cimes vivos, incluindo:<\/p>\n\n\n\n<p>\u00a7&nbsp;&nbsp;1.400 tartarugas e&nbsp;c\u00e1gados (6.000 ovos);<\/p>\n\n\n\n<p>\u00a7&nbsp;&nbsp;1.160 aves;<\/p>\n\n\n\n<p>\u00a7&nbsp;&nbsp;1.800 r\u00e9pteis;<\/p>\n\n\n\n<p>\u00a7&nbsp;&nbsp;15.878 plantas.<\/p>\n\n\n\n<ul class=\"wp-block-list\"><li>Mais de 2.000 apreens\u00f5es de esp\u00e9cimes de fauna e flora, destacando-se:<\/li><\/ul>\n\n\n\n<p>\u00a7&nbsp;&nbsp;Mais de 1.300 kg de marfim;<\/p>\n\n\n\n<p>\u00a7&nbsp;&nbsp;Mais de 1.000 kg de escamas de Pangolin (<em>Manis spp.<\/em>);<\/p>\n\n\n\n<p>\u00a7&nbsp;&nbsp;56.200 kg de produtos marinhos;<\/p>\n\n\n\n<p>\u00a7&nbsp;&nbsp;950.000 kg de madeira.<\/p>\n","protected":false},"excerpt":{"rendered":"<p>Portugal participou na Opera\u00e7\u00e3o&nbsp;\u201cThunder&nbsp;2020\u201d, de 14 de setembro a 11 de outubro, realizando a\u00e7\u00f5es de investiga\u00e7\u00e3o e de fiscaliza\u00e7\u00e3o para<\/p>\n","protected":false},"author":1,"featured_media":3902,"comment_status":"closed","ping_status":"open","sticky":false,"template":"","format":"standard","meta":{"colormag_page_container_layout":"default_layout","colormag_page_sidebar_layout":"default_layout","_monsterinsights_skip_tracking":false,"_monsterinsights_sitenote_active":false,"_monsterinsights_sitenote_note":"","_monsterinsights_sitenote_category":0,"jetpack_post_was_ever_published":false,"_jetpack_newsletter_access":"","_jetpack_dont_email_post_to_subs":false,"_jetpack_newsletter_tier_id":0,"_jetpack_memberships_contains_paywalled_content":false,"_jetpack_memberships_contains_paid_content":false,"footnotes":"","jetpack_publicize_message":"","jetpack_publicize_feature_enabled":true,"jetpack_social_post_already_shared":true,"jetpack_social_options":{"image_generator_settings":{"template":"highway","default_image_id":0,"font":"","enabled":false},"version":2}},"categories":[189],"tags":[32,62,140,98],"class_list":["post-3901","post","type-post","status-publish","format-standard","has-post-thumbnail","hentry","category-nacional","tag-ambiente","tag-atualidade","tag-gnr","tag-nacional"],"yoast_head":"<!-- This site is optimized with the Yoast SEO plugin v27.5 - https:\/\/yoast.com\/product\/yoast-seo-wordpress\/ -->\n<title>Opera\u00e7\u00e3o &quot;Thunder 2020&quot; \u2013 Prote\u00e7\u00e3o da Vida Selvagem - Algarve 7<\/title>\n<meta name=\"description\" content=\"Opera\u00e7\u00e3o &quot;Thunder 2020&quot; \u2013 Prote\u00e7\u00e3o da Vida Selvagem Nacional\" \/>\n<meta name=\"robots\" content=\"index, follow, max-snippet:-1, max-image-preview:large, max-video-preview:-1\" \/>\n<link rel=\"canonical\" href=\"https:\/\/algarve7.pt\/index.php\/2020\/11\/operacao-thunder-2020-protecao-da-vida-selvagem\/nacional\/09\/12\/\" \/>\n<meta property=\"og:locale\" content=\"pt_PT\" \/>\n<meta property=\"og:type\" content=\"article\" \/>\n<meta property=\"og:title\" content=\"Opera\u00e7\u00e3o &quot;Thunder 2020&quot; \u2013 Prote\u00e7\u00e3o da Vida Selvagem - Algarve 7\" \/>\n<meta property=\"og:description\" content=\"Opera\u00e7\u00e3o &quot;Thunder 2020&quot; \u2013 Prote\u00e7\u00e3o da Vida Selvagem Nacional\" \/>\n<meta property=\"og:url\" content=\"https:\/\/algarve7.pt\/index.php\/2020\/11\/operacao-thunder-2020-protecao-da-vida-selvagem\/nacional\/09\/12\/\" \/>\n<meta property=\"og:site_name\" content=\"Algarve 7\" \/>\n<meta property=\"article:publisher\" content=\"https:\/\/www.facebook.com\/algarve7\" \/>\n<meta property=\"article:author\" content=\"https:\/\/www.facebook.com\/algarve7\" \/>\n<meta property=\"article:published_time\" content=\"2020-11-20T09:12:15+00:00\" \/>\n<meta property=\"article:modified_time\" content=\"2020-11-20T09:12:16+00:00\" \/>\n<meta property=\"og:image\" content=\"https:\/\/algarve7.pt\/wp-content\/uploads\/2020\/11\/Macaco-prego-das-Guianas.png\" \/>\n\t<meta property=\"og:image:width\" content=\"576\" \/>\n\t<meta property=\"og:image:height\" content=\"431\" \/>\n\t<meta property=\"og:image:type\" content=\"image\/png\" \/>\n<meta name=\"author\" content=\"Algarve 7\" \/>\n<meta name=\"twitter:card\" content=\"summary_large_image\" \/>\n<meta name=\"twitter:creator\" content=\"@Algarvesete\" \/>\n<meta name=\"twitter:site\" content=\"@Algarvesete\" \/>\n<meta name=\"twitter:label1\" content=\"Escrito por\" \/>\n\t<meta name=\"twitter:data1\" content=\"Algarve 7\" \/>\n\t<meta name=\"twitter:label2\" content=\"Tempo estimado de leitura\" \/>\n\t<meta name=\"twitter:data2\" content=\"2 minutos\" \/>\n<script type=\"application\/ld+json\" class=\"yoast-schema-graph\">{\"@context\":\"https:\\\/\\\/schema.org\",\"@graph\":[{\"@type\":\"Article\",\"@id\":\"https:\\\/\\\/algarve7.pt\\\/index.php\\\/2020\\\/11\\\/operacao-thunder-2020-protecao-da-vida-selvagem\\\/nacional\\\/09\\\/12\\\/#article\",\"isPartOf\":{\"@id\":\"https:\\\/\\\/algarve7.pt\\\/index.php\\\/2020\\\/11\\\/operacao-thunder-2020-protecao-da-vida-selvagem\\\/nacional\\\/09\\\/12\\\/\"},\"author\":{\"name\":\"Algarve 7\",\"@id\":\"https:\\\/\\\/algarve7.pt\\\/#\\\/schema\\\/person\\\/23fa70681308e7b319a3204bcea45e0c\"},\"headline\":\"Opera\u00e7\u00e3o &#8220;Thunder 2020&#8221; \u2013 Prote\u00e7\u00e3o da Vida Selvagem\",\"datePublished\":\"2020-11-20T09:12:15+00:00\",\"dateModified\":\"2020-11-20T09:12:16+00:00\",\"mainEntityOfPage\":{\"@id\":\"https:\\\/\\\/algarve7.pt\\\/index.php\\\/2020\\\/11\\\/operacao-thunder-2020-protecao-da-vida-selvagem\\\/nacional\\\/09\\\/12\\\/\"},\"wordCount\":395,\"publisher\":{\"@id\":\"https:\\\/\\\/algarve7.pt\\\/#organization\"},\"image\":{\"@id\":\"https:\\\/\\\/algarve7.pt\\\/index.php\\\/2020\\\/11\\\/operacao-thunder-2020-protecao-da-vida-selvagem\\\/nacional\\\/09\\\/12\\\/#primaryimage\"},\"thumbnailUrl\":\"https:\\\/\\\/algarve7.pt\\\/wp-content\\\/uploads\\\/2020\\\/11\\\/Macaco-prego-das-Guianas.png\",\"keywords\":[\"Ambiente\",\"Atualidade\",\"GNR\",\"Nacional\"],\"articleSection\":[\"Nacional\"],\"inLanguage\":\"pt-PT\"},{\"@type\":\"WebPage\",\"@id\":\"https:\\\/\\\/algarve7.pt\\\/index.php\\\/2020\\\/11\\\/operacao-thunder-2020-protecao-da-vida-selvagem\\\/nacional\\\/09\\\/12\\\/\",\"url\":\"https:\\\/\\\/algarve7.pt\\\/index.php\\\/2020\\\/11\\\/operacao-thunder-2020-protecao-da-vida-selvagem\\\/nacional\\\/09\\\/12\\\/\",\"name\":\"Opera\u00e7\u00e3o \\\"Thunder 2020\\\" \u2013 Prote\u00e7\u00e3o da Vida Selvagem - Algarve 7\",\"isPartOf\":{\"@id\":\"https:\\\/\\\/algarve7.pt\\\/#website\"},\"primaryImageOfPage\":{\"@id\":\"https:\\\/\\\/algarve7.pt\\\/index.php\\\/2020\\\/11\\\/operacao-thunder-2020-protecao-da-vida-selvagem\\\/nacional\\\/09\\\/12\\\/#primaryimage\"},\"image\":{\"@id\":\"https:\\\/\\\/algarve7.pt\\\/index.php\\\/2020\\\/11\\\/operacao-thunder-2020-protecao-da-vida-selvagem\\\/nacional\\\/09\\\/12\\\/#primaryimage\"},\"thumbnailUrl\":\"https:\\\/\\\/algarve7.pt\\\/wp-content\\\/uploads\\\/2020\\\/11\\\/Macaco-prego-das-Guianas.png\",\"datePublished\":\"2020-11-20T09:12:15+00:00\",\"dateModified\":\"2020-11-20T09:12:16+00:00\",\"description\":\"Opera\u00e7\u00e3o \\\"Thunder 2020\\\" \u2013 Prote\u00e7\u00e3o da Vida Selvagem Nacional\",\"breadcrumb\":{\"@id\":\"https:\\\/\\\/algarve7.pt\\\/index.php\\\/2020\\\/11\\\/operacao-thunder-2020-protecao-da-vida-selvagem\\\/nacional\\\/09\\\/12\\\/#breadcrumb\"},\"inLanguage\":\"pt-PT\",\"potentialAction\":[{\"@type\":\"ReadAction\",\"target\":[\"https:\\\/\\\/algarve7.pt\\\/index.php\\\/2020\\\/11\\\/operacao-thunder-2020-protecao-da-vida-selvagem\\\/nacional\\\/09\\\/12\\\/\"]}]},{\"@type\":\"ImageObject\",\"inLanguage\":\"pt-PT\",\"@id\":\"https:\\\/\\\/algarve7.pt\\\/index.php\\\/2020\\\/11\\\/operacao-thunder-2020-protecao-da-vida-selvagem\\\/nacional\\\/09\\\/12\\\/#primaryimage\",\"url\":\"https:\\\/\\\/algarve7.pt\\\/wp-content\\\/uploads\\\/2020\\\/11\\\/Macaco-prego-das-Guianas.png\",\"contentUrl\":\"https:\\\/\\\/algarve7.pt\\\/wp-content\\\/uploads\\\/2020\\\/11\\\/Macaco-prego-das-Guianas.png\",\"width\":576,\"height\":431},{\"@type\":\"BreadcrumbList\",\"@id\":\"https:\\\/\\\/algarve7.pt\\\/index.php\\\/2020\\\/11\\\/operacao-thunder-2020-protecao-da-vida-selvagem\\\/nacional\\\/09\\\/12\\\/#breadcrumb\",\"itemListElement\":[{\"@type\":\"ListItem\",\"position\":1,\"name\":\"In\u00edcio\",\"item\":\"https:\\\/\\\/algarve7.pt\\\/\"},{\"@type\":\"ListItem\",\"position\":2,\"name\":\"Opera\u00e7\u00e3o &#8220;Thunder 2020&#8221; \u2013 Prote\u00e7\u00e3o da Vida Selvagem\"}]},{\"@type\":\"WebSite\",\"@id\":\"https:\\\/\\\/algarve7.pt\\\/#website\",\"url\":\"https:\\\/\\\/algarve7.pt\\\/\",\"name\":\"Algarve 7\",\"description\":\"Informa\u00e7\u00e3o sobre o Algarve\",\"publisher\":{\"@id\":\"https:\\\/\\\/algarve7.pt\\\/#organization\"},\"potentialAction\":[{\"@type\":\"SearchAction\",\"target\":{\"@type\":\"EntryPoint\",\"urlTemplate\":\"https:\\\/\\\/algarve7.pt\\\/?s={search_term_string}\"},\"query-input\":{\"@type\":\"PropertyValueSpecification\",\"valueRequired\":true,\"valueName\":\"search_term_string\"}}],\"inLanguage\":\"pt-PT\"},{\"@type\":\"Organization\",\"@id\":\"https:\\\/\\\/algarve7.pt\\\/#organization\",\"name\":\"Algarve 7\",\"url\":\"https:\\\/\\\/algarve7.pt\\\/\",\"logo\":{\"@type\":\"ImageObject\",\"inLanguage\":\"pt-PT\",\"@id\":\"https:\\\/\\\/algarve7.pt\\\/#\\\/schema\\\/logo\\\/image\\\/\",\"url\":\"https:\\\/\\\/algarve7.pt\\\/wp-content\\\/uploads\\\/2020\\\/10\\\/Logo-8.jpg\",\"contentUrl\":\"https:\\\/\\\/algarve7.pt\\\/wp-content\\\/uploads\\\/2020\\\/10\\\/Logo-8.jpg\",\"width\":1680,\"height\":1186,\"caption\":\"Algarve 7\"},\"image\":{\"@id\":\"https:\\\/\\\/algarve7.pt\\\/#\\\/schema\\\/logo\\\/image\\\/\"},\"sameAs\":[\"https:\\\/\\\/www.facebook.com\\\/algarve7\",\"https:\\\/\\\/x.com\\\/Algarvesete\",\"https:\\\/\\\/www.instagram.com\\\/jornalalgarve7\\\/\",\"https:\\\/\\\/www.linkedin.com\\\/company\\\/algarve7\",\"https:\\\/\\\/www.pinterest.pt\\\/geral0939\\\/_created\\\/\"]},{\"@type\":\"Person\",\"@id\":\"https:\\\/\\\/algarve7.pt\\\/#\\\/schema\\\/person\\\/23fa70681308e7b319a3204bcea45e0c\",\"name\":\"Algarve 7\",\"sameAs\":[\"https:\\\/\\\/algarve7.pt\",\"https:\\\/\\\/www.facebook.com\\\/algarve7\"],\"url\":\"https:\\\/\\\/algarve7.pt\\\/index.php\\\/author\\\/geralalgarve7-pt\\\/\"}]}<\/script>\n<!-- \/ Yoast SEO plugin. -->","yoast_head_json":{"title":"Opera\u00e7\u00e3o \"Thunder 2020\" \u2013 Prote\u00e7\u00e3o da Vida Selvagem - Algarve 7","description":"Opera\u00e7\u00e3o \"Thunder 2020\" \u2013 Prote\u00e7\u00e3o da Vida Selvagem Nacional","robots":{"index":"index","follow":"follow","max-snippet":"max-snippet:-1","max-image-preview":"max-image-preview:large","max-video-preview":"max-video-preview:-1"},"canonical":"https:\/\/algarve7.pt\/index.php\/2020\/11\/operacao-thunder-2020-protecao-da-vida-selvagem\/nacional\/09\/12\/","og_locale":"pt_PT","og_type":"article","og_title":"Opera\u00e7\u00e3o \"Thunder 2020\" \u2013 Prote\u00e7\u00e3o da Vida Selvagem - Algarve 7","og_description":"Opera\u00e7\u00e3o \"Thunder 2020\" \u2013 Prote\u00e7\u00e3o da Vida Selvagem Nacional","og_url":"https:\/\/algarve7.pt\/index.php\/2020\/11\/operacao-thunder-2020-protecao-da-vida-selvagem\/nacional\/09\/12\/","og_site_name":"Algarve 7","article_publisher":"https:\/\/www.facebook.com\/algarve7","article_author":"https:\/\/www.facebook.com\/algarve7","article_published_time":"2020-11-20T09:12:15+00:00","article_modified_time":"2020-11-20T09:12:16+00:00","og_image":[{"width":576,"height":431,"url":"https:\/\/algarve7.pt\/wp-content\/uploads\/2020\/11\/Macaco-prego-das-Guianas.png","type":"image\/png"}],"author":"Algarve 7","twitter_card":"summary_large_image","twitter_creator":"@Algarvesete","twitter_site":"@Algarvesete","twitter_misc":{"Escrito por":"Algarve 7","Tempo estimado de leitura":"2 minutos"},"schema":{"@context":"https:\/\/schema.org","@graph":[{"@type":"Article","@id":"https:\/\/algarve7.pt\/index.php\/2020\/11\/operacao-thunder-2020-protecao-da-vida-selvagem\/nacional\/09\/12\/#article","isPartOf":{"@id":"https:\/\/algarve7.pt\/index.php\/2020\/11\/operacao-thunder-2020-protecao-da-vida-selvagem\/nacional\/09\/12\/"},"author":{"name":"Algarve 7","@id":"https:\/\/algarve7.pt\/#\/schema\/person\/23fa70681308e7b319a3204bcea45e0c"},"headline":"Opera\u00e7\u00e3o &#8220;Thunder 2020&#8221; \u2013 Prote\u00e7\u00e3o da Vida Selvagem","datePublished":"2020-11-20T09:12:15+00:00","dateModified":"2020-11-20T09:12:16+00:00","mainEntityOfPage":{"@id":"https:\/\/algarve7.pt\/index.php\/2020\/11\/operacao-thunder-2020-protecao-da-vida-selvagem\/nacional\/09\/12\/"},"wordCount":395,"publisher":{"@id":"https:\/\/algarve7.pt\/#organization"},"image":{"@id":"https:\/\/algarve7.pt\/index.php\/2020\/11\/operacao-thunder-2020-protecao-da-vida-selvagem\/nacional\/09\/12\/#primaryimage"},"thumbnailUrl":"https:\/\/algarve7.pt\/wp-content\/uploads\/2020\/11\/Macaco-prego-das-Guianas.png","keywords":["Ambiente","Atualidade","GNR","Nacional"],"articleSection":["Nacional"],"inLanguage":"pt-PT"},{"@type":"WebPage","@id":"https:\/\/algarve7.pt\/index.php\/2020\/11\/operacao-thunder-2020-protecao-da-vida-selvagem\/nacional\/09\/12\/","url":"https:\/\/algarve7.pt\/index.php\/2020\/11\/operacao-thunder-2020-protecao-da-vida-selvagem\/nacional\/09\/12\/","name":"Opera\u00e7\u00e3o \"Thunder 2020\" \u2013 Prote\u00e7\u00e3o da Vida Selvagem - Algarve 7","isPartOf":{"@id":"https:\/\/algarve7.pt\/#website"},"primaryImageOfPage":{"@id":"https:\/\/algarve7.pt\/index.php\/2020\/11\/operacao-thunder-2020-protecao-da-vida-selvagem\/nacional\/09\/12\/#primaryimage"},"image":{"@id":"https:\/\/algarve7.pt\/index.php\/2020\/11\/operacao-thunder-2020-protecao-da-vida-selvagem\/nacional\/09\/12\/#primaryimage"},"thumbnailUrl":"https:\/\/algarve7.pt\/wp-content\/uploads\/2020\/11\/Macaco-prego-das-Guianas.png","datePublished":"2020-11-20T09:12:15+00:00","dateModified":"2020-11-20T09:12:16+00:00","description":"Opera\u00e7\u00e3o \"Thunder 2020\" \u2013 Prote\u00e7\u00e3o da Vida Selvagem Nacional","breadcrumb":{"@id":"https:\/\/algarve7.pt\/index.php\/2020\/11\/operacao-thunder-2020-protecao-da-vida-selvagem\/nacional\/09\/12\/#breadcrumb"},"inLanguage":"pt-PT","potentialAction":[{"@type":"ReadAction","target":["https:\/\/algarve7.pt\/index.php\/2020\/11\/operacao-thunder-2020-protecao-da-vida-selvagem\/nacional\/09\/12\/"]}]},{"@type":"ImageObject","inLanguage":"pt-PT","@id":"https:\/\/algarve7.pt\/index.php\/2020\/11\/operacao-thunder-2020-protecao-da-vida-selvagem\/nacional\/09\/12\/#primaryimage","url":"https:\/\/algarve7.pt\/wp-content\/uploads\/2020\/11\/Macaco-prego-das-Guianas.png","contentUrl":"https:\/\/algarve7.pt\/wp-content\/uploads\/2020\/11\/Macaco-prego-das-Guianas.png","width":576,"height":431},{"@type":"BreadcrumbList","@id":"https:\/\/algarve7.pt\/index.php\/2020\/11\/operacao-thunder-2020-protecao-da-vida-selvagem\/nacional\/09\/12\/#breadcrumb","itemListElement":[{"@type":"ListItem","position":1,"name":"In\u00edcio","item":"https:\/\/algarve7.pt\/"},{"@type":"ListItem","position":2,"name":"Opera\u00e7\u00e3o &#8220;Thunder 2020&#8221; \u2013 Prote\u00e7\u00e3o da Vida Selvagem"}]},{"@type":"WebSite","@id":"https:\/\/algarve7.pt\/#website","url":"https:\/\/algarve7.pt\/","name":"Algarve 7","description":"Informa\u00e7\u00e3o sobre o Algarve","publisher":{"@id":"https:\/\/algarve7.pt\/#organization"},"potentialAction":[{"@type":"SearchAction","target":{"@type":"EntryPoint","urlTemplate":"https:\/\/algarve7.pt\/?s={search_term_string}"},"query-input":{"@type":"PropertyValueSpecification","valueRequired":true,"valueName":"search_term_string"}}],"inLanguage":"pt-PT"},{"@type":"Organization","@id":"https:\/\/algarve7.pt\/#organization","name":"Algarve 7","url":"https:\/\/algarve7.pt\/","logo":{"@type":"ImageObject","inLanguage":"pt-PT","@id":"https:\/\/algarve7.pt\/#\/schema\/logo\/image\/","url":"https:\/\/algarve7.pt\/wp-content\/uploads\/2020\/10\/Logo-8.jpg","contentUrl":"https:\/\/algarve7.pt\/wp-content\/uploads\/2020\/10\/Logo-8.jpg","width":1680,"height":1186,"caption":"Algarve 7"},"image":{"@id":"https:\/\/algarve7.pt\/#\/schema\/logo\/image\/"},"sameAs":["https:\/\/www.facebook.com\/algarve7","https:\/\/x.com\/Algarvesete","https:\/\/www.instagram.com\/jornalalgarve7\/","https:\/\/www.linkedin.com\/company\/algarve7","https:\/\/www.pinterest.pt\/geral0939\/_created\/"]},{"@type":"Person","@id":"https:\/\/algarve7.pt\/#\/schema\/person\/23fa70681308e7b319a3204bcea45e0c","name":"Algarve 7","sameAs":["https:\/\/algarve7.pt","https:\/\/www.facebook.com\/algarve7"],"url":"https:\/\/algarve7.pt\/index.php\/author\/geralalgarve7-pt\/"}]}},"jetpack_publicize_connections":[],"jetpack_featured_media_url":"https:\/\/algarve7.pt\/wp-content\/uploads\/2020\/11\/Macaco-prego-das-Guianas.png","jetpack_shortlink":"https:\/\/wp.me\/pcezmW-10V","jetpack_sharing_enabled":true,"_links":{"self":[{"href":"https:\/\/algarve7.pt\/index.php\/wp-json\/wp\/v2\/posts\/3901","targetHints":{"allow":["GET"]}}],"collection":[{"href":"https:\/\/algarve7.pt\/index.php\/wp-json\/wp\/v2\/posts"}],"about":[{"href":"https:\/\/algarve7.pt\/index.php\/wp-json\/wp\/v2\/types\/post"}],"author":[{"embeddable":true,"href":"https:\/\/algarve7.pt\/index.php\/wp-json\/wp\/v2\/users\/1"}],"replies":[{"embeddable":true,"href":"https:\/\/algarve7.pt\/index.php\/wp-json\/wp\/v2\/comments?post=3901"}],"version-history":[{"count":0,"href":"https:\/\/algarve7.pt\/index.php\/wp-json\/wp\/v2\/posts\/3901\/revisions"}],"wp:featuredmedia":[{"embeddable":true,"href":"https:\/\/algarve7.pt\/index.php\/wp-json\/wp\/v2\/media\/3902"}],"wp:attachment":[{"href":"https:\/\/algarve7.pt\/index.php\/wp-json\/wp\/v2\/media?parent=3901"}],"wp:term":[{"taxonomy":"category","embeddable":true,"href":"https:\/\/algarve7.pt\/index.php\/wp-json\/wp\/v2\/categories?post=3901"},{"taxonomy":"post_tag","embeddable":true,"href":"https:\/\/algarve7.pt\/index.php\/wp-json\/wp\/v2\/tags?post=3901"}],"curies":[{"name":"wp","href":"https:\/\/api.w.org\/{rel}","templated":true}]}}