{"id":38927,"date":"2024-05-21T09:10:00","date_gmt":"2024-05-21T08:10:00","guid":{"rendered":"https:\/\/algarve7.pt\/?p=38927"},"modified":"2024-05-20T14:49:24","modified_gmt":"2024-05-20T13:49:24","slug":"projeto-vilas-em-movimento-promove-uniao-entre-miudos-e-graudos","status":"publish","type":"post","link":"https:\/\/algarve7.pt\/index.php\/2024\/05\/projeto-vilas-em-movimento-promove-uniao-entre-miudos-e-graudos\/cultura\/09\/10\/","title":{"rendered":"Projeto Vilas em movimento promove uni\u00e3o entre mi\u00fados e gra\u00fados"},"content":{"rendered":"\n<p>No \u00e2mbito do projeto Vilas em Movimento, uma iniciativa conjunta entre o Munic\u00edpio de Alcoutim, a Funda\u00e7\u00e3o Galp e a Odiana \u2013 Associa\u00e7\u00e3o para o Desenvolvimento do Baixo Guadiana, teve lugar um Workshop de P\u00e3o Caseiro que reuniu participantes de diferentes faixas et\u00e1rias da regi\u00e3o.<\/p>\n\n\n\n<p>Os idosos da Universidade S\u00e9nior de Alcoutim e as crian\u00e7as do Jardim de Inf\u00e2ncia do Centro de Desenvolvimento Cultural e Social de Martim Longo participaram ativamente numa sess\u00e3o intergeracional dedicada \u00e0 arte de fazer p\u00e3o. Sob a orienta\u00e7\u00e3o das alunas da Universidade S\u00e9nior de Alcoutim, os participantes tiveram a oportunidade de observar e colaborar ativamente na prepara\u00e7\u00e3o da massa e na confe\u00e7\u00e3o do p\u00e3o.<\/p>\n\n\n\n<p>Durante o workshop, foram partilhados conhecimentos sobre os ingredientes essenciais, os passos para a prepara\u00e7\u00e3o da massa e a utiliza\u00e7\u00e3o do forno tradicional. As crian\u00e7as, entusiasmadas, puderam literalmente \u201cmeter as m\u00e3os na massa\u201d, moldando e preparando o p\u00e3o sob a supervis\u00e3o dos adultos presentes.<\/p>\n\n\n\n<p>No final do workshop, as crian\u00e7as puderam levar para casa os p\u00e3ezinhos que ajudaram a confecionar, empacotados com entusiasmo em saquinhos.<\/p>\n\n\n\n<p>Esta atividade proporcionou uma rica troca de saberes e tradi\u00e7\u00f5es entre os participantes de diferentes gera\u00e7\u00f5es e contextos sociais. Al\u00e9m disso, contribuiu para o fortalecimento dos la\u00e7os comunit\u00e1rios e para o desenvolvimento de compet\u00eancias pedag\u00f3gicas tanto nas crian\u00e7as como nos idosos envolvidos.<\/p>\n\n\n\n<p>Acreditamos que estas iniciativas s\u00e3o fundamentais para preservar as tradi\u00e7\u00f5es locais e para fomentar um ambiente de aprendizagem e partilha entre diferentes grupos et\u00e1rios da nossa comunidade.<\/p>\n\n\n\n<p>O projeto Vilas em Movimento continua a ser um catalisador de atividades enriquecedoras que promovem o desenvolvimento e a coes\u00e3o social no Baixo Guadiana.<\/p>\n","protected":false},"excerpt":{"rendered":"<p>No \u00e2mbito do projeto Vilas em Movimento, uma iniciativa conjunta entre o Munic\u00edpio de Alcoutim, a Funda\u00e7\u00e3o Galp e a<\/p>\n","protected":false},"author":1,"featured_media":38928,"comment_status":"closed","ping_status":"open","sticky":false,"template":"","format":"standard","meta":{"colormag_page_container_layout":"default_layout","colormag_page_sidebar_layout":"default_layout","_monsterinsights_skip_tracking":false,"_monsterinsights_sitenote_active":false,"_monsterinsights_sitenote_note":"","_monsterinsights_sitenote_category":0,"jetpack_post_was_ever_published":false,"_jetpack_newsletter_access":"","_jetpack_dont_email_post_to_subs":false,"_jetpack_newsletter_tier_id":0,"_jetpack_memberships_contains_paywalled_content":false,"_jetpack_memberships_contains_paid_content":false,"footnotes":"","jetpack_publicize_message":"","jetpack_publicize_feature_enabled":true,"jetpack_social_post_already_shared":false,"jetpack_social_options":{"image_generator_settings":{"template":"highway","default_image_id":0,"font":"","enabled":false},"version":2}},"categories":[14],"tags":[79,36,35,595],"class_list":["post-38927","post","type-post","status-publish","format-standard","has-post-thumbnail","hentry","category-cultura","tag-alcoutim","tag-algarve","tag-cultura","tag-odiana"],"yoast_head":"<!-- This site is optimized with the Yoast SEO plugin v27.4 - https:\/\/yoast.com\/product\/yoast-seo-wordpress\/ -->\n<title>Projeto Vilas em movimento promove uni\u00e3o entre mi\u00fados e gra\u00fados - Algarve 7<\/title>\n<meta name=\"description\" content=\"Projeto Vilas em movimento promove uni\u00e3o entre mi\u00fados e gra\u00fados Cultura\" \/>\n<meta name=\"robots\" content=\"index, follow, max-snippet:-1, max-image-preview:large, max-video-preview:-1\" \/>\n<link rel=\"canonical\" href=\"https:\/\/algarve7.pt\/index.php\/2024\/05\/projeto-vilas-em-movimento-promove-uniao-entre-miudos-e-graudos\/cultura\/09\/10\/\" \/>\n<meta property=\"og:locale\" content=\"pt_PT\" \/>\n<meta property=\"og:type\" content=\"article\" \/>\n<meta property=\"og:title\" content=\"Projeto Vilas em movimento promove uni\u00e3o entre mi\u00fados e gra\u00fados - Algarve 7\" \/>\n<meta property=\"og:description\" content=\"Projeto Vilas em movimento promove uni\u00e3o entre mi\u00fados e gra\u00fados Cultura\" \/>\n<meta property=\"og:url\" content=\"https:\/\/algarve7.pt\/index.php\/2024\/05\/projeto-vilas-em-movimento-promove-uniao-entre-miudos-e-graudos\/cultura\/09\/10\/\" \/>\n<meta property=\"og:site_name\" content=\"Algarve 7\" \/>\n<meta property=\"article:publisher\" content=\"https:\/\/www.facebook.com\/algarve7\" \/>\n<meta property=\"article:author\" content=\"https:\/\/www.facebook.com\/algarve7\" \/>\n<meta property=\"article:published_time\" content=\"2024-05-21T08:10:00+00:00\" \/>\n<meta property=\"og:image\" content=\"https:\/\/algarve7.pt\/wp-content\/uploads\/2024\/05\/13-1200x900-1.jpg\" \/>\n\t<meta property=\"og:image:width\" content=\"800\" \/>\n\t<meta property=\"og:image:height\" content=\"470\" \/>\n\t<meta property=\"og:image:type\" content=\"image\/jpeg\" \/>\n<meta name=\"author\" content=\"Algarve 7\" \/>\n<meta name=\"twitter:card\" content=\"summary_large_image\" \/>\n<meta name=\"twitter:creator\" content=\"@Algarvesete\" \/>\n<meta name=\"twitter:site\" content=\"@Algarvesete\" \/>\n<meta name=\"twitter:label1\" content=\"Escrito por\" \/>\n\t<meta name=\"twitter:data1\" content=\"Algarve 7\" \/>\n\t<meta name=\"twitter:label2\" content=\"Tempo estimado de leitura\" \/>\n\t<meta name=\"twitter:data2\" content=\"2 minutos\" \/>\n<script type=\"application\/ld+json\" class=\"yoast-schema-graph\">{\"@context\":\"https:\\\/\\\/schema.org\",\"@graph\":[{\"@type\":\"Article\",\"@id\":\"https:\\\/\\\/algarve7.pt\\\/index.php\\\/2024\\\/05\\\/projeto-vilas-em-movimento-promove-uniao-entre-miudos-e-graudos\\\/cultura\\\/09\\\/10\\\/#article\",\"isPartOf\":{\"@id\":\"https:\\\/\\\/algarve7.pt\\\/index.php\\\/2024\\\/05\\\/projeto-vilas-em-movimento-promove-uniao-entre-miudos-e-graudos\\\/cultura\\\/09\\\/10\\\/\"},\"author\":{\"name\":\"Algarve 7\",\"@id\":\"https:\\\/\\\/algarve7.pt\\\/#\\\/schema\\\/person\\\/23fa70681308e7b319a3204bcea45e0c\"},\"headline\":\"Projeto Vilas em movimento promove uni\u00e3o entre mi\u00fados e gra\u00fados\",\"datePublished\":\"2024-05-21T08:10:00+00:00\",\"mainEntityOfPage\":{\"@id\":\"https:\\\/\\\/algarve7.pt\\\/index.php\\\/2024\\\/05\\\/projeto-vilas-em-movimento-promove-uniao-entre-miudos-e-graudos\\\/cultura\\\/09\\\/10\\\/\"},\"wordCount\":314,\"publisher\":{\"@id\":\"https:\\\/\\\/algarve7.pt\\\/#organization\"},\"image\":{\"@id\":\"https:\\\/\\\/algarve7.pt\\\/index.php\\\/2024\\\/05\\\/projeto-vilas-em-movimento-promove-uniao-entre-miudos-e-graudos\\\/cultura\\\/09\\\/10\\\/#primaryimage\"},\"thumbnailUrl\":\"https:\\\/\\\/algarve7.pt\\\/wp-content\\\/uploads\\\/2024\\\/05\\\/13-1200x900-1.jpg\",\"keywords\":[\"Alcoutim\",\"Algarve\",\"Cultura\",\"Odiana\"],\"articleSection\":[\"Cultura\"],\"inLanguage\":\"pt-PT\"},{\"@type\":\"WebPage\",\"@id\":\"https:\\\/\\\/algarve7.pt\\\/index.php\\\/2024\\\/05\\\/projeto-vilas-em-movimento-promove-uniao-entre-miudos-e-graudos\\\/cultura\\\/09\\\/10\\\/\",\"url\":\"https:\\\/\\\/algarve7.pt\\\/index.php\\\/2024\\\/05\\\/projeto-vilas-em-movimento-promove-uniao-entre-miudos-e-graudos\\\/cultura\\\/09\\\/10\\\/\",\"name\":\"Projeto Vilas em movimento promove uni\u00e3o entre mi\u00fados e gra\u00fados - Algarve 7\",\"isPartOf\":{\"@id\":\"https:\\\/\\\/algarve7.pt\\\/#website\"},\"primaryImageOfPage\":{\"@id\":\"https:\\\/\\\/algarve7.pt\\\/index.php\\\/2024\\\/05\\\/projeto-vilas-em-movimento-promove-uniao-entre-miudos-e-graudos\\\/cultura\\\/09\\\/10\\\/#primaryimage\"},\"image\":{\"@id\":\"https:\\\/\\\/algarve7.pt\\\/index.php\\\/2024\\\/05\\\/projeto-vilas-em-movimento-promove-uniao-entre-miudos-e-graudos\\\/cultura\\\/09\\\/10\\\/#primaryimage\"},\"thumbnailUrl\":\"https:\\\/\\\/algarve7.pt\\\/wp-content\\\/uploads\\\/2024\\\/05\\\/13-1200x900-1.jpg\",\"datePublished\":\"2024-05-21T08:10:00+00:00\",\"description\":\"Projeto Vilas em movimento promove uni\u00e3o entre mi\u00fados e gra\u00fados Cultura\",\"breadcrumb\":{\"@id\":\"https:\\\/\\\/algarve7.pt\\\/index.php\\\/2024\\\/05\\\/projeto-vilas-em-movimento-promove-uniao-entre-miudos-e-graudos\\\/cultura\\\/09\\\/10\\\/#breadcrumb\"},\"inLanguage\":\"pt-PT\",\"potentialAction\":[{\"@type\":\"ReadAction\",\"target\":[\"https:\\\/\\\/algarve7.pt\\\/index.php\\\/2024\\\/05\\\/projeto-vilas-em-movimento-promove-uniao-entre-miudos-e-graudos\\\/cultura\\\/09\\\/10\\\/\"]}]},{\"@type\":\"ImageObject\",\"inLanguage\":\"pt-PT\",\"@id\":\"https:\\\/\\\/algarve7.pt\\\/index.php\\\/2024\\\/05\\\/projeto-vilas-em-movimento-promove-uniao-entre-miudos-e-graudos\\\/cultura\\\/09\\\/10\\\/#primaryimage\",\"url\":\"https:\\\/\\\/algarve7.pt\\\/wp-content\\\/uploads\\\/2024\\\/05\\\/13-1200x900-1.jpg\",\"contentUrl\":\"https:\\\/\\\/algarve7.pt\\\/wp-content\\\/uploads\\\/2024\\\/05\\\/13-1200x900-1.jpg\",\"width\":800,\"height\":470},{\"@type\":\"BreadcrumbList\",\"@id\":\"https:\\\/\\\/algarve7.pt\\\/index.php\\\/2024\\\/05\\\/projeto-vilas-em-movimento-promove-uniao-entre-miudos-e-graudos\\\/cultura\\\/09\\\/10\\\/#breadcrumb\",\"itemListElement\":[{\"@type\":\"ListItem\",\"position\":1,\"name\":\"In\u00edcio\",\"item\":\"https:\\\/\\\/algarve7.pt\\\/\"},{\"@type\":\"ListItem\",\"position\":2,\"name\":\"Projeto Vilas em movimento promove uni\u00e3o entre mi\u00fados e gra\u00fados\"}]},{\"@type\":\"WebSite\",\"@id\":\"https:\\\/\\\/algarve7.pt\\\/#website\",\"url\":\"https:\\\/\\\/algarve7.pt\\\/\",\"name\":\"Algarve 7\",\"description\":\"Informa\u00e7\u00e3o sobre o Algarve\",\"publisher\":{\"@id\":\"https:\\\/\\\/algarve7.pt\\\/#organization\"},\"potentialAction\":[{\"@type\":\"SearchAction\",\"target\":{\"@type\":\"EntryPoint\",\"urlTemplate\":\"https:\\\/\\\/algarve7.pt\\\/?s={search_term_string}\"},\"query-input\":{\"@type\":\"PropertyValueSpecification\",\"valueRequired\":true,\"valueName\":\"search_term_string\"}}],\"inLanguage\":\"pt-PT\"},{\"@type\":\"Organization\",\"@id\":\"https:\\\/\\\/algarve7.pt\\\/#organization\",\"name\":\"Algarve 7\",\"url\":\"https:\\\/\\\/algarve7.pt\\\/\",\"logo\":{\"@type\":\"ImageObject\",\"inLanguage\":\"pt-PT\",\"@id\":\"https:\\\/\\\/algarve7.pt\\\/#\\\/schema\\\/logo\\\/image\\\/\",\"url\":\"https:\\\/\\\/algarve7.pt\\\/wp-content\\\/uploads\\\/2020\\\/10\\\/Logo-8.jpg\",\"contentUrl\":\"https:\\\/\\\/algarve7.pt\\\/wp-content\\\/uploads\\\/2020\\\/10\\\/Logo-8.jpg\",\"width\":1680,\"height\":1186,\"caption\":\"Algarve 7\"},\"image\":{\"@id\":\"https:\\\/\\\/algarve7.pt\\\/#\\\/schema\\\/logo\\\/image\\\/\"},\"sameAs\":[\"https:\\\/\\\/www.facebook.com\\\/algarve7\",\"https:\\\/\\\/x.com\\\/Algarvesete\",\"https:\\\/\\\/www.instagram.com\\\/jornalalgarve7\\\/\",\"https:\\\/\\\/www.linkedin.com\\\/company\\\/algarve7\",\"https:\\\/\\\/www.pinterest.pt\\\/geral0939\\\/_created\\\/\"]},{\"@type\":\"Person\",\"@id\":\"https:\\\/\\\/algarve7.pt\\\/#\\\/schema\\\/person\\\/23fa70681308e7b319a3204bcea45e0c\",\"name\":\"Algarve 7\",\"sameAs\":[\"https:\\\/\\\/algarve7.pt\",\"https:\\\/\\\/www.facebook.com\\\/algarve7\"],\"url\":\"https:\\\/\\\/algarve7.pt\\\/index.php\\\/author\\\/geralalgarve7-pt\\\/\"}]}<\/script>\n<!-- \/ Yoast SEO plugin. -->","yoast_head_json":{"title":"Projeto Vilas em movimento promove uni\u00e3o entre mi\u00fados e gra\u00fados - Algarve 7","description":"Projeto Vilas em movimento promove uni\u00e3o entre mi\u00fados e gra\u00fados Cultura","robots":{"index":"index","follow":"follow","max-snippet":"max-snippet:-1","max-image-preview":"max-image-preview:large","max-video-preview":"max-video-preview:-1"},"canonical":"https:\/\/algarve7.pt\/index.php\/2024\/05\/projeto-vilas-em-movimento-promove-uniao-entre-miudos-e-graudos\/cultura\/09\/10\/","og_locale":"pt_PT","og_type":"article","og_title":"Projeto Vilas em movimento promove uni\u00e3o entre mi\u00fados e gra\u00fados - Algarve 7","og_description":"Projeto Vilas em movimento promove uni\u00e3o entre mi\u00fados e gra\u00fados Cultura","og_url":"https:\/\/algarve7.pt\/index.php\/2024\/05\/projeto-vilas-em-movimento-promove-uniao-entre-miudos-e-graudos\/cultura\/09\/10\/","og_site_name":"Algarve 7","article_publisher":"https:\/\/www.facebook.com\/algarve7","article_author":"https:\/\/www.facebook.com\/algarve7","article_published_time":"2024-05-21T08:10:00+00:00","og_image":[{"width":800,"height":470,"url":"https:\/\/algarve7.pt\/wp-content\/uploads\/2024\/05\/13-1200x900-1.jpg","type":"image\/jpeg"}],"author":"Algarve 7","twitter_card":"summary_large_image","twitter_creator":"@Algarvesete","twitter_site":"@Algarvesete","twitter_misc":{"Escrito por":"Algarve 7","Tempo estimado de leitura":"2 minutos"},"schema":{"@context":"https:\/\/schema.org","@graph":[{"@type":"Article","@id":"https:\/\/algarve7.pt\/index.php\/2024\/05\/projeto-vilas-em-movimento-promove-uniao-entre-miudos-e-graudos\/cultura\/09\/10\/#article","isPartOf":{"@id":"https:\/\/algarve7.pt\/index.php\/2024\/05\/projeto-vilas-em-movimento-promove-uniao-entre-miudos-e-graudos\/cultura\/09\/10\/"},"author":{"name":"Algarve 7","@id":"https:\/\/algarve7.pt\/#\/schema\/person\/23fa70681308e7b319a3204bcea45e0c"},"headline":"Projeto Vilas em movimento promove uni\u00e3o entre mi\u00fados e gra\u00fados","datePublished":"2024-05-21T08:10:00+00:00","mainEntityOfPage":{"@id":"https:\/\/algarve7.pt\/index.php\/2024\/05\/projeto-vilas-em-movimento-promove-uniao-entre-miudos-e-graudos\/cultura\/09\/10\/"},"wordCount":314,"publisher":{"@id":"https:\/\/algarve7.pt\/#organization"},"image":{"@id":"https:\/\/algarve7.pt\/index.php\/2024\/05\/projeto-vilas-em-movimento-promove-uniao-entre-miudos-e-graudos\/cultura\/09\/10\/#primaryimage"},"thumbnailUrl":"https:\/\/algarve7.pt\/wp-content\/uploads\/2024\/05\/13-1200x900-1.jpg","keywords":["Alcoutim","Algarve","Cultura","Odiana"],"articleSection":["Cultura"],"inLanguage":"pt-PT"},{"@type":"WebPage","@id":"https:\/\/algarve7.pt\/index.php\/2024\/05\/projeto-vilas-em-movimento-promove-uniao-entre-miudos-e-graudos\/cultura\/09\/10\/","url":"https:\/\/algarve7.pt\/index.php\/2024\/05\/projeto-vilas-em-movimento-promove-uniao-entre-miudos-e-graudos\/cultura\/09\/10\/","name":"Projeto Vilas em movimento promove uni\u00e3o entre mi\u00fados e gra\u00fados - Algarve 7","isPartOf":{"@id":"https:\/\/algarve7.pt\/#website"},"primaryImageOfPage":{"@id":"https:\/\/algarve7.pt\/index.php\/2024\/05\/projeto-vilas-em-movimento-promove-uniao-entre-miudos-e-graudos\/cultura\/09\/10\/#primaryimage"},"image":{"@id":"https:\/\/algarve7.pt\/index.php\/2024\/05\/projeto-vilas-em-movimento-promove-uniao-entre-miudos-e-graudos\/cultura\/09\/10\/#primaryimage"},"thumbnailUrl":"https:\/\/algarve7.pt\/wp-content\/uploads\/2024\/05\/13-1200x900-1.jpg","datePublished":"2024-05-21T08:10:00+00:00","description":"Projeto Vilas em movimento promove uni\u00e3o entre mi\u00fados e gra\u00fados Cultura","breadcrumb":{"@id":"https:\/\/algarve7.pt\/index.php\/2024\/05\/projeto-vilas-em-movimento-promove-uniao-entre-miudos-e-graudos\/cultura\/09\/10\/#breadcrumb"},"inLanguage":"pt-PT","potentialAction":[{"@type":"ReadAction","target":["https:\/\/algarve7.pt\/index.php\/2024\/05\/projeto-vilas-em-movimento-promove-uniao-entre-miudos-e-graudos\/cultura\/09\/10\/"]}]},{"@type":"ImageObject","inLanguage":"pt-PT","@id":"https:\/\/algarve7.pt\/index.php\/2024\/05\/projeto-vilas-em-movimento-promove-uniao-entre-miudos-e-graudos\/cultura\/09\/10\/#primaryimage","url":"https:\/\/algarve7.pt\/wp-content\/uploads\/2024\/05\/13-1200x900-1.jpg","contentUrl":"https:\/\/algarve7.pt\/wp-content\/uploads\/2024\/05\/13-1200x900-1.jpg","width":800,"height":470},{"@type":"BreadcrumbList","@id":"https:\/\/algarve7.pt\/index.php\/2024\/05\/projeto-vilas-em-movimento-promove-uniao-entre-miudos-e-graudos\/cultura\/09\/10\/#breadcrumb","itemListElement":[{"@type":"ListItem","position":1,"name":"In\u00edcio","item":"https:\/\/algarve7.pt\/"},{"@type":"ListItem","position":2,"name":"Projeto Vilas em movimento promove uni\u00e3o entre mi\u00fados e gra\u00fados"}]},{"@type":"WebSite","@id":"https:\/\/algarve7.pt\/#website","url":"https:\/\/algarve7.pt\/","name":"Algarve 7","description":"Informa\u00e7\u00e3o sobre o Algarve","publisher":{"@id":"https:\/\/algarve7.pt\/#organization"},"potentialAction":[{"@type":"SearchAction","target":{"@type":"EntryPoint","urlTemplate":"https:\/\/algarve7.pt\/?s={search_term_string}"},"query-input":{"@type":"PropertyValueSpecification","valueRequired":true,"valueName":"search_term_string"}}],"inLanguage":"pt-PT"},{"@type":"Organization","@id":"https:\/\/algarve7.pt\/#organization","name":"Algarve 7","url":"https:\/\/algarve7.pt\/","logo":{"@type":"ImageObject","inLanguage":"pt-PT","@id":"https:\/\/algarve7.pt\/#\/schema\/logo\/image\/","url":"https:\/\/algarve7.pt\/wp-content\/uploads\/2020\/10\/Logo-8.jpg","contentUrl":"https:\/\/algarve7.pt\/wp-content\/uploads\/2020\/10\/Logo-8.jpg","width":1680,"height":1186,"caption":"Algarve 7"},"image":{"@id":"https:\/\/algarve7.pt\/#\/schema\/logo\/image\/"},"sameAs":["https:\/\/www.facebook.com\/algarve7","https:\/\/x.com\/Algarvesete","https:\/\/www.instagram.com\/jornalalgarve7\/","https:\/\/www.linkedin.com\/company\/algarve7","https:\/\/www.pinterest.pt\/geral0939\/_created\/"]},{"@type":"Person","@id":"https:\/\/algarve7.pt\/#\/schema\/person\/23fa70681308e7b319a3204bcea45e0c","name":"Algarve 7","sameAs":["https:\/\/algarve7.pt","https:\/\/www.facebook.com\/algarve7"],"url":"https:\/\/algarve7.pt\/index.php\/author\/geralalgarve7-pt\/"}]}},"jetpack_publicize_connections":[],"jetpack_featured_media_url":"https:\/\/algarve7.pt\/wp-content\/uploads\/2024\/05\/13-1200x900-1.jpg","jetpack_shortlink":"https:\/\/wp.me\/pcezmW-a7R","jetpack_sharing_enabled":true,"_links":{"self":[{"href":"https:\/\/algarve7.pt\/index.php\/wp-json\/wp\/v2\/posts\/38927","targetHints":{"allow":["GET"]}}],"collection":[{"href":"https:\/\/algarve7.pt\/index.php\/wp-json\/wp\/v2\/posts"}],"about":[{"href":"https:\/\/algarve7.pt\/index.php\/wp-json\/wp\/v2\/types\/post"}],"author":[{"embeddable":true,"href":"https:\/\/algarve7.pt\/index.php\/wp-json\/wp\/v2\/users\/1"}],"replies":[{"embeddable":true,"href":"https:\/\/algarve7.pt\/index.php\/wp-json\/wp\/v2\/comments?post=38927"}],"version-history":[{"count":0,"href":"https:\/\/algarve7.pt\/index.php\/wp-json\/wp\/v2\/posts\/38927\/revisions"}],"wp:featuredmedia":[{"embeddable":true,"href":"https:\/\/algarve7.pt\/index.php\/wp-json\/wp\/v2\/media\/38928"}],"wp:attachment":[{"href":"https:\/\/algarve7.pt\/index.php\/wp-json\/wp\/v2\/media?parent=38927"}],"wp:term":[{"taxonomy":"category","embeddable":true,"href":"https:\/\/algarve7.pt\/index.php\/wp-json\/wp\/v2\/categories?post=38927"},{"taxonomy":"post_tag","embeddable":true,"href":"https:\/\/algarve7.pt\/index.php\/wp-json\/wp\/v2\/tags?post=38927"}],"curies":[{"name":"wp","href":"https:\/\/api.w.org\/{rel}","templated":true}]}}