{"id":3892,"date":"2020-11-19T17:54:27","date_gmt":"2020-11-19T17:54:27","guid":{"rendered":"https:\/\/algarve7.pt\/?p=3892"},"modified":"2020-11-19T17:54:29","modified_gmt":"2020-11-19T17:54:29","slug":"telma-monteiro-sagra-se-vice-campea-europeia","status":"publish","type":"post","link":"https:\/\/algarve7.pt\/index.php\/2020\/11\/telma-monteiro-sagra-se-vice-campea-europeia\/desporto\/17\/54\/","title":{"rendered":"Telma Monteiro sagra-se Vice-Campe\u00e3 Europeia"},"content":{"rendered":"\n<p>O primeiro dia do&nbsp;<strong>Campeonato da Europa de Judo 2020<\/strong>&nbsp;cumpriu-se esta&nbsp;<strong>quinta-feira<\/strong>,&nbsp;<strong>19 de novembro<\/strong>, em&nbsp;<strong>Praga<\/strong>. A capital checa recebe a&nbsp;<strong>prova mais importante do Calend\u00e1rio Europeu<\/strong>, reunindo&nbsp;<strong>345 Atletas<\/strong>&nbsp;(209 Masculinos e 136 Femininas) em representa\u00e7\u00e3o de&nbsp;<strong>40 Pa\u00edses<\/strong>, at\u00e9 este s\u00e1bado, 21 de novembro.<\/p>\n\n\n\n<p><strong>Telma Monteiro<\/strong>&nbsp;(-57 kg) come\u00e7ou a sua caminhada com um triunfo sobre a 23\u00aa classificada do ranking mundial, a holandesa Sanne Verhagen, por \u2018ippon\u2019. Nos quartos-de-final, superou em 56 segundos, por \u2018ippon\u2019, a polaca Julia Kowalczyk (Bronze no Campeonato do Mundo 2019). A medalhada ol\u00edmpica portuguesa continuou a demonstrar a sua grande forma, alcan\u00e7ando mais um \u2018ippon\u2019 em apenas 32 segundos, no confronto da semifinal, perante a servia Marica Perisic. A disputar a sua 7\u00aa final europeia, a Judoca Lusa encontrou a h\u00fangara Hedvig Karakas na luta pelo ouro, numa reedi\u00e7\u00e3o da final europeia de 2015 em Baku. Ap\u00f3s mais de 8 minutos de um combate muito disputado, a portuguesa n\u00e3o conseguiu repetir o resultado de h\u00e1 5 anos, somando o terceiro \u2018shido\u2019. Com este resultado,&nbsp;<strong>Telma Monteiro conquista a Medalha de Prata<\/strong>,&nbsp;<strong>elevando para 14 o n\u00famero de Medalhas conquistadas em Campeonatos da Europa (5 de Ouro, 2 de Prata e 7 de Bronze), em 14 participa\u00e7\u00f5es<\/strong>.<\/p>\n\n\n\n<p>Na mesma categoria de Telma,&nbsp;<strong>Wilsa Gomes<\/strong>&nbsp;(-57 kg) alcan\u00e7ou uma vit\u00f3ria na sua estreia em Campeonatos da Europa de Seniores, eliminando a bielorussa Ulyana Minenkova, com um \u2018wazari\u2019 em per\u00edodo de \u2018ponto de ouro\u2019. Na ronda seguinte, n\u00e3o conseguiu ultrapassar a Campe\u00e3 Europeia de 2019, Daria Mezhetskaia, da R\u00fassia.<\/p>\n\n\n\n<p>Na categoria -66 kg,&nbsp;<strong>Sergiu Oleinic<\/strong>&nbsp;come\u00e7ou a sua presta\u00e7\u00e3o com um triunfo sobre Daniel Szegedi, por acumula\u00e7\u00e3o de \u2018shidos\u2019 do h\u00fangaro, ap\u00f3s mais de 7 minutos de combate. Na segunda eliminat\u00f3ria, o ol\u00edmpico portugu\u00eas cedeu, por acumula\u00e7\u00e3o de \u2018shidos\u2019, perante o israelita Tal Flicker, que viria a sagrar-se Vice-Campe\u00e3o Europeu.<\/p>\n\n\n\n<p><strong>Catarina Costa<\/strong>&nbsp;(-48 kg),&nbsp;<strong>Raquel Brito<\/strong>&nbsp;(-48 kg),&nbsp;<strong>Joana Ramos<\/strong>&nbsp;(-52 kg),<strong>&nbsp;Rodrigo Lopes<\/strong>&nbsp;(-60 kg) e&nbsp;<strong>Jo\u00e3o Cris\u00f3stomo<\/strong>&nbsp;(-66 kg) n\u00e3o conseguiram superar os seus primeiros advers\u00e1rios.<\/p>\n\n\n\n<p>Recordamos que a&nbsp;<strong>Comitiva Portuguesa<\/strong>&nbsp;que participa no evento \u00e9 composta por&nbsp;<strong>16 Judocas<\/strong>&nbsp;(9 Femininas e 7 Masculinos):&nbsp;<strong>Catarina Costa<\/strong>&nbsp;(-48 kg),&nbsp;<strong>Raquel Brito<\/strong>&nbsp;(-48 kg),&nbsp;<strong>Joana Ramos<\/strong>&nbsp;(-52 kg),&nbsp;<strong>Telma Monteiro<\/strong>&nbsp;(-57 kg),&nbsp;<strong>Wilsa Gomes<\/strong>&nbsp;(-57 kg),&nbsp;<strong>B\u00e1rbara Timo<\/strong>&nbsp;(-70 kg),&nbsp;<strong>Joana Cris\u00f3stomo<\/strong>&nbsp;(-70 kg),&nbsp;<strong>Yahima Ramirez<\/strong>&nbsp;(-78 kg),&nbsp;<strong>Rochele Nunes<\/strong>&nbsp;(+78 kg),&nbsp;<strong>Rodrigo Lopes<\/strong>&nbsp;(-60 kg),&nbsp;<strong>Jo\u00e3o Cris\u00f3stomo<\/strong>&nbsp;(-66 kg),&nbsp;<strong>Sergiu Oleinic<\/strong>&nbsp;(-66 kg),&nbsp;<strong>Jo\u00e3o Fernando<\/strong>&nbsp;(-73 kg),&nbsp;<strong>Anri Egutidze<\/strong>&nbsp;(-81 kg),&nbsp;<strong>Jo\u00e3o Martinho<\/strong>&nbsp;(-81 kg), e&nbsp;<strong>Jorge Fonseca<\/strong>&nbsp;(-100 kg), que s\u00e3o acompanhados pelos treinadores&nbsp;<strong>Ana Hormigo<\/strong>&nbsp;e&nbsp;<strong>Pedro Soares<\/strong>&nbsp;e pela fisioterapeuta&nbsp;<strong>Rita Fernandes<\/strong>.<\/p>\n\n\n\n<p>A competi\u00e7\u00e3o regressa esta sexta-feira, 20 de novembro, com as categorias -63 kg e -70 kg femininas e -73 kg e -81 kg masculinas. Neste segundo dia de combates, Portugal conta com&nbsp;<strong>5 Judocas<\/strong>&nbsp;nos tatamis:&nbsp; B\u00e1rbara Timo, Joana Cris\u00f3stomo, Jo\u00e3o Fernando, Anri Egutidze e Jo\u00e3o Martinho. As eliminat\u00f3rias come\u00e7am \u00e0s 10h00 locais (09h00 em Portugal Continental).<\/p>\n","protected":false},"excerpt":{"rendered":"<p>O primeiro dia do&nbsp;Campeonato da Europa de Judo 2020&nbsp;cumpriu-se esta&nbsp;quinta-feira,&nbsp;19 de novembro, em&nbsp;Praga. A capital checa recebe a&nbsp;prova mais importante<\/p>\n","protected":false},"author":1,"featured_media":3893,"comment_status":"closed","ping_status":"open","sticky":false,"template":"","format":"standard","meta":{"colormag_page_container_layout":"default_layout","colormag_page_sidebar_layout":"default_layout","_monsterinsights_skip_tracking":false,"_monsterinsights_sitenote_active":false,"_monsterinsights_sitenote_note":"","_monsterinsights_sitenote_category":0,"jetpack_post_was_ever_published":false,"_jetpack_newsletter_access":"","_jetpack_dont_email_post_to_subs":false,"_jetpack_newsletter_tier_id":0,"_jetpack_memberships_contains_paywalled_content":false,"_jetpack_memberships_contains_paid_content":false,"footnotes":"","jetpack_publicize_message":"","jetpack_publicize_feature_enabled":true,"jetpack_social_post_already_shared":true,"jetpack_social_options":{"image_generator_settings":{"template":"highway","default_image_id":0,"font":"","enabled":false},"version":2}},"categories":[15],"tags":[40,252],"class_list":["post-3892","post","type-post","status-publish","format-standard","has-post-thumbnail","hentry","category-desporto","tag-desporto","tag-judo"],"yoast_head":"<!-- This site is optimized with the Yoast SEO plugin v27.5 - https:\/\/yoast.com\/product\/yoast-seo-wordpress\/ -->\n<title>Telma Monteiro sagra-se Vice-Campe\u00e3 Europeia - Algarve 7<\/title>\n<meta name=\"description\" content=\"Telma Monteiro sagra-se Vice-Campe\u00e3 Europeia Desporto\" \/>\n<meta name=\"robots\" content=\"index, follow, max-snippet:-1, max-image-preview:large, max-video-preview:-1\" \/>\n<link rel=\"canonical\" href=\"https:\/\/algarve7.pt\/index.php\/2020\/11\/telma-monteiro-sagra-se-vice-campea-europeia\/desporto\/17\/54\/\" \/>\n<meta property=\"og:locale\" content=\"pt_PT\" \/>\n<meta property=\"og:type\" content=\"article\" \/>\n<meta property=\"og:title\" content=\"Telma Monteiro sagra-se Vice-Campe\u00e3 Europeia - Algarve 7\" \/>\n<meta property=\"og:description\" content=\"Telma Monteiro sagra-se Vice-Campe\u00e3 Europeia Desporto\" \/>\n<meta property=\"og:url\" content=\"https:\/\/algarve7.pt\/index.php\/2020\/11\/telma-monteiro-sagra-se-vice-campea-europeia\/desporto\/17\/54\/\" \/>\n<meta property=\"og:site_name\" content=\"Algarve 7\" \/>\n<meta property=\"article:publisher\" content=\"https:\/\/www.facebook.com\/algarve7\" \/>\n<meta property=\"article:author\" content=\"https:\/\/www.facebook.com\/algarve7\" \/>\n<meta property=\"article:published_time\" content=\"2020-11-19T17:54:27+00:00\" \/>\n<meta property=\"article:modified_time\" content=\"2020-11-19T17:54:29+00:00\" \/>\n<meta property=\"og:image\" content=\"https:\/\/algarve7.pt\/wp-content\/uploads\/2020\/11\/image002-2.jpg\" \/>\n\t<meta property=\"og:image:width\" content=\"469\" \/>\n\t<meta property=\"og:image:height\" content=\"369\" \/>\n\t<meta property=\"og:image:type\" content=\"image\/jpeg\" \/>\n<meta name=\"author\" content=\"Algarve 7\" \/>\n<meta name=\"twitter:card\" content=\"summary_large_image\" \/>\n<meta name=\"twitter:creator\" content=\"@Algarvesete\" \/>\n<meta name=\"twitter:site\" content=\"@Algarvesete\" \/>\n<meta name=\"twitter:label1\" content=\"Escrito por\" \/>\n\t<meta name=\"twitter:data1\" content=\"Algarve 7\" \/>\n\t<meta name=\"twitter:label2\" content=\"Tempo estimado de leitura\" \/>\n\t<meta name=\"twitter:data2\" content=\"3 minutos\" \/>\n<script type=\"application\/ld+json\" class=\"yoast-schema-graph\">{\"@context\":\"https:\\\/\\\/schema.org\",\"@graph\":[{\"@type\":\"Article\",\"@id\":\"https:\\\/\\\/algarve7.pt\\\/index.php\\\/2020\\\/11\\\/telma-monteiro-sagra-se-vice-campea-europeia\\\/desporto\\\/17\\\/54\\\/#article\",\"isPartOf\":{\"@id\":\"https:\\\/\\\/algarve7.pt\\\/index.php\\\/2020\\\/11\\\/telma-monteiro-sagra-se-vice-campea-europeia\\\/desporto\\\/17\\\/54\\\/\"},\"author\":{\"name\":\"Algarve 7\",\"@id\":\"https:\\\/\\\/algarve7.pt\\\/#\\\/schema\\\/person\\\/23fa70681308e7b319a3204bcea45e0c\"},\"headline\":\"Telma Monteiro sagra-se Vice-Campe\u00e3 Europeia\",\"datePublished\":\"2020-11-19T17:54:27+00:00\",\"dateModified\":\"2020-11-19T17:54:29+00:00\",\"mainEntityOfPage\":{\"@id\":\"https:\\\/\\\/algarve7.pt\\\/index.php\\\/2020\\\/11\\\/telma-monteiro-sagra-se-vice-campea-europeia\\\/desporto\\\/17\\\/54\\\/\"},\"wordCount\":582,\"publisher\":{\"@id\":\"https:\\\/\\\/algarve7.pt\\\/#organization\"},\"image\":{\"@id\":\"https:\\\/\\\/algarve7.pt\\\/index.php\\\/2020\\\/11\\\/telma-monteiro-sagra-se-vice-campea-europeia\\\/desporto\\\/17\\\/54\\\/#primaryimage\"},\"thumbnailUrl\":\"https:\\\/\\\/algarve7.pt\\\/wp-content\\\/uploads\\\/2020\\\/11\\\/image002-2.jpg\",\"keywords\":[\"Desporto\",\"Judo\"],\"articleSection\":[\"Desporto\"],\"inLanguage\":\"pt-PT\"},{\"@type\":\"WebPage\",\"@id\":\"https:\\\/\\\/algarve7.pt\\\/index.php\\\/2020\\\/11\\\/telma-monteiro-sagra-se-vice-campea-europeia\\\/desporto\\\/17\\\/54\\\/\",\"url\":\"https:\\\/\\\/algarve7.pt\\\/index.php\\\/2020\\\/11\\\/telma-monteiro-sagra-se-vice-campea-europeia\\\/desporto\\\/17\\\/54\\\/\",\"name\":\"Telma Monteiro sagra-se Vice-Campe\u00e3 Europeia - Algarve 7\",\"isPartOf\":{\"@id\":\"https:\\\/\\\/algarve7.pt\\\/#website\"},\"primaryImageOfPage\":{\"@id\":\"https:\\\/\\\/algarve7.pt\\\/index.php\\\/2020\\\/11\\\/telma-monteiro-sagra-se-vice-campea-europeia\\\/desporto\\\/17\\\/54\\\/#primaryimage\"},\"image\":{\"@id\":\"https:\\\/\\\/algarve7.pt\\\/index.php\\\/2020\\\/11\\\/telma-monteiro-sagra-se-vice-campea-europeia\\\/desporto\\\/17\\\/54\\\/#primaryimage\"},\"thumbnailUrl\":\"https:\\\/\\\/algarve7.pt\\\/wp-content\\\/uploads\\\/2020\\\/11\\\/image002-2.jpg\",\"datePublished\":\"2020-11-19T17:54:27+00:00\",\"dateModified\":\"2020-11-19T17:54:29+00:00\",\"description\":\"Telma Monteiro sagra-se Vice-Campe\u00e3 Europeia Desporto\",\"breadcrumb\":{\"@id\":\"https:\\\/\\\/algarve7.pt\\\/index.php\\\/2020\\\/11\\\/telma-monteiro-sagra-se-vice-campea-europeia\\\/desporto\\\/17\\\/54\\\/#breadcrumb\"},\"inLanguage\":\"pt-PT\",\"potentialAction\":[{\"@type\":\"ReadAction\",\"target\":[\"https:\\\/\\\/algarve7.pt\\\/index.php\\\/2020\\\/11\\\/telma-monteiro-sagra-se-vice-campea-europeia\\\/desporto\\\/17\\\/54\\\/\"]}]},{\"@type\":\"ImageObject\",\"inLanguage\":\"pt-PT\",\"@id\":\"https:\\\/\\\/algarve7.pt\\\/index.php\\\/2020\\\/11\\\/telma-monteiro-sagra-se-vice-campea-europeia\\\/desporto\\\/17\\\/54\\\/#primaryimage\",\"url\":\"https:\\\/\\\/algarve7.pt\\\/wp-content\\\/uploads\\\/2020\\\/11\\\/image002-2.jpg\",\"contentUrl\":\"https:\\\/\\\/algarve7.pt\\\/wp-content\\\/uploads\\\/2020\\\/11\\\/image002-2.jpg\",\"width\":469,\"height\":369},{\"@type\":\"BreadcrumbList\",\"@id\":\"https:\\\/\\\/algarve7.pt\\\/index.php\\\/2020\\\/11\\\/telma-monteiro-sagra-se-vice-campea-europeia\\\/desporto\\\/17\\\/54\\\/#breadcrumb\",\"itemListElement\":[{\"@type\":\"ListItem\",\"position\":1,\"name\":\"In\u00edcio\",\"item\":\"https:\\\/\\\/algarve7.pt\\\/\"},{\"@type\":\"ListItem\",\"position\":2,\"name\":\"Telma Monteiro sagra-se Vice-Campe\u00e3 Europeia\"}]},{\"@type\":\"WebSite\",\"@id\":\"https:\\\/\\\/algarve7.pt\\\/#website\",\"url\":\"https:\\\/\\\/algarve7.pt\\\/\",\"name\":\"Algarve 7\",\"description\":\"Informa\u00e7\u00e3o sobre o Algarve\",\"publisher\":{\"@id\":\"https:\\\/\\\/algarve7.pt\\\/#organization\"},\"potentialAction\":[{\"@type\":\"SearchAction\",\"target\":{\"@type\":\"EntryPoint\",\"urlTemplate\":\"https:\\\/\\\/algarve7.pt\\\/?s={search_term_string}\"},\"query-input\":{\"@type\":\"PropertyValueSpecification\",\"valueRequired\":true,\"valueName\":\"search_term_string\"}}],\"inLanguage\":\"pt-PT\"},{\"@type\":\"Organization\",\"@id\":\"https:\\\/\\\/algarve7.pt\\\/#organization\",\"name\":\"Algarve 7\",\"url\":\"https:\\\/\\\/algarve7.pt\\\/\",\"logo\":{\"@type\":\"ImageObject\",\"inLanguage\":\"pt-PT\",\"@id\":\"https:\\\/\\\/algarve7.pt\\\/#\\\/schema\\\/logo\\\/image\\\/\",\"url\":\"https:\\\/\\\/algarve7.pt\\\/wp-content\\\/uploads\\\/2020\\\/10\\\/Logo-8.jpg\",\"contentUrl\":\"https:\\\/\\\/algarve7.pt\\\/wp-content\\\/uploads\\\/2020\\\/10\\\/Logo-8.jpg\",\"width\":1680,\"height\":1186,\"caption\":\"Algarve 7\"},\"image\":{\"@id\":\"https:\\\/\\\/algarve7.pt\\\/#\\\/schema\\\/logo\\\/image\\\/\"},\"sameAs\":[\"https:\\\/\\\/www.facebook.com\\\/algarve7\",\"https:\\\/\\\/x.com\\\/Algarvesete\",\"https:\\\/\\\/www.instagram.com\\\/jornalalgarve7\\\/\",\"https:\\\/\\\/www.linkedin.com\\\/company\\\/algarve7\",\"https:\\\/\\\/www.pinterest.pt\\\/geral0939\\\/_created\\\/\"]},{\"@type\":\"Person\",\"@id\":\"https:\\\/\\\/algarve7.pt\\\/#\\\/schema\\\/person\\\/23fa70681308e7b319a3204bcea45e0c\",\"name\":\"Algarve 7\",\"sameAs\":[\"https:\\\/\\\/algarve7.pt\",\"https:\\\/\\\/www.facebook.com\\\/algarve7\"],\"url\":\"https:\\\/\\\/algarve7.pt\\\/index.php\\\/author\\\/geralalgarve7-pt\\\/\"}]}<\/script>\n<!-- \/ Yoast SEO plugin. -->","yoast_head_json":{"title":"Telma Monteiro sagra-se Vice-Campe\u00e3 Europeia - Algarve 7","description":"Telma Monteiro sagra-se Vice-Campe\u00e3 Europeia Desporto","robots":{"index":"index","follow":"follow","max-snippet":"max-snippet:-1","max-image-preview":"max-image-preview:large","max-video-preview":"max-video-preview:-1"},"canonical":"https:\/\/algarve7.pt\/index.php\/2020\/11\/telma-monteiro-sagra-se-vice-campea-europeia\/desporto\/17\/54\/","og_locale":"pt_PT","og_type":"article","og_title":"Telma Monteiro sagra-se Vice-Campe\u00e3 Europeia - Algarve 7","og_description":"Telma Monteiro sagra-se Vice-Campe\u00e3 Europeia Desporto","og_url":"https:\/\/algarve7.pt\/index.php\/2020\/11\/telma-monteiro-sagra-se-vice-campea-europeia\/desporto\/17\/54\/","og_site_name":"Algarve 7","article_publisher":"https:\/\/www.facebook.com\/algarve7","article_author":"https:\/\/www.facebook.com\/algarve7","article_published_time":"2020-11-19T17:54:27+00:00","article_modified_time":"2020-11-19T17:54:29+00:00","og_image":[{"width":469,"height":369,"url":"https:\/\/algarve7.pt\/wp-content\/uploads\/2020\/11\/image002-2.jpg","type":"image\/jpeg"}],"author":"Algarve 7","twitter_card":"summary_large_image","twitter_creator":"@Algarvesete","twitter_site":"@Algarvesete","twitter_misc":{"Escrito por":"Algarve 7","Tempo estimado de leitura":"3 minutos"},"schema":{"@context":"https:\/\/schema.org","@graph":[{"@type":"Article","@id":"https:\/\/algarve7.pt\/index.php\/2020\/11\/telma-monteiro-sagra-se-vice-campea-europeia\/desporto\/17\/54\/#article","isPartOf":{"@id":"https:\/\/algarve7.pt\/index.php\/2020\/11\/telma-monteiro-sagra-se-vice-campea-europeia\/desporto\/17\/54\/"},"author":{"name":"Algarve 7","@id":"https:\/\/algarve7.pt\/#\/schema\/person\/23fa70681308e7b319a3204bcea45e0c"},"headline":"Telma Monteiro sagra-se Vice-Campe\u00e3 Europeia","datePublished":"2020-11-19T17:54:27+00:00","dateModified":"2020-11-19T17:54:29+00:00","mainEntityOfPage":{"@id":"https:\/\/algarve7.pt\/index.php\/2020\/11\/telma-monteiro-sagra-se-vice-campea-europeia\/desporto\/17\/54\/"},"wordCount":582,"publisher":{"@id":"https:\/\/algarve7.pt\/#organization"},"image":{"@id":"https:\/\/algarve7.pt\/index.php\/2020\/11\/telma-monteiro-sagra-se-vice-campea-europeia\/desporto\/17\/54\/#primaryimage"},"thumbnailUrl":"https:\/\/algarve7.pt\/wp-content\/uploads\/2020\/11\/image002-2.jpg","keywords":["Desporto","Judo"],"articleSection":["Desporto"],"inLanguage":"pt-PT"},{"@type":"WebPage","@id":"https:\/\/algarve7.pt\/index.php\/2020\/11\/telma-monteiro-sagra-se-vice-campea-europeia\/desporto\/17\/54\/","url":"https:\/\/algarve7.pt\/index.php\/2020\/11\/telma-monteiro-sagra-se-vice-campea-europeia\/desporto\/17\/54\/","name":"Telma Monteiro sagra-se Vice-Campe\u00e3 Europeia - Algarve 7","isPartOf":{"@id":"https:\/\/algarve7.pt\/#website"},"primaryImageOfPage":{"@id":"https:\/\/algarve7.pt\/index.php\/2020\/11\/telma-monteiro-sagra-se-vice-campea-europeia\/desporto\/17\/54\/#primaryimage"},"image":{"@id":"https:\/\/algarve7.pt\/index.php\/2020\/11\/telma-monteiro-sagra-se-vice-campea-europeia\/desporto\/17\/54\/#primaryimage"},"thumbnailUrl":"https:\/\/algarve7.pt\/wp-content\/uploads\/2020\/11\/image002-2.jpg","datePublished":"2020-11-19T17:54:27+00:00","dateModified":"2020-11-19T17:54:29+00:00","description":"Telma Monteiro sagra-se Vice-Campe\u00e3 Europeia Desporto","breadcrumb":{"@id":"https:\/\/algarve7.pt\/index.php\/2020\/11\/telma-monteiro-sagra-se-vice-campea-europeia\/desporto\/17\/54\/#breadcrumb"},"inLanguage":"pt-PT","potentialAction":[{"@type":"ReadAction","target":["https:\/\/algarve7.pt\/index.php\/2020\/11\/telma-monteiro-sagra-se-vice-campea-europeia\/desporto\/17\/54\/"]}]},{"@type":"ImageObject","inLanguage":"pt-PT","@id":"https:\/\/algarve7.pt\/index.php\/2020\/11\/telma-monteiro-sagra-se-vice-campea-europeia\/desporto\/17\/54\/#primaryimage","url":"https:\/\/algarve7.pt\/wp-content\/uploads\/2020\/11\/image002-2.jpg","contentUrl":"https:\/\/algarve7.pt\/wp-content\/uploads\/2020\/11\/image002-2.jpg","width":469,"height":369},{"@type":"BreadcrumbList","@id":"https:\/\/algarve7.pt\/index.php\/2020\/11\/telma-monteiro-sagra-se-vice-campea-europeia\/desporto\/17\/54\/#breadcrumb","itemListElement":[{"@type":"ListItem","position":1,"name":"In\u00edcio","item":"https:\/\/algarve7.pt\/"},{"@type":"ListItem","position":2,"name":"Telma Monteiro sagra-se Vice-Campe\u00e3 Europeia"}]},{"@type":"WebSite","@id":"https:\/\/algarve7.pt\/#website","url":"https:\/\/algarve7.pt\/","name":"Algarve 7","description":"Informa\u00e7\u00e3o sobre o Algarve","publisher":{"@id":"https:\/\/algarve7.pt\/#organization"},"potentialAction":[{"@type":"SearchAction","target":{"@type":"EntryPoint","urlTemplate":"https:\/\/algarve7.pt\/?s={search_term_string}"},"query-input":{"@type":"PropertyValueSpecification","valueRequired":true,"valueName":"search_term_string"}}],"inLanguage":"pt-PT"},{"@type":"Organization","@id":"https:\/\/algarve7.pt\/#organization","name":"Algarve 7","url":"https:\/\/algarve7.pt\/","logo":{"@type":"ImageObject","inLanguage":"pt-PT","@id":"https:\/\/algarve7.pt\/#\/schema\/logo\/image\/","url":"https:\/\/algarve7.pt\/wp-content\/uploads\/2020\/10\/Logo-8.jpg","contentUrl":"https:\/\/algarve7.pt\/wp-content\/uploads\/2020\/10\/Logo-8.jpg","width":1680,"height":1186,"caption":"Algarve 7"},"image":{"@id":"https:\/\/algarve7.pt\/#\/schema\/logo\/image\/"},"sameAs":["https:\/\/www.facebook.com\/algarve7","https:\/\/x.com\/Algarvesete","https:\/\/www.instagram.com\/jornalalgarve7\/","https:\/\/www.linkedin.com\/company\/algarve7","https:\/\/www.pinterest.pt\/geral0939\/_created\/"]},{"@type":"Person","@id":"https:\/\/algarve7.pt\/#\/schema\/person\/23fa70681308e7b319a3204bcea45e0c","name":"Algarve 7","sameAs":["https:\/\/algarve7.pt","https:\/\/www.facebook.com\/algarve7"],"url":"https:\/\/algarve7.pt\/index.php\/author\/geralalgarve7-pt\/"}]}},"jetpack_publicize_connections":[],"jetpack_featured_media_url":"https:\/\/algarve7.pt\/wp-content\/uploads\/2020\/11\/image002-2.jpg","jetpack_shortlink":"https:\/\/wp.me\/pcezmW-10M","jetpack_sharing_enabled":true,"_links":{"self":[{"href":"https:\/\/algarve7.pt\/index.php\/wp-json\/wp\/v2\/posts\/3892","targetHints":{"allow":["GET"]}}],"collection":[{"href":"https:\/\/algarve7.pt\/index.php\/wp-json\/wp\/v2\/posts"}],"about":[{"href":"https:\/\/algarve7.pt\/index.php\/wp-json\/wp\/v2\/types\/post"}],"author":[{"embeddable":true,"href":"https:\/\/algarve7.pt\/index.php\/wp-json\/wp\/v2\/users\/1"}],"replies":[{"embeddable":true,"href":"https:\/\/algarve7.pt\/index.php\/wp-json\/wp\/v2\/comments?post=3892"}],"version-history":[{"count":0,"href":"https:\/\/algarve7.pt\/index.php\/wp-json\/wp\/v2\/posts\/3892\/revisions"}],"wp:featuredmedia":[{"embeddable":true,"href":"https:\/\/algarve7.pt\/index.php\/wp-json\/wp\/v2\/media\/3893"}],"wp:attachment":[{"href":"https:\/\/algarve7.pt\/index.php\/wp-json\/wp\/v2\/media?parent=3892"}],"wp:term":[{"taxonomy":"category","embeddable":true,"href":"https:\/\/algarve7.pt\/index.php\/wp-json\/wp\/v2\/categories?post=3892"},{"taxonomy":"post_tag","embeddable":true,"href":"https:\/\/algarve7.pt\/index.php\/wp-json\/wp\/v2\/tags?post=3892"}],"curies":[{"name":"wp","href":"https:\/\/api.w.org\/{rel}","templated":true}]}}