{"id":38895,"date":"2024-05-20T10:11:04","date_gmt":"2024-05-20T09:11:04","guid":{"rendered":"https:\/\/algarve7.pt\/?p=38895"},"modified":"2024-05-20T10:11:05","modified_gmt":"2024-05-20T09:11:05","slug":"bora-la-ao-parque-levou-atividades-ao-pulmao-da-cidade-de-loule","status":"publish","type":"post","link":"https:\/\/algarve7.pt\/index.php\/2024\/05\/bora-la-ao-parque-levou-atividades-ao-pulmao-da-cidade-de-loule\/atualidade\/10\/11\/","title":{"rendered":"\u201cBora l\u00e1 ao parque\u201d levou atividades ao \u201cpulm\u00e3o\u201d da cidade de Loul\u00e9"},"content":{"rendered":"\n<p>No passado s\u00e1bado, 11 de maio, realizou-se mais uma edi\u00e7\u00e3o do \u201cBora L\u00e1 ao Parque\u201d, no Parque Municipal de Loul\u00e9, este ano integrado nas comemora\u00e7\u00f5es da Semana do Munic\u00edpio.<\/p>\n\n\n\n<p>Estiveram presentes cerca de 800 participantes que disfrutaram de um dia repleto de atividades dedicadas aos mais jovens, fam\u00edlias e comunidade, com propostas culturais, desportivas, pedag\u00f3gicas, de anima\u00e7\u00e3o, bem-estar e sa\u00fade, ambiente, dinamizadas em v\u00e1rios pontos, de forma a abra\u00e7ar o Parque Municipal de Loul\u00e9.<\/p>\n\n\n\n<p>O programa de atividades iniciou \u00e0s 9h30, com a chegada dos\/as participantes da 5\u00aa Caminhada da Universidade S\u00e9nior de Loul\u00e9, acolhidos com um momento de alongamentos. Pelas 10h00, deu-se a abertura \u201coficial\u201d do \u201cBora L\u00e1 ao Parque\u201d, com dois momentos musicais, o primeiro com a interpreta\u00e7\u00e3o do Hino das Cidades Educadoras pelo Coro Infantil de Loul\u00e9, Grupo Coral S\u00e9nior de Quarteira e Coro S\u00e9nior do Projeto ASAS \u2013 Aldeia dos Saberes e dos Afetos de Alte; o segundo com o Quarteto de Acorde\u00f5es do Conservat\u00f3rio de M\u00fasica de Loul\u00e9 \u201cProf. Francisco Rosado\u201d.<\/p>\n\n\n\n<p>A exposi\u00e7\u00e3o intitulada \u201cA cultura, fonte de cria\u00e7\u00e3o e de aprendizagem na Cidade Educadora\u201d esteve patente durante o evento e reuniu pe\u00e7as e trabalhos art\u00edsticos dos Agrupamentos de Escolas e Escolas N\u00e3o Agrupadas e Institui\u00e7\u00f5es Particulares de Solidariedade Social do concelho de Loul\u00e9, no \u00e2mbito da comemora\u00e7\u00e3o do Dia Internacional da Cidade Educadora (30 de novembro).<\/p>\n\n\n\n<p>J\u00e1 pr\u00f3ximo do final do evento, a anima\u00e7\u00e3o esteve a cargo do TAL &amp; Clube d\u2019 Cordas &#8211; Poesia e M\u00fasica e com o Sunset Intergeracional, onde os parceiros se reuniram para um momento de conv\u00edvio.<\/p>\n\n\n\n<p>\u201cBora L\u00e1 ao Parque\u201d \u00e9 um espa\u00e7o de excel\u00eancia para um encontro intergeracional e de proximidade entre gera\u00e7\u00f5es como f\u00f3rmula de conviv\u00eancia pac\u00edfica e de partilha de saberes entre grupos de pessoas de diferentes faixas et\u00e1rias, numa l\u00f3gica de fortalecimento dos la\u00e7os entre a comunidade, segundo, os princ\u00edpios da Carta das Cidade Educadoras.<\/p>\n\n\n\n<p>Ano ap\u00f3s ano, a iniciativa tem crescido em n\u00famero de atividades apresentadas e entidades envolvidas gra\u00e7as \u00e0 coopera\u00e7\u00e3o entre todas as entidades parceiras de Loul\u00e9 Cidade Educadora, nomeadamente a Casa da Primeira Inf\u00e2ncia, Espa\u00e7o K, Casa da Cultura de Loul\u00e9, Rugby Clube de Loul\u00e9, Associa\u00e7\u00e3o Art\u00edstica Satori, Escola Secund\u00e1ria de Loul\u00e9, Funda\u00e7\u00e3o Ant\u00f3nio Aleixo (Projeto Caminhos),&nbsp; Centro de Anima\u00e7\u00e3o e Apoio Comunit\u00e1rio de Alte, UCC Gentes de Loul\u00e9, EPALTE Escola Profissional C\u00e2ndido Guerreiro, Conservat\u00f3rio de M\u00fasica de Loul\u00e9 \u2013 Francisco Rosado, Universidade S\u00e9nior de Loul\u00e9, 8100 Caf\u00e9, GNR Loul\u00e9, CPCJ de Loul\u00e9, Jardim de Inf\u00e2ncia Nova Terra e&nbsp; C\u00e2mara Municipal de Loul\u00e9.<\/p>\n","protected":false},"excerpt":{"rendered":"<p>No passado s\u00e1bado, 11 de maio, realizou-se mais uma edi\u00e7\u00e3o do \u201cBora L\u00e1 ao Parque\u201d, no Parque Municipal de Loul\u00e9,<\/p>\n","protected":false},"author":1,"featured_media":38896,"comment_status":"closed","ping_status":"open","sticky":false,"template":"","format":"standard","meta":{"colormag_page_container_layout":"default_layout","colormag_page_sidebar_layout":"default_layout","_monsterinsights_skip_tracking":false,"_monsterinsights_sitenote_active":false,"_monsterinsights_sitenote_note":"","_monsterinsights_sitenote_category":0,"jetpack_post_was_ever_published":false,"_jetpack_newsletter_access":"","_jetpack_dont_email_post_to_subs":false,"_jetpack_newsletter_tier_id":0,"_jetpack_memberships_contains_paywalled_content":false,"_jetpack_memberships_contains_paid_content":false,"footnotes":"","jetpack_publicize_message":"","jetpack_publicize_feature_enabled":true,"jetpack_social_post_already_shared":false,"jetpack_social_options":{"image_generator_settings":{"template":"highway","default_image_id":0,"font":"","enabled":false},"version":2}},"categories":[11],"tags":[36,62,31],"class_list":["post-38895","post","type-post","status-publish","format-standard","has-post-thumbnail","hentry","category-atualidade","tag-algarve","tag-atualidade","tag-loule"],"yoast_head":"<!-- This site is optimized with the Yoast SEO plugin v27.4 - https:\/\/yoast.com\/product\/yoast-seo-wordpress\/ -->\n<title>\u201cBora l\u00e1 ao parque\u201d levou atividades ao \u201cpulm\u00e3o\u201d da cidade de Loul\u00e9 - Algarve 7<\/title>\n<meta name=\"description\" content=\"\u201cBora l\u00e1 ao parque\u201d levou atividades ao \u201cpulm\u00e3o\u201d da cidade de Loul\u00e9 Atualidade\" \/>\n<meta name=\"robots\" content=\"index, follow, max-snippet:-1, max-image-preview:large, max-video-preview:-1\" \/>\n<link rel=\"canonical\" href=\"https:\/\/algarve7.pt\/index.php\/2024\/05\/bora-la-ao-parque-levou-atividades-ao-pulmao-da-cidade-de-loule\/atualidade\/10\/11\/\" \/>\n<meta property=\"og:locale\" content=\"pt_PT\" \/>\n<meta property=\"og:type\" content=\"article\" \/>\n<meta property=\"og:title\" content=\"\u201cBora l\u00e1 ao parque\u201d levou atividades ao \u201cpulm\u00e3o\u201d da cidade de Loul\u00e9 - Algarve 7\" \/>\n<meta property=\"og:description\" content=\"\u201cBora l\u00e1 ao parque\u201d levou atividades ao \u201cpulm\u00e3o\u201d da cidade de Loul\u00e9 Atualidade\" \/>\n<meta property=\"og:url\" content=\"https:\/\/algarve7.pt\/index.php\/2024\/05\/bora-la-ao-parque-levou-atividades-ao-pulmao-da-cidade-de-loule\/atualidade\/10\/11\/\" \/>\n<meta property=\"og:site_name\" content=\"Algarve 7\" \/>\n<meta property=\"article:publisher\" content=\"https:\/\/www.facebook.com\/algarve7\" \/>\n<meta property=\"article:author\" content=\"https:\/\/www.facebook.com\/algarve7\" \/>\n<meta property=\"article:published_time\" content=\"2024-05-20T09:11:04+00:00\" \/>\n<meta property=\"article:modified_time\" content=\"2024-05-20T09:11:05+00:00\" \/>\n<meta property=\"og:image\" content=\"https:\/\/algarve7.pt\/wp-content\/uploads\/2024\/05\/Bora-la-ao-Parque-2024-C.M.Loule-Mira-6.jpg\" \/>\n\t<meta property=\"og:image:width\" content=\"800\" \/>\n\t<meta property=\"og:image:height\" content=\"470\" \/>\n\t<meta property=\"og:image:type\" content=\"image\/jpeg\" \/>\n<meta name=\"author\" content=\"Algarve 7\" \/>\n<meta name=\"twitter:card\" content=\"summary_large_image\" \/>\n<meta name=\"twitter:creator\" content=\"@Algarvesete\" \/>\n<meta name=\"twitter:site\" content=\"@Algarvesete\" \/>\n<meta name=\"twitter:label1\" content=\"Escrito por\" \/>\n\t<meta name=\"twitter:data1\" content=\"Algarve 7\" \/>\n\t<meta name=\"twitter:label2\" content=\"Tempo estimado de leitura\" \/>\n\t<meta name=\"twitter:data2\" content=\"3 minutos\" \/>\n<script type=\"application\/ld+json\" class=\"yoast-schema-graph\">{\"@context\":\"https:\\\/\\\/schema.org\",\"@graph\":[{\"@type\":\"Article\",\"@id\":\"https:\\\/\\\/algarve7.pt\\\/index.php\\\/2024\\\/05\\\/bora-la-ao-parque-levou-atividades-ao-pulmao-da-cidade-de-loule\\\/atualidade\\\/10\\\/11\\\/#article\",\"isPartOf\":{\"@id\":\"https:\\\/\\\/algarve7.pt\\\/index.php\\\/2024\\\/05\\\/bora-la-ao-parque-levou-atividades-ao-pulmao-da-cidade-de-loule\\\/atualidade\\\/10\\\/11\\\/\"},\"author\":{\"name\":\"Algarve 7\",\"@id\":\"https:\\\/\\\/algarve7.pt\\\/#\\\/schema\\\/person\\\/23fa70681308e7b319a3204bcea45e0c\"},\"headline\":\"\u201cBora l\u00e1 ao parque\u201d levou atividades ao \u201cpulm\u00e3o\u201d da cidade de Loul\u00e9\",\"datePublished\":\"2024-05-20T09:11:04+00:00\",\"dateModified\":\"2024-05-20T09:11:05+00:00\",\"mainEntityOfPage\":{\"@id\":\"https:\\\/\\\/algarve7.pt\\\/index.php\\\/2024\\\/05\\\/bora-la-ao-parque-levou-atividades-ao-pulmao-da-cidade-de-loule\\\/atualidade\\\/10\\\/11\\\/\"},\"wordCount\":477,\"publisher\":{\"@id\":\"https:\\\/\\\/algarve7.pt\\\/#organization\"},\"image\":{\"@id\":\"https:\\\/\\\/algarve7.pt\\\/index.php\\\/2024\\\/05\\\/bora-la-ao-parque-levou-atividades-ao-pulmao-da-cidade-de-loule\\\/atualidade\\\/10\\\/11\\\/#primaryimage\"},\"thumbnailUrl\":\"https:\\\/\\\/algarve7.pt\\\/wp-content\\\/uploads\\\/2024\\\/05\\\/Bora-la-ao-Parque-2024-C.M.Loule-Mira-6.jpg\",\"keywords\":[\"Algarve\",\"Atualidade\",\"Loul\u00e9\"],\"articleSection\":[\"Atualidade\"],\"inLanguage\":\"pt-PT\"},{\"@type\":\"WebPage\",\"@id\":\"https:\\\/\\\/algarve7.pt\\\/index.php\\\/2024\\\/05\\\/bora-la-ao-parque-levou-atividades-ao-pulmao-da-cidade-de-loule\\\/atualidade\\\/10\\\/11\\\/\",\"url\":\"https:\\\/\\\/algarve7.pt\\\/index.php\\\/2024\\\/05\\\/bora-la-ao-parque-levou-atividades-ao-pulmao-da-cidade-de-loule\\\/atualidade\\\/10\\\/11\\\/\",\"name\":\"\u201cBora l\u00e1 ao parque\u201d levou atividades ao \u201cpulm\u00e3o\u201d da cidade de Loul\u00e9 - Algarve 7\",\"isPartOf\":{\"@id\":\"https:\\\/\\\/algarve7.pt\\\/#website\"},\"primaryImageOfPage\":{\"@id\":\"https:\\\/\\\/algarve7.pt\\\/index.php\\\/2024\\\/05\\\/bora-la-ao-parque-levou-atividades-ao-pulmao-da-cidade-de-loule\\\/atualidade\\\/10\\\/11\\\/#primaryimage\"},\"image\":{\"@id\":\"https:\\\/\\\/algarve7.pt\\\/index.php\\\/2024\\\/05\\\/bora-la-ao-parque-levou-atividades-ao-pulmao-da-cidade-de-loule\\\/atualidade\\\/10\\\/11\\\/#primaryimage\"},\"thumbnailUrl\":\"https:\\\/\\\/algarve7.pt\\\/wp-content\\\/uploads\\\/2024\\\/05\\\/Bora-la-ao-Parque-2024-C.M.Loule-Mira-6.jpg\",\"datePublished\":\"2024-05-20T09:11:04+00:00\",\"dateModified\":\"2024-05-20T09:11:05+00:00\",\"description\":\"\u201cBora l\u00e1 ao parque\u201d levou atividades ao \u201cpulm\u00e3o\u201d da cidade de Loul\u00e9 Atualidade\",\"breadcrumb\":{\"@id\":\"https:\\\/\\\/algarve7.pt\\\/index.php\\\/2024\\\/05\\\/bora-la-ao-parque-levou-atividades-ao-pulmao-da-cidade-de-loule\\\/atualidade\\\/10\\\/11\\\/#breadcrumb\"},\"inLanguage\":\"pt-PT\",\"potentialAction\":[{\"@type\":\"ReadAction\",\"target\":[\"https:\\\/\\\/algarve7.pt\\\/index.php\\\/2024\\\/05\\\/bora-la-ao-parque-levou-atividades-ao-pulmao-da-cidade-de-loule\\\/atualidade\\\/10\\\/11\\\/\"]}]},{\"@type\":\"ImageObject\",\"inLanguage\":\"pt-PT\",\"@id\":\"https:\\\/\\\/algarve7.pt\\\/index.php\\\/2024\\\/05\\\/bora-la-ao-parque-levou-atividades-ao-pulmao-da-cidade-de-loule\\\/atualidade\\\/10\\\/11\\\/#primaryimage\",\"url\":\"https:\\\/\\\/algarve7.pt\\\/wp-content\\\/uploads\\\/2024\\\/05\\\/Bora-la-ao-Parque-2024-C.M.Loule-Mira-6.jpg\",\"contentUrl\":\"https:\\\/\\\/algarve7.pt\\\/wp-content\\\/uploads\\\/2024\\\/05\\\/Bora-la-ao-Parque-2024-C.M.Loule-Mira-6.jpg\",\"width\":800,\"height\":470},{\"@type\":\"BreadcrumbList\",\"@id\":\"https:\\\/\\\/algarve7.pt\\\/index.php\\\/2024\\\/05\\\/bora-la-ao-parque-levou-atividades-ao-pulmao-da-cidade-de-loule\\\/atualidade\\\/10\\\/11\\\/#breadcrumb\",\"itemListElement\":[{\"@type\":\"ListItem\",\"position\":1,\"name\":\"In\u00edcio\",\"item\":\"https:\\\/\\\/algarve7.pt\\\/\"},{\"@type\":\"ListItem\",\"position\":2,\"name\":\"\u201cBora l\u00e1 ao parque\u201d levou atividades ao \u201cpulm\u00e3o\u201d da cidade de Loul\u00e9\"}]},{\"@type\":\"WebSite\",\"@id\":\"https:\\\/\\\/algarve7.pt\\\/#website\",\"url\":\"https:\\\/\\\/algarve7.pt\\\/\",\"name\":\"Algarve 7\",\"description\":\"Informa\u00e7\u00e3o sobre o Algarve\",\"publisher\":{\"@id\":\"https:\\\/\\\/algarve7.pt\\\/#organization\"},\"potentialAction\":[{\"@type\":\"SearchAction\",\"target\":{\"@type\":\"EntryPoint\",\"urlTemplate\":\"https:\\\/\\\/algarve7.pt\\\/?s={search_term_string}\"},\"query-input\":{\"@type\":\"PropertyValueSpecification\",\"valueRequired\":true,\"valueName\":\"search_term_string\"}}],\"inLanguage\":\"pt-PT\"},{\"@type\":\"Organization\",\"@id\":\"https:\\\/\\\/algarve7.pt\\\/#organization\",\"name\":\"Algarve 7\",\"url\":\"https:\\\/\\\/algarve7.pt\\\/\",\"logo\":{\"@type\":\"ImageObject\",\"inLanguage\":\"pt-PT\",\"@id\":\"https:\\\/\\\/algarve7.pt\\\/#\\\/schema\\\/logo\\\/image\\\/\",\"url\":\"https:\\\/\\\/algarve7.pt\\\/wp-content\\\/uploads\\\/2020\\\/10\\\/Logo-8.jpg\",\"contentUrl\":\"https:\\\/\\\/algarve7.pt\\\/wp-content\\\/uploads\\\/2020\\\/10\\\/Logo-8.jpg\",\"width\":1680,\"height\":1186,\"caption\":\"Algarve 7\"},\"image\":{\"@id\":\"https:\\\/\\\/algarve7.pt\\\/#\\\/schema\\\/logo\\\/image\\\/\"},\"sameAs\":[\"https:\\\/\\\/www.facebook.com\\\/algarve7\",\"https:\\\/\\\/x.com\\\/Algarvesete\",\"https:\\\/\\\/www.instagram.com\\\/jornalalgarve7\\\/\",\"https:\\\/\\\/www.linkedin.com\\\/company\\\/algarve7\",\"https:\\\/\\\/www.pinterest.pt\\\/geral0939\\\/_created\\\/\"]},{\"@type\":\"Person\",\"@id\":\"https:\\\/\\\/algarve7.pt\\\/#\\\/schema\\\/person\\\/23fa70681308e7b319a3204bcea45e0c\",\"name\":\"Algarve 7\",\"sameAs\":[\"https:\\\/\\\/algarve7.pt\",\"https:\\\/\\\/www.facebook.com\\\/algarve7\"],\"url\":\"https:\\\/\\\/algarve7.pt\\\/index.php\\\/author\\\/geralalgarve7-pt\\\/\"}]}<\/script>\n<!-- \/ Yoast SEO plugin. -->","yoast_head_json":{"title":"\u201cBora l\u00e1 ao parque\u201d levou atividades ao \u201cpulm\u00e3o\u201d da cidade de Loul\u00e9 - Algarve 7","description":"\u201cBora l\u00e1 ao parque\u201d levou atividades ao \u201cpulm\u00e3o\u201d da cidade de Loul\u00e9 Atualidade","robots":{"index":"index","follow":"follow","max-snippet":"max-snippet:-1","max-image-preview":"max-image-preview:large","max-video-preview":"max-video-preview:-1"},"canonical":"https:\/\/algarve7.pt\/index.php\/2024\/05\/bora-la-ao-parque-levou-atividades-ao-pulmao-da-cidade-de-loule\/atualidade\/10\/11\/","og_locale":"pt_PT","og_type":"article","og_title":"\u201cBora l\u00e1 ao parque\u201d levou atividades ao \u201cpulm\u00e3o\u201d da cidade de Loul\u00e9 - Algarve 7","og_description":"\u201cBora l\u00e1 ao parque\u201d levou atividades ao \u201cpulm\u00e3o\u201d da cidade de Loul\u00e9 Atualidade","og_url":"https:\/\/algarve7.pt\/index.php\/2024\/05\/bora-la-ao-parque-levou-atividades-ao-pulmao-da-cidade-de-loule\/atualidade\/10\/11\/","og_site_name":"Algarve 7","article_publisher":"https:\/\/www.facebook.com\/algarve7","article_author":"https:\/\/www.facebook.com\/algarve7","article_published_time":"2024-05-20T09:11:04+00:00","article_modified_time":"2024-05-20T09:11:05+00:00","og_image":[{"width":800,"height":470,"url":"https:\/\/algarve7.pt\/wp-content\/uploads\/2024\/05\/Bora-la-ao-Parque-2024-C.M.Loule-Mira-6.jpg","type":"image\/jpeg"}],"author":"Algarve 7","twitter_card":"summary_large_image","twitter_creator":"@Algarvesete","twitter_site":"@Algarvesete","twitter_misc":{"Escrito por":"Algarve 7","Tempo estimado de leitura":"3 minutos"},"schema":{"@context":"https:\/\/schema.org","@graph":[{"@type":"Article","@id":"https:\/\/algarve7.pt\/index.php\/2024\/05\/bora-la-ao-parque-levou-atividades-ao-pulmao-da-cidade-de-loule\/atualidade\/10\/11\/#article","isPartOf":{"@id":"https:\/\/algarve7.pt\/index.php\/2024\/05\/bora-la-ao-parque-levou-atividades-ao-pulmao-da-cidade-de-loule\/atualidade\/10\/11\/"},"author":{"name":"Algarve 7","@id":"https:\/\/algarve7.pt\/#\/schema\/person\/23fa70681308e7b319a3204bcea45e0c"},"headline":"\u201cBora l\u00e1 ao parque\u201d levou atividades ao \u201cpulm\u00e3o\u201d da cidade de Loul\u00e9","datePublished":"2024-05-20T09:11:04+00:00","dateModified":"2024-05-20T09:11:05+00:00","mainEntityOfPage":{"@id":"https:\/\/algarve7.pt\/index.php\/2024\/05\/bora-la-ao-parque-levou-atividades-ao-pulmao-da-cidade-de-loule\/atualidade\/10\/11\/"},"wordCount":477,"publisher":{"@id":"https:\/\/algarve7.pt\/#organization"},"image":{"@id":"https:\/\/algarve7.pt\/index.php\/2024\/05\/bora-la-ao-parque-levou-atividades-ao-pulmao-da-cidade-de-loule\/atualidade\/10\/11\/#primaryimage"},"thumbnailUrl":"https:\/\/algarve7.pt\/wp-content\/uploads\/2024\/05\/Bora-la-ao-Parque-2024-C.M.Loule-Mira-6.jpg","keywords":["Algarve","Atualidade","Loul\u00e9"],"articleSection":["Atualidade"],"inLanguage":"pt-PT"},{"@type":"WebPage","@id":"https:\/\/algarve7.pt\/index.php\/2024\/05\/bora-la-ao-parque-levou-atividades-ao-pulmao-da-cidade-de-loule\/atualidade\/10\/11\/","url":"https:\/\/algarve7.pt\/index.php\/2024\/05\/bora-la-ao-parque-levou-atividades-ao-pulmao-da-cidade-de-loule\/atualidade\/10\/11\/","name":"\u201cBora l\u00e1 ao parque\u201d levou atividades ao \u201cpulm\u00e3o\u201d da cidade de Loul\u00e9 - Algarve 7","isPartOf":{"@id":"https:\/\/algarve7.pt\/#website"},"primaryImageOfPage":{"@id":"https:\/\/algarve7.pt\/index.php\/2024\/05\/bora-la-ao-parque-levou-atividades-ao-pulmao-da-cidade-de-loule\/atualidade\/10\/11\/#primaryimage"},"image":{"@id":"https:\/\/algarve7.pt\/index.php\/2024\/05\/bora-la-ao-parque-levou-atividades-ao-pulmao-da-cidade-de-loule\/atualidade\/10\/11\/#primaryimage"},"thumbnailUrl":"https:\/\/algarve7.pt\/wp-content\/uploads\/2024\/05\/Bora-la-ao-Parque-2024-C.M.Loule-Mira-6.jpg","datePublished":"2024-05-20T09:11:04+00:00","dateModified":"2024-05-20T09:11:05+00:00","description":"\u201cBora l\u00e1 ao parque\u201d levou atividades ao \u201cpulm\u00e3o\u201d da cidade de Loul\u00e9 Atualidade","breadcrumb":{"@id":"https:\/\/algarve7.pt\/index.php\/2024\/05\/bora-la-ao-parque-levou-atividades-ao-pulmao-da-cidade-de-loule\/atualidade\/10\/11\/#breadcrumb"},"inLanguage":"pt-PT","potentialAction":[{"@type":"ReadAction","target":["https:\/\/algarve7.pt\/index.php\/2024\/05\/bora-la-ao-parque-levou-atividades-ao-pulmao-da-cidade-de-loule\/atualidade\/10\/11\/"]}]},{"@type":"ImageObject","inLanguage":"pt-PT","@id":"https:\/\/algarve7.pt\/index.php\/2024\/05\/bora-la-ao-parque-levou-atividades-ao-pulmao-da-cidade-de-loule\/atualidade\/10\/11\/#primaryimage","url":"https:\/\/algarve7.pt\/wp-content\/uploads\/2024\/05\/Bora-la-ao-Parque-2024-C.M.Loule-Mira-6.jpg","contentUrl":"https:\/\/algarve7.pt\/wp-content\/uploads\/2024\/05\/Bora-la-ao-Parque-2024-C.M.Loule-Mira-6.jpg","width":800,"height":470},{"@type":"BreadcrumbList","@id":"https:\/\/algarve7.pt\/index.php\/2024\/05\/bora-la-ao-parque-levou-atividades-ao-pulmao-da-cidade-de-loule\/atualidade\/10\/11\/#breadcrumb","itemListElement":[{"@type":"ListItem","position":1,"name":"In\u00edcio","item":"https:\/\/algarve7.pt\/"},{"@type":"ListItem","position":2,"name":"\u201cBora l\u00e1 ao parque\u201d levou atividades ao \u201cpulm\u00e3o\u201d da cidade de Loul\u00e9"}]},{"@type":"WebSite","@id":"https:\/\/algarve7.pt\/#website","url":"https:\/\/algarve7.pt\/","name":"Algarve 7","description":"Informa\u00e7\u00e3o sobre o Algarve","publisher":{"@id":"https:\/\/algarve7.pt\/#organization"},"potentialAction":[{"@type":"SearchAction","target":{"@type":"EntryPoint","urlTemplate":"https:\/\/algarve7.pt\/?s={search_term_string}"},"query-input":{"@type":"PropertyValueSpecification","valueRequired":true,"valueName":"search_term_string"}}],"inLanguage":"pt-PT"},{"@type":"Organization","@id":"https:\/\/algarve7.pt\/#organization","name":"Algarve 7","url":"https:\/\/algarve7.pt\/","logo":{"@type":"ImageObject","inLanguage":"pt-PT","@id":"https:\/\/algarve7.pt\/#\/schema\/logo\/image\/","url":"https:\/\/algarve7.pt\/wp-content\/uploads\/2020\/10\/Logo-8.jpg","contentUrl":"https:\/\/algarve7.pt\/wp-content\/uploads\/2020\/10\/Logo-8.jpg","width":1680,"height":1186,"caption":"Algarve 7"},"image":{"@id":"https:\/\/algarve7.pt\/#\/schema\/logo\/image\/"},"sameAs":["https:\/\/www.facebook.com\/algarve7","https:\/\/x.com\/Algarvesete","https:\/\/www.instagram.com\/jornalalgarve7\/","https:\/\/www.linkedin.com\/company\/algarve7","https:\/\/www.pinterest.pt\/geral0939\/_created\/"]},{"@type":"Person","@id":"https:\/\/algarve7.pt\/#\/schema\/person\/23fa70681308e7b319a3204bcea45e0c","name":"Algarve 7","sameAs":["https:\/\/algarve7.pt","https:\/\/www.facebook.com\/algarve7"],"url":"https:\/\/algarve7.pt\/index.php\/author\/geralalgarve7-pt\/"}]}},"jetpack_publicize_connections":[],"jetpack_featured_media_url":"https:\/\/algarve7.pt\/wp-content\/uploads\/2024\/05\/Bora-la-ao-Parque-2024-C.M.Loule-Mira-6.jpg","jetpack_shortlink":"https:\/\/wp.me\/pcezmW-a7l","jetpack_sharing_enabled":true,"_links":{"self":[{"href":"https:\/\/algarve7.pt\/index.php\/wp-json\/wp\/v2\/posts\/38895","targetHints":{"allow":["GET"]}}],"collection":[{"href":"https:\/\/algarve7.pt\/index.php\/wp-json\/wp\/v2\/posts"}],"about":[{"href":"https:\/\/algarve7.pt\/index.php\/wp-json\/wp\/v2\/types\/post"}],"author":[{"embeddable":true,"href":"https:\/\/algarve7.pt\/index.php\/wp-json\/wp\/v2\/users\/1"}],"replies":[{"embeddable":true,"href":"https:\/\/algarve7.pt\/index.php\/wp-json\/wp\/v2\/comments?post=38895"}],"version-history":[{"count":0,"href":"https:\/\/algarve7.pt\/index.php\/wp-json\/wp\/v2\/posts\/38895\/revisions"}],"wp:featuredmedia":[{"embeddable":true,"href":"https:\/\/algarve7.pt\/index.php\/wp-json\/wp\/v2\/media\/38896"}],"wp:attachment":[{"href":"https:\/\/algarve7.pt\/index.php\/wp-json\/wp\/v2\/media?parent=38895"}],"wp:term":[{"taxonomy":"category","embeddable":true,"href":"https:\/\/algarve7.pt\/index.php\/wp-json\/wp\/v2\/categories?post=38895"},{"taxonomy":"post_tag","embeddable":true,"href":"https:\/\/algarve7.pt\/index.php\/wp-json\/wp\/v2\/tags?post=38895"}],"curies":[{"name":"wp","href":"https:\/\/api.w.org\/{rel}","templated":true}]}}