{"id":38892,"date":"2024-05-20T08:06:24","date_gmt":"2024-05-20T07:06:24","guid":{"rendered":"https:\/\/algarve7.pt\/?p=38892"},"modified":"2024-05-20T08:06:25","modified_gmt":"2024-05-20T07:06:25","slug":"opera-o-principezinho-de-rachel-portman-em-estreia-no-teatro-das-figuras","status":"publish","type":"post","link":"https:\/\/algarve7.pt\/index.php\/2024\/05\/opera-o-principezinho-de-rachel-portman-em-estreia-no-teatro-das-figuras\/cultura\/08\/06\/","title":{"rendered":"\u00d3pera o principezinho, de Rachel Portman em estreia no Teatro das Figuras"},"content":{"rendered":"\n<p>A\u00d3pera<em>&nbsp;<strong>O&nbsp;Principezinho<\/strong>,&nbsp;<\/em>de&nbsp;Rachel&nbsp;Portman, do libretista Nicholas Wright, com&nbsp;<strong>a<\/strong><strong>dapta\u00e7\u00e3o&nbsp;portuguesa e dramaturgia de Jorge Bal\u00e7a&nbsp;<\/strong>e<strong>&nbsp;Rui Baeta<\/strong>,&nbsp;<strong>estreia&nbsp;a 1 de Junho<\/strong>, no&nbsp;<strong>Teatro&nbsp;das&nbsp;Figuras, Faro.<\/strong><\/p>\n\n\n\n<p>Uma&nbsp;encena\u00e7\u00e3o&nbsp;de<strong>&nbsp;Jorge Bal\u00e7a<\/strong>,&nbsp;direc\u00e7\u00e3o&nbsp;musical do&nbsp;<strong>Maestro Miguel Sep\u00falveda<\/strong>,com&nbsp;<strong>nove solistas<\/strong>, Piloto (bar\u00edtono)&nbsp;<strong>Rui Baeta<\/strong>, \u00c1gua (soprano)&nbsp;<strong>Sofia Marafona<\/strong>, Rosa (soprano)&nbsp;<strong>Mariana Mendes<\/strong>,&nbsp;Raposa (mezzo-soprano)<strong>&nbsp;In\u00eas Constantino<\/strong>, Cobra (tenor)&nbsp;<strong>Leonel Pinheiro<\/strong>, Acendedor de Candeeiros (tenor)&nbsp;<strong>Paulo Lapa<\/strong>, Contabilista (bar\u00edtono)&nbsp;<strong>Eduardo Portugal<\/strong>, B\u00eabado (bar\u00edtono)&nbsp;<strong>Jos\u00e9 Bonif\u00e1cio<\/strong>, Rei (baixo)&nbsp;<strong>Tiago Mota<\/strong><strong>no,<\/strong>&nbsp;elenco Principezinhos e coro infantil de&nbsp;<strong>quatro conservat\u00f3rios<\/strong>&nbsp;da&nbsp;<strong>regi\u00e3o&nbsp;do Algarve<\/strong>,&nbsp;Academia de M\u00fasica de Portim\u00e3o, Conservat\u00f3rio de M\u00fasica de Olh\u00e3o, Conservat\u00f3rio Regional do Algarve Maria Campina e Conservat\u00f3rio de M\u00fasica de Loul\u00e9 &#8211; Francisco Rosado.<\/p>\n\n\n\n<p>A&nbsp;\u00f3pera, com um libreto de Nicholas Wright baseado na obra hom\u00f3nima de Antoine de Saint-Exup\u00e9ry publicada em 1943, \u00e9 apropriada para um&nbsp;<strong>p\u00fablico de todas as idades<\/strong>.<\/p>\n\n\n\n<p>Uma&nbsp;produ\u00e7\u00e3o&nbsp;da&nbsp;<strong>\u00f3pera&nbsp;<em>The Little Prince<\/em>&nbsp;(2003) de&nbsp;Rachel&nbsp;Portman<\/strong>, co-produzida pela&nbsp;<strong>Fadas e Elfos \u2013 Associa\u00e7\u00e3o&nbsp;Cultural&nbsp;<\/strong>e<strong>&nbsp;Orquestra do Algarve em Faro<\/strong>.&nbsp;<\/p>\n\n\n\n<p><strong><u>Sinopse:<\/u><\/strong><\/p>\n\n\n\n<p>Um piloto com um avi\u00e3o&nbsp;avariado no deserto do Sahara. Enquanto tenta desesperadamente reparar os danos causados na aeronave, depara-se com um pequeno pr\u00edncipe que aparece misteriosamente.&nbsp;O&nbsp;principezinho&nbsp;vive num asteroide no espa\u00e7o&nbsp;e tem&nbsp;uma&nbsp;vis\u00e3o&nbsp;\u00fanica do mundo. Juntos compartilham conversas profundas e reflex\u00f5es sobre a vida, amizade, amor e natureza humana.&nbsp;A narrativa \u00e9 repleta de simbolismo e li\u00e7\u00f5es valiosas.<\/p>\n","protected":false},"excerpt":{"rendered":"<p>A\u00d3pera&nbsp;O&nbsp;Principezinho,&nbsp;de&nbsp;Rachel&nbsp;Portman, do libretista Nicholas Wright, com&nbsp;adapta\u00e7\u00e3o&nbsp;portuguesa e dramaturgia de Jorge Bal\u00e7a&nbsp;e&nbsp;Rui Baeta,&nbsp;estreia&nbsp;a 1 de Junho, no&nbsp;Teatro&nbsp;das&nbsp;Figuras, Faro. Uma&nbsp;encena\u00e7\u00e3o&nbsp;de&nbsp;Jorge Bal\u00e7a,&nbsp;direc\u00e7\u00e3o&nbsp;musical do&nbsp;Maestro<\/p>\n","protected":false},"author":1,"featured_media":38893,"comment_status":"closed","ping_status":"open","sticky":false,"template":"","format":"standard","meta":{"colormag_page_container_layout":"default_layout","colormag_page_sidebar_layout":"default_layout","_monsterinsights_skip_tracking":false,"_monsterinsights_sitenote_active":false,"_monsterinsights_sitenote_note":"","_monsterinsights_sitenote_category":0,"jetpack_post_was_ever_published":false,"_jetpack_newsletter_access":"","_jetpack_dont_email_post_to_subs":false,"_jetpack_newsletter_tier_id":0,"_jetpack_memberships_contains_paywalled_content":false,"_jetpack_memberships_contains_paid_content":false,"footnotes":"","jetpack_publicize_message":"","jetpack_publicize_feature_enabled":true,"jetpack_social_post_already_shared":false,"jetpack_social_options":{"image_generator_settings":{"template":"highway","default_image_id":0,"font":"","enabled":false},"version":2}},"categories":[14],"tags":[36,35,57,245],"class_list":["post-38892","post","type-post","status-publish","format-standard","has-post-thumbnail","hentry","category-cultura","tag-algarve","tag-cultura","tag-faro","tag-teatro-das-figuras"],"yoast_head":"<!-- This site is optimized with the Yoast SEO plugin v27.4 - https:\/\/yoast.com\/product\/yoast-seo-wordpress\/ -->\n<title>\u00d3pera o principezinho, de Rachel Portman em estreia no Teatro das Figuras - Algarve 7<\/title>\n<meta name=\"description\" content=\"\u00d3pera o principezinho, de Rachel Portman em estreia no Teatro das Figuras Cultura\" \/>\n<meta name=\"robots\" content=\"index, follow, max-snippet:-1, max-image-preview:large, max-video-preview:-1\" \/>\n<link rel=\"canonical\" href=\"https:\/\/algarve7.pt\/index.php\/2024\/05\/opera-o-principezinho-de-rachel-portman-em-estreia-no-teatro-das-figuras\/cultura\/08\/06\/\" \/>\n<meta property=\"og:locale\" content=\"pt_PT\" \/>\n<meta property=\"og:type\" content=\"article\" \/>\n<meta property=\"og:title\" content=\"\u00d3pera o principezinho, de Rachel Portman em estreia no Teatro das Figuras - Algarve 7\" \/>\n<meta property=\"og:description\" content=\"\u00d3pera o principezinho, de Rachel Portman em estreia no Teatro das Figuras Cultura\" \/>\n<meta property=\"og:url\" content=\"https:\/\/algarve7.pt\/index.php\/2024\/05\/opera-o-principezinho-de-rachel-portman-em-estreia-no-teatro-das-figuras\/cultura\/08\/06\/\" \/>\n<meta property=\"og:site_name\" content=\"Algarve 7\" \/>\n<meta property=\"article:publisher\" content=\"https:\/\/www.facebook.com\/algarve7\" \/>\n<meta property=\"article:author\" content=\"https:\/\/www.facebook.com\/algarve7\" \/>\n<meta property=\"article:published_time\" content=\"2024-05-20T07:06:24+00:00\" \/>\n<meta property=\"article:modified_time\" content=\"2024-05-20T07:06:25+00:00\" \/>\n<meta property=\"og:image\" content=\"https:\/\/algarve7.pt\/wp-content\/uploads\/2024\/05\/O-PRINCIPEZINHO-Opera-de-Rachel-Portman-adaptacao-e-dramaturgia-Jorge-Balca-e-Rui-Baeta_Easy-Resize.com_.jpg\" \/>\n\t<meta property=\"og:image:width\" content=\"800\" \/>\n\t<meta property=\"og:image:height\" content=\"470\" \/>\n\t<meta property=\"og:image:type\" content=\"image\/jpeg\" \/>\n<meta name=\"author\" content=\"Algarve 7\" \/>\n<meta name=\"twitter:card\" content=\"summary_large_image\" \/>\n<meta name=\"twitter:creator\" content=\"@Algarvesete\" \/>\n<meta name=\"twitter:site\" content=\"@Algarvesete\" \/>\n<meta name=\"twitter:label1\" content=\"Escrito por\" \/>\n\t<meta name=\"twitter:data1\" content=\"Algarve 7\" \/>\n\t<meta name=\"twitter:label2\" content=\"Tempo estimado de leitura\" \/>\n\t<meta name=\"twitter:data2\" content=\"2 minutos\" \/>\n<script type=\"application\/ld+json\" class=\"yoast-schema-graph\">{\"@context\":\"https:\\\/\\\/schema.org\",\"@graph\":[{\"@type\":\"Article\",\"@id\":\"https:\\\/\\\/algarve7.pt\\\/index.php\\\/2024\\\/05\\\/opera-o-principezinho-de-rachel-portman-em-estreia-no-teatro-das-figuras\\\/cultura\\\/08\\\/06\\\/#article\",\"isPartOf\":{\"@id\":\"https:\\\/\\\/algarve7.pt\\\/index.php\\\/2024\\\/05\\\/opera-o-principezinho-de-rachel-portman-em-estreia-no-teatro-das-figuras\\\/cultura\\\/08\\\/06\\\/\"},\"author\":{\"name\":\"Algarve 7\",\"@id\":\"https:\\\/\\\/algarve7.pt\\\/#\\\/schema\\\/person\\\/23fa70681308e7b319a3204bcea45e0c\"},\"headline\":\"\u00d3pera o principezinho, de Rachel Portman em estreia no Teatro das Figuras\",\"datePublished\":\"2024-05-20T07:06:24+00:00\",\"dateModified\":\"2024-05-20T07:06:25+00:00\",\"mainEntityOfPage\":{\"@id\":\"https:\\\/\\\/algarve7.pt\\\/index.php\\\/2024\\\/05\\\/opera-o-principezinho-de-rachel-portman-em-estreia-no-teatro-das-figuras\\\/cultura\\\/08\\\/06\\\/\"},\"wordCount\":340,\"publisher\":{\"@id\":\"https:\\\/\\\/algarve7.pt\\\/#organization\"},\"image\":{\"@id\":\"https:\\\/\\\/algarve7.pt\\\/index.php\\\/2024\\\/05\\\/opera-o-principezinho-de-rachel-portman-em-estreia-no-teatro-das-figuras\\\/cultura\\\/08\\\/06\\\/#primaryimage\"},\"thumbnailUrl\":\"https:\\\/\\\/algarve7.pt\\\/wp-content\\\/uploads\\\/2024\\\/05\\\/O-PRINCIPEZINHO-Opera-de-Rachel-Portman-adaptacao-e-dramaturgia-Jorge-Balca-e-Rui-Baeta_Easy-Resize.com_.jpg\",\"keywords\":[\"Algarve\",\"Cultura\",\"Faro\",\"Teatro das Figuras\"],\"articleSection\":[\"Cultura\"],\"inLanguage\":\"pt-PT\"},{\"@type\":\"WebPage\",\"@id\":\"https:\\\/\\\/algarve7.pt\\\/index.php\\\/2024\\\/05\\\/opera-o-principezinho-de-rachel-portman-em-estreia-no-teatro-das-figuras\\\/cultura\\\/08\\\/06\\\/\",\"url\":\"https:\\\/\\\/algarve7.pt\\\/index.php\\\/2024\\\/05\\\/opera-o-principezinho-de-rachel-portman-em-estreia-no-teatro-das-figuras\\\/cultura\\\/08\\\/06\\\/\",\"name\":\"\u00d3pera o principezinho, de Rachel Portman em estreia no Teatro das Figuras - Algarve 7\",\"isPartOf\":{\"@id\":\"https:\\\/\\\/algarve7.pt\\\/#website\"},\"primaryImageOfPage\":{\"@id\":\"https:\\\/\\\/algarve7.pt\\\/index.php\\\/2024\\\/05\\\/opera-o-principezinho-de-rachel-portman-em-estreia-no-teatro-das-figuras\\\/cultura\\\/08\\\/06\\\/#primaryimage\"},\"image\":{\"@id\":\"https:\\\/\\\/algarve7.pt\\\/index.php\\\/2024\\\/05\\\/opera-o-principezinho-de-rachel-portman-em-estreia-no-teatro-das-figuras\\\/cultura\\\/08\\\/06\\\/#primaryimage\"},\"thumbnailUrl\":\"https:\\\/\\\/algarve7.pt\\\/wp-content\\\/uploads\\\/2024\\\/05\\\/O-PRINCIPEZINHO-Opera-de-Rachel-Portman-adaptacao-e-dramaturgia-Jorge-Balca-e-Rui-Baeta_Easy-Resize.com_.jpg\",\"datePublished\":\"2024-05-20T07:06:24+00:00\",\"dateModified\":\"2024-05-20T07:06:25+00:00\",\"description\":\"\u00d3pera o principezinho, de Rachel Portman em estreia no Teatro das Figuras Cultura\",\"breadcrumb\":{\"@id\":\"https:\\\/\\\/algarve7.pt\\\/index.php\\\/2024\\\/05\\\/opera-o-principezinho-de-rachel-portman-em-estreia-no-teatro-das-figuras\\\/cultura\\\/08\\\/06\\\/#breadcrumb\"},\"inLanguage\":\"pt-PT\",\"potentialAction\":[{\"@type\":\"ReadAction\",\"target\":[\"https:\\\/\\\/algarve7.pt\\\/index.php\\\/2024\\\/05\\\/opera-o-principezinho-de-rachel-portman-em-estreia-no-teatro-das-figuras\\\/cultura\\\/08\\\/06\\\/\"]}]},{\"@type\":\"ImageObject\",\"inLanguage\":\"pt-PT\",\"@id\":\"https:\\\/\\\/algarve7.pt\\\/index.php\\\/2024\\\/05\\\/opera-o-principezinho-de-rachel-portman-em-estreia-no-teatro-das-figuras\\\/cultura\\\/08\\\/06\\\/#primaryimage\",\"url\":\"https:\\\/\\\/algarve7.pt\\\/wp-content\\\/uploads\\\/2024\\\/05\\\/O-PRINCIPEZINHO-Opera-de-Rachel-Portman-adaptacao-e-dramaturgia-Jorge-Balca-e-Rui-Baeta_Easy-Resize.com_.jpg\",\"contentUrl\":\"https:\\\/\\\/algarve7.pt\\\/wp-content\\\/uploads\\\/2024\\\/05\\\/O-PRINCIPEZINHO-Opera-de-Rachel-Portman-adaptacao-e-dramaturgia-Jorge-Balca-e-Rui-Baeta_Easy-Resize.com_.jpg\",\"width\":800,\"height\":470},{\"@type\":\"BreadcrumbList\",\"@id\":\"https:\\\/\\\/algarve7.pt\\\/index.php\\\/2024\\\/05\\\/opera-o-principezinho-de-rachel-portman-em-estreia-no-teatro-das-figuras\\\/cultura\\\/08\\\/06\\\/#breadcrumb\",\"itemListElement\":[{\"@type\":\"ListItem\",\"position\":1,\"name\":\"In\u00edcio\",\"item\":\"https:\\\/\\\/algarve7.pt\\\/\"},{\"@type\":\"ListItem\",\"position\":2,\"name\":\"\u00d3pera o principezinho, de Rachel Portman em estreia no Teatro das Figuras\"}]},{\"@type\":\"WebSite\",\"@id\":\"https:\\\/\\\/algarve7.pt\\\/#website\",\"url\":\"https:\\\/\\\/algarve7.pt\\\/\",\"name\":\"Algarve 7\",\"description\":\"Informa\u00e7\u00e3o sobre o Algarve\",\"publisher\":{\"@id\":\"https:\\\/\\\/algarve7.pt\\\/#organization\"},\"potentialAction\":[{\"@type\":\"SearchAction\",\"target\":{\"@type\":\"EntryPoint\",\"urlTemplate\":\"https:\\\/\\\/algarve7.pt\\\/?s={search_term_string}\"},\"query-input\":{\"@type\":\"PropertyValueSpecification\",\"valueRequired\":true,\"valueName\":\"search_term_string\"}}],\"inLanguage\":\"pt-PT\"},{\"@type\":\"Organization\",\"@id\":\"https:\\\/\\\/algarve7.pt\\\/#organization\",\"name\":\"Algarve 7\",\"url\":\"https:\\\/\\\/algarve7.pt\\\/\",\"logo\":{\"@type\":\"ImageObject\",\"inLanguage\":\"pt-PT\",\"@id\":\"https:\\\/\\\/algarve7.pt\\\/#\\\/schema\\\/logo\\\/image\\\/\",\"url\":\"https:\\\/\\\/algarve7.pt\\\/wp-content\\\/uploads\\\/2020\\\/10\\\/Logo-8.jpg\",\"contentUrl\":\"https:\\\/\\\/algarve7.pt\\\/wp-content\\\/uploads\\\/2020\\\/10\\\/Logo-8.jpg\",\"width\":1680,\"height\":1186,\"caption\":\"Algarve 7\"},\"image\":{\"@id\":\"https:\\\/\\\/algarve7.pt\\\/#\\\/schema\\\/logo\\\/image\\\/\"},\"sameAs\":[\"https:\\\/\\\/www.facebook.com\\\/algarve7\",\"https:\\\/\\\/x.com\\\/Algarvesete\",\"https:\\\/\\\/www.instagram.com\\\/jornalalgarve7\\\/\",\"https:\\\/\\\/www.linkedin.com\\\/company\\\/algarve7\",\"https:\\\/\\\/www.pinterest.pt\\\/geral0939\\\/_created\\\/\"]},{\"@type\":\"Person\",\"@id\":\"https:\\\/\\\/algarve7.pt\\\/#\\\/schema\\\/person\\\/23fa70681308e7b319a3204bcea45e0c\",\"name\":\"Algarve 7\",\"sameAs\":[\"https:\\\/\\\/algarve7.pt\",\"https:\\\/\\\/www.facebook.com\\\/algarve7\"],\"url\":\"https:\\\/\\\/algarve7.pt\\\/index.php\\\/author\\\/geralalgarve7-pt\\\/\"}]}<\/script>\n<!-- \/ Yoast SEO plugin. -->","yoast_head_json":{"title":"\u00d3pera o principezinho, de Rachel Portman em estreia no Teatro das Figuras - Algarve 7","description":"\u00d3pera o principezinho, de Rachel Portman em estreia no Teatro das Figuras Cultura","robots":{"index":"index","follow":"follow","max-snippet":"max-snippet:-1","max-image-preview":"max-image-preview:large","max-video-preview":"max-video-preview:-1"},"canonical":"https:\/\/algarve7.pt\/index.php\/2024\/05\/opera-o-principezinho-de-rachel-portman-em-estreia-no-teatro-das-figuras\/cultura\/08\/06\/","og_locale":"pt_PT","og_type":"article","og_title":"\u00d3pera o principezinho, de Rachel Portman em estreia no Teatro das Figuras - Algarve 7","og_description":"\u00d3pera o principezinho, de Rachel Portman em estreia no Teatro das Figuras Cultura","og_url":"https:\/\/algarve7.pt\/index.php\/2024\/05\/opera-o-principezinho-de-rachel-portman-em-estreia-no-teatro-das-figuras\/cultura\/08\/06\/","og_site_name":"Algarve 7","article_publisher":"https:\/\/www.facebook.com\/algarve7","article_author":"https:\/\/www.facebook.com\/algarve7","article_published_time":"2024-05-20T07:06:24+00:00","article_modified_time":"2024-05-20T07:06:25+00:00","og_image":[{"width":800,"height":470,"url":"https:\/\/algarve7.pt\/wp-content\/uploads\/2024\/05\/O-PRINCIPEZINHO-Opera-de-Rachel-Portman-adaptacao-e-dramaturgia-Jorge-Balca-e-Rui-Baeta_Easy-Resize.com_.jpg","type":"image\/jpeg"}],"author":"Algarve 7","twitter_card":"summary_large_image","twitter_creator":"@Algarvesete","twitter_site":"@Algarvesete","twitter_misc":{"Escrito por":"Algarve 7","Tempo estimado de leitura":"2 minutos"},"schema":{"@context":"https:\/\/schema.org","@graph":[{"@type":"Article","@id":"https:\/\/algarve7.pt\/index.php\/2024\/05\/opera-o-principezinho-de-rachel-portman-em-estreia-no-teatro-das-figuras\/cultura\/08\/06\/#article","isPartOf":{"@id":"https:\/\/algarve7.pt\/index.php\/2024\/05\/opera-o-principezinho-de-rachel-portman-em-estreia-no-teatro-das-figuras\/cultura\/08\/06\/"},"author":{"name":"Algarve 7","@id":"https:\/\/algarve7.pt\/#\/schema\/person\/23fa70681308e7b319a3204bcea45e0c"},"headline":"\u00d3pera o principezinho, de Rachel Portman em estreia no Teatro das Figuras","datePublished":"2024-05-20T07:06:24+00:00","dateModified":"2024-05-20T07:06:25+00:00","mainEntityOfPage":{"@id":"https:\/\/algarve7.pt\/index.php\/2024\/05\/opera-o-principezinho-de-rachel-portman-em-estreia-no-teatro-das-figuras\/cultura\/08\/06\/"},"wordCount":340,"publisher":{"@id":"https:\/\/algarve7.pt\/#organization"},"image":{"@id":"https:\/\/algarve7.pt\/index.php\/2024\/05\/opera-o-principezinho-de-rachel-portman-em-estreia-no-teatro-das-figuras\/cultura\/08\/06\/#primaryimage"},"thumbnailUrl":"https:\/\/algarve7.pt\/wp-content\/uploads\/2024\/05\/O-PRINCIPEZINHO-Opera-de-Rachel-Portman-adaptacao-e-dramaturgia-Jorge-Balca-e-Rui-Baeta_Easy-Resize.com_.jpg","keywords":["Algarve","Cultura","Faro","Teatro das Figuras"],"articleSection":["Cultura"],"inLanguage":"pt-PT"},{"@type":"WebPage","@id":"https:\/\/algarve7.pt\/index.php\/2024\/05\/opera-o-principezinho-de-rachel-portman-em-estreia-no-teatro-das-figuras\/cultura\/08\/06\/","url":"https:\/\/algarve7.pt\/index.php\/2024\/05\/opera-o-principezinho-de-rachel-portman-em-estreia-no-teatro-das-figuras\/cultura\/08\/06\/","name":"\u00d3pera o principezinho, de Rachel Portman em estreia no Teatro das Figuras - Algarve 7","isPartOf":{"@id":"https:\/\/algarve7.pt\/#website"},"primaryImageOfPage":{"@id":"https:\/\/algarve7.pt\/index.php\/2024\/05\/opera-o-principezinho-de-rachel-portman-em-estreia-no-teatro-das-figuras\/cultura\/08\/06\/#primaryimage"},"image":{"@id":"https:\/\/algarve7.pt\/index.php\/2024\/05\/opera-o-principezinho-de-rachel-portman-em-estreia-no-teatro-das-figuras\/cultura\/08\/06\/#primaryimage"},"thumbnailUrl":"https:\/\/algarve7.pt\/wp-content\/uploads\/2024\/05\/O-PRINCIPEZINHO-Opera-de-Rachel-Portman-adaptacao-e-dramaturgia-Jorge-Balca-e-Rui-Baeta_Easy-Resize.com_.jpg","datePublished":"2024-05-20T07:06:24+00:00","dateModified":"2024-05-20T07:06:25+00:00","description":"\u00d3pera o principezinho, de Rachel Portman em estreia no Teatro das Figuras Cultura","breadcrumb":{"@id":"https:\/\/algarve7.pt\/index.php\/2024\/05\/opera-o-principezinho-de-rachel-portman-em-estreia-no-teatro-das-figuras\/cultura\/08\/06\/#breadcrumb"},"inLanguage":"pt-PT","potentialAction":[{"@type":"ReadAction","target":["https:\/\/algarve7.pt\/index.php\/2024\/05\/opera-o-principezinho-de-rachel-portman-em-estreia-no-teatro-das-figuras\/cultura\/08\/06\/"]}]},{"@type":"ImageObject","inLanguage":"pt-PT","@id":"https:\/\/algarve7.pt\/index.php\/2024\/05\/opera-o-principezinho-de-rachel-portman-em-estreia-no-teatro-das-figuras\/cultura\/08\/06\/#primaryimage","url":"https:\/\/algarve7.pt\/wp-content\/uploads\/2024\/05\/O-PRINCIPEZINHO-Opera-de-Rachel-Portman-adaptacao-e-dramaturgia-Jorge-Balca-e-Rui-Baeta_Easy-Resize.com_.jpg","contentUrl":"https:\/\/algarve7.pt\/wp-content\/uploads\/2024\/05\/O-PRINCIPEZINHO-Opera-de-Rachel-Portman-adaptacao-e-dramaturgia-Jorge-Balca-e-Rui-Baeta_Easy-Resize.com_.jpg","width":800,"height":470},{"@type":"BreadcrumbList","@id":"https:\/\/algarve7.pt\/index.php\/2024\/05\/opera-o-principezinho-de-rachel-portman-em-estreia-no-teatro-das-figuras\/cultura\/08\/06\/#breadcrumb","itemListElement":[{"@type":"ListItem","position":1,"name":"In\u00edcio","item":"https:\/\/algarve7.pt\/"},{"@type":"ListItem","position":2,"name":"\u00d3pera o principezinho, de Rachel Portman em estreia no Teatro das Figuras"}]},{"@type":"WebSite","@id":"https:\/\/algarve7.pt\/#website","url":"https:\/\/algarve7.pt\/","name":"Algarve 7","description":"Informa\u00e7\u00e3o sobre o Algarve","publisher":{"@id":"https:\/\/algarve7.pt\/#organization"},"potentialAction":[{"@type":"SearchAction","target":{"@type":"EntryPoint","urlTemplate":"https:\/\/algarve7.pt\/?s={search_term_string}"},"query-input":{"@type":"PropertyValueSpecification","valueRequired":true,"valueName":"search_term_string"}}],"inLanguage":"pt-PT"},{"@type":"Organization","@id":"https:\/\/algarve7.pt\/#organization","name":"Algarve 7","url":"https:\/\/algarve7.pt\/","logo":{"@type":"ImageObject","inLanguage":"pt-PT","@id":"https:\/\/algarve7.pt\/#\/schema\/logo\/image\/","url":"https:\/\/algarve7.pt\/wp-content\/uploads\/2020\/10\/Logo-8.jpg","contentUrl":"https:\/\/algarve7.pt\/wp-content\/uploads\/2020\/10\/Logo-8.jpg","width":1680,"height":1186,"caption":"Algarve 7"},"image":{"@id":"https:\/\/algarve7.pt\/#\/schema\/logo\/image\/"},"sameAs":["https:\/\/www.facebook.com\/algarve7","https:\/\/x.com\/Algarvesete","https:\/\/www.instagram.com\/jornalalgarve7\/","https:\/\/www.linkedin.com\/company\/algarve7","https:\/\/www.pinterest.pt\/geral0939\/_created\/"]},{"@type":"Person","@id":"https:\/\/algarve7.pt\/#\/schema\/person\/23fa70681308e7b319a3204bcea45e0c","name":"Algarve 7","sameAs":["https:\/\/algarve7.pt","https:\/\/www.facebook.com\/algarve7"],"url":"https:\/\/algarve7.pt\/index.php\/author\/geralalgarve7-pt\/"}]}},"jetpack_publicize_connections":[],"jetpack_featured_media_url":"https:\/\/algarve7.pt\/wp-content\/uploads\/2024\/05\/O-PRINCIPEZINHO-Opera-de-Rachel-Portman-adaptacao-e-dramaturgia-Jorge-Balca-e-Rui-Baeta_Easy-Resize.com_.jpg","jetpack_shortlink":"https:\/\/wp.me\/pcezmW-a7i","jetpack_sharing_enabled":true,"_links":{"self":[{"href":"https:\/\/algarve7.pt\/index.php\/wp-json\/wp\/v2\/posts\/38892","targetHints":{"allow":["GET"]}}],"collection":[{"href":"https:\/\/algarve7.pt\/index.php\/wp-json\/wp\/v2\/posts"}],"about":[{"href":"https:\/\/algarve7.pt\/index.php\/wp-json\/wp\/v2\/types\/post"}],"author":[{"embeddable":true,"href":"https:\/\/algarve7.pt\/index.php\/wp-json\/wp\/v2\/users\/1"}],"replies":[{"embeddable":true,"href":"https:\/\/algarve7.pt\/index.php\/wp-json\/wp\/v2\/comments?post=38892"}],"version-history":[{"count":0,"href":"https:\/\/algarve7.pt\/index.php\/wp-json\/wp\/v2\/posts\/38892\/revisions"}],"wp:featuredmedia":[{"embeddable":true,"href":"https:\/\/algarve7.pt\/index.php\/wp-json\/wp\/v2\/media\/38893"}],"wp:attachment":[{"href":"https:\/\/algarve7.pt\/index.php\/wp-json\/wp\/v2\/media?parent=38892"}],"wp:term":[{"taxonomy":"category","embeddable":true,"href":"https:\/\/algarve7.pt\/index.php\/wp-json\/wp\/v2\/categories?post=38892"},{"taxonomy":"post_tag","embeddable":true,"href":"https:\/\/algarve7.pt\/index.php\/wp-json\/wp\/v2\/tags?post=38892"}],"curies":[{"name":"wp","href":"https:\/\/api.w.org\/{rel}","templated":true}]}}