{"id":38889,"date":"2024-05-19T19:57:01","date_gmt":"2024-05-19T18:57:01","guid":{"rendered":"https:\/\/algarve7.pt\/?p=38889"},"modified":"2024-05-19T19:57:02","modified_gmt":"2024-05-19T18:57:02","slug":"emocao-ate-ao-final-na-baja-de-lagos","status":"publish","type":"post","link":"https:\/\/algarve7.pt\/index.php\/2024\/05\/emocao-ate-ao-final-na-baja-de-lagos\/desporto\/19\/57\/","title":{"rendered":"Emo\u00e7\u00e3o at\u00e9 ao final na Baja de Lagos"},"content":{"rendered":"\n<p>(Autos), Martim Ventura (Motos), Jo\u00e3o Vale (Quads) e Pedro Pinha\/Joaquim Dias (SSV) foram os vencedores<\/p>\n\n\n\n<p>O regresso das competi\u00e7\u00f5es de todo-terreno ao barlavento algarvio teve o seu ep\u00edlogo com terceiro e \u00faltimo dia de competi\u00e7\u00e3o da Baja de Lagos. Num dia marcado por sol mas tamb\u00e9m alguma chuva, Martim Ventura (Husqvarna) confirmou a boa forma do fim-de-semana, voltando a ser o mais r\u00e1pido no setor seletivo, bisando assim a vit\u00f3ria na prova algarvia. Seguiu-se lhe Ant\u00f3nio Maio (Yamaha) e Bruno Santos (Husqvarna), que suplantou Micael Sim\u00e3o (Gas-Gas) neste segundo dia. Bernardo Megre (Kawasaki) foi o mais r\u00e1pido nas TT1.<\/p>\n\n\n\n<p>Nos quads Jo\u00e3o Vale voltou a ser o mais r\u00e1pido no setor seletivo e confirmou assim o triunfo na Baja de Lagos, sendo seguido por Tiago Jorge Gomes (KTM) e Tiago Teixeira (Yamaha). J\u00e1 nos SSV, a luta pela vit\u00f3ria foi intensa entre os tr\u00eas primeiros classificados do dia de ontem, com Pedro Pinha\/Joaquim Dias (Can-Am) a levar a melhor sobre Nelson Caxias\/Jo\u00e3o Rodrigues (Can-Am) por meros 7.8 segundos, seguindo-se S\u00e9rgio Baptista, tamb\u00e9m em Can-Am. Nota tamb\u00e9m para Pedro Santinho Mendes\/Duarte Santos que foram os mais r\u00e1pidos no setor seletivo, vingando assim o azar de ontem.<\/p>\n\n\n\n<p>Quanto aos Autos, avizinhava-se uma grande luta entre o Can-Am T3 de Jo\u00e3o Dias\/Jo\u00e3o Miranda e a Toyota de Tiago Reis\/Valter Cardoso, havendo tamb\u00e9m a expetativa se Jo\u00e3o Ferreira\/Filipe Palmeiro (Mini) conseguiam recuperar a desvantagem do primeiro setor seletivo. O campe\u00e3o nacional conseguiu passar para a lideran\u00e7a virtual da prova mas seria for\u00e7ado a parar ao quil\u00f3metro 135. Por outro lado, Jo\u00e3o Ferreira vinha a ser o mais r\u00e1pido em todos as cronometragens parciais e viria a suplantar Jo\u00e3o Dias por 3.6 segundos! O p\u00f3dio foi fechado por Francisco Barreto\/Carlos Silva (Toyota), \u00e0 frente dos primeiros T4, a dupla Gon\u00e7alo Guerreiro\/Jos\u00e9 S\u00e1 Pires (Polaris. e nota ainda para os azares de Armindo Ara\u00fajo\/Pedro R\u00e9 e Bernardo Sousa\/Hugo Magalh\u00e3es, duas duplas que vinham exibir um bom andamento. Quanto \u00e0s categorias, nos T1 a vit\u00f3ria pertenceu a Miguel Casaca\/Jo\u00e3o Luz (Volkswagen), nos T2 venceram Tom\u00e1s Gameiro\/Ant\u00f3nio Saraiva (Toyota), nos T8 Cl\u00e1udio Carapeta\/S\u00e9rgio Inoc\u00eancio (Bowler) e nos T9, S\u00e9rgio Mourato\/Jos\u00e9 Pereira (Nissan). Entre as senhoras, a mais r\u00e1pida foi Maria Lu\u00eds Gameiro (Mini).<\/p>\n","protected":false},"excerpt":{"rendered":"<p>(Autos), Martim Ventura (Motos), Jo\u00e3o Vale (Quads) e Pedro Pinha\/Joaquim Dias (SSV) foram os vencedores O regresso das competi\u00e7\u00f5es de<\/p>\n","protected":false},"author":1,"featured_media":38890,"comment_status":"closed","ping_status":"open","sticky":false,"template":"","format":"standard","meta":{"colormag_page_container_layout":"default_layout","colormag_page_sidebar_layout":"default_layout","_monsterinsights_skip_tracking":false,"_monsterinsights_sitenote_active":false,"_monsterinsights_sitenote_note":"","_monsterinsights_sitenote_category":0,"jetpack_post_was_ever_published":false,"_jetpack_newsletter_access":"","_jetpack_dont_email_post_to_subs":false,"_jetpack_newsletter_tier_id":0,"_jetpack_memberships_contains_paywalled_content":false,"_jetpack_memberships_contains_paid_content":false,"footnotes":"","jetpack_publicize_message":"","jetpack_publicize_feature_enabled":true,"jetpack_social_post_already_shared":false,"jetpack_social_options":{"image_generator_settings":{"template":"highway","default_image_id":0,"font":"","enabled":false},"version":2}},"categories":[15],"tags":[36,40,68],"class_list":["post-38889","post","type-post","status-publish","format-standard","has-post-thumbnail","hentry","category-desporto","tag-algarve","tag-desporto","tag-lagos"],"yoast_head":"<!-- This site is optimized with the Yoast SEO plugin v27.4 - https:\/\/yoast.com\/product\/yoast-seo-wordpress\/ -->\n<title>Emo\u00e7\u00e3o at\u00e9 ao final na Baja de Lagos - Algarve 7<\/title>\n<meta name=\"description\" content=\"Emo\u00e7\u00e3o at\u00e9 ao final na Baja de Lagos Desporto\" \/>\n<meta name=\"robots\" content=\"index, follow, max-snippet:-1, max-image-preview:large, max-video-preview:-1\" \/>\n<link rel=\"canonical\" href=\"https:\/\/algarve7.pt\/index.php\/2024\/05\/emocao-ate-ao-final-na-baja-de-lagos\/desporto\/19\/57\/\" \/>\n<meta property=\"og:locale\" content=\"pt_PT\" \/>\n<meta property=\"og:type\" content=\"article\" \/>\n<meta property=\"og:title\" content=\"Emo\u00e7\u00e3o at\u00e9 ao final na Baja de Lagos - Algarve 7\" \/>\n<meta property=\"og:description\" content=\"Emo\u00e7\u00e3o at\u00e9 ao final na Baja de Lagos Desporto\" \/>\n<meta property=\"og:url\" content=\"https:\/\/algarve7.pt\/index.php\/2024\/05\/emocao-ate-ao-final-na-baja-de-lagos\/desporto\/19\/57\/\" \/>\n<meta property=\"og:site_name\" content=\"Algarve 7\" \/>\n<meta property=\"article:publisher\" content=\"https:\/\/www.facebook.com\/algarve7\" \/>\n<meta property=\"article:author\" content=\"https:\/\/www.facebook.com\/algarve7\" \/>\n<meta property=\"article:published_time\" content=\"2024-05-19T18:57:01+00:00\" \/>\n<meta property=\"article:modified_time\" content=\"2024-05-19T18:57:02+00:00\" \/>\n<meta property=\"og:image\" content=\"https:\/\/algarve7.pt\/wp-content\/uploads\/2024\/05\/Joao-Ferreira.jpg\" \/>\n\t<meta property=\"og:image:width\" content=\"800\" \/>\n\t<meta property=\"og:image:height\" content=\"470\" \/>\n\t<meta property=\"og:image:type\" content=\"image\/jpeg\" \/>\n<meta name=\"author\" content=\"Algarve 7\" \/>\n<meta name=\"twitter:card\" content=\"summary_large_image\" \/>\n<meta name=\"twitter:creator\" content=\"@Algarvesete\" \/>\n<meta name=\"twitter:site\" content=\"@Algarvesete\" \/>\n<meta name=\"twitter:label1\" content=\"Escrito por\" \/>\n\t<meta name=\"twitter:data1\" content=\"Algarve 7\" \/>\n\t<meta name=\"twitter:label2\" content=\"Tempo estimado de leitura\" \/>\n\t<meta name=\"twitter:data2\" content=\"3 minutos\" \/>\n<script type=\"application\/ld+json\" class=\"yoast-schema-graph\">{\"@context\":\"https:\\\/\\\/schema.org\",\"@graph\":[{\"@type\":\"Article\",\"@id\":\"https:\\\/\\\/algarve7.pt\\\/index.php\\\/2024\\\/05\\\/emocao-ate-ao-final-na-baja-de-lagos\\\/desporto\\\/19\\\/57\\\/#article\",\"isPartOf\":{\"@id\":\"https:\\\/\\\/algarve7.pt\\\/index.php\\\/2024\\\/05\\\/emocao-ate-ao-final-na-baja-de-lagos\\\/desporto\\\/19\\\/57\\\/\"},\"author\":{\"name\":\"Algarve 7\",\"@id\":\"https:\\\/\\\/algarve7.pt\\\/#\\\/schema\\\/person\\\/23fa70681308e7b319a3204bcea45e0c\"},\"headline\":\"Emo\u00e7\u00e3o at\u00e9 ao final na Baja de Lagos\",\"datePublished\":\"2024-05-19T18:57:01+00:00\",\"dateModified\":\"2024-05-19T18:57:02+00:00\",\"mainEntityOfPage\":{\"@id\":\"https:\\\/\\\/algarve7.pt\\\/index.php\\\/2024\\\/05\\\/emocao-ate-ao-final-na-baja-de-lagos\\\/desporto\\\/19\\\/57\\\/\"},\"wordCount\":429,\"publisher\":{\"@id\":\"https:\\\/\\\/algarve7.pt\\\/#organization\"},\"image\":{\"@id\":\"https:\\\/\\\/algarve7.pt\\\/index.php\\\/2024\\\/05\\\/emocao-ate-ao-final-na-baja-de-lagos\\\/desporto\\\/19\\\/57\\\/#primaryimage\"},\"thumbnailUrl\":\"https:\\\/\\\/algarve7.pt\\\/wp-content\\\/uploads\\\/2024\\\/05\\\/Joao-Ferreira.jpg\",\"keywords\":[\"Algarve\",\"Desporto\",\"Lagos\"],\"articleSection\":[\"Desporto\"],\"inLanguage\":\"pt-PT\"},{\"@type\":\"WebPage\",\"@id\":\"https:\\\/\\\/algarve7.pt\\\/index.php\\\/2024\\\/05\\\/emocao-ate-ao-final-na-baja-de-lagos\\\/desporto\\\/19\\\/57\\\/\",\"url\":\"https:\\\/\\\/algarve7.pt\\\/index.php\\\/2024\\\/05\\\/emocao-ate-ao-final-na-baja-de-lagos\\\/desporto\\\/19\\\/57\\\/\",\"name\":\"Emo\u00e7\u00e3o at\u00e9 ao final na Baja de Lagos - Algarve 7\",\"isPartOf\":{\"@id\":\"https:\\\/\\\/algarve7.pt\\\/#website\"},\"primaryImageOfPage\":{\"@id\":\"https:\\\/\\\/algarve7.pt\\\/index.php\\\/2024\\\/05\\\/emocao-ate-ao-final-na-baja-de-lagos\\\/desporto\\\/19\\\/57\\\/#primaryimage\"},\"image\":{\"@id\":\"https:\\\/\\\/algarve7.pt\\\/index.php\\\/2024\\\/05\\\/emocao-ate-ao-final-na-baja-de-lagos\\\/desporto\\\/19\\\/57\\\/#primaryimage\"},\"thumbnailUrl\":\"https:\\\/\\\/algarve7.pt\\\/wp-content\\\/uploads\\\/2024\\\/05\\\/Joao-Ferreira.jpg\",\"datePublished\":\"2024-05-19T18:57:01+00:00\",\"dateModified\":\"2024-05-19T18:57:02+00:00\",\"description\":\"Emo\u00e7\u00e3o at\u00e9 ao final na Baja de Lagos Desporto\",\"breadcrumb\":{\"@id\":\"https:\\\/\\\/algarve7.pt\\\/index.php\\\/2024\\\/05\\\/emocao-ate-ao-final-na-baja-de-lagos\\\/desporto\\\/19\\\/57\\\/#breadcrumb\"},\"inLanguage\":\"pt-PT\",\"potentialAction\":[{\"@type\":\"ReadAction\",\"target\":[\"https:\\\/\\\/algarve7.pt\\\/index.php\\\/2024\\\/05\\\/emocao-ate-ao-final-na-baja-de-lagos\\\/desporto\\\/19\\\/57\\\/\"]}]},{\"@type\":\"ImageObject\",\"inLanguage\":\"pt-PT\",\"@id\":\"https:\\\/\\\/algarve7.pt\\\/index.php\\\/2024\\\/05\\\/emocao-ate-ao-final-na-baja-de-lagos\\\/desporto\\\/19\\\/57\\\/#primaryimage\",\"url\":\"https:\\\/\\\/algarve7.pt\\\/wp-content\\\/uploads\\\/2024\\\/05\\\/Joao-Ferreira.jpg\",\"contentUrl\":\"https:\\\/\\\/algarve7.pt\\\/wp-content\\\/uploads\\\/2024\\\/05\\\/Joao-Ferreira.jpg\",\"width\":800,\"height\":470},{\"@type\":\"BreadcrumbList\",\"@id\":\"https:\\\/\\\/algarve7.pt\\\/index.php\\\/2024\\\/05\\\/emocao-ate-ao-final-na-baja-de-lagos\\\/desporto\\\/19\\\/57\\\/#breadcrumb\",\"itemListElement\":[{\"@type\":\"ListItem\",\"position\":1,\"name\":\"In\u00edcio\",\"item\":\"https:\\\/\\\/algarve7.pt\\\/\"},{\"@type\":\"ListItem\",\"position\":2,\"name\":\"Emo\u00e7\u00e3o at\u00e9 ao final na Baja de Lagos\"}]},{\"@type\":\"WebSite\",\"@id\":\"https:\\\/\\\/algarve7.pt\\\/#website\",\"url\":\"https:\\\/\\\/algarve7.pt\\\/\",\"name\":\"Algarve 7\",\"description\":\"Informa\u00e7\u00e3o sobre o Algarve\",\"publisher\":{\"@id\":\"https:\\\/\\\/algarve7.pt\\\/#organization\"},\"potentialAction\":[{\"@type\":\"SearchAction\",\"target\":{\"@type\":\"EntryPoint\",\"urlTemplate\":\"https:\\\/\\\/algarve7.pt\\\/?s={search_term_string}\"},\"query-input\":{\"@type\":\"PropertyValueSpecification\",\"valueRequired\":true,\"valueName\":\"search_term_string\"}}],\"inLanguage\":\"pt-PT\"},{\"@type\":\"Organization\",\"@id\":\"https:\\\/\\\/algarve7.pt\\\/#organization\",\"name\":\"Algarve 7\",\"url\":\"https:\\\/\\\/algarve7.pt\\\/\",\"logo\":{\"@type\":\"ImageObject\",\"inLanguage\":\"pt-PT\",\"@id\":\"https:\\\/\\\/algarve7.pt\\\/#\\\/schema\\\/logo\\\/image\\\/\",\"url\":\"https:\\\/\\\/algarve7.pt\\\/wp-content\\\/uploads\\\/2020\\\/10\\\/Logo-8.jpg\",\"contentUrl\":\"https:\\\/\\\/algarve7.pt\\\/wp-content\\\/uploads\\\/2020\\\/10\\\/Logo-8.jpg\",\"width\":1680,\"height\":1186,\"caption\":\"Algarve 7\"},\"image\":{\"@id\":\"https:\\\/\\\/algarve7.pt\\\/#\\\/schema\\\/logo\\\/image\\\/\"},\"sameAs\":[\"https:\\\/\\\/www.facebook.com\\\/algarve7\",\"https:\\\/\\\/x.com\\\/Algarvesete\",\"https:\\\/\\\/www.instagram.com\\\/jornalalgarve7\\\/\",\"https:\\\/\\\/www.linkedin.com\\\/company\\\/algarve7\",\"https:\\\/\\\/www.pinterest.pt\\\/geral0939\\\/_created\\\/\"]},{\"@type\":\"Person\",\"@id\":\"https:\\\/\\\/algarve7.pt\\\/#\\\/schema\\\/person\\\/23fa70681308e7b319a3204bcea45e0c\",\"name\":\"Algarve 7\",\"sameAs\":[\"https:\\\/\\\/algarve7.pt\",\"https:\\\/\\\/www.facebook.com\\\/algarve7\"],\"url\":\"https:\\\/\\\/algarve7.pt\\\/index.php\\\/author\\\/geralalgarve7-pt\\\/\"}]}<\/script>\n<!-- \/ Yoast SEO plugin. -->","yoast_head_json":{"title":"Emo\u00e7\u00e3o at\u00e9 ao final na Baja de Lagos - Algarve 7","description":"Emo\u00e7\u00e3o at\u00e9 ao final na Baja de Lagos Desporto","robots":{"index":"index","follow":"follow","max-snippet":"max-snippet:-1","max-image-preview":"max-image-preview:large","max-video-preview":"max-video-preview:-1"},"canonical":"https:\/\/algarve7.pt\/index.php\/2024\/05\/emocao-ate-ao-final-na-baja-de-lagos\/desporto\/19\/57\/","og_locale":"pt_PT","og_type":"article","og_title":"Emo\u00e7\u00e3o at\u00e9 ao final na Baja de Lagos - Algarve 7","og_description":"Emo\u00e7\u00e3o at\u00e9 ao final na Baja de Lagos Desporto","og_url":"https:\/\/algarve7.pt\/index.php\/2024\/05\/emocao-ate-ao-final-na-baja-de-lagos\/desporto\/19\/57\/","og_site_name":"Algarve 7","article_publisher":"https:\/\/www.facebook.com\/algarve7","article_author":"https:\/\/www.facebook.com\/algarve7","article_published_time":"2024-05-19T18:57:01+00:00","article_modified_time":"2024-05-19T18:57:02+00:00","og_image":[{"width":800,"height":470,"url":"https:\/\/algarve7.pt\/wp-content\/uploads\/2024\/05\/Joao-Ferreira.jpg","type":"image\/jpeg"}],"author":"Algarve 7","twitter_card":"summary_large_image","twitter_creator":"@Algarvesete","twitter_site":"@Algarvesete","twitter_misc":{"Escrito por":"Algarve 7","Tempo estimado de leitura":"3 minutos"},"schema":{"@context":"https:\/\/schema.org","@graph":[{"@type":"Article","@id":"https:\/\/algarve7.pt\/index.php\/2024\/05\/emocao-ate-ao-final-na-baja-de-lagos\/desporto\/19\/57\/#article","isPartOf":{"@id":"https:\/\/algarve7.pt\/index.php\/2024\/05\/emocao-ate-ao-final-na-baja-de-lagos\/desporto\/19\/57\/"},"author":{"name":"Algarve 7","@id":"https:\/\/algarve7.pt\/#\/schema\/person\/23fa70681308e7b319a3204bcea45e0c"},"headline":"Emo\u00e7\u00e3o at\u00e9 ao final na Baja de Lagos","datePublished":"2024-05-19T18:57:01+00:00","dateModified":"2024-05-19T18:57:02+00:00","mainEntityOfPage":{"@id":"https:\/\/algarve7.pt\/index.php\/2024\/05\/emocao-ate-ao-final-na-baja-de-lagos\/desporto\/19\/57\/"},"wordCount":429,"publisher":{"@id":"https:\/\/algarve7.pt\/#organization"},"image":{"@id":"https:\/\/algarve7.pt\/index.php\/2024\/05\/emocao-ate-ao-final-na-baja-de-lagos\/desporto\/19\/57\/#primaryimage"},"thumbnailUrl":"https:\/\/algarve7.pt\/wp-content\/uploads\/2024\/05\/Joao-Ferreira.jpg","keywords":["Algarve","Desporto","Lagos"],"articleSection":["Desporto"],"inLanguage":"pt-PT"},{"@type":"WebPage","@id":"https:\/\/algarve7.pt\/index.php\/2024\/05\/emocao-ate-ao-final-na-baja-de-lagos\/desporto\/19\/57\/","url":"https:\/\/algarve7.pt\/index.php\/2024\/05\/emocao-ate-ao-final-na-baja-de-lagos\/desporto\/19\/57\/","name":"Emo\u00e7\u00e3o at\u00e9 ao final na Baja de Lagos - Algarve 7","isPartOf":{"@id":"https:\/\/algarve7.pt\/#website"},"primaryImageOfPage":{"@id":"https:\/\/algarve7.pt\/index.php\/2024\/05\/emocao-ate-ao-final-na-baja-de-lagos\/desporto\/19\/57\/#primaryimage"},"image":{"@id":"https:\/\/algarve7.pt\/index.php\/2024\/05\/emocao-ate-ao-final-na-baja-de-lagos\/desporto\/19\/57\/#primaryimage"},"thumbnailUrl":"https:\/\/algarve7.pt\/wp-content\/uploads\/2024\/05\/Joao-Ferreira.jpg","datePublished":"2024-05-19T18:57:01+00:00","dateModified":"2024-05-19T18:57:02+00:00","description":"Emo\u00e7\u00e3o at\u00e9 ao final na Baja de Lagos Desporto","breadcrumb":{"@id":"https:\/\/algarve7.pt\/index.php\/2024\/05\/emocao-ate-ao-final-na-baja-de-lagos\/desporto\/19\/57\/#breadcrumb"},"inLanguage":"pt-PT","potentialAction":[{"@type":"ReadAction","target":["https:\/\/algarve7.pt\/index.php\/2024\/05\/emocao-ate-ao-final-na-baja-de-lagos\/desporto\/19\/57\/"]}]},{"@type":"ImageObject","inLanguage":"pt-PT","@id":"https:\/\/algarve7.pt\/index.php\/2024\/05\/emocao-ate-ao-final-na-baja-de-lagos\/desporto\/19\/57\/#primaryimage","url":"https:\/\/algarve7.pt\/wp-content\/uploads\/2024\/05\/Joao-Ferreira.jpg","contentUrl":"https:\/\/algarve7.pt\/wp-content\/uploads\/2024\/05\/Joao-Ferreira.jpg","width":800,"height":470},{"@type":"BreadcrumbList","@id":"https:\/\/algarve7.pt\/index.php\/2024\/05\/emocao-ate-ao-final-na-baja-de-lagos\/desporto\/19\/57\/#breadcrumb","itemListElement":[{"@type":"ListItem","position":1,"name":"In\u00edcio","item":"https:\/\/algarve7.pt\/"},{"@type":"ListItem","position":2,"name":"Emo\u00e7\u00e3o at\u00e9 ao final na Baja de Lagos"}]},{"@type":"WebSite","@id":"https:\/\/algarve7.pt\/#website","url":"https:\/\/algarve7.pt\/","name":"Algarve 7","description":"Informa\u00e7\u00e3o sobre o Algarve","publisher":{"@id":"https:\/\/algarve7.pt\/#organization"},"potentialAction":[{"@type":"SearchAction","target":{"@type":"EntryPoint","urlTemplate":"https:\/\/algarve7.pt\/?s={search_term_string}"},"query-input":{"@type":"PropertyValueSpecification","valueRequired":true,"valueName":"search_term_string"}}],"inLanguage":"pt-PT"},{"@type":"Organization","@id":"https:\/\/algarve7.pt\/#organization","name":"Algarve 7","url":"https:\/\/algarve7.pt\/","logo":{"@type":"ImageObject","inLanguage":"pt-PT","@id":"https:\/\/algarve7.pt\/#\/schema\/logo\/image\/","url":"https:\/\/algarve7.pt\/wp-content\/uploads\/2020\/10\/Logo-8.jpg","contentUrl":"https:\/\/algarve7.pt\/wp-content\/uploads\/2020\/10\/Logo-8.jpg","width":1680,"height":1186,"caption":"Algarve 7"},"image":{"@id":"https:\/\/algarve7.pt\/#\/schema\/logo\/image\/"},"sameAs":["https:\/\/www.facebook.com\/algarve7","https:\/\/x.com\/Algarvesete","https:\/\/www.instagram.com\/jornalalgarve7\/","https:\/\/www.linkedin.com\/company\/algarve7","https:\/\/www.pinterest.pt\/geral0939\/_created\/"]},{"@type":"Person","@id":"https:\/\/algarve7.pt\/#\/schema\/person\/23fa70681308e7b319a3204bcea45e0c","name":"Algarve 7","sameAs":["https:\/\/algarve7.pt","https:\/\/www.facebook.com\/algarve7"],"url":"https:\/\/algarve7.pt\/index.php\/author\/geralalgarve7-pt\/"}]}},"jetpack_publicize_connections":[],"jetpack_featured_media_url":"https:\/\/algarve7.pt\/wp-content\/uploads\/2024\/05\/Joao-Ferreira.jpg","jetpack_shortlink":"https:\/\/wp.me\/pcezmW-a7f","jetpack_sharing_enabled":true,"_links":{"self":[{"href":"https:\/\/algarve7.pt\/index.php\/wp-json\/wp\/v2\/posts\/38889","targetHints":{"allow":["GET"]}}],"collection":[{"href":"https:\/\/algarve7.pt\/index.php\/wp-json\/wp\/v2\/posts"}],"about":[{"href":"https:\/\/algarve7.pt\/index.php\/wp-json\/wp\/v2\/types\/post"}],"author":[{"embeddable":true,"href":"https:\/\/algarve7.pt\/index.php\/wp-json\/wp\/v2\/users\/1"}],"replies":[{"embeddable":true,"href":"https:\/\/algarve7.pt\/index.php\/wp-json\/wp\/v2\/comments?post=38889"}],"version-history":[{"count":0,"href":"https:\/\/algarve7.pt\/index.php\/wp-json\/wp\/v2\/posts\/38889\/revisions"}],"wp:featuredmedia":[{"embeddable":true,"href":"https:\/\/algarve7.pt\/index.php\/wp-json\/wp\/v2\/media\/38890"}],"wp:attachment":[{"href":"https:\/\/algarve7.pt\/index.php\/wp-json\/wp\/v2\/media?parent=38889"}],"wp:term":[{"taxonomy":"category","embeddable":true,"href":"https:\/\/algarve7.pt\/index.php\/wp-json\/wp\/v2\/categories?post=38889"},{"taxonomy":"post_tag","embeddable":true,"href":"https:\/\/algarve7.pt\/index.php\/wp-json\/wp\/v2\/tags?post=38889"}],"curies":[{"name":"wp","href":"https:\/\/api.w.org\/{rel}","templated":true}]}}