{"id":38886,"date":"2024-05-20T09:30:00","date_gmt":"2024-05-20T08:30:00","guid":{"rendered":"https:\/\/algarve7.pt\/?p=38886"},"modified":"2024-05-19T16:07:34","modified_gmt":"2024-05-19T15:07:34","slug":"the-invisible-tuba-fecha-7-a-temporada-de-jazz-nas-adegas-nos-dias-24-e-25-de-maio","status":"publish","type":"post","link":"https:\/\/algarve7.pt\/index.php\/2024\/05\/the-invisible-tuba-fecha-7-a-temporada-de-jazz-nas-adegas-nos-dias-24-e-25-de-maio\/cultura\/09\/30\/","title":{"rendered":"The Invisible Tuba fecha 7.\u00aa temporada de jazz nas adegas nos dias 24 e 25 de maio"},"content":{"rendered":"\n<p>A Adega do Convento do Para\u00edso, na Quinta de Mata Mouros, ser\u00e1 a anfitri\u00e3 das duas \u00faltimas sess\u00f5es da 7\u00aa temporada de JAZZ NAS ADEGAS, nos dias 24 e 25 de maio, com a atua\u00e7\u00e3o de THE INVISIBLE TUBA, pelas 21h00 e 17h00, respetivamente.<\/p>\n\n\n\n<p>As sess\u00f5es ser\u00e3o marcadas pela sonoridade contagiante do swing e da dan\u00e7a, acompanhado pelos extraordin\u00e1rios Vinhos de Silves, do produtor Convento do Para\u00edso.<\/p>\n\n\n\n<p>Desfrute de um concerto com, Pedro Gens (Bateria); Guto Krainski (Contrabaixo); Simone Carugati (Banjo); Mattia Corda (Trompete); Ricardo Quintas (Clarinete) e Iris Ceulemans (Trombone), com o ritmo do Traditional Jazz Classics e Swing e Calypso, ao estilo de New Orleans.<\/p>\n\n\n\n<p>Os ingressos t\u00eam um custo associado de 20 euros (inclui, para al\u00e9m do concerto, prova de 3 vinhos do produtor, degusta\u00e7\u00e3o de 3 tapas de produtos locais, voucher de visita ao Castelo e Museu Municipal de Arqueologia e a oferta de uma garrafa de vinho), os bilhetes encontram-se \u00e0 venda na plataforma BOL em: <a href=\"https:\/\/www.bol.pt\/Projecto\/EntidadesAderentes\/5364-castelo_de_silves\" target=\"_blank\" rel=\"noreferrer noopener\">https:\/\/www.bol.pt\/Projecto\/EntidadesAderentes\/5364-castelo_de_silves<\/a> e nos seguintes locais: FNAC, Worten, El Corte Ingl\u00e9s, CTT Correios, Pousadas da Juventude, Quiosques Serveasy.<\/p>\n\n\n\n<p>O evento destina-se a maiores de 18 anos e conta com a parceria do Agrupamento de Escolas Silves Sul e da Associa\u00e7\u00e3o Barmen Algarve.<\/p>\n\n\n\n<p>Dinamizar culturalmente os locais onde se produzem os Vinhos de Silves, numa simbiose entre o vinho, o seu produtor e a m\u00fasica, levando o p\u00fablico a vivenciar um evento marcante e diferenciador, s\u00e3o os principais objetivos desta iniciativa promovida pelo Munic\u00edpio de Silves atrav\u00e9s deste conceito de reconhecido sucesso que marca a oferta cultural de qualidade na \u00e9poca baixa de procura tur\u00edstica pelo Algarve com regresso marcado para o quarto trimestre de 2024.<\/p>\n\n\n\n<p>O telefone 282 440 800 (ext. 2743) e o endere\u00e7o de correio eletr\u00f3nico turismo@cm-silves.pt s\u00e3o os contactos do sector de Turismo do Munic\u00edpio de Silves para o fornecimento de informa\u00e7\u00f5es adicionais sobre o evento.<\/p>\n","protected":false},"excerpt":{"rendered":"<p>A Adega do Convento do Para\u00edso, na Quinta de Mata Mouros, ser\u00e1 a anfitri\u00e3 das duas \u00faltimas sess\u00f5es da 7\u00aa<\/p>\n","protected":false},"author":1,"featured_media":38887,"comment_status":"closed","ping_status":"open","sticky":false,"template":"","format":"standard","meta":{"colormag_page_container_layout":"default_layout","colormag_page_sidebar_layout":"default_layout","_monsterinsights_skip_tracking":false,"_monsterinsights_sitenote_active":false,"_monsterinsights_sitenote_note":"","_monsterinsights_sitenote_category":0,"jetpack_post_was_ever_published":false,"_jetpack_newsletter_access":"","_jetpack_dont_email_post_to_subs":false,"_jetpack_newsletter_tier_id":0,"_jetpack_memberships_contains_paywalled_content":false,"_jetpack_memberships_contains_paid_content":false,"footnotes":"","jetpack_publicize_message":"","jetpack_publicize_feature_enabled":true,"jetpack_social_post_already_shared":false,"jetpack_social_options":{"image_generator_settings":{"template":"highway","default_image_id":0,"font":"","enabled":false},"version":2}},"categories":[14],"tags":[36,35,42],"class_list":["post-38886","post","type-post","status-publish","format-standard","has-post-thumbnail","hentry","category-cultura","tag-algarve","tag-cultura","tag-silves"],"yoast_head":"<!-- This site is optimized with the Yoast SEO plugin v27.4 - https:\/\/yoast.com\/product\/yoast-seo-wordpress\/ -->\n<title>The Invisible Tuba fecha 7.\u00aa temporada de jazz nas adegas nos dias 24 e 25 de maio - Algarve 7<\/title>\n<meta name=\"description\" content=\"The Invisible Tuba fecha 7.\u00aa temporada de jazz nas adegas nos dias 24 e 25 de maio Cultura\" \/>\n<meta name=\"robots\" content=\"index, follow, max-snippet:-1, max-image-preview:large, max-video-preview:-1\" \/>\n<link rel=\"canonical\" href=\"https:\/\/algarve7.pt\/index.php\/2024\/05\/the-invisible-tuba-fecha-7-a-temporada-de-jazz-nas-adegas-nos-dias-24-e-25-de-maio\/cultura\/09\/30\/\" \/>\n<meta property=\"og:locale\" content=\"pt_PT\" \/>\n<meta property=\"og:type\" content=\"article\" \/>\n<meta property=\"og:title\" content=\"The Invisible Tuba fecha 7.\u00aa temporada de jazz nas adegas nos dias 24 e 25 de maio - Algarve 7\" \/>\n<meta property=\"og:description\" content=\"The Invisible Tuba fecha 7.\u00aa temporada de jazz nas adegas nos dias 24 e 25 de maio Cultura\" \/>\n<meta property=\"og:url\" content=\"https:\/\/algarve7.pt\/index.php\/2024\/05\/the-invisible-tuba-fecha-7-a-temporada-de-jazz-nas-adegas-nos-dias-24-e-25-de-maio\/cultura\/09\/30\/\" \/>\n<meta property=\"og:site_name\" content=\"Algarve 7\" \/>\n<meta property=\"article:publisher\" content=\"https:\/\/www.facebook.com\/algarve7\" \/>\n<meta property=\"article:author\" content=\"https:\/\/www.facebook.com\/algarve7\" \/>\n<meta property=\"article:published_time\" content=\"2024-05-20T08:30:00+00:00\" \/>\n<meta property=\"og:image\" content=\"https:\/\/algarve7.pt\/wp-content\/uploads\/2024\/05\/Noticia_The-Invisible-Tuba.jpg\" \/>\n\t<meta property=\"og:image:width\" content=\"800\" \/>\n\t<meta property=\"og:image:height\" content=\"470\" \/>\n\t<meta property=\"og:image:type\" content=\"image\/jpeg\" \/>\n<meta name=\"author\" content=\"Algarve 7\" \/>\n<meta name=\"twitter:card\" content=\"summary_large_image\" \/>\n<meta name=\"twitter:creator\" content=\"@Algarvesete\" \/>\n<meta name=\"twitter:site\" content=\"@Algarvesete\" \/>\n<meta name=\"twitter:label1\" content=\"Escrito por\" \/>\n\t<meta name=\"twitter:data1\" content=\"Algarve 7\" \/>\n\t<meta name=\"twitter:label2\" content=\"Tempo estimado de leitura\" \/>\n\t<meta name=\"twitter:data2\" content=\"2 minutos\" \/>\n<script type=\"application\/ld+json\" class=\"yoast-schema-graph\">{\"@context\":\"https:\\\/\\\/schema.org\",\"@graph\":[{\"@type\":\"Article\",\"@id\":\"https:\\\/\\\/algarve7.pt\\\/index.php\\\/2024\\\/05\\\/the-invisible-tuba-fecha-7-a-temporada-de-jazz-nas-adegas-nos-dias-24-e-25-de-maio\\\/cultura\\\/09\\\/30\\\/#article\",\"isPartOf\":{\"@id\":\"https:\\\/\\\/algarve7.pt\\\/index.php\\\/2024\\\/05\\\/the-invisible-tuba-fecha-7-a-temporada-de-jazz-nas-adegas-nos-dias-24-e-25-de-maio\\\/cultura\\\/09\\\/30\\\/\"},\"author\":{\"name\":\"Algarve 7\",\"@id\":\"https:\\\/\\\/algarve7.pt\\\/#\\\/schema\\\/person\\\/23fa70681308e7b319a3204bcea45e0c\"},\"headline\":\"The Invisible Tuba fecha 7.\u00aa temporada de jazz nas adegas nos dias 24 e 25 de maio\",\"datePublished\":\"2024-05-20T08:30:00+00:00\",\"mainEntityOfPage\":{\"@id\":\"https:\\\/\\\/algarve7.pt\\\/index.php\\\/2024\\\/05\\\/the-invisible-tuba-fecha-7-a-temporada-de-jazz-nas-adegas-nos-dias-24-e-25-de-maio\\\/cultura\\\/09\\\/30\\\/\"},\"wordCount\":344,\"publisher\":{\"@id\":\"https:\\\/\\\/algarve7.pt\\\/#organization\"},\"image\":{\"@id\":\"https:\\\/\\\/algarve7.pt\\\/index.php\\\/2024\\\/05\\\/the-invisible-tuba-fecha-7-a-temporada-de-jazz-nas-adegas-nos-dias-24-e-25-de-maio\\\/cultura\\\/09\\\/30\\\/#primaryimage\"},\"thumbnailUrl\":\"https:\\\/\\\/algarve7.pt\\\/wp-content\\\/uploads\\\/2024\\\/05\\\/Noticia_The-Invisible-Tuba.jpg\",\"keywords\":[\"Algarve\",\"Cultura\",\"Silves\"],\"articleSection\":[\"Cultura\"],\"inLanguage\":\"pt-PT\"},{\"@type\":\"WebPage\",\"@id\":\"https:\\\/\\\/algarve7.pt\\\/index.php\\\/2024\\\/05\\\/the-invisible-tuba-fecha-7-a-temporada-de-jazz-nas-adegas-nos-dias-24-e-25-de-maio\\\/cultura\\\/09\\\/30\\\/\",\"url\":\"https:\\\/\\\/algarve7.pt\\\/index.php\\\/2024\\\/05\\\/the-invisible-tuba-fecha-7-a-temporada-de-jazz-nas-adegas-nos-dias-24-e-25-de-maio\\\/cultura\\\/09\\\/30\\\/\",\"name\":\"The Invisible Tuba fecha 7.\u00aa temporada de jazz nas adegas nos dias 24 e 25 de maio - Algarve 7\",\"isPartOf\":{\"@id\":\"https:\\\/\\\/algarve7.pt\\\/#website\"},\"primaryImageOfPage\":{\"@id\":\"https:\\\/\\\/algarve7.pt\\\/index.php\\\/2024\\\/05\\\/the-invisible-tuba-fecha-7-a-temporada-de-jazz-nas-adegas-nos-dias-24-e-25-de-maio\\\/cultura\\\/09\\\/30\\\/#primaryimage\"},\"image\":{\"@id\":\"https:\\\/\\\/algarve7.pt\\\/index.php\\\/2024\\\/05\\\/the-invisible-tuba-fecha-7-a-temporada-de-jazz-nas-adegas-nos-dias-24-e-25-de-maio\\\/cultura\\\/09\\\/30\\\/#primaryimage\"},\"thumbnailUrl\":\"https:\\\/\\\/algarve7.pt\\\/wp-content\\\/uploads\\\/2024\\\/05\\\/Noticia_The-Invisible-Tuba.jpg\",\"datePublished\":\"2024-05-20T08:30:00+00:00\",\"description\":\"The Invisible Tuba fecha 7.\u00aa temporada de jazz nas adegas nos dias 24 e 25 de maio Cultura\",\"breadcrumb\":{\"@id\":\"https:\\\/\\\/algarve7.pt\\\/index.php\\\/2024\\\/05\\\/the-invisible-tuba-fecha-7-a-temporada-de-jazz-nas-adegas-nos-dias-24-e-25-de-maio\\\/cultura\\\/09\\\/30\\\/#breadcrumb\"},\"inLanguage\":\"pt-PT\",\"potentialAction\":[{\"@type\":\"ReadAction\",\"target\":[\"https:\\\/\\\/algarve7.pt\\\/index.php\\\/2024\\\/05\\\/the-invisible-tuba-fecha-7-a-temporada-de-jazz-nas-adegas-nos-dias-24-e-25-de-maio\\\/cultura\\\/09\\\/30\\\/\"]}]},{\"@type\":\"ImageObject\",\"inLanguage\":\"pt-PT\",\"@id\":\"https:\\\/\\\/algarve7.pt\\\/index.php\\\/2024\\\/05\\\/the-invisible-tuba-fecha-7-a-temporada-de-jazz-nas-adegas-nos-dias-24-e-25-de-maio\\\/cultura\\\/09\\\/30\\\/#primaryimage\",\"url\":\"https:\\\/\\\/algarve7.pt\\\/wp-content\\\/uploads\\\/2024\\\/05\\\/Noticia_The-Invisible-Tuba.jpg\",\"contentUrl\":\"https:\\\/\\\/algarve7.pt\\\/wp-content\\\/uploads\\\/2024\\\/05\\\/Noticia_The-Invisible-Tuba.jpg\",\"width\":800,\"height\":470},{\"@type\":\"BreadcrumbList\",\"@id\":\"https:\\\/\\\/algarve7.pt\\\/index.php\\\/2024\\\/05\\\/the-invisible-tuba-fecha-7-a-temporada-de-jazz-nas-adegas-nos-dias-24-e-25-de-maio\\\/cultura\\\/09\\\/30\\\/#breadcrumb\",\"itemListElement\":[{\"@type\":\"ListItem\",\"position\":1,\"name\":\"In\u00edcio\",\"item\":\"https:\\\/\\\/algarve7.pt\\\/\"},{\"@type\":\"ListItem\",\"position\":2,\"name\":\"The Invisible Tuba fecha 7.\u00aa temporada de jazz nas adegas nos dias 24 e 25 de maio\"}]},{\"@type\":\"WebSite\",\"@id\":\"https:\\\/\\\/algarve7.pt\\\/#website\",\"url\":\"https:\\\/\\\/algarve7.pt\\\/\",\"name\":\"Algarve 7\",\"description\":\"Informa\u00e7\u00e3o sobre o Algarve\",\"publisher\":{\"@id\":\"https:\\\/\\\/algarve7.pt\\\/#organization\"},\"potentialAction\":[{\"@type\":\"SearchAction\",\"target\":{\"@type\":\"EntryPoint\",\"urlTemplate\":\"https:\\\/\\\/algarve7.pt\\\/?s={search_term_string}\"},\"query-input\":{\"@type\":\"PropertyValueSpecification\",\"valueRequired\":true,\"valueName\":\"search_term_string\"}}],\"inLanguage\":\"pt-PT\"},{\"@type\":\"Organization\",\"@id\":\"https:\\\/\\\/algarve7.pt\\\/#organization\",\"name\":\"Algarve 7\",\"url\":\"https:\\\/\\\/algarve7.pt\\\/\",\"logo\":{\"@type\":\"ImageObject\",\"inLanguage\":\"pt-PT\",\"@id\":\"https:\\\/\\\/algarve7.pt\\\/#\\\/schema\\\/logo\\\/image\\\/\",\"url\":\"https:\\\/\\\/algarve7.pt\\\/wp-content\\\/uploads\\\/2020\\\/10\\\/Logo-8.jpg\",\"contentUrl\":\"https:\\\/\\\/algarve7.pt\\\/wp-content\\\/uploads\\\/2020\\\/10\\\/Logo-8.jpg\",\"width\":1680,\"height\":1186,\"caption\":\"Algarve 7\"},\"image\":{\"@id\":\"https:\\\/\\\/algarve7.pt\\\/#\\\/schema\\\/logo\\\/image\\\/\"},\"sameAs\":[\"https:\\\/\\\/www.facebook.com\\\/algarve7\",\"https:\\\/\\\/x.com\\\/Algarvesete\",\"https:\\\/\\\/www.instagram.com\\\/jornalalgarve7\\\/\",\"https:\\\/\\\/www.linkedin.com\\\/company\\\/algarve7\",\"https:\\\/\\\/www.pinterest.pt\\\/geral0939\\\/_created\\\/\"]},{\"@type\":\"Person\",\"@id\":\"https:\\\/\\\/algarve7.pt\\\/#\\\/schema\\\/person\\\/23fa70681308e7b319a3204bcea45e0c\",\"name\":\"Algarve 7\",\"sameAs\":[\"https:\\\/\\\/algarve7.pt\",\"https:\\\/\\\/www.facebook.com\\\/algarve7\"],\"url\":\"https:\\\/\\\/algarve7.pt\\\/index.php\\\/author\\\/geralalgarve7-pt\\\/\"}]}<\/script>\n<!-- \/ Yoast SEO plugin. -->","yoast_head_json":{"title":"The Invisible Tuba fecha 7.\u00aa temporada de jazz nas adegas nos dias 24 e 25 de maio - Algarve 7","description":"The Invisible Tuba fecha 7.\u00aa temporada de jazz nas adegas nos dias 24 e 25 de maio Cultura","robots":{"index":"index","follow":"follow","max-snippet":"max-snippet:-1","max-image-preview":"max-image-preview:large","max-video-preview":"max-video-preview:-1"},"canonical":"https:\/\/algarve7.pt\/index.php\/2024\/05\/the-invisible-tuba-fecha-7-a-temporada-de-jazz-nas-adegas-nos-dias-24-e-25-de-maio\/cultura\/09\/30\/","og_locale":"pt_PT","og_type":"article","og_title":"The Invisible Tuba fecha 7.\u00aa temporada de jazz nas adegas nos dias 24 e 25 de maio - Algarve 7","og_description":"The Invisible Tuba fecha 7.\u00aa temporada de jazz nas adegas nos dias 24 e 25 de maio Cultura","og_url":"https:\/\/algarve7.pt\/index.php\/2024\/05\/the-invisible-tuba-fecha-7-a-temporada-de-jazz-nas-adegas-nos-dias-24-e-25-de-maio\/cultura\/09\/30\/","og_site_name":"Algarve 7","article_publisher":"https:\/\/www.facebook.com\/algarve7","article_author":"https:\/\/www.facebook.com\/algarve7","article_published_time":"2024-05-20T08:30:00+00:00","og_image":[{"width":800,"height":470,"url":"https:\/\/algarve7.pt\/wp-content\/uploads\/2024\/05\/Noticia_The-Invisible-Tuba.jpg","type":"image\/jpeg"}],"author":"Algarve 7","twitter_card":"summary_large_image","twitter_creator":"@Algarvesete","twitter_site":"@Algarvesete","twitter_misc":{"Escrito por":"Algarve 7","Tempo estimado de leitura":"2 minutos"},"schema":{"@context":"https:\/\/schema.org","@graph":[{"@type":"Article","@id":"https:\/\/algarve7.pt\/index.php\/2024\/05\/the-invisible-tuba-fecha-7-a-temporada-de-jazz-nas-adegas-nos-dias-24-e-25-de-maio\/cultura\/09\/30\/#article","isPartOf":{"@id":"https:\/\/algarve7.pt\/index.php\/2024\/05\/the-invisible-tuba-fecha-7-a-temporada-de-jazz-nas-adegas-nos-dias-24-e-25-de-maio\/cultura\/09\/30\/"},"author":{"name":"Algarve 7","@id":"https:\/\/algarve7.pt\/#\/schema\/person\/23fa70681308e7b319a3204bcea45e0c"},"headline":"The Invisible Tuba fecha 7.\u00aa temporada de jazz nas adegas nos dias 24 e 25 de maio","datePublished":"2024-05-20T08:30:00+00:00","mainEntityOfPage":{"@id":"https:\/\/algarve7.pt\/index.php\/2024\/05\/the-invisible-tuba-fecha-7-a-temporada-de-jazz-nas-adegas-nos-dias-24-e-25-de-maio\/cultura\/09\/30\/"},"wordCount":344,"publisher":{"@id":"https:\/\/algarve7.pt\/#organization"},"image":{"@id":"https:\/\/algarve7.pt\/index.php\/2024\/05\/the-invisible-tuba-fecha-7-a-temporada-de-jazz-nas-adegas-nos-dias-24-e-25-de-maio\/cultura\/09\/30\/#primaryimage"},"thumbnailUrl":"https:\/\/algarve7.pt\/wp-content\/uploads\/2024\/05\/Noticia_The-Invisible-Tuba.jpg","keywords":["Algarve","Cultura","Silves"],"articleSection":["Cultura"],"inLanguage":"pt-PT"},{"@type":"WebPage","@id":"https:\/\/algarve7.pt\/index.php\/2024\/05\/the-invisible-tuba-fecha-7-a-temporada-de-jazz-nas-adegas-nos-dias-24-e-25-de-maio\/cultura\/09\/30\/","url":"https:\/\/algarve7.pt\/index.php\/2024\/05\/the-invisible-tuba-fecha-7-a-temporada-de-jazz-nas-adegas-nos-dias-24-e-25-de-maio\/cultura\/09\/30\/","name":"The Invisible Tuba fecha 7.\u00aa temporada de jazz nas adegas nos dias 24 e 25 de maio - Algarve 7","isPartOf":{"@id":"https:\/\/algarve7.pt\/#website"},"primaryImageOfPage":{"@id":"https:\/\/algarve7.pt\/index.php\/2024\/05\/the-invisible-tuba-fecha-7-a-temporada-de-jazz-nas-adegas-nos-dias-24-e-25-de-maio\/cultura\/09\/30\/#primaryimage"},"image":{"@id":"https:\/\/algarve7.pt\/index.php\/2024\/05\/the-invisible-tuba-fecha-7-a-temporada-de-jazz-nas-adegas-nos-dias-24-e-25-de-maio\/cultura\/09\/30\/#primaryimage"},"thumbnailUrl":"https:\/\/algarve7.pt\/wp-content\/uploads\/2024\/05\/Noticia_The-Invisible-Tuba.jpg","datePublished":"2024-05-20T08:30:00+00:00","description":"The Invisible Tuba fecha 7.\u00aa temporada de jazz nas adegas nos dias 24 e 25 de maio Cultura","breadcrumb":{"@id":"https:\/\/algarve7.pt\/index.php\/2024\/05\/the-invisible-tuba-fecha-7-a-temporada-de-jazz-nas-adegas-nos-dias-24-e-25-de-maio\/cultura\/09\/30\/#breadcrumb"},"inLanguage":"pt-PT","potentialAction":[{"@type":"ReadAction","target":["https:\/\/algarve7.pt\/index.php\/2024\/05\/the-invisible-tuba-fecha-7-a-temporada-de-jazz-nas-adegas-nos-dias-24-e-25-de-maio\/cultura\/09\/30\/"]}]},{"@type":"ImageObject","inLanguage":"pt-PT","@id":"https:\/\/algarve7.pt\/index.php\/2024\/05\/the-invisible-tuba-fecha-7-a-temporada-de-jazz-nas-adegas-nos-dias-24-e-25-de-maio\/cultura\/09\/30\/#primaryimage","url":"https:\/\/algarve7.pt\/wp-content\/uploads\/2024\/05\/Noticia_The-Invisible-Tuba.jpg","contentUrl":"https:\/\/algarve7.pt\/wp-content\/uploads\/2024\/05\/Noticia_The-Invisible-Tuba.jpg","width":800,"height":470},{"@type":"BreadcrumbList","@id":"https:\/\/algarve7.pt\/index.php\/2024\/05\/the-invisible-tuba-fecha-7-a-temporada-de-jazz-nas-adegas-nos-dias-24-e-25-de-maio\/cultura\/09\/30\/#breadcrumb","itemListElement":[{"@type":"ListItem","position":1,"name":"In\u00edcio","item":"https:\/\/algarve7.pt\/"},{"@type":"ListItem","position":2,"name":"The Invisible Tuba fecha 7.\u00aa temporada de jazz nas adegas nos dias 24 e 25 de maio"}]},{"@type":"WebSite","@id":"https:\/\/algarve7.pt\/#website","url":"https:\/\/algarve7.pt\/","name":"Algarve 7","description":"Informa\u00e7\u00e3o sobre o Algarve","publisher":{"@id":"https:\/\/algarve7.pt\/#organization"},"potentialAction":[{"@type":"SearchAction","target":{"@type":"EntryPoint","urlTemplate":"https:\/\/algarve7.pt\/?s={search_term_string}"},"query-input":{"@type":"PropertyValueSpecification","valueRequired":true,"valueName":"search_term_string"}}],"inLanguage":"pt-PT"},{"@type":"Organization","@id":"https:\/\/algarve7.pt\/#organization","name":"Algarve 7","url":"https:\/\/algarve7.pt\/","logo":{"@type":"ImageObject","inLanguage":"pt-PT","@id":"https:\/\/algarve7.pt\/#\/schema\/logo\/image\/","url":"https:\/\/algarve7.pt\/wp-content\/uploads\/2020\/10\/Logo-8.jpg","contentUrl":"https:\/\/algarve7.pt\/wp-content\/uploads\/2020\/10\/Logo-8.jpg","width":1680,"height":1186,"caption":"Algarve 7"},"image":{"@id":"https:\/\/algarve7.pt\/#\/schema\/logo\/image\/"},"sameAs":["https:\/\/www.facebook.com\/algarve7","https:\/\/x.com\/Algarvesete","https:\/\/www.instagram.com\/jornalalgarve7\/","https:\/\/www.linkedin.com\/company\/algarve7","https:\/\/www.pinterest.pt\/geral0939\/_created\/"]},{"@type":"Person","@id":"https:\/\/algarve7.pt\/#\/schema\/person\/23fa70681308e7b319a3204bcea45e0c","name":"Algarve 7","sameAs":["https:\/\/algarve7.pt","https:\/\/www.facebook.com\/algarve7"],"url":"https:\/\/algarve7.pt\/index.php\/author\/geralalgarve7-pt\/"}]}},"jetpack_publicize_connections":[],"jetpack_featured_media_url":"https:\/\/algarve7.pt\/wp-content\/uploads\/2024\/05\/Noticia_The-Invisible-Tuba.jpg","jetpack_shortlink":"https:\/\/wp.me\/pcezmW-a7c","jetpack_sharing_enabled":true,"_links":{"self":[{"href":"https:\/\/algarve7.pt\/index.php\/wp-json\/wp\/v2\/posts\/38886","targetHints":{"allow":["GET"]}}],"collection":[{"href":"https:\/\/algarve7.pt\/index.php\/wp-json\/wp\/v2\/posts"}],"about":[{"href":"https:\/\/algarve7.pt\/index.php\/wp-json\/wp\/v2\/types\/post"}],"author":[{"embeddable":true,"href":"https:\/\/algarve7.pt\/index.php\/wp-json\/wp\/v2\/users\/1"}],"replies":[{"embeddable":true,"href":"https:\/\/algarve7.pt\/index.php\/wp-json\/wp\/v2\/comments?post=38886"}],"version-history":[{"count":0,"href":"https:\/\/algarve7.pt\/index.php\/wp-json\/wp\/v2\/posts\/38886\/revisions"}],"wp:featuredmedia":[{"embeddable":true,"href":"https:\/\/algarve7.pt\/index.php\/wp-json\/wp\/v2\/media\/38887"}],"wp:attachment":[{"href":"https:\/\/algarve7.pt\/index.php\/wp-json\/wp\/v2\/media?parent=38886"}],"wp:term":[{"taxonomy":"category","embeddable":true,"href":"https:\/\/algarve7.pt\/index.php\/wp-json\/wp\/v2\/categories?post=38886"},{"taxonomy":"post_tag","embeddable":true,"href":"https:\/\/algarve7.pt\/index.php\/wp-json\/wp\/v2\/tags?post=38886"}],"curies":[{"name":"wp","href":"https:\/\/api.w.org\/{rel}","templated":true}]}}