{"id":3858,"date":"2020-11-18T17:15:37","date_gmt":"2020-11-18T17:15:37","guid":{"rendered":"https:\/\/algarve7.pt\/?p=3858"},"modified":"2020-11-18T16:52:50","modified_gmt":"2020-11-18T16:52:50","slug":"lagos-promove-compras-natalicias-no-comercio-local","status":"publish","type":"post","link":"https:\/\/algarve7.pt\/index.php\/2020\/11\/lagos-promove-compras-natalicias-no-comercio-local\/atualidade\/17\/15\/","title":{"rendered":"Lagos promove compras natal\u00edcias no com\u00e9rcio local"},"content":{"rendered":"\n<p>Tendo como objetivo a dinamiza\u00e7\u00e3o do com\u00e9rcio tradicional do concelho de Lagos em pleno per\u00edodo de restri\u00e7\u00f5es devido \u00e0 pandemia, o munic\u00edpio de Lagos ir\u00e1 promover a iniciativa \u201cNatal no com\u00e9rcio local\u201d. Numa parceria com a ACRAL, a a\u00e7\u00e3o visa premiar os clientes de estabelecimentos aderentes com 50 vales no valor de 100 \u20ac para serem descontados no com\u00e9rcio lacobrigense, sendo que para se habilitar basta fazer uma compra no valor igual ou superior a 10 \u20ac nessas lojas.<\/p>\n\n\n\n<p>Consciente dos efeitos negativos da crise pand\u00e9mica na economia local, mas tamb\u00e9m para encher o concelho com esperan\u00e7a e os valores do Natal, esta colabora\u00e7\u00e3o entre autarquia, comerciantes e comunidade vem fomentar a promo\u00e7\u00e3o do com\u00e9rcio tradicional do concelho de Lagos, permitindo tamb\u00e9m a sustentabilidade econ\u00f3mica desses estabelecimentos.<\/p>\n\n\n\n<p>Assim, integrada na campanha \u201cNatal em Lagos\u201d, a iniciativa \u201cNatal no com\u00e9rcio local\u201d decorrer\u00e1 entre 1 de dezembro e 5 de janeiro nos estabelecimentos comerciais de Lagos aderentes ao \u201cConcurso de Montras de Natal\u201d, identificados com um d\u00edstico nas suas montras. Por cada compra no valor igual ou superior a 10 \u20ac, o cliente tem direito a um cup\u00e3o de participa\u00e7\u00e3o at\u00e9 um m\u00e1ximo de 15 por fatura. Depois de preencher os cup\u00f5es, o cliente deve deposit\u00e1-los na tombola localizada no Posto de Informa\u00e7\u00e3o Tur\u00edstica de Lagos (Pra\u00e7a Gil Eanes), sendo que o sorteio ser\u00e1 efetuado a 6 de janeiro. Ser\u00e3o entregues 50 pr\u00e9mios no valor de 100 \u20ac cada que poder\u00e3o ser descontados exclusivamente nas lojas aderentes \u00e0 iniciativa.<\/p>\n\n\n\n<p>Para incentivar \u00e0s compras no com\u00e9rcio local, com toda a comodidade e seguran\u00e7a, o munic\u00edpio ir\u00e1 tamb\u00e9m garantir estacionamento gratuito no Parque da Frente Ribeirinha, durante 3 horas, entre 1 de dezembro e 1 de janeiro de 2021, mediante apresenta\u00e7\u00e3o de tal\u00e3o de compras superior a 10 \u20ac. J\u00e1 nas ZED \u2013 Zonas de Estacionamento de Dura\u00e7\u00e3o Limitada, o estacionamento ser\u00e1 gratuito durante o mesmo per\u00edodo.<\/p>\n\n\n\n<p>Esta iniciativa far\u00e1 parte da programa\u00e7\u00e3o \u201cNatal em Lagos 2020\u201d, adaptada \u00e0s normas de sa\u00fade e seguran\u00e7a em vigor, que incluir\u00e1 o j\u00e1 referido Concurso de Montras, espet\u00e1culos no Centro Cultural de Lagos, sess\u00f5es de cinema, a emblem\u00e1tica Natal\u00e2ndia do Zoo de Lagos e a ilumina\u00e7\u00e3o e decora\u00e7\u00e3o natal\u00edcias nas ruas do concelho.<\/p>\n\n\n\n<p>Apoie o nosso com\u00e9rcio local. Celebre a magia do Natal com Lagos.<\/p>\n\n\n\n<p>Consulte as normas de participa\u00e7\u00e3o no \u201cNatal no com\u00e9rcio local\u201d&nbsp;<a href=\"https:\/\/www.cm-lagos.pt\/municipio\/noticias\/download\/15495\/8438\/104\" target=\"_blank\" rel=\"noreferrer noopener\">aqui<\/a>.<\/p>\n","protected":false},"excerpt":{"rendered":"<p>Tendo como objetivo a dinamiza\u00e7\u00e3o do com\u00e9rcio tradicional do concelho de Lagos em pleno per\u00edodo de restri\u00e7\u00f5es devido \u00e0 pandemia,<\/p>\n","protected":false},"author":1,"featured_media":3861,"comment_status":"closed","ping_status":"open","sticky":false,"template":"","format":"standard","meta":{"colormag_page_container_layout":"default_layout","colormag_page_sidebar_layout":"default_layout","_monsterinsights_skip_tracking":false,"_monsterinsights_sitenote_active":false,"_monsterinsights_sitenote_note":"","_monsterinsights_sitenote_category":0,"jetpack_post_was_ever_published":false,"_jetpack_newsletter_access":"","_jetpack_dont_email_post_to_subs":false,"_jetpack_newsletter_tier_id":0,"_jetpack_memberships_contains_paywalled_content":false,"_jetpack_memberships_contains_paid_content":false,"footnotes":"","jetpack_publicize_message":"","jetpack_publicize_feature_enabled":true,"jetpack_social_post_already_shared":true,"jetpack_social_options":{"image_generator_settings":{"template":"highway","default_image_id":0,"font":"","enabled":false},"version":2}},"categories":[11],"tags":[36,62,68,237],"class_list":["post-3858","post","type-post","status-publish","format-standard","has-post-thumbnail","hentry","category-atualidade","tag-algarve","tag-atualidade","tag-lagos","tag-natal"],"yoast_head":"<!-- This site is optimized with the Yoast SEO plugin v27.5 - https:\/\/yoast.com\/product\/yoast-seo-wordpress\/ -->\n<title>Lagos promove compras natal\u00edcias no com\u00e9rcio local - Algarve 7<\/title>\n<meta name=\"description\" content=\"Lagos promove compras natal\u00edcias no com\u00e9rcio local Atualidade\" \/>\n<meta name=\"robots\" content=\"index, follow, max-snippet:-1, max-image-preview:large, max-video-preview:-1\" \/>\n<link rel=\"canonical\" href=\"https:\/\/algarve7.pt\/index.php\/2020\/11\/lagos-promove-compras-natalicias-no-comercio-local\/atualidade\/17\/15\/\" \/>\n<meta property=\"og:locale\" content=\"pt_PT\" \/>\n<meta property=\"og:type\" content=\"article\" \/>\n<meta property=\"og:title\" content=\"Lagos promove compras natal\u00edcias no com\u00e9rcio local - Algarve 7\" \/>\n<meta property=\"og:description\" content=\"Lagos promove compras natal\u00edcias no com\u00e9rcio local Atualidade\" \/>\n<meta property=\"og:url\" content=\"https:\/\/algarve7.pt\/index.php\/2020\/11\/lagos-promove-compras-natalicias-no-comercio-local\/atualidade\/17\/15\/\" \/>\n<meta property=\"og:site_name\" content=\"Algarve 7\" \/>\n<meta property=\"article:publisher\" content=\"https:\/\/www.facebook.com\/algarve7\" \/>\n<meta property=\"article:author\" content=\"https:\/\/www.facebook.com\/algarve7\" \/>\n<meta property=\"article:published_time\" content=\"2020-11-18T17:15:37+00:00\" \/>\n<meta property=\"og:image\" content=\"https:\/\/algarve7.pt\/wp-content\/uploads\/2020\/11\/NatalEmLagos.jpg\" \/>\n\t<meta property=\"og:image:width\" content=\"1201\" \/>\n\t<meta property=\"og:image:height\" content=\"801\" \/>\n\t<meta property=\"og:image:type\" content=\"image\/jpeg\" \/>\n<meta name=\"author\" content=\"Algarve 7\" \/>\n<meta name=\"twitter:card\" content=\"summary_large_image\" \/>\n<meta name=\"twitter:creator\" content=\"@Algarvesete\" \/>\n<meta name=\"twitter:site\" content=\"@Algarvesete\" \/>\n<meta name=\"twitter:label1\" content=\"Escrito por\" \/>\n\t<meta name=\"twitter:data1\" content=\"Algarve 7\" \/>\n\t<meta name=\"twitter:label2\" content=\"Tempo estimado de leitura\" \/>\n\t<meta name=\"twitter:data2\" content=\"2 minutos\" \/>\n<script type=\"application\/ld+json\" class=\"yoast-schema-graph\">{\"@context\":\"https:\\\/\\\/schema.org\",\"@graph\":[{\"@type\":\"Article\",\"@id\":\"https:\\\/\\\/algarve7.pt\\\/index.php\\\/2020\\\/11\\\/lagos-promove-compras-natalicias-no-comercio-local\\\/atualidade\\\/17\\\/15\\\/#article\",\"isPartOf\":{\"@id\":\"https:\\\/\\\/algarve7.pt\\\/index.php\\\/2020\\\/11\\\/lagos-promove-compras-natalicias-no-comercio-local\\\/atualidade\\\/17\\\/15\\\/\"},\"author\":{\"name\":\"Algarve 7\",\"@id\":\"https:\\\/\\\/algarve7.pt\\\/#\\\/schema\\\/person\\\/23fa70681308e7b319a3204bcea45e0c\"},\"headline\":\"Lagos promove compras natal\u00edcias no com\u00e9rcio local\",\"datePublished\":\"2020-11-18T17:15:37+00:00\",\"mainEntityOfPage\":{\"@id\":\"https:\\\/\\\/algarve7.pt\\\/index.php\\\/2020\\\/11\\\/lagos-promove-compras-natalicias-no-comercio-local\\\/atualidade\\\/17\\\/15\\\/\"},\"wordCount\":425,\"publisher\":{\"@id\":\"https:\\\/\\\/algarve7.pt\\\/#organization\"},\"image\":{\"@id\":\"https:\\\/\\\/algarve7.pt\\\/index.php\\\/2020\\\/11\\\/lagos-promove-compras-natalicias-no-comercio-local\\\/atualidade\\\/17\\\/15\\\/#primaryimage\"},\"thumbnailUrl\":\"https:\\\/\\\/algarve7.pt\\\/wp-content\\\/uploads\\\/2020\\\/11\\\/NatalEmLagos.jpg\",\"keywords\":[\"Algarve\",\"Atualidade\",\"Lagos\",\"Natal\"],\"articleSection\":[\"Atualidade\"],\"inLanguage\":\"pt-PT\"},{\"@type\":\"WebPage\",\"@id\":\"https:\\\/\\\/algarve7.pt\\\/index.php\\\/2020\\\/11\\\/lagos-promove-compras-natalicias-no-comercio-local\\\/atualidade\\\/17\\\/15\\\/\",\"url\":\"https:\\\/\\\/algarve7.pt\\\/index.php\\\/2020\\\/11\\\/lagos-promove-compras-natalicias-no-comercio-local\\\/atualidade\\\/17\\\/15\\\/\",\"name\":\"Lagos promove compras natal\u00edcias no com\u00e9rcio local - Algarve 7\",\"isPartOf\":{\"@id\":\"https:\\\/\\\/algarve7.pt\\\/#website\"},\"primaryImageOfPage\":{\"@id\":\"https:\\\/\\\/algarve7.pt\\\/index.php\\\/2020\\\/11\\\/lagos-promove-compras-natalicias-no-comercio-local\\\/atualidade\\\/17\\\/15\\\/#primaryimage\"},\"image\":{\"@id\":\"https:\\\/\\\/algarve7.pt\\\/index.php\\\/2020\\\/11\\\/lagos-promove-compras-natalicias-no-comercio-local\\\/atualidade\\\/17\\\/15\\\/#primaryimage\"},\"thumbnailUrl\":\"https:\\\/\\\/algarve7.pt\\\/wp-content\\\/uploads\\\/2020\\\/11\\\/NatalEmLagos.jpg\",\"datePublished\":\"2020-11-18T17:15:37+00:00\",\"description\":\"Lagos promove compras natal\u00edcias no com\u00e9rcio local Atualidade\",\"breadcrumb\":{\"@id\":\"https:\\\/\\\/algarve7.pt\\\/index.php\\\/2020\\\/11\\\/lagos-promove-compras-natalicias-no-comercio-local\\\/atualidade\\\/17\\\/15\\\/#breadcrumb\"},\"inLanguage\":\"pt-PT\",\"potentialAction\":[{\"@type\":\"ReadAction\",\"target\":[\"https:\\\/\\\/algarve7.pt\\\/index.php\\\/2020\\\/11\\\/lagos-promove-compras-natalicias-no-comercio-local\\\/atualidade\\\/17\\\/15\\\/\"]}]},{\"@type\":\"ImageObject\",\"inLanguage\":\"pt-PT\",\"@id\":\"https:\\\/\\\/algarve7.pt\\\/index.php\\\/2020\\\/11\\\/lagos-promove-compras-natalicias-no-comercio-local\\\/atualidade\\\/17\\\/15\\\/#primaryimage\",\"url\":\"https:\\\/\\\/algarve7.pt\\\/wp-content\\\/uploads\\\/2020\\\/11\\\/NatalEmLagos.jpg\",\"contentUrl\":\"https:\\\/\\\/algarve7.pt\\\/wp-content\\\/uploads\\\/2020\\\/11\\\/NatalEmLagos.jpg\",\"width\":1201,\"height\":801},{\"@type\":\"BreadcrumbList\",\"@id\":\"https:\\\/\\\/algarve7.pt\\\/index.php\\\/2020\\\/11\\\/lagos-promove-compras-natalicias-no-comercio-local\\\/atualidade\\\/17\\\/15\\\/#breadcrumb\",\"itemListElement\":[{\"@type\":\"ListItem\",\"position\":1,\"name\":\"In\u00edcio\",\"item\":\"https:\\\/\\\/algarve7.pt\\\/\"},{\"@type\":\"ListItem\",\"position\":2,\"name\":\"Lagos promove compras natal\u00edcias no com\u00e9rcio local\"}]},{\"@type\":\"WebSite\",\"@id\":\"https:\\\/\\\/algarve7.pt\\\/#website\",\"url\":\"https:\\\/\\\/algarve7.pt\\\/\",\"name\":\"Algarve 7\",\"description\":\"Informa\u00e7\u00e3o sobre o Algarve\",\"publisher\":{\"@id\":\"https:\\\/\\\/algarve7.pt\\\/#organization\"},\"potentialAction\":[{\"@type\":\"SearchAction\",\"target\":{\"@type\":\"EntryPoint\",\"urlTemplate\":\"https:\\\/\\\/algarve7.pt\\\/?s={search_term_string}\"},\"query-input\":{\"@type\":\"PropertyValueSpecification\",\"valueRequired\":true,\"valueName\":\"search_term_string\"}}],\"inLanguage\":\"pt-PT\"},{\"@type\":\"Organization\",\"@id\":\"https:\\\/\\\/algarve7.pt\\\/#organization\",\"name\":\"Algarve 7\",\"url\":\"https:\\\/\\\/algarve7.pt\\\/\",\"logo\":{\"@type\":\"ImageObject\",\"inLanguage\":\"pt-PT\",\"@id\":\"https:\\\/\\\/algarve7.pt\\\/#\\\/schema\\\/logo\\\/image\\\/\",\"url\":\"https:\\\/\\\/algarve7.pt\\\/wp-content\\\/uploads\\\/2020\\\/10\\\/Logo-8.jpg\",\"contentUrl\":\"https:\\\/\\\/algarve7.pt\\\/wp-content\\\/uploads\\\/2020\\\/10\\\/Logo-8.jpg\",\"width\":1680,\"height\":1186,\"caption\":\"Algarve 7\"},\"image\":{\"@id\":\"https:\\\/\\\/algarve7.pt\\\/#\\\/schema\\\/logo\\\/image\\\/\"},\"sameAs\":[\"https:\\\/\\\/www.facebook.com\\\/algarve7\",\"https:\\\/\\\/x.com\\\/Algarvesete\",\"https:\\\/\\\/www.instagram.com\\\/jornalalgarve7\\\/\",\"https:\\\/\\\/www.linkedin.com\\\/company\\\/algarve7\",\"https:\\\/\\\/www.pinterest.pt\\\/geral0939\\\/_created\\\/\"]},{\"@type\":\"Person\",\"@id\":\"https:\\\/\\\/algarve7.pt\\\/#\\\/schema\\\/person\\\/23fa70681308e7b319a3204bcea45e0c\",\"name\":\"Algarve 7\",\"sameAs\":[\"https:\\\/\\\/algarve7.pt\",\"https:\\\/\\\/www.facebook.com\\\/algarve7\"],\"url\":\"https:\\\/\\\/algarve7.pt\\\/index.php\\\/author\\\/geralalgarve7-pt\\\/\"}]}<\/script>\n<!-- \/ Yoast SEO plugin. -->","yoast_head_json":{"title":"Lagos promove compras natal\u00edcias no com\u00e9rcio local - Algarve 7","description":"Lagos promove compras natal\u00edcias no com\u00e9rcio local Atualidade","robots":{"index":"index","follow":"follow","max-snippet":"max-snippet:-1","max-image-preview":"max-image-preview:large","max-video-preview":"max-video-preview:-1"},"canonical":"https:\/\/algarve7.pt\/index.php\/2020\/11\/lagos-promove-compras-natalicias-no-comercio-local\/atualidade\/17\/15\/","og_locale":"pt_PT","og_type":"article","og_title":"Lagos promove compras natal\u00edcias no com\u00e9rcio local - Algarve 7","og_description":"Lagos promove compras natal\u00edcias no com\u00e9rcio local Atualidade","og_url":"https:\/\/algarve7.pt\/index.php\/2020\/11\/lagos-promove-compras-natalicias-no-comercio-local\/atualidade\/17\/15\/","og_site_name":"Algarve 7","article_publisher":"https:\/\/www.facebook.com\/algarve7","article_author":"https:\/\/www.facebook.com\/algarve7","article_published_time":"2020-11-18T17:15:37+00:00","og_image":[{"width":1201,"height":801,"url":"https:\/\/algarve7.pt\/wp-content\/uploads\/2020\/11\/NatalEmLagos.jpg","type":"image\/jpeg"}],"author":"Algarve 7","twitter_card":"summary_large_image","twitter_creator":"@Algarvesete","twitter_site":"@Algarvesete","twitter_misc":{"Escrito por":"Algarve 7","Tempo estimado de leitura":"2 minutos"},"schema":{"@context":"https:\/\/schema.org","@graph":[{"@type":"Article","@id":"https:\/\/algarve7.pt\/index.php\/2020\/11\/lagos-promove-compras-natalicias-no-comercio-local\/atualidade\/17\/15\/#article","isPartOf":{"@id":"https:\/\/algarve7.pt\/index.php\/2020\/11\/lagos-promove-compras-natalicias-no-comercio-local\/atualidade\/17\/15\/"},"author":{"name":"Algarve 7","@id":"https:\/\/algarve7.pt\/#\/schema\/person\/23fa70681308e7b319a3204bcea45e0c"},"headline":"Lagos promove compras natal\u00edcias no com\u00e9rcio local","datePublished":"2020-11-18T17:15:37+00:00","mainEntityOfPage":{"@id":"https:\/\/algarve7.pt\/index.php\/2020\/11\/lagos-promove-compras-natalicias-no-comercio-local\/atualidade\/17\/15\/"},"wordCount":425,"publisher":{"@id":"https:\/\/algarve7.pt\/#organization"},"image":{"@id":"https:\/\/algarve7.pt\/index.php\/2020\/11\/lagos-promove-compras-natalicias-no-comercio-local\/atualidade\/17\/15\/#primaryimage"},"thumbnailUrl":"https:\/\/algarve7.pt\/wp-content\/uploads\/2020\/11\/NatalEmLagos.jpg","keywords":["Algarve","Atualidade","Lagos","Natal"],"articleSection":["Atualidade"],"inLanguage":"pt-PT"},{"@type":"WebPage","@id":"https:\/\/algarve7.pt\/index.php\/2020\/11\/lagos-promove-compras-natalicias-no-comercio-local\/atualidade\/17\/15\/","url":"https:\/\/algarve7.pt\/index.php\/2020\/11\/lagos-promove-compras-natalicias-no-comercio-local\/atualidade\/17\/15\/","name":"Lagos promove compras natal\u00edcias no com\u00e9rcio local - Algarve 7","isPartOf":{"@id":"https:\/\/algarve7.pt\/#website"},"primaryImageOfPage":{"@id":"https:\/\/algarve7.pt\/index.php\/2020\/11\/lagos-promove-compras-natalicias-no-comercio-local\/atualidade\/17\/15\/#primaryimage"},"image":{"@id":"https:\/\/algarve7.pt\/index.php\/2020\/11\/lagos-promove-compras-natalicias-no-comercio-local\/atualidade\/17\/15\/#primaryimage"},"thumbnailUrl":"https:\/\/algarve7.pt\/wp-content\/uploads\/2020\/11\/NatalEmLagos.jpg","datePublished":"2020-11-18T17:15:37+00:00","description":"Lagos promove compras natal\u00edcias no com\u00e9rcio local Atualidade","breadcrumb":{"@id":"https:\/\/algarve7.pt\/index.php\/2020\/11\/lagos-promove-compras-natalicias-no-comercio-local\/atualidade\/17\/15\/#breadcrumb"},"inLanguage":"pt-PT","potentialAction":[{"@type":"ReadAction","target":["https:\/\/algarve7.pt\/index.php\/2020\/11\/lagos-promove-compras-natalicias-no-comercio-local\/atualidade\/17\/15\/"]}]},{"@type":"ImageObject","inLanguage":"pt-PT","@id":"https:\/\/algarve7.pt\/index.php\/2020\/11\/lagos-promove-compras-natalicias-no-comercio-local\/atualidade\/17\/15\/#primaryimage","url":"https:\/\/algarve7.pt\/wp-content\/uploads\/2020\/11\/NatalEmLagos.jpg","contentUrl":"https:\/\/algarve7.pt\/wp-content\/uploads\/2020\/11\/NatalEmLagos.jpg","width":1201,"height":801},{"@type":"BreadcrumbList","@id":"https:\/\/algarve7.pt\/index.php\/2020\/11\/lagos-promove-compras-natalicias-no-comercio-local\/atualidade\/17\/15\/#breadcrumb","itemListElement":[{"@type":"ListItem","position":1,"name":"In\u00edcio","item":"https:\/\/algarve7.pt\/"},{"@type":"ListItem","position":2,"name":"Lagos promove compras natal\u00edcias no com\u00e9rcio local"}]},{"@type":"WebSite","@id":"https:\/\/algarve7.pt\/#website","url":"https:\/\/algarve7.pt\/","name":"Algarve 7","description":"Informa\u00e7\u00e3o sobre o Algarve","publisher":{"@id":"https:\/\/algarve7.pt\/#organization"},"potentialAction":[{"@type":"SearchAction","target":{"@type":"EntryPoint","urlTemplate":"https:\/\/algarve7.pt\/?s={search_term_string}"},"query-input":{"@type":"PropertyValueSpecification","valueRequired":true,"valueName":"search_term_string"}}],"inLanguage":"pt-PT"},{"@type":"Organization","@id":"https:\/\/algarve7.pt\/#organization","name":"Algarve 7","url":"https:\/\/algarve7.pt\/","logo":{"@type":"ImageObject","inLanguage":"pt-PT","@id":"https:\/\/algarve7.pt\/#\/schema\/logo\/image\/","url":"https:\/\/algarve7.pt\/wp-content\/uploads\/2020\/10\/Logo-8.jpg","contentUrl":"https:\/\/algarve7.pt\/wp-content\/uploads\/2020\/10\/Logo-8.jpg","width":1680,"height":1186,"caption":"Algarve 7"},"image":{"@id":"https:\/\/algarve7.pt\/#\/schema\/logo\/image\/"},"sameAs":["https:\/\/www.facebook.com\/algarve7","https:\/\/x.com\/Algarvesete","https:\/\/www.instagram.com\/jornalalgarve7\/","https:\/\/www.linkedin.com\/company\/algarve7","https:\/\/www.pinterest.pt\/geral0939\/_created\/"]},{"@type":"Person","@id":"https:\/\/algarve7.pt\/#\/schema\/person\/23fa70681308e7b319a3204bcea45e0c","name":"Algarve 7","sameAs":["https:\/\/algarve7.pt","https:\/\/www.facebook.com\/algarve7"],"url":"https:\/\/algarve7.pt\/index.php\/author\/geralalgarve7-pt\/"}]}},"jetpack_publicize_connections":[],"jetpack_featured_media_url":"https:\/\/algarve7.pt\/wp-content\/uploads\/2020\/11\/NatalEmLagos.jpg","jetpack_shortlink":"https:\/\/wp.me\/pcezmW-10e","jetpack_sharing_enabled":true,"_links":{"self":[{"href":"https:\/\/algarve7.pt\/index.php\/wp-json\/wp\/v2\/posts\/3858","targetHints":{"allow":["GET"]}}],"collection":[{"href":"https:\/\/algarve7.pt\/index.php\/wp-json\/wp\/v2\/posts"}],"about":[{"href":"https:\/\/algarve7.pt\/index.php\/wp-json\/wp\/v2\/types\/post"}],"author":[{"embeddable":true,"href":"https:\/\/algarve7.pt\/index.php\/wp-json\/wp\/v2\/users\/1"}],"replies":[{"embeddable":true,"href":"https:\/\/algarve7.pt\/index.php\/wp-json\/wp\/v2\/comments?post=3858"}],"version-history":[{"count":0,"href":"https:\/\/algarve7.pt\/index.php\/wp-json\/wp\/v2\/posts\/3858\/revisions"}],"wp:featuredmedia":[{"embeddable":true,"href":"https:\/\/algarve7.pt\/index.php\/wp-json\/wp\/v2\/media\/3861"}],"wp:attachment":[{"href":"https:\/\/algarve7.pt\/index.php\/wp-json\/wp\/v2\/media?parent=3858"}],"wp:term":[{"taxonomy":"category","embeddable":true,"href":"https:\/\/algarve7.pt\/index.php\/wp-json\/wp\/v2\/categories?post=3858"},{"taxonomy":"post_tag","embeddable":true,"href":"https:\/\/algarve7.pt\/index.php\/wp-json\/wp\/v2\/tags?post=3858"}],"curies":[{"name":"wp","href":"https:\/\/api.w.org\/{rel}","templated":true}]}}