{"id":3843,"date":"2020-11-18T15:22:32","date_gmt":"2020-11-18T15:22:32","guid":{"rendered":"https:\/\/algarve7.pt\/?p=3843"},"modified":"2020-11-18T15:22:33","modified_gmt":"2020-11-18T15:22:33","slug":"sociedade-da-agua-de-monchique-sam-reforca-os-seus-quadros-com-25-novos-colaboradores","status":"publish","type":"post","link":"https:\/\/algarve7.pt\/index.php\/2020\/11\/sociedade-da-agua-de-monchique-sam-reforca-os-seus-quadros-com-25-novos-colaboradores\/atualidade\/15\/22\/","title":{"rendered":"Sociedade da \u00c1gua de Monchique (SAM) refor\u00e7a os seus quadros com 25 novos colaboradores"},"content":{"rendered":"\n<p>Num ano especialmente at\u00edpico, a Sociedade da \u00c1gua de Monchique (SAM) refor\u00e7a\u00a0o seu quadro de colaboradores com a contrata\u00e7\u00e3o de mais 25 pessoas. A empresa prev\u00ea entrar em 2021 com 65 funcion\u00e1rios.\u00a0<\/p>\n\n\n\n<p>Em claro contraciclo com o que tem sido o desempenho de muitas empresas em Portugal, a \u00c1gua Monchique, que tinha anunciado no in\u00edcio de 2020 a contrata\u00e7\u00e3o de 10 colaboradores at\u00e9 ao final do ano, viu-se \u201cfor\u00e7ada\u201d a rever estes n\u00fameros em alta tendo em conta os resultados alcan\u00e7ados e a necessidade de refor\u00e7ar a sua capacidade de produ\u00e7\u00e3o, fruto do aumento da procura.&nbsp;<\/p>\n\n\n\n<p>V\u00edtor Hugo Gon\u00e7alves, CEO da Sociedade da \u00c1gua de Monchique, destaca \u201co esfor\u00e7o incr\u00edvel que todos os colaboradores t\u00eam feito no meio de toda esta crise pand\u00e9mica para n\u00e3o deixarem de abastecer o mercado e os portugueses com a nossa \u00c1gua Monchique. Continuamos neste momento a refor\u00e7ar as nossas equipas com o recrutamento de mais 6 pessoas a juntar a um grupo de mais 19 que temos vindo a contratar ao longo do ano para refor\u00e7armos a nossa capacidade de resposta ao aumento das solicita\u00e7\u00f5es do mercado. Iniciamos 2020 com 40 colaboradores. Em dezembro seremos 65\u201d, refere.&nbsp;&nbsp;<\/p>\n\n\n\n<p>De recordar que a Sociedade da \u00c1gua de Monchique anunciou em fevereiro de 2020 um investimento de cerca de 8.5M\u20ac que lhe permitiria duplicar a capacidade de engarrafamento da produ\u00e7\u00e3o e, assim, poder disputar a lideran\u00e7a do mercado das \u00e1guas minerais em Portugal.&nbsp;<\/p>\n\n\n\n<p>Este investimento materializou-se na instala\u00e7\u00e3o de novas linhas de engarrafamento na f\u00e1brica, que permitiu duplicar a capacidade de engarrafamento, passando dos 70 milh\u00f5es de litros\/ano para 140 milh\u00f5es de litros\/ano.<\/p>\n\n\n\n<p>De destacar que a maioria dos colaboradores da Sociedade da Agua de Monchique s\u00e3o de Monchique ou de concelhos pr\u00f3ximos. \u201c90% da nossa for\u00e7a de trabalho \u00e9 origin\u00e1ria de Monchique, onde est\u00e1 sedeada a nossa unidade produtiva, ou dos concelhos vizinhos. O crit\u00e9rio geogr\u00e1fico \u00e9 extremamente valorizado por n\u00f3s! Queremos, desta forma, dar o nosso pequeno contributo para combater algumas das assimetrias regionais\u201d, destaca ainda V\u00edtor Hugo Gon\u00e7alves.<\/p>\n\n\n\n<p>O CEO da Sociedade da \u00c1gua de Monchique deixou uma palavra de apre\u00e7o e de agradecimento a todos os colaboradores da ind\u00fastria alimentar que, nesta altura de crise, desempenham um papel fundamental no abastecimento de bens essenciais ao pa\u00eds. <\/p>\n\n\n\n<p>Empresa anunciou em mar\u00e7o de 2020 o refor\u00e7o dos vencimentos em 10% como forma de premiar e reconhecer a \u201ccoragem e altru\u00edsmo\u201d dos colaboradores<\/p>\n\n\n\n<p><strong>Sociedade da \u00c1gua de Monchique SA<\/strong><\/p>\n\n\n\n<p>A Sociedade da \u00c1gua de Monchique SA explora a concess\u00e3o p\u00fablica da \u00e1gua mineral de Monchique desde 16 de dezembro de 1992. Distinguida pelo segundo ano consecutivo com o estatuto de PME Excel\u00eancia \u00e9, atualmente, um dos maiores players no mercado nacional. As instala\u00e7\u00f5es fabris e log\u00edsticas localizam-se nas Caldas de Monchique, Algarve, numa \u00e1rea protegida superior a 50 hectares, em que a preserva\u00e7\u00e3o dos aqu\u00edferos \u00e9 o fator cr\u00edtico essencial, motivando uma log\u00edstica de gest\u00e3o sustent\u00e1vel do meio ambiente. A \u00c1gua Monchique distingue-se pela sua unicidade, resultado de uma composi\u00e7\u00e3o f\u00edsico-qu\u00edmica natural onde se destaca o seu elevado pH natural de 9,5. Esta especial composi\u00e7\u00e3o confere-lhe caracter\u00edsticas \u00fanicas que, pelos benef\u00edcios que aporta, contribuem para o bem-estar e para o equil\u00edbrio do organismo.&nbsp;<\/p>\n","protected":false},"excerpt":{"rendered":"<p>Num ano especialmente at\u00edpico, a Sociedade da \u00c1gua de Monchique (SAM) refor\u00e7a\u00a0o seu quadro de colaboradores com a contrata\u00e7\u00e3o de<\/p>\n","protected":false},"author":1,"featured_media":3844,"comment_status":"closed","ping_status":"open","sticky":false,"template":"","format":"standard","meta":{"colormag_page_container_layout":"default_layout","colormag_page_sidebar_layout":"default_layout","_monsterinsights_skip_tracking":false,"_monsterinsights_sitenote_active":false,"_monsterinsights_sitenote_note":"","_monsterinsights_sitenote_category":0,"jetpack_post_was_ever_published":false,"_jetpack_newsletter_access":"","_jetpack_dont_email_post_to_subs":false,"_jetpack_newsletter_tier_id":0,"_jetpack_memberships_contains_paywalled_content":false,"_jetpack_memberships_contains_paid_content":false,"footnotes":"","jetpack_publicize_message":"","jetpack_publicize_feature_enabled":true,"jetpack_social_post_already_shared":true,"jetpack_social_options":{"image_generator_settings":{"template":"highway","default_image_id":0,"font":"","enabled":false},"version":2}},"categories":[11],"tags":[36,62,171],"class_list":["post-3843","post","type-post","status-publish","format-standard","has-post-thumbnail","hentry","category-atualidade","tag-algarve","tag-atualidade","tag-monchique"],"yoast_head":"<!-- This site is optimized with the Yoast SEO plugin v27.4 - https:\/\/yoast.com\/product\/yoast-seo-wordpress\/ -->\n<title>Sociedade da \u00c1gua de Monchique (SAM) refor\u00e7a os seus quadros com 25 novos colaboradores - Algarve 7<\/title>\n<meta name=\"description\" content=\"Sociedade da \u00c1gua de Monchique (SAM) refor\u00e7a os seus quadros com 25 novos colaboradores Atualidade\" \/>\n<meta name=\"robots\" content=\"index, follow, max-snippet:-1, max-image-preview:large, max-video-preview:-1\" \/>\n<link rel=\"canonical\" href=\"https:\/\/algarve7.pt\/index.php\/2020\/11\/sociedade-da-agua-de-monchique-sam-reforca-os-seus-quadros-com-25-novos-colaboradores\/atualidade\/15\/22\/\" \/>\n<meta property=\"og:locale\" content=\"pt_PT\" \/>\n<meta property=\"og:type\" content=\"article\" \/>\n<meta property=\"og:title\" content=\"Sociedade da \u00c1gua de Monchique (SAM) refor\u00e7a os seus quadros com 25 novos colaboradores - Algarve 7\" \/>\n<meta property=\"og:description\" content=\"Sociedade da \u00c1gua de Monchique (SAM) refor\u00e7a os seus quadros com 25 novos colaboradores Atualidade\" \/>\n<meta property=\"og:url\" content=\"https:\/\/algarve7.pt\/index.php\/2020\/11\/sociedade-da-agua-de-monchique-sam-reforca-os-seus-quadros-com-25-novos-colaboradores\/atualidade\/15\/22\/\" \/>\n<meta property=\"og:site_name\" content=\"Algarve 7\" \/>\n<meta property=\"article:publisher\" content=\"https:\/\/www.facebook.com\/algarve7\" \/>\n<meta property=\"article:author\" content=\"https:\/\/www.facebook.com\/algarve7\" \/>\n<meta property=\"article:published_time\" content=\"2020-11-18T15:22:32+00:00\" \/>\n<meta property=\"article:modified_time\" content=\"2020-11-18T15:22:33+00:00\" \/>\n<meta property=\"og:image\" content=\"https:\/\/algarve7.pt\/wp-content\/uploads\/2020\/11\/Vitor-Hugo-Goncalves-Agua-Monchique.jpg\" \/>\n\t<meta property=\"og:image:width\" content=\"1920\" \/>\n\t<meta property=\"og:image:height\" content=\"1280\" \/>\n\t<meta property=\"og:image:type\" content=\"image\/jpeg\" \/>\n<meta name=\"author\" content=\"Algarve 7\" \/>\n<meta name=\"twitter:card\" content=\"summary_large_image\" \/>\n<meta name=\"twitter:creator\" content=\"@Algarvesete\" \/>\n<meta name=\"twitter:site\" content=\"@Algarvesete\" \/>\n<meta name=\"twitter:label1\" content=\"Escrito por\" \/>\n\t<meta name=\"twitter:data1\" content=\"Algarve 7\" \/>\n\t<meta name=\"twitter:label2\" content=\"Tempo estimado de leitura\" \/>\n\t<meta name=\"twitter:data2\" content=\"3 minutos\" \/>\n<script type=\"application\/ld+json\" class=\"yoast-schema-graph\">{\"@context\":\"https:\\\/\\\/schema.org\",\"@graph\":[{\"@type\":\"Article\",\"@id\":\"https:\\\/\\\/algarve7.pt\\\/index.php\\\/2020\\\/11\\\/sociedade-da-agua-de-monchique-sam-reforca-os-seus-quadros-com-25-novos-colaboradores\\\/atualidade\\\/15\\\/22\\\/#article\",\"isPartOf\":{\"@id\":\"https:\\\/\\\/algarve7.pt\\\/index.php\\\/2020\\\/11\\\/sociedade-da-agua-de-monchique-sam-reforca-os-seus-quadros-com-25-novos-colaboradores\\\/atualidade\\\/15\\\/22\\\/\"},\"author\":{\"name\":\"Algarve 7\",\"@id\":\"https:\\\/\\\/algarve7.pt\\\/#\\\/schema\\\/person\\\/23fa70681308e7b319a3204bcea45e0c\"},\"headline\":\"Sociedade da \u00c1gua de Monchique (SAM) refor\u00e7a os seus quadros com 25 novos colaboradores\",\"datePublished\":\"2020-11-18T15:22:32+00:00\",\"dateModified\":\"2020-11-18T15:22:33+00:00\",\"mainEntityOfPage\":{\"@id\":\"https:\\\/\\\/algarve7.pt\\\/index.php\\\/2020\\\/11\\\/sociedade-da-agua-de-monchique-sam-reforca-os-seus-quadros-com-25-novos-colaboradores\\\/atualidade\\\/15\\\/22\\\/\"},\"wordCount\":585,\"publisher\":{\"@id\":\"https:\\\/\\\/algarve7.pt\\\/#organization\"},\"image\":{\"@id\":\"https:\\\/\\\/algarve7.pt\\\/index.php\\\/2020\\\/11\\\/sociedade-da-agua-de-monchique-sam-reforca-os-seus-quadros-com-25-novos-colaboradores\\\/atualidade\\\/15\\\/22\\\/#primaryimage\"},\"thumbnailUrl\":\"https:\\\/\\\/algarve7.pt\\\/wp-content\\\/uploads\\\/2020\\\/11\\\/Vitor-Hugo-Goncalves-Agua-Monchique.jpg\",\"keywords\":[\"Algarve\",\"Atualidade\",\"Monchique\"],\"articleSection\":[\"Atualidade\"],\"inLanguage\":\"pt-PT\"},{\"@type\":\"WebPage\",\"@id\":\"https:\\\/\\\/algarve7.pt\\\/index.php\\\/2020\\\/11\\\/sociedade-da-agua-de-monchique-sam-reforca-os-seus-quadros-com-25-novos-colaboradores\\\/atualidade\\\/15\\\/22\\\/\",\"url\":\"https:\\\/\\\/algarve7.pt\\\/index.php\\\/2020\\\/11\\\/sociedade-da-agua-de-monchique-sam-reforca-os-seus-quadros-com-25-novos-colaboradores\\\/atualidade\\\/15\\\/22\\\/\",\"name\":\"Sociedade da \u00c1gua de Monchique (SAM) refor\u00e7a os seus quadros com 25 novos colaboradores - Algarve 7\",\"isPartOf\":{\"@id\":\"https:\\\/\\\/algarve7.pt\\\/#website\"},\"primaryImageOfPage\":{\"@id\":\"https:\\\/\\\/algarve7.pt\\\/index.php\\\/2020\\\/11\\\/sociedade-da-agua-de-monchique-sam-reforca-os-seus-quadros-com-25-novos-colaboradores\\\/atualidade\\\/15\\\/22\\\/#primaryimage\"},\"image\":{\"@id\":\"https:\\\/\\\/algarve7.pt\\\/index.php\\\/2020\\\/11\\\/sociedade-da-agua-de-monchique-sam-reforca-os-seus-quadros-com-25-novos-colaboradores\\\/atualidade\\\/15\\\/22\\\/#primaryimage\"},\"thumbnailUrl\":\"https:\\\/\\\/algarve7.pt\\\/wp-content\\\/uploads\\\/2020\\\/11\\\/Vitor-Hugo-Goncalves-Agua-Monchique.jpg\",\"datePublished\":\"2020-11-18T15:22:32+00:00\",\"dateModified\":\"2020-11-18T15:22:33+00:00\",\"description\":\"Sociedade da \u00c1gua de Monchique (SAM) refor\u00e7a os seus quadros com 25 novos colaboradores Atualidade\",\"breadcrumb\":{\"@id\":\"https:\\\/\\\/algarve7.pt\\\/index.php\\\/2020\\\/11\\\/sociedade-da-agua-de-monchique-sam-reforca-os-seus-quadros-com-25-novos-colaboradores\\\/atualidade\\\/15\\\/22\\\/#breadcrumb\"},\"inLanguage\":\"pt-PT\",\"potentialAction\":[{\"@type\":\"ReadAction\",\"target\":[\"https:\\\/\\\/algarve7.pt\\\/index.php\\\/2020\\\/11\\\/sociedade-da-agua-de-monchique-sam-reforca-os-seus-quadros-com-25-novos-colaboradores\\\/atualidade\\\/15\\\/22\\\/\"]}]},{\"@type\":\"ImageObject\",\"inLanguage\":\"pt-PT\",\"@id\":\"https:\\\/\\\/algarve7.pt\\\/index.php\\\/2020\\\/11\\\/sociedade-da-agua-de-monchique-sam-reforca-os-seus-quadros-com-25-novos-colaboradores\\\/atualidade\\\/15\\\/22\\\/#primaryimage\",\"url\":\"https:\\\/\\\/algarve7.pt\\\/wp-content\\\/uploads\\\/2020\\\/11\\\/Vitor-Hugo-Goncalves-Agua-Monchique.jpg\",\"contentUrl\":\"https:\\\/\\\/algarve7.pt\\\/wp-content\\\/uploads\\\/2020\\\/11\\\/Vitor-Hugo-Goncalves-Agua-Monchique.jpg\",\"width\":1920,\"height\":1280},{\"@type\":\"BreadcrumbList\",\"@id\":\"https:\\\/\\\/algarve7.pt\\\/index.php\\\/2020\\\/11\\\/sociedade-da-agua-de-monchique-sam-reforca-os-seus-quadros-com-25-novos-colaboradores\\\/atualidade\\\/15\\\/22\\\/#breadcrumb\",\"itemListElement\":[{\"@type\":\"ListItem\",\"position\":1,\"name\":\"In\u00edcio\",\"item\":\"https:\\\/\\\/algarve7.pt\\\/\"},{\"@type\":\"ListItem\",\"position\":2,\"name\":\"Sociedade da \u00c1gua de Monchique (SAM) refor\u00e7a os seus quadros com 25 novos colaboradores\"}]},{\"@type\":\"WebSite\",\"@id\":\"https:\\\/\\\/algarve7.pt\\\/#website\",\"url\":\"https:\\\/\\\/algarve7.pt\\\/\",\"name\":\"Algarve 7\",\"description\":\"Informa\u00e7\u00e3o sobre o Algarve\",\"publisher\":{\"@id\":\"https:\\\/\\\/algarve7.pt\\\/#organization\"},\"potentialAction\":[{\"@type\":\"SearchAction\",\"target\":{\"@type\":\"EntryPoint\",\"urlTemplate\":\"https:\\\/\\\/algarve7.pt\\\/?s={search_term_string}\"},\"query-input\":{\"@type\":\"PropertyValueSpecification\",\"valueRequired\":true,\"valueName\":\"search_term_string\"}}],\"inLanguage\":\"pt-PT\"},{\"@type\":\"Organization\",\"@id\":\"https:\\\/\\\/algarve7.pt\\\/#organization\",\"name\":\"Algarve 7\",\"url\":\"https:\\\/\\\/algarve7.pt\\\/\",\"logo\":{\"@type\":\"ImageObject\",\"inLanguage\":\"pt-PT\",\"@id\":\"https:\\\/\\\/algarve7.pt\\\/#\\\/schema\\\/logo\\\/image\\\/\",\"url\":\"https:\\\/\\\/algarve7.pt\\\/wp-content\\\/uploads\\\/2020\\\/10\\\/Logo-8.jpg\",\"contentUrl\":\"https:\\\/\\\/algarve7.pt\\\/wp-content\\\/uploads\\\/2020\\\/10\\\/Logo-8.jpg\",\"width\":1680,\"height\":1186,\"caption\":\"Algarve 7\"},\"image\":{\"@id\":\"https:\\\/\\\/algarve7.pt\\\/#\\\/schema\\\/logo\\\/image\\\/\"},\"sameAs\":[\"https:\\\/\\\/www.facebook.com\\\/algarve7\",\"https:\\\/\\\/x.com\\\/Algarvesete\",\"https:\\\/\\\/www.instagram.com\\\/jornalalgarve7\\\/\",\"https:\\\/\\\/www.linkedin.com\\\/company\\\/algarve7\",\"https:\\\/\\\/www.pinterest.pt\\\/geral0939\\\/_created\\\/\"]},{\"@type\":\"Person\",\"@id\":\"https:\\\/\\\/algarve7.pt\\\/#\\\/schema\\\/person\\\/23fa70681308e7b319a3204bcea45e0c\",\"name\":\"Algarve 7\",\"sameAs\":[\"https:\\\/\\\/algarve7.pt\",\"https:\\\/\\\/www.facebook.com\\\/algarve7\"],\"url\":\"https:\\\/\\\/algarve7.pt\\\/index.php\\\/author\\\/geralalgarve7-pt\\\/\"}]}<\/script>\n<!-- \/ Yoast SEO plugin. -->","yoast_head_json":{"title":"Sociedade da \u00c1gua de Monchique (SAM) refor\u00e7a os seus quadros com 25 novos colaboradores - Algarve 7","description":"Sociedade da \u00c1gua de Monchique (SAM) refor\u00e7a os seus quadros com 25 novos colaboradores Atualidade","robots":{"index":"index","follow":"follow","max-snippet":"max-snippet:-1","max-image-preview":"max-image-preview:large","max-video-preview":"max-video-preview:-1"},"canonical":"https:\/\/algarve7.pt\/index.php\/2020\/11\/sociedade-da-agua-de-monchique-sam-reforca-os-seus-quadros-com-25-novos-colaboradores\/atualidade\/15\/22\/","og_locale":"pt_PT","og_type":"article","og_title":"Sociedade da \u00c1gua de Monchique (SAM) refor\u00e7a os seus quadros com 25 novos colaboradores - Algarve 7","og_description":"Sociedade da \u00c1gua de Monchique (SAM) refor\u00e7a os seus quadros com 25 novos colaboradores Atualidade","og_url":"https:\/\/algarve7.pt\/index.php\/2020\/11\/sociedade-da-agua-de-monchique-sam-reforca-os-seus-quadros-com-25-novos-colaboradores\/atualidade\/15\/22\/","og_site_name":"Algarve 7","article_publisher":"https:\/\/www.facebook.com\/algarve7","article_author":"https:\/\/www.facebook.com\/algarve7","article_published_time":"2020-11-18T15:22:32+00:00","article_modified_time":"2020-11-18T15:22:33+00:00","og_image":[{"width":1920,"height":1280,"url":"https:\/\/algarve7.pt\/wp-content\/uploads\/2020\/11\/Vitor-Hugo-Goncalves-Agua-Monchique.jpg","type":"image\/jpeg"}],"author":"Algarve 7","twitter_card":"summary_large_image","twitter_creator":"@Algarvesete","twitter_site":"@Algarvesete","twitter_misc":{"Escrito por":"Algarve 7","Tempo estimado de leitura":"3 minutos"},"schema":{"@context":"https:\/\/schema.org","@graph":[{"@type":"Article","@id":"https:\/\/algarve7.pt\/index.php\/2020\/11\/sociedade-da-agua-de-monchique-sam-reforca-os-seus-quadros-com-25-novos-colaboradores\/atualidade\/15\/22\/#article","isPartOf":{"@id":"https:\/\/algarve7.pt\/index.php\/2020\/11\/sociedade-da-agua-de-monchique-sam-reforca-os-seus-quadros-com-25-novos-colaboradores\/atualidade\/15\/22\/"},"author":{"name":"Algarve 7","@id":"https:\/\/algarve7.pt\/#\/schema\/person\/23fa70681308e7b319a3204bcea45e0c"},"headline":"Sociedade da \u00c1gua de Monchique (SAM) refor\u00e7a os seus quadros com 25 novos colaboradores","datePublished":"2020-11-18T15:22:32+00:00","dateModified":"2020-11-18T15:22:33+00:00","mainEntityOfPage":{"@id":"https:\/\/algarve7.pt\/index.php\/2020\/11\/sociedade-da-agua-de-monchique-sam-reforca-os-seus-quadros-com-25-novos-colaboradores\/atualidade\/15\/22\/"},"wordCount":585,"publisher":{"@id":"https:\/\/algarve7.pt\/#organization"},"image":{"@id":"https:\/\/algarve7.pt\/index.php\/2020\/11\/sociedade-da-agua-de-monchique-sam-reforca-os-seus-quadros-com-25-novos-colaboradores\/atualidade\/15\/22\/#primaryimage"},"thumbnailUrl":"https:\/\/algarve7.pt\/wp-content\/uploads\/2020\/11\/Vitor-Hugo-Goncalves-Agua-Monchique.jpg","keywords":["Algarve","Atualidade","Monchique"],"articleSection":["Atualidade"],"inLanguage":"pt-PT"},{"@type":"WebPage","@id":"https:\/\/algarve7.pt\/index.php\/2020\/11\/sociedade-da-agua-de-monchique-sam-reforca-os-seus-quadros-com-25-novos-colaboradores\/atualidade\/15\/22\/","url":"https:\/\/algarve7.pt\/index.php\/2020\/11\/sociedade-da-agua-de-monchique-sam-reforca-os-seus-quadros-com-25-novos-colaboradores\/atualidade\/15\/22\/","name":"Sociedade da \u00c1gua de Monchique (SAM) refor\u00e7a os seus quadros com 25 novos colaboradores - Algarve 7","isPartOf":{"@id":"https:\/\/algarve7.pt\/#website"},"primaryImageOfPage":{"@id":"https:\/\/algarve7.pt\/index.php\/2020\/11\/sociedade-da-agua-de-monchique-sam-reforca-os-seus-quadros-com-25-novos-colaboradores\/atualidade\/15\/22\/#primaryimage"},"image":{"@id":"https:\/\/algarve7.pt\/index.php\/2020\/11\/sociedade-da-agua-de-monchique-sam-reforca-os-seus-quadros-com-25-novos-colaboradores\/atualidade\/15\/22\/#primaryimage"},"thumbnailUrl":"https:\/\/algarve7.pt\/wp-content\/uploads\/2020\/11\/Vitor-Hugo-Goncalves-Agua-Monchique.jpg","datePublished":"2020-11-18T15:22:32+00:00","dateModified":"2020-11-18T15:22:33+00:00","description":"Sociedade da \u00c1gua de Monchique (SAM) refor\u00e7a os seus quadros com 25 novos colaboradores Atualidade","breadcrumb":{"@id":"https:\/\/algarve7.pt\/index.php\/2020\/11\/sociedade-da-agua-de-monchique-sam-reforca-os-seus-quadros-com-25-novos-colaboradores\/atualidade\/15\/22\/#breadcrumb"},"inLanguage":"pt-PT","potentialAction":[{"@type":"ReadAction","target":["https:\/\/algarve7.pt\/index.php\/2020\/11\/sociedade-da-agua-de-monchique-sam-reforca-os-seus-quadros-com-25-novos-colaboradores\/atualidade\/15\/22\/"]}]},{"@type":"ImageObject","inLanguage":"pt-PT","@id":"https:\/\/algarve7.pt\/index.php\/2020\/11\/sociedade-da-agua-de-monchique-sam-reforca-os-seus-quadros-com-25-novos-colaboradores\/atualidade\/15\/22\/#primaryimage","url":"https:\/\/algarve7.pt\/wp-content\/uploads\/2020\/11\/Vitor-Hugo-Goncalves-Agua-Monchique.jpg","contentUrl":"https:\/\/algarve7.pt\/wp-content\/uploads\/2020\/11\/Vitor-Hugo-Goncalves-Agua-Monchique.jpg","width":1920,"height":1280},{"@type":"BreadcrumbList","@id":"https:\/\/algarve7.pt\/index.php\/2020\/11\/sociedade-da-agua-de-monchique-sam-reforca-os-seus-quadros-com-25-novos-colaboradores\/atualidade\/15\/22\/#breadcrumb","itemListElement":[{"@type":"ListItem","position":1,"name":"In\u00edcio","item":"https:\/\/algarve7.pt\/"},{"@type":"ListItem","position":2,"name":"Sociedade da \u00c1gua de Monchique (SAM) refor\u00e7a os seus quadros com 25 novos colaboradores"}]},{"@type":"WebSite","@id":"https:\/\/algarve7.pt\/#website","url":"https:\/\/algarve7.pt\/","name":"Algarve 7","description":"Informa\u00e7\u00e3o sobre o Algarve","publisher":{"@id":"https:\/\/algarve7.pt\/#organization"},"potentialAction":[{"@type":"SearchAction","target":{"@type":"EntryPoint","urlTemplate":"https:\/\/algarve7.pt\/?s={search_term_string}"},"query-input":{"@type":"PropertyValueSpecification","valueRequired":true,"valueName":"search_term_string"}}],"inLanguage":"pt-PT"},{"@type":"Organization","@id":"https:\/\/algarve7.pt\/#organization","name":"Algarve 7","url":"https:\/\/algarve7.pt\/","logo":{"@type":"ImageObject","inLanguage":"pt-PT","@id":"https:\/\/algarve7.pt\/#\/schema\/logo\/image\/","url":"https:\/\/algarve7.pt\/wp-content\/uploads\/2020\/10\/Logo-8.jpg","contentUrl":"https:\/\/algarve7.pt\/wp-content\/uploads\/2020\/10\/Logo-8.jpg","width":1680,"height":1186,"caption":"Algarve 7"},"image":{"@id":"https:\/\/algarve7.pt\/#\/schema\/logo\/image\/"},"sameAs":["https:\/\/www.facebook.com\/algarve7","https:\/\/x.com\/Algarvesete","https:\/\/www.instagram.com\/jornalalgarve7\/","https:\/\/www.linkedin.com\/company\/algarve7","https:\/\/www.pinterest.pt\/geral0939\/_created\/"]},{"@type":"Person","@id":"https:\/\/algarve7.pt\/#\/schema\/person\/23fa70681308e7b319a3204bcea45e0c","name":"Algarve 7","sameAs":["https:\/\/algarve7.pt","https:\/\/www.facebook.com\/algarve7"],"url":"https:\/\/algarve7.pt\/index.php\/author\/geralalgarve7-pt\/"}]}},"jetpack_publicize_connections":[],"jetpack_featured_media_url":"https:\/\/algarve7.pt\/wp-content\/uploads\/2020\/11\/Vitor-Hugo-Goncalves-Agua-Monchique.jpg","jetpack_shortlink":"https:\/\/wp.me\/pcezmW-ZZ","jetpack_sharing_enabled":true,"_links":{"self":[{"href":"https:\/\/algarve7.pt\/index.php\/wp-json\/wp\/v2\/posts\/3843","targetHints":{"allow":["GET"]}}],"collection":[{"href":"https:\/\/algarve7.pt\/index.php\/wp-json\/wp\/v2\/posts"}],"about":[{"href":"https:\/\/algarve7.pt\/index.php\/wp-json\/wp\/v2\/types\/post"}],"author":[{"embeddable":true,"href":"https:\/\/algarve7.pt\/index.php\/wp-json\/wp\/v2\/users\/1"}],"replies":[{"embeddable":true,"href":"https:\/\/algarve7.pt\/index.php\/wp-json\/wp\/v2\/comments?post=3843"}],"version-history":[{"count":0,"href":"https:\/\/algarve7.pt\/index.php\/wp-json\/wp\/v2\/posts\/3843\/revisions"}],"wp:featuredmedia":[{"embeddable":true,"href":"https:\/\/algarve7.pt\/index.php\/wp-json\/wp\/v2\/media\/3844"}],"wp:attachment":[{"href":"https:\/\/algarve7.pt\/index.php\/wp-json\/wp\/v2\/media?parent=3843"}],"wp:term":[{"taxonomy":"category","embeddable":true,"href":"https:\/\/algarve7.pt\/index.php\/wp-json\/wp\/v2\/categories?post=3843"},{"taxonomy":"post_tag","embeddable":true,"href":"https:\/\/algarve7.pt\/index.php\/wp-json\/wp\/v2\/tags?post=3843"}],"curies":[{"name":"wp","href":"https:\/\/api.w.org\/{rel}","templated":true}]}}