{"id":38408,"date":"2024-05-08T11:32:00","date_gmt":"2024-05-08T10:32:00","guid":{"rendered":"https:\/\/algarve7.pt\/?p=38408"},"modified":"2024-05-08T09:34:09","modified_gmt":"2024-05-08T08:34:09","slug":"bernardo-pinheiro-sem-sorte-em-franca-toque-de-um-adversario-condicionou-resultado-do-piloto-algarvio","status":"publish","type":"post","link":"https:\/\/algarve7.pt\/index.php\/2024\/05\/bernardo-pinheiro-sem-sorte-em-franca-toque-de-um-adversario-condicionou-resultado-do-piloto-algarvio\/desporto\/11\/32\/","title":{"rendered":"Bernardo Pinheiro sem sorte em Fran\u00e7a, toque de um advers\u00e1rio condicionou resultado do piloto algarvio"},"content":{"rendered":"\n<p>L\u00edder da classe LMP3 no&nbsp;<strong>European Le Mans Series<\/strong>&nbsp;depois de ter conquistado uma hist\u00f3rica vit\u00f3ria na ronda inaugural do campeonato realizada em Barcelona,&nbsp;<strong>Bernardo Pinheiro<\/strong>&nbsp;foi no passado Domingo o s\u00e9timo classificado no final das&nbsp;<strong>4 Horas de Le Castellet<\/strong>&nbsp;realizadas no circuito de&nbsp;<strong>Paul Ricard<\/strong>&nbsp;no sul de Fran\u00e7a.<\/p>\n\n\n\n<p>Terceiro na qualifica\u00e7\u00e3o em conjunto com&nbsp;<strong>Julien Gerbi<\/strong>&nbsp;e&nbsp;<strong>Gilian Henrion<\/strong>&nbsp;o trio do chassis com o n\u00famero 8 apostava forte em lutar novamente por lugares de p\u00f3dio e a conserva\u00e7\u00e3o da lideran\u00e7a do campeonato, mas um incidente de corrida acabou por condicionar o resultado final e ocultar todo o potencial e ambi\u00e7\u00e3o da equipa surpresa na Catalunha no arranque do campeonato.<\/p>\n\n\n\n<p>\u2018Um toque de um outro carro for\u00e7ou-nos a entrar na boxe para substituir um componente do nosso carro que estava a tocar num pneu e afectava a condu\u00e7\u00e3o. Perdemos imenso tempo nessa opera\u00e7\u00e3o e descemos bastante na classifica\u00e7\u00e3o e depois foi tentar manter o melhor ritmo poss\u00edvel para chegar ao final.\u2019 Afirmou o piloto algarvio depois de cruzar a linha de meta na s\u00e9tima posi\u00e7\u00e3o, um resultado que em nada era o esperado pelos pilotos do Ligier com as cores do&nbsp;<strong>Team Virage<\/strong>.<\/p>\n\n\n\n<p>Com este resultado o piloto de&nbsp;<strong>Portim\u00e3o<\/strong>&nbsp;passou juntamente com os seus dois colegas de equipa a ocupar a segunda posi\u00e7\u00e3o do campeonato e o foco do trio est\u00e1 j\u00e1 na pr\u00f3xima ronda do campeonato a realizar no dia 7 de Julho em&nbsp;<strong>Imola<\/strong>, prova que marcar\u00e1 o final da primeira metade da temporada e que se realizar\u00e1 depois das&nbsp;<strong>24 Horas de Le Mans<\/strong>&nbsp;onde&nbsp;<strong>Bernardo<\/strong>alinhar\u00e1 no pelot\u00e3o da&nbsp;<strong>Road to Le Mans<\/strong>, a prova de apoio mais importante no programa da centen\u00e1ria prova de Endurance.<\/p>\n\n\n\n<p>\u2018Iremos para Imola para sermos mais uma vez r\u00e1pidos como fomos nestas duas primeiras rondas do campeonato. N\u00e3o vamos de todo baixar os bra\u00e7os porque sabemos que sem problemas estranhos podemos estar de novo a lutar pelo p\u00f3dio ou mesmo pela vit\u00f3ria como aconteceu em Barcelona. Ainda temos muito campeonato pela frente e tudo pode acontecer.\u2019 Refor\u00e7a o \u2018rookie\u2019 que continua a impressionar e a conquistar admiradores no paddock do&nbsp;<strong>European Le Mans Series<\/strong>.<\/p>\n","protected":false},"excerpt":{"rendered":"<p>L\u00edder da classe LMP3 no&nbsp;European Le Mans Series&nbsp;depois de ter conquistado uma hist\u00f3rica vit\u00f3ria na ronda inaugural do campeonato realizada<\/p>\n","protected":false},"author":1,"featured_media":32525,"comment_status":"closed","ping_status":"open","sticky":false,"template":"","format":"standard","meta":{"colormag_page_container_layout":"default_layout","colormag_page_sidebar_layout":"default_layout","_monsterinsights_skip_tracking":false,"_monsterinsights_sitenote_active":false,"_monsterinsights_sitenote_note":"","_monsterinsights_sitenote_category":0,"jetpack_post_was_ever_published":false,"_jetpack_newsletter_access":"","_jetpack_dont_email_post_to_subs":false,"_jetpack_newsletter_tier_id":0,"_jetpack_memberships_contains_paywalled_content":false,"_jetpack_memberships_contains_paid_content":false,"footnotes":"","jetpack_publicize_message":"","jetpack_publicize_feature_enabled":true,"jetpack_social_post_already_shared":false,"jetpack_social_options":{"image_generator_settings":{"template":"highway","default_image_id":0,"font":"","enabled":false},"version":2}},"categories":[15],"tags":[36,1086,40,1103],"class_list":["post-38408","post","type-post","status-publish","format-standard","has-post-thumbnail","hentry","category-desporto","tag-algarve","tag-bernardo-pinheiro","tag-desporto","tag-elms-2024"],"yoast_head":"<!-- This site is optimized with the Yoast SEO plugin v27.5 - https:\/\/yoast.com\/product\/yoast-seo-wordpress\/ -->\n<title>Bernardo Pinheiro sem sorte em Fran\u00e7a, toque de um advers\u00e1rio condicionou resultado do piloto algarvio - Algarve 7<\/title>\n<meta name=\"description\" content=\"Bernardo Pinheiro sem sorte em Fran\u00e7a, toque de um advers\u00e1rio condicionou resultado do piloto algarvio Desporto\" \/>\n<meta name=\"robots\" content=\"index, follow, max-snippet:-1, max-image-preview:large, max-video-preview:-1\" \/>\n<link rel=\"canonical\" href=\"https:\/\/algarve7.pt\/index.php\/2024\/05\/bernardo-pinheiro-sem-sorte-em-franca-toque-de-um-adversario-condicionou-resultado-do-piloto-algarvio\/desporto\/11\/32\/\" \/>\n<meta property=\"og:locale\" content=\"pt_PT\" \/>\n<meta property=\"og:type\" content=\"article\" \/>\n<meta property=\"og:title\" content=\"Bernardo Pinheiro sem sorte em Fran\u00e7a, toque de um advers\u00e1rio condicionou resultado do piloto algarvio - Algarve 7\" \/>\n<meta property=\"og:description\" content=\"Bernardo Pinheiro sem sorte em Fran\u00e7a, toque de um advers\u00e1rio condicionou resultado do piloto algarvio Desporto\" \/>\n<meta property=\"og:url\" content=\"https:\/\/algarve7.pt\/index.php\/2024\/05\/bernardo-pinheiro-sem-sorte-em-franca-toque-de-um-adversario-condicionou-resultado-do-piloto-algarvio\/desporto\/11\/32\/\" \/>\n<meta property=\"og:site_name\" content=\"Algarve 7\" \/>\n<meta property=\"article:publisher\" content=\"https:\/\/www.facebook.com\/algarve7\" \/>\n<meta property=\"article:author\" content=\"https:\/\/www.facebook.com\/algarve7\" \/>\n<meta property=\"article:published_time\" content=\"2024-05-08T10:32:00+00:00\" \/>\n<meta property=\"og:image\" content=\"https:\/\/algarve7.pt\/wp-content\/uploads\/2023\/10\/16581a9a-d3a2-7c8e-5d93-39430c0aa394.jpg\" \/>\n\t<meta property=\"og:image:width\" content=\"1000\" \/>\n\t<meta property=\"og:image:height\" content=\"667\" \/>\n\t<meta property=\"og:image:type\" content=\"image\/jpeg\" \/>\n<meta name=\"author\" content=\"Algarve 7\" \/>\n<meta name=\"twitter:card\" content=\"summary_large_image\" \/>\n<meta name=\"twitter:creator\" content=\"@Algarvesete\" \/>\n<meta name=\"twitter:site\" content=\"@Algarvesete\" \/>\n<meta name=\"twitter:label1\" content=\"Escrito por\" \/>\n\t<meta name=\"twitter:data1\" content=\"Algarve 7\" \/>\n\t<meta name=\"twitter:label2\" content=\"Tempo estimado de leitura\" \/>\n\t<meta name=\"twitter:data2\" content=\"3 minutos\" \/>\n<script type=\"application\/ld+json\" class=\"yoast-schema-graph\">{\"@context\":\"https:\\\/\\\/schema.org\",\"@graph\":[{\"@type\":\"Article\",\"@id\":\"https:\\\/\\\/algarve7.pt\\\/index.php\\\/2024\\\/05\\\/bernardo-pinheiro-sem-sorte-em-franca-toque-de-um-adversario-condicionou-resultado-do-piloto-algarvio\\\/desporto\\\/11\\\/32\\\/#article\",\"isPartOf\":{\"@id\":\"https:\\\/\\\/algarve7.pt\\\/index.php\\\/2024\\\/05\\\/bernardo-pinheiro-sem-sorte-em-franca-toque-de-um-adversario-condicionou-resultado-do-piloto-algarvio\\\/desporto\\\/11\\\/32\\\/\"},\"author\":{\"name\":\"Algarve 7\",\"@id\":\"https:\\\/\\\/algarve7.pt\\\/#\\\/schema\\\/person\\\/23fa70681308e7b319a3204bcea45e0c\"},\"headline\":\"Bernardo Pinheiro sem sorte em Fran\u00e7a, toque de um advers\u00e1rio condicionou resultado do piloto algarvio\",\"datePublished\":\"2024-05-08T10:32:00+00:00\",\"mainEntityOfPage\":{\"@id\":\"https:\\\/\\\/algarve7.pt\\\/index.php\\\/2024\\\/05\\\/bernardo-pinheiro-sem-sorte-em-franca-toque-de-um-adversario-condicionou-resultado-do-piloto-algarvio\\\/desporto\\\/11\\\/32\\\/\"},\"wordCount\":420,\"publisher\":{\"@id\":\"https:\\\/\\\/algarve7.pt\\\/#organization\"},\"image\":{\"@id\":\"https:\\\/\\\/algarve7.pt\\\/index.php\\\/2024\\\/05\\\/bernardo-pinheiro-sem-sorte-em-franca-toque-de-um-adversario-condicionou-resultado-do-piloto-algarvio\\\/desporto\\\/11\\\/32\\\/#primaryimage\"},\"thumbnailUrl\":\"https:\\\/\\\/algarve7.pt\\\/wp-content\\\/uploads\\\/2023\\\/10\\\/16581a9a-d3a2-7c8e-5d93-39430c0aa394.jpg\",\"keywords\":[\"Algarve\",\"Bernardo Pinheiro\",\"Desporto\",\"ELMS 2024\"],\"articleSection\":[\"Desporto\"],\"inLanguage\":\"pt-PT\"},{\"@type\":\"WebPage\",\"@id\":\"https:\\\/\\\/algarve7.pt\\\/index.php\\\/2024\\\/05\\\/bernardo-pinheiro-sem-sorte-em-franca-toque-de-um-adversario-condicionou-resultado-do-piloto-algarvio\\\/desporto\\\/11\\\/32\\\/\",\"url\":\"https:\\\/\\\/algarve7.pt\\\/index.php\\\/2024\\\/05\\\/bernardo-pinheiro-sem-sorte-em-franca-toque-de-um-adversario-condicionou-resultado-do-piloto-algarvio\\\/desporto\\\/11\\\/32\\\/\",\"name\":\"Bernardo Pinheiro sem sorte em Fran\u00e7a, toque de um advers\u00e1rio condicionou resultado do piloto algarvio - Algarve 7\",\"isPartOf\":{\"@id\":\"https:\\\/\\\/algarve7.pt\\\/#website\"},\"primaryImageOfPage\":{\"@id\":\"https:\\\/\\\/algarve7.pt\\\/index.php\\\/2024\\\/05\\\/bernardo-pinheiro-sem-sorte-em-franca-toque-de-um-adversario-condicionou-resultado-do-piloto-algarvio\\\/desporto\\\/11\\\/32\\\/#primaryimage\"},\"image\":{\"@id\":\"https:\\\/\\\/algarve7.pt\\\/index.php\\\/2024\\\/05\\\/bernardo-pinheiro-sem-sorte-em-franca-toque-de-um-adversario-condicionou-resultado-do-piloto-algarvio\\\/desporto\\\/11\\\/32\\\/#primaryimage\"},\"thumbnailUrl\":\"https:\\\/\\\/algarve7.pt\\\/wp-content\\\/uploads\\\/2023\\\/10\\\/16581a9a-d3a2-7c8e-5d93-39430c0aa394.jpg\",\"datePublished\":\"2024-05-08T10:32:00+00:00\",\"description\":\"Bernardo Pinheiro sem sorte em Fran\u00e7a, toque de um advers\u00e1rio condicionou resultado do piloto algarvio Desporto\",\"breadcrumb\":{\"@id\":\"https:\\\/\\\/algarve7.pt\\\/index.php\\\/2024\\\/05\\\/bernardo-pinheiro-sem-sorte-em-franca-toque-de-um-adversario-condicionou-resultado-do-piloto-algarvio\\\/desporto\\\/11\\\/32\\\/#breadcrumb\"},\"inLanguage\":\"pt-PT\",\"potentialAction\":[{\"@type\":\"ReadAction\",\"target\":[\"https:\\\/\\\/algarve7.pt\\\/index.php\\\/2024\\\/05\\\/bernardo-pinheiro-sem-sorte-em-franca-toque-de-um-adversario-condicionou-resultado-do-piloto-algarvio\\\/desporto\\\/11\\\/32\\\/\"]}]},{\"@type\":\"ImageObject\",\"inLanguage\":\"pt-PT\",\"@id\":\"https:\\\/\\\/algarve7.pt\\\/index.php\\\/2024\\\/05\\\/bernardo-pinheiro-sem-sorte-em-franca-toque-de-um-adversario-condicionou-resultado-do-piloto-algarvio\\\/desporto\\\/11\\\/32\\\/#primaryimage\",\"url\":\"https:\\\/\\\/algarve7.pt\\\/wp-content\\\/uploads\\\/2023\\\/10\\\/16581a9a-d3a2-7c8e-5d93-39430c0aa394.jpg\",\"contentUrl\":\"https:\\\/\\\/algarve7.pt\\\/wp-content\\\/uploads\\\/2023\\\/10\\\/16581a9a-d3a2-7c8e-5d93-39430c0aa394.jpg\",\"width\":1000,\"height\":667},{\"@type\":\"BreadcrumbList\",\"@id\":\"https:\\\/\\\/algarve7.pt\\\/index.php\\\/2024\\\/05\\\/bernardo-pinheiro-sem-sorte-em-franca-toque-de-um-adversario-condicionou-resultado-do-piloto-algarvio\\\/desporto\\\/11\\\/32\\\/#breadcrumb\",\"itemListElement\":[{\"@type\":\"ListItem\",\"position\":1,\"name\":\"In\u00edcio\",\"item\":\"https:\\\/\\\/algarve7.pt\\\/\"},{\"@type\":\"ListItem\",\"position\":2,\"name\":\"Bernardo Pinheiro sem sorte em Fran\u00e7a, toque de um advers\u00e1rio condicionou resultado do piloto algarvio\"}]},{\"@type\":\"WebSite\",\"@id\":\"https:\\\/\\\/algarve7.pt\\\/#website\",\"url\":\"https:\\\/\\\/algarve7.pt\\\/\",\"name\":\"Algarve 7\",\"description\":\"Informa\u00e7\u00e3o sobre o Algarve\",\"publisher\":{\"@id\":\"https:\\\/\\\/algarve7.pt\\\/#organization\"},\"potentialAction\":[{\"@type\":\"SearchAction\",\"target\":{\"@type\":\"EntryPoint\",\"urlTemplate\":\"https:\\\/\\\/algarve7.pt\\\/?s={search_term_string}\"},\"query-input\":{\"@type\":\"PropertyValueSpecification\",\"valueRequired\":true,\"valueName\":\"search_term_string\"}}],\"inLanguage\":\"pt-PT\"},{\"@type\":\"Organization\",\"@id\":\"https:\\\/\\\/algarve7.pt\\\/#organization\",\"name\":\"Algarve 7\",\"url\":\"https:\\\/\\\/algarve7.pt\\\/\",\"logo\":{\"@type\":\"ImageObject\",\"inLanguage\":\"pt-PT\",\"@id\":\"https:\\\/\\\/algarve7.pt\\\/#\\\/schema\\\/logo\\\/image\\\/\",\"url\":\"https:\\\/\\\/algarve7.pt\\\/wp-content\\\/uploads\\\/2020\\\/10\\\/Logo-8.jpg\",\"contentUrl\":\"https:\\\/\\\/algarve7.pt\\\/wp-content\\\/uploads\\\/2020\\\/10\\\/Logo-8.jpg\",\"width\":1680,\"height\":1186,\"caption\":\"Algarve 7\"},\"image\":{\"@id\":\"https:\\\/\\\/algarve7.pt\\\/#\\\/schema\\\/logo\\\/image\\\/\"},\"sameAs\":[\"https:\\\/\\\/www.facebook.com\\\/algarve7\",\"https:\\\/\\\/x.com\\\/Algarvesete\",\"https:\\\/\\\/www.instagram.com\\\/jornalalgarve7\\\/\",\"https:\\\/\\\/www.linkedin.com\\\/company\\\/algarve7\",\"https:\\\/\\\/www.pinterest.pt\\\/geral0939\\\/_created\\\/\"]},{\"@type\":\"Person\",\"@id\":\"https:\\\/\\\/algarve7.pt\\\/#\\\/schema\\\/person\\\/23fa70681308e7b319a3204bcea45e0c\",\"name\":\"Algarve 7\",\"sameAs\":[\"https:\\\/\\\/algarve7.pt\",\"https:\\\/\\\/www.facebook.com\\\/algarve7\"],\"url\":\"https:\\\/\\\/algarve7.pt\\\/index.php\\\/author\\\/geralalgarve7-pt\\\/\"}]}<\/script>\n<!-- \/ Yoast SEO plugin. -->","yoast_head_json":{"title":"Bernardo Pinheiro sem sorte em Fran\u00e7a, toque de um advers\u00e1rio condicionou resultado do piloto algarvio - Algarve 7","description":"Bernardo Pinheiro sem sorte em Fran\u00e7a, toque de um advers\u00e1rio condicionou resultado do piloto algarvio Desporto","robots":{"index":"index","follow":"follow","max-snippet":"max-snippet:-1","max-image-preview":"max-image-preview:large","max-video-preview":"max-video-preview:-1"},"canonical":"https:\/\/algarve7.pt\/index.php\/2024\/05\/bernardo-pinheiro-sem-sorte-em-franca-toque-de-um-adversario-condicionou-resultado-do-piloto-algarvio\/desporto\/11\/32\/","og_locale":"pt_PT","og_type":"article","og_title":"Bernardo Pinheiro sem sorte em Fran\u00e7a, toque de um advers\u00e1rio condicionou resultado do piloto algarvio - Algarve 7","og_description":"Bernardo Pinheiro sem sorte em Fran\u00e7a, toque de um advers\u00e1rio condicionou resultado do piloto algarvio Desporto","og_url":"https:\/\/algarve7.pt\/index.php\/2024\/05\/bernardo-pinheiro-sem-sorte-em-franca-toque-de-um-adversario-condicionou-resultado-do-piloto-algarvio\/desporto\/11\/32\/","og_site_name":"Algarve 7","article_publisher":"https:\/\/www.facebook.com\/algarve7","article_author":"https:\/\/www.facebook.com\/algarve7","article_published_time":"2024-05-08T10:32:00+00:00","og_image":[{"width":1000,"height":667,"url":"https:\/\/algarve7.pt\/wp-content\/uploads\/2023\/10\/16581a9a-d3a2-7c8e-5d93-39430c0aa394.jpg","type":"image\/jpeg"}],"author":"Algarve 7","twitter_card":"summary_large_image","twitter_creator":"@Algarvesete","twitter_site":"@Algarvesete","twitter_misc":{"Escrito por":"Algarve 7","Tempo estimado de leitura":"3 minutos"},"schema":{"@context":"https:\/\/schema.org","@graph":[{"@type":"Article","@id":"https:\/\/algarve7.pt\/index.php\/2024\/05\/bernardo-pinheiro-sem-sorte-em-franca-toque-de-um-adversario-condicionou-resultado-do-piloto-algarvio\/desporto\/11\/32\/#article","isPartOf":{"@id":"https:\/\/algarve7.pt\/index.php\/2024\/05\/bernardo-pinheiro-sem-sorte-em-franca-toque-de-um-adversario-condicionou-resultado-do-piloto-algarvio\/desporto\/11\/32\/"},"author":{"name":"Algarve 7","@id":"https:\/\/algarve7.pt\/#\/schema\/person\/23fa70681308e7b319a3204bcea45e0c"},"headline":"Bernardo Pinheiro sem sorte em Fran\u00e7a, toque de um advers\u00e1rio condicionou resultado do piloto algarvio","datePublished":"2024-05-08T10:32:00+00:00","mainEntityOfPage":{"@id":"https:\/\/algarve7.pt\/index.php\/2024\/05\/bernardo-pinheiro-sem-sorte-em-franca-toque-de-um-adversario-condicionou-resultado-do-piloto-algarvio\/desporto\/11\/32\/"},"wordCount":420,"publisher":{"@id":"https:\/\/algarve7.pt\/#organization"},"image":{"@id":"https:\/\/algarve7.pt\/index.php\/2024\/05\/bernardo-pinheiro-sem-sorte-em-franca-toque-de-um-adversario-condicionou-resultado-do-piloto-algarvio\/desporto\/11\/32\/#primaryimage"},"thumbnailUrl":"https:\/\/algarve7.pt\/wp-content\/uploads\/2023\/10\/16581a9a-d3a2-7c8e-5d93-39430c0aa394.jpg","keywords":["Algarve","Bernardo Pinheiro","Desporto","ELMS 2024"],"articleSection":["Desporto"],"inLanguage":"pt-PT"},{"@type":"WebPage","@id":"https:\/\/algarve7.pt\/index.php\/2024\/05\/bernardo-pinheiro-sem-sorte-em-franca-toque-de-um-adversario-condicionou-resultado-do-piloto-algarvio\/desporto\/11\/32\/","url":"https:\/\/algarve7.pt\/index.php\/2024\/05\/bernardo-pinheiro-sem-sorte-em-franca-toque-de-um-adversario-condicionou-resultado-do-piloto-algarvio\/desporto\/11\/32\/","name":"Bernardo Pinheiro sem sorte em Fran\u00e7a, toque de um advers\u00e1rio condicionou resultado do piloto algarvio - Algarve 7","isPartOf":{"@id":"https:\/\/algarve7.pt\/#website"},"primaryImageOfPage":{"@id":"https:\/\/algarve7.pt\/index.php\/2024\/05\/bernardo-pinheiro-sem-sorte-em-franca-toque-de-um-adversario-condicionou-resultado-do-piloto-algarvio\/desporto\/11\/32\/#primaryimage"},"image":{"@id":"https:\/\/algarve7.pt\/index.php\/2024\/05\/bernardo-pinheiro-sem-sorte-em-franca-toque-de-um-adversario-condicionou-resultado-do-piloto-algarvio\/desporto\/11\/32\/#primaryimage"},"thumbnailUrl":"https:\/\/algarve7.pt\/wp-content\/uploads\/2023\/10\/16581a9a-d3a2-7c8e-5d93-39430c0aa394.jpg","datePublished":"2024-05-08T10:32:00+00:00","description":"Bernardo Pinheiro sem sorte em Fran\u00e7a, toque de um advers\u00e1rio condicionou resultado do piloto algarvio Desporto","breadcrumb":{"@id":"https:\/\/algarve7.pt\/index.php\/2024\/05\/bernardo-pinheiro-sem-sorte-em-franca-toque-de-um-adversario-condicionou-resultado-do-piloto-algarvio\/desporto\/11\/32\/#breadcrumb"},"inLanguage":"pt-PT","potentialAction":[{"@type":"ReadAction","target":["https:\/\/algarve7.pt\/index.php\/2024\/05\/bernardo-pinheiro-sem-sorte-em-franca-toque-de-um-adversario-condicionou-resultado-do-piloto-algarvio\/desporto\/11\/32\/"]}]},{"@type":"ImageObject","inLanguage":"pt-PT","@id":"https:\/\/algarve7.pt\/index.php\/2024\/05\/bernardo-pinheiro-sem-sorte-em-franca-toque-de-um-adversario-condicionou-resultado-do-piloto-algarvio\/desporto\/11\/32\/#primaryimage","url":"https:\/\/algarve7.pt\/wp-content\/uploads\/2023\/10\/16581a9a-d3a2-7c8e-5d93-39430c0aa394.jpg","contentUrl":"https:\/\/algarve7.pt\/wp-content\/uploads\/2023\/10\/16581a9a-d3a2-7c8e-5d93-39430c0aa394.jpg","width":1000,"height":667},{"@type":"BreadcrumbList","@id":"https:\/\/algarve7.pt\/index.php\/2024\/05\/bernardo-pinheiro-sem-sorte-em-franca-toque-de-um-adversario-condicionou-resultado-do-piloto-algarvio\/desporto\/11\/32\/#breadcrumb","itemListElement":[{"@type":"ListItem","position":1,"name":"In\u00edcio","item":"https:\/\/algarve7.pt\/"},{"@type":"ListItem","position":2,"name":"Bernardo Pinheiro sem sorte em Fran\u00e7a, toque de um advers\u00e1rio condicionou resultado do piloto algarvio"}]},{"@type":"WebSite","@id":"https:\/\/algarve7.pt\/#website","url":"https:\/\/algarve7.pt\/","name":"Algarve 7","description":"Informa\u00e7\u00e3o sobre o Algarve","publisher":{"@id":"https:\/\/algarve7.pt\/#organization"},"potentialAction":[{"@type":"SearchAction","target":{"@type":"EntryPoint","urlTemplate":"https:\/\/algarve7.pt\/?s={search_term_string}"},"query-input":{"@type":"PropertyValueSpecification","valueRequired":true,"valueName":"search_term_string"}}],"inLanguage":"pt-PT"},{"@type":"Organization","@id":"https:\/\/algarve7.pt\/#organization","name":"Algarve 7","url":"https:\/\/algarve7.pt\/","logo":{"@type":"ImageObject","inLanguage":"pt-PT","@id":"https:\/\/algarve7.pt\/#\/schema\/logo\/image\/","url":"https:\/\/algarve7.pt\/wp-content\/uploads\/2020\/10\/Logo-8.jpg","contentUrl":"https:\/\/algarve7.pt\/wp-content\/uploads\/2020\/10\/Logo-8.jpg","width":1680,"height":1186,"caption":"Algarve 7"},"image":{"@id":"https:\/\/algarve7.pt\/#\/schema\/logo\/image\/"},"sameAs":["https:\/\/www.facebook.com\/algarve7","https:\/\/x.com\/Algarvesete","https:\/\/www.instagram.com\/jornalalgarve7\/","https:\/\/www.linkedin.com\/company\/algarve7","https:\/\/www.pinterest.pt\/geral0939\/_created\/"]},{"@type":"Person","@id":"https:\/\/algarve7.pt\/#\/schema\/person\/23fa70681308e7b319a3204bcea45e0c","name":"Algarve 7","sameAs":["https:\/\/algarve7.pt","https:\/\/www.facebook.com\/algarve7"],"url":"https:\/\/algarve7.pt\/index.php\/author\/geralalgarve7-pt\/"}]}},"jetpack_publicize_connections":[],"jetpack_featured_media_url":"https:\/\/algarve7.pt\/wp-content\/uploads\/2023\/10\/16581a9a-d3a2-7c8e-5d93-39430c0aa394.jpg","jetpack_shortlink":"https:\/\/wp.me\/pcezmW-9Zu","jetpack_sharing_enabled":true,"_links":{"self":[{"href":"https:\/\/algarve7.pt\/index.php\/wp-json\/wp\/v2\/posts\/38408","targetHints":{"allow":["GET"]}}],"collection":[{"href":"https:\/\/algarve7.pt\/index.php\/wp-json\/wp\/v2\/posts"}],"about":[{"href":"https:\/\/algarve7.pt\/index.php\/wp-json\/wp\/v2\/types\/post"}],"author":[{"embeddable":true,"href":"https:\/\/algarve7.pt\/index.php\/wp-json\/wp\/v2\/users\/1"}],"replies":[{"embeddable":true,"href":"https:\/\/algarve7.pt\/index.php\/wp-json\/wp\/v2\/comments?post=38408"}],"version-history":[{"count":0,"href":"https:\/\/algarve7.pt\/index.php\/wp-json\/wp\/v2\/posts\/38408\/revisions"}],"wp:featuredmedia":[{"embeddable":true,"href":"https:\/\/algarve7.pt\/index.php\/wp-json\/wp\/v2\/media\/32525"}],"wp:attachment":[{"href":"https:\/\/algarve7.pt\/index.php\/wp-json\/wp\/v2\/media?parent=38408"}],"wp:term":[{"taxonomy":"category","embeddable":true,"href":"https:\/\/algarve7.pt\/index.php\/wp-json\/wp\/v2\/categories?post=38408"},{"taxonomy":"post_tag","embeddable":true,"href":"https:\/\/algarve7.pt\/index.php\/wp-json\/wp\/v2\/tags?post=38408"}],"curies":[{"name":"wp","href":"https:\/\/api.w.org\/{rel}","templated":true}]}}