{"id":3839,"date":"2020-11-18T14:16:00","date_gmt":"2020-11-18T14:16:00","guid":{"rendered":"https:\/\/algarve7.pt\/?p=3839"},"modified":"2020-11-18T14:16:01","modified_gmt":"2020-11-18T14:16:01","slug":"em-versao-online-o-trafico-de-artes-no-guadiana-deixou-a-sua-marca-no-territorio-e-contou-com-a-presenca-da-ministra-da-coesao-territorial","status":"publish","type":"post","link":"https:\/\/algarve7.pt\/index.php\/2020\/11\/em-versao-online-o-trafico-de-artes-no-guadiana-deixou-a-sua-marca-no-territorio-e-contou-com-a-presenca-da-ministra-da-coesao-territorial\/cultura\/14\/16\/","title":{"rendered":"Em vers\u00e3o Online o\u201d Tr\u00e1fico de Artes no Guadiana\u201d deixou a sua marca no territ\u00f3rio e contou com a presen\u00e7a da Ministra da Coes\u00e3o Territorial"},"content":{"rendered":"\n<p>A 4.\u00aa edi\u00e7\u00e3o do \u201cTr\u00e1fico de Artes no Guadiana\u201d decorreu de 10 a 15 de novembro, com uma forte componente em formato online, deixou, no territ\u00f3rio de Alcoutim, a obra de arte \u201cLontra\u201d, do artista Bordalo II, e o \u201cT\u00fanel Mem\u00f3rias do Contrabando\u201d, uma estrutura constru\u00edda em cana durante um workshop promovido pela Cooperativa QRER, em parceria a cooperativa \u201cVoltes\u201d. A cerim\u00f3nia de inaugura\u00e7\u00e3o teve lugar dia 15 de novembro, e contou as interven\u00e7\u00f5es do Presidente da C\u00e2mara Municipal de Alcoutim, Osvaldo dos Gon\u00e7alves, do Alcalde do Ayuntamiento Sanl\u00facar de Guadiana, Jose Maria Perez Diaz, do Presidente da Regi\u00e3o de Turismo do Algarve, Jo\u00e3o Fernandes, tendo a mesma sido encerrada pela Senhora Ministra da Coes\u00e3o Territorial, Ana Abrunhosa.&nbsp;<\/p>\n\n\n\n<p>Presentes no evento, estiveram ainda o Presidente da CCDR Algarve, Jos\u00e9 Apolin\u00e1rio, a Comiss\u00e1ria do Programa 365 Algarve, Anabela Afonso e outras entidades locais e regionais.&nbsp;<\/p>\n\n\n\n<p>No decorrer dos cinco dias foi transmitido o document\u00e1rio \u00ab220 metros de Guadiana\u00bb de Paulo Vinhas Moreira, que tem conquistado v\u00e1rios pr\u00e9mios, assim como o filme \u00abE o Rio Corre\u00bb do programa \u00abMar Limiar\u00bb, do arquivo da RTP de 1976. Sob o tema da observa\u00e7\u00e3o de estrelas foi apresentado \u00abSob os Trilhos da Estrela do Norte\u00bb, com relatos com base no cap\u00edtulo \u00abA Estrela do Norte\u00bb das \u00abHist\u00f3rias do Contrabando\u00bb de Paulo Vinhas Moreira, em parceria com a Tour Estela. O programa incluiu ainda a transmiss\u00e3o da instala\u00e7\u00e3o habitada\/performance \u00abAlcoutim Fronteira Fire Words\u00bb, do Artelier by Nuno Paulino, companhia art\u00edstica de \u00e2mbito nacional que j\u00e1 apresentou um espet\u00e1culo no festival Burning Man, nos Estados Unidos, em 2019, assim como as \u201cPar\u00f3dias do Contrabando\u201d onde a \u00c1gua Ardente Produ\u00e7\u00f5es Teatrais realizou v\u00e1rias transmiss\u00f5es de pequenos sketches do festival.<\/p>\n\n\n\n<p>O presidente da C\u00e2mara Municipal de Alcoutim, Osvaldo Gon\u00e7alves, durante a cerim\u00f3nia de inaugura\u00e7\u00e3o, dirigindo-se \u00e0 Senhora Ministra da Coes\u00e3o, frisou a import\u00e2ncia e urg\u00eancia da execu\u00e7\u00e3o de politicas e investimentos estruturais que potenciem a valoriza\u00e7\u00e3o do interior. Ap\u00f3s o t\u00e9rmino do Festival, sublinhou, ainda, o sucesso do evento, quer na vertente presencial quer online, e a import\u00e2ncia de, apesar do contexto de pandemia em que vivemos, ser crucial continuar a apostar na realiza\u00e7\u00e3o de iniciativas que, cumprindo as orienta\u00e7\u00f5es da DGS, permitam levar at\u00e9 aos cidad\u00e3os eventos que, com um car\u00e1cter inovador, promovam a cultura e a identidade alcoutenejas.&nbsp;<\/p>\n","protected":false},"excerpt":{"rendered":"<p>A 4.\u00aa edi\u00e7\u00e3o do \u201cTr\u00e1fico de Artes no Guadiana\u201d decorreu de 10 a 15 de novembro, com uma forte componente<\/p>\n","protected":false},"author":1,"featured_media":3840,"comment_status":"closed","ping_status":"open","sticky":false,"template":"","format":"standard","meta":{"colormag_page_container_layout":"default_layout","colormag_page_sidebar_layout":"default_layout","_monsterinsights_skip_tracking":false,"_monsterinsights_sitenote_active":false,"_monsterinsights_sitenote_note":"","_monsterinsights_sitenote_category":0,"jetpack_post_was_ever_published":false,"_jetpack_newsletter_access":"","_jetpack_dont_email_post_to_subs":false,"_jetpack_newsletter_tier_id":0,"_jetpack_memberships_contains_paywalled_content":false,"_jetpack_memberships_contains_paid_content":false,"footnotes":"","jetpack_publicize_message":"","jetpack_publicize_feature_enabled":true,"jetpack_social_post_already_shared":true,"jetpack_social_options":{"image_generator_settings":{"template":"highway","default_image_id":0,"font":"","enabled":false},"version":2}},"categories":[14],"tags":[79,36,35],"class_list":["post-3839","post","type-post","status-publish","format-standard","has-post-thumbnail","hentry","category-cultura","tag-alcoutim","tag-algarve","tag-cultura"],"yoast_head":"<!-- This site is optimized with the Yoast SEO plugin v27.4 - https:\/\/yoast.com\/product\/yoast-seo-wordpress\/ -->\n<title>Em vers\u00e3o Online o\u201d Tr\u00e1fico de Artes no Guadiana\u201d deixou a sua marca no territ\u00f3rio e contou com a presen\u00e7a da Ministra da Coes\u00e3o Territorial - Algarve 7<\/title>\n<meta name=\"description\" content=\"Em vers\u00e3o Online o\u201d Tr\u00e1fico de Artes no Guadiana\u201d deixou a sua marca no territ\u00f3rio e contou com a presen\u00e7a da Ministra da Coes\u00e3o Territorial Cultura\" \/>\n<meta name=\"robots\" content=\"index, follow, max-snippet:-1, max-image-preview:large, max-video-preview:-1\" \/>\n<link rel=\"canonical\" href=\"https:\/\/algarve7.pt\/index.php\/2020\/11\/em-versao-online-o-trafico-de-artes-no-guadiana-deixou-a-sua-marca-no-territorio-e-contou-com-a-presenca-da-ministra-da-coesao-territorial\/cultura\/14\/16\/\" \/>\n<meta property=\"og:locale\" content=\"pt_PT\" \/>\n<meta property=\"og:type\" content=\"article\" \/>\n<meta property=\"og:title\" content=\"Em vers\u00e3o Online o\u201d Tr\u00e1fico de Artes no Guadiana\u201d deixou a sua marca no territ\u00f3rio e contou com a presen\u00e7a da Ministra da Coes\u00e3o Territorial - Algarve 7\" \/>\n<meta property=\"og:description\" content=\"Em vers\u00e3o Online o\u201d Tr\u00e1fico de Artes no Guadiana\u201d deixou a sua marca no territ\u00f3rio e contou com a presen\u00e7a da Ministra da Coes\u00e3o Territorial Cultura\" \/>\n<meta property=\"og:url\" content=\"https:\/\/algarve7.pt\/index.php\/2020\/11\/em-versao-online-o-trafico-de-artes-no-guadiana-deixou-a-sua-marca-no-territorio-e-contou-com-a-presenca-da-ministra-da-coesao-territorial\/cultura\/14\/16\/\" \/>\n<meta property=\"og:site_name\" content=\"Algarve 7\" \/>\n<meta property=\"article:publisher\" content=\"https:\/\/www.facebook.com\/algarve7\" \/>\n<meta property=\"article:author\" content=\"https:\/\/www.facebook.com\/algarve7\" \/>\n<meta property=\"article:published_time\" content=\"2020-11-18T14:16:00+00:00\" \/>\n<meta property=\"article:modified_time\" content=\"2020-11-18T14:16:01+00:00\" \/>\n<meta property=\"og:image\" content=\"https:\/\/algarve7.pt\/wp-content\/uploads\/2020\/11\/GJ0A9933-1024x683.jpg\" \/>\n\t<meta property=\"og:image:width\" content=\"1024\" \/>\n\t<meta property=\"og:image:height\" content=\"683\" \/>\n\t<meta property=\"og:image:type\" content=\"image\/jpeg\" \/>\n<meta name=\"author\" content=\"Algarve 7\" \/>\n<meta name=\"twitter:card\" content=\"summary_large_image\" \/>\n<meta name=\"twitter:creator\" content=\"@Algarvesete\" \/>\n<meta name=\"twitter:site\" content=\"@Algarvesete\" \/>\n<meta name=\"twitter:label1\" content=\"Escrito por\" \/>\n\t<meta name=\"twitter:data1\" content=\"Algarve 7\" \/>\n\t<meta name=\"twitter:label2\" content=\"Tempo estimado de leitura\" \/>\n\t<meta name=\"twitter:data2\" content=\"2 minutos\" \/>\n<script type=\"application\/ld+json\" class=\"yoast-schema-graph\">{\"@context\":\"https:\\\/\\\/schema.org\",\"@graph\":[{\"@type\":\"Article\",\"@id\":\"https:\\\/\\\/algarve7.pt\\\/index.php\\\/2020\\\/11\\\/em-versao-online-o-trafico-de-artes-no-guadiana-deixou-a-sua-marca-no-territorio-e-contou-com-a-presenca-da-ministra-da-coesao-territorial\\\/cultura\\\/14\\\/16\\\/#article\",\"isPartOf\":{\"@id\":\"https:\\\/\\\/algarve7.pt\\\/index.php\\\/2020\\\/11\\\/em-versao-online-o-trafico-de-artes-no-guadiana-deixou-a-sua-marca-no-territorio-e-contou-com-a-presenca-da-ministra-da-coesao-territorial\\\/cultura\\\/14\\\/16\\\/\"},\"author\":{\"name\":\"Algarve 7\",\"@id\":\"https:\\\/\\\/algarve7.pt\\\/#\\\/schema\\\/person\\\/23fa70681308e7b319a3204bcea45e0c\"},\"headline\":\"Em vers\u00e3o Online o\u201d Tr\u00e1fico de Artes no Guadiana\u201d deixou a sua marca no territ\u00f3rio e contou com a presen\u00e7a da Ministra da Coes\u00e3o Territorial\",\"datePublished\":\"2020-11-18T14:16:00+00:00\",\"dateModified\":\"2020-11-18T14:16:01+00:00\",\"mainEntityOfPage\":{\"@id\":\"https:\\\/\\\/algarve7.pt\\\/index.php\\\/2020\\\/11\\\/em-versao-online-o-trafico-de-artes-no-guadiana-deixou-a-sua-marca-no-territorio-e-contou-com-a-presenca-da-ministra-da-coesao-territorial\\\/cultura\\\/14\\\/16\\\/\"},\"wordCount\":453,\"publisher\":{\"@id\":\"https:\\\/\\\/algarve7.pt\\\/#organization\"},\"image\":{\"@id\":\"https:\\\/\\\/algarve7.pt\\\/index.php\\\/2020\\\/11\\\/em-versao-online-o-trafico-de-artes-no-guadiana-deixou-a-sua-marca-no-territorio-e-contou-com-a-presenca-da-ministra-da-coesao-territorial\\\/cultura\\\/14\\\/16\\\/#primaryimage\"},\"thumbnailUrl\":\"https:\\\/\\\/algarve7.pt\\\/wp-content\\\/uploads\\\/2020\\\/11\\\/GJ0A9933.jpg\",\"keywords\":[\"Alcoutim\",\"Algarve\",\"Cultura\"],\"articleSection\":[\"Cultura\"],\"inLanguage\":\"pt-PT\"},{\"@type\":\"WebPage\",\"@id\":\"https:\\\/\\\/algarve7.pt\\\/index.php\\\/2020\\\/11\\\/em-versao-online-o-trafico-de-artes-no-guadiana-deixou-a-sua-marca-no-territorio-e-contou-com-a-presenca-da-ministra-da-coesao-territorial\\\/cultura\\\/14\\\/16\\\/\",\"url\":\"https:\\\/\\\/algarve7.pt\\\/index.php\\\/2020\\\/11\\\/em-versao-online-o-trafico-de-artes-no-guadiana-deixou-a-sua-marca-no-territorio-e-contou-com-a-presenca-da-ministra-da-coesao-territorial\\\/cultura\\\/14\\\/16\\\/\",\"name\":\"Em vers\u00e3o Online o\u201d Tr\u00e1fico de Artes no Guadiana\u201d deixou a sua marca no territ\u00f3rio e contou com a presen\u00e7a da Ministra da Coes\u00e3o Territorial - Algarve 7\",\"isPartOf\":{\"@id\":\"https:\\\/\\\/algarve7.pt\\\/#website\"},\"primaryImageOfPage\":{\"@id\":\"https:\\\/\\\/algarve7.pt\\\/index.php\\\/2020\\\/11\\\/em-versao-online-o-trafico-de-artes-no-guadiana-deixou-a-sua-marca-no-territorio-e-contou-com-a-presenca-da-ministra-da-coesao-territorial\\\/cultura\\\/14\\\/16\\\/#primaryimage\"},\"image\":{\"@id\":\"https:\\\/\\\/algarve7.pt\\\/index.php\\\/2020\\\/11\\\/em-versao-online-o-trafico-de-artes-no-guadiana-deixou-a-sua-marca-no-territorio-e-contou-com-a-presenca-da-ministra-da-coesao-territorial\\\/cultura\\\/14\\\/16\\\/#primaryimage\"},\"thumbnailUrl\":\"https:\\\/\\\/algarve7.pt\\\/wp-content\\\/uploads\\\/2020\\\/11\\\/GJ0A9933.jpg\",\"datePublished\":\"2020-11-18T14:16:00+00:00\",\"dateModified\":\"2020-11-18T14:16:01+00:00\",\"description\":\"Em vers\u00e3o Online o\u201d Tr\u00e1fico de Artes no Guadiana\u201d deixou a sua marca no territ\u00f3rio e contou com a presen\u00e7a da Ministra da Coes\u00e3o Territorial Cultura\",\"breadcrumb\":{\"@id\":\"https:\\\/\\\/algarve7.pt\\\/index.php\\\/2020\\\/11\\\/em-versao-online-o-trafico-de-artes-no-guadiana-deixou-a-sua-marca-no-territorio-e-contou-com-a-presenca-da-ministra-da-coesao-territorial\\\/cultura\\\/14\\\/16\\\/#breadcrumb\"},\"inLanguage\":\"pt-PT\",\"potentialAction\":[{\"@type\":\"ReadAction\",\"target\":[\"https:\\\/\\\/algarve7.pt\\\/index.php\\\/2020\\\/11\\\/em-versao-online-o-trafico-de-artes-no-guadiana-deixou-a-sua-marca-no-territorio-e-contou-com-a-presenca-da-ministra-da-coesao-territorial\\\/cultura\\\/14\\\/16\\\/\"]}]},{\"@type\":\"ImageObject\",\"inLanguage\":\"pt-PT\",\"@id\":\"https:\\\/\\\/algarve7.pt\\\/index.php\\\/2020\\\/11\\\/em-versao-online-o-trafico-de-artes-no-guadiana-deixou-a-sua-marca-no-territorio-e-contou-com-a-presenca-da-ministra-da-coesao-territorial\\\/cultura\\\/14\\\/16\\\/#primaryimage\",\"url\":\"https:\\\/\\\/algarve7.pt\\\/wp-content\\\/uploads\\\/2020\\\/11\\\/GJ0A9933.jpg\",\"contentUrl\":\"https:\\\/\\\/algarve7.pt\\\/wp-content\\\/uploads\\\/2020\\\/11\\\/GJ0A9933.jpg\",\"width\":1731,\"height\":1154},{\"@type\":\"BreadcrumbList\",\"@id\":\"https:\\\/\\\/algarve7.pt\\\/index.php\\\/2020\\\/11\\\/em-versao-online-o-trafico-de-artes-no-guadiana-deixou-a-sua-marca-no-territorio-e-contou-com-a-presenca-da-ministra-da-coesao-territorial\\\/cultura\\\/14\\\/16\\\/#breadcrumb\",\"itemListElement\":[{\"@type\":\"ListItem\",\"position\":1,\"name\":\"In\u00edcio\",\"item\":\"https:\\\/\\\/algarve7.pt\\\/\"},{\"@type\":\"ListItem\",\"position\":2,\"name\":\"Em vers\u00e3o Online o\u201d Tr\u00e1fico de Artes no Guadiana\u201d deixou a sua marca no territ\u00f3rio e contou com a presen\u00e7a da Ministra da Coes\u00e3o Territorial\"}]},{\"@type\":\"WebSite\",\"@id\":\"https:\\\/\\\/algarve7.pt\\\/#website\",\"url\":\"https:\\\/\\\/algarve7.pt\\\/\",\"name\":\"Algarve 7\",\"description\":\"Informa\u00e7\u00e3o sobre o Algarve\",\"publisher\":{\"@id\":\"https:\\\/\\\/algarve7.pt\\\/#organization\"},\"potentialAction\":[{\"@type\":\"SearchAction\",\"target\":{\"@type\":\"EntryPoint\",\"urlTemplate\":\"https:\\\/\\\/algarve7.pt\\\/?s={search_term_string}\"},\"query-input\":{\"@type\":\"PropertyValueSpecification\",\"valueRequired\":true,\"valueName\":\"search_term_string\"}}],\"inLanguage\":\"pt-PT\"},{\"@type\":\"Organization\",\"@id\":\"https:\\\/\\\/algarve7.pt\\\/#organization\",\"name\":\"Algarve 7\",\"url\":\"https:\\\/\\\/algarve7.pt\\\/\",\"logo\":{\"@type\":\"ImageObject\",\"inLanguage\":\"pt-PT\",\"@id\":\"https:\\\/\\\/algarve7.pt\\\/#\\\/schema\\\/logo\\\/image\\\/\",\"url\":\"https:\\\/\\\/algarve7.pt\\\/wp-content\\\/uploads\\\/2020\\\/10\\\/Logo-8.jpg\",\"contentUrl\":\"https:\\\/\\\/algarve7.pt\\\/wp-content\\\/uploads\\\/2020\\\/10\\\/Logo-8.jpg\",\"width\":1680,\"height\":1186,\"caption\":\"Algarve 7\"},\"image\":{\"@id\":\"https:\\\/\\\/algarve7.pt\\\/#\\\/schema\\\/logo\\\/image\\\/\"},\"sameAs\":[\"https:\\\/\\\/www.facebook.com\\\/algarve7\",\"https:\\\/\\\/x.com\\\/Algarvesete\",\"https:\\\/\\\/www.instagram.com\\\/jornalalgarve7\\\/\",\"https:\\\/\\\/www.linkedin.com\\\/company\\\/algarve7\",\"https:\\\/\\\/www.pinterest.pt\\\/geral0939\\\/_created\\\/\"]},{\"@type\":\"Person\",\"@id\":\"https:\\\/\\\/algarve7.pt\\\/#\\\/schema\\\/person\\\/23fa70681308e7b319a3204bcea45e0c\",\"name\":\"Algarve 7\",\"sameAs\":[\"https:\\\/\\\/algarve7.pt\",\"https:\\\/\\\/www.facebook.com\\\/algarve7\"],\"url\":\"https:\\\/\\\/algarve7.pt\\\/index.php\\\/author\\\/geralalgarve7-pt\\\/\"}]}<\/script>\n<!-- \/ Yoast SEO plugin. -->","yoast_head_json":{"title":"Em vers\u00e3o Online o\u201d Tr\u00e1fico de Artes no Guadiana\u201d deixou a sua marca no territ\u00f3rio e contou com a presen\u00e7a da Ministra da Coes\u00e3o Territorial - Algarve 7","description":"Em vers\u00e3o Online o\u201d Tr\u00e1fico de Artes no Guadiana\u201d deixou a sua marca no territ\u00f3rio e contou com a presen\u00e7a da Ministra da Coes\u00e3o Territorial Cultura","robots":{"index":"index","follow":"follow","max-snippet":"max-snippet:-1","max-image-preview":"max-image-preview:large","max-video-preview":"max-video-preview:-1"},"canonical":"https:\/\/algarve7.pt\/index.php\/2020\/11\/em-versao-online-o-trafico-de-artes-no-guadiana-deixou-a-sua-marca-no-territorio-e-contou-com-a-presenca-da-ministra-da-coesao-territorial\/cultura\/14\/16\/","og_locale":"pt_PT","og_type":"article","og_title":"Em vers\u00e3o Online o\u201d Tr\u00e1fico de Artes no Guadiana\u201d deixou a sua marca no territ\u00f3rio e contou com a presen\u00e7a da Ministra da Coes\u00e3o Territorial - Algarve 7","og_description":"Em vers\u00e3o Online o\u201d Tr\u00e1fico de Artes no Guadiana\u201d deixou a sua marca no territ\u00f3rio e contou com a presen\u00e7a da Ministra da Coes\u00e3o Territorial Cultura","og_url":"https:\/\/algarve7.pt\/index.php\/2020\/11\/em-versao-online-o-trafico-de-artes-no-guadiana-deixou-a-sua-marca-no-territorio-e-contou-com-a-presenca-da-ministra-da-coesao-territorial\/cultura\/14\/16\/","og_site_name":"Algarve 7","article_publisher":"https:\/\/www.facebook.com\/algarve7","article_author":"https:\/\/www.facebook.com\/algarve7","article_published_time":"2020-11-18T14:16:00+00:00","article_modified_time":"2020-11-18T14:16:01+00:00","og_image":[{"width":1024,"height":683,"url":"https:\/\/algarve7.pt\/wp-content\/uploads\/2020\/11\/GJ0A9933-1024x683.jpg","type":"image\/jpeg"}],"author":"Algarve 7","twitter_card":"summary_large_image","twitter_creator":"@Algarvesete","twitter_site":"@Algarvesete","twitter_misc":{"Escrito por":"Algarve 7","Tempo estimado de leitura":"2 minutos"},"schema":{"@context":"https:\/\/schema.org","@graph":[{"@type":"Article","@id":"https:\/\/algarve7.pt\/index.php\/2020\/11\/em-versao-online-o-trafico-de-artes-no-guadiana-deixou-a-sua-marca-no-territorio-e-contou-com-a-presenca-da-ministra-da-coesao-territorial\/cultura\/14\/16\/#article","isPartOf":{"@id":"https:\/\/algarve7.pt\/index.php\/2020\/11\/em-versao-online-o-trafico-de-artes-no-guadiana-deixou-a-sua-marca-no-territorio-e-contou-com-a-presenca-da-ministra-da-coesao-territorial\/cultura\/14\/16\/"},"author":{"name":"Algarve 7","@id":"https:\/\/algarve7.pt\/#\/schema\/person\/23fa70681308e7b319a3204bcea45e0c"},"headline":"Em vers\u00e3o Online o\u201d Tr\u00e1fico de Artes no Guadiana\u201d deixou a sua marca no territ\u00f3rio e contou com a presen\u00e7a da Ministra da Coes\u00e3o Territorial","datePublished":"2020-11-18T14:16:00+00:00","dateModified":"2020-11-18T14:16:01+00:00","mainEntityOfPage":{"@id":"https:\/\/algarve7.pt\/index.php\/2020\/11\/em-versao-online-o-trafico-de-artes-no-guadiana-deixou-a-sua-marca-no-territorio-e-contou-com-a-presenca-da-ministra-da-coesao-territorial\/cultura\/14\/16\/"},"wordCount":453,"publisher":{"@id":"https:\/\/algarve7.pt\/#organization"},"image":{"@id":"https:\/\/algarve7.pt\/index.php\/2020\/11\/em-versao-online-o-trafico-de-artes-no-guadiana-deixou-a-sua-marca-no-territorio-e-contou-com-a-presenca-da-ministra-da-coesao-territorial\/cultura\/14\/16\/#primaryimage"},"thumbnailUrl":"https:\/\/algarve7.pt\/wp-content\/uploads\/2020\/11\/GJ0A9933.jpg","keywords":["Alcoutim","Algarve","Cultura"],"articleSection":["Cultura"],"inLanguage":"pt-PT"},{"@type":"WebPage","@id":"https:\/\/algarve7.pt\/index.php\/2020\/11\/em-versao-online-o-trafico-de-artes-no-guadiana-deixou-a-sua-marca-no-territorio-e-contou-com-a-presenca-da-ministra-da-coesao-territorial\/cultura\/14\/16\/","url":"https:\/\/algarve7.pt\/index.php\/2020\/11\/em-versao-online-o-trafico-de-artes-no-guadiana-deixou-a-sua-marca-no-territorio-e-contou-com-a-presenca-da-ministra-da-coesao-territorial\/cultura\/14\/16\/","name":"Em vers\u00e3o Online o\u201d Tr\u00e1fico de Artes no Guadiana\u201d deixou a sua marca no territ\u00f3rio e contou com a presen\u00e7a da Ministra da Coes\u00e3o Territorial - Algarve 7","isPartOf":{"@id":"https:\/\/algarve7.pt\/#website"},"primaryImageOfPage":{"@id":"https:\/\/algarve7.pt\/index.php\/2020\/11\/em-versao-online-o-trafico-de-artes-no-guadiana-deixou-a-sua-marca-no-territorio-e-contou-com-a-presenca-da-ministra-da-coesao-territorial\/cultura\/14\/16\/#primaryimage"},"image":{"@id":"https:\/\/algarve7.pt\/index.php\/2020\/11\/em-versao-online-o-trafico-de-artes-no-guadiana-deixou-a-sua-marca-no-territorio-e-contou-com-a-presenca-da-ministra-da-coesao-territorial\/cultura\/14\/16\/#primaryimage"},"thumbnailUrl":"https:\/\/algarve7.pt\/wp-content\/uploads\/2020\/11\/GJ0A9933.jpg","datePublished":"2020-11-18T14:16:00+00:00","dateModified":"2020-11-18T14:16:01+00:00","description":"Em vers\u00e3o Online o\u201d Tr\u00e1fico de Artes no Guadiana\u201d deixou a sua marca no territ\u00f3rio e contou com a presen\u00e7a da Ministra da Coes\u00e3o Territorial Cultura","breadcrumb":{"@id":"https:\/\/algarve7.pt\/index.php\/2020\/11\/em-versao-online-o-trafico-de-artes-no-guadiana-deixou-a-sua-marca-no-territorio-e-contou-com-a-presenca-da-ministra-da-coesao-territorial\/cultura\/14\/16\/#breadcrumb"},"inLanguage":"pt-PT","potentialAction":[{"@type":"ReadAction","target":["https:\/\/algarve7.pt\/index.php\/2020\/11\/em-versao-online-o-trafico-de-artes-no-guadiana-deixou-a-sua-marca-no-territorio-e-contou-com-a-presenca-da-ministra-da-coesao-territorial\/cultura\/14\/16\/"]}]},{"@type":"ImageObject","inLanguage":"pt-PT","@id":"https:\/\/algarve7.pt\/index.php\/2020\/11\/em-versao-online-o-trafico-de-artes-no-guadiana-deixou-a-sua-marca-no-territorio-e-contou-com-a-presenca-da-ministra-da-coesao-territorial\/cultura\/14\/16\/#primaryimage","url":"https:\/\/algarve7.pt\/wp-content\/uploads\/2020\/11\/GJ0A9933.jpg","contentUrl":"https:\/\/algarve7.pt\/wp-content\/uploads\/2020\/11\/GJ0A9933.jpg","width":1731,"height":1154},{"@type":"BreadcrumbList","@id":"https:\/\/algarve7.pt\/index.php\/2020\/11\/em-versao-online-o-trafico-de-artes-no-guadiana-deixou-a-sua-marca-no-territorio-e-contou-com-a-presenca-da-ministra-da-coesao-territorial\/cultura\/14\/16\/#breadcrumb","itemListElement":[{"@type":"ListItem","position":1,"name":"In\u00edcio","item":"https:\/\/algarve7.pt\/"},{"@type":"ListItem","position":2,"name":"Em vers\u00e3o Online o\u201d Tr\u00e1fico de Artes no Guadiana\u201d deixou a sua marca no territ\u00f3rio e contou com a presen\u00e7a da Ministra da Coes\u00e3o Territorial"}]},{"@type":"WebSite","@id":"https:\/\/algarve7.pt\/#website","url":"https:\/\/algarve7.pt\/","name":"Algarve 7","description":"Informa\u00e7\u00e3o sobre o Algarve","publisher":{"@id":"https:\/\/algarve7.pt\/#organization"},"potentialAction":[{"@type":"SearchAction","target":{"@type":"EntryPoint","urlTemplate":"https:\/\/algarve7.pt\/?s={search_term_string}"},"query-input":{"@type":"PropertyValueSpecification","valueRequired":true,"valueName":"search_term_string"}}],"inLanguage":"pt-PT"},{"@type":"Organization","@id":"https:\/\/algarve7.pt\/#organization","name":"Algarve 7","url":"https:\/\/algarve7.pt\/","logo":{"@type":"ImageObject","inLanguage":"pt-PT","@id":"https:\/\/algarve7.pt\/#\/schema\/logo\/image\/","url":"https:\/\/algarve7.pt\/wp-content\/uploads\/2020\/10\/Logo-8.jpg","contentUrl":"https:\/\/algarve7.pt\/wp-content\/uploads\/2020\/10\/Logo-8.jpg","width":1680,"height":1186,"caption":"Algarve 7"},"image":{"@id":"https:\/\/algarve7.pt\/#\/schema\/logo\/image\/"},"sameAs":["https:\/\/www.facebook.com\/algarve7","https:\/\/x.com\/Algarvesete","https:\/\/www.instagram.com\/jornalalgarve7\/","https:\/\/www.linkedin.com\/company\/algarve7","https:\/\/www.pinterest.pt\/geral0939\/_created\/"]},{"@type":"Person","@id":"https:\/\/algarve7.pt\/#\/schema\/person\/23fa70681308e7b319a3204bcea45e0c","name":"Algarve 7","sameAs":["https:\/\/algarve7.pt","https:\/\/www.facebook.com\/algarve7"],"url":"https:\/\/algarve7.pt\/index.php\/author\/geralalgarve7-pt\/"}]}},"jetpack_publicize_connections":[],"jetpack_featured_media_url":"https:\/\/algarve7.pt\/wp-content\/uploads\/2020\/11\/GJ0A9933.jpg","jetpack_shortlink":"https:\/\/wp.me\/pcezmW-ZV","jetpack_sharing_enabled":true,"_links":{"self":[{"href":"https:\/\/algarve7.pt\/index.php\/wp-json\/wp\/v2\/posts\/3839","targetHints":{"allow":["GET"]}}],"collection":[{"href":"https:\/\/algarve7.pt\/index.php\/wp-json\/wp\/v2\/posts"}],"about":[{"href":"https:\/\/algarve7.pt\/index.php\/wp-json\/wp\/v2\/types\/post"}],"author":[{"embeddable":true,"href":"https:\/\/algarve7.pt\/index.php\/wp-json\/wp\/v2\/users\/1"}],"replies":[{"embeddable":true,"href":"https:\/\/algarve7.pt\/index.php\/wp-json\/wp\/v2\/comments?post=3839"}],"version-history":[{"count":0,"href":"https:\/\/algarve7.pt\/index.php\/wp-json\/wp\/v2\/posts\/3839\/revisions"}],"wp:featuredmedia":[{"embeddable":true,"href":"https:\/\/algarve7.pt\/index.php\/wp-json\/wp\/v2\/media\/3840"}],"wp:attachment":[{"href":"https:\/\/algarve7.pt\/index.php\/wp-json\/wp\/v2\/media?parent=3839"}],"wp:term":[{"taxonomy":"category","embeddable":true,"href":"https:\/\/algarve7.pt\/index.php\/wp-json\/wp\/v2\/categories?post=3839"},{"taxonomy":"post_tag","embeddable":true,"href":"https:\/\/algarve7.pt\/index.php\/wp-json\/wp\/v2\/tags?post=3839"}],"curies":[{"name":"wp","href":"https:\/\/api.w.org\/{rel}","templated":true}]}}