{"id":3835,"date":"2020-11-18T13:19:43","date_gmt":"2020-11-18T13:19:43","guid":{"rendered":"https:\/\/algarve7.pt\/?p=3835"},"modified":"2020-11-18T13:19:44","modified_gmt":"2020-11-18T13:19:44","slug":"propostas-de-apoio-imediato-as-empresas-por-parte-da-confederacao-do-comercio-e-servicos-de-portugal","status":"publish","type":"post","link":"https:\/\/algarve7.pt\/index.php\/2020\/11\/propostas-de-apoio-imediato-as-empresas-por-parte-da-confederacao-do-comercio-e-servicos-de-portugal\/economia\/13\/19\/","title":{"rendered":"Propostas de Apoio Imediato \u00e0s Empresas por parte da confedera\u00e7\u00e3o do com\u00e9rcio e servi\u00e7os de Portugal"},"content":{"rendered":"\n<p>A Direc\u00e7\u00e3o da CCP, hoje reunida, fez a avalia\u00e7\u00e3o da situa\u00e7\u00e3o de pandemia e das consequ\u00eancias das restri\u00e7\u00f5es entretanto introduzidas, e n\u00e3o pode deixar de manifestar ao Governo a sua preocupa\u00e7\u00e3o face \u00e0 situa\u00e7\u00e3o econ\u00f3mica da generalidade das empresas do com\u00e9rcio e servi\u00e7os, em especial das pme, e o seu descontentamento com a reduzida dimens\u00e3o dos apoios previstos para as empresas.<\/p>\n\n\n\n<p>A CCP estima que para mitigar os preju\u00edzos decorrentes da presente situa\u00e7\u00e3o ser\u00e3o necess\u00e1rios entre a 10 a 15 mil milh\u00f5es de euros.<\/p>\n\n\n\n<p>Admitindo que o Pa\u00eds n\u00e3o tenha condi\u00e7\u00f5es para assumir apoios desta dimens\u00e3o, ainda assim, \u00e9 fundamental introduzir est\u00edmulos \u00e0 procura e medidas de apoio adicionais, designadamente:<\/p>\n\n\n\n<ol class=\"wp-block-list\" type=\"1\"><li>Assegurar o perd\u00e3o de 50% das rendas comerciais entre Abril de 2020 e Mar\u00e7o de 2021;<\/li><\/ol>\n\n\n\n<ul class=\"wp-block-list\"><li>Triplicar os valores previstos para o programa APOIAR.PT;<\/li><\/ul>\n\n\n\n<ul class=\"wp-block-list\"><li>Cria\u00e7\u00e3o de um regime especial de pagamento em presta\u00e7\u00f5es dos principais impostos sem vencimento de juros e sem necessidade de apresenta\u00e7\u00e3o de garantias;<\/li><\/ul>\n\n\n\n<ul class=\"wp-block-list\"><li>Cria\u00e7\u00e3o de um regime especial de pagamento, em doze presta\u00e7\u00f5es, das reten\u00e7\u00f5es na fonte do IRS e contribui\u00e7\u00f5es e quotiza\u00e7\u00f5es para a seguran\u00e7a social, sem vencimento de juros e necessidade de apresenta\u00e7\u00e3o de garantia, como medida de fomento \u00e0 manuten\u00e7\u00e3o de postos de trabalho;<\/li><\/ul>\n\n\n\n<ul class=\"wp-block-list\"><li>Entrega dos valores do IVA, correspondente ao IVA efectivamente cobrado;<\/li><\/ul>\n\n\n\n<ul class=\"wp-block-list\"><li>Incentivo ao abate de ve\u00edculos em fim de vida;<\/li><\/ul>\n\n\n\n<ul class=\"wp-block-list\"><li>Redu\u00e7\u00e3o de custos de contexto ao n\u00edvel fiscal, em particular, suspens\u00e3o das obriga\u00e7\u00f5es administrativas relativas ao SAF.Te QR Code.<\/li><\/ul>\n\n\n\n<p>Sem medidas desta natureza que mitiguem os efeitos da pandemia, a CCP estima que poder\u00e3o encerrar at\u00e9 ao final de Janeiro do pr\u00f3ximo ano, no m\u00ednimo, uma em cada 5 empresas do com\u00e9rcio a retalho e servi\u00e7os ao consumidor.<\/p>\n","protected":false},"excerpt":{"rendered":"<p>A Direc\u00e7\u00e3o da CCP, hoje reunida, fez a avalia\u00e7\u00e3o da situa\u00e7\u00e3o de pandemia e das consequ\u00eancias das restri\u00e7\u00f5es entretanto introduzidas,<\/p>\n","protected":false},"author":1,"featured_media":3836,"comment_status":"closed","ping_status":"open","sticky":false,"template":"","format":"standard","meta":{"colormag_page_container_layout":"default_layout","colormag_page_sidebar_layout":"default_layout","_monsterinsights_skip_tracking":false,"_monsterinsights_sitenote_active":false,"_monsterinsights_sitenote_note":"","_monsterinsights_sitenote_category":0,"jetpack_post_was_ever_published":false,"_jetpack_newsletter_access":"","_jetpack_dont_email_post_to_subs":false,"_jetpack_newsletter_tier_id":0,"_jetpack_memberships_contains_paywalled_content":false,"_jetpack_memberships_contains_paid_content":false,"footnotes":"","jetpack_publicize_message":"","jetpack_publicize_feature_enabled":true,"jetpack_social_post_already_shared":true,"jetpack_social_options":{"image_generator_settings":{"template":"highway","default_image_id":0,"font":"","enabled":false},"version":2}},"categories":[151],"tags":[62,251,153,46],"class_list":["post-3835","post","type-post","status-publish","format-standard","has-post-thumbnail","hentry","category-economia","tag-atualidade","tag-ccp","tag-economia","tag-portugal"],"yoast_head":"<!-- This site is optimized with the Yoast SEO plugin v27.5 - https:\/\/yoast.com\/product\/yoast-seo-wordpress\/ -->\n<title>Propostas de Apoio Imediato \u00e0s Empresas por parte da confedera\u00e7\u00e3o do com\u00e9rcio e servi\u00e7os de Portugal - Algarve 7<\/title>\n<meta name=\"description\" content=\"Propostas de Apoio Imediato \u00e0s Empresas por parte da confedera\u00e7\u00e3o do com\u00e9rcio e servi\u00e7os de Portugal Economia\" \/>\n<meta name=\"robots\" content=\"index, follow, max-snippet:-1, max-image-preview:large, max-video-preview:-1\" \/>\n<link rel=\"canonical\" href=\"https:\/\/algarve7.pt\/index.php\/2020\/11\/propostas-de-apoio-imediato-as-empresas-por-parte-da-confederacao-do-comercio-e-servicos-de-portugal\/economia\/13\/19\/\" \/>\n<meta property=\"og:locale\" content=\"pt_PT\" \/>\n<meta property=\"og:type\" content=\"article\" \/>\n<meta property=\"og:title\" content=\"Propostas de Apoio Imediato \u00e0s Empresas por parte da confedera\u00e7\u00e3o do com\u00e9rcio e servi\u00e7os de Portugal - Algarve 7\" \/>\n<meta property=\"og:description\" content=\"Propostas de Apoio Imediato \u00e0s Empresas por parte da confedera\u00e7\u00e3o do com\u00e9rcio e servi\u00e7os de Portugal Economia\" \/>\n<meta property=\"og:url\" content=\"https:\/\/algarve7.pt\/index.php\/2020\/11\/propostas-de-apoio-imediato-as-empresas-por-parte-da-confederacao-do-comercio-e-servicos-de-portugal\/economia\/13\/19\/\" \/>\n<meta property=\"og:site_name\" content=\"Algarve 7\" \/>\n<meta property=\"article:publisher\" content=\"https:\/\/www.facebook.com\/algarve7\" \/>\n<meta property=\"article:author\" content=\"https:\/\/www.facebook.com\/algarve7\" \/>\n<meta property=\"article:published_time\" content=\"2020-11-18T13:19:43+00:00\" \/>\n<meta property=\"article:modified_time\" content=\"2020-11-18T13:19:44+00:00\" \/>\n<meta property=\"og:image\" content=\"https:\/\/algarve7.pt\/wp-content\/uploads\/2020\/11\/cardCCP.jpg\" \/>\n\t<meta property=\"og:image:width\" content=\"600\" \/>\n\t<meta property=\"og:image:height\" content=\"400\" \/>\n\t<meta property=\"og:image:type\" content=\"image\/jpeg\" \/>\n<meta name=\"author\" content=\"Algarve 7\" \/>\n<meta name=\"twitter:card\" content=\"summary_large_image\" \/>\n<meta name=\"twitter:creator\" content=\"@Algarvesete\" \/>\n<meta name=\"twitter:site\" content=\"@Algarvesete\" \/>\n<meta name=\"twitter:label1\" content=\"Escrito por\" \/>\n\t<meta name=\"twitter:data1\" content=\"Algarve 7\" \/>\n\t<meta name=\"twitter:label2\" content=\"Tempo estimado de leitura\" \/>\n\t<meta name=\"twitter:data2\" content=\"2 minutos\" \/>\n<script type=\"application\/ld+json\" class=\"yoast-schema-graph\">{\"@context\":\"https:\\\/\\\/schema.org\",\"@graph\":[{\"@type\":\"Article\",\"@id\":\"https:\\\/\\\/algarve7.pt\\\/index.php\\\/2020\\\/11\\\/propostas-de-apoio-imediato-as-empresas-por-parte-da-confederacao-do-comercio-e-servicos-de-portugal\\\/economia\\\/13\\\/19\\\/#article\",\"isPartOf\":{\"@id\":\"https:\\\/\\\/algarve7.pt\\\/index.php\\\/2020\\\/11\\\/propostas-de-apoio-imediato-as-empresas-por-parte-da-confederacao-do-comercio-e-servicos-de-portugal\\\/economia\\\/13\\\/19\\\/\"},\"author\":{\"name\":\"Algarve 7\",\"@id\":\"https:\\\/\\\/algarve7.pt\\\/#\\\/schema\\\/person\\\/23fa70681308e7b319a3204bcea45e0c\"},\"headline\":\"Propostas de Apoio Imediato \u00e0s Empresas por parte da confedera\u00e7\u00e3o do com\u00e9rcio e servi\u00e7os de Portugal\",\"datePublished\":\"2020-11-18T13:19:43+00:00\",\"dateModified\":\"2020-11-18T13:19:44+00:00\",\"mainEntityOfPage\":{\"@id\":\"https:\\\/\\\/algarve7.pt\\\/index.php\\\/2020\\\/11\\\/propostas-de-apoio-imediato-as-empresas-por-parte-da-confederacao-do-comercio-e-servicos-de-portugal\\\/economia\\\/13\\\/19\\\/\"},\"wordCount\":334,\"publisher\":{\"@id\":\"https:\\\/\\\/algarve7.pt\\\/#organization\"},\"image\":{\"@id\":\"https:\\\/\\\/algarve7.pt\\\/index.php\\\/2020\\\/11\\\/propostas-de-apoio-imediato-as-empresas-por-parte-da-confederacao-do-comercio-e-servicos-de-portugal\\\/economia\\\/13\\\/19\\\/#primaryimage\"},\"thumbnailUrl\":\"https:\\\/\\\/algarve7.pt\\\/wp-content\\\/uploads\\\/2020\\\/11\\\/cardCCP.jpg\",\"keywords\":[\"Atualidade\",\"CCP\",\"Economia\",\"Portugal\"],\"articleSection\":[\"Economia\"],\"inLanguage\":\"pt-PT\"},{\"@type\":\"WebPage\",\"@id\":\"https:\\\/\\\/algarve7.pt\\\/index.php\\\/2020\\\/11\\\/propostas-de-apoio-imediato-as-empresas-por-parte-da-confederacao-do-comercio-e-servicos-de-portugal\\\/economia\\\/13\\\/19\\\/\",\"url\":\"https:\\\/\\\/algarve7.pt\\\/index.php\\\/2020\\\/11\\\/propostas-de-apoio-imediato-as-empresas-por-parte-da-confederacao-do-comercio-e-servicos-de-portugal\\\/economia\\\/13\\\/19\\\/\",\"name\":\"Propostas de Apoio Imediato \u00e0s Empresas por parte da confedera\u00e7\u00e3o do com\u00e9rcio e servi\u00e7os de Portugal - Algarve 7\",\"isPartOf\":{\"@id\":\"https:\\\/\\\/algarve7.pt\\\/#website\"},\"primaryImageOfPage\":{\"@id\":\"https:\\\/\\\/algarve7.pt\\\/index.php\\\/2020\\\/11\\\/propostas-de-apoio-imediato-as-empresas-por-parte-da-confederacao-do-comercio-e-servicos-de-portugal\\\/economia\\\/13\\\/19\\\/#primaryimage\"},\"image\":{\"@id\":\"https:\\\/\\\/algarve7.pt\\\/index.php\\\/2020\\\/11\\\/propostas-de-apoio-imediato-as-empresas-por-parte-da-confederacao-do-comercio-e-servicos-de-portugal\\\/economia\\\/13\\\/19\\\/#primaryimage\"},\"thumbnailUrl\":\"https:\\\/\\\/algarve7.pt\\\/wp-content\\\/uploads\\\/2020\\\/11\\\/cardCCP.jpg\",\"datePublished\":\"2020-11-18T13:19:43+00:00\",\"dateModified\":\"2020-11-18T13:19:44+00:00\",\"description\":\"Propostas de Apoio Imediato \u00e0s Empresas por parte da confedera\u00e7\u00e3o do com\u00e9rcio e servi\u00e7os de Portugal Economia\",\"breadcrumb\":{\"@id\":\"https:\\\/\\\/algarve7.pt\\\/index.php\\\/2020\\\/11\\\/propostas-de-apoio-imediato-as-empresas-por-parte-da-confederacao-do-comercio-e-servicos-de-portugal\\\/economia\\\/13\\\/19\\\/#breadcrumb\"},\"inLanguage\":\"pt-PT\",\"potentialAction\":[{\"@type\":\"ReadAction\",\"target\":[\"https:\\\/\\\/algarve7.pt\\\/index.php\\\/2020\\\/11\\\/propostas-de-apoio-imediato-as-empresas-por-parte-da-confederacao-do-comercio-e-servicos-de-portugal\\\/economia\\\/13\\\/19\\\/\"]}]},{\"@type\":\"ImageObject\",\"inLanguage\":\"pt-PT\",\"@id\":\"https:\\\/\\\/algarve7.pt\\\/index.php\\\/2020\\\/11\\\/propostas-de-apoio-imediato-as-empresas-por-parte-da-confederacao-do-comercio-e-servicos-de-portugal\\\/economia\\\/13\\\/19\\\/#primaryimage\",\"url\":\"https:\\\/\\\/algarve7.pt\\\/wp-content\\\/uploads\\\/2020\\\/11\\\/cardCCP.jpg\",\"contentUrl\":\"https:\\\/\\\/algarve7.pt\\\/wp-content\\\/uploads\\\/2020\\\/11\\\/cardCCP.jpg\",\"width\":600,\"height\":400},{\"@type\":\"BreadcrumbList\",\"@id\":\"https:\\\/\\\/algarve7.pt\\\/index.php\\\/2020\\\/11\\\/propostas-de-apoio-imediato-as-empresas-por-parte-da-confederacao-do-comercio-e-servicos-de-portugal\\\/economia\\\/13\\\/19\\\/#breadcrumb\",\"itemListElement\":[{\"@type\":\"ListItem\",\"position\":1,\"name\":\"In\u00edcio\",\"item\":\"https:\\\/\\\/algarve7.pt\\\/\"},{\"@type\":\"ListItem\",\"position\":2,\"name\":\"Propostas de Apoio Imediato \u00e0s Empresas por parte da confedera\u00e7\u00e3o do com\u00e9rcio e servi\u00e7os de Portugal\"}]},{\"@type\":\"WebSite\",\"@id\":\"https:\\\/\\\/algarve7.pt\\\/#website\",\"url\":\"https:\\\/\\\/algarve7.pt\\\/\",\"name\":\"Algarve 7\",\"description\":\"Informa\u00e7\u00e3o sobre o Algarve\",\"publisher\":{\"@id\":\"https:\\\/\\\/algarve7.pt\\\/#organization\"},\"potentialAction\":[{\"@type\":\"SearchAction\",\"target\":{\"@type\":\"EntryPoint\",\"urlTemplate\":\"https:\\\/\\\/algarve7.pt\\\/?s={search_term_string}\"},\"query-input\":{\"@type\":\"PropertyValueSpecification\",\"valueRequired\":true,\"valueName\":\"search_term_string\"}}],\"inLanguage\":\"pt-PT\"},{\"@type\":\"Organization\",\"@id\":\"https:\\\/\\\/algarve7.pt\\\/#organization\",\"name\":\"Algarve 7\",\"url\":\"https:\\\/\\\/algarve7.pt\\\/\",\"logo\":{\"@type\":\"ImageObject\",\"inLanguage\":\"pt-PT\",\"@id\":\"https:\\\/\\\/algarve7.pt\\\/#\\\/schema\\\/logo\\\/image\\\/\",\"url\":\"https:\\\/\\\/algarve7.pt\\\/wp-content\\\/uploads\\\/2020\\\/10\\\/Logo-8.jpg\",\"contentUrl\":\"https:\\\/\\\/algarve7.pt\\\/wp-content\\\/uploads\\\/2020\\\/10\\\/Logo-8.jpg\",\"width\":1680,\"height\":1186,\"caption\":\"Algarve 7\"},\"image\":{\"@id\":\"https:\\\/\\\/algarve7.pt\\\/#\\\/schema\\\/logo\\\/image\\\/\"},\"sameAs\":[\"https:\\\/\\\/www.facebook.com\\\/algarve7\",\"https:\\\/\\\/x.com\\\/Algarvesete\",\"https:\\\/\\\/www.instagram.com\\\/jornalalgarve7\\\/\",\"https:\\\/\\\/www.linkedin.com\\\/company\\\/algarve7\",\"https:\\\/\\\/www.pinterest.pt\\\/geral0939\\\/_created\\\/\"]},{\"@type\":\"Person\",\"@id\":\"https:\\\/\\\/algarve7.pt\\\/#\\\/schema\\\/person\\\/23fa70681308e7b319a3204bcea45e0c\",\"name\":\"Algarve 7\",\"sameAs\":[\"https:\\\/\\\/algarve7.pt\",\"https:\\\/\\\/www.facebook.com\\\/algarve7\"],\"url\":\"https:\\\/\\\/algarve7.pt\\\/index.php\\\/author\\\/geralalgarve7-pt\\\/\"}]}<\/script>\n<!-- \/ Yoast SEO plugin. -->","yoast_head_json":{"title":"Propostas de Apoio Imediato \u00e0s Empresas por parte da confedera\u00e7\u00e3o do com\u00e9rcio e servi\u00e7os de Portugal - Algarve 7","description":"Propostas de Apoio Imediato \u00e0s Empresas por parte da confedera\u00e7\u00e3o do com\u00e9rcio e servi\u00e7os de Portugal Economia","robots":{"index":"index","follow":"follow","max-snippet":"max-snippet:-1","max-image-preview":"max-image-preview:large","max-video-preview":"max-video-preview:-1"},"canonical":"https:\/\/algarve7.pt\/index.php\/2020\/11\/propostas-de-apoio-imediato-as-empresas-por-parte-da-confederacao-do-comercio-e-servicos-de-portugal\/economia\/13\/19\/","og_locale":"pt_PT","og_type":"article","og_title":"Propostas de Apoio Imediato \u00e0s Empresas por parte da confedera\u00e7\u00e3o do com\u00e9rcio e servi\u00e7os de Portugal - Algarve 7","og_description":"Propostas de Apoio Imediato \u00e0s Empresas por parte da confedera\u00e7\u00e3o do com\u00e9rcio e servi\u00e7os de Portugal Economia","og_url":"https:\/\/algarve7.pt\/index.php\/2020\/11\/propostas-de-apoio-imediato-as-empresas-por-parte-da-confederacao-do-comercio-e-servicos-de-portugal\/economia\/13\/19\/","og_site_name":"Algarve 7","article_publisher":"https:\/\/www.facebook.com\/algarve7","article_author":"https:\/\/www.facebook.com\/algarve7","article_published_time":"2020-11-18T13:19:43+00:00","article_modified_time":"2020-11-18T13:19:44+00:00","og_image":[{"width":600,"height":400,"url":"https:\/\/algarve7.pt\/wp-content\/uploads\/2020\/11\/cardCCP.jpg","type":"image\/jpeg"}],"author":"Algarve 7","twitter_card":"summary_large_image","twitter_creator":"@Algarvesete","twitter_site":"@Algarvesete","twitter_misc":{"Escrito por":"Algarve 7","Tempo estimado de leitura":"2 minutos"},"schema":{"@context":"https:\/\/schema.org","@graph":[{"@type":"Article","@id":"https:\/\/algarve7.pt\/index.php\/2020\/11\/propostas-de-apoio-imediato-as-empresas-por-parte-da-confederacao-do-comercio-e-servicos-de-portugal\/economia\/13\/19\/#article","isPartOf":{"@id":"https:\/\/algarve7.pt\/index.php\/2020\/11\/propostas-de-apoio-imediato-as-empresas-por-parte-da-confederacao-do-comercio-e-servicos-de-portugal\/economia\/13\/19\/"},"author":{"name":"Algarve 7","@id":"https:\/\/algarve7.pt\/#\/schema\/person\/23fa70681308e7b319a3204bcea45e0c"},"headline":"Propostas de Apoio Imediato \u00e0s Empresas por parte da confedera\u00e7\u00e3o do com\u00e9rcio e servi\u00e7os de Portugal","datePublished":"2020-11-18T13:19:43+00:00","dateModified":"2020-11-18T13:19:44+00:00","mainEntityOfPage":{"@id":"https:\/\/algarve7.pt\/index.php\/2020\/11\/propostas-de-apoio-imediato-as-empresas-por-parte-da-confederacao-do-comercio-e-servicos-de-portugal\/economia\/13\/19\/"},"wordCount":334,"publisher":{"@id":"https:\/\/algarve7.pt\/#organization"},"image":{"@id":"https:\/\/algarve7.pt\/index.php\/2020\/11\/propostas-de-apoio-imediato-as-empresas-por-parte-da-confederacao-do-comercio-e-servicos-de-portugal\/economia\/13\/19\/#primaryimage"},"thumbnailUrl":"https:\/\/algarve7.pt\/wp-content\/uploads\/2020\/11\/cardCCP.jpg","keywords":["Atualidade","CCP","Economia","Portugal"],"articleSection":["Economia"],"inLanguage":"pt-PT"},{"@type":"WebPage","@id":"https:\/\/algarve7.pt\/index.php\/2020\/11\/propostas-de-apoio-imediato-as-empresas-por-parte-da-confederacao-do-comercio-e-servicos-de-portugal\/economia\/13\/19\/","url":"https:\/\/algarve7.pt\/index.php\/2020\/11\/propostas-de-apoio-imediato-as-empresas-por-parte-da-confederacao-do-comercio-e-servicos-de-portugal\/economia\/13\/19\/","name":"Propostas de Apoio Imediato \u00e0s Empresas por parte da confedera\u00e7\u00e3o do com\u00e9rcio e servi\u00e7os de Portugal - Algarve 7","isPartOf":{"@id":"https:\/\/algarve7.pt\/#website"},"primaryImageOfPage":{"@id":"https:\/\/algarve7.pt\/index.php\/2020\/11\/propostas-de-apoio-imediato-as-empresas-por-parte-da-confederacao-do-comercio-e-servicos-de-portugal\/economia\/13\/19\/#primaryimage"},"image":{"@id":"https:\/\/algarve7.pt\/index.php\/2020\/11\/propostas-de-apoio-imediato-as-empresas-por-parte-da-confederacao-do-comercio-e-servicos-de-portugal\/economia\/13\/19\/#primaryimage"},"thumbnailUrl":"https:\/\/algarve7.pt\/wp-content\/uploads\/2020\/11\/cardCCP.jpg","datePublished":"2020-11-18T13:19:43+00:00","dateModified":"2020-11-18T13:19:44+00:00","description":"Propostas de Apoio Imediato \u00e0s Empresas por parte da confedera\u00e7\u00e3o do com\u00e9rcio e servi\u00e7os de Portugal Economia","breadcrumb":{"@id":"https:\/\/algarve7.pt\/index.php\/2020\/11\/propostas-de-apoio-imediato-as-empresas-por-parte-da-confederacao-do-comercio-e-servicos-de-portugal\/economia\/13\/19\/#breadcrumb"},"inLanguage":"pt-PT","potentialAction":[{"@type":"ReadAction","target":["https:\/\/algarve7.pt\/index.php\/2020\/11\/propostas-de-apoio-imediato-as-empresas-por-parte-da-confederacao-do-comercio-e-servicos-de-portugal\/economia\/13\/19\/"]}]},{"@type":"ImageObject","inLanguage":"pt-PT","@id":"https:\/\/algarve7.pt\/index.php\/2020\/11\/propostas-de-apoio-imediato-as-empresas-por-parte-da-confederacao-do-comercio-e-servicos-de-portugal\/economia\/13\/19\/#primaryimage","url":"https:\/\/algarve7.pt\/wp-content\/uploads\/2020\/11\/cardCCP.jpg","contentUrl":"https:\/\/algarve7.pt\/wp-content\/uploads\/2020\/11\/cardCCP.jpg","width":600,"height":400},{"@type":"BreadcrumbList","@id":"https:\/\/algarve7.pt\/index.php\/2020\/11\/propostas-de-apoio-imediato-as-empresas-por-parte-da-confederacao-do-comercio-e-servicos-de-portugal\/economia\/13\/19\/#breadcrumb","itemListElement":[{"@type":"ListItem","position":1,"name":"In\u00edcio","item":"https:\/\/algarve7.pt\/"},{"@type":"ListItem","position":2,"name":"Propostas de Apoio Imediato \u00e0s Empresas por parte da confedera\u00e7\u00e3o do com\u00e9rcio e servi\u00e7os de Portugal"}]},{"@type":"WebSite","@id":"https:\/\/algarve7.pt\/#website","url":"https:\/\/algarve7.pt\/","name":"Algarve 7","description":"Informa\u00e7\u00e3o sobre o Algarve","publisher":{"@id":"https:\/\/algarve7.pt\/#organization"},"potentialAction":[{"@type":"SearchAction","target":{"@type":"EntryPoint","urlTemplate":"https:\/\/algarve7.pt\/?s={search_term_string}"},"query-input":{"@type":"PropertyValueSpecification","valueRequired":true,"valueName":"search_term_string"}}],"inLanguage":"pt-PT"},{"@type":"Organization","@id":"https:\/\/algarve7.pt\/#organization","name":"Algarve 7","url":"https:\/\/algarve7.pt\/","logo":{"@type":"ImageObject","inLanguage":"pt-PT","@id":"https:\/\/algarve7.pt\/#\/schema\/logo\/image\/","url":"https:\/\/algarve7.pt\/wp-content\/uploads\/2020\/10\/Logo-8.jpg","contentUrl":"https:\/\/algarve7.pt\/wp-content\/uploads\/2020\/10\/Logo-8.jpg","width":1680,"height":1186,"caption":"Algarve 7"},"image":{"@id":"https:\/\/algarve7.pt\/#\/schema\/logo\/image\/"},"sameAs":["https:\/\/www.facebook.com\/algarve7","https:\/\/x.com\/Algarvesete","https:\/\/www.instagram.com\/jornalalgarve7\/","https:\/\/www.linkedin.com\/company\/algarve7","https:\/\/www.pinterest.pt\/geral0939\/_created\/"]},{"@type":"Person","@id":"https:\/\/algarve7.pt\/#\/schema\/person\/23fa70681308e7b319a3204bcea45e0c","name":"Algarve 7","sameAs":["https:\/\/algarve7.pt","https:\/\/www.facebook.com\/algarve7"],"url":"https:\/\/algarve7.pt\/index.php\/author\/geralalgarve7-pt\/"}]}},"jetpack_publicize_connections":[],"jetpack_featured_media_url":"https:\/\/algarve7.pt\/wp-content\/uploads\/2020\/11\/cardCCP.jpg","jetpack_shortlink":"https:\/\/wp.me\/pcezmW-ZR","jetpack_sharing_enabled":true,"_links":{"self":[{"href":"https:\/\/algarve7.pt\/index.php\/wp-json\/wp\/v2\/posts\/3835","targetHints":{"allow":["GET"]}}],"collection":[{"href":"https:\/\/algarve7.pt\/index.php\/wp-json\/wp\/v2\/posts"}],"about":[{"href":"https:\/\/algarve7.pt\/index.php\/wp-json\/wp\/v2\/types\/post"}],"author":[{"embeddable":true,"href":"https:\/\/algarve7.pt\/index.php\/wp-json\/wp\/v2\/users\/1"}],"replies":[{"embeddable":true,"href":"https:\/\/algarve7.pt\/index.php\/wp-json\/wp\/v2\/comments?post=3835"}],"version-history":[{"count":0,"href":"https:\/\/algarve7.pt\/index.php\/wp-json\/wp\/v2\/posts\/3835\/revisions"}],"wp:featuredmedia":[{"embeddable":true,"href":"https:\/\/algarve7.pt\/index.php\/wp-json\/wp\/v2\/media\/3836"}],"wp:attachment":[{"href":"https:\/\/algarve7.pt\/index.php\/wp-json\/wp\/v2\/media?parent=3835"}],"wp:term":[{"taxonomy":"category","embeddable":true,"href":"https:\/\/algarve7.pt\/index.php\/wp-json\/wp\/v2\/categories?post=3835"},{"taxonomy":"post_tag","embeddable":true,"href":"https:\/\/algarve7.pt\/index.php\/wp-json\/wp\/v2\/tags?post=3835"}],"curies":[{"name":"wp","href":"https:\/\/api.w.org\/{rel}","templated":true}]}}