{"id":38222,"date":"2024-05-02T16:20:00","date_gmt":"2024-05-02T15:20:00","guid":{"rendered":"https:\/\/algarve7.pt\/?p=38222"},"modified":"2024-05-02T15:44:41","modified_gmt":"2024-05-02T14:44:41","slug":"arena-acolhe-31a-edicao-do-tip-torneio-internacional-de-portimao-em-ginastica-ritmica","status":"publish","type":"post","link":"https:\/\/algarve7.pt\/index.php\/2024\/05\/arena-acolhe-31a-edicao-do-tip-torneio-internacional-de-portimao-em-ginastica-ritmica\/desporto\/16\/20\/","title":{"rendered":"Arena acolhe 31\u00aa edi\u00e7\u00e3o do TIP &#8211; Torneio Internacional de Portim\u00e3o em Gin\u00e1stica R\u00edtmica"},"content":{"rendered":"\n<p class=\"wp-block-paragraph\">Na primeira quinzena de maio, Portim\u00e3o voltar\u00e1 a ser a capital da gin\u00e1stica r\u00edtmica, com a realiza\u00e7\u00e3o de duas competi\u00e7\u00f5es de refer\u00eancia no calend\u00e1rio mundial, como s\u00e3o os casos do 31\u00ba TIP &#8211; Torneio Internacional de Portim\u00e3o (4 a 6) e da etapa portuguesa relativa \u00e0 Ta\u00e7a do Mundo de 2024 (10 a 12), ambos a decorrer no Portim\u00e3o Arena e com entrada livre.&nbsp;<\/p>\n\n\n\n<p class=\"wp-block-paragraph\">Sob organiza\u00e7\u00e3o da Federa\u00e7\u00e3o de Gin\u00e1stica de Portugal e da C\u00e2mara Municipal de Portim\u00e3o, o TIP reveste-se de grande import\u00e2ncia para as ginastas juniores, por ser das poucas provas abertas ao seu escal\u00e3o, participando na edi\u00e7\u00e3o deste ano cerca de 70 atletas, oriundas de pa\u00edses como \u00c1frica do Sul, Alemanha, Austr\u00e1lia, Brasil, Canad\u00e1, Eslov\u00e9nia, Estados Unidos da Am\u00e9rica, Est\u00f3nia, Guatemala, Irlanda, Jap\u00e3o, M\u00e9xico, Portugal, Su\u00ed\u00e7a e Venezuela.&nbsp;<\/p>\n\n\n\n<p class=\"wp-block-paragraph\">Portugal estar\u00e1 representado pelas ginastas juniores Benedita Esteves, Carolina Freitas, Filipa Sim\u00f5es, Let\u00edcia Ribeiro, Maria Os\u00f3rio, Maria Leonor Baptista e Mafalda Santos e pelas seniores Anamar Couto, Bruna Tavares, Elisabete Seletcaia, Joana Pinheiro, Margarida Andrade, Matilde Castro, Rita Ara\u00fajo e Sara Costa.&nbsp;<\/p>\n\n\n\n<p class=\"wp-block-paragraph\">As provas iniciam-se \u00e0s 10h15 de 4 de maio com as ginastas juniores (grupos A e B) e prolongam-se at\u00e9 \u00e0s 14h40. Ap\u00f3s a apresenta\u00e7\u00e3o oficial das comitivas, marcada para as 15h00, a tarde deste primeiro dia ser\u00e1 dedicada \u00e0s atletas seniores, que evoluir\u00e3o at\u00e9 cerca das 21h30.<\/p>\n\n\n\n<p class=\"wp-block-paragraph\">No domingo, 5 de maio, o dia tamb\u00e9m ser\u00e1 repartido entre as ginastas juniores e seniores, que voltar\u00e3o a demonstrar as suas capacidades com arco, bola, ma\u00e7as e fita, merecendo destaque na programa\u00e7\u00e3o as cerim\u00f3nias protocolares.<\/p>\n\n\n\n<p class=\"wp-block-paragraph\">Todas as finais do 31\u00ba TIP e respetivas cerim\u00f3nias de entrega de trof\u00e9us est\u00e3o reservadas para o dia 6 de maio, com o encerramento da competi\u00e7\u00e3o agendado para as 19h20.<\/p>\n\n\n\n<p class=\"wp-block-paragraph\">No fim de semana seguinte ser\u00e1 a vez de regressar a Portim\u00e3o a Ta\u00e7a do Mundo de Gin\u00e1stica R\u00edtmica, cujos detalhes ser\u00e3o divulgados oportunamente.<\/p>\n\n\n\n<p class=\"wp-block-paragraph\"><strong>PROGRAMA 31\u00ba TIP:<\/strong><strong><\/strong><\/p>\n\n\n\n<p class=\"wp-block-paragraph\"><strong>S\u00e1bado, 4 de maio<\/strong><\/p>\n\n\n\n<p class=\"wp-block-paragraph\">10h15-11h45 &nbsp;&nbsp;&nbsp;&nbsp;&nbsp;&nbsp; Competi\u00e7\u00e3o de Juniores (GR. A) Arco e Bola<\/p>\n\n\n\n<p class=\"wp-block-paragraph\">11h45-12h00 &nbsp;&nbsp;&nbsp;&nbsp;&nbsp;&nbsp; Intervalo<\/p>\n\n\n\n<p class=\"wp-block-paragraph\">12h00 13h25 &nbsp;&nbsp;&nbsp;&nbsp;&nbsp;&nbsp; Competi\u00e7\u00e3o de Juniores (GR. B) Arco e Bola<\/p>\n\n\n\n<p class=\"wp-block-paragraph\">13h20-14h40 &nbsp;&nbsp;&nbsp;&nbsp;&nbsp;&nbsp; Intervalo<\/p>\n\n\n\n<p class=\"wp-block-paragraph\">14h40-15h00 &nbsp;&nbsp;&nbsp;&nbsp;&nbsp;&nbsp; Apresenta\u00e7\u00e3o dos pa\u00edses participantes<\/p>\n\n\n\n<p class=\"wp-block-paragraph\">15h00 16h25 &nbsp;&nbsp;&nbsp;&nbsp;&nbsp;&nbsp; Competi\u00e7\u00e3o de Seniores (GR. A) Arco e Bola<\/p>\n\n\n\n<p class=\"wp-block-paragraph\">16h25-16h40 &nbsp;&nbsp;&nbsp;&nbsp;&nbsp;&nbsp; Intervalo<\/p>\n\n\n\n<p class=\"wp-block-paragraph\">16h40-18h05 &nbsp;&nbsp;&nbsp;&nbsp;&nbsp;&nbsp; Competi\u00e7\u00e3o de Seniores (GR. B) Arco e Bola<\/p>\n\n\n\n<p class=\"wp-block-paragraph\">18h05-18h25 &nbsp;&nbsp;&nbsp;&nbsp;&nbsp;&nbsp; Intervalo<\/p>\n\n\n\n<p class=\"wp-block-paragraph\">18h25-19h50 &nbsp;&nbsp;&nbsp;&nbsp;&nbsp;&nbsp; Competi\u00e7\u00e3o de Seniores (GR. C) Arco e Bola<\/p>\n\n\n\n<p class=\"wp-block-paragraph\"><strong>Domingo, 5 de maio<\/strong><\/p>\n\n\n\n<p class=\"wp-block-paragraph\">10h15-11h40 &nbsp;&nbsp;&nbsp;&nbsp;&nbsp;&nbsp; Competi\u00e7\u00e3o de Juniores (GR. B) Ma\u00e7as e Fita<\/p>\n\n\n\n<p class=\"wp-block-paragraph\">11h40-11h55 &nbsp;&nbsp;&nbsp;&nbsp;&nbsp;&nbsp; Intervalo<\/p>\n\n\n\n<p class=\"wp-block-paragraph\">11h55 13h25 &nbsp;&nbsp;&nbsp;&nbsp;&nbsp;&nbsp; Competi\u00e7\u00e3o de Juniores (GR. A) Ma\u00e7as e Fita<\/p>\n\n\n\n<p class=\"wp-block-paragraph\">13h25-13h35 &nbsp;&nbsp;&nbsp;&nbsp;&nbsp;&nbsp; Cerim\u00f3nias Protocolares Juniores (concurso Geral)<\/p>\n\n\n\n<p class=\"wp-block-paragraph\">13h35-14h50 &nbsp;&nbsp;&nbsp;&nbsp;&nbsp;&nbsp; Intervalo<\/p>\n\n\n\n<p class=\"wp-block-paragraph\">14h50 16h15 &nbsp;&nbsp;&nbsp;&nbsp;&nbsp;&nbsp; Competi\u00e7\u00e3o de Seniores (GR. B) Ma\u00e7as e Fita<\/p>\n\n\n\n<p class=\"wp-block-paragraph\">16h15-16h30 &nbsp;&nbsp;&nbsp;&nbsp;&nbsp;&nbsp; Intervalo<\/p>\n\n\n\n<p class=\"wp-block-paragraph\">16h30-17h55&nbsp;&nbsp;&nbsp;&nbsp;&nbsp;&nbsp;&nbsp; Competi\u00e7\u00e3o de Seniores (GR. C) Ma\u00e7as e Fita<\/p>\n\n\n\n<p class=\"wp-block-paragraph\">17h55-18h15 &nbsp;&nbsp;&nbsp;&nbsp;&nbsp;&nbsp; Intervalo<\/p>\n\n\n\n<p class=\"wp-block-paragraph\">18h15-19h40 &nbsp;&nbsp;&nbsp;&nbsp;&nbsp;&nbsp; Competi\u00e7\u00e3o de Seniores (GR. A) Ma\u00e7as e Fita<\/p>\n\n\n\n<p class=\"wp-block-paragraph\">19h40-19h50 &nbsp;&nbsp;&nbsp;&nbsp;&nbsp;&nbsp; Cerim\u00f3nias Protocolares Seniores (concurso geral)<\/p>\n\n\n\n<p class=\"wp-block-paragraph\"><strong>Segunda-feira, 6 de maio<\/strong><\/p>\n\n\n\n<p class=\"wp-block-paragraph\">14h00-14h30 &nbsp;&nbsp;&nbsp;&nbsp;&nbsp;&nbsp; Finais Juniores Arco<\/p>\n\n\n\n<p class=\"wp-block-paragraph\">14h30-15h00 &nbsp;&nbsp;&nbsp;&nbsp;&nbsp;&nbsp; Finais Juniores Bola<\/p>\n\n\n\n<p class=\"wp-block-paragraph\">15h00-15h10&nbsp;&nbsp;&nbsp;&nbsp;&nbsp;&nbsp;&nbsp; Intervalo<\/p>\n\n\n\n<p class=\"wp-block-paragraph\">15h10-15h40 &nbsp;&nbsp;&nbsp;&nbsp;&nbsp;&nbsp; Finais Juniores Ma\u00e7as<\/p>\n\n\n\n<p class=\"wp-block-paragraph\">15h40-16h10 &nbsp;&nbsp;&nbsp;&nbsp;&nbsp;&nbsp; Finais Juniores Fita<\/p>\n\n\n\n<p class=\"wp-block-paragraph\">16h10-16h30 &nbsp;&nbsp;&nbsp;&nbsp;&nbsp;&nbsp; Cerim\u00f3nias Protocolares Finais de Juniores<\/p>\n\n\n\n<p class=\"wp-block-paragraph\">16h30-16h45&nbsp;&nbsp;&nbsp;&nbsp;&nbsp;&nbsp;&nbsp; Intervalo<\/p>\n\n\n\n<p class=\"wp-block-paragraph\">16h45-17h15&nbsp;&nbsp;&nbsp;&nbsp;&nbsp;&nbsp;&nbsp; Finais Seniores Arco<\/p>\n\n\n\n<p class=\"wp-block-paragraph\">17h15-17h45 &nbsp;&nbsp;&nbsp;&nbsp;&nbsp;&nbsp; Finais Seniores Bola<\/p>\n\n\n\n<p class=\"wp-block-paragraph\">17h45-18h00 &nbsp;&nbsp;&nbsp;&nbsp;&nbsp;&nbsp; Intervalo<\/p>\n\n\n\n<p class=\"wp-block-paragraph\">18h00-18h30 &nbsp;&nbsp;&nbsp;&nbsp;&nbsp;&nbsp; Finais Seniores Ma\u00e7as<\/p>\n\n\n\n<p class=\"wp-block-paragraph\">18h30-19h00 &nbsp;&nbsp;&nbsp;&nbsp;&nbsp;&nbsp; Finais Seniores Fita<\/p>\n\n\n\n<p class=\"wp-block-paragraph\">19h00-19h20 &nbsp;&nbsp;&nbsp;&nbsp;&nbsp;&nbsp; Cerim\u00f3nias Protocolares Finais de Seniores<\/p>\n","protected":false},"excerpt":{"rendered":"<p>Na primeira quinzena de maio, Portim\u00e3o voltar\u00e1 a ser a capital da gin\u00e1stica r\u00edtmica, com a realiza\u00e7\u00e3o de duas competi\u00e7\u00f5es<\/p>\n","protected":false},"author":1,"featured_media":38223,"comment_status":"closed","ping_status":"open","sticky":false,"template":"","format":"standard","meta":{"colormag_page_container_layout":"default_layout","colormag_page_sidebar_layout":"default_layout","_monsterinsights_skip_tracking":false,"_jetpack_newsletter_access":"","_jetpack_dont_email_post_to_subs":false,"_jetpack_newsletter_tier_id":0,"_jetpack_memberships_contains_paywalled_content":false,"_jetpack_feature_clip_id":0,"_jetpack_memberships_contains_paid_content":false,"footnotes":"","jetpack_publicize_message":"","jetpack_publicize_feature_enabled":true,"jetpack_social_post_already_shared":false,"jetpack_social_options":{"image_generator_settings":{"template":"highway","default_image_id":0,"font":"","enabled":false},"version":2},"jetpack_post_was_ever_published":false},"categories":[15],"tags":[36,40,72],"class_list":["post-38222","post","type-post","status-publish","format-standard","has-post-thumbnail","hentry","category-desporto","tag-algarve","tag-desporto","tag-portimao"],"yoast_head":"<!-- This site is optimized with the Yoast SEO plugin v28.3 - https:\/\/yoast.com\/product\/yoast-seo-wordpress\/ -->\n<title>Arena acolhe 31\u00aa edi\u00e7\u00e3o do TIP - Torneio Internacional de Portim\u00e3o em Gin\u00e1stica R\u00edtmica - Algarve 7<\/title>\n<meta name=\"description\" content=\"Arena acolhe 31\u00aa edi\u00e7\u00e3o do TIP - Torneio Internacional de Portim\u00e3o em Gin\u00e1stica R\u00edtmica Desporto\" \/>\n<meta name=\"robots\" content=\"index, follow, max-snippet:-1, max-image-preview:large, max-video-preview:-1\" \/>\n<link rel=\"canonical\" href=\"https:\/\/algarve7.pt\/index.php\/2024\/05\/arena-acolhe-31a-edicao-do-tip-torneio-internacional-de-portimao-em-ginastica-ritmica\/desporto\/16\/20\/\" \/>\n<meta property=\"og:locale\" content=\"pt_PT\" \/>\n<meta property=\"og:type\" content=\"article\" \/>\n<meta property=\"og:title\" content=\"Arena acolhe 31\u00aa edi\u00e7\u00e3o do TIP - Torneio Internacional de Portim\u00e3o em Gin\u00e1stica R\u00edtmica - Algarve 7\" \/>\n<meta property=\"og:description\" content=\"Arena acolhe 31\u00aa edi\u00e7\u00e3o do TIP - Torneio Internacional de Portim\u00e3o em Gin\u00e1stica R\u00edtmica Desporto\" \/>\n<meta property=\"og:url\" content=\"https:\/\/algarve7.pt\/index.php\/2024\/05\/arena-acolhe-31a-edicao-do-tip-torneio-internacional-de-portimao-em-ginastica-ritmica\/desporto\/16\/20\/\" \/>\n<meta property=\"og:site_name\" content=\"Algarve 7\" \/>\n<meta property=\"article:publisher\" content=\"https:\/\/www.facebook.com\/algarve7\" \/>\n<meta property=\"article:author\" content=\"https:\/\/www.facebook.com\/algarve7\" \/>\n<meta property=\"article:published_time\" content=\"2024-05-02T15:20:00+00:00\" \/>\n<meta property=\"og:image\" content=\"https:\/\/algarve7.pt\/wp-content\/uploads\/2024\/05\/TIP-2.png\" \/>\n\t<meta property=\"og:image:width\" content=\"800\" \/>\n\t<meta property=\"og:image:height\" content=\"470\" \/>\n\t<meta property=\"og:image:type\" content=\"image\/png\" \/>\n<meta name=\"author\" content=\"Algarve 7\" \/>\n<meta name=\"twitter:card\" content=\"summary_large_image\" \/>\n<meta name=\"twitter:creator\" content=\"@Algarvesete\" \/>\n<meta name=\"twitter:site\" content=\"@Algarvesete\" \/>\n<meta name=\"twitter:label1\" content=\"Escrito por\" \/>\n\t<meta name=\"twitter:data1\" content=\"Algarve 7\" \/>\n\t<meta name=\"twitter:label2\" content=\"Tempo estimado de leitura\" \/>\n\t<meta name=\"twitter:data2\" content=\"3 minutos\" \/>\n<script type=\"application\/ld+json\" class=\"yoast-schema-graph\">{\"@context\":\"https:\\\/\\\/schema.org\",\"@graph\":[{\"@type\":\"Article\",\"@id\":\"https:\\\/\\\/algarve7.pt\\\/index.php\\\/2024\\\/05\\\/arena-acolhe-31a-edicao-do-tip-torneio-internacional-de-portimao-em-ginastica-ritmica\\\/desporto\\\/16\\\/20\\\/#article\",\"isPartOf\":{\"@id\":\"https:\\\/\\\/algarve7.pt\\\/index.php\\\/2024\\\/05\\\/arena-acolhe-31a-edicao-do-tip-torneio-internacional-de-portimao-em-ginastica-ritmica\\\/desporto\\\/16\\\/20\\\/\"},\"author\":{\"name\":\"Algarve 7\",\"@id\":\"https:\\\/\\\/algarve7.pt\\\/#\\\/schema\\\/person\\\/23fa70681308e7b319a3204bcea45e0c\"},\"headline\":\"Arena acolhe 31\u00aa edi\u00e7\u00e3o do TIP &#8211; Torneio Internacional de Portim\u00e3o em Gin\u00e1stica R\u00edtmica\",\"datePublished\":\"2024-05-02T15:20:00+00:00\",\"mainEntityOfPage\":{\"@id\":\"https:\\\/\\\/algarve7.pt\\\/index.php\\\/2024\\\/05\\\/arena-acolhe-31a-edicao-do-tip-torneio-internacional-de-portimao-em-ginastica-ritmica\\\/desporto\\\/16\\\/20\\\/\"},\"wordCount\":847,\"publisher\":{\"@id\":\"https:\\\/\\\/algarve7.pt\\\/#organization\"},\"image\":{\"@id\":\"https:\\\/\\\/algarve7.pt\\\/index.php\\\/2024\\\/05\\\/arena-acolhe-31a-edicao-do-tip-torneio-internacional-de-portimao-em-ginastica-ritmica\\\/desporto\\\/16\\\/20\\\/#primaryimage\"},\"thumbnailUrl\":\"https:\\\/\\\/algarve7.pt\\\/wp-content\\\/uploads\\\/2024\\\/05\\\/TIP-2.png\",\"keywords\":[\"Algarve\",\"Desporto\",\"Portim\u00e3o\"],\"articleSection\":[\"Desporto\"],\"inLanguage\":\"pt-PT\"},{\"@type\":\"WebPage\",\"@id\":\"https:\\\/\\\/algarve7.pt\\\/index.php\\\/2024\\\/05\\\/arena-acolhe-31a-edicao-do-tip-torneio-internacional-de-portimao-em-ginastica-ritmica\\\/desporto\\\/16\\\/20\\\/\",\"url\":\"https:\\\/\\\/algarve7.pt\\\/index.php\\\/2024\\\/05\\\/arena-acolhe-31a-edicao-do-tip-torneio-internacional-de-portimao-em-ginastica-ritmica\\\/desporto\\\/16\\\/20\\\/\",\"name\":\"Arena acolhe 31\u00aa edi\u00e7\u00e3o do TIP - Torneio Internacional de Portim\u00e3o em Gin\u00e1stica R\u00edtmica - Algarve 7\",\"isPartOf\":{\"@id\":\"https:\\\/\\\/algarve7.pt\\\/#website\"},\"primaryImageOfPage\":{\"@id\":\"https:\\\/\\\/algarve7.pt\\\/index.php\\\/2024\\\/05\\\/arena-acolhe-31a-edicao-do-tip-torneio-internacional-de-portimao-em-ginastica-ritmica\\\/desporto\\\/16\\\/20\\\/#primaryimage\"},\"image\":{\"@id\":\"https:\\\/\\\/algarve7.pt\\\/index.php\\\/2024\\\/05\\\/arena-acolhe-31a-edicao-do-tip-torneio-internacional-de-portimao-em-ginastica-ritmica\\\/desporto\\\/16\\\/20\\\/#primaryimage\"},\"thumbnailUrl\":\"https:\\\/\\\/algarve7.pt\\\/wp-content\\\/uploads\\\/2024\\\/05\\\/TIP-2.png\",\"datePublished\":\"2024-05-02T15:20:00+00:00\",\"description\":\"Arena acolhe 31\u00aa edi\u00e7\u00e3o do TIP - Torneio Internacional de Portim\u00e3o em Gin\u00e1stica R\u00edtmica Desporto\",\"breadcrumb\":{\"@id\":\"https:\\\/\\\/algarve7.pt\\\/index.php\\\/2024\\\/05\\\/arena-acolhe-31a-edicao-do-tip-torneio-internacional-de-portimao-em-ginastica-ritmica\\\/desporto\\\/16\\\/20\\\/#breadcrumb\"},\"inLanguage\":\"pt-PT\",\"potentialAction\":[{\"@type\":\"ReadAction\",\"target\":[\"https:\\\/\\\/algarve7.pt\\\/index.php\\\/2024\\\/05\\\/arena-acolhe-31a-edicao-do-tip-torneio-internacional-de-portimao-em-ginastica-ritmica\\\/desporto\\\/16\\\/20\\\/\"]}]},{\"@type\":\"ImageObject\",\"inLanguage\":\"pt-PT\",\"@id\":\"https:\\\/\\\/algarve7.pt\\\/index.php\\\/2024\\\/05\\\/arena-acolhe-31a-edicao-do-tip-torneio-internacional-de-portimao-em-ginastica-ritmica\\\/desporto\\\/16\\\/20\\\/#primaryimage\",\"url\":\"https:\\\/\\\/algarve7.pt\\\/wp-content\\\/uploads\\\/2024\\\/05\\\/TIP-2.png\",\"contentUrl\":\"https:\\\/\\\/algarve7.pt\\\/wp-content\\\/uploads\\\/2024\\\/05\\\/TIP-2.png\",\"width\":800,\"height\":470},{\"@type\":\"BreadcrumbList\",\"@id\":\"https:\\\/\\\/algarve7.pt\\\/index.php\\\/2024\\\/05\\\/arena-acolhe-31a-edicao-do-tip-torneio-internacional-de-portimao-em-ginastica-ritmica\\\/desporto\\\/16\\\/20\\\/#breadcrumb\",\"itemListElement\":[{\"@type\":\"ListItem\",\"position\":1,\"name\":\"In\u00edcio\",\"item\":\"https:\\\/\\\/algarve7.pt\\\/\"},{\"@type\":\"ListItem\",\"position\":2,\"name\":\"Arena acolhe 31\u00aa edi\u00e7\u00e3o do TIP &#8211; Torneio Internacional de Portim\u00e3o em Gin\u00e1stica R\u00edtmica\"}]},{\"@type\":\"WebSite\",\"@id\":\"https:\\\/\\\/algarve7.pt\\\/#website\",\"url\":\"https:\\\/\\\/algarve7.pt\\\/\",\"name\":\"Algarve 7\",\"description\":\"Informa\u00e7\u00e3o sobre o Algarve\",\"publisher\":{\"@id\":\"https:\\\/\\\/algarve7.pt\\\/#organization\"},\"potentialAction\":[{\"@type\":\"SearchAction\",\"target\":{\"@type\":\"EntryPoint\",\"urlTemplate\":\"https:\\\/\\\/algarve7.pt\\\/?s={search_term_string}\"},\"query-input\":{\"@type\":\"PropertyValueSpecification\",\"valueRequired\":true,\"valueName\":\"search_term_string\"}}],\"inLanguage\":\"pt-PT\"},{\"@type\":\"Organization\",\"@id\":\"https:\\\/\\\/algarve7.pt\\\/#organization\",\"name\":\"Algarve 7\",\"url\":\"https:\\\/\\\/algarve7.pt\\\/\",\"logo\":{\"@type\":\"ImageObject\",\"inLanguage\":\"pt-PT\",\"@id\":\"https:\\\/\\\/algarve7.pt\\\/#\\\/schema\\\/logo\\\/image\\\/\",\"url\":\"https:\\\/\\\/algarve7.pt\\\/wp-content\\\/uploads\\\/2020\\\/10\\\/Logo-8.jpg\",\"contentUrl\":\"https:\\\/\\\/algarve7.pt\\\/wp-content\\\/uploads\\\/2020\\\/10\\\/Logo-8.jpg\",\"width\":1680,\"height\":1186,\"caption\":\"Algarve 7\"},\"image\":{\"@id\":\"https:\\\/\\\/algarve7.pt\\\/#\\\/schema\\\/logo\\\/image\\\/\"},\"sameAs\":[\"https:\\\/\\\/www.facebook.com\\\/algarve7\",\"https:\\\/\\\/x.com\\\/Algarvesete\",\"https:\\\/\\\/www.instagram.com\\\/jornalalgarve7\\\/\",\"https:\\\/\\\/www.linkedin.com\\\/company\\\/algarve7\",\"https:\\\/\\\/www.pinterest.pt\\\/geral0939\\\/_created\\\/\"]},{\"@type\":\"Person\",\"@id\":\"https:\\\/\\\/algarve7.pt\\\/#\\\/schema\\\/person\\\/23fa70681308e7b319a3204bcea45e0c\",\"name\":\"Algarve 7\",\"sameAs\":[\"https:\\\/\\\/algarve7.pt\",\"https:\\\/\\\/www.facebook.com\\\/algarve7\"],\"url\":\"https:\\\/\\\/algarve7.pt\\\/index.php\\\/author\\\/geralalgarve7-pt\\\/\"}]}<\/script>\n<!-- \/ Yoast SEO plugin. -->","yoast_head_json":{"title":"Arena acolhe 31\u00aa edi\u00e7\u00e3o do TIP - Torneio Internacional de Portim\u00e3o em Gin\u00e1stica R\u00edtmica - Algarve 7","description":"Arena acolhe 31\u00aa edi\u00e7\u00e3o do TIP - Torneio Internacional de Portim\u00e3o em Gin\u00e1stica R\u00edtmica Desporto","robots":{"index":"index","follow":"follow","max-snippet":"max-snippet:-1","max-image-preview":"max-image-preview:large","max-video-preview":"max-video-preview:-1"},"canonical":"https:\/\/algarve7.pt\/index.php\/2024\/05\/arena-acolhe-31a-edicao-do-tip-torneio-internacional-de-portimao-em-ginastica-ritmica\/desporto\/16\/20\/","og_locale":"pt_PT","og_type":"article","og_title":"Arena acolhe 31\u00aa edi\u00e7\u00e3o do TIP - Torneio Internacional de Portim\u00e3o em Gin\u00e1stica R\u00edtmica - Algarve 7","og_description":"Arena acolhe 31\u00aa edi\u00e7\u00e3o do TIP - Torneio Internacional de Portim\u00e3o em Gin\u00e1stica R\u00edtmica Desporto","og_url":"https:\/\/algarve7.pt\/index.php\/2024\/05\/arena-acolhe-31a-edicao-do-tip-torneio-internacional-de-portimao-em-ginastica-ritmica\/desporto\/16\/20\/","og_site_name":"Algarve 7","article_publisher":"https:\/\/www.facebook.com\/algarve7","article_author":"https:\/\/www.facebook.com\/algarve7","article_published_time":"2024-05-02T15:20:00+00:00","og_image":[{"width":800,"height":470,"url":"https:\/\/algarve7.pt\/wp-content\/uploads\/2024\/05\/TIP-2.png","type":"image\/png"}],"author":"Algarve 7","twitter_card":"summary_large_image","twitter_creator":"@Algarvesete","twitter_site":"@Algarvesete","twitter_misc":{"Escrito por":"Algarve 7","Tempo estimado de leitura":"3 minutos"},"schema":{"@context":"https:\/\/schema.org","@graph":[{"@type":"Article","@id":"https:\/\/algarve7.pt\/index.php\/2024\/05\/arena-acolhe-31a-edicao-do-tip-torneio-internacional-de-portimao-em-ginastica-ritmica\/desporto\/16\/20\/#article","isPartOf":{"@id":"https:\/\/algarve7.pt\/index.php\/2024\/05\/arena-acolhe-31a-edicao-do-tip-torneio-internacional-de-portimao-em-ginastica-ritmica\/desporto\/16\/20\/"},"author":{"name":"Algarve 7","@id":"https:\/\/algarve7.pt\/#\/schema\/person\/23fa70681308e7b319a3204bcea45e0c"},"headline":"Arena acolhe 31\u00aa edi\u00e7\u00e3o do TIP &#8211; Torneio Internacional de Portim\u00e3o em Gin\u00e1stica R\u00edtmica","datePublished":"2024-05-02T15:20:00+00:00","mainEntityOfPage":{"@id":"https:\/\/algarve7.pt\/index.php\/2024\/05\/arena-acolhe-31a-edicao-do-tip-torneio-internacional-de-portimao-em-ginastica-ritmica\/desporto\/16\/20\/"},"wordCount":847,"publisher":{"@id":"https:\/\/algarve7.pt\/#organization"},"image":{"@id":"https:\/\/algarve7.pt\/index.php\/2024\/05\/arena-acolhe-31a-edicao-do-tip-torneio-internacional-de-portimao-em-ginastica-ritmica\/desporto\/16\/20\/#primaryimage"},"thumbnailUrl":"https:\/\/algarve7.pt\/wp-content\/uploads\/2024\/05\/TIP-2.png","keywords":["Algarve","Desporto","Portim\u00e3o"],"articleSection":["Desporto"],"inLanguage":"pt-PT"},{"@type":"WebPage","@id":"https:\/\/algarve7.pt\/index.php\/2024\/05\/arena-acolhe-31a-edicao-do-tip-torneio-internacional-de-portimao-em-ginastica-ritmica\/desporto\/16\/20\/","url":"https:\/\/algarve7.pt\/index.php\/2024\/05\/arena-acolhe-31a-edicao-do-tip-torneio-internacional-de-portimao-em-ginastica-ritmica\/desporto\/16\/20\/","name":"Arena acolhe 31\u00aa edi\u00e7\u00e3o do TIP - Torneio Internacional de Portim\u00e3o em Gin\u00e1stica R\u00edtmica - Algarve 7","isPartOf":{"@id":"https:\/\/algarve7.pt\/#website"},"primaryImageOfPage":{"@id":"https:\/\/algarve7.pt\/index.php\/2024\/05\/arena-acolhe-31a-edicao-do-tip-torneio-internacional-de-portimao-em-ginastica-ritmica\/desporto\/16\/20\/#primaryimage"},"image":{"@id":"https:\/\/algarve7.pt\/index.php\/2024\/05\/arena-acolhe-31a-edicao-do-tip-torneio-internacional-de-portimao-em-ginastica-ritmica\/desporto\/16\/20\/#primaryimage"},"thumbnailUrl":"https:\/\/algarve7.pt\/wp-content\/uploads\/2024\/05\/TIP-2.png","datePublished":"2024-05-02T15:20:00+00:00","description":"Arena acolhe 31\u00aa edi\u00e7\u00e3o do TIP - Torneio Internacional de Portim\u00e3o em Gin\u00e1stica R\u00edtmica Desporto","breadcrumb":{"@id":"https:\/\/algarve7.pt\/index.php\/2024\/05\/arena-acolhe-31a-edicao-do-tip-torneio-internacional-de-portimao-em-ginastica-ritmica\/desporto\/16\/20\/#breadcrumb"},"inLanguage":"pt-PT","potentialAction":[{"@type":"ReadAction","target":["https:\/\/algarve7.pt\/index.php\/2024\/05\/arena-acolhe-31a-edicao-do-tip-torneio-internacional-de-portimao-em-ginastica-ritmica\/desporto\/16\/20\/"]}]},{"@type":"ImageObject","inLanguage":"pt-PT","@id":"https:\/\/algarve7.pt\/index.php\/2024\/05\/arena-acolhe-31a-edicao-do-tip-torneio-internacional-de-portimao-em-ginastica-ritmica\/desporto\/16\/20\/#primaryimage","url":"https:\/\/algarve7.pt\/wp-content\/uploads\/2024\/05\/TIP-2.png","contentUrl":"https:\/\/algarve7.pt\/wp-content\/uploads\/2024\/05\/TIP-2.png","width":800,"height":470},{"@type":"BreadcrumbList","@id":"https:\/\/algarve7.pt\/index.php\/2024\/05\/arena-acolhe-31a-edicao-do-tip-torneio-internacional-de-portimao-em-ginastica-ritmica\/desporto\/16\/20\/#breadcrumb","itemListElement":[{"@type":"ListItem","position":1,"name":"In\u00edcio","item":"https:\/\/algarve7.pt\/"},{"@type":"ListItem","position":2,"name":"Arena acolhe 31\u00aa edi\u00e7\u00e3o do TIP &#8211; Torneio Internacional de Portim\u00e3o em Gin\u00e1stica R\u00edtmica"}]},{"@type":"WebSite","@id":"https:\/\/algarve7.pt\/#website","url":"https:\/\/algarve7.pt\/","name":"Algarve 7","description":"Informa\u00e7\u00e3o sobre o Algarve","publisher":{"@id":"https:\/\/algarve7.pt\/#organization"},"potentialAction":[{"@type":"SearchAction","target":{"@type":"EntryPoint","urlTemplate":"https:\/\/algarve7.pt\/?s={search_term_string}"},"query-input":{"@type":"PropertyValueSpecification","valueRequired":true,"valueName":"search_term_string"}}],"inLanguage":"pt-PT"},{"@type":"Organization","@id":"https:\/\/algarve7.pt\/#organization","name":"Algarve 7","url":"https:\/\/algarve7.pt\/","logo":{"@type":"ImageObject","inLanguage":"pt-PT","@id":"https:\/\/algarve7.pt\/#\/schema\/logo\/image\/","url":"https:\/\/algarve7.pt\/wp-content\/uploads\/2020\/10\/Logo-8.jpg","contentUrl":"https:\/\/algarve7.pt\/wp-content\/uploads\/2020\/10\/Logo-8.jpg","width":1680,"height":1186,"caption":"Algarve 7"},"image":{"@id":"https:\/\/algarve7.pt\/#\/schema\/logo\/image\/"},"sameAs":["https:\/\/www.facebook.com\/algarve7","https:\/\/x.com\/Algarvesete","https:\/\/www.instagram.com\/jornalalgarve7\/","https:\/\/www.linkedin.com\/company\/algarve7","https:\/\/www.pinterest.pt\/geral0939\/_created\/"]},{"@type":"Person","@id":"https:\/\/algarve7.pt\/#\/schema\/person\/23fa70681308e7b319a3204bcea45e0c","name":"Algarve 7","sameAs":["https:\/\/algarve7.pt","https:\/\/www.facebook.com\/algarve7"],"url":"https:\/\/algarve7.pt\/index.php\/author\/geralalgarve7-pt\/"}]}},"jetpack_publicize_connections":[],"jetpack_shortlink":"https:\/\/wp.me\/pcezmW-9Wu","jetpack_sharing_enabled":true,"jetpack_featured_media_url":"https:\/\/algarve7.pt\/wp-content\/uploads\/2024\/05\/TIP-2.png","_links":{"self":[{"href":"https:\/\/algarve7.pt\/index.php\/wp-json\/wp\/v2\/posts\/38222","targetHints":{"allow":["GET"]}}],"collection":[{"href":"https:\/\/algarve7.pt\/index.php\/wp-json\/wp\/v2\/posts"}],"about":[{"href":"https:\/\/algarve7.pt\/index.php\/wp-json\/wp\/v2\/types\/post"}],"author":[{"embeddable":true,"href":"https:\/\/algarve7.pt\/index.php\/wp-json\/wp\/v2\/users\/1"}],"replies":[{"embeddable":true,"href":"https:\/\/algarve7.pt\/index.php\/wp-json\/wp\/v2\/comments?post=38222"}],"version-history":[{"count":0,"href":"https:\/\/algarve7.pt\/index.php\/wp-json\/wp\/v2\/posts\/38222\/revisions"}],"wp:featuredmedia":[{"embeddable":true,"href":"https:\/\/algarve7.pt\/index.php\/wp-json\/wp\/v2\/media\/38223"}],"wp:attachment":[{"href":"https:\/\/algarve7.pt\/index.php\/wp-json\/wp\/v2\/media?parent=38222"}],"wp:term":[{"taxonomy":"category","embeddable":true,"href":"https:\/\/algarve7.pt\/index.php\/wp-json\/wp\/v2\/categories?post=38222"},{"taxonomy":"post_tag","embeddable":true,"href":"https:\/\/algarve7.pt\/index.php\/wp-json\/wp\/v2\/tags?post=38222"}],"curies":[{"name":"wp","href":"https:\/\/api.w.org\/{rel}","templated":true}]}}