{"id":3819,"date":"2020-11-18T07:54:21","date_gmt":"2020-11-18T07:54:21","guid":{"rendered":"https:\/\/algarve7.pt\/?p=3819"},"modified":"2020-11-18T07:54:22","modified_gmt":"2020-11-18T07:54:22","slug":"a-paisagem-mediterranica-no-algarve-passado-presente-e-que-futuro","status":"publish","type":"post","link":"https:\/\/algarve7.pt\/index.php\/2020\/11\/a-paisagem-mediterranica-no-algarve-passado-presente-e-que-futuro\/ambiente\/07\/54\/","title":{"rendered":"A Paisagem Mediterr\u00e2nica no Algarve &#8211; Passado, Presente e que Futuro?"},"content":{"rendered":"\n<figure class=\"wp-block-table\"><table><tbody><tr><td>Webinar\u00a0 &#8211; Paisagem Mediterr\u00e2nica no Algarve: Passado, Presente e que Futuro?<br><br>No pr\u00f3ximo s\u00e1bado, dia 21 de novembro, \u00e0s 15h00, discutimos o passado, presente e futuro da Paisagem Mediterr\u00e2nica num\u00a0<em>webinar<\/em>\u00a0dinamizado pela Associa\u00e7\u00e3o Almargem, inserido na candidatura #A\u00daltimaGota_Algarve.<br><br>A Paisagem Mediterr\u00e2nica tem sofrido v\u00e1rias altera\u00e7\u00f5es ao longo do tempo. Neste\u00a0<em>webinar<\/em>\u00a0fazemos um ponto de situa\u00e7\u00e3o e reflex\u00e3o sobre as culturas que t\u00eam ocupado, nos \u00faltimos anos, o territ\u00f3rio da regi\u00e3o.<br><br>Como intervenientes teremos:<br>&#8211; Anabela Santos, vice-presidente da Associa\u00e7\u00e3o Almargem<br>&#8211; Fernando Santos Pessoa, arquiteto paisagista<br>&#8211; Pedro Valadas Monteiro, diretor regional da Agricultura e Pescas do Algarve &#8211; DRAP Algarve<br>&#8211; Paulo Cruz, chefe de divis\u00e3o dos Recurso H\u00eddricos Interiores da\u00a0Ag\u00eancia Portuguesa do Ambiente &#8211; APA<br>&#8211; Gon\u00e7alo Duarte Gomes, arquiteto paisagista<br>A modera\u00e7\u00e3o do debate estar\u00e1 a cargo de Joaquim Mealha, da Associa\u00e7\u00e3o Almargem.<br>A sess\u00e3o ser\u00e1 transmitida via Zoom. Caso deseje assistir, dever\u00e1 inscrever-se no seguinte formul\u00e1rio:\u00a0<a href=\"https:\/\/almargem.us9.list-manage.com\/track\/click?u=fd5d28b9ff8bf4dd001a06349&amp;id=45ef519373&amp;e=fc9a6fc628\" rel=\"noreferrer noopener\" target=\"_blank\">https:\/\/forms.gle\/g3Xcm2zvVAVogso97<\/a><\/td><\/tr><\/tbody><\/table><\/figure>\n","protected":false},"excerpt":{"rendered":"<p>Webinar\u00a0 &#8211; Paisagem Mediterr\u00e2nica no Algarve: Passado, Presente e que Futuro? No pr\u00f3ximo s\u00e1bado, dia 21 de novembro, \u00e0s 15h00,<\/p>\n","protected":false},"author":1,"featured_media":3821,"comment_status":"closed","ping_status":"open","sticky":false,"template":"","format":"standard","meta":{"colormag_page_container_layout":"default_layout","colormag_page_sidebar_layout":"default_layout","_monsterinsights_skip_tracking":false,"_monsterinsights_sitenote_active":false,"_monsterinsights_sitenote_note":"","_monsterinsights_sitenote_category":0,"jetpack_post_was_ever_published":false,"_jetpack_newsletter_access":"","_jetpack_dont_email_post_to_subs":false,"_jetpack_newsletter_tier_id":0,"_jetpack_memberships_contains_paywalled_content":false,"_jetpack_memberships_contains_paid_content":false,"footnotes":"","jetpack_publicize_message":"","jetpack_publicize_feature_enabled":true,"jetpack_social_post_already_shared":true,"jetpack_social_options":{"image_generator_settings":{"template":"highway","default_image_id":0,"font":"","enabled":false},"version":2}},"categories":[5],"tags":[32,246,175],"class_list":["post-3819","post","type-post","status-publish","format-standard","has-post-thumbnail","hentry","category-ambiente","tag-ambiente","tag-associacao-almargem","tag-webinar"],"yoast_head":"<!-- This site is optimized with the Yoast SEO plugin v27.5 - https:\/\/yoast.com\/product\/yoast-seo-wordpress\/ -->\n<title>A Paisagem Mediterr\u00e2nica no Algarve - Passado, Presente e que Futuro? - Algarve 7<\/title>\n<meta name=\"description\" content=\"A Paisagem Mediterr\u00e2nica no Algarve - Passado, Presente e que Futuro? Ambiente\" \/>\n<meta name=\"robots\" content=\"index, follow, max-snippet:-1, max-image-preview:large, max-video-preview:-1\" \/>\n<link rel=\"canonical\" href=\"https:\/\/algarve7.pt\/index.php\/2020\/11\/a-paisagem-mediterranica-no-algarve-passado-presente-e-que-futuro\/ambiente\/07\/54\/\" \/>\n<meta property=\"og:locale\" content=\"pt_PT\" \/>\n<meta property=\"og:type\" content=\"article\" \/>\n<meta property=\"og:title\" content=\"A Paisagem Mediterr\u00e2nica no Algarve - Passado, Presente e que Futuro? - Algarve 7\" \/>\n<meta property=\"og:description\" content=\"A Paisagem Mediterr\u00e2nica no Algarve - Passado, Presente e que Futuro? Ambiente\" \/>\n<meta property=\"og:url\" content=\"https:\/\/algarve7.pt\/index.php\/2020\/11\/a-paisagem-mediterranica-no-algarve-passado-presente-e-que-futuro\/ambiente\/07\/54\/\" \/>\n<meta property=\"og:site_name\" content=\"Algarve 7\" \/>\n<meta property=\"article:publisher\" content=\"https:\/\/www.facebook.com\/algarve7\" \/>\n<meta property=\"article:author\" content=\"https:\/\/www.facebook.com\/algarve7\" \/>\n<meta property=\"article:published_time\" content=\"2020-11-18T07:54:21+00:00\" \/>\n<meta property=\"article:modified_time\" content=\"2020-11-18T07:54:22+00:00\" \/>\n<meta property=\"og:image\" content=\"https:\/\/algarve7.pt\/wp-content\/uploads\/2020\/11\/Captura-de-ecra-2020-11-18-as-07.50.41-897x1024.png\" \/>\n\t<meta property=\"og:image:width\" content=\"897\" \/>\n\t<meta property=\"og:image:height\" content=\"1024\" \/>\n\t<meta property=\"og:image:type\" content=\"image\/png\" \/>\n<meta name=\"author\" content=\"Algarve 7\" \/>\n<meta name=\"twitter:card\" content=\"summary_large_image\" \/>\n<meta name=\"twitter:creator\" content=\"@Algarvesete\" \/>\n<meta name=\"twitter:site\" content=\"@Algarvesete\" \/>\n<meta name=\"twitter:label1\" content=\"Escrito por\" \/>\n\t<meta name=\"twitter:data1\" content=\"Algarve 7\" \/>\n\t<meta name=\"twitter:label2\" content=\"Tempo estimado de leitura\" \/>\n\t<meta name=\"twitter:data2\" content=\"1 minuto\" \/>\n<script type=\"application\/ld+json\" class=\"yoast-schema-graph\">{\"@context\":\"https:\\\/\\\/schema.org\",\"@graph\":[{\"@type\":\"Article\",\"@id\":\"https:\\\/\\\/algarve7.pt\\\/index.php\\\/2020\\\/11\\\/a-paisagem-mediterranica-no-algarve-passado-presente-e-que-futuro\\\/ambiente\\\/07\\\/54\\\/#article\",\"isPartOf\":{\"@id\":\"https:\\\/\\\/algarve7.pt\\\/index.php\\\/2020\\\/11\\\/a-paisagem-mediterranica-no-algarve-passado-presente-e-que-futuro\\\/ambiente\\\/07\\\/54\\\/\"},\"author\":{\"name\":\"Algarve 7\",\"@id\":\"https:\\\/\\\/algarve7.pt\\\/#\\\/schema\\\/person\\\/23fa70681308e7b319a3204bcea45e0c\"},\"headline\":\"A Paisagem Mediterr\u00e2nica no Algarve &#8211; Passado, Presente e que Futuro?\",\"datePublished\":\"2020-11-18T07:54:21+00:00\",\"dateModified\":\"2020-11-18T07:54:22+00:00\",\"mainEntityOfPage\":{\"@id\":\"https:\\\/\\\/algarve7.pt\\\/index.php\\\/2020\\\/11\\\/a-paisagem-mediterranica-no-algarve-passado-presente-e-que-futuro\\\/ambiente\\\/07\\\/54\\\/\"},\"wordCount\":189,\"publisher\":{\"@id\":\"https:\\\/\\\/algarve7.pt\\\/#organization\"},\"image\":{\"@id\":\"https:\\\/\\\/algarve7.pt\\\/index.php\\\/2020\\\/11\\\/a-paisagem-mediterranica-no-algarve-passado-presente-e-que-futuro\\\/ambiente\\\/07\\\/54\\\/#primaryimage\"},\"thumbnailUrl\":\"https:\\\/\\\/algarve7.pt\\\/wp-content\\\/uploads\\\/2020\\\/11\\\/Captura-de-ecra-2020-11-18-as-07.50.41.png\",\"keywords\":[\"Ambiente\",\"Associa\u00e7\u00e3o Almargem\",\"Webinar\"],\"articleSection\":[\"Ambiente\"],\"inLanguage\":\"pt-PT\"},{\"@type\":\"WebPage\",\"@id\":\"https:\\\/\\\/algarve7.pt\\\/index.php\\\/2020\\\/11\\\/a-paisagem-mediterranica-no-algarve-passado-presente-e-que-futuro\\\/ambiente\\\/07\\\/54\\\/\",\"url\":\"https:\\\/\\\/algarve7.pt\\\/index.php\\\/2020\\\/11\\\/a-paisagem-mediterranica-no-algarve-passado-presente-e-que-futuro\\\/ambiente\\\/07\\\/54\\\/\",\"name\":\"A Paisagem Mediterr\u00e2nica no Algarve - Passado, Presente e que Futuro? - Algarve 7\",\"isPartOf\":{\"@id\":\"https:\\\/\\\/algarve7.pt\\\/#website\"},\"primaryImageOfPage\":{\"@id\":\"https:\\\/\\\/algarve7.pt\\\/index.php\\\/2020\\\/11\\\/a-paisagem-mediterranica-no-algarve-passado-presente-e-que-futuro\\\/ambiente\\\/07\\\/54\\\/#primaryimage\"},\"image\":{\"@id\":\"https:\\\/\\\/algarve7.pt\\\/index.php\\\/2020\\\/11\\\/a-paisagem-mediterranica-no-algarve-passado-presente-e-que-futuro\\\/ambiente\\\/07\\\/54\\\/#primaryimage\"},\"thumbnailUrl\":\"https:\\\/\\\/algarve7.pt\\\/wp-content\\\/uploads\\\/2020\\\/11\\\/Captura-de-ecra-2020-11-18-as-07.50.41.png\",\"datePublished\":\"2020-11-18T07:54:21+00:00\",\"dateModified\":\"2020-11-18T07:54:22+00:00\",\"description\":\"A Paisagem Mediterr\u00e2nica no Algarve - Passado, Presente e que Futuro? Ambiente\",\"breadcrumb\":{\"@id\":\"https:\\\/\\\/algarve7.pt\\\/index.php\\\/2020\\\/11\\\/a-paisagem-mediterranica-no-algarve-passado-presente-e-que-futuro\\\/ambiente\\\/07\\\/54\\\/#breadcrumb\"},\"inLanguage\":\"pt-PT\",\"potentialAction\":[{\"@type\":\"ReadAction\",\"target\":[\"https:\\\/\\\/algarve7.pt\\\/index.php\\\/2020\\\/11\\\/a-paisagem-mediterranica-no-algarve-passado-presente-e-que-futuro\\\/ambiente\\\/07\\\/54\\\/\"]}]},{\"@type\":\"ImageObject\",\"inLanguage\":\"pt-PT\",\"@id\":\"https:\\\/\\\/algarve7.pt\\\/index.php\\\/2020\\\/11\\\/a-paisagem-mediterranica-no-algarve-passado-presente-e-que-futuro\\\/ambiente\\\/07\\\/54\\\/#primaryimage\",\"url\":\"https:\\\/\\\/algarve7.pt\\\/wp-content\\\/uploads\\\/2020\\\/11\\\/Captura-de-ecra-2020-11-18-as-07.50.41.png\",\"contentUrl\":\"https:\\\/\\\/algarve7.pt\\\/wp-content\\\/uploads\\\/2020\\\/11\\\/Captura-de-ecra-2020-11-18-as-07.50.41.png\",\"width\":1186,\"height\":1354},{\"@type\":\"BreadcrumbList\",\"@id\":\"https:\\\/\\\/algarve7.pt\\\/index.php\\\/2020\\\/11\\\/a-paisagem-mediterranica-no-algarve-passado-presente-e-que-futuro\\\/ambiente\\\/07\\\/54\\\/#breadcrumb\",\"itemListElement\":[{\"@type\":\"ListItem\",\"position\":1,\"name\":\"In\u00edcio\",\"item\":\"https:\\\/\\\/algarve7.pt\\\/\"},{\"@type\":\"ListItem\",\"position\":2,\"name\":\"A Paisagem Mediterr\u00e2nica no Algarve &#8211; Passado, Presente e que Futuro?\"}]},{\"@type\":\"WebSite\",\"@id\":\"https:\\\/\\\/algarve7.pt\\\/#website\",\"url\":\"https:\\\/\\\/algarve7.pt\\\/\",\"name\":\"Algarve 7\",\"description\":\"Informa\u00e7\u00e3o sobre o Algarve\",\"publisher\":{\"@id\":\"https:\\\/\\\/algarve7.pt\\\/#organization\"},\"potentialAction\":[{\"@type\":\"SearchAction\",\"target\":{\"@type\":\"EntryPoint\",\"urlTemplate\":\"https:\\\/\\\/algarve7.pt\\\/?s={search_term_string}\"},\"query-input\":{\"@type\":\"PropertyValueSpecification\",\"valueRequired\":true,\"valueName\":\"search_term_string\"}}],\"inLanguage\":\"pt-PT\"},{\"@type\":\"Organization\",\"@id\":\"https:\\\/\\\/algarve7.pt\\\/#organization\",\"name\":\"Algarve 7\",\"url\":\"https:\\\/\\\/algarve7.pt\\\/\",\"logo\":{\"@type\":\"ImageObject\",\"inLanguage\":\"pt-PT\",\"@id\":\"https:\\\/\\\/algarve7.pt\\\/#\\\/schema\\\/logo\\\/image\\\/\",\"url\":\"https:\\\/\\\/algarve7.pt\\\/wp-content\\\/uploads\\\/2020\\\/10\\\/Logo-8.jpg\",\"contentUrl\":\"https:\\\/\\\/algarve7.pt\\\/wp-content\\\/uploads\\\/2020\\\/10\\\/Logo-8.jpg\",\"width\":1680,\"height\":1186,\"caption\":\"Algarve 7\"},\"image\":{\"@id\":\"https:\\\/\\\/algarve7.pt\\\/#\\\/schema\\\/logo\\\/image\\\/\"},\"sameAs\":[\"https:\\\/\\\/www.facebook.com\\\/algarve7\",\"https:\\\/\\\/x.com\\\/Algarvesete\",\"https:\\\/\\\/www.instagram.com\\\/jornalalgarve7\\\/\",\"https:\\\/\\\/www.linkedin.com\\\/company\\\/algarve7\",\"https:\\\/\\\/www.pinterest.pt\\\/geral0939\\\/_created\\\/\"]},{\"@type\":\"Person\",\"@id\":\"https:\\\/\\\/algarve7.pt\\\/#\\\/schema\\\/person\\\/23fa70681308e7b319a3204bcea45e0c\",\"name\":\"Algarve 7\",\"sameAs\":[\"https:\\\/\\\/algarve7.pt\",\"https:\\\/\\\/www.facebook.com\\\/algarve7\"],\"url\":\"https:\\\/\\\/algarve7.pt\\\/index.php\\\/author\\\/geralalgarve7-pt\\\/\"}]}<\/script>\n<!-- \/ Yoast SEO plugin. -->","yoast_head_json":{"title":"A Paisagem Mediterr\u00e2nica no Algarve - Passado, Presente e que Futuro? - Algarve 7","description":"A Paisagem Mediterr\u00e2nica no Algarve - Passado, Presente e que Futuro? Ambiente","robots":{"index":"index","follow":"follow","max-snippet":"max-snippet:-1","max-image-preview":"max-image-preview:large","max-video-preview":"max-video-preview:-1"},"canonical":"https:\/\/algarve7.pt\/index.php\/2020\/11\/a-paisagem-mediterranica-no-algarve-passado-presente-e-que-futuro\/ambiente\/07\/54\/","og_locale":"pt_PT","og_type":"article","og_title":"A Paisagem Mediterr\u00e2nica no Algarve - Passado, Presente e que Futuro? - Algarve 7","og_description":"A Paisagem Mediterr\u00e2nica no Algarve - Passado, Presente e que Futuro? Ambiente","og_url":"https:\/\/algarve7.pt\/index.php\/2020\/11\/a-paisagem-mediterranica-no-algarve-passado-presente-e-que-futuro\/ambiente\/07\/54\/","og_site_name":"Algarve 7","article_publisher":"https:\/\/www.facebook.com\/algarve7","article_author":"https:\/\/www.facebook.com\/algarve7","article_published_time":"2020-11-18T07:54:21+00:00","article_modified_time":"2020-11-18T07:54:22+00:00","og_image":[{"width":897,"height":1024,"url":"https:\/\/algarve7.pt\/wp-content\/uploads\/2020\/11\/Captura-de-ecra-2020-11-18-as-07.50.41-897x1024.png","type":"image\/png"}],"author":"Algarve 7","twitter_card":"summary_large_image","twitter_creator":"@Algarvesete","twitter_site":"@Algarvesete","twitter_misc":{"Escrito por":"Algarve 7","Tempo estimado de leitura":"1 minuto"},"schema":{"@context":"https:\/\/schema.org","@graph":[{"@type":"Article","@id":"https:\/\/algarve7.pt\/index.php\/2020\/11\/a-paisagem-mediterranica-no-algarve-passado-presente-e-que-futuro\/ambiente\/07\/54\/#article","isPartOf":{"@id":"https:\/\/algarve7.pt\/index.php\/2020\/11\/a-paisagem-mediterranica-no-algarve-passado-presente-e-que-futuro\/ambiente\/07\/54\/"},"author":{"name":"Algarve 7","@id":"https:\/\/algarve7.pt\/#\/schema\/person\/23fa70681308e7b319a3204bcea45e0c"},"headline":"A Paisagem Mediterr\u00e2nica no Algarve &#8211; Passado, Presente e que Futuro?","datePublished":"2020-11-18T07:54:21+00:00","dateModified":"2020-11-18T07:54:22+00:00","mainEntityOfPage":{"@id":"https:\/\/algarve7.pt\/index.php\/2020\/11\/a-paisagem-mediterranica-no-algarve-passado-presente-e-que-futuro\/ambiente\/07\/54\/"},"wordCount":189,"publisher":{"@id":"https:\/\/algarve7.pt\/#organization"},"image":{"@id":"https:\/\/algarve7.pt\/index.php\/2020\/11\/a-paisagem-mediterranica-no-algarve-passado-presente-e-que-futuro\/ambiente\/07\/54\/#primaryimage"},"thumbnailUrl":"https:\/\/algarve7.pt\/wp-content\/uploads\/2020\/11\/Captura-de-ecra-2020-11-18-as-07.50.41.png","keywords":["Ambiente","Associa\u00e7\u00e3o Almargem","Webinar"],"articleSection":["Ambiente"],"inLanguage":"pt-PT"},{"@type":"WebPage","@id":"https:\/\/algarve7.pt\/index.php\/2020\/11\/a-paisagem-mediterranica-no-algarve-passado-presente-e-que-futuro\/ambiente\/07\/54\/","url":"https:\/\/algarve7.pt\/index.php\/2020\/11\/a-paisagem-mediterranica-no-algarve-passado-presente-e-que-futuro\/ambiente\/07\/54\/","name":"A Paisagem Mediterr\u00e2nica no Algarve - Passado, Presente e que Futuro? - Algarve 7","isPartOf":{"@id":"https:\/\/algarve7.pt\/#website"},"primaryImageOfPage":{"@id":"https:\/\/algarve7.pt\/index.php\/2020\/11\/a-paisagem-mediterranica-no-algarve-passado-presente-e-que-futuro\/ambiente\/07\/54\/#primaryimage"},"image":{"@id":"https:\/\/algarve7.pt\/index.php\/2020\/11\/a-paisagem-mediterranica-no-algarve-passado-presente-e-que-futuro\/ambiente\/07\/54\/#primaryimage"},"thumbnailUrl":"https:\/\/algarve7.pt\/wp-content\/uploads\/2020\/11\/Captura-de-ecra-2020-11-18-as-07.50.41.png","datePublished":"2020-11-18T07:54:21+00:00","dateModified":"2020-11-18T07:54:22+00:00","description":"A Paisagem Mediterr\u00e2nica no Algarve - Passado, Presente e que Futuro? Ambiente","breadcrumb":{"@id":"https:\/\/algarve7.pt\/index.php\/2020\/11\/a-paisagem-mediterranica-no-algarve-passado-presente-e-que-futuro\/ambiente\/07\/54\/#breadcrumb"},"inLanguage":"pt-PT","potentialAction":[{"@type":"ReadAction","target":["https:\/\/algarve7.pt\/index.php\/2020\/11\/a-paisagem-mediterranica-no-algarve-passado-presente-e-que-futuro\/ambiente\/07\/54\/"]}]},{"@type":"ImageObject","inLanguage":"pt-PT","@id":"https:\/\/algarve7.pt\/index.php\/2020\/11\/a-paisagem-mediterranica-no-algarve-passado-presente-e-que-futuro\/ambiente\/07\/54\/#primaryimage","url":"https:\/\/algarve7.pt\/wp-content\/uploads\/2020\/11\/Captura-de-ecra-2020-11-18-as-07.50.41.png","contentUrl":"https:\/\/algarve7.pt\/wp-content\/uploads\/2020\/11\/Captura-de-ecra-2020-11-18-as-07.50.41.png","width":1186,"height":1354},{"@type":"BreadcrumbList","@id":"https:\/\/algarve7.pt\/index.php\/2020\/11\/a-paisagem-mediterranica-no-algarve-passado-presente-e-que-futuro\/ambiente\/07\/54\/#breadcrumb","itemListElement":[{"@type":"ListItem","position":1,"name":"In\u00edcio","item":"https:\/\/algarve7.pt\/"},{"@type":"ListItem","position":2,"name":"A Paisagem Mediterr\u00e2nica no Algarve &#8211; Passado, Presente e que Futuro?"}]},{"@type":"WebSite","@id":"https:\/\/algarve7.pt\/#website","url":"https:\/\/algarve7.pt\/","name":"Algarve 7","description":"Informa\u00e7\u00e3o sobre o Algarve","publisher":{"@id":"https:\/\/algarve7.pt\/#organization"},"potentialAction":[{"@type":"SearchAction","target":{"@type":"EntryPoint","urlTemplate":"https:\/\/algarve7.pt\/?s={search_term_string}"},"query-input":{"@type":"PropertyValueSpecification","valueRequired":true,"valueName":"search_term_string"}}],"inLanguage":"pt-PT"},{"@type":"Organization","@id":"https:\/\/algarve7.pt\/#organization","name":"Algarve 7","url":"https:\/\/algarve7.pt\/","logo":{"@type":"ImageObject","inLanguage":"pt-PT","@id":"https:\/\/algarve7.pt\/#\/schema\/logo\/image\/","url":"https:\/\/algarve7.pt\/wp-content\/uploads\/2020\/10\/Logo-8.jpg","contentUrl":"https:\/\/algarve7.pt\/wp-content\/uploads\/2020\/10\/Logo-8.jpg","width":1680,"height":1186,"caption":"Algarve 7"},"image":{"@id":"https:\/\/algarve7.pt\/#\/schema\/logo\/image\/"},"sameAs":["https:\/\/www.facebook.com\/algarve7","https:\/\/x.com\/Algarvesete","https:\/\/www.instagram.com\/jornalalgarve7\/","https:\/\/www.linkedin.com\/company\/algarve7","https:\/\/www.pinterest.pt\/geral0939\/_created\/"]},{"@type":"Person","@id":"https:\/\/algarve7.pt\/#\/schema\/person\/23fa70681308e7b319a3204bcea45e0c","name":"Algarve 7","sameAs":["https:\/\/algarve7.pt","https:\/\/www.facebook.com\/algarve7"],"url":"https:\/\/algarve7.pt\/index.php\/author\/geralalgarve7-pt\/"}]}},"jetpack_publicize_connections":[],"jetpack_featured_media_url":"https:\/\/algarve7.pt\/wp-content\/uploads\/2020\/11\/Captura-de-ecra-2020-11-18-as-07.50.41.png","jetpack_shortlink":"https:\/\/wp.me\/pcezmW-ZB","jetpack_sharing_enabled":true,"_links":{"self":[{"href":"https:\/\/algarve7.pt\/index.php\/wp-json\/wp\/v2\/posts\/3819","targetHints":{"allow":["GET"]}}],"collection":[{"href":"https:\/\/algarve7.pt\/index.php\/wp-json\/wp\/v2\/posts"}],"about":[{"href":"https:\/\/algarve7.pt\/index.php\/wp-json\/wp\/v2\/types\/post"}],"author":[{"embeddable":true,"href":"https:\/\/algarve7.pt\/index.php\/wp-json\/wp\/v2\/users\/1"}],"replies":[{"embeddable":true,"href":"https:\/\/algarve7.pt\/index.php\/wp-json\/wp\/v2\/comments?post=3819"}],"version-history":[{"count":0,"href":"https:\/\/algarve7.pt\/index.php\/wp-json\/wp\/v2\/posts\/3819\/revisions"}],"wp:featuredmedia":[{"embeddable":true,"href":"https:\/\/algarve7.pt\/index.php\/wp-json\/wp\/v2\/media\/3821"}],"wp:attachment":[{"href":"https:\/\/algarve7.pt\/index.php\/wp-json\/wp\/v2\/media?parent=3819"}],"wp:term":[{"taxonomy":"category","embeddable":true,"href":"https:\/\/algarve7.pt\/index.php\/wp-json\/wp\/v2\/categories?post=3819"},{"taxonomy":"post_tag","embeddable":true,"href":"https:\/\/algarve7.pt\/index.php\/wp-json\/wp\/v2\/tags?post=3819"}],"curies":[{"name":"wp","href":"https:\/\/api.w.org\/{rel}","templated":true}]}}