{"id":38183,"date":"2024-05-02T12:30:00","date_gmt":"2024-05-02T11:30:00","guid":{"rendered":"https:\/\/algarve7.pt\/?p=38183"},"modified":"2024-05-02T09:11:12","modified_gmt":"2024-05-02T08:11:12","slug":"freguesia-da-guia-assinalou-mes-de-prevencao-dos-maus-tratos-infantis","status":"publish","type":"post","link":"https:\/\/algarve7.pt\/index.php\/2024\/05\/freguesia-da-guia-assinalou-mes-de-prevencao-dos-maus-tratos-infantis\/atualidade\/12\/30\/","title":{"rendered":"Freguesia da Guia assinalou m\u00eas de preven\u00e7\u00e3o dos maus-tratos infantis"},"content":{"rendered":"\n<p>Na passada 3\u00aa feira, 30 de abril, a Junta de Freguesia da Guia, Albufeira, assinalou o m\u00eas da preven\u00e7\u00e3o dos maus-tratos na inf\u00e2ncia com uma a\u00e7\u00e3o que envolveu as crian\u00e7as da freguesia. Em parceria com\u00a0o Destacamento Territorial da Guarda Nacional Republicana de Albufeira, a Comiss\u00e3o de Prote\u00e7\u00e3o de Crian\u00e7as e Jovens de Albufeira, a APEGUIA &#8211;\u00a0Associa\u00e7\u00e3o de Pais e Encarregados de Educa\u00e7\u00e3o dos Alunos das Escolas da Freguesia da Guia\u00a0e a Santa Casa da Miseric\u00f3rdia de Albufeira, a Junta de Freguesia organizou uma manh\u00e3 cheia de atividades que envolveram\u00a0crian\u00e7as em idade escolar, desde a Creche at\u00e9 ao 3\u00ba ciclo.\u00a0 \u00a0<\/p>\n\n\n\n<p>A a\u00e7\u00e3o foi realizada na zona exterior da Escola B\u00e1sica 1o, 2o e 3\u00ba ciclo da Guia e envolveu v\u00e1rias atividades. Pinturas, jogos e brincadeiras, m\u00fasica e divers\u00e3o lembraram aos mi\u00fados e gra\u00fados que a inf\u00e2ncia \u00e9 um lugar que deve ser estimado e protegido. Um dos pontos altos foi a exposi\u00e7\u00e3o por parte da GNR, de algumas das&nbsp;suas v\u00e1rias val\u00eancias, com destaque para uma demonstra\u00e7\u00e3o de cinot\u00e9cnica e de uma patrulha de cavalaria.<\/p>\n\n\n\n<p>A manh\u00e3 terminou com a cria\u00e7\u00e3o de um la\u00e7o azul, s\u00edmbolo desta efem\u00e9ride. A esse prop\u00f3sito, recordamos que este s\u00edmbolo come\u00e7ou a ser utilizado em 1989 quando uma av\u00f3 norte-americana decidiu colocar um la\u00e7o azul no seu carro para assinalar a perda de um dos netos, devido a maus-tratos. A idosa referiu que, apesar do azul ser uma cor bonita, lhe fazia lembrar os corpos batidos e cheios de n\u00f3doas dos seus netos. Esta cor serviria como um alerta constante para a sua luta na prote\u00e7\u00e3o de crian\u00e7as v\u00edtimas&nbsp;de maus tratos.&nbsp;Esta hist\u00f3ria,&nbsp;demonstra como a preocupa\u00e7\u00e3o de&nbsp;um \u00fanico cidad\u00e3o pode fazer toda a diferen\u00e7a, pode ser eficaz no despertar das consci\u00eancias da popula\u00e7\u00e3o, relativamente aos maus-tratos contra as crian\u00e7as, na sua preven\u00e7\u00e3o e na promo\u00e7\u00e3o e prote\u00e7\u00e3o dos seus direitos.<\/p>\n\n\n\n<p>O Presidente da Junta de Freguesia da Guia, Dinis&nbsp;Nascimento, agradeceu a presen\u00e7a e envolvimento de todas as entidades e profissionais que contribu\u00edram na realiza\u00e7\u00e3o desta atividade. Para o autarca&nbsp;&#8220;este tipo de iniciativas pretende&nbsp;chamar a aten\u00e7\u00e3o para a import\u00e2ncia do tema e aumentar a conscientiza\u00e7\u00e3o p\u00fablica sobre os impactos negativos dessas pr\u00e1ticas na vida das crian\u00e7as. Ao assinalarmos o m\u00eas de preven\u00e7\u00e3o contra os maus-tratos infantis, estamos a dar um passo importante na prote\u00e7\u00e3o das crian\u00e7as e na promo\u00e7\u00e3o de um ambiente seguro e saud\u00e1vel para o seu desenvolvimento.&#8221;<\/p>\n","protected":false},"excerpt":{"rendered":"<p>Na passada 3\u00aa feira, 30 de abril, a Junta de Freguesia da Guia, Albufeira, assinalou o m\u00eas da preven\u00e7\u00e3o dos<\/p>\n","protected":false},"author":1,"featured_media":38184,"comment_status":"closed","ping_status":"open","sticky":false,"template":"","format":"standard","meta":{"colormag_page_container_layout":"default_layout","colormag_page_sidebar_layout":"default_layout","_monsterinsights_skip_tracking":false,"_monsterinsights_sitenote_active":false,"_monsterinsights_sitenote_note":"","_monsterinsights_sitenote_category":0,"jetpack_post_was_ever_published":false,"_jetpack_newsletter_access":"","_jetpack_dont_email_post_to_subs":false,"_jetpack_newsletter_tier_id":0,"_jetpack_memberships_contains_paywalled_content":false,"_jetpack_memberships_contains_paid_content":false,"footnotes":"","jetpack_publicize_message":"","jetpack_publicize_feature_enabled":true,"jetpack_social_post_already_shared":false,"jetpack_social_options":{"image_generator_settings":{"template":"highway","default_image_id":0,"font":"","enabled":false},"version":2}},"categories":[11],"tags":[36,62,957],"class_list":["post-38183","post","type-post","status-publish","format-standard","has-post-thumbnail","hentry","category-atualidade","tag-algarve","tag-atualidade","tag-guia"],"yoast_head":"<!-- This site is optimized with the Yoast SEO plugin v27.5 - https:\/\/yoast.com\/product\/yoast-seo-wordpress\/ -->\n<title>Freguesia da Guia assinalou m\u00eas de preven\u00e7\u00e3o dos maus-tratos infantis - Algarve 7<\/title>\n<meta name=\"description\" content=\"Freguesia da Guia assinalou m\u00eas de preven\u00e7\u00e3o dos maus-tratos infantis Atualidade\" \/>\n<meta name=\"robots\" content=\"index, follow, max-snippet:-1, max-image-preview:large, max-video-preview:-1\" \/>\n<link rel=\"canonical\" href=\"https:\/\/algarve7.pt\/index.php\/2024\/05\/freguesia-da-guia-assinalou-mes-de-prevencao-dos-maus-tratos-infantis\/atualidade\/12\/30\/\" \/>\n<meta property=\"og:locale\" content=\"pt_PT\" \/>\n<meta property=\"og:type\" content=\"article\" \/>\n<meta property=\"og:title\" content=\"Freguesia da Guia assinalou m\u00eas de preven\u00e7\u00e3o dos maus-tratos infantis - Algarve 7\" \/>\n<meta property=\"og:description\" content=\"Freguesia da Guia assinalou m\u00eas de preven\u00e7\u00e3o dos maus-tratos infantis Atualidade\" \/>\n<meta property=\"og:url\" content=\"https:\/\/algarve7.pt\/index.php\/2024\/05\/freguesia-da-guia-assinalou-mes-de-prevencao-dos-maus-tratos-infantis\/atualidade\/12\/30\/\" \/>\n<meta property=\"og:site_name\" content=\"Algarve 7\" \/>\n<meta property=\"article:publisher\" content=\"https:\/\/www.facebook.com\/algarve7\" \/>\n<meta property=\"article:author\" content=\"https:\/\/www.facebook.com\/algarve7\" \/>\n<meta property=\"article:published_time\" content=\"2024-05-02T11:30:00+00:00\" \/>\n<meta property=\"og:image\" content=\"https:\/\/algarve7.pt\/wp-content\/uploads\/2024\/05\/DSC_8970.jpg\" \/>\n\t<meta property=\"og:image:width\" content=\"800\" \/>\n\t<meta property=\"og:image:height\" content=\"470\" \/>\n\t<meta property=\"og:image:type\" content=\"image\/jpeg\" \/>\n<meta name=\"author\" content=\"Algarve 7\" \/>\n<meta name=\"twitter:card\" content=\"summary_large_image\" \/>\n<meta name=\"twitter:creator\" content=\"@Algarvesete\" \/>\n<meta name=\"twitter:site\" content=\"@Algarvesete\" \/>\n<meta name=\"twitter:label1\" content=\"Escrito por\" \/>\n\t<meta name=\"twitter:data1\" content=\"Algarve 7\" \/>\n\t<meta name=\"twitter:label2\" content=\"Tempo estimado de leitura\" \/>\n\t<meta name=\"twitter:data2\" content=\"3 minutos\" \/>\n<script type=\"application\/ld+json\" class=\"yoast-schema-graph\">{\"@context\":\"https:\\\/\\\/schema.org\",\"@graph\":[{\"@type\":\"Article\",\"@id\":\"https:\\\/\\\/algarve7.pt\\\/index.php\\\/2024\\\/05\\\/freguesia-da-guia-assinalou-mes-de-prevencao-dos-maus-tratos-infantis\\\/atualidade\\\/12\\\/30\\\/#article\",\"isPartOf\":{\"@id\":\"https:\\\/\\\/algarve7.pt\\\/index.php\\\/2024\\\/05\\\/freguesia-da-guia-assinalou-mes-de-prevencao-dos-maus-tratos-infantis\\\/atualidade\\\/12\\\/30\\\/\"},\"author\":{\"name\":\"Algarve 7\",\"@id\":\"https:\\\/\\\/algarve7.pt\\\/#\\\/schema\\\/person\\\/23fa70681308e7b319a3204bcea45e0c\"},\"headline\":\"Freguesia da Guia assinalou m\u00eas de preven\u00e7\u00e3o dos maus-tratos infantis\",\"datePublished\":\"2024-05-02T11:30:00+00:00\",\"mainEntityOfPage\":{\"@id\":\"https:\\\/\\\/algarve7.pt\\\/index.php\\\/2024\\\/05\\\/freguesia-da-guia-assinalou-mes-de-prevencao-dos-maus-tratos-infantis\\\/atualidade\\\/12\\\/30\\\/\"},\"wordCount\":478,\"publisher\":{\"@id\":\"https:\\\/\\\/algarve7.pt\\\/#organization\"},\"image\":{\"@id\":\"https:\\\/\\\/algarve7.pt\\\/index.php\\\/2024\\\/05\\\/freguesia-da-guia-assinalou-mes-de-prevencao-dos-maus-tratos-infantis\\\/atualidade\\\/12\\\/30\\\/#primaryimage\"},\"thumbnailUrl\":\"https:\\\/\\\/algarve7.pt\\\/wp-content\\\/uploads\\\/2024\\\/05\\\/DSC_8970.jpg\",\"keywords\":[\"Algarve\",\"Atualidade\",\"Guia\"],\"articleSection\":[\"Atualidade\"],\"inLanguage\":\"pt-PT\"},{\"@type\":\"WebPage\",\"@id\":\"https:\\\/\\\/algarve7.pt\\\/index.php\\\/2024\\\/05\\\/freguesia-da-guia-assinalou-mes-de-prevencao-dos-maus-tratos-infantis\\\/atualidade\\\/12\\\/30\\\/\",\"url\":\"https:\\\/\\\/algarve7.pt\\\/index.php\\\/2024\\\/05\\\/freguesia-da-guia-assinalou-mes-de-prevencao-dos-maus-tratos-infantis\\\/atualidade\\\/12\\\/30\\\/\",\"name\":\"Freguesia da Guia assinalou m\u00eas de preven\u00e7\u00e3o dos maus-tratos infantis - Algarve 7\",\"isPartOf\":{\"@id\":\"https:\\\/\\\/algarve7.pt\\\/#website\"},\"primaryImageOfPage\":{\"@id\":\"https:\\\/\\\/algarve7.pt\\\/index.php\\\/2024\\\/05\\\/freguesia-da-guia-assinalou-mes-de-prevencao-dos-maus-tratos-infantis\\\/atualidade\\\/12\\\/30\\\/#primaryimage\"},\"image\":{\"@id\":\"https:\\\/\\\/algarve7.pt\\\/index.php\\\/2024\\\/05\\\/freguesia-da-guia-assinalou-mes-de-prevencao-dos-maus-tratos-infantis\\\/atualidade\\\/12\\\/30\\\/#primaryimage\"},\"thumbnailUrl\":\"https:\\\/\\\/algarve7.pt\\\/wp-content\\\/uploads\\\/2024\\\/05\\\/DSC_8970.jpg\",\"datePublished\":\"2024-05-02T11:30:00+00:00\",\"description\":\"Freguesia da Guia assinalou m\u00eas de preven\u00e7\u00e3o dos maus-tratos infantis Atualidade\",\"breadcrumb\":{\"@id\":\"https:\\\/\\\/algarve7.pt\\\/index.php\\\/2024\\\/05\\\/freguesia-da-guia-assinalou-mes-de-prevencao-dos-maus-tratos-infantis\\\/atualidade\\\/12\\\/30\\\/#breadcrumb\"},\"inLanguage\":\"pt-PT\",\"potentialAction\":[{\"@type\":\"ReadAction\",\"target\":[\"https:\\\/\\\/algarve7.pt\\\/index.php\\\/2024\\\/05\\\/freguesia-da-guia-assinalou-mes-de-prevencao-dos-maus-tratos-infantis\\\/atualidade\\\/12\\\/30\\\/\"]}]},{\"@type\":\"ImageObject\",\"inLanguage\":\"pt-PT\",\"@id\":\"https:\\\/\\\/algarve7.pt\\\/index.php\\\/2024\\\/05\\\/freguesia-da-guia-assinalou-mes-de-prevencao-dos-maus-tratos-infantis\\\/atualidade\\\/12\\\/30\\\/#primaryimage\",\"url\":\"https:\\\/\\\/algarve7.pt\\\/wp-content\\\/uploads\\\/2024\\\/05\\\/DSC_8970.jpg\",\"contentUrl\":\"https:\\\/\\\/algarve7.pt\\\/wp-content\\\/uploads\\\/2024\\\/05\\\/DSC_8970.jpg\",\"width\":800,\"height\":470},{\"@type\":\"BreadcrumbList\",\"@id\":\"https:\\\/\\\/algarve7.pt\\\/index.php\\\/2024\\\/05\\\/freguesia-da-guia-assinalou-mes-de-prevencao-dos-maus-tratos-infantis\\\/atualidade\\\/12\\\/30\\\/#breadcrumb\",\"itemListElement\":[{\"@type\":\"ListItem\",\"position\":1,\"name\":\"In\u00edcio\",\"item\":\"https:\\\/\\\/algarve7.pt\\\/\"},{\"@type\":\"ListItem\",\"position\":2,\"name\":\"Freguesia da Guia assinalou m\u00eas de preven\u00e7\u00e3o dos maus-tratos infantis\"}]},{\"@type\":\"WebSite\",\"@id\":\"https:\\\/\\\/algarve7.pt\\\/#website\",\"url\":\"https:\\\/\\\/algarve7.pt\\\/\",\"name\":\"Algarve 7\",\"description\":\"Informa\u00e7\u00e3o sobre o Algarve\",\"publisher\":{\"@id\":\"https:\\\/\\\/algarve7.pt\\\/#organization\"},\"potentialAction\":[{\"@type\":\"SearchAction\",\"target\":{\"@type\":\"EntryPoint\",\"urlTemplate\":\"https:\\\/\\\/algarve7.pt\\\/?s={search_term_string}\"},\"query-input\":{\"@type\":\"PropertyValueSpecification\",\"valueRequired\":true,\"valueName\":\"search_term_string\"}}],\"inLanguage\":\"pt-PT\"},{\"@type\":\"Organization\",\"@id\":\"https:\\\/\\\/algarve7.pt\\\/#organization\",\"name\":\"Algarve 7\",\"url\":\"https:\\\/\\\/algarve7.pt\\\/\",\"logo\":{\"@type\":\"ImageObject\",\"inLanguage\":\"pt-PT\",\"@id\":\"https:\\\/\\\/algarve7.pt\\\/#\\\/schema\\\/logo\\\/image\\\/\",\"url\":\"https:\\\/\\\/algarve7.pt\\\/wp-content\\\/uploads\\\/2020\\\/10\\\/Logo-8.jpg\",\"contentUrl\":\"https:\\\/\\\/algarve7.pt\\\/wp-content\\\/uploads\\\/2020\\\/10\\\/Logo-8.jpg\",\"width\":1680,\"height\":1186,\"caption\":\"Algarve 7\"},\"image\":{\"@id\":\"https:\\\/\\\/algarve7.pt\\\/#\\\/schema\\\/logo\\\/image\\\/\"},\"sameAs\":[\"https:\\\/\\\/www.facebook.com\\\/algarve7\",\"https:\\\/\\\/x.com\\\/Algarvesete\",\"https:\\\/\\\/www.instagram.com\\\/jornalalgarve7\\\/\",\"https:\\\/\\\/www.linkedin.com\\\/company\\\/algarve7\",\"https:\\\/\\\/www.pinterest.pt\\\/geral0939\\\/_created\\\/\"]},{\"@type\":\"Person\",\"@id\":\"https:\\\/\\\/algarve7.pt\\\/#\\\/schema\\\/person\\\/23fa70681308e7b319a3204bcea45e0c\",\"name\":\"Algarve 7\",\"sameAs\":[\"https:\\\/\\\/algarve7.pt\",\"https:\\\/\\\/www.facebook.com\\\/algarve7\"],\"url\":\"https:\\\/\\\/algarve7.pt\\\/index.php\\\/author\\\/geralalgarve7-pt\\\/\"}]}<\/script>\n<!-- \/ Yoast SEO plugin. -->","yoast_head_json":{"title":"Freguesia da Guia assinalou m\u00eas de preven\u00e7\u00e3o dos maus-tratos infantis - Algarve 7","description":"Freguesia da Guia assinalou m\u00eas de preven\u00e7\u00e3o dos maus-tratos infantis Atualidade","robots":{"index":"index","follow":"follow","max-snippet":"max-snippet:-1","max-image-preview":"max-image-preview:large","max-video-preview":"max-video-preview:-1"},"canonical":"https:\/\/algarve7.pt\/index.php\/2024\/05\/freguesia-da-guia-assinalou-mes-de-prevencao-dos-maus-tratos-infantis\/atualidade\/12\/30\/","og_locale":"pt_PT","og_type":"article","og_title":"Freguesia da Guia assinalou m\u00eas de preven\u00e7\u00e3o dos maus-tratos infantis - Algarve 7","og_description":"Freguesia da Guia assinalou m\u00eas de preven\u00e7\u00e3o dos maus-tratos infantis Atualidade","og_url":"https:\/\/algarve7.pt\/index.php\/2024\/05\/freguesia-da-guia-assinalou-mes-de-prevencao-dos-maus-tratos-infantis\/atualidade\/12\/30\/","og_site_name":"Algarve 7","article_publisher":"https:\/\/www.facebook.com\/algarve7","article_author":"https:\/\/www.facebook.com\/algarve7","article_published_time":"2024-05-02T11:30:00+00:00","og_image":[{"width":800,"height":470,"url":"https:\/\/algarve7.pt\/wp-content\/uploads\/2024\/05\/DSC_8970.jpg","type":"image\/jpeg"}],"author":"Algarve 7","twitter_card":"summary_large_image","twitter_creator":"@Algarvesete","twitter_site":"@Algarvesete","twitter_misc":{"Escrito por":"Algarve 7","Tempo estimado de leitura":"3 minutos"},"schema":{"@context":"https:\/\/schema.org","@graph":[{"@type":"Article","@id":"https:\/\/algarve7.pt\/index.php\/2024\/05\/freguesia-da-guia-assinalou-mes-de-prevencao-dos-maus-tratos-infantis\/atualidade\/12\/30\/#article","isPartOf":{"@id":"https:\/\/algarve7.pt\/index.php\/2024\/05\/freguesia-da-guia-assinalou-mes-de-prevencao-dos-maus-tratos-infantis\/atualidade\/12\/30\/"},"author":{"name":"Algarve 7","@id":"https:\/\/algarve7.pt\/#\/schema\/person\/23fa70681308e7b319a3204bcea45e0c"},"headline":"Freguesia da Guia assinalou m\u00eas de preven\u00e7\u00e3o dos maus-tratos infantis","datePublished":"2024-05-02T11:30:00+00:00","mainEntityOfPage":{"@id":"https:\/\/algarve7.pt\/index.php\/2024\/05\/freguesia-da-guia-assinalou-mes-de-prevencao-dos-maus-tratos-infantis\/atualidade\/12\/30\/"},"wordCount":478,"publisher":{"@id":"https:\/\/algarve7.pt\/#organization"},"image":{"@id":"https:\/\/algarve7.pt\/index.php\/2024\/05\/freguesia-da-guia-assinalou-mes-de-prevencao-dos-maus-tratos-infantis\/atualidade\/12\/30\/#primaryimage"},"thumbnailUrl":"https:\/\/algarve7.pt\/wp-content\/uploads\/2024\/05\/DSC_8970.jpg","keywords":["Algarve","Atualidade","Guia"],"articleSection":["Atualidade"],"inLanguage":"pt-PT"},{"@type":"WebPage","@id":"https:\/\/algarve7.pt\/index.php\/2024\/05\/freguesia-da-guia-assinalou-mes-de-prevencao-dos-maus-tratos-infantis\/atualidade\/12\/30\/","url":"https:\/\/algarve7.pt\/index.php\/2024\/05\/freguesia-da-guia-assinalou-mes-de-prevencao-dos-maus-tratos-infantis\/atualidade\/12\/30\/","name":"Freguesia da Guia assinalou m\u00eas de preven\u00e7\u00e3o dos maus-tratos infantis - Algarve 7","isPartOf":{"@id":"https:\/\/algarve7.pt\/#website"},"primaryImageOfPage":{"@id":"https:\/\/algarve7.pt\/index.php\/2024\/05\/freguesia-da-guia-assinalou-mes-de-prevencao-dos-maus-tratos-infantis\/atualidade\/12\/30\/#primaryimage"},"image":{"@id":"https:\/\/algarve7.pt\/index.php\/2024\/05\/freguesia-da-guia-assinalou-mes-de-prevencao-dos-maus-tratos-infantis\/atualidade\/12\/30\/#primaryimage"},"thumbnailUrl":"https:\/\/algarve7.pt\/wp-content\/uploads\/2024\/05\/DSC_8970.jpg","datePublished":"2024-05-02T11:30:00+00:00","description":"Freguesia da Guia assinalou m\u00eas de preven\u00e7\u00e3o dos maus-tratos infantis Atualidade","breadcrumb":{"@id":"https:\/\/algarve7.pt\/index.php\/2024\/05\/freguesia-da-guia-assinalou-mes-de-prevencao-dos-maus-tratos-infantis\/atualidade\/12\/30\/#breadcrumb"},"inLanguage":"pt-PT","potentialAction":[{"@type":"ReadAction","target":["https:\/\/algarve7.pt\/index.php\/2024\/05\/freguesia-da-guia-assinalou-mes-de-prevencao-dos-maus-tratos-infantis\/atualidade\/12\/30\/"]}]},{"@type":"ImageObject","inLanguage":"pt-PT","@id":"https:\/\/algarve7.pt\/index.php\/2024\/05\/freguesia-da-guia-assinalou-mes-de-prevencao-dos-maus-tratos-infantis\/atualidade\/12\/30\/#primaryimage","url":"https:\/\/algarve7.pt\/wp-content\/uploads\/2024\/05\/DSC_8970.jpg","contentUrl":"https:\/\/algarve7.pt\/wp-content\/uploads\/2024\/05\/DSC_8970.jpg","width":800,"height":470},{"@type":"BreadcrumbList","@id":"https:\/\/algarve7.pt\/index.php\/2024\/05\/freguesia-da-guia-assinalou-mes-de-prevencao-dos-maus-tratos-infantis\/atualidade\/12\/30\/#breadcrumb","itemListElement":[{"@type":"ListItem","position":1,"name":"In\u00edcio","item":"https:\/\/algarve7.pt\/"},{"@type":"ListItem","position":2,"name":"Freguesia da Guia assinalou m\u00eas de preven\u00e7\u00e3o dos maus-tratos infantis"}]},{"@type":"WebSite","@id":"https:\/\/algarve7.pt\/#website","url":"https:\/\/algarve7.pt\/","name":"Algarve 7","description":"Informa\u00e7\u00e3o sobre o Algarve","publisher":{"@id":"https:\/\/algarve7.pt\/#organization"},"potentialAction":[{"@type":"SearchAction","target":{"@type":"EntryPoint","urlTemplate":"https:\/\/algarve7.pt\/?s={search_term_string}"},"query-input":{"@type":"PropertyValueSpecification","valueRequired":true,"valueName":"search_term_string"}}],"inLanguage":"pt-PT"},{"@type":"Organization","@id":"https:\/\/algarve7.pt\/#organization","name":"Algarve 7","url":"https:\/\/algarve7.pt\/","logo":{"@type":"ImageObject","inLanguage":"pt-PT","@id":"https:\/\/algarve7.pt\/#\/schema\/logo\/image\/","url":"https:\/\/algarve7.pt\/wp-content\/uploads\/2020\/10\/Logo-8.jpg","contentUrl":"https:\/\/algarve7.pt\/wp-content\/uploads\/2020\/10\/Logo-8.jpg","width":1680,"height":1186,"caption":"Algarve 7"},"image":{"@id":"https:\/\/algarve7.pt\/#\/schema\/logo\/image\/"},"sameAs":["https:\/\/www.facebook.com\/algarve7","https:\/\/x.com\/Algarvesete","https:\/\/www.instagram.com\/jornalalgarve7\/","https:\/\/www.linkedin.com\/company\/algarve7","https:\/\/www.pinterest.pt\/geral0939\/_created\/"]},{"@type":"Person","@id":"https:\/\/algarve7.pt\/#\/schema\/person\/23fa70681308e7b319a3204bcea45e0c","name":"Algarve 7","sameAs":["https:\/\/algarve7.pt","https:\/\/www.facebook.com\/algarve7"],"url":"https:\/\/algarve7.pt\/index.php\/author\/geralalgarve7-pt\/"}]}},"jetpack_publicize_connections":[],"jetpack_featured_media_url":"https:\/\/algarve7.pt\/wp-content\/uploads\/2024\/05\/DSC_8970.jpg","jetpack_shortlink":"https:\/\/wp.me\/pcezmW-9VR","jetpack_sharing_enabled":true,"_links":{"self":[{"href":"https:\/\/algarve7.pt\/index.php\/wp-json\/wp\/v2\/posts\/38183","targetHints":{"allow":["GET"]}}],"collection":[{"href":"https:\/\/algarve7.pt\/index.php\/wp-json\/wp\/v2\/posts"}],"about":[{"href":"https:\/\/algarve7.pt\/index.php\/wp-json\/wp\/v2\/types\/post"}],"author":[{"embeddable":true,"href":"https:\/\/algarve7.pt\/index.php\/wp-json\/wp\/v2\/users\/1"}],"replies":[{"embeddable":true,"href":"https:\/\/algarve7.pt\/index.php\/wp-json\/wp\/v2\/comments?post=38183"}],"version-history":[{"count":0,"href":"https:\/\/algarve7.pt\/index.php\/wp-json\/wp\/v2\/posts\/38183\/revisions"}],"wp:featuredmedia":[{"embeddable":true,"href":"https:\/\/algarve7.pt\/index.php\/wp-json\/wp\/v2\/media\/38184"}],"wp:attachment":[{"href":"https:\/\/algarve7.pt\/index.php\/wp-json\/wp\/v2\/media?parent=38183"}],"wp:term":[{"taxonomy":"category","embeddable":true,"href":"https:\/\/algarve7.pt\/index.php\/wp-json\/wp\/v2\/categories?post=38183"},{"taxonomy":"post_tag","embeddable":true,"href":"https:\/\/algarve7.pt\/index.php\/wp-json\/wp\/v2\/tags?post=38183"}],"curies":[{"name":"wp","href":"https:\/\/api.w.org\/{rel}","templated":true}]}}