{"id":38134,"date":"2024-05-01T09:35:00","date_gmt":"2024-05-01T08:35:00","guid":{"rendered":"https:\/\/algarve7.pt\/?p=38134"},"modified":"2024-04-29T18:18:47","modified_gmt":"2024-04-29T17:18:47","slug":"paul-ricard-na-rota-do-algarvio-bernardo-pinheiro-na-segunda-prova-do-elms-no-proximo-fim-de-semana","status":"publish","type":"post","link":"https:\/\/algarve7.pt\/index.php\/2024\/05\/paul-ricard-na-rota-do-algarvio-bernardo-pinheiro-na-segunda-prova-do-elms-no-proximo-fim-de-semana\/desporto\/09\/35\/","title":{"rendered":"Paul Ricard na rota do algarvio Bernardo Pinheiro na segunda prova do ELMS no pr\u00f3ximo fim-de-semana"},"content":{"rendered":"\n<p><strong>Bernardo Pinheiro<\/strong>&nbsp;est\u00e1 j\u00e1 a caminho de Marselha no&nbsp;Sul de Fran\u00e7a para discutir no pr\u00f3ximo fim-de-semana (4 e 5 de Maio) aquela que ser\u00e1 a segunda prova do&nbsp;<strong>European Le Mans Series 2024<\/strong>. Ap\u00f3s a estreia vitoriosa em Barcelona no arranque do campeonato o piloto de&nbsp;<strong>Portim\u00e3o<\/strong>&nbsp;ter\u00e1 no circuito de&nbsp;<strong>Paul Ricard<\/strong>o palco da segunda prova do ano, mais uma vez com quatro horas de dura\u00e7\u00e3o como todas as etapas do competitivo ELMS.<\/p>\n\n\n\n<p>\u2018<strong>Barcelona<\/strong>&nbsp;j\u00e1 \u00e9 passado para n\u00f3s&#8230;temos que pensar neste segundo desafio do ano e gerir da melhor forma a press\u00e3o acrescida de estarmos no comando do campeonato. Vamos entrar em pista da mesma forma que o o fizemos em&nbsp;<strong>Barcelona<\/strong>, dando o nosso melhor e aproveitar todo o nosso potencial e do carro.\u2019 comenta o piloto de&nbsp;<strong>Portim\u00e3o<\/strong>&nbsp;que mais uma vez ir\u00e1 dividir o volante do&nbsp;<strong>Ligier<\/strong>&nbsp;com&nbsp;<strong>Gillian Henrion<\/strong>&nbsp;e&nbsp;<strong>Julien Gerbi<\/strong>.<\/p>\n\n\n\n<p>&#8216;<strong>Paul Ricard<\/strong>&nbsp;\u00e9 uma pista muito especial que se destaca pela recta&nbsp;<strong>Mistral<\/strong>&nbsp;e pelas curvas muito variadas que encontramos e por isso o equil\u00edbrio do chassis em conjunto com velocidade m\u00e1xima \u00e9 essencial. Conseguir uma boa posi\u00e7\u00e3o na grelha de partida ser\u00e1 o nosso primeiro desafio para evitar toques ou incidentes na fase inicial da prova que nos podem prejudicar e atrasar&#8230;um pouco do que temos que fazer em todas as corridas&#8230;tentar fazer cada turno o mais &#8216;limpo&#8217; poss\u00edvel.&#8217;<\/p>\n\n\n\n<p>Com 5.771 metros de per\u00edmetro o tra\u00e7ado gaul\u00eas que recebe esta segunda prova do&nbsp;<strong>European Le Mans Series<\/strong>&nbsp;\u00e9 conhecido pela fant\u00e1stica combina\u00e7\u00e3o de curvas r\u00e1pidas, sec\u00e7\u00f5es t\u00e9cnicas e a longa recta&nbsp;<strong>Mistral<\/strong>&nbsp;com a super-r\u00e1pida&nbsp;<strong>Curva Signes<\/strong>&nbsp;no seu final. Sem escapat\u00f3rias em gravilha o circuito apresenta nas suas escapat\u00f3rias de asfalta linhas pintadas com tinta de elevada ader\u00eancia para abrandar os ve\u00edculos que se despistem.<\/p>\n","protected":false},"excerpt":{"rendered":"<p>Bernardo Pinheiro&nbsp;est\u00e1 j\u00e1 a caminho de Marselha no&nbsp;Sul de Fran\u00e7a para discutir no pr\u00f3ximo fim-de-semana (4 e 5 de Maio)<\/p>\n","protected":false},"author":1,"featured_media":38135,"comment_status":"closed","ping_status":"open","sticky":false,"template":"","format":"standard","meta":{"colormag_page_container_layout":"default_layout","colormag_page_sidebar_layout":"default_layout","_monsterinsights_skip_tracking":false,"_monsterinsights_sitenote_active":false,"_monsterinsights_sitenote_note":"","_monsterinsights_sitenote_category":0,"jetpack_post_was_ever_published":false,"_jetpack_newsletter_access":"","_jetpack_dont_email_post_to_subs":false,"_jetpack_newsletter_tier_id":0,"_jetpack_memberships_contains_paywalled_content":false,"_jetpack_memberships_contains_paid_content":false,"footnotes":"","jetpack_publicize_message":"","jetpack_publicize_feature_enabled":true,"jetpack_social_post_already_shared":false,"jetpack_social_options":{"image_generator_settings":{"template":"highway","default_image_id":0,"font":"","enabled":false},"version":2}},"categories":[15],"tags":[36,1086,40,1103,72],"class_list":["post-38134","post","type-post","status-publish","format-standard","has-post-thumbnail","hentry","category-desporto","tag-algarve","tag-bernardo-pinheiro","tag-desporto","tag-elms-2024","tag-portimao"],"yoast_head":"<!-- This site is optimized with the Yoast SEO plugin v27.5 - https:\/\/yoast.com\/product\/yoast-seo-wordpress\/ -->\n<title>Paul Ricard na rota do algarvio Bernardo Pinheiro na segunda prova do ELMS no pr\u00f3ximo fim-de-semana - Algarve 7<\/title>\n<meta name=\"description\" content=\"Paul Ricard na rota do algarvio Bernardo Pinheiro na segunda prova do ELMS no pr\u00f3ximo fim-de-semana Desporto\" \/>\n<meta name=\"robots\" content=\"index, follow, max-snippet:-1, max-image-preview:large, max-video-preview:-1\" \/>\n<link rel=\"canonical\" href=\"https:\/\/algarve7.pt\/index.php\/2024\/05\/paul-ricard-na-rota-do-algarvio-bernardo-pinheiro-na-segunda-prova-do-elms-no-proximo-fim-de-semana\/desporto\/09\/35\/\" \/>\n<meta property=\"og:locale\" content=\"pt_PT\" \/>\n<meta property=\"og:type\" content=\"article\" \/>\n<meta property=\"og:title\" content=\"Paul Ricard na rota do algarvio Bernardo Pinheiro na segunda prova do ELMS no pr\u00f3ximo fim-de-semana - Algarve 7\" \/>\n<meta property=\"og:description\" content=\"Paul Ricard na rota do algarvio Bernardo Pinheiro na segunda prova do ELMS no pr\u00f3ximo fim-de-semana Desporto\" \/>\n<meta property=\"og:url\" content=\"https:\/\/algarve7.pt\/index.php\/2024\/05\/paul-ricard-na-rota-do-algarvio-bernardo-pinheiro-na-segunda-prova-do-elms-no-proximo-fim-de-semana\/desporto\/09\/35\/\" \/>\n<meta property=\"og:site_name\" content=\"Algarve 7\" \/>\n<meta property=\"article:publisher\" content=\"https:\/\/www.facebook.com\/algarve7\" \/>\n<meta property=\"article:author\" content=\"https:\/\/www.facebook.com\/algarve7\" \/>\n<meta property=\"article:published_time\" content=\"2024-05-01T08:35:00+00:00\" \/>\n<meta property=\"og:image\" content=\"https:\/\/algarve7.pt\/wp-content\/uploads\/2024\/04\/Captura-de-ecra-2024-04-29-as-18.15.14.png\" \/>\n\t<meta property=\"og:image:width\" content=\"800\" \/>\n\t<meta property=\"og:image:height\" content=\"470\" \/>\n\t<meta property=\"og:image:type\" content=\"image\/png\" \/>\n<meta name=\"author\" content=\"Algarve 7\" \/>\n<meta name=\"twitter:card\" content=\"summary_large_image\" \/>\n<meta name=\"twitter:creator\" content=\"@Algarvesete\" \/>\n<meta name=\"twitter:site\" content=\"@Algarvesete\" \/>\n<meta name=\"twitter:label1\" content=\"Escrito por\" \/>\n\t<meta name=\"twitter:data1\" content=\"Algarve 7\" \/>\n\t<meta name=\"twitter:label2\" content=\"Tempo estimado de leitura\" \/>\n\t<meta name=\"twitter:data2\" content=\"2 minutos\" \/>\n<script type=\"application\/ld+json\" class=\"yoast-schema-graph\">{\"@context\":\"https:\\\/\\\/schema.org\",\"@graph\":[{\"@type\":\"Article\",\"@id\":\"https:\\\/\\\/algarve7.pt\\\/index.php\\\/2024\\\/05\\\/paul-ricard-na-rota-do-algarvio-bernardo-pinheiro-na-segunda-prova-do-elms-no-proximo-fim-de-semana\\\/desporto\\\/09\\\/35\\\/#article\",\"isPartOf\":{\"@id\":\"https:\\\/\\\/algarve7.pt\\\/index.php\\\/2024\\\/05\\\/paul-ricard-na-rota-do-algarvio-bernardo-pinheiro-na-segunda-prova-do-elms-no-proximo-fim-de-semana\\\/desporto\\\/09\\\/35\\\/\"},\"author\":{\"name\":\"Algarve 7\",\"@id\":\"https:\\\/\\\/algarve7.pt\\\/#\\\/schema\\\/person\\\/23fa70681308e7b319a3204bcea45e0c\"},\"headline\":\"Paul Ricard na rota do algarvio Bernardo Pinheiro na segunda prova do ELMS no pr\u00f3ximo fim-de-semana\",\"datePublished\":\"2024-05-01T08:35:00+00:00\",\"mainEntityOfPage\":{\"@id\":\"https:\\\/\\\/algarve7.pt\\\/index.php\\\/2024\\\/05\\\/paul-ricard-na-rota-do-algarvio-bernardo-pinheiro-na-segunda-prova-do-elms-no-proximo-fim-de-semana\\\/desporto\\\/09\\\/35\\\/\"},\"wordCount\":357,\"publisher\":{\"@id\":\"https:\\\/\\\/algarve7.pt\\\/#organization\"},\"image\":{\"@id\":\"https:\\\/\\\/algarve7.pt\\\/index.php\\\/2024\\\/05\\\/paul-ricard-na-rota-do-algarvio-bernardo-pinheiro-na-segunda-prova-do-elms-no-proximo-fim-de-semana\\\/desporto\\\/09\\\/35\\\/#primaryimage\"},\"thumbnailUrl\":\"https:\\\/\\\/algarve7.pt\\\/wp-content\\\/uploads\\\/2024\\\/04\\\/Captura-de-ecra-2024-04-29-as-18.15.14.png\",\"keywords\":[\"Algarve\",\"Bernardo Pinheiro\",\"Desporto\",\"ELMS 2024\",\"Portim\u00e3o\"],\"articleSection\":[\"Desporto\"],\"inLanguage\":\"pt-PT\"},{\"@type\":\"WebPage\",\"@id\":\"https:\\\/\\\/algarve7.pt\\\/index.php\\\/2024\\\/05\\\/paul-ricard-na-rota-do-algarvio-bernardo-pinheiro-na-segunda-prova-do-elms-no-proximo-fim-de-semana\\\/desporto\\\/09\\\/35\\\/\",\"url\":\"https:\\\/\\\/algarve7.pt\\\/index.php\\\/2024\\\/05\\\/paul-ricard-na-rota-do-algarvio-bernardo-pinheiro-na-segunda-prova-do-elms-no-proximo-fim-de-semana\\\/desporto\\\/09\\\/35\\\/\",\"name\":\"Paul Ricard na rota do algarvio Bernardo Pinheiro na segunda prova do ELMS no pr\u00f3ximo fim-de-semana - Algarve 7\",\"isPartOf\":{\"@id\":\"https:\\\/\\\/algarve7.pt\\\/#website\"},\"primaryImageOfPage\":{\"@id\":\"https:\\\/\\\/algarve7.pt\\\/index.php\\\/2024\\\/05\\\/paul-ricard-na-rota-do-algarvio-bernardo-pinheiro-na-segunda-prova-do-elms-no-proximo-fim-de-semana\\\/desporto\\\/09\\\/35\\\/#primaryimage\"},\"image\":{\"@id\":\"https:\\\/\\\/algarve7.pt\\\/index.php\\\/2024\\\/05\\\/paul-ricard-na-rota-do-algarvio-bernardo-pinheiro-na-segunda-prova-do-elms-no-proximo-fim-de-semana\\\/desporto\\\/09\\\/35\\\/#primaryimage\"},\"thumbnailUrl\":\"https:\\\/\\\/algarve7.pt\\\/wp-content\\\/uploads\\\/2024\\\/04\\\/Captura-de-ecra-2024-04-29-as-18.15.14.png\",\"datePublished\":\"2024-05-01T08:35:00+00:00\",\"description\":\"Paul Ricard na rota do algarvio Bernardo Pinheiro na segunda prova do ELMS no pr\u00f3ximo fim-de-semana Desporto\",\"breadcrumb\":{\"@id\":\"https:\\\/\\\/algarve7.pt\\\/index.php\\\/2024\\\/05\\\/paul-ricard-na-rota-do-algarvio-bernardo-pinheiro-na-segunda-prova-do-elms-no-proximo-fim-de-semana\\\/desporto\\\/09\\\/35\\\/#breadcrumb\"},\"inLanguage\":\"pt-PT\",\"potentialAction\":[{\"@type\":\"ReadAction\",\"target\":[\"https:\\\/\\\/algarve7.pt\\\/index.php\\\/2024\\\/05\\\/paul-ricard-na-rota-do-algarvio-bernardo-pinheiro-na-segunda-prova-do-elms-no-proximo-fim-de-semana\\\/desporto\\\/09\\\/35\\\/\"]}]},{\"@type\":\"ImageObject\",\"inLanguage\":\"pt-PT\",\"@id\":\"https:\\\/\\\/algarve7.pt\\\/index.php\\\/2024\\\/05\\\/paul-ricard-na-rota-do-algarvio-bernardo-pinheiro-na-segunda-prova-do-elms-no-proximo-fim-de-semana\\\/desporto\\\/09\\\/35\\\/#primaryimage\",\"url\":\"https:\\\/\\\/algarve7.pt\\\/wp-content\\\/uploads\\\/2024\\\/04\\\/Captura-de-ecra-2024-04-29-as-18.15.14.png\",\"contentUrl\":\"https:\\\/\\\/algarve7.pt\\\/wp-content\\\/uploads\\\/2024\\\/04\\\/Captura-de-ecra-2024-04-29-as-18.15.14.png\",\"width\":800,\"height\":470},{\"@type\":\"BreadcrumbList\",\"@id\":\"https:\\\/\\\/algarve7.pt\\\/index.php\\\/2024\\\/05\\\/paul-ricard-na-rota-do-algarvio-bernardo-pinheiro-na-segunda-prova-do-elms-no-proximo-fim-de-semana\\\/desporto\\\/09\\\/35\\\/#breadcrumb\",\"itemListElement\":[{\"@type\":\"ListItem\",\"position\":1,\"name\":\"In\u00edcio\",\"item\":\"https:\\\/\\\/algarve7.pt\\\/\"},{\"@type\":\"ListItem\",\"position\":2,\"name\":\"Paul Ricard na rota do algarvio Bernardo Pinheiro na segunda prova do ELMS no pr\u00f3ximo fim-de-semana\"}]},{\"@type\":\"WebSite\",\"@id\":\"https:\\\/\\\/algarve7.pt\\\/#website\",\"url\":\"https:\\\/\\\/algarve7.pt\\\/\",\"name\":\"Algarve 7\",\"description\":\"Informa\u00e7\u00e3o sobre o Algarve\",\"publisher\":{\"@id\":\"https:\\\/\\\/algarve7.pt\\\/#organization\"},\"potentialAction\":[{\"@type\":\"SearchAction\",\"target\":{\"@type\":\"EntryPoint\",\"urlTemplate\":\"https:\\\/\\\/algarve7.pt\\\/?s={search_term_string}\"},\"query-input\":{\"@type\":\"PropertyValueSpecification\",\"valueRequired\":true,\"valueName\":\"search_term_string\"}}],\"inLanguage\":\"pt-PT\"},{\"@type\":\"Organization\",\"@id\":\"https:\\\/\\\/algarve7.pt\\\/#organization\",\"name\":\"Algarve 7\",\"url\":\"https:\\\/\\\/algarve7.pt\\\/\",\"logo\":{\"@type\":\"ImageObject\",\"inLanguage\":\"pt-PT\",\"@id\":\"https:\\\/\\\/algarve7.pt\\\/#\\\/schema\\\/logo\\\/image\\\/\",\"url\":\"https:\\\/\\\/algarve7.pt\\\/wp-content\\\/uploads\\\/2020\\\/10\\\/Logo-8.jpg\",\"contentUrl\":\"https:\\\/\\\/algarve7.pt\\\/wp-content\\\/uploads\\\/2020\\\/10\\\/Logo-8.jpg\",\"width\":1680,\"height\":1186,\"caption\":\"Algarve 7\"},\"image\":{\"@id\":\"https:\\\/\\\/algarve7.pt\\\/#\\\/schema\\\/logo\\\/image\\\/\"},\"sameAs\":[\"https:\\\/\\\/www.facebook.com\\\/algarve7\",\"https:\\\/\\\/x.com\\\/Algarvesete\",\"https:\\\/\\\/www.instagram.com\\\/jornalalgarve7\\\/\",\"https:\\\/\\\/www.linkedin.com\\\/company\\\/algarve7\",\"https:\\\/\\\/www.pinterest.pt\\\/geral0939\\\/_created\\\/\"]},{\"@type\":\"Person\",\"@id\":\"https:\\\/\\\/algarve7.pt\\\/#\\\/schema\\\/person\\\/23fa70681308e7b319a3204bcea45e0c\",\"name\":\"Algarve 7\",\"sameAs\":[\"https:\\\/\\\/algarve7.pt\",\"https:\\\/\\\/www.facebook.com\\\/algarve7\"],\"url\":\"https:\\\/\\\/algarve7.pt\\\/index.php\\\/author\\\/geralalgarve7-pt\\\/\"}]}<\/script>\n<!-- \/ Yoast SEO plugin. -->","yoast_head_json":{"title":"Paul Ricard na rota do algarvio Bernardo Pinheiro na segunda prova do ELMS no pr\u00f3ximo fim-de-semana - Algarve 7","description":"Paul Ricard na rota do algarvio Bernardo Pinheiro na segunda prova do ELMS no pr\u00f3ximo fim-de-semana Desporto","robots":{"index":"index","follow":"follow","max-snippet":"max-snippet:-1","max-image-preview":"max-image-preview:large","max-video-preview":"max-video-preview:-1"},"canonical":"https:\/\/algarve7.pt\/index.php\/2024\/05\/paul-ricard-na-rota-do-algarvio-bernardo-pinheiro-na-segunda-prova-do-elms-no-proximo-fim-de-semana\/desporto\/09\/35\/","og_locale":"pt_PT","og_type":"article","og_title":"Paul Ricard na rota do algarvio Bernardo Pinheiro na segunda prova do ELMS no pr\u00f3ximo fim-de-semana - Algarve 7","og_description":"Paul Ricard na rota do algarvio Bernardo Pinheiro na segunda prova do ELMS no pr\u00f3ximo fim-de-semana Desporto","og_url":"https:\/\/algarve7.pt\/index.php\/2024\/05\/paul-ricard-na-rota-do-algarvio-bernardo-pinheiro-na-segunda-prova-do-elms-no-proximo-fim-de-semana\/desporto\/09\/35\/","og_site_name":"Algarve 7","article_publisher":"https:\/\/www.facebook.com\/algarve7","article_author":"https:\/\/www.facebook.com\/algarve7","article_published_time":"2024-05-01T08:35:00+00:00","og_image":[{"width":800,"height":470,"url":"https:\/\/algarve7.pt\/wp-content\/uploads\/2024\/04\/Captura-de-ecra-2024-04-29-as-18.15.14.png","type":"image\/png"}],"author":"Algarve 7","twitter_card":"summary_large_image","twitter_creator":"@Algarvesete","twitter_site":"@Algarvesete","twitter_misc":{"Escrito por":"Algarve 7","Tempo estimado de leitura":"2 minutos"},"schema":{"@context":"https:\/\/schema.org","@graph":[{"@type":"Article","@id":"https:\/\/algarve7.pt\/index.php\/2024\/05\/paul-ricard-na-rota-do-algarvio-bernardo-pinheiro-na-segunda-prova-do-elms-no-proximo-fim-de-semana\/desporto\/09\/35\/#article","isPartOf":{"@id":"https:\/\/algarve7.pt\/index.php\/2024\/05\/paul-ricard-na-rota-do-algarvio-bernardo-pinheiro-na-segunda-prova-do-elms-no-proximo-fim-de-semana\/desporto\/09\/35\/"},"author":{"name":"Algarve 7","@id":"https:\/\/algarve7.pt\/#\/schema\/person\/23fa70681308e7b319a3204bcea45e0c"},"headline":"Paul Ricard na rota do algarvio Bernardo Pinheiro na segunda prova do ELMS no pr\u00f3ximo fim-de-semana","datePublished":"2024-05-01T08:35:00+00:00","mainEntityOfPage":{"@id":"https:\/\/algarve7.pt\/index.php\/2024\/05\/paul-ricard-na-rota-do-algarvio-bernardo-pinheiro-na-segunda-prova-do-elms-no-proximo-fim-de-semana\/desporto\/09\/35\/"},"wordCount":357,"publisher":{"@id":"https:\/\/algarve7.pt\/#organization"},"image":{"@id":"https:\/\/algarve7.pt\/index.php\/2024\/05\/paul-ricard-na-rota-do-algarvio-bernardo-pinheiro-na-segunda-prova-do-elms-no-proximo-fim-de-semana\/desporto\/09\/35\/#primaryimage"},"thumbnailUrl":"https:\/\/algarve7.pt\/wp-content\/uploads\/2024\/04\/Captura-de-ecra-2024-04-29-as-18.15.14.png","keywords":["Algarve","Bernardo Pinheiro","Desporto","ELMS 2024","Portim\u00e3o"],"articleSection":["Desporto"],"inLanguage":"pt-PT"},{"@type":"WebPage","@id":"https:\/\/algarve7.pt\/index.php\/2024\/05\/paul-ricard-na-rota-do-algarvio-bernardo-pinheiro-na-segunda-prova-do-elms-no-proximo-fim-de-semana\/desporto\/09\/35\/","url":"https:\/\/algarve7.pt\/index.php\/2024\/05\/paul-ricard-na-rota-do-algarvio-bernardo-pinheiro-na-segunda-prova-do-elms-no-proximo-fim-de-semana\/desporto\/09\/35\/","name":"Paul Ricard na rota do algarvio Bernardo Pinheiro na segunda prova do ELMS no pr\u00f3ximo fim-de-semana - Algarve 7","isPartOf":{"@id":"https:\/\/algarve7.pt\/#website"},"primaryImageOfPage":{"@id":"https:\/\/algarve7.pt\/index.php\/2024\/05\/paul-ricard-na-rota-do-algarvio-bernardo-pinheiro-na-segunda-prova-do-elms-no-proximo-fim-de-semana\/desporto\/09\/35\/#primaryimage"},"image":{"@id":"https:\/\/algarve7.pt\/index.php\/2024\/05\/paul-ricard-na-rota-do-algarvio-bernardo-pinheiro-na-segunda-prova-do-elms-no-proximo-fim-de-semana\/desporto\/09\/35\/#primaryimage"},"thumbnailUrl":"https:\/\/algarve7.pt\/wp-content\/uploads\/2024\/04\/Captura-de-ecra-2024-04-29-as-18.15.14.png","datePublished":"2024-05-01T08:35:00+00:00","description":"Paul Ricard na rota do algarvio Bernardo Pinheiro na segunda prova do ELMS no pr\u00f3ximo fim-de-semana Desporto","breadcrumb":{"@id":"https:\/\/algarve7.pt\/index.php\/2024\/05\/paul-ricard-na-rota-do-algarvio-bernardo-pinheiro-na-segunda-prova-do-elms-no-proximo-fim-de-semana\/desporto\/09\/35\/#breadcrumb"},"inLanguage":"pt-PT","potentialAction":[{"@type":"ReadAction","target":["https:\/\/algarve7.pt\/index.php\/2024\/05\/paul-ricard-na-rota-do-algarvio-bernardo-pinheiro-na-segunda-prova-do-elms-no-proximo-fim-de-semana\/desporto\/09\/35\/"]}]},{"@type":"ImageObject","inLanguage":"pt-PT","@id":"https:\/\/algarve7.pt\/index.php\/2024\/05\/paul-ricard-na-rota-do-algarvio-bernardo-pinheiro-na-segunda-prova-do-elms-no-proximo-fim-de-semana\/desporto\/09\/35\/#primaryimage","url":"https:\/\/algarve7.pt\/wp-content\/uploads\/2024\/04\/Captura-de-ecra-2024-04-29-as-18.15.14.png","contentUrl":"https:\/\/algarve7.pt\/wp-content\/uploads\/2024\/04\/Captura-de-ecra-2024-04-29-as-18.15.14.png","width":800,"height":470},{"@type":"BreadcrumbList","@id":"https:\/\/algarve7.pt\/index.php\/2024\/05\/paul-ricard-na-rota-do-algarvio-bernardo-pinheiro-na-segunda-prova-do-elms-no-proximo-fim-de-semana\/desporto\/09\/35\/#breadcrumb","itemListElement":[{"@type":"ListItem","position":1,"name":"In\u00edcio","item":"https:\/\/algarve7.pt\/"},{"@type":"ListItem","position":2,"name":"Paul Ricard na rota do algarvio Bernardo Pinheiro na segunda prova do ELMS no pr\u00f3ximo fim-de-semana"}]},{"@type":"WebSite","@id":"https:\/\/algarve7.pt\/#website","url":"https:\/\/algarve7.pt\/","name":"Algarve 7","description":"Informa\u00e7\u00e3o sobre o Algarve","publisher":{"@id":"https:\/\/algarve7.pt\/#organization"},"potentialAction":[{"@type":"SearchAction","target":{"@type":"EntryPoint","urlTemplate":"https:\/\/algarve7.pt\/?s={search_term_string}"},"query-input":{"@type":"PropertyValueSpecification","valueRequired":true,"valueName":"search_term_string"}}],"inLanguage":"pt-PT"},{"@type":"Organization","@id":"https:\/\/algarve7.pt\/#organization","name":"Algarve 7","url":"https:\/\/algarve7.pt\/","logo":{"@type":"ImageObject","inLanguage":"pt-PT","@id":"https:\/\/algarve7.pt\/#\/schema\/logo\/image\/","url":"https:\/\/algarve7.pt\/wp-content\/uploads\/2020\/10\/Logo-8.jpg","contentUrl":"https:\/\/algarve7.pt\/wp-content\/uploads\/2020\/10\/Logo-8.jpg","width":1680,"height":1186,"caption":"Algarve 7"},"image":{"@id":"https:\/\/algarve7.pt\/#\/schema\/logo\/image\/"},"sameAs":["https:\/\/www.facebook.com\/algarve7","https:\/\/x.com\/Algarvesete","https:\/\/www.instagram.com\/jornalalgarve7\/","https:\/\/www.linkedin.com\/company\/algarve7","https:\/\/www.pinterest.pt\/geral0939\/_created\/"]},{"@type":"Person","@id":"https:\/\/algarve7.pt\/#\/schema\/person\/23fa70681308e7b319a3204bcea45e0c","name":"Algarve 7","sameAs":["https:\/\/algarve7.pt","https:\/\/www.facebook.com\/algarve7"],"url":"https:\/\/algarve7.pt\/index.php\/author\/geralalgarve7-pt\/"}]}},"jetpack_publicize_connections":[],"jetpack_featured_media_url":"https:\/\/algarve7.pt\/wp-content\/uploads\/2024\/04\/Captura-de-ecra-2024-04-29-as-18.15.14.png","jetpack_shortlink":"https:\/\/wp.me\/pcezmW-9V4","jetpack_sharing_enabled":true,"_links":{"self":[{"href":"https:\/\/algarve7.pt\/index.php\/wp-json\/wp\/v2\/posts\/38134","targetHints":{"allow":["GET"]}}],"collection":[{"href":"https:\/\/algarve7.pt\/index.php\/wp-json\/wp\/v2\/posts"}],"about":[{"href":"https:\/\/algarve7.pt\/index.php\/wp-json\/wp\/v2\/types\/post"}],"author":[{"embeddable":true,"href":"https:\/\/algarve7.pt\/index.php\/wp-json\/wp\/v2\/users\/1"}],"replies":[{"embeddable":true,"href":"https:\/\/algarve7.pt\/index.php\/wp-json\/wp\/v2\/comments?post=38134"}],"version-history":[{"count":0,"href":"https:\/\/algarve7.pt\/index.php\/wp-json\/wp\/v2\/posts\/38134\/revisions"}],"wp:featuredmedia":[{"embeddable":true,"href":"https:\/\/algarve7.pt\/index.php\/wp-json\/wp\/v2\/media\/38135"}],"wp:attachment":[{"href":"https:\/\/algarve7.pt\/index.php\/wp-json\/wp\/v2\/media?parent=38134"}],"wp:term":[{"taxonomy":"category","embeddable":true,"href":"https:\/\/algarve7.pt\/index.php\/wp-json\/wp\/v2\/categories?post=38134"},{"taxonomy":"post_tag","embeddable":true,"href":"https:\/\/algarve7.pt\/index.php\/wp-json\/wp\/v2\/tags?post=38134"}],"curies":[{"name":"wp","href":"https:\/\/api.w.org\/{rel}","templated":true}]}}