{"id":3800,"date":"2020-11-17T11:53:36","date_gmt":"2020-11-17T11:53:36","guid":{"rendered":"https:\/\/algarve7.pt\/?p=3800"},"modified":"2020-11-17T11:53:36","modified_gmt":"2020-11-17T11:53:36","slug":"xii-congresso-da-ordem-dos-medicos-veterinarios-omv","status":"publish","type":"post","link":"https:\/\/algarve7.pt\/index.php\/2020\/11\/xii-congresso-da-ordem-dos-medicos-veterinarios-omv\/saude\/11\/53\/","title":{"rendered":"XII Congresso da Ordem dos M\u00e9dicos Veterin\u00e1rios (OMV)"},"content":{"rendered":"\n<p>Vai realizar-se no pr\u00f3ximo dia 21 de Novembro, o XII Congresso da Ordem dos M\u00e9dicos Veterin\u00e1rios (OMV), organizado pelo Conselho Diretivo da OMV em conjunto com o Conselho Regional dos A\u00e7ores e o Conselho Regional da Madeira, onde ser\u00e3o debatidos v\u00e1rios temas de import\u00e2ncia para a Classe M\u00e9dico-Veterin\u00e1ria.<\/p>\n\n\n\n<p>O Presidente da Assembleia Geral da&nbsp;Ordem dos M\u00e9dicos Veterin\u00e1rios,&nbsp;Jo\u00e3o Paulo Costa, o Baston\u00e1rio da Ordem dos M\u00e9dicos Veterin\u00e1rios, Jorge Cid, o Presidente do Conselho Regional da Madeira Jo\u00e3o Oliveira e o Presidente do Conselho Regional dos A\u00e7ores, Manuel Leit\u00e3o, presidem \u00e0 sess\u00e3o de abertura.<\/p>\n\n\n\n<p>Durante o Congresso, vai ser apresentado o estudo in\u00e9dito sobre a profiss\u00e3o M\u00e9dico-Veterin\u00e1ria em Portugal, pelo Professor George Stilwell, que coloca em destaque as particularidades nacionais da demografia e empregabilidade veterin\u00e1ria em Portugal.<\/p>\n\n\n\n<p>A import\u00e2ncia da profiss\u00e3o M\u00e9dico-Veterin\u00e1ria e&nbsp;o amplo papel que o M\u00e9dico Veterin\u00e1rio exerce na solu\u00e7\u00e3o de desafios globais para a sociedade,&nbsp;para a garantia da sa\u00fade p\u00fablica, animal e ambiental, v\u00e3o estar em debate neste Congresso.<\/p>\n\n\n\n<p>Entre os v\u00e1rios temas na 12\u00aa edi\u00e7\u00e3o deste Congresso, destacam-se ainda o stress, ansiedade e&nbsp;<em>burnout<\/em>&nbsp;nos profissionais, que ser\u00e1 apresentado pela psic\u00f3loga Teresa Espassandim, e a gest\u00e3o de conflitos externos e internos nos Centros de Atendimento M\u00e9dico-Veterin\u00e1rios, pela gestora Gra\u00e7a Meireles.<\/p>\n\n\n\n<p>O debate sobre as carreiras profissionais, relacionado com a&nbsp;adequa\u00e7\u00e3o jur\u00eddica, remunera\u00e7\u00f5es no setor p\u00fablico e privado, e contrato coletivo de trabalho, fazem tamb\u00e9m parte do programa, e ser\u00e3o apresentados pelos M\u00e9dicos Veterin\u00e1rios Eduardo Correia e Eduardo Tavares.<\/p>\n\n\n\n<p>O Congresso, vai decorrer exclusivamente online, das 14h00 \u00e0s 18h00, e destina-se a todos os M\u00e9dicos Veterin\u00e1rios, inscritos na OMV, com as quotas regularizadas.<\/p>\n","protected":false},"excerpt":{"rendered":"<p>Vai realizar-se no pr\u00f3ximo dia 21 de Novembro, o XII Congresso da Ordem dos M\u00e9dicos Veterin\u00e1rios (OMV), organizado pelo Conselho<\/p>\n","protected":false},"author":1,"featured_media":3801,"comment_status":"closed","ping_status":"open","sticky":false,"template":"","format":"standard","meta":{"colormag_page_container_layout":"default_layout","colormag_page_sidebar_layout":"default_layout","_monsterinsights_skip_tracking":false,"_monsterinsights_sitenote_active":false,"_monsterinsights_sitenote_note":"","_monsterinsights_sitenote_category":0,"jetpack_post_was_ever_published":false,"_jetpack_newsletter_access":"","_jetpack_dont_email_post_to_subs":false,"_jetpack_newsletter_tier_id":0,"_jetpack_memberships_contains_paywalled_content":false,"_jetpack_memberships_contains_paid_content":false,"footnotes":"","jetpack_publicize_message":"","jetpack_publicize_feature_enabled":true,"jetpack_social_post_already_shared":true,"jetpack_social_options":{"image_generator_settings":{"template":"highway","default_image_id":0,"font":"","enabled":false},"version":2}},"categories":[59],"tags":[248,249],"class_list":["post-3800","post","type-post","status-publish","format-standard","has-post-thumbnail","hentry","category-saude","tag-congresso","tag-medicos"],"yoast_head":"<!-- This site is optimized with the Yoast SEO plugin v27.5 - https:\/\/yoast.com\/product\/yoast-seo-wordpress\/ -->\n<title>XII Congresso da Ordem dos M\u00e9dicos Veterin\u00e1rios (OMV) - Algarve 7<\/title>\n<meta name=\"description\" content=\"XII Congresso da Ordem dos M\u00e9dicos Veterin\u00e1rios (OMV) Sa\u00fade\" \/>\n<meta name=\"robots\" content=\"index, follow, max-snippet:-1, max-image-preview:large, max-video-preview:-1\" \/>\n<link rel=\"canonical\" href=\"https:\/\/algarve7.pt\/index.php\/2020\/11\/xii-congresso-da-ordem-dos-medicos-veterinarios-omv\/saude\/11\/53\/\" \/>\n<meta property=\"og:locale\" content=\"pt_PT\" \/>\n<meta property=\"og:type\" content=\"article\" \/>\n<meta property=\"og:title\" content=\"XII Congresso da Ordem dos M\u00e9dicos Veterin\u00e1rios (OMV) - Algarve 7\" \/>\n<meta property=\"og:description\" content=\"XII Congresso da Ordem dos M\u00e9dicos Veterin\u00e1rios (OMV) Sa\u00fade\" \/>\n<meta property=\"og:url\" content=\"https:\/\/algarve7.pt\/index.php\/2020\/11\/xii-congresso-da-ordem-dos-medicos-veterinarios-omv\/saude\/11\/53\/\" \/>\n<meta property=\"og:site_name\" content=\"Algarve 7\" \/>\n<meta property=\"article:publisher\" content=\"https:\/\/www.facebook.com\/algarve7\" \/>\n<meta property=\"article:author\" content=\"https:\/\/www.facebook.com\/algarve7\" \/>\n<meta property=\"article:published_time\" content=\"2020-11-17T11:53:36+00:00\" \/>\n<meta property=\"og:image\" content=\"https:\/\/algarve7.pt\/wp-content\/uploads\/2020\/11\/logo-fb.jpg\" \/>\n\t<meta property=\"og:image:width\" content=\"1200\" \/>\n\t<meta property=\"og:image:height\" content=\"630\" \/>\n\t<meta property=\"og:image:type\" content=\"image\/jpeg\" \/>\n<meta name=\"author\" content=\"Algarve 7\" \/>\n<meta name=\"twitter:card\" content=\"summary_large_image\" \/>\n<meta name=\"twitter:creator\" content=\"@Algarvesete\" \/>\n<meta name=\"twitter:site\" content=\"@Algarvesete\" \/>\n<meta name=\"twitter:label1\" content=\"Escrito por\" \/>\n\t<meta name=\"twitter:data1\" content=\"Algarve 7\" \/>\n\t<meta name=\"twitter:label2\" content=\"Tempo estimado de leitura\" \/>\n\t<meta name=\"twitter:data2\" content=\"2 minutos\" \/>\n<script type=\"application\/ld+json\" class=\"yoast-schema-graph\">{\"@context\":\"https:\\\/\\\/schema.org\",\"@graph\":[{\"@type\":\"Article\",\"@id\":\"https:\\\/\\\/algarve7.pt\\\/index.php\\\/2020\\\/11\\\/xii-congresso-da-ordem-dos-medicos-veterinarios-omv\\\/saude\\\/11\\\/53\\\/#article\",\"isPartOf\":{\"@id\":\"https:\\\/\\\/algarve7.pt\\\/index.php\\\/2020\\\/11\\\/xii-congresso-da-ordem-dos-medicos-veterinarios-omv\\\/saude\\\/11\\\/53\\\/\"},\"author\":{\"name\":\"Algarve 7\",\"@id\":\"https:\\\/\\\/algarve7.pt\\\/#\\\/schema\\\/person\\\/23fa70681308e7b319a3204bcea45e0c\"},\"headline\":\"XII Congresso da Ordem dos M\u00e9dicos Veterin\u00e1rios (OMV)\",\"datePublished\":\"2020-11-17T11:53:36+00:00\",\"mainEntityOfPage\":{\"@id\":\"https:\\\/\\\/algarve7.pt\\\/index.php\\\/2020\\\/11\\\/xii-congresso-da-ordem-dos-medicos-veterinarios-omv\\\/saude\\\/11\\\/53\\\/\"},\"wordCount\":333,\"publisher\":{\"@id\":\"https:\\\/\\\/algarve7.pt\\\/#organization\"},\"image\":{\"@id\":\"https:\\\/\\\/algarve7.pt\\\/index.php\\\/2020\\\/11\\\/xii-congresso-da-ordem-dos-medicos-veterinarios-omv\\\/saude\\\/11\\\/53\\\/#primaryimage\"},\"thumbnailUrl\":\"https:\\\/\\\/algarve7.pt\\\/wp-content\\\/uploads\\\/2020\\\/11\\\/logo-fb.jpg\",\"keywords\":[\"Congresso\",\"M\u00e9dicos\"],\"articleSection\":[\"Sa\u00fade\"],\"inLanguage\":\"pt-PT\"},{\"@type\":\"WebPage\",\"@id\":\"https:\\\/\\\/algarve7.pt\\\/index.php\\\/2020\\\/11\\\/xii-congresso-da-ordem-dos-medicos-veterinarios-omv\\\/saude\\\/11\\\/53\\\/\",\"url\":\"https:\\\/\\\/algarve7.pt\\\/index.php\\\/2020\\\/11\\\/xii-congresso-da-ordem-dos-medicos-veterinarios-omv\\\/saude\\\/11\\\/53\\\/\",\"name\":\"XII Congresso da Ordem dos M\u00e9dicos Veterin\u00e1rios (OMV) - Algarve 7\",\"isPartOf\":{\"@id\":\"https:\\\/\\\/algarve7.pt\\\/#website\"},\"primaryImageOfPage\":{\"@id\":\"https:\\\/\\\/algarve7.pt\\\/index.php\\\/2020\\\/11\\\/xii-congresso-da-ordem-dos-medicos-veterinarios-omv\\\/saude\\\/11\\\/53\\\/#primaryimage\"},\"image\":{\"@id\":\"https:\\\/\\\/algarve7.pt\\\/index.php\\\/2020\\\/11\\\/xii-congresso-da-ordem-dos-medicos-veterinarios-omv\\\/saude\\\/11\\\/53\\\/#primaryimage\"},\"thumbnailUrl\":\"https:\\\/\\\/algarve7.pt\\\/wp-content\\\/uploads\\\/2020\\\/11\\\/logo-fb.jpg\",\"datePublished\":\"2020-11-17T11:53:36+00:00\",\"description\":\"XII Congresso da Ordem dos M\u00e9dicos Veterin\u00e1rios (OMV) Sa\u00fade\",\"breadcrumb\":{\"@id\":\"https:\\\/\\\/algarve7.pt\\\/index.php\\\/2020\\\/11\\\/xii-congresso-da-ordem-dos-medicos-veterinarios-omv\\\/saude\\\/11\\\/53\\\/#breadcrumb\"},\"inLanguage\":\"pt-PT\",\"potentialAction\":[{\"@type\":\"ReadAction\",\"target\":[\"https:\\\/\\\/algarve7.pt\\\/index.php\\\/2020\\\/11\\\/xii-congresso-da-ordem-dos-medicos-veterinarios-omv\\\/saude\\\/11\\\/53\\\/\"]}]},{\"@type\":\"ImageObject\",\"inLanguage\":\"pt-PT\",\"@id\":\"https:\\\/\\\/algarve7.pt\\\/index.php\\\/2020\\\/11\\\/xii-congresso-da-ordem-dos-medicos-veterinarios-omv\\\/saude\\\/11\\\/53\\\/#primaryimage\",\"url\":\"https:\\\/\\\/algarve7.pt\\\/wp-content\\\/uploads\\\/2020\\\/11\\\/logo-fb.jpg\",\"contentUrl\":\"https:\\\/\\\/algarve7.pt\\\/wp-content\\\/uploads\\\/2020\\\/11\\\/logo-fb.jpg\",\"width\":1200,\"height\":630},{\"@type\":\"BreadcrumbList\",\"@id\":\"https:\\\/\\\/algarve7.pt\\\/index.php\\\/2020\\\/11\\\/xii-congresso-da-ordem-dos-medicos-veterinarios-omv\\\/saude\\\/11\\\/53\\\/#breadcrumb\",\"itemListElement\":[{\"@type\":\"ListItem\",\"position\":1,\"name\":\"In\u00edcio\",\"item\":\"https:\\\/\\\/algarve7.pt\\\/\"},{\"@type\":\"ListItem\",\"position\":2,\"name\":\"XII Congresso da Ordem dos M\u00e9dicos Veterin\u00e1rios (OMV)\"}]},{\"@type\":\"WebSite\",\"@id\":\"https:\\\/\\\/algarve7.pt\\\/#website\",\"url\":\"https:\\\/\\\/algarve7.pt\\\/\",\"name\":\"Algarve 7\",\"description\":\"Informa\u00e7\u00e3o sobre o Algarve\",\"publisher\":{\"@id\":\"https:\\\/\\\/algarve7.pt\\\/#organization\"},\"potentialAction\":[{\"@type\":\"SearchAction\",\"target\":{\"@type\":\"EntryPoint\",\"urlTemplate\":\"https:\\\/\\\/algarve7.pt\\\/?s={search_term_string}\"},\"query-input\":{\"@type\":\"PropertyValueSpecification\",\"valueRequired\":true,\"valueName\":\"search_term_string\"}}],\"inLanguage\":\"pt-PT\"},{\"@type\":\"Organization\",\"@id\":\"https:\\\/\\\/algarve7.pt\\\/#organization\",\"name\":\"Algarve 7\",\"url\":\"https:\\\/\\\/algarve7.pt\\\/\",\"logo\":{\"@type\":\"ImageObject\",\"inLanguage\":\"pt-PT\",\"@id\":\"https:\\\/\\\/algarve7.pt\\\/#\\\/schema\\\/logo\\\/image\\\/\",\"url\":\"https:\\\/\\\/algarve7.pt\\\/wp-content\\\/uploads\\\/2020\\\/10\\\/Logo-8.jpg\",\"contentUrl\":\"https:\\\/\\\/algarve7.pt\\\/wp-content\\\/uploads\\\/2020\\\/10\\\/Logo-8.jpg\",\"width\":1680,\"height\":1186,\"caption\":\"Algarve 7\"},\"image\":{\"@id\":\"https:\\\/\\\/algarve7.pt\\\/#\\\/schema\\\/logo\\\/image\\\/\"},\"sameAs\":[\"https:\\\/\\\/www.facebook.com\\\/algarve7\",\"https:\\\/\\\/x.com\\\/Algarvesete\",\"https:\\\/\\\/www.instagram.com\\\/jornalalgarve7\\\/\",\"https:\\\/\\\/www.linkedin.com\\\/company\\\/algarve7\",\"https:\\\/\\\/www.pinterest.pt\\\/geral0939\\\/_created\\\/\"]},{\"@type\":\"Person\",\"@id\":\"https:\\\/\\\/algarve7.pt\\\/#\\\/schema\\\/person\\\/23fa70681308e7b319a3204bcea45e0c\",\"name\":\"Algarve 7\",\"sameAs\":[\"https:\\\/\\\/algarve7.pt\",\"https:\\\/\\\/www.facebook.com\\\/algarve7\"],\"url\":\"https:\\\/\\\/algarve7.pt\\\/index.php\\\/author\\\/geralalgarve7-pt\\\/\"}]}<\/script>\n<!-- \/ Yoast SEO plugin. -->","yoast_head_json":{"title":"XII Congresso da Ordem dos M\u00e9dicos Veterin\u00e1rios (OMV) - Algarve 7","description":"XII Congresso da Ordem dos M\u00e9dicos Veterin\u00e1rios (OMV) Sa\u00fade","robots":{"index":"index","follow":"follow","max-snippet":"max-snippet:-1","max-image-preview":"max-image-preview:large","max-video-preview":"max-video-preview:-1"},"canonical":"https:\/\/algarve7.pt\/index.php\/2020\/11\/xii-congresso-da-ordem-dos-medicos-veterinarios-omv\/saude\/11\/53\/","og_locale":"pt_PT","og_type":"article","og_title":"XII Congresso da Ordem dos M\u00e9dicos Veterin\u00e1rios (OMV) - Algarve 7","og_description":"XII Congresso da Ordem dos M\u00e9dicos Veterin\u00e1rios (OMV) Sa\u00fade","og_url":"https:\/\/algarve7.pt\/index.php\/2020\/11\/xii-congresso-da-ordem-dos-medicos-veterinarios-omv\/saude\/11\/53\/","og_site_name":"Algarve 7","article_publisher":"https:\/\/www.facebook.com\/algarve7","article_author":"https:\/\/www.facebook.com\/algarve7","article_published_time":"2020-11-17T11:53:36+00:00","og_image":[{"width":1200,"height":630,"url":"https:\/\/algarve7.pt\/wp-content\/uploads\/2020\/11\/logo-fb.jpg","type":"image\/jpeg"}],"author":"Algarve 7","twitter_card":"summary_large_image","twitter_creator":"@Algarvesete","twitter_site":"@Algarvesete","twitter_misc":{"Escrito por":"Algarve 7","Tempo estimado de leitura":"2 minutos"},"schema":{"@context":"https:\/\/schema.org","@graph":[{"@type":"Article","@id":"https:\/\/algarve7.pt\/index.php\/2020\/11\/xii-congresso-da-ordem-dos-medicos-veterinarios-omv\/saude\/11\/53\/#article","isPartOf":{"@id":"https:\/\/algarve7.pt\/index.php\/2020\/11\/xii-congresso-da-ordem-dos-medicos-veterinarios-omv\/saude\/11\/53\/"},"author":{"name":"Algarve 7","@id":"https:\/\/algarve7.pt\/#\/schema\/person\/23fa70681308e7b319a3204bcea45e0c"},"headline":"XII Congresso da Ordem dos M\u00e9dicos Veterin\u00e1rios (OMV)","datePublished":"2020-11-17T11:53:36+00:00","mainEntityOfPage":{"@id":"https:\/\/algarve7.pt\/index.php\/2020\/11\/xii-congresso-da-ordem-dos-medicos-veterinarios-omv\/saude\/11\/53\/"},"wordCount":333,"publisher":{"@id":"https:\/\/algarve7.pt\/#organization"},"image":{"@id":"https:\/\/algarve7.pt\/index.php\/2020\/11\/xii-congresso-da-ordem-dos-medicos-veterinarios-omv\/saude\/11\/53\/#primaryimage"},"thumbnailUrl":"https:\/\/algarve7.pt\/wp-content\/uploads\/2020\/11\/logo-fb.jpg","keywords":["Congresso","M\u00e9dicos"],"articleSection":["Sa\u00fade"],"inLanguage":"pt-PT"},{"@type":"WebPage","@id":"https:\/\/algarve7.pt\/index.php\/2020\/11\/xii-congresso-da-ordem-dos-medicos-veterinarios-omv\/saude\/11\/53\/","url":"https:\/\/algarve7.pt\/index.php\/2020\/11\/xii-congresso-da-ordem-dos-medicos-veterinarios-omv\/saude\/11\/53\/","name":"XII Congresso da Ordem dos M\u00e9dicos Veterin\u00e1rios (OMV) - Algarve 7","isPartOf":{"@id":"https:\/\/algarve7.pt\/#website"},"primaryImageOfPage":{"@id":"https:\/\/algarve7.pt\/index.php\/2020\/11\/xii-congresso-da-ordem-dos-medicos-veterinarios-omv\/saude\/11\/53\/#primaryimage"},"image":{"@id":"https:\/\/algarve7.pt\/index.php\/2020\/11\/xii-congresso-da-ordem-dos-medicos-veterinarios-omv\/saude\/11\/53\/#primaryimage"},"thumbnailUrl":"https:\/\/algarve7.pt\/wp-content\/uploads\/2020\/11\/logo-fb.jpg","datePublished":"2020-11-17T11:53:36+00:00","description":"XII Congresso da Ordem dos M\u00e9dicos Veterin\u00e1rios (OMV) Sa\u00fade","breadcrumb":{"@id":"https:\/\/algarve7.pt\/index.php\/2020\/11\/xii-congresso-da-ordem-dos-medicos-veterinarios-omv\/saude\/11\/53\/#breadcrumb"},"inLanguage":"pt-PT","potentialAction":[{"@type":"ReadAction","target":["https:\/\/algarve7.pt\/index.php\/2020\/11\/xii-congresso-da-ordem-dos-medicos-veterinarios-omv\/saude\/11\/53\/"]}]},{"@type":"ImageObject","inLanguage":"pt-PT","@id":"https:\/\/algarve7.pt\/index.php\/2020\/11\/xii-congresso-da-ordem-dos-medicos-veterinarios-omv\/saude\/11\/53\/#primaryimage","url":"https:\/\/algarve7.pt\/wp-content\/uploads\/2020\/11\/logo-fb.jpg","contentUrl":"https:\/\/algarve7.pt\/wp-content\/uploads\/2020\/11\/logo-fb.jpg","width":1200,"height":630},{"@type":"BreadcrumbList","@id":"https:\/\/algarve7.pt\/index.php\/2020\/11\/xii-congresso-da-ordem-dos-medicos-veterinarios-omv\/saude\/11\/53\/#breadcrumb","itemListElement":[{"@type":"ListItem","position":1,"name":"In\u00edcio","item":"https:\/\/algarve7.pt\/"},{"@type":"ListItem","position":2,"name":"XII Congresso da Ordem dos M\u00e9dicos Veterin\u00e1rios (OMV)"}]},{"@type":"WebSite","@id":"https:\/\/algarve7.pt\/#website","url":"https:\/\/algarve7.pt\/","name":"Algarve 7","description":"Informa\u00e7\u00e3o sobre o Algarve","publisher":{"@id":"https:\/\/algarve7.pt\/#organization"},"potentialAction":[{"@type":"SearchAction","target":{"@type":"EntryPoint","urlTemplate":"https:\/\/algarve7.pt\/?s={search_term_string}"},"query-input":{"@type":"PropertyValueSpecification","valueRequired":true,"valueName":"search_term_string"}}],"inLanguage":"pt-PT"},{"@type":"Organization","@id":"https:\/\/algarve7.pt\/#organization","name":"Algarve 7","url":"https:\/\/algarve7.pt\/","logo":{"@type":"ImageObject","inLanguage":"pt-PT","@id":"https:\/\/algarve7.pt\/#\/schema\/logo\/image\/","url":"https:\/\/algarve7.pt\/wp-content\/uploads\/2020\/10\/Logo-8.jpg","contentUrl":"https:\/\/algarve7.pt\/wp-content\/uploads\/2020\/10\/Logo-8.jpg","width":1680,"height":1186,"caption":"Algarve 7"},"image":{"@id":"https:\/\/algarve7.pt\/#\/schema\/logo\/image\/"},"sameAs":["https:\/\/www.facebook.com\/algarve7","https:\/\/x.com\/Algarvesete","https:\/\/www.instagram.com\/jornalalgarve7\/","https:\/\/www.linkedin.com\/company\/algarve7","https:\/\/www.pinterest.pt\/geral0939\/_created\/"]},{"@type":"Person","@id":"https:\/\/algarve7.pt\/#\/schema\/person\/23fa70681308e7b319a3204bcea45e0c","name":"Algarve 7","sameAs":["https:\/\/algarve7.pt","https:\/\/www.facebook.com\/algarve7"],"url":"https:\/\/algarve7.pt\/index.php\/author\/geralalgarve7-pt\/"}]}},"jetpack_publicize_connections":[],"jetpack_featured_media_url":"https:\/\/algarve7.pt\/wp-content\/uploads\/2020\/11\/logo-fb.jpg","jetpack_shortlink":"https:\/\/wp.me\/pcezmW-Zi","jetpack_sharing_enabled":true,"_links":{"self":[{"href":"https:\/\/algarve7.pt\/index.php\/wp-json\/wp\/v2\/posts\/3800","targetHints":{"allow":["GET"]}}],"collection":[{"href":"https:\/\/algarve7.pt\/index.php\/wp-json\/wp\/v2\/posts"}],"about":[{"href":"https:\/\/algarve7.pt\/index.php\/wp-json\/wp\/v2\/types\/post"}],"author":[{"embeddable":true,"href":"https:\/\/algarve7.pt\/index.php\/wp-json\/wp\/v2\/users\/1"}],"replies":[{"embeddable":true,"href":"https:\/\/algarve7.pt\/index.php\/wp-json\/wp\/v2\/comments?post=3800"}],"version-history":[{"count":0,"href":"https:\/\/algarve7.pt\/index.php\/wp-json\/wp\/v2\/posts\/3800\/revisions"}],"wp:featuredmedia":[{"embeddable":true,"href":"https:\/\/algarve7.pt\/index.php\/wp-json\/wp\/v2\/media\/3801"}],"wp:attachment":[{"href":"https:\/\/algarve7.pt\/index.php\/wp-json\/wp\/v2\/media?parent=3800"}],"wp:term":[{"taxonomy":"category","embeddable":true,"href":"https:\/\/algarve7.pt\/index.php\/wp-json\/wp\/v2\/categories?post=3800"},{"taxonomy":"post_tag","embeddable":true,"href":"https:\/\/algarve7.pt\/index.php\/wp-json\/wp\/v2\/tags?post=3800"}],"curies":[{"name":"wp","href":"https:\/\/api.w.org\/{rel}","templated":true}]}}