{"id":37894,"date":"2024-04-19T20:14:34","date_gmt":"2024-04-19T19:14:34","guid":{"rendered":"https:\/\/algarve7.pt\/?p=37894"},"modified":"2024-04-19T20:14:34","modified_gmt":"2024-04-19T19:14:34","slug":"autodromo-do-algarve-e-ses-energia-oficializaram-parceria","status":"publish","type":"post","link":"https:\/\/algarve7.pt\/index.php\/2024\/04\/autodromo-do-algarve-e-ses-energia-oficializaram-parceria\/ambiente\/20\/14\/","title":{"rendered":"Aut\u00f3dromo do Algarve e SES &#8211; Energia oficializaram parceria"},"content":{"rendered":"\n<p>Dando continuidade ao seu ambicioso e inovador programa de sustentabilidade o&nbsp;<strong>Aut\u00f3dromo Internacional do Algarve<\/strong>apresentou hoje aquela que ser\u00e1 a sua&nbsp;<strong>Comunidade de Energia<\/strong>&nbsp;e que visa aumentar ainda mais a percentagem de energia produzida nas suas instala\u00e7\u00f5es, sendo este o momento para oficializar a parceria com&nbsp; a&nbsp;<strong>SES \u2013 Energia<\/strong>, empresa que dar\u00e1 continuidade a uma Comunidade que arrancou aquando da passagem do MotoGP pelo complexo no passado m\u00eas de Mar\u00e7o.<\/p>\n\n\n\n<p>\u2018Este projecto conjunto com o&nbsp;<strong>Aut\u00f3dromo Internacional do Algarve<\/strong>&nbsp;come\u00e7ou com a coloca\u00e7\u00e3o de pain\u00e9is fotovoltaicos nos edif\u00edcios do centro m\u00e9dico e media centre aquando do MotoGP, mas com os novos pain\u00e9is a serem colocados entre as Curvas 2 e 3 no circuito vamos aumentar a capacidade de produ\u00e7\u00e3o e naturalmente a independ\u00eancia energ\u00e9tica de toda esta comunidade.\u2019 Referiu&nbsp;<strong>Paulo Silva, da SES \u2013 Energia<\/strong>, a empresa parceira do&nbsp;<strong>Aut\u00f3dromo Internacional do Algarve<\/strong>&nbsp;na cria\u00e7\u00e3o desta&nbsp;<strong>Comunidade de Energia<\/strong>.<\/p>\n\n\n\n<p>A adi\u00e7\u00e3o de mais pain\u00e9is aos j\u00e1 existentes nos referidos edif\u00edcios, ir\u00e1 elevar o n\u00famero total para&nbsp;<strong>2000<\/strong>&nbsp;evitando a emiss\u00e3o de&nbsp;<strong>841ztoneladas de CO2<\/strong>&nbsp;\u2013 o equivalente a serem plantadas&nbsp;<strong>38.227<\/strong>\u00e1rvores e ir\u00e1 permitir ultrapassar&nbsp;<strong>1MW<\/strong>&nbsp;de capacidade de produ\u00e7\u00e3o instalada, assegurando&nbsp;<strong>62%<\/strong>&nbsp;das necessidades da comunidade garantindo igualmente&nbsp;ao AIA uma depend\u00eancia adicional \u00e0 rede de&nbsp;<strong>45%<\/strong>.<\/p>\n\n\n\n<p>\u2018Com a coloca\u00e7\u00e3o de mais pain\u00e9is fotovoltaicos no circuito vamos atingir um patamar ainda mais elevado de produ\u00e7\u00e3o de electricidade e essa mesma energia ser\u00e1 utilizada n\u00e3o s\u00f3&nbsp;no circuito mas igualmente&nbsp;no hotel, apartamentos, kart\u00f3dromo e no Celerator, o nosso p\u00f3lo tecnol\u00f3gico que est\u00e1 em fase final de constru\u00e7\u00e3o e ser\u00e1 em breve inaugurado.\u2019 Afirma&nbsp;<strong>Paulo Pinheiro,&nbsp;da Parkalgar<\/strong>.<\/p>\n\n\n\n<p>O&nbsp;<strong>Aut\u00f3dromo Internacional do Algarve<\/strong>&nbsp;continua assim na vanguarda da sustentabilidade energ\u00e9tica e juntamente e estes novos equipamentos ir\u00e3o juntar-se a uma cada vez mais expressiva lista de ac\u00e7\u00f5es e procedimentos ambientais como a utiliza\u00e7\u00e3o de combust\u00edveis sint\u00e9ticos na frota de viaturas operacionais no circuito e kart\u00f3dromo, a recolha seleccionada de lixos ou o aproveitamento das \u00e1guas pluviais, ac\u00e7\u00f5es que pretendem levar \u00e0 certifica\u00e7\u00e3o&nbsp;<strong>ISO 20121<\/strong>&nbsp;do&nbsp;<strong>Aut\u00f3dromo Internacional do Algarve<\/strong>.<\/p>\n\n\n\n<p>\u2018Que tenhamos conhecimento n\u00e3o existe outro circuito a n\u00edvel global com tanta interven\u00e7\u00e3o do ponto de vista ambiental como o nosso. Queremos ser ainda mais sustent\u00e1veis e tornar esta comunidade totalmente independente do ponto de vista energ\u00e9tico num futuro pr\u00f3ximo.\u2019 Refor\u00e7ou igualmente&nbsp;<strong>Paulo Pinheiro<\/strong>.<\/p>\n","protected":false},"excerpt":{"rendered":"<p>Dando continuidade ao seu ambicioso e inovador programa de sustentabilidade o&nbsp;Aut\u00f3dromo Internacional do Algarveapresentou hoje aquela que ser\u00e1 a sua&nbsp;Comunidade<\/p>\n","protected":false},"author":1,"featured_media":37895,"comment_status":"closed","ping_status":"open","sticky":false,"template":"","format":"standard","meta":{"colormag_page_container_layout":"default_layout","colormag_page_sidebar_layout":"default_layout","_monsterinsights_skip_tracking":false,"_monsterinsights_sitenote_active":false,"_monsterinsights_sitenote_note":"","_monsterinsights_sitenote_category":0,"jetpack_post_was_ever_published":false,"_jetpack_newsletter_access":"","_jetpack_dont_email_post_to_subs":false,"_jetpack_newsletter_tier_id":0,"_jetpack_memberships_contains_paywalled_content":false,"_jetpack_memberships_contains_paid_content":false,"footnotes":"","jetpack_publicize_message":"","jetpack_publicize_feature_enabled":true,"jetpack_social_post_already_shared":false,"jetpack_social_options":{"image_generator_settings":{"template":"highway","default_image_id":0,"font":"","enabled":false},"version":2}},"categories":[5],"tags":[36,32,239],"class_list":["post-37894","post","type-post","status-publish","format-standard","has-post-thumbnail","hentry","category-ambiente","tag-algarve","tag-ambiente","tag-autodromo-internacional-do-algarve"],"yoast_head":"<!-- This site is optimized with the Yoast SEO plugin v27.5 - https:\/\/yoast.com\/product\/yoast-seo-wordpress\/ -->\n<title>Aut\u00f3dromo do Algarve e SES - Energia oficializaram parceria - Algarve 7<\/title>\n<meta name=\"description\" content=\"Aut\u00f3dromo do Algarve e SES - Energia oficializaram parceria Ambiente\" \/>\n<meta name=\"robots\" content=\"index, follow, max-snippet:-1, max-image-preview:large, max-video-preview:-1\" \/>\n<link rel=\"canonical\" href=\"https:\/\/algarve7.pt\/index.php\/2024\/04\/autodromo-do-algarve-e-ses-energia-oficializaram-parceria\/ambiente\/20\/14\/\" \/>\n<meta property=\"og:locale\" content=\"pt_PT\" \/>\n<meta property=\"og:type\" content=\"article\" \/>\n<meta property=\"og:title\" content=\"Aut\u00f3dromo do Algarve e SES - Energia oficializaram parceria - Algarve 7\" \/>\n<meta property=\"og:description\" content=\"Aut\u00f3dromo do Algarve e SES - Energia oficializaram parceria Ambiente\" \/>\n<meta property=\"og:url\" content=\"https:\/\/algarve7.pt\/index.php\/2024\/04\/autodromo-do-algarve-e-ses-energia-oficializaram-parceria\/ambiente\/20\/14\/\" \/>\n<meta property=\"og:site_name\" content=\"Algarve 7\" \/>\n<meta property=\"article:publisher\" content=\"https:\/\/www.facebook.com\/algarve7\" \/>\n<meta property=\"article:author\" content=\"https:\/\/www.facebook.com\/algarve7\" \/>\n<meta property=\"article:published_time\" content=\"2024-04-19T19:14:34+00:00\" \/>\n<meta property=\"og:image\" content=\"https:\/\/algarve7.pt\/wp-content\/uploads\/2024\/04\/f3203023-a0f9-dfba-c64c-8f285942a1ce.jpg\" \/>\n\t<meta property=\"og:image:width\" content=\"800\" \/>\n\t<meta property=\"og:image:height\" content=\"450\" \/>\n\t<meta property=\"og:image:type\" content=\"image\/jpeg\" \/>\n<meta name=\"author\" content=\"Algarve 7\" \/>\n<meta name=\"twitter:card\" content=\"summary_large_image\" \/>\n<meta name=\"twitter:creator\" content=\"@Algarvesete\" \/>\n<meta name=\"twitter:site\" content=\"@Algarvesete\" \/>\n<meta name=\"twitter:label1\" content=\"Escrito por\" \/>\n\t<meta name=\"twitter:data1\" content=\"Algarve 7\" \/>\n\t<meta name=\"twitter:label2\" content=\"Tempo estimado de leitura\" \/>\n\t<meta name=\"twitter:data2\" content=\"3 minutos\" \/>\n<script type=\"application\/ld+json\" class=\"yoast-schema-graph\">{\"@context\":\"https:\\\/\\\/schema.org\",\"@graph\":[{\"@type\":\"Article\",\"@id\":\"https:\\\/\\\/algarve7.pt\\\/index.php\\\/2024\\\/04\\\/autodromo-do-algarve-e-ses-energia-oficializaram-parceria\\\/ambiente\\\/20\\\/14\\\/#article\",\"isPartOf\":{\"@id\":\"https:\\\/\\\/algarve7.pt\\\/index.php\\\/2024\\\/04\\\/autodromo-do-algarve-e-ses-energia-oficializaram-parceria\\\/ambiente\\\/20\\\/14\\\/\"},\"author\":{\"name\":\"Algarve 7\",\"@id\":\"https:\\\/\\\/algarve7.pt\\\/#\\\/schema\\\/person\\\/23fa70681308e7b319a3204bcea45e0c\"},\"headline\":\"Aut\u00f3dromo do Algarve e SES &#8211; Energia oficializaram parceria\",\"datePublished\":\"2024-04-19T19:14:34+00:00\",\"mainEntityOfPage\":{\"@id\":\"https:\\\/\\\/algarve7.pt\\\/index.php\\\/2024\\\/04\\\/autodromo-do-algarve-e-ses-energia-oficializaram-parceria\\\/ambiente\\\/20\\\/14\\\/\"},\"wordCount\":465,\"publisher\":{\"@id\":\"https:\\\/\\\/algarve7.pt\\\/#organization\"},\"image\":{\"@id\":\"https:\\\/\\\/algarve7.pt\\\/index.php\\\/2024\\\/04\\\/autodromo-do-algarve-e-ses-energia-oficializaram-parceria\\\/ambiente\\\/20\\\/14\\\/#primaryimage\"},\"thumbnailUrl\":\"https:\\\/\\\/algarve7.pt\\\/wp-content\\\/uploads\\\/2024\\\/04\\\/f3203023-a0f9-dfba-c64c-8f285942a1ce.jpg\",\"keywords\":[\"Algarve\",\"Ambiente\",\"Aut\u00f3dromo Internacional do Algarve\"],\"articleSection\":[\"Ambiente\"],\"inLanguage\":\"pt-PT\"},{\"@type\":\"WebPage\",\"@id\":\"https:\\\/\\\/algarve7.pt\\\/index.php\\\/2024\\\/04\\\/autodromo-do-algarve-e-ses-energia-oficializaram-parceria\\\/ambiente\\\/20\\\/14\\\/\",\"url\":\"https:\\\/\\\/algarve7.pt\\\/index.php\\\/2024\\\/04\\\/autodromo-do-algarve-e-ses-energia-oficializaram-parceria\\\/ambiente\\\/20\\\/14\\\/\",\"name\":\"Aut\u00f3dromo do Algarve e SES - Energia oficializaram parceria - Algarve 7\",\"isPartOf\":{\"@id\":\"https:\\\/\\\/algarve7.pt\\\/#website\"},\"primaryImageOfPage\":{\"@id\":\"https:\\\/\\\/algarve7.pt\\\/index.php\\\/2024\\\/04\\\/autodromo-do-algarve-e-ses-energia-oficializaram-parceria\\\/ambiente\\\/20\\\/14\\\/#primaryimage\"},\"image\":{\"@id\":\"https:\\\/\\\/algarve7.pt\\\/index.php\\\/2024\\\/04\\\/autodromo-do-algarve-e-ses-energia-oficializaram-parceria\\\/ambiente\\\/20\\\/14\\\/#primaryimage\"},\"thumbnailUrl\":\"https:\\\/\\\/algarve7.pt\\\/wp-content\\\/uploads\\\/2024\\\/04\\\/f3203023-a0f9-dfba-c64c-8f285942a1ce.jpg\",\"datePublished\":\"2024-04-19T19:14:34+00:00\",\"description\":\"Aut\u00f3dromo do Algarve e SES - Energia oficializaram parceria Ambiente\",\"breadcrumb\":{\"@id\":\"https:\\\/\\\/algarve7.pt\\\/index.php\\\/2024\\\/04\\\/autodromo-do-algarve-e-ses-energia-oficializaram-parceria\\\/ambiente\\\/20\\\/14\\\/#breadcrumb\"},\"inLanguage\":\"pt-PT\",\"potentialAction\":[{\"@type\":\"ReadAction\",\"target\":[\"https:\\\/\\\/algarve7.pt\\\/index.php\\\/2024\\\/04\\\/autodromo-do-algarve-e-ses-energia-oficializaram-parceria\\\/ambiente\\\/20\\\/14\\\/\"]}]},{\"@type\":\"ImageObject\",\"inLanguage\":\"pt-PT\",\"@id\":\"https:\\\/\\\/algarve7.pt\\\/index.php\\\/2024\\\/04\\\/autodromo-do-algarve-e-ses-energia-oficializaram-parceria\\\/ambiente\\\/20\\\/14\\\/#primaryimage\",\"url\":\"https:\\\/\\\/algarve7.pt\\\/wp-content\\\/uploads\\\/2024\\\/04\\\/f3203023-a0f9-dfba-c64c-8f285942a1ce.jpg\",\"contentUrl\":\"https:\\\/\\\/algarve7.pt\\\/wp-content\\\/uploads\\\/2024\\\/04\\\/f3203023-a0f9-dfba-c64c-8f285942a1ce.jpg\",\"width\":800,\"height\":450},{\"@type\":\"BreadcrumbList\",\"@id\":\"https:\\\/\\\/algarve7.pt\\\/index.php\\\/2024\\\/04\\\/autodromo-do-algarve-e-ses-energia-oficializaram-parceria\\\/ambiente\\\/20\\\/14\\\/#breadcrumb\",\"itemListElement\":[{\"@type\":\"ListItem\",\"position\":1,\"name\":\"In\u00edcio\",\"item\":\"https:\\\/\\\/algarve7.pt\\\/\"},{\"@type\":\"ListItem\",\"position\":2,\"name\":\"Aut\u00f3dromo do Algarve e SES &#8211; Energia oficializaram parceria\"}]},{\"@type\":\"WebSite\",\"@id\":\"https:\\\/\\\/algarve7.pt\\\/#website\",\"url\":\"https:\\\/\\\/algarve7.pt\\\/\",\"name\":\"Algarve 7\",\"description\":\"Informa\u00e7\u00e3o sobre o Algarve\",\"publisher\":{\"@id\":\"https:\\\/\\\/algarve7.pt\\\/#organization\"},\"potentialAction\":[{\"@type\":\"SearchAction\",\"target\":{\"@type\":\"EntryPoint\",\"urlTemplate\":\"https:\\\/\\\/algarve7.pt\\\/?s={search_term_string}\"},\"query-input\":{\"@type\":\"PropertyValueSpecification\",\"valueRequired\":true,\"valueName\":\"search_term_string\"}}],\"inLanguage\":\"pt-PT\"},{\"@type\":\"Organization\",\"@id\":\"https:\\\/\\\/algarve7.pt\\\/#organization\",\"name\":\"Algarve 7\",\"url\":\"https:\\\/\\\/algarve7.pt\\\/\",\"logo\":{\"@type\":\"ImageObject\",\"inLanguage\":\"pt-PT\",\"@id\":\"https:\\\/\\\/algarve7.pt\\\/#\\\/schema\\\/logo\\\/image\\\/\",\"url\":\"https:\\\/\\\/algarve7.pt\\\/wp-content\\\/uploads\\\/2020\\\/10\\\/Logo-8.jpg\",\"contentUrl\":\"https:\\\/\\\/algarve7.pt\\\/wp-content\\\/uploads\\\/2020\\\/10\\\/Logo-8.jpg\",\"width\":1680,\"height\":1186,\"caption\":\"Algarve 7\"},\"image\":{\"@id\":\"https:\\\/\\\/algarve7.pt\\\/#\\\/schema\\\/logo\\\/image\\\/\"},\"sameAs\":[\"https:\\\/\\\/www.facebook.com\\\/algarve7\",\"https:\\\/\\\/x.com\\\/Algarvesete\",\"https:\\\/\\\/www.instagram.com\\\/jornalalgarve7\\\/\",\"https:\\\/\\\/www.linkedin.com\\\/company\\\/algarve7\",\"https:\\\/\\\/www.pinterest.pt\\\/geral0939\\\/_created\\\/\"]},{\"@type\":\"Person\",\"@id\":\"https:\\\/\\\/algarve7.pt\\\/#\\\/schema\\\/person\\\/23fa70681308e7b319a3204bcea45e0c\",\"name\":\"Algarve 7\",\"sameAs\":[\"https:\\\/\\\/algarve7.pt\",\"https:\\\/\\\/www.facebook.com\\\/algarve7\"],\"url\":\"https:\\\/\\\/algarve7.pt\\\/index.php\\\/author\\\/geralalgarve7-pt\\\/\"}]}<\/script>\n<!-- \/ Yoast SEO plugin. -->","yoast_head_json":{"title":"Aut\u00f3dromo do Algarve e SES - Energia oficializaram parceria - Algarve 7","description":"Aut\u00f3dromo do Algarve e SES - Energia oficializaram parceria Ambiente","robots":{"index":"index","follow":"follow","max-snippet":"max-snippet:-1","max-image-preview":"max-image-preview:large","max-video-preview":"max-video-preview:-1"},"canonical":"https:\/\/algarve7.pt\/index.php\/2024\/04\/autodromo-do-algarve-e-ses-energia-oficializaram-parceria\/ambiente\/20\/14\/","og_locale":"pt_PT","og_type":"article","og_title":"Aut\u00f3dromo do Algarve e SES - Energia oficializaram parceria - Algarve 7","og_description":"Aut\u00f3dromo do Algarve e SES - Energia oficializaram parceria Ambiente","og_url":"https:\/\/algarve7.pt\/index.php\/2024\/04\/autodromo-do-algarve-e-ses-energia-oficializaram-parceria\/ambiente\/20\/14\/","og_site_name":"Algarve 7","article_publisher":"https:\/\/www.facebook.com\/algarve7","article_author":"https:\/\/www.facebook.com\/algarve7","article_published_time":"2024-04-19T19:14:34+00:00","og_image":[{"width":800,"height":450,"url":"https:\/\/algarve7.pt\/wp-content\/uploads\/2024\/04\/f3203023-a0f9-dfba-c64c-8f285942a1ce.jpg","type":"image\/jpeg"}],"author":"Algarve 7","twitter_card":"summary_large_image","twitter_creator":"@Algarvesete","twitter_site":"@Algarvesete","twitter_misc":{"Escrito por":"Algarve 7","Tempo estimado de leitura":"3 minutos"},"schema":{"@context":"https:\/\/schema.org","@graph":[{"@type":"Article","@id":"https:\/\/algarve7.pt\/index.php\/2024\/04\/autodromo-do-algarve-e-ses-energia-oficializaram-parceria\/ambiente\/20\/14\/#article","isPartOf":{"@id":"https:\/\/algarve7.pt\/index.php\/2024\/04\/autodromo-do-algarve-e-ses-energia-oficializaram-parceria\/ambiente\/20\/14\/"},"author":{"name":"Algarve 7","@id":"https:\/\/algarve7.pt\/#\/schema\/person\/23fa70681308e7b319a3204bcea45e0c"},"headline":"Aut\u00f3dromo do Algarve e SES &#8211; Energia oficializaram parceria","datePublished":"2024-04-19T19:14:34+00:00","mainEntityOfPage":{"@id":"https:\/\/algarve7.pt\/index.php\/2024\/04\/autodromo-do-algarve-e-ses-energia-oficializaram-parceria\/ambiente\/20\/14\/"},"wordCount":465,"publisher":{"@id":"https:\/\/algarve7.pt\/#organization"},"image":{"@id":"https:\/\/algarve7.pt\/index.php\/2024\/04\/autodromo-do-algarve-e-ses-energia-oficializaram-parceria\/ambiente\/20\/14\/#primaryimage"},"thumbnailUrl":"https:\/\/algarve7.pt\/wp-content\/uploads\/2024\/04\/f3203023-a0f9-dfba-c64c-8f285942a1ce.jpg","keywords":["Algarve","Ambiente","Aut\u00f3dromo Internacional do Algarve"],"articleSection":["Ambiente"],"inLanguage":"pt-PT"},{"@type":"WebPage","@id":"https:\/\/algarve7.pt\/index.php\/2024\/04\/autodromo-do-algarve-e-ses-energia-oficializaram-parceria\/ambiente\/20\/14\/","url":"https:\/\/algarve7.pt\/index.php\/2024\/04\/autodromo-do-algarve-e-ses-energia-oficializaram-parceria\/ambiente\/20\/14\/","name":"Aut\u00f3dromo do Algarve e SES - Energia oficializaram parceria - Algarve 7","isPartOf":{"@id":"https:\/\/algarve7.pt\/#website"},"primaryImageOfPage":{"@id":"https:\/\/algarve7.pt\/index.php\/2024\/04\/autodromo-do-algarve-e-ses-energia-oficializaram-parceria\/ambiente\/20\/14\/#primaryimage"},"image":{"@id":"https:\/\/algarve7.pt\/index.php\/2024\/04\/autodromo-do-algarve-e-ses-energia-oficializaram-parceria\/ambiente\/20\/14\/#primaryimage"},"thumbnailUrl":"https:\/\/algarve7.pt\/wp-content\/uploads\/2024\/04\/f3203023-a0f9-dfba-c64c-8f285942a1ce.jpg","datePublished":"2024-04-19T19:14:34+00:00","description":"Aut\u00f3dromo do Algarve e SES - Energia oficializaram parceria Ambiente","breadcrumb":{"@id":"https:\/\/algarve7.pt\/index.php\/2024\/04\/autodromo-do-algarve-e-ses-energia-oficializaram-parceria\/ambiente\/20\/14\/#breadcrumb"},"inLanguage":"pt-PT","potentialAction":[{"@type":"ReadAction","target":["https:\/\/algarve7.pt\/index.php\/2024\/04\/autodromo-do-algarve-e-ses-energia-oficializaram-parceria\/ambiente\/20\/14\/"]}]},{"@type":"ImageObject","inLanguage":"pt-PT","@id":"https:\/\/algarve7.pt\/index.php\/2024\/04\/autodromo-do-algarve-e-ses-energia-oficializaram-parceria\/ambiente\/20\/14\/#primaryimage","url":"https:\/\/algarve7.pt\/wp-content\/uploads\/2024\/04\/f3203023-a0f9-dfba-c64c-8f285942a1ce.jpg","contentUrl":"https:\/\/algarve7.pt\/wp-content\/uploads\/2024\/04\/f3203023-a0f9-dfba-c64c-8f285942a1ce.jpg","width":800,"height":450},{"@type":"BreadcrumbList","@id":"https:\/\/algarve7.pt\/index.php\/2024\/04\/autodromo-do-algarve-e-ses-energia-oficializaram-parceria\/ambiente\/20\/14\/#breadcrumb","itemListElement":[{"@type":"ListItem","position":1,"name":"In\u00edcio","item":"https:\/\/algarve7.pt\/"},{"@type":"ListItem","position":2,"name":"Aut\u00f3dromo do Algarve e SES &#8211; Energia oficializaram parceria"}]},{"@type":"WebSite","@id":"https:\/\/algarve7.pt\/#website","url":"https:\/\/algarve7.pt\/","name":"Algarve 7","description":"Informa\u00e7\u00e3o sobre o Algarve","publisher":{"@id":"https:\/\/algarve7.pt\/#organization"},"potentialAction":[{"@type":"SearchAction","target":{"@type":"EntryPoint","urlTemplate":"https:\/\/algarve7.pt\/?s={search_term_string}"},"query-input":{"@type":"PropertyValueSpecification","valueRequired":true,"valueName":"search_term_string"}}],"inLanguage":"pt-PT"},{"@type":"Organization","@id":"https:\/\/algarve7.pt\/#organization","name":"Algarve 7","url":"https:\/\/algarve7.pt\/","logo":{"@type":"ImageObject","inLanguage":"pt-PT","@id":"https:\/\/algarve7.pt\/#\/schema\/logo\/image\/","url":"https:\/\/algarve7.pt\/wp-content\/uploads\/2020\/10\/Logo-8.jpg","contentUrl":"https:\/\/algarve7.pt\/wp-content\/uploads\/2020\/10\/Logo-8.jpg","width":1680,"height":1186,"caption":"Algarve 7"},"image":{"@id":"https:\/\/algarve7.pt\/#\/schema\/logo\/image\/"},"sameAs":["https:\/\/www.facebook.com\/algarve7","https:\/\/x.com\/Algarvesete","https:\/\/www.instagram.com\/jornalalgarve7\/","https:\/\/www.linkedin.com\/company\/algarve7","https:\/\/www.pinterest.pt\/geral0939\/_created\/"]},{"@type":"Person","@id":"https:\/\/algarve7.pt\/#\/schema\/person\/23fa70681308e7b319a3204bcea45e0c","name":"Algarve 7","sameAs":["https:\/\/algarve7.pt","https:\/\/www.facebook.com\/algarve7"],"url":"https:\/\/algarve7.pt\/index.php\/author\/geralalgarve7-pt\/"}]}},"jetpack_publicize_connections":[],"jetpack_featured_media_url":"https:\/\/algarve7.pt\/wp-content\/uploads\/2024\/04\/f3203023-a0f9-dfba-c64c-8f285942a1ce.jpg","jetpack_shortlink":"https:\/\/wp.me\/pcezmW-9Rc","jetpack_sharing_enabled":true,"_links":{"self":[{"href":"https:\/\/algarve7.pt\/index.php\/wp-json\/wp\/v2\/posts\/37894","targetHints":{"allow":["GET"]}}],"collection":[{"href":"https:\/\/algarve7.pt\/index.php\/wp-json\/wp\/v2\/posts"}],"about":[{"href":"https:\/\/algarve7.pt\/index.php\/wp-json\/wp\/v2\/types\/post"}],"author":[{"embeddable":true,"href":"https:\/\/algarve7.pt\/index.php\/wp-json\/wp\/v2\/users\/1"}],"replies":[{"embeddable":true,"href":"https:\/\/algarve7.pt\/index.php\/wp-json\/wp\/v2\/comments?post=37894"}],"version-history":[{"count":0,"href":"https:\/\/algarve7.pt\/index.php\/wp-json\/wp\/v2\/posts\/37894\/revisions"}],"wp:featuredmedia":[{"embeddable":true,"href":"https:\/\/algarve7.pt\/index.php\/wp-json\/wp\/v2\/media\/37895"}],"wp:attachment":[{"href":"https:\/\/algarve7.pt\/index.php\/wp-json\/wp\/v2\/media?parent=37894"}],"wp:term":[{"taxonomy":"category","embeddable":true,"href":"https:\/\/algarve7.pt\/index.php\/wp-json\/wp\/v2\/categories?post=37894"},{"taxonomy":"post_tag","embeddable":true,"href":"https:\/\/algarve7.pt\/index.php\/wp-json\/wp\/v2\/tags?post=37894"}],"curies":[{"name":"wp","href":"https:\/\/api.w.org\/{rel}","templated":true}]}}